{"id":2584086,"date":"2025-02-18T14:52:38","date_gmt":"2025-02-18T14:52:38","guid":{"rendered":"https:\/\/www.pressenza.com\/?p=2584086"},"modified":"2025-02-18T06:59:24","modified_gmt":"2025-02-18T06:59:24","slug":"wandern-fuer-den-frieden-breitet-sich-aus","status":"publish","type":"post","link":"https:\/\/www.pressenza.com\/de\/2025\/02\/wandern-fuer-den-frieden-breitet-sich-aus\/","title":{"rendered":"Wandern f\u00fcr den Frieden breitet sich aus!"},"content":{"rendered":"<p data-pm-slice=\"1 1 []\">Am Sonntag, <strong>den 23. M\u00e4rz,<\/strong> haben B\u00fcrgerinnen und B\u00fcrger in Ober- und Nieder\u00f6sterreich die M\u00f6glichkeit, sich f\u00fcr den Frieden auf den Stra\u00dfen zu engagieren. In mehreren St\u00e4dten, darunter Ried im Innkreis, Linz, Gallneukirchen, St. P\u00f6lten, Ernsthofen, Sankt Aegyd, St. Oswald und Wien, finden Friedenswanderungen statt. Ziel dieser Veranstaltungen ist es, ein starkes Zeichen gegen Krieg und Gewalt zu setzen und aktiv f\u00fcr eine friedliche Zukunft einzutreten.<\/p>\n<p><strong>Friedenswanderung in Ried im Innkreis<\/strong><\/p>\n<p>Ein besonderes Programm erwartet die Teilnehmerinnen und Teilnehmer in Ried im Innkreis. Treffpunkt ist um 14:00 Uhr am Hauptplatz beim Dietmarbrunnen. Diese Wanderung steht unter dem Motto einer geschichtlichen Spurensuche.<\/p>\n<p>Die Route f\u00fchrt entlang markanter Orte der NS-Geschichte, beginnend mit der triumphalen Durchfahrt Adolf Hitlers am 12. M\u00e4rz 1938 bis zum Hissen der wei\u00dfen Fahne am Kirchenplatz am 3. Mai 1945. Die Wanderung erinnert an die zahlreichen Opfer des Krieges und l\u00e4dt zum Nachdenken ein. An allen Stationen werden fachkundige Erkl\u00e4rungen geboten, die die historischen Hintergr\u00fcnde beleuchten.<\/p>\n<p>Die Wanderung ist f\u00fcr alle Altersgruppen geeignet und f\u00fchrt ausschlie\u00dflich durch das Stadtgebiet von Ried. Die Strecke ist leicht zu bew\u00e4ltigen, und die gesamte Veranstaltung wird etwa zwei Stunden dauern.<\/p>\n<p><strong>Ein Zeichen des Friedens in unsicheren Zeiten<\/strong><\/p>\n<p>W\u00e4hrend die Geschichte uns lehrt, wie verheerend Kriege sind, ist auch die Gegenwart von schrecklichen Kriegsereignissen gepr\u00e4gt. Oft f\u00fchlen sich Menschen angesichts globaler Konflikte machtlos. Doch wie Ray Acheson (WILPF) treffend sagte: <em>\u201eAuch inmitten einer Krise m\u00fcssen wir die Saat f\u00fcr den Frieden s\u00e4en.\u201c<\/em><\/p>\n<p>Mit dieser Friedenswanderung wollen die Organisatorinnen und Organisatoren das Bewusstsein daf\u00fcr sch\u00e4rfen, dass jede und jeder Einzelne etwas beitragen kann. Die Zivilgesellschaft kann ein klares Zeichen setzen und sich f\u00fcr einen sofortigen Waffenstillstand sowie f\u00fcr diplomatische Friedensverhandlungen starkmachen.<\/p>\n<p><strong>F\u00fcr eine friedliche Zukunft arbeiten<\/strong><\/p>\n<p>Die Initiatoren der Friedenswanderung sind \u00fcberzeugt, dass eine friedliche Gesellschaft m\u00f6glich ist. Ihr Leitsatz lautet: <em>\u201eWer Frieden will, bereite den Frieden vor!\u201c<\/em> Deshalb fordern sie weltweite Abr\u00fcstung, Demilitarisierung \u2013 auch in \u00d6sterreich \u2013 und den Erhalt der \u00f6sterreichischen Neutralit\u00e4t.<\/p>\n<p><strong>Veranstalter<\/strong><\/p>\n<p>Die Friedenswanderung in Ried im Innkreis wird von <strong>Frauen f\u00fcr Frieden O\u00d6<\/strong>, der <strong>WILPF (Internationale Frauenliga f\u00fcr Frieden und Freiheit)<\/strong> sowie dem <strong>Verein Wandern f\u00fcr den Frieden<\/strong> organisiert.<\/p>\n<p><em>Alle wanderfreudigen und friedensbewegten Menschen \u2013 ob jung oder alt \u2013 sind herzlich eingeladen, sich dieser wichtigen Initiative anzuschlie\u00dfen und gemeinsam f\u00fcr eine friedliche Zukunft einzutreten.<\/em><\/p>\n<p><a href=\"https:\/\/wandernfuerdenfrieden.org\/\">Wandern f\u00fcr den Frieden<\/a><\/p>\n<p><strong>Ein weiterer Schritt f\u00fcr den Frieden<\/strong><\/p>\n<p data-start=\"162\" data-end=\"552\">Im Vorfeld des Jubil\u00e4ums 2025 organisiert das Komitee zur F\u00f6rderung des San Michele Cammino di Cammini eine Pilgerreise zu Fu\u00df. Diese f\u00fchrt vom Michelitenkloster in Miejsce Piastowe (Polen) durch die Slowakei und Ungarn zwischen dem 22. und 28. M\u00e4rz 2025. Falls bis dahin Frieden herrscht oder ein stabiler Waffenstillstand besteht, k\u00f6nnte die Reise sogar in Kiew starten.<\/p>\n<p data-start=\"554\" data-end=\"919\">Ziel ist es, einen pan-europ\u00e4ischen Pilgerweg zu schaffen, der von der Ukraine nach Rom f\u00fchrt \u2013 als Symbol des Friedens und der Hoffnung. Dabei werden bestehende historische Routen genutzt, darunter die Jakobswege in der Ukraine und Polen, die Via Sancti Michaelis Orientalis, die Via Slovakia, die Via Romea Strata und weitere Pilgerwege.<\/p>\n<p data-start=\"921\" data-end=\"1078\">Dieser Weg soll Teil eines Europ\u00e4ischen Netzwerks der Wege des Heiligen Michael werden, das bereits Pilgerrouten in Spanien und Frankreich umfasst.<\/p>\n<p>Programm \u00a0<a href=\"https:\/\/www.pressenza.com\/wp-content\/uploads\/2025\/02\/Cammino-San-Michele-Orientale-_Programma-2025_ITA-.pdf\">Cammino San Michele Orientale _Programma 2025_ITA<\/a><\/p>\n","protected":false},"excerpt":{"rendered":"<p>Am Sonntag, den 23. M\u00e4rz, haben B\u00fcrgerinnen und B\u00fcrger in Ober- und Nieder\u00f6sterreich die M\u00f6glichkeit, sich f\u00fcr den Frieden auf den Stra\u00dfen zu engagieren. In mehreren St\u00e4dten, darunter Ried im Innkreis, Linz, Gallneukirchen, St. P\u00f6lten, Ernsthofen, Sankt Aegyd, St. Oswald&hellip;<\/p>\n","protected":false},"author":1096,"featured_media":2584091,"comment_status":"closed","ping_status":"closed","sticky":false,"template":"","format":"standard","meta":{"footnotes":""},"categories":[9150,9167,9161,11387,9168],"tags":[122445,9440,64292,132811,42283],"class_list":["post-2584086","post","type-post","status-publish","format-standard","has-post-thumbnail","hentry","category-europa-de","category-frieden-und-abruestung","category-menschenrechte","category-originalinhalt","category-politik","tag-friedenswanderung","tag-geschichte","tag-oberoesterreich","tag-pilgerreisen","tag-zivilgesellschaft"],"yoast_head":"<!-- This site is optimized with the Yoast SEO plugin v27.1.1 - https:\/\/yoast.com\/product\/yoast-seo-wordpress\/ -->\n<title>Wandern f\u00fcr den Frieden breitet sich aus!<\/title>\n<meta name=\"description\" content=\"Am Sonntag, den 23. M\u00e4rz, haben B\u00fcrgerinnen und B\u00fcrger in Ober- und Nieder\u00f6sterreich die M\u00f6glichkeit, sich f\u00fcr den Frieden auf den Stra\u00dfen zu engagieren.\" \/>\n<meta name=\"robots\" content=\"index, follow, max-snippet:-1, max-image-preview:large, max-video-preview:-1\" \/>\n<link rel=\"canonical\" href=\"https:\/\/www.pressenza.com\/de\/2025\/02\/wandern-fuer-den-frieden-breitet-sich-aus\/\" \/>\n<meta property=\"og:locale\" content=\"de_DE\" \/>\n<meta property=\"og:type\" content=\"article\" \/>\n<meta property=\"og:title\" content=\"Wandern f\u00fcr den Frieden breitet sich aus!\" \/>\n<meta property=\"og:description\" content=\"Am Sonntag, den 23. M\u00e4rz, haben B\u00fcrgerinnen und B\u00fcrger in Ober- und Nieder\u00f6sterreich die M\u00f6glichkeit, sich f\u00fcr den Frieden auf den Stra\u00dfen zu engagieren.\" \/>\n<meta property=\"og:url\" content=\"https:\/\/www.pressenza.com\/de\/2025\/02\/wandern-fuer-den-frieden-breitet-sich-aus\/\" \/>\n<meta property=\"og:site_name\" content=\"Pressenza\" \/>\n<meta property=\"article:publisher\" content=\"https:\/\/www.facebook.com\/PressenzaItalia\" \/>\n<meta property=\"article:published_time\" content=\"2025-02-18T14:52:38+00:00\" \/>\n<meta property=\"og:image\" content=\"https:\/\/www.pressenza.com\/wp-content\/uploads\/2025\/02\/wandern.v1-1.jpg\" \/>\n\t<meta property=\"og:image:width\" content=\"1900\" \/>\n\t<meta property=\"og:image:height\" content=\"1355\" \/>\n\t<meta property=\"og:image:type\" content=\"image\/jpeg\" \/>\n<meta name=\"author\" content=\"Pressenza Wien\" \/>\n<meta name=\"twitter:card\" content=\"summary_large_image\" \/>\n<meta name=\"twitter:creator\" content=\"@pressenza_ger\" \/>\n<meta name=\"twitter:site\" content=\"@PressenzaIPA\" \/>\n<meta name=\"twitter:label1\" content=\"Verfasst von\" \/>\n\t<meta name=\"twitter:data1\" content=\"Pressenza Wien\" \/>\n\t<meta name=\"twitter:label2\" content=\"Gesch\u00e4tzte Lesezeit\" \/>\n\t<meta name=\"twitter:data2\" content=\"3\u00a0Minuten\" \/>\n<script type=\"application\/ld+json\" class=\"yoast-schema-graph\">{\"@context\":\"https:\/\/schema.org\",\"@graph\":[{\"@type\":\"Article\",\"@id\":\"https:\/\/www.pressenza.com\/de\/2025\/02\/wandern-fuer-den-frieden-breitet-sich-aus\/#article\",\"isPartOf\":{\"@id\":\"https:\/\/www.pressenza.com\/de\/2025\/02\/wandern-fuer-den-frieden-breitet-sich-aus\/\"},\"author\":{\"name\":\"Pressenza Wien\",\"@id\":\"https:\/\/www.pressenza.com\/de\/#\/schema\/person\/3df859e5bf9b19ab936f666e0177e38b\"},\"headline\":\"Wandern f\u00fcr den Frieden breitet sich aus!\",\"datePublished\":\"2025-02-18T14:52:38+00:00\",\"mainEntityOfPage\":{\"@id\":\"https:\/\/www.pressenza.com\/de\/2025\/02\/wandern-fuer-den-frieden-breitet-sich-aus\/\"},\"wordCount\":565,\"publisher\":{\"@id\":\"https:\/\/www.pressenza.com\/de\/#organization\"},\"image\":{\"@id\":\"https:\/\/www.pressenza.com\/de\/2025\/02\/wandern-fuer-den-frieden-breitet-sich-aus\/#primaryimage\"},\"thumbnailUrl\":\"https:\/\/www.pressenza.com\/wp-content\/uploads\/2025\/02\/wandern.v1-1.jpg\",\"keywords\":[\"Friedenswanderung\",\"Geschichte\",\"Ober\u00f6sterreich\",\"Pilgerreisen\",\"Zivilgesellschaft\"],\"articleSection\":[\"Europa\",\"Frieden und Abr\u00fcstung\",\"Menschenrechte\",\"Originalinhalt\",\"Politik\"],\"inLanguage\":\"de\"},{\"@type\":\"WebPage\",\"@id\":\"https:\/\/www.pressenza.com\/de\/2025\/02\/wandern-fuer-den-frieden-breitet-sich-aus\/\",\"url\":\"https:\/\/www.pressenza.com\/de\/2025\/02\/wandern-fuer-den-frieden-breitet-sich-aus\/\",\"name\":\"Wandern f\u00fcr den Frieden breitet sich aus!\",\"isPartOf\":{\"@id\":\"https:\/\/www.pressenza.com\/de\/#website\"},\"primaryImageOfPage\":{\"@id\":\"https:\/\/www.pressenza.com\/de\/2025\/02\/wandern-fuer-den-frieden-breitet-sich-aus\/#primaryimage\"},\"image\":{\"@id\":\"https:\/\/www.pressenza.com\/de\/2025\/02\/wandern-fuer-den-frieden-breitet-sich-aus\/#primaryimage\"},\"thumbnailUrl\":\"https:\/\/www.pressenza.com\/wp-content\/uploads\/2025\/02\/wandern.v1-1.jpg\",\"datePublished\":\"2025-02-18T14:52:38+00:00\",\"description\":\"Am Sonntag, den 23. M\u00e4rz, haben B\u00fcrgerinnen und B\u00fcrger in Ober- und Nieder\u00f6sterreich die M\u00f6glichkeit, sich f\u00fcr den Frieden auf den Stra\u00dfen zu engagieren.\",\"breadcrumb\":{\"@id\":\"https:\/\/www.pressenza.com\/de\/2025\/02\/wandern-fuer-den-frieden-breitet-sich-aus\/#breadcrumb\"},\"inLanguage\":\"de\",\"potentialAction\":[{\"@type\":\"ReadAction\",\"target\":[\"https:\/\/www.pressenza.com\/de\/2025\/02\/wandern-fuer-den-frieden-breitet-sich-aus\/\"]}]},{\"@type\":\"ImageObject\",\"inLanguage\":\"de\",\"@id\":\"https:\/\/www.pressenza.com\/de\/2025\/02\/wandern-fuer-den-frieden-breitet-sich-aus\/#primaryimage\",\"url\":\"https:\/\/www.pressenza.com\/wp-content\/uploads\/2025\/02\/wandern.v1-1.jpg\",\"contentUrl\":\"https:\/\/www.pressenza.com\/wp-content\/uploads\/2025\/02\/wandern.v1-1.jpg\",\"width\":1900,\"height\":1355},{\"@type\":\"BreadcrumbList\",\"@id\":\"https:\/\/www.pressenza.com\/de\/2025\/02\/wandern-fuer-den-frieden-breitet-sich-aus\/#breadcrumb\",\"itemListElement\":[{\"@type\":\"ListItem\",\"position\":1,\"name\":\"Accueil\",\"item\":\"https:\/\/www.pressenza.com\/de\/\"},{\"@type\":\"ListItem\",\"position\":2,\"name\":\"Wandern f\u00fcr den Frieden breitet sich aus!\"}]},{\"@type\":\"WebSite\",\"@id\":\"https:\/\/www.pressenza.com\/de\/#website\",\"url\":\"https:\/\/www.pressenza.com\/de\/\",\"name\":\"Pressenza\",\"description\":\"International Press Agency\",\"publisher\":{\"@id\":\"https:\/\/www.pressenza.com\/de\/#organization\"},\"potentialAction\":[{\"@type\":\"SearchAction\",\"target\":{\"@type\":\"EntryPoint\",\"urlTemplate\":\"https:\/\/www.pressenza.com\/de\/?s={search_term_string}\"},\"query-input\":{\"@type\":\"PropertyValueSpecification\",\"valueRequired\":true,\"valueName\":\"search_term_string\"}}],\"inLanguage\":\"de\"},{\"@type\":\"Organization\",\"@id\":\"https:\/\/www.pressenza.com\/de\/#organization\",\"name\":\"Pressenza\",\"url\":\"https:\/\/www.pressenza.com\/de\/\",\"logo\":{\"@type\":\"ImageObject\",\"inLanguage\":\"de\",\"@id\":\"https:\/\/www.pressenza.com\/de\/#\/schema\/logo\/image\/\",\"url\":\"https:\/\/www.pressenza.com\/wp-content\/uploads\/2022\/10\/pressenza_logo_200x200.jpg\",\"contentUrl\":\"https:\/\/www.pressenza.com\/wp-content\/uploads\/2022\/10\/pressenza_logo_200x200.jpg\",\"width\":200,\"height\":200,\"caption\":\"Pressenza\"},\"image\":{\"@id\":\"https:\/\/www.pressenza.com\/de\/#\/schema\/logo\/image\/\"},\"sameAs\":[\"https:\/\/www.facebook.com\/PressenzaItalia\",\"https:\/\/x.com\/PressenzaIPA\"]},{\"@type\":\"Person\",\"@id\":\"https:\/\/www.pressenza.com\/de\/#\/schema\/person\/3df859e5bf9b19ab936f666e0177e38b\",\"name\":\"Pressenza Wien\",\"description\":\"News from the Pressenza Bureau in Vienna, Austria\",\"sameAs\":[\"https:\/\/x.com\/pressenza_ger\"],\"url\":\"https:\/\/www.pressenza.com\/de\/author\/pressenza-wien\/\"}]}<\/script>\n<!-- \/ Yoast SEO plugin. -->","yoast_head_json":{"title":"Wandern f\u00fcr den Frieden breitet sich aus!","description":"Am Sonntag, den 23. M\u00e4rz, haben B\u00fcrgerinnen und B\u00fcrger in Ober- und Nieder\u00f6sterreich die M\u00f6glichkeit, sich f\u00fcr den Frieden auf den Stra\u00dfen zu engagieren.","robots":{"index":"index","follow":"follow","max-snippet":"max-snippet:-1","max-image-preview":"max-image-preview:large","max-video-preview":"max-video-preview:-1"},"canonical":"https:\/\/www.pressenza.com\/de\/2025\/02\/wandern-fuer-den-frieden-breitet-sich-aus\/","og_locale":"de_DE","og_type":"article","og_title":"Wandern f\u00fcr den Frieden breitet sich aus!","og_description":"Am Sonntag, den 23. M\u00e4rz, haben B\u00fcrgerinnen und B\u00fcrger in Ober- und Nieder\u00f6sterreich die M\u00f6glichkeit, sich f\u00fcr den Frieden auf den Stra\u00dfen zu engagieren.","og_url":"https:\/\/www.pressenza.com\/de\/2025\/02\/wandern-fuer-den-frieden-breitet-sich-aus\/","og_site_name":"Pressenza","article_publisher":"https:\/\/www.facebook.com\/PressenzaItalia","article_published_time":"2025-02-18T14:52:38+00:00","og_image":[{"width":1900,"height":1355,"url":"https:\/\/www.pressenza.com\/wp-content\/uploads\/2025\/02\/wandern.v1-1.jpg","type":"image\/jpeg"}],"author":"Pressenza Wien","twitter_card":"summary_large_image","twitter_creator":"@pressenza_ger","twitter_site":"@PressenzaIPA","twitter_misc":{"Verfasst von":"Pressenza Wien","Gesch\u00e4tzte Lesezeit":"3\u00a0Minuten"},"schema":{"@context":"https:\/\/schema.org","@graph":[{"@type":"Article","@id":"https:\/\/www.pressenza.com\/de\/2025\/02\/wandern-fuer-den-frieden-breitet-sich-aus\/#article","isPartOf":{"@id":"https:\/\/www.pressenza.com\/de\/2025\/02\/wandern-fuer-den-frieden-breitet-sich-aus\/"},"author":{"name":"Pressenza Wien","@id":"https:\/\/www.pressenza.com\/de\/#\/schema\/person\/3df859e5bf9b19ab936f666e0177e38b"},"headline":"Wandern f\u00fcr den Frieden breitet sich aus!","datePublished":"2025-02-18T14:52:38+00:00","mainEntityOfPage":{"@id":"https:\/\/www.pressenza.com\/de\/2025\/02\/wandern-fuer-den-frieden-breitet-sich-aus\/"},"wordCount":565,"publisher":{"@id":"https:\/\/www.pressenza.com\/de\/#organization"},"image":{"@id":"https:\/\/www.pressenza.com\/de\/2025\/02\/wandern-fuer-den-frieden-breitet-sich-aus\/#primaryimage"},"thumbnailUrl":"https:\/\/www.pressenza.com\/wp-content\/uploads\/2025\/02\/wandern.v1-1.jpg","keywords":["Friedenswanderung","Geschichte","Ober\u00f6sterreich","Pilgerreisen","Zivilgesellschaft"],"articleSection":["Europa","Frieden und Abr\u00fcstung","Menschenrechte","Originalinhalt","Politik"],"inLanguage":"de"},{"@type":"WebPage","@id":"https:\/\/www.pressenza.com\/de\/2025\/02\/wandern-fuer-den-frieden-breitet-sich-aus\/","url":"https:\/\/www.pressenza.com\/de\/2025\/02\/wandern-fuer-den-frieden-breitet-sich-aus\/","name":"Wandern f\u00fcr den Frieden breitet sich aus!","isPartOf":{"@id":"https:\/\/www.pressenza.com\/de\/#website"},"primaryImageOfPage":{"@id":"https:\/\/www.pressenza.com\/de\/2025\/02\/wandern-fuer-den-frieden-breitet-sich-aus\/#primaryimage"},"image":{"@id":"https:\/\/www.pressenza.com\/de\/2025\/02\/wandern-fuer-den-frieden-breitet-sich-aus\/#primaryimage"},"thumbnailUrl":"https:\/\/www.pressenza.com\/wp-content\/uploads\/2025\/02\/wandern.v1-1.jpg","datePublished":"2025-02-18T14:52:38+00:00","description":"Am Sonntag, den 23. M\u00e4rz, haben B\u00fcrgerinnen und B\u00fcrger in Ober- und Nieder\u00f6sterreich die M\u00f6glichkeit, sich f\u00fcr den Frieden auf den Stra\u00dfen zu engagieren.","breadcrumb":{"@id":"https:\/\/www.pressenza.com\/de\/2025\/02\/wandern-fuer-den-frieden-breitet-sich-aus\/#breadcrumb"},"inLanguage":"de","potentialAction":[{"@type":"ReadAction","target":["https:\/\/www.pressenza.com\/de\/2025\/02\/wandern-fuer-den-frieden-breitet-sich-aus\/"]}]},{"@type":"ImageObject","inLanguage":"de","@id":"https:\/\/www.pressenza.com\/de\/2025\/02\/wandern-fuer-den-frieden-breitet-sich-aus\/#primaryimage","url":"https:\/\/www.pressenza.com\/wp-content\/uploads\/2025\/02\/wandern.v1-1.jpg","contentUrl":"https:\/\/www.pressenza.com\/wp-content\/uploads\/2025\/02\/wandern.v1-1.jpg","width":1900,"height":1355},{"@type":"BreadcrumbList","@id":"https:\/\/www.pressenza.com\/de\/2025\/02\/wandern-fuer-den-frieden-breitet-sich-aus\/#breadcrumb","itemListElement":[{"@type":"ListItem","position":1,"name":"Accueil","item":"https:\/\/www.pressenza.com\/de\/"},{"@type":"ListItem","position":2,"name":"Wandern f\u00fcr den Frieden breitet sich aus!"}]},{"@type":"WebSite","@id":"https:\/\/www.pressenza.com\/de\/#website","url":"https:\/\/www.pressenza.com\/de\/","name":"Pressenza","description":"International Press Agency","publisher":{"@id":"https:\/\/www.pressenza.com\/de\/#organization"},"potentialAction":[{"@type":"SearchAction","target":{"@type":"EntryPoint","urlTemplate":"https:\/\/www.pressenza.com\/de\/?s={search_term_string}"},"query-input":{"@type":"PropertyValueSpecification","valueRequired":true,"valueName":"search_term_string"}}],"inLanguage":"de"},{"@type":"Organization","@id":"https:\/\/www.pressenza.com\/de\/#organization","name":"Pressenza","url":"https:\/\/www.pressenza.com\/de\/","logo":{"@type":"ImageObject","inLanguage":"de","@id":"https:\/\/www.pressenza.com\/de\/#\/schema\/logo\/image\/","url":"https:\/\/www.pressenza.com\/wp-content\/uploads\/2022\/10\/pressenza_logo_200x200.jpg","contentUrl":"https:\/\/www.pressenza.com\/wp-content\/uploads\/2022\/10\/pressenza_logo_200x200.jpg","width":200,"height":200,"caption":"Pressenza"},"image":{"@id":"https:\/\/www.pressenza.com\/de\/#\/schema\/logo\/image\/"},"sameAs":["https:\/\/www.facebook.com\/PressenzaItalia","https:\/\/x.com\/PressenzaIPA"]},{"@type":"Person","@id":"https:\/\/www.pressenza.com\/de\/#\/schema\/person\/3df859e5bf9b19ab936f666e0177e38b","name":"Pressenza Wien","description":"News from the Pressenza Bureau in Vienna, Austria","sameAs":["https:\/\/x.com\/pressenza_ger"],"url":"https:\/\/www.pressenza.com\/de\/author\/pressenza-wien\/"}]}},"place":"","original_article_url":"","_links":{"self":[{"href":"https:\/\/www.pressenza.com\/de\/wp-json\/wp\/v2\/posts\/2584086","targetHints":{"allow":["GET"]}}],"collection":[{"href":"https:\/\/www.pressenza.com\/de\/wp-json\/wp\/v2\/posts"}],"about":[{"href":"https:\/\/www.pressenza.com\/de\/wp-json\/wp\/v2\/types\/post"}],"author":[{"embeddable":true,"href":"https:\/\/www.pressenza.com\/de\/wp-json\/wp\/v2\/users\/1096"}],"replies":[{"embeddable":true,"href":"https:\/\/www.pressenza.com\/de\/wp-json\/wp\/v2\/comments?post=2584086"}],"version-history":[{"count":0,"href":"https:\/\/www.pressenza.com\/de\/wp-json\/wp\/v2\/posts\/2584086\/revisions"}],"wp:featuredmedia":[{"embeddable":true,"href":"https:\/\/www.pressenza.com\/de\/wp-json\/wp\/v2\/media\/2584091"}],"wp:attachment":[{"href":"https:\/\/www.pressenza.com\/de\/wp-json\/wp\/v2\/media?parent=2584086"}],"wp:term":[{"taxonomy":"category","embeddable":true,"href":"https:\/\/www.pressenza.com\/de\/wp-json\/wp\/v2\/categories?post=2584086"},{"taxonomy":"post_tag","embeddable":true,"href":"https:\/\/www.pressenza.com\/de\/wp-json\/wp\/v2\/tags?post=2584086"}],"curies":[{"name":"wp","href":"https:\/\/api.w.org\/{rel}","templated":true}]}}