{"id":2582329,"date":"2025-02-09T15:48:42","date_gmt":"2025-02-09T15:48:42","guid":{"rendered":"https:\/\/www.pressenza.com\/?p=2582329"},"modified":"2025-02-09T15:48:42","modified_gmt":"2025-02-09T15:48:42","slug":"friedensfaehig-statt-kriegstuechtig-proteste-gegen-die-nato-sicherheitskonferenz-2025","status":"publish","type":"post","link":"https:\/\/www.pressenza.com\/de\/2025\/02\/friedensfaehig-statt-kriegstuechtig-proteste-gegen-die-nato-sicherheitskonferenz-2025\/","title":{"rendered":"Friedensf\u00e4hig statt kriegst\u00fcchtig! \u2013 Proteste gegen die Nato \u2013 \u201eSicherheits\u201ckonferenz 2025"},"content":{"rendered":"<p>Das Handelsblatt meldet zur diesj\u00e4hrigen M\u00fcncher \u201eSicherheits\u201ckonferenz: \u201eSie gilt als weltweit wichtigstes Expertentreffen zur Sicherheitspolitik und findet in diesem Jahr vom 14. bis 16. Februar im M\u00fcnchner Hotel Bayerischer Hof statt \u2013 eine Woche vor der Bundestagswahl. Von den Kanzler- und Spitzenkandidaten werden Olaf Scholz (SPD), Friedrich Merz (CDU\/CSU), Christian Lindner (FDP) und Robert Habeck (Gr\u00fcne) erwartet. Auch Vertreter der Linken sind zu der Konferenz eingeladen.\u201c<\/p>\n<p>Mit dabei sind Regierungschefs bzw. rangh\u00f6chste Vertreter aller Nato- und G7 Staaten. Die Milit\u00e4rexperten der westlichen Welt. Im Hintergrund die komplette Lobby der westlichen R\u00fcstungsindustrie.<\/p>\n<p>Die M\u00fcnchner Sicherheitskonferenz hat sich in den letzten Jahren zur intellektuellen Brutst\u00e4tte gemausert. Eines neu aufstrebenden deutschen Militarismus und seiner internationalen Vernetzung. Vor allem im Rahmen der NATO und dem Bestreben der Erhaltung der globalen Vormachtstellung des Westens unter F\u00fchrung der USA. Mit zwei klaren Feindbildern: Russland und vor allem China!<\/p>\n<h5 id=\"trumps-neuer-aussenminister-rubio-hat-bereits-die-marschroute-der-usa-vorgezeichnet-sie-verlassen-sich-darauf-dass-wir-die-frontlinie-bilden-das-ist-kein-buendnis-das-ist-eine-abhaengigkeit-und-das-wo\" class=\"wp-block-heading\">Trumps neuer Aussenminister Rubio hat bereits die Marschroute der USA vorgezeichnet: \u201eSie verlassen sich darauf, dass wir die Frontlinie bilden. Das ist kein B\u00fcndnis. Das ist eine Abh\u00e4ngigkeit, und das wollen wir nicht\u201c, Rubio kritisierte konkret, dass die Priorit\u00e4t in den \u201em\u00e4chtigsten Volkswirtschaften\u201c bei den Sozialsystemen liege anstatt bei Abwehr und der nationalen Sicherheit.\u00a0<span class=\"footnote_referrer\"><a tabindex=\"0\" role=\"button\"><sup id=\"footnote_plugin_tooltip_46957_1_1\" class=\"footnote_plugin_tooltip_text\">[1]<\/sup><\/a><\/span><\/h5>\n<p><mark><strong>Die Zeche dieser welweiten geopolitischen Konfrontationspolitik, von Handels- und scharfen Kriegen, von einer immensen Aufr\u00fcstungspirale zahlen wir alle. Unser Lebensstandard bleibt auf der Strecke. Die Umweltsch\u00e4den von Kriegen und Aufr\u00fcstung sind nicht kompensierbar. Ganz zu schweigen, wenn der Frieden zerbricht.<\/strong><\/mark><\/p>\n<h5 id=\"die-muenchner-sicherheitskonferenz-geht-uns-alle-an-und-beruehrt-alle-fragen-unseres-lebens-forum-gewerkschaftliche-linke-berlin-ruft-dazu-auf-die-proteste-des-buendnisses-antisiko-zu-unterstuetzen-d\" class=\"wp-block-heading\"><strong>Die M\u00fcnchner \u201eSicherheits\u201ckonferenz geht uns deshalb alle an. Der dort besprochene Kurs ber\u00fchrt Grundfragen unserer Zukunft. Forum Gewerkschaftliche Linke Berlin ruft dazu auf, die Proteste des B\u00fcndnisses AntiSiko zu unterst\u00fctzen. Durch Teilnahme an den Protesten 15. Februar (13 Uhr M\u00fcnchen Stachus) ,durch Spende, durch explizite\u00a0<a href=\"https:\/\/www.antisiko.de\/antisiko-2024\/unterzeichnen\/\" target=\"_blank\" rel=\"noopener\">Unterst\u00fctzung des Aufrufs,<\/a>\u00a0durch Verbreitung des Informationsmaterials und unserer Aufkl\u00e4rungsartikels!<\/strong><\/h5>\n<p><strong>Samstag 15.Februar 2025 13 Uhr, M\u00fcnchen Stachus<\/strong><\/p>\n<p><strong>\u2013 ab 14 Uhr Demonstration und Umzingelung des Tagungdhotels, 14:30 Abschlusskundgebung Marienplatz<\/strong><\/p>\n<h4><strong><a href=\"https:\/\/www.antisiko.de\/antisiko-2025\/aufruf-2025\/\" target=\"_blank\" rel=\"noopener\" data-type=\"link\" data-id=\"https:\/\/www.antisiko.de\/antisiko-2025\/aufruf-2025\/\">Aufruf des Aktionsbundnisses<\/a><\/strong><\/h4>\n<p>Vom 14. bis 16. Februar 2025 findet die \u201eM\u00fcnchner Sicherheitskonferenz\u201c statt. Wieder treffen sich Waffenh\u00e4ndler, Konzernchefs, Kriegsstrategen, Milit\u00e4rs und Politiker aus aller Welt im Hotel Bayerischer Hof. Dabei geht es ihnen nicht um die Sicherheit und das friedliche Zusammenleben der Menschen, sondern um ihre eigenen Machtpositionen und die Sicherung des Kapitals.<\/p>\n<p>Die au\u00dfenpolitische Doktrin der USA zielt darauf ab, ihre Stellung als einzige milit\u00e4rische Supermacht aufrechtzuerhalten. Sie fordert die Durchsetzung von US-Interessen ohne R\u00fccksicht auf internationale Organisationen, Normen und Vertr\u00e4ge, unter fr\u00fchzeitigem Einsatz milit\u00e4rischer Gewalt. Die NATO koordiniert und b\u00fcndelt die milit\u00e4rischen F\u00e4higkeiten ihrer Mitgliedsstaaten und fungiert als Instrument des globalen Machterhalts.<\/p>\n<p>Die noch immer bestehende globale Vorherrschaft des Westens wird zunehmend in Frage gestellt. Sie resultiert aus der imperialistischen Aufteilung der Welt in den zur\u00fcckliegenden Jahrhunderten. Diese erm\u00f6glichte die uneingeschr\u00e4nkte Ausbeutung menschlicher Arbeitskraft und den Zugriff auf nat\u00fcrliche Ressourcen; sie ist die Quelle unermesslichen Reichtums. 0,1 % der Weltbev\u00f6lkerung besitzen heute 80 % des weltweiten Kapitals. Statt sich ihrer historischen Verantwortung zu stellen und Reparationen zu leisten, wird das imperiale Erbe mit \u00f6konomischer Macht und milit\u00e4rischer Gewalt behauptet. Seit 2022 fanden 28 Kriege und bewaffnete Konflikte statt. Massaker, Zerst\u00f6rungen, das Elend der Gefl\u00fcchteten, Hass, Terror und Genozide sind an der Tagesordnung.<\/p>\n<h4>Meinungsfreiheit verteidigen \u2013 keine Kriminalisierung der Friedensbewegung!<\/h4>\n<p>Die Bundesregierung missbraucht die berechtigte Angst vor Krieg in der Bev\u00f6lkerung, um den Wunsch nach Frieden durch die Militarisierung der Gesellschaft zu ersetzen. Pistorius will uns alle kriegst\u00fcchtig machen. Die Bundesregierung greift einmal mehr nach deutscher Hegemonie in Europa. Ihr propagandistisches Narrativ ist, dass die europ\u00e4ischen Nachbarn nach \u201edeutscher F\u00fchrung\u201c lechzen. Auf der politischen Agenda steht die Wiedereinf\u00fchrung der Wehrpflicht, Zwangsma\u00dfnahmen gegen Deserteure, das Bundeswehrgesetz, die Pr\u00e4senz der Bundeswehr in Schulen und Universit\u00e4ten und die Indienststellung der Wissenschaft f\u00fcr die R\u00fcstungsindustrie.<\/p>\n<h4>Nein zu US-Raketen in Deutschland \u2013 verhandeln statt schie\u00dfen!<\/h4>\n<p>Unter Ausschluss der \u00d6ffentlichkeit verabredete der Bundeskanzler bei der letzten M\u00fcnchner Sicherheitskonferenz die Stationierung US-amerikanischer Mittelstreckenraketen in Deutschland. Dieses Vorhaben st\u00f6rt das friedliche Zusammenleben der V\u00f6lker und verst\u00f6\u00dft gegen Artikel 26, Absatz 1 des Grundgesetzes. Es handelt sich um Angriffswaffen, mit denen im Rahmen der NATO US-amerikanische Erstschlagskapazit\u00e4ten f\u00fcr einen Enthauptungsschlag gegen Russland installiert werden sollen. Sollte es zu einer milit\u00e4rischen Konfrontation zwischen der NATO und Russland kommen, w\u00e4re deren Einsatz der Beginn des Dritten Weltkriegs, der auch das Ende menschlichen Lebens auf unserem Planeten bedeuten w\u00fcrde; und zwar nicht nur wegen des Einsatzes von Atombomben und anderen Massenvernichtungswaffen. Die Verwendung k\u00fcnstlicher Intelligenz entfesselt eine neue Dimension der Kriegsf\u00fchrung, die sich menschlicher Kontrolle entzieht.<\/p>\n<p>Die Friedensbewegung verurteilt die Ausweitung der NATO sowie die Ignoranz und Komplizenschaft der Bundesregierung gegen\u00fcber dem Leid aller unterdr\u00fcckten V\u00f6lker von Pal\u00e4stina \u00fcber den Sudan, Jemen, den Libanon bis zum Kongo und vieler weiterer L\u00e4nder. Wir verurteilen jeden Versuch, Konflikte milit\u00e4risch zu l\u00f6sen, denn in keinem dieser Kriege oder V\u00f6lkermorde geht es um Verteidigung, sondern immer um Machtzuwachs und territoriale Zugewinne. Die Bombardierung der Zivilbev\u00f6lkerung und ihre Vertreibung verletzen das humanit\u00e4re V\u00f6lkerrecht. Wir sind gegen den Krieg in der Ukraine, gegen den Genozid in Gaza und im Libanon und gegen den Krieg und die ethnischen S\u00e4uberungen der T\u00fcrkei in Nord- und Ostsyrien (Rojava \u2013 Westkurdistan). Die anhaltenden milit\u00e4rischen Angriffe des NATO-Partners T\u00fcrkei auf die Kurden und ihre Besatzungspolitik m\u00fcssen als Kriegsverbrechen betrachtet und verurteilt werden! \u2013 Die Angriffe der T\u00fcrkei versto\u00dfen gegen das V\u00f6lkerrecht! Der anhaltende Genozid und die Enteignungen, Unterdr\u00fcckung und Gewalt gegen die Pal\u00e4stinenser durch Israel und seine Besatzungspolitik seit 1948 stellen ebenfalls einen kontinuierlichen Versto\u00df gegen das V\u00f6lkerrecht und die Menschenrechtskonvention dar. Die Lieferung von R\u00fcstungsg\u00fctern in alle Kriegsgebiete muss sofort beendet werden! Die Waffen m\u00fcssen schweigen, es muss verhandelt werden.<\/p>\n<h4 id=\"soziales-rauf-ruestung-runter\" class=\"wp-block-heading\">Soziales rauf, R\u00fcstung runter!<\/h4>\n<p>Statt kriegst\u00fcchtig muss die Gesellschaft friedensf\u00e4hig werden! Dazu geh\u00f6rt die \u00c4chtung des wiedererwachenden Nationalismus, Rassismus und der Kriegstreiberei. Die f\u00fcr die Aufr\u00fcstung ausgegebenen Mittel fehlen dort, wo wirklich gesellschaftlicher Bedarf besteht, beispielsweise bei der Bek\u00e4mpfung von Kinderarmut. In Deutschland w\u00e4chst jedes f\u00fcnfte Kind in Armut auf. Damit zeigen die Herrschenden, mit welcher Skrupellosigkeit sie gesellschaftlichen Reichtum vernichten. Mit der Aufbl\u00e4hung des R\u00fcstungsetats muss Schluss sein; die Erreichung des Zwei-Prozent-Ziels geh\u00f6rt auf den M\u00fcllhaufen der Geschichte. Steuergelder geh\u00f6ren dorthin, wo sie gebraucht werden: in die Sozialsysteme, die Gesundheitsversorgung, das Bildungssystem, in den Klima- und Artenschutz und den Ausbau \u00f6ffentlicher Infrastrukturen.<\/p>\n<p>Immer mehr Waffen und Waffenexporte versch\u00e4rfen und verl\u00e4ngern Kriege. Sie f\u00fchren zu immer mehr Opfern, zu Hunger und Zerst\u00f6rung. Stattdessen braucht es die Zusammenarbeit zwischen den Staaten, starke Vereinte Nationen und eine Wiederbelebung der OSZE.<\/p>\n<p>Die milit\u00e4rische Abschottung der reichen Staaten ist Ausfluss einer besitzstandswahrenden und rassistischen Asylpolitik. Diese lenkt von den zentralen Problemen und Ursachen gesellschaftlicher Konflikte ab und spielt den Neofaschisten in die H\u00e4nde. Die Friedensbewegung verteidigt das Recht auf Asyl und die Gleichbehandlung aller Gefl\u00fcchteten. Die Menschenrechte sind unantastbar.<\/p>\n<h4 id=\"unsere-forderungen-sind\" class=\"wp-block-heading\">Unsere Forderungen sind:<\/h4>\n<ul class=\"wp-block-list\">\n<li>Waffenstillstand und Verhandlungen zur Beendigung aller Kriege!<\/li>\n<li>Keine Waffen in die Ukraine, nach Israel und in die T\u00fcrkei!<\/li>\n<li>Stopp aller Waffenexporte!<\/li>\n<li>F\u00fcr einen gerechten Frieden im Nahen Osten!<\/li>\n<li>Keine Unterst\u00fctzung des Genozids in Pal\u00e4stina durch die Bundesregierung!<\/li>\n<li>Schutz der Zivilbev\u00f6lkerung und Einhaltung des humanit\u00e4ren V\u00f6lkerrechts!<\/li>\n<li>Keine Zusammenarbeit mit Kriegsverbrechern und V\u00f6lkerm\u00f6rdern!<\/li>\n<li>Kriegstreiber vor Gericht!<\/li>\n<li>Keine Stationierung von Mittelstreckenraketen in Deutschland!<\/li>\n<li>Keine nukleare Teilhabe!<\/li>\n<li>Keine Beteiligung an Kriegen und keine Auslandseins\u00e4tze der Bundeswehr!<\/li>\n<li>Straffreiheit f\u00fcr Whistleblower!<\/li>\n<li>Bleiberecht f\u00fcr Kriegsdienstverweigerer und Deserteure!<\/li>\n<li>Nein zur Wehrpflicht!<\/li>\n<li>Bundeswehr raus aus Schulen und Universit\u00e4ten!<\/li>\n<li>Geld f\u00fcr Bildung, Soziales, Umwelt- und Klimaschutz!<\/li>\n<li>Abr\u00fcstung statt Aufr\u00fcstung!<\/li>\n<li>Soziales rauf, R\u00fcstung runter!<\/li>\n<li>Gegen die europ\u00e4ische Abschottungspolitik!<\/li>\n<\/ul>\n<p>&nbsp;<\/p>\n<p><strong>hier:\u00a0<a href=\"https:\/\/www.antisiko.de\/antisiko-2025\/aufruf-2025\/\" target=\"_blank\" rel=\"noopener\" data-type=\"link\" data-id=\"https:\/\/www.antisiko.de\/antisiko-2025\/aufruf-2025\/\">Original des Aufrufs\u00a0<\/a>,\u00a0<a href=\"https:\/\/www.antisiko.de\/antisiko-2025\/\" target=\"_blank\" rel=\"noopener\" data-type=\"link\" data-id=\"https:\/\/www.antisiko.de\/antisiko-2025\/\">Aktionsseite des B\u00fcndnisses<\/a><\/strong>,\u00a0<strong><a href=\"https:\/\/www.antisiko.de\/aktuelles\/buendniskonsens\/\" target=\"_blank\" rel=\"noopener\" data-type=\"link\" data-id=\"https:\/\/www.antisiko.de\/aktuelles\/buendniskonsens\/\">Selbstverst\u00e4ndnis\u00a0<\/a>\u2013 antirassistisch ,antifaschistisch<\/strong>\u00a0\u2026<\/p>\n<p><strong>Auftaktkundgebung<\/strong>\u00a0am Karlsplatz\/Stachus<\/p>\n<p>1 \u2013 B\u00fcndnisrede: Mark Ellmann<br \/>\n2 \u2013 Pal\u00e4stina \u2013 Genozid an der Bev\u00f6lkerung in Gaza: Rihm Hamdan<br \/>\n3 \u2013 Nahost \u2013 Syrien \u2013 Rojava: G\u00fclistan Tolay<br \/>\n4 \u2013 Hafenarbeiter von Genua \u2013 Das autonome Hafenarbeiterkollektiv CALP: Jos\u00e9 Nivoi<br \/>\n5 \u2013 Repressionen im Zuge der Militarisierung: RA Mathes Breuer<br \/>\n6 \u2013 Stationierung von Mittelstreckenraketen\/Berliner Appell: L\u00fchr Henken<br \/>\nMusik: de Ruam (aus Regensburg)<\/p>\n<p><strong>Abschlusskundgebung<\/strong>\u00a0am Marienplatz mit Musik- und Redebeitr\u00e4gen:<\/p>\n<p>1 \u2013 Aktivismus gegen Produktion und Weiterleitung von R\u00fcstungsg\u00fctern: Ronnie Barkan<br \/>\n2 \u2013 Flucht und Krieg: Lisa P\u00f6ttinger (Offenes Antikapitalistisches Klimatreffen)<br \/>\n3 \u2013 Militarisierung der Jugend: SDAJ M\u00fcnchen<br \/>\n4 \u2013 EU \u2013 NATO: Yanis Varoufakis<br \/>\n5 \u2013 Soziales rauf \u2013 R\u00fcstung runter \u2013 Gewerkschaften f\u00fcr den Frieden: Agnes Kottmann<br \/>\n6 \u2013 Zivilklausel \u2013 Freiheit von Wissenschaft und Forschung: Chris (Academics for Justice)<br \/>\nMusik: TulaTroubles (World\/Ska Kollektiv aus M\u00fcnchen)<\/p>\n<p>&nbsp;<\/p>\n<pre class=\"wp-block-preformatted\"><strong>Paralell vom 14. bis 16. Februar findet die M\u00fcncher  Friedenskonferenz statt. Hier alle <a href=\"https:\/\/friedenskonferenz.info\/\" target=\"_blank\" rel=\"noopener\" data-type=\"link\" data-id=\"https:\/\/friedenskonferenz.info\/\">Infos<\/a> dazu !<\/strong><\/pre>\n<p>Titelfoto: Collage Peter Vlatten , Foto Antisiko 2024<\/p>\n<p>References<br \/>\nHandelsblatt 31.1.25<\/p>\n","protected":false},"excerpt":{"rendered":"<p>Das Handelsblatt meldet zur diesj\u00e4hrigen M\u00fcncher \u201eSicherheits\u201ckonferenz: \u201eSie gilt als weltweit wichtigstes Expertentreffen zur Sicherheitspolitik und findet in diesem Jahr vom 14. bis 16. Februar im M\u00fcnchner Hotel Bayerischer Hof statt \u2013 eine Woche vor der Bundestagswahl. Von den Kanzler-&hellip;<\/p>\n","protected":false},"author":1095,"featured_media":2582331,"comment_status":"closed","ping_status":"closed","sticky":false,"template":"","format":"standard","meta":{"footnotes":""},"categories":[9167,9166,9168,9145],"tags":[11826,9226,9271],"class_list":["post-2582329","post","type-post","status-publish","format-standard","has-post-thumbnail","hentry","category-frieden-und-abruestung","category-gewaltfreiheit","category-politik","category-pressemitteilungen","tag-nato-de","tag-protest-de","tag-sicherheitskonferenz"],"yoast_head":"<!-- This site is optimized with the Yoast SEO plugin v27.1.1 - https:\/\/yoast.com\/product\/yoast-seo-wordpress\/ -->\n<title>Friedensf\u00e4hig statt kriegst\u00fcchtig! \u2013 Proteste gegen die Nato \u2013 \u201eSicherheits\u201ckonferenz 2025<\/title>\n<meta name=\"description\" content=\"Das Handelsblatt meldet zur diesj\u00e4hrigen M\u00fcncher \u201eSicherheits\u201ckonferenz: \u201eSie gilt als weltweit wichtigstes Expertentreffen zur Sicherheitspolitik und\" \/>\n<meta name=\"robots\" content=\"index, follow, max-snippet:-1, max-image-preview:large, max-video-preview:-1\" \/>\n<link rel=\"canonical\" href=\"https:\/\/www.pressenza.com\/de\/2025\/02\/friedensfaehig-statt-kriegstuechtig-proteste-gegen-die-nato-sicherheitskonferenz-2025\/\" \/>\n<meta property=\"og:locale\" content=\"de_DE\" \/>\n<meta property=\"og:type\" content=\"article\" \/>\n<meta property=\"og:title\" content=\"Friedensf\u00e4hig statt kriegst\u00fcchtig! \u2013 Proteste gegen die Nato \u2013 \u201eSicherheits\u201ckonferenz 2025\" \/>\n<meta property=\"og:description\" content=\"Das Handelsblatt meldet zur diesj\u00e4hrigen M\u00fcncher \u201eSicherheits\u201ckonferenz: \u201eSie gilt als weltweit wichtigstes Expertentreffen zur Sicherheitspolitik und\" \/>\n<meta property=\"og:url\" content=\"https:\/\/www.pressenza.com\/de\/2025\/02\/friedensfaehig-statt-kriegstuechtig-proteste-gegen-die-nato-sicherheitskonferenz-2025\/\" \/>\n<meta property=\"og:site_name\" content=\"Pressenza\" \/>\n<meta property=\"article:publisher\" content=\"https:\/\/www.facebook.com\/PressenzaItalia\" \/>\n<meta property=\"article:author\" content=\"https:\/\/www.facebook.com\/Pressenza-Deutschland-sterreich-Schweiz-281675388658060\/timeline\/\" \/>\n<meta property=\"article:published_time\" content=\"2025-02-09T15:48:42+00:00\" \/>\n<meta property=\"og:image\" content=\"https:\/\/www.pressenza.com\/wp-content\/uploads\/2025\/02\/crowd-1294991_1280-1.png\" \/>\n\t<meta property=\"og:image:width\" content=\"1280\" \/>\n\t<meta property=\"og:image:height\" content=\"640\" \/>\n\t<meta property=\"og:image:type\" content=\"image\/png\" \/>\n<meta name=\"author\" content=\"Pressenza Berlin\" \/>\n<meta name=\"twitter:card\" content=\"summary_large_image\" \/>\n<meta name=\"twitter:creator\" content=\"@pressenza_ger\" \/>\n<meta name=\"twitter:site\" content=\"@PressenzaIPA\" \/>\n<meta name=\"twitter:label1\" content=\"Verfasst von\" \/>\n\t<meta name=\"twitter:data1\" content=\"Pressenza Berlin\" \/>\n\t<meta name=\"twitter:label2\" content=\"Gesch\u00e4tzte Lesezeit\" \/>\n\t<meta name=\"twitter:data2\" content=\"8\u00a0Minuten\" \/>\n<script type=\"application\/ld+json\" class=\"yoast-schema-graph\">{\"@context\":\"https:\/\/schema.org\",\"@graph\":[{\"@type\":\"Article\",\"@id\":\"https:\/\/www.pressenza.com\/de\/2025\/02\/friedensfaehig-statt-kriegstuechtig-proteste-gegen-die-nato-sicherheitskonferenz-2025\/#article\",\"isPartOf\":{\"@id\":\"https:\/\/www.pressenza.com\/de\/2025\/02\/friedensfaehig-statt-kriegstuechtig-proteste-gegen-die-nato-sicherheitskonferenz-2025\/\"},\"author\":{\"name\":\"Pressenza Berlin\",\"@id\":\"https:\/\/www.pressenza.com\/de\/#\/schema\/person\/57bb5480943a496a7722b0248e4b658a\"},\"headline\":\"Friedensf\u00e4hig statt kriegst\u00fcchtig! \u2013 Proteste gegen die Nato \u2013 \u201eSicherheits\u201ckonferenz 2025\",\"datePublished\":\"2025-02-09T15:48:42+00:00\",\"mainEntityOfPage\":{\"@id\":\"https:\/\/www.pressenza.com\/de\/2025\/02\/friedensfaehig-statt-kriegstuechtig-proteste-gegen-die-nato-sicherheitskonferenz-2025\/\"},\"wordCount\":1469,\"publisher\":{\"@id\":\"https:\/\/www.pressenza.com\/de\/#organization\"},\"image\":{\"@id\":\"https:\/\/www.pressenza.com\/de\/2025\/02\/friedensfaehig-statt-kriegstuechtig-proteste-gegen-die-nato-sicherheitskonferenz-2025\/#primaryimage\"},\"thumbnailUrl\":\"https:\/\/www.pressenza.com\/wp-content\/uploads\/2025\/02\/crowd-1294991_1280-1.png\",\"keywords\":[\"NATO\",\"Protest\",\"Sicherheitskonferenz\"],\"articleSection\":[\"Frieden und Abr\u00fcstung\",\"Gewaltfreiheit\",\"Politik\",\"Pressemitteilungen\"],\"inLanguage\":\"de\"},{\"@type\":\"WebPage\",\"@id\":\"https:\/\/www.pressenza.com\/de\/2025\/02\/friedensfaehig-statt-kriegstuechtig-proteste-gegen-die-nato-sicherheitskonferenz-2025\/\",\"url\":\"https:\/\/www.pressenza.com\/de\/2025\/02\/friedensfaehig-statt-kriegstuechtig-proteste-gegen-die-nato-sicherheitskonferenz-2025\/\",\"name\":\"Friedensf\u00e4hig statt kriegst\u00fcchtig! \u2013 Proteste gegen die Nato \u2013 \u201eSicherheits\u201ckonferenz 2025\",\"isPartOf\":{\"@id\":\"https:\/\/www.pressenza.com\/de\/#website\"},\"primaryImageOfPage\":{\"@id\":\"https:\/\/www.pressenza.com\/de\/2025\/02\/friedensfaehig-statt-kriegstuechtig-proteste-gegen-die-nato-sicherheitskonferenz-2025\/#primaryimage\"},\"image\":{\"@id\":\"https:\/\/www.pressenza.com\/de\/2025\/02\/friedensfaehig-statt-kriegstuechtig-proteste-gegen-die-nato-sicherheitskonferenz-2025\/#primaryimage\"},\"thumbnailUrl\":\"https:\/\/www.pressenza.com\/wp-content\/uploads\/2025\/02\/crowd-1294991_1280-1.png\",\"datePublished\":\"2025-02-09T15:48:42+00:00\",\"description\":\"Das Handelsblatt meldet zur diesj\u00e4hrigen M\u00fcncher \u201eSicherheits\u201ckonferenz: \u201eSie gilt als weltweit wichtigstes Expertentreffen zur Sicherheitspolitik und\",\"breadcrumb\":{\"@id\":\"https:\/\/www.pressenza.com\/de\/2025\/02\/friedensfaehig-statt-kriegstuechtig-proteste-gegen-die-nato-sicherheitskonferenz-2025\/#breadcrumb\"},\"inLanguage\":\"de\",\"potentialAction\":[{\"@type\":\"ReadAction\",\"target\":[\"https:\/\/www.pressenza.com\/de\/2025\/02\/friedensfaehig-statt-kriegstuechtig-proteste-gegen-die-nato-sicherheitskonferenz-2025\/\"]}]},{\"@type\":\"ImageObject\",\"inLanguage\":\"de\",\"@id\":\"https:\/\/www.pressenza.com\/de\/2025\/02\/friedensfaehig-statt-kriegstuechtig-proteste-gegen-die-nato-sicherheitskonferenz-2025\/#primaryimage\",\"url\":\"https:\/\/www.pressenza.com\/wp-content\/uploads\/2025\/02\/crowd-1294991_1280-1.png\",\"contentUrl\":\"https:\/\/www.pressenza.com\/wp-content\/uploads\/2025\/02\/crowd-1294991_1280-1.png\",\"width\":1280,\"height\":640,\"caption\":\"Illustration von Demonstranten\"},{\"@type\":\"BreadcrumbList\",\"@id\":\"https:\/\/www.pressenza.com\/de\/2025\/02\/friedensfaehig-statt-kriegstuechtig-proteste-gegen-die-nato-sicherheitskonferenz-2025\/#breadcrumb\",\"itemListElement\":[{\"@type\":\"ListItem\",\"position\":1,\"name\":\"Accueil\",\"item\":\"https:\/\/www.pressenza.com\/de\/\"},{\"@type\":\"ListItem\",\"position\":2,\"name\":\"Friedensf\u00e4hig statt kriegst\u00fcchtig! \u2013 Proteste gegen die Nato \u2013 \u201eSicherheits\u201ckonferenz 2025\"}]},{\"@type\":\"WebSite\",\"@id\":\"https:\/\/www.pressenza.com\/de\/#website\",\"url\":\"https:\/\/www.pressenza.com\/de\/\",\"name\":\"Pressenza\",\"description\":\"International Press Agency\",\"publisher\":{\"@id\":\"https:\/\/www.pressenza.com\/de\/#organization\"},\"potentialAction\":[{\"@type\":\"SearchAction\",\"target\":{\"@type\":\"EntryPoint\",\"urlTemplate\":\"https:\/\/www.pressenza.com\/de\/?s={search_term_string}\"},\"query-input\":{\"@type\":\"PropertyValueSpecification\",\"valueRequired\":true,\"valueName\":\"search_term_string\"}}],\"inLanguage\":\"de\"},{\"@type\":\"Organization\",\"@id\":\"https:\/\/www.pressenza.com\/de\/#organization\",\"name\":\"Pressenza\",\"url\":\"https:\/\/www.pressenza.com\/de\/\",\"logo\":{\"@type\":\"ImageObject\",\"inLanguage\":\"de\",\"@id\":\"https:\/\/www.pressenza.com\/de\/#\/schema\/logo\/image\/\",\"url\":\"https:\/\/www.pressenza.com\/wp-content\/uploads\/2022\/10\/pressenza_logo_200x200.jpg\",\"contentUrl\":\"https:\/\/www.pressenza.com\/wp-content\/uploads\/2022\/10\/pressenza_logo_200x200.jpg\",\"width\":200,\"height\":200,\"caption\":\"Pressenza\"},\"image\":{\"@id\":\"https:\/\/www.pressenza.com\/de\/#\/schema\/logo\/image\/\"},\"sameAs\":[\"https:\/\/www.facebook.com\/PressenzaItalia\",\"https:\/\/x.com\/PressenzaIPA\"]},{\"@type\":\"Person\",\"@id\":\"https:\/\/www.pressenza.com\/de\/#\/schema\/person\/57bb5480943a496a7722b0248e4b658a\",\"name\":\"Pressenza Berlin\",\"description\":\"News from the Pressenza Bureau in Berlin, Germany\",\"sameAs\":[\"https:\/\/www.facebook.com\/Pressenza-Deutschland-sterreich-Schweiz-281675388658060\/timeline\/\",\"https:\/\/x.com\/pressenza_ger\"],\"url\":\"https:\/\/www.pressenza.com\/de\/author\/pressenza-berlin\/\"}]}<\/script>\n<!-- \/ Yoast SEO plugin. -->","yoast_head_json":{"title":"Friedensf\u00e4hig statt kriegst\u00fcchtig! \u2013 Proteste gegen die Nato \u2013 \u201eSicherheits\u201ckonferenz 2025","description":"Das Handelsblatt meldet zur diesj\u00e4hrigen M\u00fcncher \u201eSicherheits\u201ckonferenz: \u201eSie gilt als weltweit wichtigstes Expertentreffen zur Sicherheitspolitik und","robots":{"index":"index","follow":"follow","max-snippet":"max-snippet:-1","max-image-preview":"max-image-preview:large","max-video-preview":"max-video-preview:-1"},"canonical":"https:\/\/www.pressenza.com\/de\/2025\/02\/friedensfaehig-statt-kriegstuechtig-proteste-gegen-die-nato-sicherheitskonferenz-2025\/","og_locale":"de_DE","og_type":"article","og_title":"Friedensf\u00e4hig statt kriegst\u00fcchtig! \u2013 Proteste gegen die Nato \u2013 \u201eSicherheits\u201ckonferenz 2025","og_description":"Das Handelsblatt meldet zur diesj\u00e4hrigen M\u00fcncher \u201eSicherheits\u201ckonferenz: \u201eSie gilt als weltweit wichtigstes Expertentreffen zur Sicherheitspolitik und","og_url":"https:\/\/www.pressenza.com\/de\/2025\/02\/friedensfaehig-statt-kriegstuechtig-proteste-gegen-die-nato-sicherheitskonferenz-2025\/","og_site_name":"Pressenza","article_publisher":"https:\/\/www.facebook.com\/PressenzaItalia","article_author":"https:\/\/www.facebook.com\/Pressenza-Deutschland-sterreich-Schweiz-281675388658060\/timeline\/","article_published_time":"2025-02-09T15:48:42+00:00","og_image":[{"width":1280,"height":640,"url":"https:\/\/www.pressenza.com\/wp-content\/uploads\/2025\/02\/crowd-1294991_1280-1.png","type":"image\/png"}],"author":"Pressenza Berlin","twitter_card":"summary_large_image","twitter_creator":"@pressenza_ger","twitter_site":"@PressenzaIPA","twitter_misc":{"Verfasst von":"Pressenza Berlin","Gesch\u00e4tzte Lesezeit":"8\u00a0Minuten"},"schema":{"@context":"https:\/\/schema.org","@graph":[{"@type":"Article","@id":"https:\/\/www.pressenza.com\/de\/2025\/02\/friedensfaehig-statt-kriegstuechtig-proteste-gegen-die-nato-sicherheitskonferenz-2025\/#article","isPartOf":{"@id":"https:\/\/www.pressenza.com\/de\/2025\/02\/friedensfaehig-statt-kriegstuechtig-proteste-gegen-die-nato-sicherheitskonferenz-2025\/"},"author":{"name":"Pressenza Berlin","@id":"https:\/\/www.pressenza.com\/de\/#\/schema\/person\/57bb5480943a496a7722b0248e4b658a"},"headline":"Friedensf\u00e4hig statt kriegst\u00fcchtig! \u2013 Proteste gegen die Nato \u2013 \u201eSicherheits\u201ckonferenz 2025","datePublished":"2025-02-09T15:48:42+00:00","mainEntityOfPage":{"@id":"https:\/\/www.pressenza.com\/de\/2025\/02\/friedensfaehig-statt-kriegstuechtig-proteste-gegen-die-nato-sicherheitskonferenz-2025\/"},"wordCount":1469,"publisher":{"@id":"https:\/\/www.pressenza.com\/de\/#organization"},"image":{"@id":"https:\/\/www.pressenza.com\/de\/2025\/02\/friedensfaehig-statt-kriegstuechtig-proteste-gegen-die-nato-sicherheitskonferenz-2025\/#primaryimage"},"thumbnailUrl":"https:\/\/www.pressenza.com\/wp-content\/uploads\/2025\/02\/crowd-1294991_1280-1.png","keywords":["NATO","Protest","Sicherheitskonferenz"],"articleSection":["Frieden und Abr\u00fcstung","Gewaltfreiheit","Politik","Pressemitteilungen"],"inLanguage":"de"},{"@type":"WebPage","@id":"https:\/\/www.pressenza.com\/de\/2025\/02\/friedensfaehig-statt-kriegstuechtig-proteste-gegen-die-nato-sicherheitskonferenz-2025\/","url":"https:\/\/www.pressenza.com\/de\/2025\/02\/friedensfaehig-statt-kriegstuechtig-proteste-gegen-die-nato-sicherheitskonferenz-2025\/","name":"Friedensf\u00e4hig statt kriegst\u00fcchtig! \u2013 Proteste gegen die Nato \u2013 \u201eSicherheits\u201ckonferenz 2025","isPartOf":{"@id":"https:\/\/www.pressenza.com\/de\/#website"},"primaryImageOfPage":{"@id":"https:\/\/www.pressenza.com\/de\/2025\/02\/friedensfaehig-statt-kriegstuechtig-proteste-gegen-die-nato-sicherheitskonferenz-2025\/#primaryimage"},"image":{"@id":"https:\/\/www.pressenza.com\/de\/2025\/02\/friedensfaehig-statt-kriegstuechtig-proteste-gegen-die-nato-sicherheitskonferenz-2025\/#primaryimage"},"thumbnailUrl":"https:\/\/www.pressenza.com\/wp-content\/uploads\/2025\/02\/crowd-1294991_1280-1.png","datePublished":"2025-02-09T15:48:42+00:00","description":"Das Handelsblatt meldet zur diesj\u00e4hrigen M\u00fcncher \u201eSicherheits\u201ckonferenz: \u201eSie gilt als weltweit wichtigstes Expertentreffen zur Sicherheitspolitik und","breadcrumb":{"@id":"https:\/\/www.pressenza.com\/de\/2025\/02\/friedensfaehig-statt-kriegstuechtig-proteste-gegen-die-nato-sicherheitskonferenz-2025\/#breadcrumb"},"inLanguage":"de","potentialAction":[{"@type":"ReadAction","target":["https:\/\/www.pressenza.com\/de\/2025\/02\/friedensfaehig-statt-kriegstuechtig-proteste-gegen-die-nato-sicherheitskonferenz-2025\/"]}]},{"@type":"ImageObject","inLanguage":"de","@id":"https:\/\/www.pressenza.com\/de\/2025\/02\/friedensfaehig-statt-kriegstuechtig-proteste-gegen-die-nato-sicherheitskonferenz-2025\/#primaryimage","url":"https:\/\/www.pressenza.com\/wp-content\/uploads\/2025\/02\/crowd-1294991_1280-1.png","contentUrl":"https:\/\/www.pressenza.com\/wp-content\/uploads\/2025\/02\/crowd-1294991_1280-1.png","width":1280,"height":640,"caption":"Illustration von Demonstranten"},{"@type":"BreadcrumbList","@id":"https:\/\/www.pressenza.com\/de\/2025\/02\/friedensfaehig-statt-kriegstuechtig-proteste-gegen-die-nato-sicherheitskonferenz-2025\/#breadcrumb","itemListElement":[{"@type":"ListItem","position":1,"name":"Accueil","item":"https:\/\/www.pressenza.com\/de\/"},{"@type":"ListItem","position":2,"name":"Friedensf\u00e4hig statt kriegst\u00fcchtig! \u2013 Proteste gegen die Nato \u2013 \u201eSicherheits\u201ckonferenz 2025"}]},{"@type":"WebSite","@id":"https:\/\/www.pressenza.com\/de\/#website","url":"https:\/\/www.pressenza.com\/de\/","name":"Pressenza","description":"International Press Agency","publisher":{"@id":"https:\/\/www.pressenza.com\/de\/#organization"},"potentialAction":[{"@type":"SearchAction","target":{"@type":"EntryPoint","urlTemplate":"https:\/\/www.pressenza.com\/de\/?s={search_term_string}"},"query-input":{"@type":"PropertyValueSpecification","valueRequired":true,"valueName":"search_term_string"}}],"inLanguage":"de"},{"@type":"Organization","@id":"https:\/\/www.pressenza.com\/de\/#organization","name":"Pressenza","url":"https:\/\/www.pressenza.com\/de\/","logo":{"@type":"ImageObject","inLanguage":"de","@id":"https:\/\/www.pressenza.com\/de\/#\/schema\/logo\/image\/","url":"https:\/\/www.pressenza.com\/wp-content\/uploads\/2022\/10\/pressenza_logo_200x200.jpg","contentUrl":"https:\/\/www.pressenza.com\/wp-content\/uploads\/2022\/10\/pressenza_logo_200x200.jpg","width":200,"height":200,"caption":"Pressenza"},"image":{"@id":"https:\/\/www.pressenza.com\/de\/#\/schema\/logo\/image\/"},"sameAs":["https:\/\/www.facebook.com\/PressenzaItalia","https:\/\/x.com\/PressenzaIPA"]},{"@type":"Person","@id":"https:\/\/www.pressenza.com\/de\/#\/schema\/person\/57bb5480943a496a7722b0248e4b658a","name":"Pressenza Berlin","description":"News from the Pressenza Bureau in Berlin, Germany","sameAs":["https:\/\/www.facebook.com\/Pressenza-Deutschland-sterreich-Schweiz-281675388658060\/timeline\/","https:\/\/x.com\/pressenza_ger"],"url":"https:\/\/www.pressenza.com\/de\/author\/pressenza-berlin\/"}]}},"place":"","original_article_url":"https:\/\/gewerkschaftliche-linke-berlin.de\/friedensfaehig-statt-kriegstuechtig-aufruf-des-aktionsbuendbis-gegen-die-nato-sicherheitskonferenz\/","_links":{"self":[{"href":"https:\/\/www.pressenza.com\/de\/wp-json\/wp\/v2\/posts\/2582329","targetHints":{"allow":["GET"]}}],"collection":[{"href":"https:\/\/www.pressenza.com\/de\/wp-json\/wp\/v2\/posts"}],"about":[{"href":"https:\/\/www.pressenza.com\/de\/wp-json\/wp\/v2\/types\/post"}],"author":[{"embeddable":true,"href":"https:\/\/www.pressenza.com\/de\/wp-json\/wp\/v2\/users\/1095"}],"replies":[{"embeddable":true,"href":"https:\/\/www.pressenza.com\/de\/wp-json\/wp\/v2\/comments?post=2582329"}],"version-history":[{"count":0,"href":"https:\/\/www.pressenza.com\/de\/wp-json\/wp\/v2\/posts\/2582329\/revisions"}],"wp:featuredmedia":[{"embeddable":true,"href":"https:\/\/www.pressenza.com\/de\/wp-json\/wp\/v2\/media\/2582331"}],"wp:attachment":[{"href":"https:\/\/www.pressenza.com\/de\/wp-json\/wp\/v2\/media?parent=2582329"}],"wp:term":[{"taxonomy":"category","embeddable":true,"href":"https:\/\/www.pressenza.com\/de\/wp-json\/wp\/v2\/categories?post=2582329"},{"taxonomy":"post_tag","embeddable":true,"href":"https:\/\/www.pressenza.com\/de\/wp-json\/wp\/v2\/tags?post=2582329"}],"curies":[{"name":"wp","href":"https:\/\/api.w.org\/{rel}","templated":true}]}}