{"id":2576391,"date":"2025-01-15T12:42:53","date_gmt":"2025-01-15T12:42:53","guid":{"rendered":"https:\/\/www.pressenza.com\/?p=2576391"},"modified":"2025-01-15T12:42:53","modified_gmt":"2025-01-15T12:42:53","slug":"nach-9-jahren-verfolgung-fordern-wir-weiterhin-freiheit-fuer-milagro-sala","status":"publish","type":"post","link":"https:\/\/www.pressenza.com\/de\/2025\/01\/nach-9-jahren-verfolgung-fordern-wir-weiterhin-freiheit-fuer-milagro-sala\/","title":{"rendered":"Nach 9 Jahren Verfolgung fordern wir weiterhin Freiheit f\u00fcr Milagro Sala"},"content":{"rendered":"<p>Am 16. Januar 2016 wurde die soziale Leiterin Milagro Sala willk\u00fcrlich festgenommen. Milagros Verhaftung wurde vom damaligen Gouverneur Gerardo Morales und seinem Partner, dem ehemaligen Pr\u00e4sidenten Mauricio Macri, orchestriert. Trotz der zahlreichen offenen Verfahren und manipulierten Urteile gegen sie kann Milagro nur ein einziges Verbrechen zugeschrieben werden: Sie hat gezeigt, dass es m\u00f6glich ist, als Gemeinschaft, in Solidarit\u00e4t und Demokratie das Leben der Schw\u00e4chsten zu verbessern; es ist m\u00f6glich, die ungerechte Gesellschaft, in der wir leben, zu ver\u00e4ndern.<\/p>\n<p>Die von Milagro Sala gegr\u00fcndete und geleitete Nachbarschaftsorganisation Tupac Amar\u00fa hat in der argentinischen Provinz Jujuy im Laufe der Zeit folgende Einrichtungen aufgebaut: 600 Suppenk\u00fcchen, 16 Schulen, 23 Multisportanlagen, 13 Gesundheitszentren, 2 Rehabilitationszentren, 8.500 Tausend Wohnungen und 26 Fabriken, in denen 4.500 Menschen besch\u00e4ftigt sind, zumeist M\u00fctter von Familien.<\/p>\n<p>Ohne jegliches Gewinnstreben und unter dem Banner der N\u00e4chstenliebe haben Milagro Sala und Tupac Amar\u00fa in der Provinz Jujuy und in der Argentinischen Republik einen neuen Weg eingeschlagen.<\/p>\n<p>Zum Zeitpunkt ihrer damaligen Verhaftung prangerten wir an, dass die M\u00e4chtigen in Argentinien mit ihrer Inhaftierung, ihrer Verfolgung und der Zerschlagung ihrer Organisation ein Versuchslabor errichteten, um dessen Ergebnisse auf all diejenigen anzuwenden, die es wagen, Widerstand zu leisten und sich zu organisieren, um eine gerechte und solidarische Gesellschaft aufzubauen.<\/p>\n<p>Die derzeitige Regierung von Javier Milei sieht sich mit dem Widerstand und dem Protest der Bev\u00f6lkerung gegen die brutale wirtschaftliche Anpassung konfrontiert, die zu Lasten von Rentner, formellen und informellen Arbeitnehmern, Studenten und sozialen Organisationen geht, und zwar durch den Abbau von Institutionen zum Schutz der Menschenrechte, die Abschaffung von politischen Ma\u00dfnahmen, die den V\u00f6lkermord der 1976 begonnenen Milit\u00e4rdiktatur aufzeigen und verurteilen, und mit einer Repression, die verpr\u00fcgelt, inhaftiert und t\u00f6tet.<\/p>\n<p>Das Versuchslabor, das mit Milagro und Tupac Amar\u00fa in Jujuy begann, hat sich entwickelt und auf das ganze Land ausgeweitet.<\/p>\n<p>Das Internationale Netzwerk f\u00fcr die Freiheit von Milagro Sala, das sich aus B\u00fcrgern aus Argentinien, Brasilien, Kanada, Spanien, den Vereinigten Staaten, Finnland, Frankreich, Italien, dem Vereinigten K\u00f6nigreich, Schweden, Deutschland und der Schweiz zusammensetzt, fordert erneut die Freiheit von Milagro Sala und allen politischen Gefangenen in der Argentinischen Republik.<\/p>\n<p><em>\u00dcbersetzung aus dem Italienischen vom deutschsprachigen <a href=\"https:\/\/komiteefreiheitmilagrosala.wordpress.com\" target=\"_blank\" rel=\"noopener\">Komitee f\u00fcr die Freiheit von Milagro Sala.<\/a><\/em><\/p>\n","protected":false},"excerpt":{"rendered":"<p>Am 16. Januar 2016 wurde die soziale Leiterin Milagro Sala willk\u00fcrlich festgenommen. Milagros Verhaftung wurde vom damaligen Gouverneur Gerardo Morales und seinem Partner, dem ehemaligen Pr\u00e4sidenten Mauricio Macri, orchestriert. Trotz der zahlreichen offenen Verfahren und manipulierten Urteile gegen sie kann&hellip;<\/p>\n","protected":false},"author":87,"featured_media":2576393,"comment_status":"closed","ping_status":"closed","sticky":false,"template":"","format":"standard","meta":{"footnotes":""},"categories":[9163,9161,9168,9145,9154],"tags":[10446,55704,14751,27498,34572,94119,108504,17514,55703,37652],"class_list":["post-2576391","post","type-post","status-publish","format-standard","has-post-thumbnail","hentry","category-indigene-voelker","category-menschenrechte","category-politik","category-pressemitteilungen","category-suedamerika","tag-argentinien","tag-jujuy-de","tag-menschenrechtsverletzungen","tag-milagro-sala-de","tag-politische-gefangene","tag-politische-verfolgung","tag-repressionen","tag-soziale-gerechtigkeit","tag-tupac-amaru-de","tag-willkuerliche-verhaftung"],"yoast_head":"<!-- This site is optimized with the Yoast SEO plugin v27.1.1 - https:\/\/yoast.com\/product\/yoast-seo-wordpress\/ -->\n<title>Nach 9 Jahren Verfolgung fordern wir weiterhin Freiheit f\u00fcr Milagro Sala<\/title>\n<meta name=\"description\" content=\"Am 16. Januar 2016 wurde die soziale Leiterin Milagro Sala willk\u00fcrlich festgenommen. Milagros Verhaftung wurde vom damaligen Gouverneur Gerardo Morales\" \/>\n<meta name=\"robots\" content=\"index, follow, max-snippet:-1, max-image-preview:large, max-video-preview:-1\" \/>\n<link rel=\"canonical\" href=\"https:\/\/www.pressenza.com\/de\/2025\/01\/nach-9-jahren-verfolgung-fordern-wir-weiterhin-freiheit-fuer-milagro-sala\/\" \/>\n<meta property=\"og:locale\" content=\"de_DE\" \/>\n<meta property=\"og:type\" content=\"article\" \/>\n<meta property=\"og:title\" content=\"Nach 9 Jahren Verfolgung fordern wir weiterhin Freiheit f\u00fcr Milagro Sala\" \/>\n<meta property=\"og:description\" content=\"Am 16. Januar 2016 wurde die soziale Leiterin Milagro Sala willk\u00fcrlich festgenommen. Milagros Verhaftung wurde vom damaligen Gouverneur Gerardo Morales\" \/>\n<meta property=\"og:url\" content=\"https:\/\/www.pressenza.com\/de\/2025\/01\/nach-9-jahren-verfolgung-fordern-wir-weiterhin-freiheit-fuer-milagro-sala\/\" \/>\n<meta property=\"og:site_name\" content=\"Pressenza\" \/>\n<meta property=\"article:publisher\" content=\"https:\/\/www.facebook.com\/PressenzaItalia\" \/>\n<meta property=\"article:published_time\" content=\"2025-01-15T12:42:53+00:00\" \/>\n<meta property=\"og:image\" content=\"https:\/\/www.pressenza.com\/wp-content\/uploads\/2025\/01\/Libertad-a-Milagros-Titi-Nicola.jpg\" \/>\n\t<meta property=\"og:image:width\" content=\"820\" \/>\n\t<meta property=\"og:image:height\" content=\"547\" \/>\n\t<meta property=\"og:image:type\" content=\"image\/jpeg\" \/>\n<meta name=\"author\" content=\"Redacci\u00f3n Argentina\" \/>\n<meta name=\"twitter:card\" content=\"summary_large_image\" \/>\n<meta name=\"twitter:creator\" content=\"@pressenza\" \/>\n<meta name=\"twitter:site\" content=\"@PressenzaIPA\" \/>\n<meta name=\"twitter:label1\" content=\"Verfasst von\" \/>\n\t<meta name=\"twitter:data1\" content=\"Redacci\u00f3n Argentina\" \/>\n\t<meta name=\"twitter:label2\" content=\"Gesch\u00e4tzte Lesezeit\" \/>\n\t<meta name=\"twitter:data2\" content=\"2\u00a0Minuten\" \/>\n<script type=\"application\/ld+json\" class=\"yoast-schema-graph\">{\"@context\":\"https:\/\/schema.org\",\"@graph\":[{\"@type\":\"Article\",\"@id\":\"https:\/\/www.pressenza.com\/de\/2025\/01\/nach-9-jahren-verfolgung-fordern-wir-weiterhin-freiheit-fuer-milagro-sala\/#article\",\"isPartOf\":{\"@id\":\"https:\/\/www.pressenza.com\/de\/2025\/01\/nach-9-jahren-verfolgung-fordern-wir-weiterhin-freiheit-fuer-milagro-sala\/\"},\"author\":{\"name\":\"Redacci\u00f3n Argentina\",\"@id\":\"https:\/\/www.pressenza.com\/de\/#\/schema\/person\/0dda7d1b68267ad95b1e1d83abc98c89\"},\"headline\":\"Nach 9 Jahren Verfolgung fordern wir weiterhin Freiheit f\u00fcr Milagro Sala\",\"datePublished\":\"2025-01-15T12:42:53+00:00\",\"mainEntityOfPage\":{\"@id\":\"https:\/\/www.pressenza.com\/de\/2025\/01\/nach-9-jahren-verfolgung-fordern-wir-weiterhin-freiheit-fuer-milagro-sala\/\"},\"wordCount\":380,\"publisher\":{\"@id\":\"https:\/\/www.pressenza.com\/de\/#organization\"},\"image\":{\"@id\":\"https:\/\/www.pressenza.com\/de\/2025\/01\/nach-9-jahren-verfolgung-fordern-wir-weiterhin-freiheit-fuer-milagro-sala\/#primaryimage\"},\"thumbnailUrl\":\"https:\/\/www.pressenza.com\/wp-content\/uploads\/2025\/01\/Libertad-a-Milagros-Titi-Nicola.jpg\",\"keywords\":[\"Argentinien\",\"Jujuy\",\"Menschenrechtsverletzungen\",\"Milagro Sala\",\"politische Gefangene\",\"politische Verfolgung\",\"Repressionen\",\"soziale Gerechtigkeit\",\"Tupac Amaru\",\"willk\u00fcrliche Verhaftung\"],\"articleSection\":[\"Indigene V\u00f6lker\",\"Menschenrechte\",\"Politik\",\"Pressemitteilungen\",\"S\u00fcdamerika\"],\"inLanguage\":\"de\"},{\"@type\":\"WebPage\",\"@id\":\"https:\/\/www.pressenza.com\/de\/2025\/01\/nach-9-jahren-verfolgung-fordern-wir-weiterhin-freiheit-fuer-milagro-sala\/\",\"url\":\"https:\/\/www.pressenza.com\/de\/2025\/01\/nach-9-jahren-verfolgung-fordern-wir-weiterhin-freiheit-fuer-milagro-sala\/\",\"name\":\"Nach 9 Jahren Verfolgung fordern wir weiterhin Freiheit f\u00fcr Milagro Sala\",\"isPartOf\":{\"@id\":\"https:\/\/www.pressenza.com\/de\/#website\"},\"primaryImageOfPage\":{\"@id\":\"https:\/\/www.pressenza.com\/de\/2025\/01\/nach-9-jahren-verfolgung-fordern-wir-weiterhin-freiheit-fuer-milagro-sala\/#primaryimage\"},\"image\":{\"@id\":\"https:\/\/www.pressenza.com\/de\/2025\/01\/nach-9-jahren-verfolgung-fordern-wir-weiterhin-freiheit-fuer-milagro-sala\/#primaryimage\"},\"thumbnailUrl\":\"https:\/\/www.pressenza.com\/wp-content\/uploads\/2025\/01\/Libertad-a-Milagros-Titi-Nicola.jpg\",\"datePublished\":\"2025-01-15T12:42:53+00:00\",\"description\":\"Am 16. Januar 2016 wurde die soziale Leiterin Milagro Sala willk\u00fcrlich festgenommen. Milagros Verhaftung wurde vom damaligen Gouverneur Gerardo Morales\",\"breadcrumb\":{\"@id\":\"https:\/\/www.pressenza.com\/de\/2025\/01\/nach-9-jahren-verfolgung-fordern-wir-weiterhin-freiheit-fuer-milagro-sala\/#breadcrumb\"},\"inLanguage\":\"de\",\"potentialAction\":[{\"@type\":\"ReadAction\",\"target\":[\"https:\/\/www.pressenza.com\/de\/2025\/01\/nach-9-jahren-verfolgung-fordern-wir-weiterhin-freiheit-fuer-milagro-sala\/\"]}]},{\"@type\":\"ImageObject\",\"inLanguage\":\"de\",\"@id\":\"https:\/\/www.pressenza.com\/de\/2025\/01\/nach-9-jahren-verfolgung-fordern-wir-weiterhin-freiheit-fuer-milagro-sala\/#primaryimage\",\"url\":\"https:\/\/www.pressenza.com\/wp-content\/uploads\/2025\/01\/Libertad-a-Milagros-Titi-Nicola.jpg\",\"contentUrl\":\"https:\/\/www.pressenza.com\/wp-content\/uploads\/2025\/01\/Libertad-a-Milagros-Titi-Nicola.jpg\",\"width\":820,\"height\":547},{\"@type\":\"BreadcrumbList\",\"@id\":\"https:\/\/www.pressenza.com\/de\/2025\/01\/nach-9-jahren-verfolgung-fordern-wir-weiterhin-freiheit-fuer-milagro-sala\/#breadcrumb\",\"itemListElement\":[{\"@type\":\"ListItem\",\"position\":1,\"name\":\"Accueil\",\"item\":\"https:\/\/www.pressenza.com\/de\/\"},{\"@type\":\"ListItem\",\"position\":2,\"name\":\"Nach 9 Jahren Verfolgung fordern wir weiterhin Freiheit f\u00fcr Milagro Sala\"}]},{\"@type\":\"WebSite\",\"@id\":\"https:\/\/www.pressenza.com\/de\/#website\",\"url\":\"https:\/\/www.pressenza.com\/de\/\",\"name\":\"Pressenza\",\"description\":\"International Press Agency\",\"publisher\":{\"@id\":\"https:\/\/www.pressenza.com\/de\/#organization\"},\"potentialAction\":[{\"@type\":\"SearchAction\",\"target\":{\"@type\":\"EntryPoint\",\"urlTemplate\":\"https:\/\/www.pressenza.com\/de\/?s={search_term_string}\"},\"query-input\":{\"@type\":\"PropertyValueSpecification\",\"valueRequired\":true,\"valueName\":\"search_term_string\"}}],\"inLanguage\":\"de\"},{\"@type\":\"Organization\",\"@id\":\"https:\/\/www.pressenza.com\/de\/#organization\",\"name\":\"Pressenza\",\"url\":\"https:\/\/www.pressenza.com\/de\/\",\"logo\":{\"@type\":\"ImageObject\",\"inLanguage\":\"de\",\"@id\":\"https:\/\/www.pressenza.com\/de\/#\/schema\/logo\/image\/\",\"url\":\"https:\/\/www.pressenza.com\/wp-content\/uploads\/2022\/10\/pressenza_logo_200x200.jpg\",\"contentUrl\":\"https:\/\/www.pressenza.com\/wp-content\/uploads\/2022\/10\/pressenza_logo_200x200.jpg\",\"width\":200,\"height\":200,\"caption\":\"Pressenza\"},\"image\":{\"@id\":\"https:\/\/www.pressenza.com\/de\/#\/schema\/logo\/image\/\"},\"sameAs\":[\"https:\/\/www.facebook.com\/PressenzaItalia\",\"https:\/\/x.com\/PressenzaIPA\"]},{\"@type\":\"Person\",\"@id\":\"https:\/\/www.pressenza.com\/de\/#\/schema\/person\/0dda7d1b68267ad95b1e1d83abc98c89\",\"name\":\"Redacci\u00f3n Argentina\",\"description\":\"News from the Pressenza Bureau in Argentina.\",\"sameAs\":[\"https:\/\/x.com\/pressenza\"],\"url\":\"https:\/\/www.pressenza.com\/de\/author\/redaccion-argentina\/\"}]}<\/script>\n<!-- \/ Yoast SEO plugin. -->","yoast_head_json":{"title":"Nach 9 Jahren Verfolgung fordern wir weiterhin Freiheit f\u00fcr Milagro Sala","description":"Am 16. Januar 2016 wurde die soziale Leiterin Milagro Sala willk\u00fcrlich festgenommen. Milagros Verhaftung wurde vom damaligen Gouverneur Gerardo Morales","robots":{"index":"index","follow":"follow","max-snippet":"max-snippet:-1","max-image-preview":"max-image-preview:large","max-video-preview":"max-video-preview:-1"},"canonical":"https:\/\/www.pressenza.com\/de\/2025\/01\/nach-9-jahren-verfolgung-fordern-wir-weiterhin-freiheit-fuer-milagro-sala\/","og_locale":"de_DE","og_type":"article","og_title":"Nach 9 Jahren Verfolgung fordern wir weiterhin Freiheit f\u00fcr Milagro Sala","og_description":"Am 16. Januar 2016 wurde die soziale Leiterin Milagro Sala willk\u00fcrlich festgenommen. Milagros Verhaftung wurde vom damaligen Gouverneur Gerardo Morales","og_url":"https:\/\/www.pressenza.com\/de\/2025\/01\/nach-9-jahren-verfolgung-fordern-wir-weiterhin-freiheit-fuer-milagro-sala\/","og_site_name":"Pressenza","article_publisher":"https:\/\/www.facebook.com\/PressenzaItalia","article_published_time":"2025-01-15T12:42:53+00:00","og_image":[{"width":820,"height":547,"url":"https:\/\/www.pressenza.com\/wp-content\/uploads\/2025\/01\/Libertad-a-Milagros-Titi-Nicola.jpg","type":"image\/jpeg"}],"author":"Redacci\u00f3n Argentina","twitter_card":"summary_large_image","twitter_creator":"@pressenza","twitter_site":"@PressenzaIPA","twitter_misc":{"Verfasst von":"Redacci\u00f3n Argentina","Gesch\u00e4tzte Lesezeit":"2\u00a0Minuten"},"schema":{"@context":"https:\/\/schema.org","@graph":[{"@type":"Article","@id":"https:\/\/www.pressenza.com\/de\/2025\/01\/nach-9-jahren-verfolgung-fordern-wir-weiterhin-freiheit-fuer-milagro-sala\/#article","isPartOf":{"@id":"https:\/\/www.pressenza.com\/de\/2025\/01\/nach-9-jahren-verfolgung-fordern-wir-weiterhin-freiheit-fuer-milagro-sala\/"},"author":{"name":"Redacci\u00f3n Argentina","@id":"https:\/\/www.pressenza.com\/de\/#\/schema\/person\/0dda7d1b68267ad95b1e1d83abc98c89"},"headline":"Nach 9 Jahren Verfolgung fordern wir weiterhin Freiheit f\u00fcr Milagro Sala","datePublished":"2025-01-15T12:42:53+00:00","mainEntityOfPage":{"@id":"https:\/\/www.pressenza.com\/de\/2025\/01\/nach-9-jahren-verfolgung-fordern-wir-weiterhin-freiheit-fuer-milagro-sala\/"},"wordCount":380,"publisher":{"@id":"https:\/\/www.pressenza.com\/de\/#organization"},"image":{"@id":"https:\/\/www.pressenza.com\/de\/2025\/01\/nach-9-jahren-verfolgung-fordern-wir-weiterhin-freiheit-fuer-milagro-sala\/#primaryimage"},"thumbnailUrl":"https:\/\/www.pressenza.com\/wp-content\/uploads\/2025\/01\/Libertad-a-Milagros-Titi-Nicola.jpg","keywords":["Argentinien","Jujuy","Menschenrechtsverletzungen","Milagro Sala","politische Gefangene","politische Verfolgung","Repressionen","soziale Gerechtigkeit","Tupac Amaru","willk\u00fcrliche Verhaftung"],"articleSection":["Indigene V\u00f6lker","Menschenrechte","Politik","Pressemitteilungen","S\u00fcdamerika"],"inLanguage":"de"},{"@type":"WebPage","@id":"https:\/\/www.pressenza.com\/de\/2025\/01\/nach-9-jahren-verfolgung-fordern-wir-weiterhin-freiheit-fuer-milagro-sala\/","url":"https:\/\/www.pressenza.com\/de\/2025\/01\/nach-9-jahren-verfolgung-fordern-wir-weiterhin-freiheit-fuer-milagro-sala\/","name":"Nach 9 Jahren Verfolgung fordern wir weiterhin Freiheit f\u00fcr Milagro Sala","isPartOf":{"@id":"https:\/\/www.pressenza.com\/de\/#website"},"primaryImageOfPage":{"@id":"https:\/\/www.pressenza.com\/de\/2025\/01\/nach-9-jahren-verfolgung-fordern-wir-weiterhin-freiheit-fuer-milagro-sala\/#primaryimage"},"image":{"@id":"https:\/\/www.pressenza.com\/de\/2025\/01\/nach-9-jahren-verfolgung-fordern-wir-weiterhin-freiheit-fuer-milagro-sala\/#primaryimage"},"thumbnailUrl":"https:\/\/www.pressenza.com\/wp-content\/uploads\/2025\/01\/Libertad-a-Milagros-Titi-Nicola.jpg","datePublished":"2025-01-15T12:42:53+00:00","description":"Am 16. Januar 2016 wurde die soziale Leiterin Milagro Sala willk\u00fcrlich festgenommen. Milagros Verhaftung wurde vom damaligen Gouverneur Gerardo Morales","breadcrumb":{"@id":"https:\/\/www.pressenza.com\/de\/2025\/01\/nach-9-jahren-verfolgung-fordern-wir-weiterhin-freiheit-fuer-milagro-sala\/#breadcrumb"},"inLanguage":"de","potentialAction":[{"@type":"ReadAction","target":["https:\/\/www.pressenza.com\/de\/2025\/01\/nach-9-jahren-verfolgung-fordern-wir-weiterhin-freiheit-fuer-milagro-sala\/"]}]},{"@type":"ImageObject","inLanguage":"de","@id":"https:\/\/www.pressenza.com\/de\/2025\/01\/nach-9-jahren-verfolgung-fordern-wir-weiterhin-freiheit-fuer-milagro-sala\/#primaryimage","url":"https:\/\/www.pressenza.com\/wp-content\/uploads\/2025\/01\/Libertad-a-Milagros-Titi-Nicola.jpg","contentUrl":"https:\/\/www.pressenza.com\/wp-content\/uploads\/2025\/01\/Libertad-a-Milagros-Titi-Nicola.jpg","width":820,"height":547},{"@type":"BreadcrumbList","@id":"https:\/\/www.pressenza.com\/de\/2025\/01\/nach-9-jahren-verfolgung-fordern-wir-weiterhin-freiheit-fuer-milagro-sala\/#breadcrumb","itemListElement":[{"@type":"ListItem","position":1,"name":"Accueil","item":"https:\/\/www.pressenza.com\/de\/"},{"@type":"ListItem","position":2,"name":"Nach 9 Jahren Verfolgung fordern wir weiterhin Freiheit f\u00fcr Milagro Sala"}]},{"@type":"WebSite","@id":"https:\/\/www.pressenza.com\/de\/#website","url":"https:\/\/www.pressenza.com\/de\/","name":"Pressenza","description":"International Press Agency","publisher":{"@id":"https:\/\/www.pressenza.com\/de\/#organization"},"potentialAction":[{"@type":"SearchAction","target":{"@type":"EntryPoint","urlTemplate":"https:\/\/www.pressenza.com\/de\/?s={search_term_string}"},"query-input":{"@type":"PropertyValueSpecification","valueRequired":true,"valueName":"search_term_string"}}],"inLanguage":"de"},{"@type":"Organization","@id":"https:\/\/www.pressenza.com\/de\/#organization","name":"Pressenza","url":"https:\/\/www.pressenza.com\/de\/","logo":{"@type":"ImageObject","inLanguage":"de","@id":"https:\/\/www.pressenza.com\/de\/#\/schema\/logo\/image\/","url":"https:\/\/www.pressenza.com\/wp-content\/uploads\/2022\/10\/pressenza_logo_200x200.jpg","contentUrl":"https:\/\/www.pressenza.com\/wp-content\/uploads\/2022\/10\/pressenza_logo_200x200.jpg","width":200,"height":200,"caption":"Pressenza"},"image":{"@id":"https:\/\/www.pressenza.com\/de\/#\/schema\/logo\/image\/"},"sameAs":["https:\/\/www.facebook.com\/PressenzaItalia","https:\/\/x.com\/PressenzaIPA"]},{"@type":"Person","@id":"https:\/\/www.pressenza.com\/de\/#\/schema\/person\/0dda7d1b68267ad95b1e1d83abc98c89","name":"Redacci\u00f3n Argentina","description":"News from the Pressenza Bureau in Argentina.","sameAs":["https:\/\/x.com\/pressenza"],"url":"https:\/\/www.pressenza.com\/de\/author\/redaccion-argentina\/"}]}},"place":"Buenos Aires","original_article_url":"","_links":{"self":[{"href":"https:\/\/www.pressenza.com\/de\/wp-json\/wp\/v2\/posts\/2576391","targetHints":{"allow":["GET"]}}],"collection":[{"href":"https:\/\/www.pressenza.com\/de\/wp-json\/wp\/v2\/posts"}],"about":[{"href":"https:\/\/www.pressenza.com\/de\/wp-json\/wp\/v2\/types\/post"}],"author":[{"embeddable":true,"href":"https:\/\/www.pressenza.com\/de\/wp-json\/wp\/v2\/users\/87"}],"replies":[{"embeddable":true,"href":"https:\/\/www.pressenza.com\/de\/wp-json\/wp\/v2\/comments?post=2576391"}],"version-history":[{"count":0,"href":"https:\/\/www.pressenza.com\/de\/wp-json\/wp\/v2\/posts\/2576391\/revisions"}],"wp:featuredmedia":[{"embeddable":true,"href":"https:\/\/www.pressenza.com\/de\/wp-json\/wp\/v2\/media\/2576393"}],"wp:attachment":[{"href":"https:\/\/www.pressenza.com\/de\/wp-json\/wp\/v2\/media?parent=2576391"}],"wp:term":[{"taxonomy":"category","embeddable":true,"href":"https:\/\/www.pressenza.com\/de\/wp-json\/wp\/v2\/categories?post=2576391"},{"taxonomy":"post_tag","embeddable":true,"href":"https:\/\/www.pressenza.com\/de\/wp-json\/wp\/v2\/tags?post=2576391"}],"curies":[{"name":"wp","href":"https:\/\/api.w.org\/{rel}","templated":true}]}}