{"id":2576267,"date":"2025-01-14T16:59:58","date_gmt":"2025-01-14T16:59:58","guid":{"rendered":"https:\/\/www.pressenza.com\/?p=2576267"},"modified":"2025-01-14T16:59:58","modified_gmt":"2025-01-14T16:59:58","slug":"mexikos-programm-ja-zur-entwaffnung-ja-zum-frieden","status":"publish","type":"post","link":"https:\/\/www.pressenza.com\/de\/2025\/01\/mexikos-programm-ja-zur-entwaffnung-ja-zum-frieden\/","title":{"rendered":"Mexikos Programm \u201eJa zur Entwaffnung, Ja zum Frieden&#8220;"},"content":{"rendered":"<p>Die mexikanische Regierung von Claudia Sheinbaum hat den Nationalen Freiwilligen Entwaffnungsplan \u201eJa zur Entwaffnung, Ja zum Frieden\u201c ins Leben gerufen, ein Programm, das die Bev\u00f6lkerung dazu bringen soll, ihre Schusswaffen gegen eine finanzielle Entsch\u00e4digung abzugeben.<\/p>\n<p>Die Pr\u00e4sidentin, begleitet von den Sekret\u00e4ren der Nationalen Verteidigung, der Marine, der Sicherheit, der Nationalgarde, des Innenministeriums und mehrerer lokaler und religi\u00f6ser Beh\u00f6rden leitete den offiziellen Akt am Freitag auf der Esplanade der Basilika von Guadalupe. \u201eWaffen sind ein Symbol f\u00fcr Gewalt und Tod. Wir wollen nicht, dass irgendeine Familie eine Waffe in ihrem Haus hat\u201c, erkl\u00e4rte Sheinbaum mit dem Ziel, die Ursachen von Gewalt im Land von der fr\u00fchen Kindheit an zu bek\u00e4mpfen.<\/p>\n<p>Mehrere Waffensammelstellen werden in Kirchen aller Glaubensrichtungen eingerichtet, um sie anschlie\u00dfend zu vernichten. Die Kampagne beginnt in Mexiko-Stadt und wird von dort aus auf andere von Gewalt stark betroffene Bundesstaaten wie Guanajuato, Baja California, State of Mexico, Tabasco und Guerrero ausgeweitet. Es ist das erste Mal, dass ein solcher Plan auf nationaler Ebene durchgef\u00fchrt wird, nachdem er in der Hauptstadt umgesetzt wurde, seit Sheinbaum Regierungschefin ist. Sheinbaum will den Plan nun auf andere, besonders problematische Gemeinden ausdehnen.<\/p>\n<p>Ziel ist es, einen Beitrag zur Verh\u00fctung und Verringerung von T\u00f6tungsdelikten und Femiziden, aber auch von Verletzungen und unbeabsichtigten Todesf\u00e4llen durch Schusswaffen zu leisten, an denen meist Minderj\u00e4hrige beteiligt sind.<\/p>\n","protected":false},"excerpt":{"rendered":"<p>Die mexikanische Regierung von Claudia Sheinbaum hat den Nationalen Freiwilligen Entwaffnungsplan \u201eJa zur Entwaffnung, Ja zum Frieden\u201c ins Leben gerufen, ein Programm, das die Bev\u00f6lkerung dazu bringen soll, ihre Schusswaffen gegen eine finanzielle Entsch\u00e4digung abzugeben. Die Pr\u00e4sidentin, begleitet von den&hellip;<\/p>\n","protected":false},"author":1300,"featured_media":2576268,"comment_status":"closed","ping_status":"closed","sticky":false,"template":"","format":"standard","meta":{"footnotes":""},"categories":[9167,9152,11387],"tags":[129941,127571,25757,29474],"class_list":["post-2576267","post","type-post","status-publish","format-standard","has-post-thumbnail","hentry","category-frieden-und-abruestung","category-nordamerika","category-originalinhalt","tag-claudia-sheinbaum-de","tag-frieden-de","tag-mexiko","tag-waffen"],"yoast_head":"<!-- This site is optimized with the Yoast SEO plugin v27.1.1 - https:\/\/yoast.com\/product\/yoast-seo-wordpress\/ -->\n<title>Mexikos Programm \u201eJa zur Entwaffnung, Ja zum Frieden&quot;<\/title>\n<meta name=\"description\" content=\"Die mexikanische Regierung von Claudia Sheinbaum hat den Nationalen Freiwilligen Entwaffnungsplan \u201eJa zur Entwaffnung, Ja zum Frieden\u201c ins Leben gerufen,\" \/>\n<meta name=\"robots\" content=\"index, follow, max-snippet:-1, max-image-preview:large, max-video-preview:-1\" \/>\n<link rel=\"canonical\" href=\"https:\/\/www.pressenza.com\/de\/2025\/01\/mexikos-programm-ja-zur-entwaffnung-ja-zum-frieden\/\" \/>\n<meta property=\"og:locale\" content=\"de_DE\" \/>\n<meta property=\"og:type\" content=\"article\" \/>\n<meta property=\"og:title\" content=\"Mexikos Programm \u201eJa zur Entwaffnung, Ja zum Frieden&quot;\" \/>\n<meta property=\"og:description\" content=\"Die mexikanische Regierung von Claudia Sheinbaum hat den Nationalen Freiwilligen Entwaffnungsplan \u201eJa zur Entwaffnung, Ja zum Frieden\u201c ins Leben gerufen,\" \/>\n<meta property=\"og:url\" content=\"https:\/\/www.pressenza.com\/de\/2025\/01\/mexikos-programm-ja-zur-entwaffnung-ja-zum-frieden\/\" \/>\n<meta property=\"og:site_name\" content=\"Pressenza\" \/>\n<meta property=\"article:publisher\" content=\"https:\/\/www.facebook.com\/PressenzaItalia\" \/>\n<meta property=\"article:published_time\" content=\"2025-01-14T16:59:58+00:00\" \/>\n<meta property=\"og:image\" content=\"https:\/\/www.pressenza.com\/wp-content\/uploads\/2025\/01\/Claudia-She.jpeg\" \/>\n\t<meta property=\"og:image:width\" content=\"1920\" \/>\n\t<meta property=\"og:image:height\" content=\"1316\" \/>\n\t<meta property=\"og:image:type\" content=\"image\/jpeg\" \/>\n<meta name=\"author\" content=\"Redacci\u00f3n M\u00e9xico\" \/>\n<meta name=\"twitter:card\" content=\"summary_large_image\" \/>\n<meta name=\"twitter:creator\" content=\"@PressenzaIPA\" \/>\n<meta name=\"twitter:site\" content=\"@PressenzaIPA\" \/>\n<meta name=\"twitter:label1\" content=\"Verfasst von\" \/>\n\t<meta name=\"twitter:data1\" content=\"Redacci\u00f3n M\u00e9xico\" \/>\n\t<meta name=\"twitter:label2\" content=\"Gesch\u00e4tzte Lesezeit\" \/>\n\t<meta name=\"twitter:data2\" content=\"1\u00a0Minute\" \/>\n<script type=\"application\/ld+json\" class=\"yoast-schema-graph\">{\"@context\":\"https:\/\/schema.org\",\"@graph\":[{\"@type\":\"Article\",\"@id\":\"https:\/\/www.pressenza.com\/de\/2025\/01\/mexikos-programm-ja-zur-entwaffnung-ja-zum-frieden\/#article\",\"isPartOf\":{\"@id\":\"https:\/\/www.pressenza.com\/de\/2025\/01\/mexikos-programm-ja-zur-entwaffnung-ja-zum-frieden\/\"},\"author\":{\"name\":\"Redacci\u00f3n M\u00e9xico\",\"@id\":\"https:\/\/www.pressenza.com\/de\/#\/schema\/person\/ea3a5d108f4abbf76bec1ad953cf74f4\"},\"headline\":\"Mexikos Programm \u201eJa zur Entwaffnung, Ja zum Frieden&#8220;\",\"datePublished\":\"2025-01-14T16:59:58+00:00\",\"mainEntityOfPage\":{\"@id\":\"https:\/\/www.pressenza.com\/de\/2025\/01\/mexikos-programm-ja-zur-entwaffnung-ja-zum-frieden\/\"},\"wordCount\":240,\"publisher\":{\"@id\":\"https:\/\/www.pressenza.com\/de\/#organization\"},\"image\":{\"@id\":\"https:\/\/www.pressenza.com\/de\/2025\/01\/mexikos-programm-ja-zur-entwaffnung-ja-zum-frieden\/#primaryimage\"},\"thumbnailUrl\":\"https:\/\/www.pressenza.com\/wp-content\/uploads\/2025\/01\/Claudia-She.jpeg\",\"keywords\":[\"Claudia Sheinbaum\",\"Frieden\",\"Mexiko\",\"Waffen\"],\"articleSection\":[\"Frieden und Abr\u00fcstung\",\"Nordamerika\",\"Originalinhalt\"],\"inLanguage\":\"de\"},{\"@type\":\"WebPage\",\"@id\":\"https:\/\/www.pressenza.com\/de\/2025\/01\/mexikos-programm-ja-zur-entwaffnung-ja-zum-frieden\/\",\"url\":\"https:\/\/www.pressenza.com\/de\/2025\/01\/mexikos-programm-ja-zur-entwaffnung-ja-zum-frieden\/\",\"name\":\"Mexikos Programm \u201eJa zur Entwaffnung, Ja zum Frieden\\\"\",\"isPartOf\":{\"@id\":\"https:\/\/www.pressenza.com\/de\/#website\"},\"primaryImageOfPage\":{\"@id\":\"https:\/\/www.pressenza.com\/de\/2025\/01\/mexikos-programm-ja-zur-entwaffnung-ja-zum-frieden\/#primaryimage\"},\"image\":{\"@id\":\"https:\/\/www.pressenza.com\/de\/2025\/01\/mexikos-programm-ja-zur-entwaffnung-ja-zum-frieden\/#primaryimage\"},\"thumbnailUrl\":\"https:\/\/www.pressenza.com\/wp-content\/uploads\/2025\/01\/Claudia-She.jpeg\",\"datePublished\":\"2025-01-14T16:59:58+00:00\",\"description\":\"Die mexikanische Regierung von Claudia Sheinbaum hat den Nationalen Freiwilligen Entwaffnungsplan \u201eJa zur Entwaffnung, Ja zum Frieden\u201c ins Leben gerufen,\",\"breadcrumb\":{\"@id\":\"https:\/\/www.pressenza.com\/de\/2025\/01\/mexikos-programm-ja-zur-entwaffnung-ja-zum-frieden\/#breadcrumb\"},\"inLanguage\":\"de\",\"potentialAction\":[{\"@type\":\"ReadAction\",\"target\":[\"https:\/\/www.pressenza.com\/de\/2025\/01\/mexikos-programm-ja-zur-entwaffnung-ja-zum-frieden\/\"]}]},{\"@type\":\"ImageObject\",\"inLanguage\":\"de\",\"@id\":\"https:\/\/www.pressenza.com\/de\/2025\/01\/mexikos-programm-ja-zur-entwaffnung-ja-zum-frieden\/#primaryimage\",\"url\":\"https:\/\/www.pressenza.com\/wp-content\/uploads\/2025\/01\/Claudia-She.jpeg\",\"contentUrl\":\"https:\/\/www.pressenza.com\/wp-content\/uploads\/2025\/01\/Claudia-She.jpeg\",\"width\":1920,\"height\":1316},{\"@type\":\"BreadcrumbList\",\"@id\":\"https:\/\/www.pressenza.com\/de\/2025\/01\/mexikos-programm-ja-zur-entwaffnung-ja-zum-frieden\/#breadcrumb\",\"itemListElement\":[{\"@type\":\"ListItem\",\"position\":1,\"name\":\"Accueil\",\"item\":\"https:\/\/www.pressenza.com\/de\/\"},{\"@type\":\"ListItem\",\"position\":2,\"name\":\"Mexikos Programm \u201eJa zur Entwaffnung, Ja zum Frieden&#8220;\"}]},{\"@type\":\"WebSite\",\"@id\":\"https:\/\/www.pressenza.com\/de\/#website\",\"url\":\"https:\/\/www.pressenza.com\/de\/\",\"name\":\"Pressenza\",\"description\":\"International Press Agency\",\"publisher\":{\"@id\":\"https:\/\/www.pressenza.com\/de\/#organization\"},\"potentialAction\":[{\"@type\":\"SearchAction\",\"target\":{\"@type\":\"EntryPoint\",\"urlTemplate\":\"https:\/\/www.pressenza.com\/de\/?s={search_term_string}\"},\"query-input\":{\"@type\":\"PropertyValueSpecification\",\"valueRequired\":true,\"valueName\":\"search_term_string\"}}],\"inLanguage\":\"de\"},{\"@type\":\"Organization\",\"@id\":\"https:\/\/www.pressenza.com\/de\/#organization\",\"name\":\"Pressenza\",\"url\":\"https:\/\/www.pressenza.com\/de\/\",\"logo\":{\"@type\":\"ImageObject\",\"inLanguage\":\"de\",\"@id\":\"https:\/\/www.pressenza.com\/de\/#\/schema\/logo\/image\/\",\"url\":\"https:\/\/www.pressenza.com\/wp-content\/uploads\/2022\/10\/pressenza_logo_200x200.jpg\",\"contentUrl\":\"https:\/\/www.pressenza.com\/wp-content\/uploads\/2022\/10\/pressenza_logo_200x200.jpg\",\"width\":200,\"height\":200,\"caption\":\"Pressenza\"},\"image\":{\"@id\":\"https:\/\/www.pressenza.com\/de\/#\/schema\/logo\/image\/\"},\"sameAs\":[\"https:\/\/www.facebook.com\/PressenzaItalia\",\"https:\/\/x.com\/PressenzaIPA\"]},{\"@type\":\"Person\",\"@id\":\"https:\/\/www.pressenza.com\/de\/#\/schema\/person\/ea3a5d108f4abbf76bec1ad953cf74f4\",\"name\":\"Redacci\u00f3n M\u00e9xico\",\"description\":\"News published by the Pressenza Bureau in Mexico\",\"url\":\"https:\/\/www.pressenza.com\/de\/author\/redaccion-mexico\/\"}]}<\/script>\n<!-- \/ Yoast SEO plugin. -->","yoast_head_json":{"title":"Mexikos Programm \u201eJa zur Entwaffnung, Ja zum Frieden\"","description":"Die mexikanische Regierung von Claudia Sheinbaum hat den Nationalen Freiwilligen Entwaffnungsplan \u201eJa zur Entwaffnung, Ja zum Frieden\u201c ins Leben gerufen,","robots":{"index":"index","follow":"follow","max-snippet":"max-snippet:-1","max-image-preview":"max-image-preview:large","max-video-preview":"max-video-preview:-1"},"canonical":"https:\/\/www.pressenza.com\/de\/2025\/01\/mexikos-programm-ja-zur-entwaffnung-ja-zum-frieden\/","og_locale":"de_DE","og_type":"article","og_title":"Mexikos Programm \u201eJa zur Entwaffnung, Ja zum Frieden\"","og_description":"Die mexikanische Regierung von Claudia Sheinbaum hat den Nationalen Freiwilligen Entwaffnungsplan \u201eJa zur Entwaffnung, Ja zum Frieden\u201c ins Leben gerufen,","og_url":"https:\/\/www.pressenza.com\/de\/2025\/01\/mexikos-programm-ja-zur-entwaffnung-ja-zum-frieden\/","og_site_name":"Pressenza","article_publisher":"https:\/\/www.facebook.com\/PressenzaItalia","article_published_time":"2025-01-14T16:59:58+00:00","og_image":[{"width":1920,"height":1316,"url":"https:\/\/www.pressenza.com\/wp-content\/uploads\/2025\/01\/Claudia-She.jpeg","type":"image\/jpeg"}],"author":"Redacci\u00f3n M\u00e9xico","twitter_card":"summary_large_image","twitter_creator":"@PressenzaIPA","twitter_site":"@PressenzaIPA","twitter_misc":{"Verfasst von":"Redacci\u00f3n M\u00e9xico","Gesch\u00e4tzte Lesezeit":"1\u00a0Minute"},"schema":{"@context":"https:\/\/schema.org","@graph":[{"@type":"Article","@id":"https:\/\/www.pressenza.com\/de\/2025\/01\/mexikos-programm-ja-zur-entwaffnung-ja-zum-frieden\/#article","isPartOf":{"@id":"https:\/\/www.pressenza.com\/de\/2025\/01\/mexikos-programm-ja-zur-entwaffnung-ja-zum-frieden\/"},"author":{"name":"Redacci\u00f3n M\u00e9xico","@id":"https:\/\/www.pressenza.com\/de\/#\/schema\/person\/ea3a5d108f4abbf76bec1ad953cf74f4"},"headline":"Mexikos Programm \u201eJa zur Entwaffnung, Ja zum Frieden&#8220;","datePublished":"2025-01-14T16:59:58+00:00","mainEntityOfPage":{"@id":"https:\/\/www.pressenza.com\/de\/2025\/01\/mexikos-programm-ja-zur-entwaffnung-ja-zum-frieden\/"},"wordCount":240,"publisher":{"@id":"https:\/\/www.pressenza.com\/de\/#organization"},"image":{"@id":"https:\/\/www.pressenza.com\/de\/2025\/01\/mexikos-programm-ja-zur-entwaffnung-ja-zum-frieden\/#primaryimage"},"thumbnailUrl":"https:\/\/www.pressenza.com\/wp-content\/uploads\/2025\/01\/Claudia-She.jpeg","keywords":["Claudia Sheinbaum","Frieden","Mexiko","Waffen"],"articleSection":["Frieden und Abr\u00fcstung","Nordamerika","Originalinhalt"],"inLanguage":"de"},{"@type":"WebPage","@id":"https:\/\/www.pressenza.com\/de\/2025\/01\/mexikos-programm-ja-zur-entwaffnung-ja-zum-frieden\/","url":"https:\/\/www.pressenza.com\/de\/2025\/01\/mexikos-programm-ja-zur-entwaffnung-ja-zum-frieden\/","name":"Mexikos Programm \u201eJa zur Entwaffnung, Ja zum Frieden\"","isPartOf":{"@id":"https:\/\/www.pressenza.com\/de\/#website"},"primaryImageOfPage":{"@id":"https:\/\/www.pressenza.com\/de\/2025\/01\/mexikos-programm-ja-zur-entwaffnung-ja-zum-frieden\/#primaryimage"},"image":{"@id":"https:\/\/www.pressenza.com\/de\/2025\/01\/mexikos-programm-ja-zur-entwaffnung-ja-zum-frieden\/#primaryimage"},"thumbnailUrl":"https:\/\/www.pressenza.com\/wp-content\/uploads\/2025\/01\/Claudia-She.jpeg","datePublished":"2025-01-14T16:59:58+00:00","description":"Die mexikanische Regierung von Claudia Sheinbaum hat den Nationalen Freiwilligen Entwaffnungsplan \u201eJa zur Entwaffnung, Ja zum Frieden\u201c ins Leben gerufen,","breadcrumb":{"@id":"https:\/\/www.pressenza.com\/de\/2025\/01\/mexikos-programm-ja-zur-entwaffnung-ja-zum-frieden\/#breadcrumb"},"inLanguage":"de","potentialAction":[{"@type":"ReadAction","target":["https:\/\/www.pressenza.com\/de\/2025\/01\/mexikos-programm-ja-zur-entwaffnung-ja-zum-frieden\/"]}]},{"@type":"ImageObject","inLanguage":"de","@id":"https:\/\/www.pressenza.com\/de\/2025\/01\/mexikos-programm-ja-zur-entwaffnung-ja-zum-frieden\/#primaryimage","url":"https:\/\/www.pressenza.com\/wp-content\/uploads\/2025\/01\/Claudia-She.jpeg","contentUrl":"https:\/\/www.pressenza.com\/wp-content\/uploads\/2025\/01\/Claudia-She.jpeg","width":1920,"height":1316},{"@type":"BreadcrumbList","@id":"https:\/\/www.pressenza.com\/de\/2025\/01\/mexikos-programm-ja-zur-entwaffnung-ja-zum-frieden\/#breadcrumb","itemListElement":[{"@type":"ListItem","position":1,"name":"Accueil","item":"https:\/\/www.pressenza.com\/de\/"},{"@type":"ListItem","position":2,"name":"Mexikos Programm \u201eJa zur Entwaffnung, Ja zum Frieden&#8220;"}]},{"@type":"WebSite","@id":"https:\/\/www.pressenza.com\/de\/#website","url":"https:\/\/www.pressenza.com\/de\/","name":"Pressenza","description":"International Press Agency","publisher":{"@id":"https:\/\/www.pressenza.com\/de\/#organization"},"potentialAction":[{"@type":"SearchAction","target":{"@type":"EntryPoint","urlTemplate":"https:\/\/www.pressenza.com\/de\/?s={search_term_string}"},"query-input":{"@type":"PropertyValueSpecification","valueRequired":true,"valueName":"search_term_string"}}],"inLanguage":"de"},{"@type":"Organization","@id":"https:\/\/www.pressenza.com\/de\/#organization","name":"Pressenza","url":"https:\/\/www.pressenza.com\/de\/","logo":{"@type":"ImageObject","inLanguage":"de","@id":"https:\/\/www.pressenza.com\/de\/#\/schema\/logo\/image\/","url":"https:\/\/www.pressenza.com\/wp-content\/uploads\/2022\/10\/pressenza_logo_200x200.jpg","contentUrl":"https:\/\/www.pressenza.com\/wp-content\/uploads\/2022\/10\/pressenza_logo_200x200.jpg","width":200,"height":200,"caption":"Pressenza"},"image":{"@id":"https:\/\/www.pressenza.com\/de\/#\/schema\/logo\/image\/"},"sameAs":["https:\/\/www.facebook.com\/PressenzaItalia","https:\/\/x.com\/PressenzaIPA"]},{"@type":"Person","@id":"https:\/\/www.pressenza.com\/de\/#\/schema\/person\/ea3a5d108f4abbf76bec1ad953cf74f4","name":"Redacci\u00f3n M\u00e9xico","description":"News published by the Pressenza Bureau in Mexico","url":"https:\/\/www.pressenza.com\/de\/author\/redaccion-mexico\/"}]}},"place":"","original_article_url":"","_links":{"self":[{"href":"https:\/\/www.pressenza.com\/de\/wp-json\/wp\/v2\/posts\/2576267","targetHints":{"allow":["GET"]}}],"collection":[{"href":"https:\/\/www.pressenza.com\/de\/wp-json\/wp\/v2\/posts"}],"about":[{"href":"https:\/\/www.pressenza.com\/de\/wp-json\/wp\/v2\/types\/post"}],"author":[{"embeddable":true,"href":"https:\/\/www.pressenza.com\/de\/wp-json\/wp\/v2\/users\/1300"}],"replies":[{"embeddable":true,"href":"https:\/\/www.pressenza.com\/de\/wp-json\/wp\/v2\/comments?post=2576267"}],"version-history":[{"count":0,"href":"https:\/\/www.pressenza.com\/de\/wp-json\/wp\/v2\/posts\/2576267\/revisions"}],"wp:featuredmedia":[{"embeddable":true,"href":"https:\/\/www.pressenza.com\/de\/wp-json\/wp\/v2\/media\/2576268"}],"wp:attachment":[{"href":"https:\/\/www.pressenza.com\/de\/wp-json\/wp\/v2\/media?parent=2576267"}],"wp:term":[{"taxonomy":"category","embeddable":true,"href":"https:\/\/www.pressenza.com\/de\/wp-json\/wp\/v2\/categories?post=2576267"},{"taxonomy":"post_tag","embeddable":true,"href":"https:\/\/www.pressenza.com\/de\/wp-json\/wp\/v2\/tags?post=2576267"}],"curies":[{"name":"wp","href":"https:\/\/api.w.org\/{rel}","templated":true}]}}