{"id":257097,"date":"2015-12-13T15:04:31","date_gmt":"2015-12-13T15:04:31","guid":{"rendered":"http:\/\/www.pressenza.com\/de\/?p=257097"},"modified":"2015-12-13T15:08:06","modified_gmt":"2015-12-13T15:08:06","slug":"lateinamerikas-vision-zur-errichtung-einer-multipolaren-weltordnung","status":"publish","type":"post","link":"https:\/\/www.pressenza.com\/de\/2015\/12\/lateinamerikas-vision-zur-errichtung-einer-multipolaren-weltordnung\/","title":{"rendered":"Lateinamerikas Vision zur Errichtung einer multipolaren Weltordnung"},"content":{"rendered":"<p><strong>Im Rahmen des 22. bundesweiten und internationalen <a href=\"http:\/\/www.friedensratschlag.de\/\">Friedensratschlages<\/a> hat der Botschafter der Republik Ecuador in Deutschland, Jorge Jurado, am 6. Dezember vor ca. 500 Personen das Referat &#8222;Welchen Beitrag leistet Lateinamerika z\u00fcr \u00dcberwindung der unipolaren Weltordnung?&#8220; in der Universit\u00e4t Kassel gehalten.<\/strong><\/p>\n<p>W\u00e4hrend dieser Konferenz, die vom 5. bis 6. Dezember in Anwesenheit von Wissenschaftlern und Friedensaktivisten stattfand, hat der Botschafter das Beispiel Lateinamerikas und besonders Ecuadors bez\u00fcglich Flucht und Migration pr\u00e4sentiert: &#8222;<em>Ecuador ist das Land in Lateinamerika, das am meisten Fl\u00fcchtlinge aufgenommen hat. Ecuador richtet sich nach den verfassungsm\u00e4\u00dfigen Prinzipien der Nicht-Zur\u00fcckweisung des Asylbewerbers an der Grenze und der Nicht-Strafbarkeit des illegalen Grenz\u00fcbertritts oder illegalen Aufenthalts, au\u00dferdem nach dem Grundsatz der Nicht-Diskriminierung von Migranten.<\/em>&#8220; Bez\u00fcglich des politisch-historischen Kontextes den aktuellen Fl\u00fcchtlings- und Migrationskonflikte in Europa hat Botschafter Jurado die &#8222;hegemoniale Einmischung der Machtzentren&#8220; in Erinnerung gerufen. Gleichzeitig hat er die &#8222;Aufl\u00f6sung institutioneller Strukturen und den Verfall des Sozialgef\u00fcges&#8220; aufgrund ausl\u00e4ndischer Interventionen betont.<\/p>\n<p><a href=\"http:\/\/www.pressenza.com\/wp-content\/uploads\/2015\/12\/Friedensrataschlag_Kassel_2015.jpg\"><img loading=\"lazy\" decoding=\"async\" class=\"aligncenter size-large wp-image-257098\" src=\"http:\/\/www.pressenza.com\/wp-content\/uploads\/2015\/12\/Friedensrataschlag_Kassel_2015-720x290.jpg\" alt=\"Friedensrataschlag_Kassel_2015\" width=\"720\" height=\"290\" srcset=\"https:\/\/www.pressenza.com\/wp-content\/uploads\/2015\/12\/Friedensrataschlag_Kassel_2015-720x290.jpg 720w, https:\/\/www.pressenza.com\/wp-content\/uploads\/2015\/12\/Friedensrataschlag_Kassel_2015-300x121.jpg 300w\" sizes=\"auto, (max-width: 720px) 100vw, 720px\" \/><\/a><\/p>\n<p>Danach hat Botschafter Jorge Jurado die <em>Gemeinschaft der Lateinamerikanischen und Karibischen Staaten<\/em> CELAC als regionalen politischen Koordinations- sowie\u00a0 Kooperationsmechanismus erl\u00e4utert. Zudem hat er die wichtige Rolle der <em>Union S\u00fcdamerikanischer Nationen <\/em>UNASUR als Raum lateinamerikanischer Integration in den Bereichen Sozialpolitik, Bildung, Infrastruktur, Finanzierung und Umwelt geschildert: &#8222;<em>Das gemeinsame Ziel ist Ungleichheiten aus der Welt zu schaffen, die Demokratie zu st\u00e4rken und die Asymmetrien zu verringern, durch die neue regionale Finanzarchitektur, die Bank des S\u00fcdens und den Fonds des S\u00fcdens; zus\u00e4tzlich die Erschaffung einer regionalen W\u00e4hrung, eines eigenen Zahlungssystems und der Einrichtung der S\u00fcdamerikanischen Schiedsgerichtsstelle<\/em>&#8222;.<\/p>\n<p>Dieses Jahr beriet der Friedensratschlag in Kassel auch \u00fcber die TTIP-Verhandlungen zwischen der Europ\u00e4ischen Union und den Vereinigten Staaten. Diesbez\u00fcglich hob der Botschafter in seiner Rede hervor, was Pr\u00e4sident Rafael Correa in Paris w\u00e4hrend der gegenw\u00e4rtig stattfindenen UN-Klimakonferenz COP21 sagte: &#8222;<em>Es gilt, einen internationalen Umweltgerichtshof einzurichten, welcher Verletzungen der Rechte der Natur sanktionieren und<\/em> <em>Verpflichtungen hinsichtlich der \u00f6kologischen Schuld und des Verbrauchs von Umweltg\u00fctern erstellen sollte. Nichts rechtfertigt, dass wir Gerichte haben, um Investitionen zu sch\u00fctzen und die Bezahlung von Finanzschulden zu erzwingen, wir aber keine Gerichte haben, um die Natur zu sch\u00fctzen und die Bezahlung \u00f6kologischer Schulden zu erzwingen.<\/em><em>&#8222;<\/em> Der Botschafter schloss seinen Beitrag ab, indem er betonte, dass die Multipolarit\u00e4t an sich kein Selbstzweck sei, sondern ein Mechanismus, um eine gerechtere Weltordnung zu erreichen.<\/p>\n<p>Nach Beendigung dieser seit 1994 j\u00e4hrlich stattfindenden Veranstaltung wies der Sprecher des Kasseler Friedensforums, Frank Skischus, darauf hin, dass die Abschlussrede des Botschafters zu gro\u00dfem Enthousiasmus unter den Teilnehmern f\u00fchrte, denn der Botschafter erkl\u00e4rte auch, warum Ecuador heute ein weltweites Vorbild f\u00fcr antizyklische, gerechte Politik darstellt: er nannte das Beispiel des k\u00fcrzlich anerkannten Rentenanspruchs von nicht bezahlter menschlicher Arbeit, insbesondere Haushaltsarbeit, und erw\u00e4hnte die Lohndifferenzgrenze zwischen h\u00f6chsten und niedrigsten Geh\u00e4ltern.<\/p>\n<p>Botschafter Jurado nahm die Einladung der Veranstalter, Bundesausschuss Friedensratschlag, AG Friedensforschung sowie Kasseler Friedensforum, an, wobei insgesamt Vertreter von 150 deutschen Friedensinitiativen anwesend waren und die \u00fcber internationale Vernetzung mit weiteren Friedensgruppierungen aus \u00d6sterreich, der Schweiz, Frankreich, Belgien und den USA zusammenarbeitet.<em><br \/>\n<\/em><\/p>\n","protected":false},"excerpt":{"rendered":"<p>Im Rahmen des 22. bundesweiten und internationalen Friedensratschlages hat der Botschafter der Republik Ecuador in Deutschland, Jorge Jurado, am 6. Dezember vor ca. 500 Personen das Referat &#8222;Welchen Beitrag leistet Lateinamerika z\u00fcr \u00dcberwindung der unipolaren Weltordnung?&#8220; in der Universit\u00e4t Kassel&hellip;<\/p>\n","protected":false},"author":1095,"featured_media":257107,"comment_status":"closed","ping_status":"open","sticky":false,"template":"","format":"standard","meta":{"footnotes":""},"categories":[7835,9168,9145,9154],"tags":[10053,22488,11448,19156,22487],"class_list":["post-257097","post","type-post","status-publish","format-standard","has-post-thumbnail","hentry","category-international-de","category-politik","category-pressemitteilungen","category-suedamerika","tag-ecuador-de","tag-friedensratschlag","tag-jorge-jurado","tag-lateinamerika","tag-multipolare-weltordnung"],"yoast_head":"<!-- This site is optimized with the Yoast SEO plugin v27.1.1 - https:\/\/yoast.com\/product\/yoast-seo-wordpress\/ -->\n<title>Lateinamerikas Vision zur Errichtung einer multipolaren Weltordnung<\/title>\n<meta name=\"description\" content=\"Im Rahmen des 22. bundesweiten und internationalen Friedensratschlages hat der Botschafter der Republik Ecuador in Deutschland, Jorge Jurado, am 6.\" \/>\n<meta name=\"robots\" content=\"index, follow, max-snippet:-1, max-image-preview:large, max-video-preview:-1\" \/>\n<link rel=\"canonical\" href=\"https:\/\/www.pressenza.com\/de\/2015\/12\/lateinamerikas-vision-zur-errichtung-einer-multipolaren-weltordnung\/\" \/>\n<meta property=\"og:locale\" content=\"de_DE\" \/>\n<meta property=\"og:type\" content=\"article\" \/>\n<meta property=\"og:title\" content=\"Lateinamerikas Vision zur Errichtung einer multipolaren Weltordnung\" \/>\n<meta property=\"og:description\" content=\"Im Rahmen des 22. bundesweiten und internationalen Friedensratschlages hat der Botschafter der Republik Ecuador in Deutschland, Jorge Jurado, am 6.\" \/>\n<meta property=\"og:url\" content=\"https:\/\/www.pressenza.com\/de\/2015\/12\/lateinamerikas-vision-zur-errichtung-einer-multipolaren-weltordnung\/\" \/>\n<meta property=\"og:site_name\" content=\"Pressenza\" \/>\n<meta property=\"article:publisher\" content=\"https:\/\/www.facebook.com\/PressenzaItalia\" \/>\n<meta property=\"article:author\" content=\"https:\/\/www.facebook.com\/Pressenza-Deutschland-sterreich-Schweiz-281675388658060\/timeline\/\" \/>\n<meta property=\"article:published_time\" content=\"2015-12-13T15:04:31+00:00\" \/>\n<meta property=\"article:modified_time\" content=\"2015-12-13T15:08:06+00:00\" \/>\n<meta property=\"og:image\" content=\"https:\/\/www.pressenza.com\/wp-content\/uploads\/2015\/12\/Ratschlag-g.jpg\" \/>\n\t<meta property=\"og:image:width\" content=\"985\" \/>\n\t<meta property=\"og:image:height\" content=\"625\" \/>\n\t<meta property=\"og:image:type\" content=\"image\/jpeg\" \/>\n<meta name=\"author\" content=\"Pressenza Berlin\" \/>\n<meta name=\"twitter:card\" content=\"summary_large_image\" \/>\n<meta name=\"twitter:creator\" content=\"@pressenza_ger\" \/>\n<meta name=\"twitter:site\" content=\"@PressenzaIPA\" \/>\n<meta name=\"twitter:label1\" content=\"Verfasst von\" \/>\n\t<meta name=\"twitter:data1\" content=\"Pressenza Berlin\" \/>\n\t<meta name=\"twitter:label2\" content=\"Gesch\u00e4tzte Lesezeit\" \/>\n\t<meta name=\"twitter:data2\" content=\"3\u00a0Minuten\" \/>\n<script type=\"application\/ld+json\" class=\"yoast-schema-graph\">{\"@context\":\"https:\/\/schema.org\",\"@graph\":[{\"@type\":\"Article\",\"@id\":\"https:\/\/www.pressenza.com\/de\/2015\/12\/lateinamerikas-vision-zur-errichtung-einer-multipolaren-weltordnung\/#article\",\"isPartOf\":{\"@id\":\"https:\/\/www.pressenza.com\/de\/2015\/12\/lateinamerikas-vision-zur-errichtung-einer-multipolaren-weltordnung\/\"},\"author\":{\"name\":\"Pressenza Berlin\",\"@id\":\"https:\/\/www.pressenza.com\/de\/#\/schema\/person\/57bb5480943a496a7722b0248e4b658a\"},\"headline\":\"Lateinamerikas Vision zur Errichtung einer multipolaren Weltordnung\",\"datePublished\":\"2015-12-13T15:04:31+00:00\",\"dateModified\":\"2015-12-13T15:08:06+00:00\",\"mainEntityOfPage\":{\"@id\":\"https:\/\/www.pressenza.com\/de\/2015\/12\/lateinamerikas-vision-zur-errichtung-einer-multipolaren-weltordnung\/\"},\"wordCount\":524,\"publisher\":{\"@id\":\"https:\/\/www.pressenza.com\/de\/#organization\"},\"image\":{\"@id\":\"https:\/\/www.pressenza.com\/de\/2015\/12\/lateinamerikas-vision-zur-errichtung-einer-multipolaren-weltordnung\/#primaryimage\"},\"thumbnailUrl\":\"https:\/\/www.pressenza.com\/wp-content\/uploads\/2015\/12\/Ratschlag-g.jpg\",\"keywords\":[\"Ecuador\",\"Friedensratschlag\",\"Jorge Jurado\",\"Lateinamerika\",\"multipolare Weltordnung\"],\"articleSection\":[\"International\",\"Politik\",\"Pressemitteilungen\",\"S\u00fcdamerika\"],\"inLanguage\":\"de\"},{\"@type\":\"WebPage\",\"@id\":\"https:\/\/www.pressenza.com\/de\/2015\/12\/lateinamerikas-vision-zur-errichtung-einer-multipolaren-weltordnung\/\",\"url\":\"https:\/\/www.pressenza.com\/de\/2015\/12\/lateinamerikas-vision-zur-errichtung-einer-multipolaren-weltordnung\/\",\"name\":\"Lateinamerikas Vision zur Errichtung einer multipolaren Weltordnung\",\"isPartOf\":{\"@id\":\"https:\/\/www.pressenza.com\/de\/#website\"},\"primaryImageOfPage\":{\"@id\":\"https:\/\/www.pressenza.com\/de\/2015\/12\/lateinamerikas-vision-zur-errichtung-einer-multipolaren-weltordnung\/#primaryimage\"},\"image\":{\"@id\":\"https:\/\/www.pressenza.com\/de\/2015\/12\/lateinamerikas-vision-zur-errichtung-einer-multipolaren-weltordnung\/#primaryimage\"},\"thumbnailUrl\":\"https:\/\/www.pressenza.com\/wp-content\/uploads\/2015\/12\/Ratschlag-g.jpg\",\"datePublished\":\"2015-12-13T15:04:31+00:00\",\"dateModified\":\"2015-12-13T15:08:06+00:00\",\"description\":\"Im Rahmen des 22. bundesweiten und internationalen Friedensratschlages hat der Botschafter der Republik Ecuador in Deutschland, Jorge Jurado, am 6.\",\"breadcrumb\":{\"@id\":\"https:\/\/www.pressenza.com\/de\/2015\/12\/lateinamerikas-vision-zur-errichtung-einer-multipolaren-weltordnung\/#breadcrumb\"},\"inLanguage\":\"de\",\"potentialAction\":[{\"@type\":\"ReadAction\",\"target\":[\"https:\/\/www.pressenza.com\/de\/2015\/12\/lateinamerikas-vision-zur-errichtung-einer-multipolaren-weltordnung\/\"]}]},{\"@type\":\"ImageObject\",\"inLanguage\":\"de\",\"@id\":\"https:\/\/www.pressenza.com\/de\/2015\/12\/lateinamerikas-vision-zur-errichtung-einer-multipolaren-weltordnung\/#primaryimage\",\"url\":\"https:\/\/www.pressenza.com\/wp-content\/uploads\/2015\/12\/Ratschlag-g.jpg\",\"contentUrl\":\"https:\/\/www.pressenza.com\/wp-content\/uploads\/2015\/12\/Ratschlag-g.jpg\",\"width\":985,\"height\":625},{\"@type\":\"BreadcrumbList\",\"@id\":\"https:\/\/www.pressenza.com\/de\/2015\/12\/lateinamerikas-vision-zur-errichtung-einer-multipolaren-weltordnung\/#breadcrumb\",\"itemListElement\":[{\"@type\":\"ListItem\",\"position\":1,\"name\":\"Accueil\",\"item\":\"https:\/\/www.pressenza.com\/de\/\"},{\"@type\":\"ListItem\",\"position\":2,\"name\":\"Lateinamerikas Vision zur Errichtung einer multipolaren Weltordnung\"}]},{\"@type\":\"WebSite\",\"@id\":\"https:\/\/www.pressenza.com\/de\/#website\",\"url\":\"https:\/\/www.pressenza.com\/de\/\",\"name\":\"Pressenza\",\"description\":\"International Press Agency\",\"publisher\":{\"@id\":\"https:\/\/www.pressenza.com\/de\/#organization\"},\"potentialAction\":[{\"@type\":\"SearchAction\",\"target\":{\"@type\":\"EntryPoint\",\"urlTemplate\":\"https:\/\/www.pressenza.com\/de\/?s={search_term_string}\"},\"query-input\":{\"@type\":\"PropertyValueSpecification\",\"valueRequired\":true,\"valueName\":\"search_term_string\"}}],\"inLanguage\":\"de\"},{\"@type\":\"Organization\",\"@id\":\"https:\/\/www.pressenza.com\/de\/#organization\",\"name\":\"Pressenza\",\"url\":\"https:\/\/www.pressenza.com\/de\/\",\"logo\":{\"@type\":\"ImageObject\",\"inLanguage\":\"de\",\"@id\":\"https:\/\/www.pressenza.com\/de\/#\/schema\/logo\/image\/\",\"url\":\"https:\/\/www.pressenza.com\/wp-content\/uploads\/2022\/10\/pressenza_logo_200x200.jpg\",\"contentUrl\":\"https:\/\/www.pressenza.com\/wp-content\/uploads\/2022\/10\/pressenza_logo_200x200.jpg\",\"width\":200,\"height\":200,\"caption\":\"Pressenza\"},\"image\":{\"@id\":\"https:\/\/www.pressenza.com\/de\/#\/schema\/logo\/image\/\"},\"sameAs\":[\"https:\/\/www.facebook.com\/PressenzaItalia\",\"https:\/\/x.com\/PressenzaIPA\"]},{\"@type\":\"Person\",\"@id\":\"https:\/\/www.pressenza.com\/de\/#\/schema\/person\/57bb5480943a496a7722b0248e4b658a\",\"name\":\"Pressenza Berlin\",\"description\":\"News from the Pressenza Bureau in Berlin, Germany\",\"sameAs\":[\"https:\/\/www.facebook.com\/Pressenza-Deutschland-sterreich-Schweiz-281675388658060\/timeline\/\",\"https:\/\/x.com\/pressenza_ger\"],\"url\":\"https:\/\/www.pressenza.com\/de\/author\/pressenza-berlin\/\"}]}<\/script>\n<!-- \/ Yoast SEO plugin. -->","yoast_head_json":{"title":"Lateinamerikas Vision zur Errichtung einer multipolaren Weltordnung","description":"Im Rahmen des 22. bundesweiten und internationalen Friedensratschlages hat der Botschafter der Republik Ecuador in Deutschland, Jorge Jurado, am 6.","robots":{"index":"index","follow":"follow","max-snippet":"max-snippet:-1","max-image-preview":"max-image-preview:large","max-video-preview":"max-video-preview:-1"},"canonical":"https:\/\/www.pressenza.com\/de\/2015\/12\/lateinamerikas-vision-zur-errichtung-einer-multipolaren-weltordnung\/","og_locale":"de_DE","og_type":"article","og_title":"Lateinamerikas Vision zur Errichtung einer multipolaren Weltordnung","og_description":"Im Rahmen des 22. bundesweiten und internationalen Friedensratschlages hat der Botschafter der Republik Ecuador in Deutschland, Jorge Jurado, am 6.","og_url":"https:\/\/www.pressenza.com\/de\/2015\/12\/lateinamerikas-vision-zur-errichtung-einer-multipolaren-weltordnung\/","og_site_name":"Pressenza","article_publisher":"https:\/\/www.facebook.com\/PressenzaItalia","article_author":"https:\/\/www.facebook.com\/Pressenza-Deutschland-sterreich-Schweiz-281675388658060\/timeline\/","article_published_time":"2015-12-13T15:04:31+00:00","article_modified_time":"2015-12-13T15:08:06+00:00","og_image":[{"width":985,"height":625,"url":"https:\/\/www.pressenza.com\/wp-content\/uploads\/2015\/12\/Ratschlag-g.jpg","type":"image\/jpeg"}],"author":"Pressenza Berlin","twitter_card":"summary_large_image","twitter_creator":"@pressenza_ger","twitter_site":"@PressenzaIPA","twitter_misc":{"Verfasst von":"Pressenza Berlin","Gesch\u00e4tzte Lesezeit":"3\u00a0Minuten"},"schema":{"@context":"https:\/\/schema.org","@graph":[{"@type":"Article","@id":"https:\/\/www.pressenza.com\/de\/2015\/12\/lateinamerikas-vision-zur-errichtung-einer-multipolaren-weltordnung\/#article","isPartOf":{"@id":"https:\/\/www.pressenza.com\/de\/2015\/12\/lateinamerikas-vision-zur-errichtung-einer-multipolaren-weltordnung\/"},"author":{"name":"Pressenza Berlin","@id":"https:\/\/www.pressenza.com\/de\/#\/schema\/person\/57bb5480943a496a7722b0248e4b658a"},"headline":"Lateinamerikas Vision zur Errichtung einer multipolaren Weltordnung","datePublished":"2015-12-13T15:04:31+00:00","dateModified":"2015-12-13T15:08:06+00:00","mainEntityOfPage":{"@id":"https:\/\/www.pressenza.com\/de\/2015\/12\/lateinamerikas-vision-zur-errichtung-einer-multipolaren-weltordnung\/"},"wordCount":524,"publisher":{"@id":"https:\/\/www.pressenza.com\/de\/#organization"},"image":{"@id":"https:\/\/www.pressenza.com\/de\/2015\/12\/lateinamerikas-vision-zur-errichtung-einer-multipolaren-weltordnung\/#primaryimage"},"thumbnailUrl":"https:\/\/www.pressenza.com\/wp-content\/uploads\/2015\/12\/Ratschlag-g.jpg","keywords":["Ecuador","Friedensratschlag","Jorge Jurado","Lateinamerika","multipolare Weltordnung"],"articleSection":["International","Politik","Pressemitteilungen","S\u00fcdamerika"],"inLanguage":"de"},{"@type":"WebPage","@id":"https:\/\/www.pressenza.com\/de\/2015\/12\/lateinamerikas-vision-zur-errichtung-einer-multipolaren-weltordnung\/","url":"https:\/\/www.pressenza.com\/de\/2015\/12\/lateinamerikas-vision-zur-errichtung-einer-multipolaren-weltordnung\/","name":"Lateinamerikas Vision zur Errichtung einer multipolaren Weltordnung","isPartOf":{"@id":"https:\/\/www.pressenza.com\/de\/#website"},"primaryImageOfPage":{"@id":"https:\/\/www.pressenza.com\/de\/2015\/12\/lateinamerikas-vision-zur-errichtung-einer-multipolaren-weltordnung\/#primaryimage"},"image":{"@id":"https:\/\/www.pressenza.com\/de\/2015\/12\/lateinamerikas-vision-zur-errichtung-einer-multipolaren-weltordnung\/#primaryimage"},"thumbnailUrl":"https:\/\/www.pressenza.com\/wp-content\/uploads\/2015\/12\/Ratschlag-g.jpg","datePublished":"2015-12-13T15:04:31+00:00","dateModified":"2015-12-13T15:08:06+00:00","description":"Im Rahmen des 22. bundesweiten und internationalen Friedensratschlages hat der Botschafter der Republik Ecuador in Deutschland, Jorge Jurado, am 6.","breadcrumb":{"@id":"https:\/\/www.pressenza.com\/de\/2015\/12\/lateinamerikas-vision-zur-errichtung-einer-multipolaren-weltordnung\/#breadcrumb"},"inLanguage":"de","potentialAction":[{"@type":"ReadAction","target":["https:\/\/www.pressenza.com\/de\/2015\/12\/lateinamerikas-vision-zur-errichtung-einer-multipolaren-weltordnung\/"]}]},{"@type":"ImageObject","inLanguage":"de","@id":"https:\/\/www.pressenza.com\/de\/2015\/12\/lateinamerikas-vision-zur-errichtung-einer-multipolaren-weltordnung\/#primaryimage","url":"https:\/\/www.pressenza.com\/wp-content\/uploads\/2015\/12\/Ratschlag-g.jpg","contentUrl":"https:\/\/www.pressenza.com\/wp-content\/uploads\/2015\/12\/Ratschlag-g.jpg","width":985,"height":625},{"@type":"BreadcrumbList","@id":"https:\/\/www.pressenza.com\/de\/2015\/12\/lateinamerikas-vision-zur-errichtung-einer-multipolaren-weltordnung\/#breadcrumb","itemListElement":[{"@type":"ListItem","position":1,"name":"Accueil","item":"https:\/\/www.pressenza.com\/de\/"},{"@type":"ListItem","position":2,"name":"Lateinamerikas Vision zur Errichtung einer multipolaren Weltordnung"}]},{"@type":"WebSite","@id":"https:\/\/www.pressenza.com\/de\/#website","url":"https:\/\/www.pressenza.com\/de\/","name":"Pressenza","description":"International Press Agency","publisher":{"@id":"https:\/\/www.pressenza.com\/de\/#organization"},"potentialAction":[{"@type":"SearchAction","target":{"@type":"EntryPoint","urlTemplate":"https:\/\/www.pressenza.com\/de\/?s={search_term_string}"},"query-input":{"@type":"PropertyValueSpecification","valueRequired":true,"valueName":"search_term_string"}}],"inLanguage":"de"},{"@type":"Organization","@id":"https:\/\/www.pressenza.com\/de\/#organization","name":"Pressenza","url":"https:\/\/www.pressenza.com\/de\/","logo":{"@type":"ImageObject","inLanguage":"de","@id":"https:\/\/www.pressenza.com\/de\/#\/schema\/logo\/image\/","url":"https:\/\/www.pressenza.com\/wp-content\/uploads\/2022\/10\/pressenza_logo_200x200.jpg","contentUrl":"https:\/\/www.pressenza.com\/wp-content\/uploads\/2022\/10\/pressenza_logo_200x200.jpg","width":200,"height":200,"caption":"Pressenza"},"image":{"@id":"https:\/\/www.pressenza.com\/de\/#\/schema\/logo\/image\/"},"sameAs":["https:\/\/www.facebook.com\/PressenzaItalia","https:\/\/x.com\/PressenzaIPA"]},{"@type":"Person","@id":"https:\/\/www.pressenza.com\/de\/#\/schema\/person\/57bb5480943a496a7722b0248e4b658a","name":"Pressenza Berlin","description":"News from the Pressenza Bureau in Berlin, Germany","sameAs":["https:\/\/www.facebook.com\/Pressenza-Deutschland-sterreich-Schweiz-281675388658060\/timeline\/","https:\/\/x.com\/pressenza_ger"],"url":"https:\/\/www.pressenza.com\/de\/author\/pressenza-berlin\/"}]}},"place":"Berlin","original_article_url":"http:\/\/alemania.embajada.gob.ec\/botschafter-jorge-jurado-spricht-beim-22-friedensratschlag-uber-die-vision-lateinamerikas-zur-errichtung-einer-multipolaren-weltordnung\/","_links":{"self":[{"href":"https:\/\/www.pressenza.com\/de\/wp-json\/wp\/v2\/posts\/257097","targetHints":{"allow":["GET"]}}],"collection":[{"href":"https:\/\/www.pressenza.com\/de\/wp-json\/wp\/v2\/posts"}],"about":[{"href":"https:\/\/www.pressenza.com\/de\/wp-json\/wp\/v2\/types\/post"}],"author":[{"embeddable":true,"href":"https:\/\/www.pressenza.com\/de\/wp-json\/wp\/v2\/users\/1095"}],"replies":[{"embeddable":true,"href":"https:\/\/www.pressenza.com\/de\/wp-json\/wp\/v2\/comments?post=257097"}],"version-history":[{"count":0,"href":"https:\/\/www.pressenza.com\/de\/wp-json\/wp\/v2\/posts\/257097\/revisions"}],"wp:featuredmedia":[{"embeddable":true,"href":"https:\/\/www.pressenza.com\/de\/wp-json\/wp\/v2\/media\/257107"}],"wp:attachment":[{"href":"https:\/\/www.pressenza.com\/de\/wp-json\/wp\/v2\/media?parent=257097"}],"wp:term":[{"taxonomy":"category","embeddable":true,"href":"https:\/\/www.pressenza.com\/de\/wp-json\/wp\/v2\/categories?post=257097"},{"taxonomy":"post_tag","embeddable":true,"href":"https:\/\/www.pressenza.com\/de\/wp-json\/wp\/v2\/tags?post=257097"}],"curies":[{"name":"wp","href":"https:\/\/api.w.org\/{rel}","templated":true}]}}