{"id":2569670,"date":"2024-12-12T08:53:57","date_gmt":"2024-12-12T08:53:57","guid":{"rendered":"https:\/\/www.pressenza.com\/?p=2569670"},"modified":"2024-12-12T08:53:57","modified_gmt":"2024-12-12T08:53:57","slug":"frieden-foerdern-lobau-erhalten-wandern-fuer-eine-bessere-welt","status":"publish","type":"post","link":"https:\/\/www.pressenza.com\/de\/2024\/12\/frieden-foerdern-lobau-erhalten-wandern-fuer-eine-bessere-welt\/","title":{"rendered":"Frieden f\u00f6rdern, Lobau erhalten: Wandern f\u00fcr eine bessere Welt"},"content":{"rendered":"<p data-pm-slice=\"1 1 []\">Am <strong>Sonntag, den 19. Januar 2025,<\/strong> findet eine besondere Wanderung durch die Lobau statt, bei der sich alles um Umweltschutz, Frieden und den Erhalt des Nationalparks Donauauen dreht. Organisiert von den Initiativen <strong>\u201eWandern f\u00fcr den Frieden\u201c, \u201eLobau bleibt\u201c und \u201eRettet die Lobau \u2013 Natur statt Beton\u201c<\/strong>, steht die Veranstaltung unter dem Motto: <strong>Nein zum Lobautunnel! Ja zu Nachhaltigkeit, Toleranz und Weltfrieden!<\/strong><\/p>\n<p><strong>Ein starkes Zeichen setzen<\/strong><\/p>\n<p>Die geplante Wanderung soll nicht nur die Bedeutung des Nationalparks Donauauen unterstreichen, sondern auch auf die dringenden Herausforderungen unserer Zeit aufmerksam machen. Die Teilnehmer:innen protestieren gegen den Lobautunnel, der das empfindliche \u00f6kologische Gleichgewicht in der Region st\u00f6ren w\u00fcrde. Stattdessen fordern sie von der Politik Investitionen in Umweltschutz und soziale Projekte anstelle von Waffen und R\u00fcstung.<\/p>\n<p><strong>Eine Zivilgesellschaft zeigt Flagge<\/strong><\/p>\n<p>\u201eEs ist wichtig, zu zeigen, dass es wie 1984 eine starke Zivilgesellschaft gibt, die f\u00fcr den Nationalpark Donauauen einsteht\u201c, erkl\u00e4ren die Veranstalter:innen. Sie kn\u00fcpfen damit an die historischen Proteste an, die damals zur Schaffung des Nationalparks f\u00fchrten. Auch diesmal soll die Veranstaltung ein deutliches Signal an die Verantwortlichen in der Politik senden: Die Natur und die Lebensqualit\u00e4t der Menschen m\u00fcssen Priorit\u00e4t haben.<\/p>\n<p><strong>Details zur Wanderung<\/strong><\/p>\n<p>Der <strong>Treffpunkt ist um 10:45 Uhr an der Endstation Gro\u00dfenzersdorf Bus 26A (Josef-Reither-Ring).<\/strong> Die Wanderung f\u00fchrt \u00fcber eine Strecke von 10 Kilometern bis zum Nationalparkhaus Wien-Lobau. Wer m\u00f6chte, kann anschlie\u00dfend noch 30 Minuten weiter bis zum Caf\u00e9 Schillwasser auf der kleinen Stadtfarm gehen, wo eine gem\u00fctliche Einkehr m\u00f6glich ist.<\/p>\n<p>Sylvia wird die Teilnehmer:innen mit selbstgebackenem Kuchen verw\u00f6hnen, und unterwegs sorgt Hans Breuer mit seinen Liedern f\u00fcr musikalische Unterhaltung. Gegen 15 Uhr endet die Wanderung offiziell.<\/p>\n<p><strong>Redner<\/strong><strong>:innen:<\/strong><\/p>\n<ul data-spread=\"false\">\n<li>Jutta Matysek von \u201eRettet die Lobau \u2013 Natur statt Beton\u201c und \u201eLobau bleibt\u201c<\/li>\n<li>Isabella Haschke von \u201eWandern f\u00fcr den Frieden\u201c<\/li>\n<li>Robert Alder von der \u201eInitiative Donaufeld\u201c<\/li>\n<li>Meteorologin Petra Seibert (Universit\u00e4t f\u00fcr Bodenkultur Wien, Scientists 4 Future)<\/li>\n<li>Marianne Ertl, Zeitzeugin der Aubesetzung von 1984<\/li>\n<\/ul>\n<p><strong>F\u00fcr eine friedlichere und nachhaltigere Welt<\/strong><\/p>\n<p>Die Veranstalter:innen laden alle Interessierten ein, sich der Wanderung anzuschlie\u00dfen, um gemeinsam ein starkes Zeichen zu setzen. \u201eBringt eure Freund:innen und Familie mit, und wenn m\u00f6glich, gestaltet eigene Schilder und Fahnen\u201c, hei\u00dft es in der Einladung. Dabei wird gebeten, nationale oder parteipolitische Symbole zu Hause zu lassen.<\/p>\n<p><strong>Eine Anmeldung ist nicht erforderlich \u2013 einfach kommen und mitmachen. Zusammen kann eine klare Botschaft f\u00fcr den Schutz der Natur und die F\u00f6rderung des Friedens gesendet werden.<\/strong><\/p>\n<p><a href=\"https:\/\/wandernfuerdenfrieden.org\/\">Wandern f\u00fcr den Frieden<\/a><\/p>\n","protected":false},"excerpt":{"rendered":"<p>Am Sonntag, den 19. Januar 2025, findet eine besondere Wanderung durch die Lobau statt, bei der sich alles um Umweltschutz, Frieden und den Erhalt des Nationalparks Donauauen dreht. Organisiert von den Initiativen \u201eWandern f\u00fcr den Frieden\u201c, \u201eLobau bleibt\u201c und \u201eRettet&hellip;<\/p>\n","protected":false},"author":1096,"featured_media":2569674,"comment_status":"closed","ping_status":"closed","sticky":false,"template":"","format":"standard","meta":{"footnotes":""},"categories":[9150,9167,9161,9157],"tags":[130234,92393,29574,15828,123193],"class_list":["post-2569670","post","type-post","status-publish","format-standard","has-post-thumbnail","hentry","category-europa-de","category-frieden-und-abruestung","category-menschenrechte","category-oekologie-und-umwelt","tag-rettetdielobau","tag-lobau","tag-nachhaltigkeit","tag-toleranz","tag-wandern-fuer-den-frieden"],"yoast_head":"<!-- This site is optimized with the Yoast SEO plugin v27.1.1 - https:\/\/yoast.com\/product\/yoast-seo-wordpress\/ -->\n<title>Frieden f\u00f6rdern, Lobau erhalten: Wandern f\u00fcr eine bessere Welt<\/title>\n<meta name=\"description\" content=\"Am Sonntag, den 19. Januar 2025, findet eine besondere Wanderung durch die Lobau statt, bei der sich alles um Umweltschutz, Frieden und den Erhalt des\" \/>\n<meta name=\"robots\" content=\"index, follow, max-snippet:-1, max-image-preview:large, max-video-preview:-1\" \/>\n<link rel=\"canonical\" href=\"https:\/\/www.pressenza.com\/de\/2024\/12\/frieden-foerdern-lobau-erhalten-wandern-fuer-eine-bessere-welt\/\" \/>\n<meta property=\"og:locale\" content=\"de_DE\" \/>\n<meta property=\"og:type\" content=\"article\" \/>\n<meta property=\"og:title\" content=\"Frieden f\u00f6rdern, Lobau erhalten: Wandern f\u00fcr eine bessere Welt\" \/>\n<meta property=\"og:description\" content=\"Am Sonntag, den 19. Januar 2025, findet eine besondere Wanderung durch die Lobau statt, bei der sich alles um Umweltschutz, Frieden und den Erhalt des\" \/>\n<meta property=\"og:url\" content=\"https:\/\/www.pressenza.com\/de\/2024\/12\/frieden-foerdern-lobau-erhalten-wandern-fuer-eine-bessere-welt\/\" \/>\n<meta property=\"og:site_name\" content=\"Pressenza\" \/>\n<meta property=\"article:publisher\" content=\"https:\/\/www.facebook.com\/PressenzaItalia\" \/>\n<meta property=\"article:published_time\" content=\"2024-12-12T08:53:57+00:00\" \/>\n<meta property=\"og:image\" content=\"https:\/\/www.pressenza.com\/wp-content\/uploads\/2024\/12\/1280px-Donauauen.jpg\" \/>\n\t<meta property=\"og:image:width\" content=\"1279\" \/>\n\t<meta property=\"og:image:height\" content=\"781\" \/>\n\t<meta property=\"og:image:type\" content=\"image\/jpeg\" \/>\n<meta name=\"author\" content=\"Pressenza Wien\" \/>\n<meta name=\"twitter:card\" content=\"summary_large_image\" \/>\n<meta name=\"twitter:creator\" content=\"@pressenza_ger\" \/>\n<meta name=\"twitter:site\" content=\"@PressenzaIPA\" \/>\n<meta name=\"twitter:label1\" content=\"Verfasst von\" \/>\n\t<meta name=\"twitter:data1\" content=\"Pressenza Wien\" \/>\n\t<meta name=\"twitter:label2\" content=\"Gesch\u00e4tzte Lesezeit\" \/>\n\t<meta name=\"twitter:data2\" content=\"3\u00a0Minuten\" \/>\n<script type=\"application\/ld+json\" class=\"yoast-schema-graph\">{\"@context\":\"https:\/\/schema.org\",\"@graph\":[{\"@type\":\"Article\",\"@id\":\"https:\/\/www.pressenza.com\/de\/2024\/12\/frieden-foerdern-lobau-erhalten-wandern-fuer-eine-bessere-welt\/#article\",\"isPartOf\":{\"@id\":\"https:\/\/www.pressenza.com\/de\/2024\/12\/frieden-foerdern-lobau-erhalten-wandern-fuer-eine-bessere-welt\/\"},\"author\":{\"name\":\"Pressenza Wien\",\"@id\":\"https:\/\/www.pressenza.com\/de\/#\/schema\/person\/3df859e5bf9b19ab936f666e0177e38b\"},\"headline\":\"Frieden f\u00f6rdern, Lobau erhalten: Wandern f\u00fcr eine bessere Welt\",\"datePublished\":\"2024-12-12T08:53:57+00:00\",\"mainEntityOfPage\":{\"@id\":\"https:\/\/www.pressenza.com\/de\/2024\/12\/frieden-foerdern-lobau-erhalten-wandern-fuer-eine-bessere-welt\/\"},\"wordCount\":426,\"publisher\":{\"@id\":\"https:\/\/www.pressenza.com\/de\/#organization\"},\"image\":{\"@id\":\"https:\/\/www.pressenza.com\/de\/2024\/12\/frieden-foerdern-lobau-erhalten-wandern-fuer-eine-bessere-welt\/#primaryimage\"},\"thumbnailUrl\":\"https:\/\/www.pressenza.com\/wp-content\/uploads\/2024\/12\/1280px-Donauauen.jpg\",\"keywords\":[\"#rettetdielobau\",\"Lobau\",\"Nachhaltigkeit\",\"Toleranz\",\"Wandern f\u00fcr den Frieden\"],\"articleSection\":[\"Europa\",\"Frieden und Abr\u00fcstung\",\"Menschenrechte\",\"\u00d6kologie und Umwelt\"],\"inLanguage\":\"de\"},{\"@type\":\"WebPage\",\"@id\":\"https:\/\/www.pressenza.com\/de\/2024\/12\/frieden-foerdern-lobau-erhalten-wandern-fuer-eine-bessere-welt\/\",\"url\":\"https:\/\/www.pressenza.com\/de\/2024\/12\/frieden-foerdern-lobau-erhalten-wandern-fuer-eine-bessere-welt\/\",\"name\":\"Frieden f\u00f6rdern, Lobau erhalten: Wandern f\u00fcr eine bessere Welt\",\"isPartOf\":{\"@id\":\"https:\/\/www.pressenza.com\/de\/#website\"},\"primaryImageOfPage\":{\"@id\":\"https:\/\/www.pressenza.com\/de\/2024\/12\/frieden-foerdern-lobau-erhalten-wandern-fuer-eine-bessere-welt\/#primaryimage\"},\"image\":{\"@id\":\"https:\/\/www.pressenza.com\/de\/2024\/12\/frieden-foerdern-lobau-erhalten-wandern-fuer-eine-bessere-welt\/#primaryimage\"},\"thumbnailUrl\":\"https:\/\/www.pressenza.com\/wp-content\/uploads\/2024\/12\/1280px-Donauauen.jpg\",\"datePublished\":\"2024-12-12T08:53:57+00:00\",\"description\":\"Am Sonntag, den 19. Januar 2025, findet eine besondere Wanderung durch die Lobau statt, bei der sich alles um Umweltschutz, Frieden und den Erhalt des\",\"breadcrumb\":{\"@id\":\"https:\/\/www.pressenza.com\/de\/2024\/12\/frieden-foerdern-lobau-erhalten-wandern-fuer-eine-bessere-welt\/#breadcrumb\"},\"inLanguage\":\"de\",\"potentialAction\":[{\"@type\":\"ReadAction\",\"target\":[\"https:\/\/www.pressenza.com\/de\/2024\/12\/frieden-foerdern-lobau-erhalten-wandern-fuer-eine-bessere-welt\/\"]}]},{\"@type\":\"ImageObject\",\"inLanguage\":\"de\",\"@id\":\"https:\/\/www.pressenza.com\/de\/2024\/12\/frieden-foerdern-lobau-erhalten-wandern-fuer-eine-bessere-welt\/#primaryimage\",\"url\":\"https:\/\/www.pressenza.com\/wp-content\/uploads\/2024\/12\/1280px-Donauauen.jpg\",\"contentUrl\":\"https:\/\/www.pressenza.com\/wp-content\/uploads\/2024\/12\/1280px-Donauauen.jpg\",\"width\":1279,\"height\":781},{\"@type\":\"BreadcrumbList\",\"@id\":\"https:\/\/www.pressenza.com\/de\/2024\/12\/frieden-foerdern-lobau-erhalten-wandern-fuer-eine-bessere-welt\/#breadcrumb\",\"itemListElement\":[{\"@type\":\"ListItem\",\"position\":1,\"name\":\"Accueil\",\"item\":\"https:\/\/www.pressenza.com\/de\/\"},{\"@type\":\"ListItem\",\"position\":2,\"name\":\"Frieden f\u00f6rdern, Lobau erhalten: Wandern f\u00fcr eine bessere Welt\"}]},{\"@type\":\"WebSite\",\"@id\":\"https:\/\/www.pressenza.com\/de\/#website\",\"url\":\"https:\/\/www.pressenza.com\/de\/\",\"name\":\"Pressenza\",\"description\":\"International Press Agency\",\"publisher\":{\"@id\":\"https:\/\/www.pressenza.com\/de\/#organization\"},\"potentialAction\":[{\"@type\":\"SearchAction\",\"target\":{\"@type\":\"EntryPoint\",\"urlTemplate\":\"https:\/\/www.pressenza.com\/de\/?s={search_term_string}\"},\"query-input\":{\"@type\":\"PropertyValueSpecification\",\"valueRequired\":true,\"valueName\":\"search_term_string\"}}],\"inLanguage\":\"de\"},{\"@type\":\"Organization\",\"@id\":\"https:\/\/www.pressenza.com\/de\/#organization\",\"name\":\"Pressenza\",\"url\":\"https:\/\/www.pressenza.com\/de\/\",\"logo\":{\"@type\":\"ImageObject\",\"inLanguage\":\"de\",\"@id\":\"https:\/\/www.pressenza.com\/de\/#\/schema\/logo\/image\/\",\"url\":\"https:\/\/www.pressenza.com\/wp-content\/uploads\/2022\/10\/pressenza_logo_200x200.jpg\",\"contentUrl\":\"https:\/\/www.pressenza.com\/wp-content\/uploads\/2022\/10\/pressenza_logo_200x200.jpg\",\"width\":200,\"height\":200,\"caption\":\"Pressenza\"},\"image\":{\"@id\":\"https:\/\/www.pressenza.com\/de\/#\/schema\/logo\/image\/\"},\"sameAs\":[\"https:\/\/www.facebook.com\/PressenzaItalia\",\"https:\/\/x.com\/PressenzaIPA\"]},{\"@type\":\"Person\",\"@id\":\"https:\/\/www.pressenza.com\/de\/#\/schema\/person\/3df859e5bf9b19ab936f666e0177e38b\",\"name\":\"Pressenza Wien\",\"description\":\"News from the Pressenza Bureau in Vienna, Austria\",\"sameAs\":[\"https:\/\/x.com\/pressenza_ger\"],\"url\":\"https:\/\/www.pressenza.com\/de\/author\/pressenza-wien\/\"}]}<\/script>\n<!-- \/ Yoast SEO plugin. -->","yoast_head_json":{"title":"Frieden f\u00f6rdern, Lobau erhalten: Wandern f\u00fcr eine bessere Welt","description":"Am Sonntag, den 19. Januar 2025, findet eine besondere Wanderung durch die Lobau statt, bei der sich alles um Umweltschutz, Frieden und den Erhalt des","robots":{"index":"index","follow":"follow","max-snippet":"max-snippet:-1","max-image-preview":"max-image-preview:large","max-video-preview":"max-video-preview:-1"},"canonical":"https:\/\/www.pressenza.com\/de\/2024\/12\/frieden-foerdern-lobau-erhalten-wandern-fuer-eine-bessere-welt\/","og_locale":"de_DE","og_type":"article","og_title":"Frieden f\u00f6rdern, Lobau erhalten: Wandern f\u00fcr eine bessere Welt","og_description":"Am Sonntag, den 19. Januar 2025, findet eine besondere Wanderung durch die Lobau statt, bei der sich alles um Umweltschutz, Frieden und den Erhalt des","og_url":"https:\/\/www.pressenza.com\/de\/2024\/12\/frieden-foerdern-lobau-erhalten-wandern-fuer-eine-bessere-welt\/","og_site_name":"Pressenza","article_publisher":"https:\/\/www.facebook.com\/PressenzaItalia","article_published_time":"2024-12-12T08:53:57+00:00","og_image":[{"width":1279,"height":781,"url":"https:\/\/www.pressenza.com\/wp-content\/uploads\/2024\/12\/1280px-Donauauen.jpg","type":"image\/jpeg"}],"author":"Pressenza Wien","twitter_card":"summary_large_image","twitter_creator":"@pressenza_ger","twitter_site":"@PressenzaIPA","twitter_misc":{"Verfasst von":"Pressenza Wien","Gesch\u00e4tzte Lesezeit":"3\u00a0Minuten"},"schema":{"@context":"https:\/\/schema.org","@graph":[{"@type":"Article","@id":"https:\/\/www.pressenza.com\/de\/2024\/12\/frieden-foerdern-lobau-erhalten-wandern-fuer-eine-bessere-welt\/#article","isPartOf":{"@id":"https:\/\/www.pressenza.com\/de\/2024\/12\/frieden-foerdern-lobau-erhalten-wandern-fuer-eine-bessere-welt\/"},"author":{"name":"Pressenza Wien","@id":"https:\/\/www.pressenza.com\/de\/#\/schema\/person\/3df859e5bf9b19ab936f666e0177e38b"},"headline":"Frieden f\u00f6rdern, Lobau erhalten: Wandern f\u00fcr eine bessere Welt","datePublished":"2024-12-12T08:53:57+00:00","mainEntityOfPage":{"@id":"https:\/\/www.pressenza.com\/de\/2024\/12\/frieden-foerdern-lobau-erhalten-wandern-fuer-eine-bessere-welt\/"},"wordCount":426,"publisher":{"@id":"https:\/\/www.pressenza.com\/de\/#organization"},"image":{"@id":"https:\/\/www.pressenza.com\/de\/2024\/12\/frieden-foerdern-lobau-erhalten-wandern-fuer-eine-bessere-welt\/#primaryimage"},"thumbnailUrl":"https:\/\/www.pressenza.com\/wp-content\/uploads\/2024\/12\/1280px-Donauauen.jpg","keywords":["#rettetdielobau","Lobau","Nachhaltigkeit","Toleranz","Wandern f\u00fcr den Frieden"],"articleSection":["Europa","Frieden und Abr\u00fcstung","Menschenrechte","\u00d6kologie und Umwelt"],"inLanguage":"de"},{"@type":"WebPage","@id":"https:\/\/www.pressenza.com\/de\/2024\/12\/frieden-foerdern-lobau-erhalten-wandern-fuer-eine-bessere-welt\/","url":"https:\/\/www.pressenza.com\/de\/2024\/12\/frieden-foerdern-lobau-erhalten-wandern-fuer-eine-bessere-welt\/","name":"Frieden f\u00f6rdern, Lobau erhalten: Wandern f\u00fcr eine bessere Welt","isPartOf":{"@id":"https:\/\/www.pressenza.com\/de\/#website"},"primaryImageOfPage":{"@id":"https:\/\/www.pressenza.com\/de\/2024\/12\/frieden-foerdern-lobau-erhalten-wandern-fuer-eine-bessere-welt\/#primaryimage"},"image":{"@id":"https:\/\/www.pressenza.com\/de\/2024\/12\/frieden-foerdern-lobau-erhalten-wandern-fuer-eine-bessere-welt\/#primaryimage"},"thumbnailUrl":"https:\/\/www.pressenza.com\/wp-content\/uploads\/2024\/12\/1280px-Donauauen.jpg","datePublished":"2024-12-12T08:53:57+00:00","description":"Am Sonntag, den 19. Januar 2025, findet eine besondere Wanderung durch die Lobau statt, bei der sich alles um Umweltschutz, Frieden und den Erhalt des","breadcrumb":{"@id":"https:\/\/www.pressenza.com\/de\/2024\/12\/frieden-foerdern-lobau-erhalten-wandern-fuer-eine-bessere-welt\/#breadcrumb"},"inLanguage":"de","potentialAction":[{"@type":"ReadAction","target":["https:\/\/www.pressenza.com\/de\/2024\/12\/frieden-foerdern-lobau-erhalten-wandern-fuer-eine-bessere-welt\/"]}]},{"@type":"ImageObject","inLanguage":"de","@id":"https:\/\/www.pressenza.com\/de\/2024\/12\/frieden-foerdern-lobau-erhalten-wandern-fuer-eine-bessere-welt\/#primaryimage","url":"https:\/\/www.pressenza.com\/wp-content\/uploads\/2024\/12\/1280px-Donauauen.jpg","contentUrl":"https:\/\/www.pressenza.com\/wp-content\/uploads\/2024\/12\/1280px-Donauauen.jpg","width":1279,"height":781},{"@type":"BreadcrumbList","@id":"https:\/\/www.pressenza.com\/de\/2024\/12\/frieden-foerdern-lobau-erhalten-wandern-fuer-eine-bessere-welt\/#breadcrumb","itemListElement":[{"@type":"ListItem","position":1,"name":"Accueil","item":"https:\/\/www.pressenza.com\/de\/"},{"@type":"ListItem","position":2,"name":"Frieden f\u00f6rdern, Lobau erhalten: Wandern f\u00fcr eine bessere Welt"}]},{"@type":"WebSite","@id":"https:\/\/www.pressenza.com\/de\/#website","url":"https:\/\/www.pressenza.com\/de\/","name":"Pressenza","description":"International Press Agency","publisher":{"@id":"https:\/\/www.pressenza.com\/de\/#organization"},"potentialAction":[{"@type":"SearchAction","target":{"@type":"EntryPoint","urlTemplate":"https:\/\/www.pressenza.com\/de\/?s={search_term_string}"},"query-input":{"@type":"PropertyValueSpecification","valueRequired":true,"valueName":"search_term_string"}}],"inLanguage":"de"},{"@type":"Organization","@id":"https:\/\/www.pressenza.com\/de\/#organization","name":"Pressenza","url":"https:\/\/www.pressenza.com\/de\/","logo":{"@type":"ImageObject","inLanguage":"de","@id":"https:\/\/www.pressenza.com\/de\/#\/schema\/logo\/image\/","url":"https:\/\/www.pressenza.com\/wp-content\/uploads\/2022\/10\/pressenza_logo_200x200.jpg","contentUrl":"https:\/\/www.pressenza.com\/wp-content\/uploads\/2022\/10\/pressenza_logo_200x200.jpg","width":200,"height":200,"caption":"Pressenza"},"image":{"@id":"https:\/\/www.pressenza.com\/de\/#\/schema\/logo\/image\/"},"sameAs":["https:\/\/www.facebook.com\/PressenzaItalia","https:\/\/x.com\/PressenzaIPA"]},{"@type":"Person","@id":"https:\/\/www.pressenza.com\/de\/#\/schema\/person\/3df859e5bf9b19ab936f666e0177e38b","name":"Pressenza Wien","description":"News from the Pressenza Bureau in Vienna, Austria","sameAs":["https:\/\/x.com\/pressenza_ger"],"url":"https:\/\/www.pressenza.com\/de\/author\/pressenza-wien\/"}]}},"place":"","original_article_url":"","_links":{"self":[{"href":"https:\/\/www.pressenza.com\/de\/wp-json\/wp\/v2\/posts\/2569670","targetHints":{"allow":["GET"]}}],"collection":[{"href":"https:\/\/www.pressenza.com\/de\/wp-json\/wp\/v2\/posts"}],"about":[{"href":"https:\/\/www.pressenza.com\/de\/wp-json\/wp\/v2\/types\/post"}],"author":[{"embeddable":true,"href":"https:\/\/www.pressenza.com\/de\/wp-json\/wp\/v2\/users\/1096"}],"replies":[{"embeddable":true,"href":"https:\/\/www.pressenza.com\/de\/wp-json\/wp\/v2\/comments?post=2569670"}],"version-history":[{"count":0,"href":"https:\/\/www.pressenza.com\/de\/wp-json\/wp\/v2\/posts\/2569670\/revisions"}],"wp:featuredmedia":[{"embeddable":true,"href":"https:\/\/www.pressenza.com\/de\/wp-json\/wp\/v2\/media\/2569674"}],"wp:attachment":[{"href":"https:\/\/www.pressenza.com\/de\/wp-json\/wp\/v2\/media?parent=2569670"}],"wp:term":[{"taxonomy":"category","embeddable":true,"href":"https:\/\/www.pressenza.com\/de\/wp-json\/wp\/v2\/categories?post=2569670"},{"taxonomy":"post_tag","embeddable":true,"href":"https:\/\/www.pressenza.com\/de\/wp-json\/wp\/v2\/tags?post=2569670"}],"curies":[{"name":"wp","href":"https:\/\/api.w.org\/{rel}","templated":true}]}}