{"id":2561357,"date":"2024-11-09T13:53:20","date_gmt":"2024-11-09T13:53:20","guid":{"rendered":"https:\/\/www.pressenza.com\/?p=2561357"},"modified":"2024-11-09T13:53:20","modified_gmt":"2024-11-09T13:53:20","slug":"der-koerper-ist-nicht-die-landkarte-er-ist-das-territorium-selbst","status":"publish","type":"post","link":"https:\/\/www.pressenza.com\/de\/2024\/11\/der-koerper-ist-nicht-die-landkarte-er-ist-das-territorium-selbst\/","title":{"rendered":"Der K\u00f6rper ist nicht die Landkarte, er ist das Territorium selbst"},"content":{"rendered":"<p><strong>Die Krankenschwester legte mich auf die Liege und dr\u00fcckte mir ein gro\u00dfes St\u00fcck Watte mit Alkohol auf die Nase, um dem Schwindel entgegenzuwirken und mich vor einer Ohnmacht zu bewahren. Sie fragte mich mit Erstaunen, was ich normalerweise in solchen Situationen gefragt werde: \u201eWie kann es sein, dass du von einer Blutabnahme so fertig bist und dabei deinen Arm so t\u00e4towiert hast?\u201c In dieser Gleichung &#8211; das, was Nadeln bei mir ausl\u00f6sen einerseits und meine T\u00e4towierungen andererseits &#8211; gibt es etwas, das f\u00fcr keine Pflegefachkraft aufgeht. Zwischen der Nadel, die einsticht, eindringt und herauszieht und der, die einsticht, ritzt und Tinte hinterl\u00e4sst, steht das Ganze und Einzige: der K\u00f6rper mit seiner Erfahrung.<\/strong><\/p>\n<p>Wir alle haben einen K\u00f6rper und wir sind da, das scheint offensichtlich, aber sich seiner Existenz bewusst zu werden bedeutet, nicht l\u00e4nger eine Idee zu sein, sondern Fleisch zu werden. Der K\u00f6rper ist die Anthropophagie der Liturgie. Er ist der Empf\u00e4nger aller Interpretationen von Leben und Tod. Das menschliche Dasein ist in erster Linie leiblich. Im K\u00f6rper treffen alle Tabus aufeinander. Er ist unfassbar und ein \u00dcberbleibsel der Descartes&#8217;schen Aufteilung des Menschen. Als Lebensraum der Schmerzen und Vergn\u00fcgen ist er viel mehr als die elende Gleichung der westlichen Moderne. Wir kennen die Welt durch seine \u00d6ffnungen und sein gr\u00f6\u00dftes Organ, die Haut.<\/p>\n<p>Der K\u00f6rper, das erste Gef\u00e4\u00df des Schmerzes. Er ist der Speer, aber er ist auch der Schild, er ist die Art und Weise, wie wir in dieser Welt leben, er ist die erste und initiale Stofflichkeit und er ist auch die letzte und die einzige. Wir versuchen, ihn zu beherrschen, ihn zu formen und \u00e4u\u00dferlich zu schm\u00fccken, aber nichts h\u00e4lt uns so dem\u00fctig wie das Durcheinander von Organen und Eingeweiden, das wir in uns tragen. Er ist die wichtigste Wandtafel f\u00fcr all unsere Symbole, er ist die Ideen, die in ihm wohnen, die Qualen und das unermessliche Wohlgef\u00fchl. Der K\u00f6rper ist die Vergebung, die wir ihm gew\u00e4hren und um die wir ihn bitten in der verletzlichsten und wundervollsten m\u00f6glichen Phase, der Nacktheit.<\/p>\n<p>Der K\u00f6rper ist nicht die Landkarte, er ist das Territorium. Er ist das, was alle mit ihrem eigenen machen, und er ist alles, was andere mit ihm machen. Es sind die Emotionen, die ihn durchdringen. Deshalb will ich immer mehr Tattoos haben, aber ich will mir nie Blut abnehmen lassen. Ich wei\u00df, dass ich den K\u00f6rper in einen Operationssaal legen oder ihn als Leinwand unter eine Nadel mit Tinte legen kann, und ich kann zulassen, dass mir Blut abgenommen wird oder Drogen in ihn hineingepumpt werden, aber eine Nadel in mich selbst zu stechen ist etwas, was ich definitiv nicht tun kann, denn der K\u00f6rper, das sind auch die ersten Grenzen, die wir erfahren, und ich kann Unannehmlichkeiten ertragen, ich kann mir Vergn\u00fcgen bereiten, aber ich kann mir keine Schmerzen zuf\u00fcgen.<\/p>\n<p>Die Pflegefachfrau erkl\u00e4rte mir die Schmerzgrenzen, brachte mir ein Glas Wasser, zeigte mir schlie\u00dflich ihre T\u00e4towierungen und erkl\u00e4rte mir das Warum und Wieso. Sie fragte mich mit einer wertvollen, ehrlichen Aufrichtigkeit nach den meinen, nicht mit der \u00fcblichen morbiden Neugierde. Wir sprachen \u00fcber die Tattoos, die wir uns stechen lassen wollen, \u00fcber den Schmerz und die Bedeutung, die es hat, unseren K\u00f6rper zu markieren, das Logbuch des Lebens. Die Markierungen, die wir tragen und die uns Zugang zu Erinnerungen verschaffen.<\/p>\n<p>Benommen auf der Liege dachte ich an meinen kleinen und vernarbten, aber starken K\u00f6rper. Ich schloss die Augen und erinnerte mich daran, wie er sich selig mit einem anderen feierte, und dankte ihm. Der K\u00f6rper ist nicht das Schiff, er ist der Ozean selbst, aber gleichzeitig ist er der Geiger, der aufsteht und sein Instrument spielt und sich dem Tod hingibt. Der K\u00f6rper ist all das.<\/p>\n<p><strong><em>Die \u00dcbersetzung aus dem Spanischen wurde von Domenica Ott vom ehrenamtlichen Pressenza-\u00dcbersetzungsteam erstellt. <a href=\"https:\/\/www.pressenza.com\/de\/mitarbeiten\/\" target=\"_blank\" rel=\"noopener\">Wir suchen Freiwillige!<\/a><\/em><\/strong><\/p>\n","protected":false},"excerpt":{"rendered":"<p>Die Krankenschwester legte mich auf die Liege und dr\u00fcckte mir ein gro\u00dfes St\u00fcck Watte mit Alkohol auf die Nase, um dem Schwindel entgegenzuwirken und mich vor einer Ohnmacht zu bewahren. Sie fragte mich mit Erstaunen, was ich normalerweise in solchen&hellip;<\/p>\n","protected":false},"author":1345,"featured_media":2561358,"comment_status":"closed","ping_status":"closed","sticky":false,"template":"","format":"standard","meta":{"footnotes":""},"categories":[9156,11387,9154],"tags":[128934,128935,128936],"class_list":["post-2561357","post","type-post","status-publish","format-standard","has-post-thumbnail","hentry","category-kultur-und-medien","category-originalinhalt","category-suedamerika","tag-koerper","tag-taetowierung","tag-tattoo"],"yoast_head":"<!-- This site is optimized with the Yoast SEO plugin v27.1.1 - https:\/\/yoast.com\/product\/yoast-seo-wordpress\/ -->\n<title>Der K\u00f6rper ist nicht die Landkarte, er ist das Territorium selbst<\/title>\n<meta name=\"description\" content=\"Die Krankenschwester legte mich auf die Liege und dr\u00fcckte mir ein gro\u00dfes St\u00fcck Watte mit Alkohol auf die Nase, um dem Schwindel entgegenzuwirken und mich\" \/>\n<meta name=\"robots\" content=\"index, follow, max-snippet:-1, max-image-preview:large, max-video-preview:-1\" \/>\n<link rel=\"canonical\" href=\"https:\/\/www.pressenza.com\/de\/2024\/11\/der-koerper-ist-nicht-die-landkarte-er-ist-das-territorium-selbst\/\" \/>\n<meta property=\"og:locale\" content=\"de_DE\" \/>\n<meta property=\"og:type\" content=\"article\" \/>\n<meta property=\"og:title\" content=\"Der K\u00f6rper ist nicht die Landkarte, er ist das Territorium selbst\" \/>\n<meta property=\"og:description\" content=\"Die Krankenschwester legte mich auf die Liege und dr\u00fcckte mir ein gro\u00dfes St\u00fcck Watte mit Alkohol auf die Nase, um dem Schwindel entgegenzuwirken und mich\" \/>\n<meta property=\"og:url\" content=\"https:\/\/www.pressenza.com\/de\/2024\/11\/der-koerper-ist-nicht-die-landkarte-er-ist-das-territorium-selbst\/\" \/>\n<meta property=\"og:site_name\" content=\"Pressenza\" \/>\n<meta property=\"article:publisher\" content=\"https:\/\/www.facebook.com\/PressenzaItalia\" \/>\n<meta property=\"article:published_time\" content=\"2024-11-09T13:53:20+00:00\" \/>\n<meta property=\"og:image\" content=\"https:\/\/www.pressenza.com\/wp-content\/uploads\/2024\/11\/woman-4242652_1280.jpg\" \/>\n\t<meta property=\"og:image:width\" content=\"1280\" \/>\n\t<meta property=\"og:image:height\" content=\"853\" \/>\n\t<meta property=\"og:image:type\" content=\"image\/jpeg\" \/>\n<meta name=\"author\" content=\"Alexandra Vega-Rivera\" \/>\n<meta name=\"twitter:card\" content=\"summary_large_image\" \/>\n<meta name=\"twitter:creator\" content=\"@PressenzaIPA\" \/>\n<meta name=\"twitter:site\" content=\"@PressenzaIPA\" \/>\n<meta name=\"twitter:label1\" content=\"Verfasst von\" \/>\n\t<meta name=\"twitter:data1\" content=\"Alexandra Vega-Rivera\" \/>\n\t<meta name=\"twitter:label2\" content=\"Gesch\u00e4tzte Lesezeit\" \/>\n\t<meta name=\"twitter:data2\" content=\"4\u00a0Minuten\" \/>\n<script type=\"application\/ld+json\" class=\"yoast-schema-graph\">{\"@context\":\"https:\/\/schema.org\",\"@graph\":[{\"@type\":\"Article\",\"@id\":\"https:\/\/www.pressenza.com\/de\/2024\/11\/der-koerper-ist-nicht-die-landkarte-er-ist-das-territorium-selbst\/#article\",\"isPartOf\":{\"@id\":\"https:\/\/www.pressenza.com\/de\/2024\/11\/der-koerper-ist-nicht-die-landkarte-er-ist-das-territorium-selbst\/\"},\"author\":{\"name\":\"Alexandra Vega-Rivera\",\"@id\":\"https:\/\/www.pressenza.com\/de\/#\/schema\/person\/e78818511bfc2dbed78955a0c3cc89ec\"},\"headline\":\"Der K\u00f6rper ist nicht die Landkarte, er ist das Territorium selbst\",\"datePublished\":\"2024-11-09T13:53:20+00:00\",\"mainEntityOfPage\":{\"@id\":\"https:\/\/www.pressenza.com\/de\/2024\/11\/der-koerper-ist-nicht-die-landkarte-er-ist-das-territorium-selbst\/\"},\"wordCount\":682,\"publisher\":{\"@id\":\"https:\/\/www.pressenza.com\/de\/#organization\"},\"image\":{\"@id\":\"https:\/\/www.pressenza.com\/de\/2024\/11\/der-koerper-ist-nicht-die-landkarte-er-ist-das-territorium-selbst\/#primaryimage\"},\"thumbnailUrl\":\"https:\/\/www.pressenza.com\/wp-content\/uploads\/2024\/11\/woman-4242652_1280.jpg\",\"keywords\":[\"K\u00f6rper\",\"T\u00e4towierung\",\"Tattoo\"],\"articleSection\":[\"Kultur und Medien\",\"Originalinhalt\",\"S\u00fcdamerika\"],\"inLanguage\":\"de\"},{\"@type\":\"WebPage\",\"@id\":\"https:\/\/www.pressenza.com\/de\/2024\/11\/der-koerper-ist-nicht-die-landkarte-er-ist-das-territorium-selbst\/\",\"url\":\"https:\/\/www.pressenza.com\/de\/2024\/11\/der-koerper-ist-nicht-die-landkarte-er-ist-das-territorium-selbst\/\",\"name\":\"Der K\u00f6rper ist nicht die Landkarte, er ist das Territorium selbst\",\"isPartOf\":{\"@id\":\"https:\/\/www.pressenza.com\/de\/#website\"},\"primaryImageOfPage\":{\"@id\":\"https:\/\/www.pressenza.com\/de\/2024\/11\/der-koerper-ist-nicht-die-landkarte-er-ist-das-territorium-selbst\/#primaryimage\"},\"image\":{\"@id\":\"https:\/\/www.pressenza.com\/de\/2024\/11\/der-koerper-ist-nicht-die-landkarte-er-ist-das-territorium-selbst\/#primaryimage\"},\"thumbnailUrl\":\"https:\/\/www.pressenza.com\/wp-content\/uploads\/2024\/11\/woman-4242652_1280.jpg\",\"datePublished\":\"2024-11-09T13:53:20+00:00\",\"description\":\"Die Krankenschwester legte mich auf die Liege und dr\u00fcckte mir ein gro\u00dfes St\u00fcck Watte mit Alkohol auf die Nase, um dem Schwindel entgegenzuwirken und mich\",\"breadcrumb\":{\"@id\":\"https:\/\/www.pressenza.com\/de\/2024\/11\/der-koerper-ist-nicht-die-landkarte-er-ist-das-territorium-selbst\/#breadcrumb\"},\"inLanguage\":\"de\",\"potentialAction\":[{\"@type\":\"ReadAction\",\"target\":[\"https:\/\/www.pressenza.com\/de\/2024\/11\/der-koerper-ist-nicht-die-landkarte-er-ist-das-territorium-selbst\/\"]}]},{\"@type\":\"ImageObject\",\"inLanguage\":\"de\",\"@id\":\"https:\/\/www.pressenza.com\/de\/2024\/11\/der-koerper-ist-nicht-die-landkarte-er-ist-das-territorium-selbst\/#primaryimage\",\"url\":\"https:\/\/www.pressenza.com\/wp-content\/uploads\/2024\/11\/woman-4242652_1280.jpg\",\"contentUrl\":\"https:\/\/www.pressenza.com\/wp-content\/uploads\/2024\/11\/woman-4242652_1280.jpg\",\"width\":1280,\"height\":853,\"caption\":\"Der K\u00f6rper ist nicht die Landkarte, er ist das Territorium selbst\"},{\"@type\":\"BreadcrumbList\",\"@id\":\"https:\/\/www.pressenza.com\/de\/2024\/11\/der-koerper-ist-nicht-die-landkarte-er-ist-das-territorium-selbst\/#breadcrumb\",\"itemListElement\":[{\"@type\":\"ListItem\",\"position\":1,\"name\":\"Accueil\",\"item\":\"https:\/\/www.pressenza.com\/de\/\"},{\"@type\":\"ListItem\",\"position\":2,\"name\":\"Der K\u00f6rper ist nicht die Landkarte, er ist das Territorium selbst\"}]},{\"@type\":\"WebSite\",\"@id\":\"https:\/\/www.pressenza.com\/de\/#website\",\"url\":\"https:\/\/www.pressenza.com\/de\/\",\"name\":\"Pressenza\",\"description\":\"International Press Agency\",\"publisher\":{\"@id\":\"https:\/\/www.pressenza.com\/de\/#organization\"},\"potentialAction\":[{\"@type\":\"SearchAction\",\"target\":{\"@type\":\"EntryPoint\",\"urlTemplate\":\"https:\/\/www.pressenza.com\/de\/?s={search_term_string}\"},\"query-input\":{\"@type\":\"PropertyValueSpecification\",\"valueRequired\":true,\"valueName\":\"search_term_string\"}}],\"inLanguage\":\"de\"},{\"@type\":\"Organization\",\"@id\":\"https:\/\/www.pressenza.com\/de\/#organization\",\"name\":\"Pressenza\",\"url\":\"https:\/\/www.pressenza.com\/de\/\",\"logo\":{\"@type\":\"ImageObject\",\"inLanguage\":\"de\",\"@id\":\"https:\/\/www.pressenza.com\/de\/#\/schema\/logo\/image\/\",\"url\":\"https:\/\/www.pressenza.com\/wp-content\/uploads\/2022\/10\/pressenza_logo_200x200.jpg\",\"contentUrl\":\"https:\/\/www.pressenza.com\/wp-content\/uploads\/2022\/10\/pressenza_logo_200x200.jpg\",\"width\":200,\"height\":200,\"caption\":\"Pressenza\"},\"image\":{\"@id\":\"https:\/\/www.pressenza.com\/de\/#\/schema\/logo\/image\/\"},\"sameAs\":[\"https:\/\/www.facebook.com\/PressenzaItalia\",\"https:\/\/x.com\/PressenzaIPA\"]},{\"@type\":\"Person\",\"@id\":\"https:\/\/www.pressenza.com\/de\/#\/schema\/person\/e78818511bfc2dbed78955a0c3cc89ec\",\"name\":\"Alexandra Vega-Rivera\",\"description\":\"Alexandra Vega Rivera naci\u00f3 en Colombia, es migrante y escritora, antrop\u00f3loga e investigadora acad\u00e9mica y de curiosidades varias. Acompa\u00f1a procesos de escritura, es columnista y editora. Ha escrito poes\u00eda, microrrelatos, etnograf\u00edas y ensayos. Est\u00e1 radicada en la ciudad de Buenos Aires, Argentina. @alexandravegarivera\",\"url\":\"https:\/\/www.pressenza.com\/de\/author\/alexandra-vega-rivera\/\"}]}<\/script>\n<!-- \/ Yoast SEO plugin. -->","yoast_head_json":{"title":"Der K\u00f6rper ist nicht die Landkarte, er ist das Territorium selbst","description":"Die Krankenschwester legte mich auf die Liege und dr\u00fcckte mir ein gro\u00dfes St\u00fcck Watte mit Alkohol auf die Nase, um dem Schwindel entgegenzuwirken und mich","robots":{"index":"index","follow":"follow","max-snippet":"max-snippet:-1","max-image-preview":"max-image-preview:large","max-video-preview":"max-video-preview:-1"},"canonical":"https:\/\/www.pressenza.com\/de\/2024\/11\/der-koerper-ist-nicht-die-landkarte-er-ist-das-territorium-selbst\/","og_locale":"de_DE","og_type":"article","og_title":"Der K\u00f6rper ist nicht die Landkarte, er ist das Territorium selbst","og_description":"Die Krankenschwester legte mich auf die Liege und dr\u00fcckte mir ein gro\u00dfes St\u00fcck Watte mit Alkohol auf die Nase, um dem Schwindel entgegenzuwirken und mich","og_url":"https:\/\/www.pressenza.com\/de\/2024\/11\/der-koerper-ist-nicht-die-landkarte-er-ist-das-territorium-selbst\/","og_site_name":"Pressenza","article_publisher":"https:\/\/www.facebook.com\/PressenzaItalia","article_published_time":"2024-11-09T13:53:20+00:00","og_image":[{"width":1280,"height":853,"url":"https:\/\/www.pressenza.com\/wp-content\/uploads\/2024\/11\/woman-4242652_1280.jpg","type":"image\/jpeg"}],"author":"Alexandra Vega-Rivera","twitter_card":"summary_large_image","twitter_creator":"@PressenzaIPA","twitter_site":"@PressenzaIPA","twitter_misc":{"Verfasst von":"Alexandra Vega-Rivera","Gesch\u00e4tzte Lesezeit":"4\u00a0Minuten"},"schema":{"@context":"https:\/\/schema.org","@graph":[{"@type":"Article","@id":"https:\/\/www.pressenza.com\/de\/2024\/11\/der-koerper-ist-nicht-die-landkarte-er-ist-das-territorium-selbst\/#article","isPartOf":{"@id":"https:\/\/www.pressenza.com\/de\/2024\/11\/der-koerper-ist-nicht-die-landkarte-er-ist-das-territorium-selbst\/"},"author":{"name":"Alexandra Vega-Rivera","@id":"https:\/\/www.pressenza.com\/de\/#\/schema\/person\/e78818511bfc2dbed78955a0c3cc89ec"},"headline":"Der K\u00f6rper ist nicht die Landkarte, er ist das Territorium selbst","datePublished":"2024-11-09T13:53:20+00:00","mainEntityOfPage":{"@id":"https:\/\/www.pressenza.com\/de\/2024\/11\/der-koerper-ist-nicht-die-landkarte-er-ist-das-territorium-selbst\/"},"wordCount":682,"publisher":{"@id":"https:\/\/www.pressenza.com\/de\/#organization"},"image":{"@id":"https:\/\/www.pressenza.com\/de\/2024\/11\/der-koerper-ist-nicht-die-landkarte-er-ist-das-territorium-selbst\/#primaryimage"},"thumbnailUrl":"https:\/\/www.pressenza.com\/wp-content\/uploads\/2024\/11\/woman-4242652_1280.jpg","keywords":["K\u00f6rper","T\u00e4towierung","Tattoo"],"articleSection":["Kultur und Medien","Originalinhalt","S\u00fcdamerika"],"inLanguage":"de"},{"@type":"WebPage","@id":"https:\/\/www.pressenza.com\/de\/2024\/11\/der-koerper-ist-nicht-die-landkarte-er-ist-das-territorium-selbst\/","url":"https:\/\/www.pressenza.com\/de\/2024\/11\/der-koerper-ist-nicht-die-landkarte-er-ist-das-territorium-selbst\/","name":"Der K\u00f6rper ist nicht die Landkarte, er ist das Territorium selbst","isPartOf":{"@id":"https:\/\/www.pressenza.com\/de\/#website"},"primaryImageOfPage":{"@id":"https:\/\/www.pressenza.com\/de\/2024\/11\/der-koerper-ist-nicht-die-landkarte-er-ist-das-territorium-selbst\/#primaryimage"},"image":{"@id":"https:\/\/www.pressenza.com\/de\/2024\/11\/der-koerper-ist-nicht-die-landkarte-er-ist-das-territorium-selbst\/#primaryimage"},"thumbnailUrl":"https:\/\/www.pressenza.com\/wp-content\/uploads\/2024\/11\/woman-4242652_1280.jpg","datePublished":"2024-11-09T13:53:20+00:00","description":"Die Krankenschwester legte mich auf die Liege und dr\u00fcckte mir ein gro\u00dfes St\u00fcck Watte mit Alkohol auf die Nase, um dem Schwindel entgegenzuwirken und mich","breadcrumb":{"@id":"https:\/\/www.pressenza.com\/de\/2024\/11\/der-koerper-ist-nicht-die-landkarte-er-ist-das-territorium-selbst\/#breadcrumb"},"inLanguage":"de","potentialAction":[{"@type":"ReadAction","target":["https:\/\/www.pressenza.com\/de\/2024\/11\/der-koerper-ist-nicht-die-landkarte-er-ist-das-territorium-selbst\/"]}]},{"@type":"ImageObject","inLanguage":"de","@id":"https:\/\/www.pressenza.com\/de\/2024\/11\/der-koerper-ist-nicht-die-landkarte-er-ist-das-territorium-selbst\/#primaryimage","url":"https:\/\/www.pressenza.com\/wp-content\/uploads\/2024\/11\/woman-4242652_1280.jpg","contentUrl":"https:\/\/www.pressenza.com\/wp-content\/uploads\/2024\/11\/woman-4242652_1280.jpg","width":1280,"height":853,"caption":"Der K\u00f6rper ist nicht die Landkarte, er ist das Territorium selbst"},{"@type":"BreadcrumbList","@id":"https:\/\/www.pressenza.com\/de\/2024\/11\/der-koerper-ist-nicht-die-landkarte-er-ist-das-territorium-selbst\/#breadcrumb","itemListElement":[{"@type":"ListItem","position":1,"name":"Accueil","item":"https:\/\/www.pressenza.com\/de\/"},{"@type":"ListItem","position":2,"name":"Der K\u00f6rper ist nicht die Landkarte, er ist das Territorium selbst"}]},{"@type":"WebSite","@id":"https:\/\/www.pressenza.com\/de\/#website","url":"https:\/\/www.pressenza.com\/de\/","name":"Pressenza","description":"International Press Agency","publisher":{"@id":"https:\/\/www.pressenza.com\/de\/#organization"},"potentialAction":[{"@type":"SearchAction","target":{"@type":"EntryPoint","urlTemplate":"https:\/\/www.pressenza.com\/de\/?s={search_term_string}"},"query-input":{"@type":"PropertyValueSpecification","valueRequired":true,"valueName":"search_term_string"}}],"inLanguage":"de"},{"@type":"Organization","@id":"https:\/\/www.pressenza.com\/de\/#organization","name":"Pressenza","url":"https:\/\/www.pressenza.com\/de\/","logo":{"@type":"ImageObject","inLanguage":"de","@id":"https:\/\/www.pressenza.com\/de\/#\/schema\/logo\/image\/","url":"https:\/\/www.pressenza.com\/wp-content\/uploads\/2022\/10\/pressenza_logo_200x200.jpg","contentUrl":"https:\/\/www.pressenza.com\/wp-content\/uploads\/2022\/10\/pressenza_logo_200x200.jpg","width":200,"height":200,"caption":"Pressenza"},"image":{"@id":"https:\/\/www.pressenza.com\/de\/#\/schema\/logo\/image\/"},"sameAs":["https:\/\/www.facebook.com\/PressenzaItalia","https:\/\/x.com\/PressenzaIPA"]},{"@type":"Person","@id":"https:\/\/www.pressenza.com\/de\/#\/schema\/person\/e78818511bfc2dbed78955a0c3cc89ec","name":"Alexandra Vega-Rivera","description":"Alexandra Vega Rivera naci\u00f3 en Colombia, es migrante y escritora, antrop\u00f3loga e investigadora acad\u00e9mica y de curiosidades varias. Acompa\u00f1a procesos de escritura, es columnista y editora. Ha escrito poes\u00eda, microrrelatos, etnograf\u00edas y ensayos. Est\u00e1 radicada en la ciudad de Buenos Aires, Argentina. @alexandravegarivera","url":"https:\/\/www.pressenza.com\/de\/author\/alexandra-vega-rivera\/"}]}},"place":"","original_article_url":"","_links":{"self":[{"href":"https:\/\/www.pressenza.com\/de\/wp-json\/wp\/v2\/posts\/2561357","targetHints":{"allow":["GET"]}}],"collection":[{"href":"https:\/\/www.pressenza.com\/de\/wp-json\/wp\/v2\/posts"}],"about":[{"href":"https:\/\/www.pressenza.com\/de\/wp-json\/wp\/v2\/types\/post"}],"author":[{"embeddable":true,"href":"https:\/\/www.pressenza.com\/de\/wp-json\/wp\/v2\/users\/1345"}],"replies":[{"embeddable":true,"href":"https:\/\/www.pressenza.com\/de\/wp-json\/wp\/v2\/comments?post=2561357"}],"version-history":[{"count":0,"href":"https:\/\/www.pressenza.com\/de\/wp-json\/wp\/v2\/posts\/2561357\/revisions"}],"wp:featuredmedia":[{"embeddable":true,"href":"https:\/\/www.pressenza.com\/de\/wp-json\/wp\/v2\/media\/2561358"}],"wp:attachment":[{"href":"https:\/\/www.pressenza.com\/de\/wp-json\/wp\/v2\/media?parent=2561357"}],"wp:term":[{"taxonomy":"category","embeddable":true,"href":"https:\/\/www.pressenza.com\/de\/wp-json\/wp\/v2\/categories?post=2561357"},{"taxonomy":"post_tag","embeddable":true,"href":"https:\/\/www.pressenza.com\/de\/wp-json\/wp\/v2\/tags?post=2561357"}],"curies":[{"name":"wp","href":"https:\/\/api.w.org\/{rel}","templated":true}]}}