{"id":2561249,"date":"2024-11-09T09:29:03","date_gmt":"2024-11-09T09:29:03","guid":{"rendered":"https:\/\/www.pressenza.com\/?p=2561249"},"modified":"2024-11-09T10:58:25","modified_gmt":"2024-11-09T10:58:25","slug":"wie-jugendliche-konflikte-ueberwinden-geschichten-von-mut-und-mitgefuehl","status":"publish","type":"post","link":"https:\/\/www.pressenza.com\/de\/2024\/11\/wie-jugendliche-konflikte-ueberwinden-geschichten-von-mut-und-mitgefuehl\/","title":{"rendered":"Wie Jugendliche Konflikte \u00fcberwinden &#8211; Geschichten von Mut und Mitgef\u00fchl"},"content":{"rendered":"<p><strong>Angesichts des Chaos um uns herum sollten wir unseren Fokus auf das Gute und Sch\u00f6ne richten \u2013 so ermutigt uns Dagmar Berkenberg von May Peace Prevail On Earth International e.V.<\/strong><\/p>\n<p>Ein inspirierendes Beispiel daf\u00fcr ist f\u00fcr sie die Goi Peace Stiftung, eine Schwesterorganisation, die in diesem Jahr beeindruckende 15.744 Aufs\u00e4tze von Jugendlichen aus 152 L\u00e4ndern erhalten hat. Diese jungen Menschen haben ihre Gedanken zum Thema \u201eWie ich Konflikte \u00fcberwunden habe\u201c eingereicht. Mehr dazu unter dem Link der <a href=\"https:\/\/www.goipeace.or.jp\/en\/work\/essay-contest\/\" target=\"_blank\" rel=\"noopener\">Goi Peace Stiftung<\/a>.<\/p>\n<p>Besonders beeindruckt war Dagmar Berkenberg vom Aufsatz des 14-j\u00e4hrigen Bosniers <strong>Mirza Catak<\/strong>. In bemerkenswerter Weise schildert er, wie er als Kind zwischen sechs und acht Jahren ohne Unterst\u00fctzung von Eltern oder Lehrern einen Mobbingfall mit Klarheit und Warmherzigkeit gel\u00f6st hat.<\/p>\n<blockquote><p><em>Es war wieder ein sch\u00f6ner Morgen, und alle freuten sich auf einen neuen Tag. Alle, au\u00dfer mir. Meine Probleme fingen nicht heute an, sondern ihre Geschichte begann schon vor langer Zeit.<\/em><\/p>\n<p><em>Das Schicksal wollte es, dass ich zu fr\u00fch geboren wurde. Schon bei der Geburt hatte ich Probleme mit der Atmung, und der Arzt sagte, meine Lungen seien nicht bereit f\u00fcr diese Welt. Nach einem langen Kampf und vielen Behandlungen kam ich schlie\u00dflich nach Hause, war aber nicht ganz gesund. <\/em><\/p>\n<p><em>Aufgrund meiner Krankheit musste ich immer eine Atemmaske tragen, wenn ich drau\u00dfen war. Die meiste Zeit meiner Kindheit verbrachte ich in meinem Zimmer. Ich freute mich darauf, die anderen Kinder zu sehen, <\/em><em>die im Park spielten. In meinen Tr\u00e4umen lag ich im Gras und spielte mit meinen Freunden. Aber ich wusste, dass das f\u00fcr mich unm\u00f6glich war.<\/em><\/p>\n<p><em>Die Zeit verging, ich wurde \u00e4lter, und es kam der Tag, an dem ich eingeschult werden sollte. Leider w\u00e4hrte meine Freude dar\u00fcber nicht lange. An meinem ersten Tag in der Schule erlebte ich eine unangenehme <\/em><em>\u00dcberraschung. <\/em><\/p>\n<p><em>Eine Gruppe von Jungen stand auf dem Schulhof. Als sie sahen, dass ich meine Maske trug, fingen sie an zu lachen und zeigten auf mich. Es war mir peinlich, aber ich wollte nicht darauf reagieren; ich dachte, es w\u00fcrde aufh\u00f6ren. Aber jeden Tag wurde es schlimmer. Sie misshandelten mich, lachten mich aus und beschimpften mich abf\u00e4llig. Die anderen Kinder wagten es nicht, etwas zu ihnen zu sagen, wahrscheinlich aus Angst. Niemand wollte bei mir stehen oder neben mir sitzen.<\/em><\/p>\n<p><em>Dadurch begann ich alles zu hassen. Ich hatte keine Lust, zur Schule zu gehen; ich hatte keine Lust zu lernen. Vor meinen Augen waren nur ihre Gesichter, die \u00fcber mich lachten. Ich war wieder entt\u00e4uscht und einsam.<\/em><\/p>\n<p><em>Ich habe dar\u00fcber nachgedacht, was ich tun sollte. <\/em><\/p>\n<p><em>Ich wollte es meinen Eltern nicht sagen; ich sch\u00e4mte mich. Ich wollte den Lehrern nicht sagen, weil ich kein Verr\u00e4ter sein wollte. Ich konnte sie nicht mehr ignorieren, weil sie mich verletzt hatten. <\/em><\/p>\n<p><em>Ich habe mit ihnen gestritten, aber das hat auch nicht geholfen. Es wurde nur noch schlimmer.<\/em><\/p>\n<p><em>Eines Tages rannte einer von ihnen hinter mir her und riss mir die Maske vom Gesicht. Er hat sie auf die Stra\u00dfe geworfen. Ich begann schwer zu atmen und kam kaum nach Hause.<\/em><\/p>\n<p><em>Dieser Konflikt hat mich v\u00f6llig \u00fcberw\u00e4ltigt. Ich wusste nicht, was ich tun sollte, um die Dinge wieder in Ordnung zu bringen. Der Konflikt mit anderen wurde zu einem pers\u00f6nlichen Konflikt mit mir selbst. Ich begann mich selbst zu hassen. Das hat mich ruiniert.<\/em><\/p>\n<p><em>Der Konflikt mit mir selbst war schlimmer als der Konflikt mit den anderen. Ich h\u00e4tte vor den anderen fliehen k\u00f6nnen, aber vor mir selbst konnte ich nicht fliehen.<\/em><\/p>\n<p><em>Ich fragte mich, warum sie meine Krankheit, mein Leiden und meinen Kampf nicht verstanden. Ich war einfach nur ein normaler Junge, der Freunde haben wollte.<\/em><\/p>\n<p><em>Und dann beschloss ich, den Konflikt zu l\u00f6sen. Ich fand sie auf dem Spielplatz, nahm meine ganze Kraft zusammen und stellte mich vor sie. <\/em><\/p>\n<p><em>Sie sahen mich seltsam an, und ich war so zuversichtlich. Ich habe ihnen ganz ruhig gesagt, dass mich ihr Verhalten verletzt hat. Ich sagte, dass ich nicht wegen meiner Krankheit diskriminiert werden wolle, aber auch, dass ich ihnen nichts \u00fcbel nehme und mit ihnen befreundet sein wollte. <\/em><\/p>\n<p><em>Sie standen besch\u00e4mt da, mit gesenktem Kopf. Und dann kam ein Junge und umarmte mich, und die anderen folgten ihm. Zum ersten Mal in meinem Leben war ich wirklich gl\u00fccklich.<\/em><\/p><\/blockquote>\n","protected":false},"excerpt":{"rendered":"<p>Angesichts des Chaos um uns herum sollten wir unseren Fokus auf das Gute und Sch\u00f6ne richten \u2013 so ermutigt uns Dagmar Berkenberg von May Peace Prevail On Earth International e.V. Ein inspirierendes Beispiel daf\u00fcr ist f\u00fcr sie die Goi Peace&hellip;<\/p>\n","protected":false},"author":1095,"featured_media":2561251,"comment_status":"closed","ping_status":"closed","sticky":false,"template":"","format":"standard","meta":{"footnotes":""},"categories":[9166,7835,46978,11387],"tags":[128917,128919,128916,62815,128918,54499,107832,128920],"class_list":["post-2561249","post","type-post","status-publish","format-standard","has-post-thumbnail","hentry","category-gewaltfreiheit","category-international-de","category-jugend","category-originalinhalt","tag-dagmar-berkenberg","tag-frieden-und-verstaendigung","tag-goi-peace-stiftung","tag-inspiration-de","tag-jugend-und-frieden","tag-konfliktloesung","tag-may-peace-prevail-on-earth","tag-mobbing-de"],"yoast_head":"<!-- This site is optimized with the Yoast SEO plugin v27.1.1 - https:\/\/yoast.com\/product\/yoast-seo-wordpress\/ -->\n<title>Wie Jugendliche Konflikte \u00fcberwinden - Geschichten von Mut und Mitgef\u00fchl<\/title>\n<meta name=\"description\" content=\"Angesichts des Chaos um uns herum sollten wir unseren Fokus auf das Gute und Sch\u00f6ne richten \u2013 so ermutigt uns Dagmar Berkenberg von May Peace Prevail On\" \/>\n<meta name=\"robots\" content=\"index, follow, max-snippet:-1, max-image-preview:large, max-video-preview:-1\" \/>\n<link rel=\"canonical\" href=\"https:\/\/www.pressenza.com\/de\/2024\/11\/wie-jugendliche-konflikte-ueberwinden-geschichten-von-mut-und-mitgefuehl\/\" \/>\n<meta property=\"og:locale\" content=\"de_DE\" \/>\n<meta property=\"og:type\" content=\"article\" \/>\n<meta property=\"og:title\" content=\"Wie Jugendliche Konflikte \u00fcberwinden - Geschichten von Mut und Mitgef\u00fchl\" \/>\n<meta property=\"og:description\" content=\"Angesichts des Chaos um uns herum sollten wir unseren Fokus auf das Gute und Sch\u00f6ne richten \u2013 so ermutigt uns Dagmar Berkenberg von May Peace Prevail On\" \/>\n<meta property=\"og:url\" content=\"https:\/\/www.pressenza.com\/de\/2024\/11\/wie-jugendliche-konflikte-ueberwinden-geschichten-von-mut-und-mitgefuehl\/\" \/>\n<meta property=\"og:site_name\" content=\"Pressenza\" \/>\n<meta property=\"article:publisher\" content=\"https:\/\/www.facebook.com\/PressenzaItalia\" \/>\n<meta property=\"article:author\" content=\"https:\/\/www.facebook.com\/Pressenza-Deutschland-sterreich-Schweiz-281675388658060\/timeline\/\" \/>\n<meta property=\"article:published_time\" content=\"2024-11-09T09:29:03+00:00\" \/>\n<meta property=\"article:modified_time\" content=\"2024-11-09T10:58:25+00:00\" \/>\n<meta property=\"og:image\" content=\"https:\/\/www.pressenza.com\/wp-content\/uploads\/2024\/11\/Essy-contest-2024.jpg\" \/>\n\t<meta property=\"og:image:width\" content=\"890\" \/>\n\t<meta property=\"og:image:height\" content=\"490\" \/>\n\t<meta property=\"og:image:type\" content=\"image\/jpeg\" \/>\n<meta name=\"author\" content=\"Pressenza Berlin\" \/>\n<meta name=\"twitter:card\" content=\"summary_large_image\" \/>\n<meta name=\"twitter:creator\" content=\"@pressenza_ger\" \/>\n<meta name=\"twitter:site\" content=\"@PressenzaIPA\" \/>\n<meta name=\"twitter:label1\" content=\"Verfasst von\" \/>\n\t<meta name=\"twitter:data1\" content=\"Pressenza Berlin\" \/>\n\t<meta name=\"twitter:label2\" content=\"Gesch\u00e4tzte Lesezeit\" \/>\n\t<meta name=\"twitter:data2\" content=\"4\u00a0Minuten\" \/>\n<script type=\"application\/ld+json\" class=\"yoast-schema-graph\">{\"@context\":\"https:\/\/schema.org\",\"@graph\":[{\"@type\":\"Article\",\"@id\":\"https:\/\/www.pressenza.com\/de\/2024\/11\/wie-jugendliche-konflikte-ueberwinden-geschichten-von-mut-und-mitgefuehl\/#article\",\"isPartOf\":{\"@id\":\"https:\/\/www.pressenza.com\/de\/2024\/11\/wie-jugendliche-konflikte-ueberwinden-geschichten-von-mut-und-mitgefuehl\/\"},\"author\":{\"name\":\"Pressenza Berlin\",\"@id\":\"https:\/\/www.pressenza.com\/de\/#\/schema\/person\/57bb5480943a496a7722b0248e4b658a\"},\"headline\":\"Wie Jugendliche Konflikte \u00fcberwinden &#8211; Geschichten von Mut und Mitgef\u00fchl\",\"datePublished\":\"2024-11-09T09:29:03+00:00\",\"dateModified\":\"2024-11-09T10:58:25+00:00\",\"mainEntityOfPage\":{\"@id\":\"https:\/\/www.pressenza.com\/de\/2024\/11\/wie-jugendliche-konflikte-ueberwinden-geschichten-von-mut-und-mitgefuehl\/\"},\"wordCount\":740,\"publisher\":{\"@id\":\"https:\/\/www.pressenza.com\/de\/#organization\"},\"image\":{\"@id\":\"https:\/\/www.pressenza.com\/de\/2024\/11\/wie-jugendliche-konflikte-ueberwinden-geschichten-von-mut-und-mitgefuehl\/#primaryimage\"},\"thumbnailUrl\":\"https:\/\/www.pressenza.com\/wp-content\/uploads\/2024\/11\/Essy-contest-2024.jpg\",\"keywords\":[\"Dagmar Berkenberg\",\"Frieden und Verst\u00e4ndigung\",\"Goi Peace Stiftung\",\"inspiration\",\"Jugend und Frieden\",\"Konfliktl\u00f6sung\",\"May Peace Prevail On Earth\",\"mobbing\"],\"articleSection\":[\"Gewaltfreiheit\",\"International\",\"Jugend\",\"Originalinhalt\"],\"inLanguage\":\"de\"},{\"@type\":\"WebPage\",\"@id\":\"https:\/\/www.pressenza.com\/de\/2024\/11\/wie-jugendliche-konflikte-ueberwinden-geschichten-von-mut-und-mitgefuehl\/\",\"url\":\"https:\/\/www.pressenza.com\/de\/2024\/11\/wie-jugendliche-konflikte-ueberwinden-geschichten-von-mut-und-mitgefuehl\/\",\"name\":\"Wie Jugendliche Konflikte \u00fcberwinden - Geschichten von Mut und Mitgef\u00fchl\",\"isPartOf\":{\"@id\":\"https:\/\/www.pressenza.com\/de\/#website\"},\"primaryImageOfPage\":{\"@id\":\"https:\/\/www.pressenza.com\/de\/2024\/11\/wie-jugendliche-konflikte-ueberwinden-geschichten-von-mut-und-mitgefuehl\/#primaryimage\"},\"image\":{\"@id\":\"https:\/\/www.pressenza.com\/de\/2024\/11\/wie-jugendliche-konflikte-ueberwinden-geschichten-von-mut-und-mitgefuehl\/#primaryimage\"},\"thumbnailUrl\":\"https:\/\/www.pressenza.com\/wp-content\/uploads\/2024\/11\/Essy-contest-2024.jpg\",\"datePublished\":\"2024-11-09T09:29:03+00:00\",\"dateModified\":\"2024-11-09T10:58:25+00:00\",\"description\":\"Angesichts des Chaos um uns herum sollten wir unseren Fokus auf das Gute und Sch\u00f6ne richten \u2013 so ermutigt uns Dagmar Berkenberg von May Peace Prevail On\",\"breadcrumb\":{\"@id\":\"https:\/\/www.pressenza.com\/de\/2024\/11\/wie-jugendliche-konflikte-ueberwinden-geschichten-von-mut-und-mitgefuehl\/#breadcrumb\"},\"inLanguage\":\"de\",\"potentialAction\":[{\"@type\":\"ReadAction\",\"target\":[\"https:\/\/www.pressenza.com\/de\/2024\/11\/wie-jugendliche-konflikte-ueberwinden-geschichten-von-mut-und-mitgefuehl\/\"]}]},{\"@type\":\"ImageObject\",\"inLanguage\":\"de\",\"@id\":\"https:\/\/www.pressenza.com\/de\/2024\/11\/wie-jugendliche-konflikte-ueberwinden-geschichten-von-mut-und-mitgefuehl\/#primaryimage\",\"url\":\"https:\/\/www.pressenza.com\/wp-content\/uploads\/2024\/11\/Essy-contest-2024.jpg\",\"contentUrl\":\"https:\/\/www.pressenza.com\/wp-content\/uploads\/2024\/11\/Essy-contest-2024.jpg\",\"width\":890,\"height\":490,\"caption\":\"Wie Jugendliche Konflikte \u00fcberwinden - Geschichten von Mut und Mitgef\u00fchl\"},{\"@type\":\"BreadcrumbList\",\"@id\":\"https:\/\/www.pressenza.com\/de\/2024\/11\/wie-jugendliche-konflikte-ueberwinden-geschichten-von-mut-und-mitgefuehl\/#breadcrumb\",\"itemListElement\":[{\"@type\":\"ListItem\",\"position\":1,\"name\":\"Accueil\",\"item\":\"https:\/\/www.pressenza.com\/de\/\"},{\"@type\":\"ListItem\",\"position\":2,\"name\":\"Wie Jugendliche Konflikte \u00fcberwinden &#8211; Geschichten von Mut und Mitgef\u00fchl\"}]},{\"@type\":\"WebSite\",\"@id\":\"https:\/\/www.pressenza.com\/de\/#website\",\"url\":\"https:\/\/www.pressenza.com\/de\/\",\"name\":\"Pressenza\",\"description\":\"International Press Agency\",\"publisher\":{\"@id\":\"https:\/\/www.pressenza.com\/de\/#organization\"},\"potentialAction\":[{\"@type\":\"SearchAction\",\"target\":{\"@type\":\"EntryPoint\",\"urlTemplate\":\"https:\/\/www.pressenza.com\/de\/?s={search_term_string}\"},\"query-input\":{\"@type\":\"PropertyValueSpecification\",\"valueRequired\":true,\"valueName\":\"search_term_string\"}}],\"inLanguage\":\"de\"},{\"@type\":\"Organization\",\"@id\":\"https:\/\/www.pressenza.com\/de\/#organization\",\"name\":\"Pressenza\",\"url\":\"https:\/\/www.pressenza.com\/de\/\",\"logo\":{\"@type\":\"ImageObject\",\"inLanguage\":\"de\",\"@id\":\"https:\/\/www.pressenza.com\/de\/#\/schema\/logo\/image\/\",\"url\":\"https:\/\/www.pressenza.com\/wp-content\/uploads\/2022\/10\/pressenza_logo_200x200.jpg\",\"contentUrl\":\"https:\/\/www.pressenza.com\/wp-content\/uploads\/2022\/10\/pressenza_logo_200x200.jpg\",\"width\":200,\"height\":200,\"caption\":\"Pressenza\"},\"image\":{\"@id\":\"https:\/\/www.pressenza.com\/de\/#\/schema\/logo\/image\/\"},\"sameAs\":[\"https:\/\/www.facebook.com\/PressenzaItalia\",\"https:\/\/x.com\/PressenzaIPA\"]},{\"@type\":\"Person\",\"@id\":\"https:\/\/www.pressenza.com\/de\/#\/schema\/person\/57bb5480943a496a7722b0248e4b658a\",\"name\":\"Pressenza Berlin\",\"description\":\"News from the Pressenza Bureau in Berlin, Germany\",\"sameAs\":[\"https:\/\/www.facebook.com\/Pressenza-Deutschland-sterreich-Schweiz-281675388658060\/timeline\/\",\"https:\/\/x.com\/pressenza_ger\"],\"url\":\"https:\/\/www.pressenza.com\/de\/author\/pressenza-berlin\/\"}]}<\/script>\n<!-- \/ Yoast SEO plugin. -->","yoast_head_json":{"title":"Wie Jugendliche Konflikte \u00fcberwinden - Geschichten von Mut und Mitgef\u00fchl","description":"Angesichts des Chaos um uns herum sollten wir unseren Fokus auf das Gute und Sch\u00f6ne richten \u2013 so ermutigt uns Dagmar Berkenberg von May Peace Prevail On","robots":{"index":"index","follow":"follow","max-snippet":"max-snippet:-1","max-image-preview":"max-image-preview:large","max-video-preview":"max-video-preview:-1"},"canonical":"https:\/\/www.pressenza.com\/de\/2024\/11\/wie-jugendliche-konflikte-ueberwinden-geschichten-von-mut-und-mitgefuehl\/","og_locale":"de_DE","og_type":"article","og_title":"Wie Jugendliche Konflikte \u00fcberwinden - Geschichten von Mut und Mitgef\u00fchl","og_description":"Angesichts des Chaos um uns herum sollten wir unseren Fokus auf das Gute und Sch\u00f6ne richten \u2013 so ermutigt uns Dagmar Berkenberg von May Peace Prevail On","og_url":"https:\/\/www.pressenza.com\/de\/2024\/11\/wie-jugendliche-konflikte-ueberwinden-geschichten-von-mut-und-mitgefuehl\/","og_site_name":"Pressenza","article_publisher":"https:\/\/www.facebook.com\/PressenzaItalia","article_author":"https:\/\/www.facebook.com\/Pressenza-Deutschland-sterreich-Schweiz-281675388658060\/timeline\/","article_published_time":"2024-11-09T09:29:03+00:00","article_modified_time":"2024-11-09T10:58:25+00:00","og_image":[{"width":890,"height":490,"url":"https:\/\/www.pressenza.com\/wp-content\/uploads\/2024\/11\/Essy-contest-2024.jpg","type":"image\/jpeg"}],"author":"Pressenza Berlin","twitter_card":"summary_large_image","twitter_creator":"@pressenza_ger","twitter_site":"@PressenzaIPA","twitter_misc":{"Verfasst von":"Pressenza Berlin","Gesch\u00e4tzte Lesezeit":"4\u00a0Minuten"},"schema":{"@context":"https:\/\/schema.org","@graph":[{"@type":"Article","@id":"https:\/\/www.pressenza.com\/de\/2024\/11\/wie-jugendliche-konflikte-ueberwinden-geschichten-von-mut-und-mitgefuehl\/#article","isPartOf":{"@id":"https:\/\/www.pressenza.com\/de\/2024\/11\/wie-jugendliche-konflikte-ueberwinden-geschichten-von-mut-und-mitgefuehl\/"},"author":{"name":"Pressenza Berlin","@id":"https:\/\/www.pressenza.com\/de\/#\/schema\/person\/57bb5480943a496a7722b0248e4b658a"},"headline":"Wie Jugendliche Konflikte \u00fcberwinden &#8211; Geschichten von Mut und Mitgef\u00fchl","datePublished":"2024-11-09T09:29:03+00:00","dateModified":"2024-11-09T10:58:25+00:00","mainEntityOfPage":{"@id":"https:\/\/www.pressenza.com\/de\/2024\/11\/wie-jugendliche-konflikte-ueberwinden-geschichten-von-mut-und-mitgefuehl\/"},"wordCount":740,"publisher":{"@id":"https:\/\/www.pressenza.com\/de\/#organization"},"image":{"@id":"https:\/\/www.pressenza.com\/de\/2024\/11\/wie-jugendliche-konflikte-ueberwinden-geschichten-von-mut-und-mitgefuehl\/#primaryimage"},"thumbnailUrl":"https:\/\/www.pressenza.com\/wp-content\/uploads\/2024\/11\/Essy-contest-2024.jpg","keywords":["Dagmar Berkenberg","Frieden und Verst\u00e4ndigung","Goi Peace Stiftung","inspiration","Jugend und Frieden","Konfliktl\u00f6sung","May Peace Prevail On Earth","mobbing"],"articleSection":["Gewaltfreiheit","International","Jugend","Originalinhalt"],"inLanguage":"de"},{"@type":"WebPage","@id":"https:\/\/www.pressenza.com\/de\/2024\/11\/wie-jugendliche-konflikte-ueberwinden-geschichten-von-mut-und-mitgefuehl\/","url":"https:\/\/www.pressenza.com\/de\/2024\/11\/wie-jugendliche-konflikte-ueberwinden-geschichten-von-mut-und-mitgefuehl\/","name":"Wie Jugendliche Konflikte \u00fcberwinden - Geschichten von Mut und Mitgef\u00fchl","isPartOf":{"@id":"https:\/\/www.pressenza.com\/de\/#website"},"primaryImageOfPage":{"@id":"https:\/\/www.pressenza.com\/de\/2024\/11\/wie-jugendliche-konflikte-ueberwinden-geschichten-von-mut-und-mitgefuehl\/#primaryimage"},"image":{"@id":"https:\/\/www.pressenza.com\/de\/2024\/11\/wie-jugendliche-konflikte-ueberwinden-geschichten-von-mut-und-mitgefuehl\/#primaryimage"},"thumbnailUrl":"https:\/\/www.pressenza.com\/wp-content\/uploads\/2024\/11\/Essy-contest-2024.jpg","datePublished":"2024-11-09T09:29:03+00:00","dateModified":"2024-11-09T10:58:25+00:00","description":"Angesichts des Chaos um uns herum sollten wir unseren Fokus auf das Gute und Sch\u00f6ne richten \u2013 so ermutigt uns Dagmar Berkenberg von May Peace Prevail On","breadcrumb":{"@id":"https:\/\/www.pressenza.com\/de\/2024\/11\/wie-jugendliche-konflikte-ueberwinden-geschichten-von-mut-und-mitgefuehl\/#breadcrumb"},"inLanguage":"de","potentialAction":[{"@type":"ReadAction","target":["https:\/\/www.pressenza.com\/de\/2024\/11\/wie-jugendliche-konflikte-ueberwinden-geschichten-von-mut-und-mitgefuehl\/"]}]},{"@type":"ImageObject","inLanguage":"de","@id":"https:\/\/www.pressenza.com\/de\/2024\/11\/wie-jugendliche-konflikte-ueberwinden-geschichten-von-mut-und-mitgefuehl\/#primaryimage","url":"https:\/\/www.pressenza.com\/wp-content\/uploads\/2024\/11\/Essy-contest-2024.jpg","contentUrl":"https:\/\/www.pressenza.com\/wp-content\/uploads\/2024\/11\/Essy-contest-2024.jpg","width":890,"height":490,"caption":"Wie Jugendliche Konflikte \u00fcberwinden - Geschichten von Mut und Mitgef\u00fchl"},{"@type":"BreadcrumbList","@id":"https:\/\/www.pressenza.com\/de\/2024\/11\/wie-jugendliche-konflikte-ueberwinden-geschichten-von-mut-und-mitgefuehl\/#breadcrumb","itemListElement":[{"@type":"ListItem","position":1,"name":"Accueil","item":"https:\/\/www.pressenza.com\/de\/"},{"@type":"ListItem","position":2,"name":"Wie Jugendliche Konflikte \u00fcberwinden &#8211; Geschichten von Mut und Mitgef\u00fchl"}]},{"@type":"WebSite","@id":"https:\/\/www.pressenza.com\/de\/#website","url":"https:\/\/www.pressenza.com\/de\/","name":"Pressenza","description":"International Press Agency","publisher":{"@id":"https:\/\/www.pressenza.com\/de\/#organization"},"potentialAction":[{"@type":"SearchAction","target":{"@type":"EntryPoint","urlTemplate":"https:\/\/www.pressenza.com\/de\/?s={search_term_string}"},"query-input":{"@type":"PropertyValueSpecification","valueRequired":true,"valueName":"search_term_string"}}],"inLanguage":"de"},{"@type":"Organization","@id":"https:\/\/www.pressenza.com\/de\/#organization","name":"Pressenza","url":"https:\/\/www.pressenza.com\/de\/","logo":{"@type":"ImageObject","inLanguage":"de","@id":"https:\/\/www.pressenza.com\/de\/#\/schema\/logo\/image\/","url":"https:\/\/www.pressenza.com\/wp-content\/uploads\/2022\/10\/pressenza_logo_200x200.jpg","contentUrl":"https:\/\/www.pressenza.com\/wp-content\/uploads\/2022\/10\/pressenza_logo_200x200.jpg","width":200,"height":200,"caption":"Pressenza"},"image":{"@id":"https:\/\/www.pressenza.com\/de\/#\/schema\/logo\/image\/"},"sameAs":["https:\/\/www.facebook.com\/PressenzaItalia","https:\/\/x.com\/PressenzaIPA"]},{"@type":"Person","@id":"https:\/\/www.pressenza.com\/de\/#\/schema\/person\/57bb5480943a496a7722b0248e4b658a","name":"Pressenza Berlin","description":"News from the Pressenza Bureau in Berlin, Germany","sameAs":["https:\/\/www.facebook.com\/Pressenza-Deutschland-sterreich-Schweiz-281675388658060\/timeline\/","https:\/\/x.com\/pressenza_ger"],"url":"https:\/\/www.pressenza.com\/de\/author\/pressenza-berlin\/"}]}},"place":"","original_article_url":"","_links":{"self":[{"href":"https:\/\/www.pressenza.com\/de\/wp-json\/wp\/v2\/posts\/2561249","targetHints":{"allow":["GET"]}}],"collection":[{"href":"https:\/\/www.pressenza.com\/de\/wp-json\/wp\/v2\/posts"}],"about":[{"href":"https:\/\/www.pressenza.com\/de\/wp-json\/wp\/v2\/types\/post"}],"author":[{"embeddable":true,"href":"https:\/\/www.pressenza.com\/de\/wp-json\/wp\/v2\/users\/1095"}],"replies":[{"embeddable":true,"href":"https:\/\/www.pressenza.com\/de\/wp-json\/wp\/v2\/comments?post=2561249"}],"version-history":[{"count":0,"href":"https:\/\/www.pressenza.com\/de\/wp-json\/wp\/v2\/posts\/2561249\/revisions"}],"wp:featuredmedia":[{"embeddable":true,"href":"https:\/\/www.pressenza.com\/de\/wp-json\/wp\/v2\/media\/2561251"}],"wp:attachment":[{"href":"https:\/\/www.pressenza.com\/de\/wp-json\/wp\/v2\/media?parent=2561249"}],"wp:term":[{"taxonomy":"category","embeddable":true,"href":"https:\/\/www.pressenza.com\/de\/wp-json\/wp\/v2\/categories?post=2561249"},{"taxonomy":"post_tag","embeddable":true,"href":"https:\/\/www.pressenza.com\/de\/wp-json\/wp\/v2\/tags?post=2561249"}],"curies":[{"name":"wp","href":"https:\/\/api.w.org\/{rel}","templated":true}]}}