{"id":2558510,"date":"2024-10-29T13:23:24","date_gmt":"2024-10-29T13:23:24","guid":{"rendered":"https:\/\/www.pressenza.com\/?p=2558510"},"modified":"2024-10-29T13:24:18","modified_gmt":"2024-10-29T13:24:18","slug":"unser-protest-hat-galamsey-international-bekannt-gemacht","status":"publish","type":"post","link":"https:\/\/www.pressenza.com\/de\/2024\/10\/unser-protest-hat-galamsey-international-bekannt-gemacht\/","title":{"rendered":"\u00abUnser Protest hat Galamsey international bekannt gemacht\u00bb"},"content":{"rendered":"<p><strong>In Ghana demonstriert die Jugend gegen den illegalen Goldabbau. Anstatt Mineure, verhaftet die Polizei jedoch die Demonstranten.<\/strong><\/p>\n<p><em><a href=\"mailto:philippe.stalder@infosperber.ch\" target=\"_blank\" rel=\"noopener\">Philippe Stalder<\/a><\/em> f\u00fcr die Online-Zeitung <a href=\"https:\/\/www.infosperber.ch\/umwelt\/unser-protest-hat-galamsey-international-bekannt-gemacht\/\" target=\"_blank\" rel=\"noopener\">INFOSperber<\/a><\/p>\n<p>In den letzten Wochen kam es in der ghanaischen Hauptstadt Accra zu Protesten gegen Galamsey. Galamsey bedeutet so viel wie illegaler und handwerklicher Goldabbau. In den nicht-lizenzierten Galamsey-Betrieben arbeiten in der Regel ungeschulte Personen, die mit rudiment\u00e4ren Werkzeugen unkontrolliert den Boden und die Gew\u00e4sser ausheben.<\/p>\n<p>Abgesehen von der wahllosen Zerst\u00f6rung von Land und Vegetation werden bei der Galamsey-Arbeit h\u00e4ufig gef\u00e4hrliche Chemikalien wie Quecksilber und Zyanid freigesetzt, die nicht nur in Grund- und Trinkwasserreservoire gelangen, sondern auch Fl\u00fcsse und Seen verpesten. Bei vielen Anwohnern f\u00fchrte dies bereits zu neurologischen St\u00f6rungen, Atemwegserkrankungen, Herz-Kreislauf-Problemen oder angeborenen Missbildungen bei ihren Kindern. Im folgenden Interview spricht Glen Sam, visueller K\u00fcnstler aus Accra, \u00fcber die Hintergr\u00fcnde und Folgen der Proteste, an denen er selbst teilnahm und verhaftet wurde.<\/p>\n<p><a href=\"https:\/\/www.instagram.com\/glennsamm\/?next=%2Fglennsamm%2F\" target=\"_blank\" rel=\"noopener\">https:\/\/www.instagram.com\/glennsamm\/?next=%2Fglennsamm%2F<\/a><\/p>\n<p><strong>Die negativen Auswirkungen von Galamsey sind schon seit mehreren Jahren bekannt, was hat die Proteste gerade jetzt ausgel\u00f6st?<\/strong><\/p>\n<p>Ausgel\u00f6st wurden die Proteste durch einen Bericht der <a href=\"https:\/\/www.cwsa.gov.gh\/\" target=\"_blank\" rel=\"noopener\">Wasserbeh\u00f6rde<\/a>, in dem auf die negativen Auswirkungen von Galamsey hingewiesen und die Situation als <strong>\u00ab<\/strong>katastrophal<strong>\u00bb<\/strong> bezeichnet wurde. Daraufhin hat sich in den Social Media unter dem Hashtag <strong>\u00ab<\/strong>Fixthecountry<strong>\u00bb<\/strong> (zu Deutsch: das Land reparieren) eine Bewegung gebildet, die zu einem dreit\u00e4gigen Galamsey-Protest Anfang Oktober aufrief. Ziel war es, die Regierung durch den Protest zum Handeln zu zwingen.<\/p>\n<p><strong>Galamsey ist per Definition ja schon illegal, weil es sich nur auf den unbewilligten Goldabbau bezieht. Weshalb hat die Regierung denn bisher nichts dagegen unternommen?<\/strong><\/p>\n<p>Das ist genau der springende Punkt. Die Regierung h\u00e4tte Galamsey schon viel l\u00e4nger einen Riegel schieben k\u00f6nnen. Da sie das bisher nicht gemacht hat, gehen viele davon aus, dass sie entweder selbst darin involviert ist oder aber schlicht ihre Verantwortung nicht wahrnimmt.<\/p>\n<p><img loading=\"lazy\" decoding=\"async\" class=\"alignnone wp-image-2558513\" src=\"https:\/\/www.pressenza.com\/wp-content\/uploads\/2024\/10\/Galamsey-0-300x122.jpg\" alt=\"\" width=\"900\" height=\"366\" srcset=\"https:\/\/www.pressenza.com\/wp-content\/uploads\/2024\/10\/Galamsey-0-300x122.jpg 300w, https:\/\/www.pressenza.com\/wp-content\/uploads\/2024\/10\/Galamsey-0.jpg 749w\" sizes=\"auto, (max-width: 900px) 100vw, 900px\" \/><\/p>\n<p><strong>Wer steht denn hinter den Galamsey-Unternehmen?<\/strong><\/p>\n<p>Das k\u00f6nnen einzelne Kakao-Bauern sein, die mit dem Kakao-Preis unzufrieden sind und aus Verzweiflung ihre B\u00e4ume f\u00e4llen und unter ihrem Land auf eigene Faust nach Gold suchen. Oder es k\u00f6nnen informelle Netzwerke von mehreren Dutzend Mitarbeitern sein, die im gro\u00dfen Stil und mit schwerem Ger\u00e4t Landfl\u00e4chen umgraben. Oft sind es Chinesen, die die teuren Maschinen bereitstellen. Der Verdacht liegt nat\u00fcrlich nahe, dass die ausl\u00e4ndischen Goldgr\u00e4ber den lokalen Polizeikommandanten bestechen, damit dieser sie ohne Abbau-Lizenz gew\u00e4hren l\u00e4sst.<\/p>\n<p><strong>Und die nationale Regierung schaut einfach zu?<\/strong><\/p>\n<p>Genau diesen Eindruck haben wir. Die Regierung hatte k\u00fcrzlich Soldaten in einige Abbaugebiete entsandt, kurze Zeit sp\u00e4ter ging der Abbau dort aber wieder weiter. Die Regierungspartei NPP (New Patriotic Party) hatte zwar angek\u00fcndigt, Galamsey zu regulieren und die Gew\u00e4sser zu sch\u00fctzen, diesen Worten folgten bisher jedoch keine Taten.<\/p>\n<p><strong>Was geschieht denn mit dem informell gewonnenen Gold, nachdem es abgebaut wurde?<\/strong><\/p>\n<p>Dazu ist in der ghanaischen \u00d6ffentlichkeit relativ wenig bekannt. Wir gehen davon aus, dass es mit lizenziert abgebautem Gold vermischt und \u00fcber etablierte Lieferketten ins Ausland verkauft wird. Der gr\u00f6\u00dfte Abnehmer ghanaischen Goldes sind mit rund 4,7 Milliarden US-Dollar j\u00e4hrlich die Vereinigten Arabischen Emirate. An zweiter Stelle kommen die Schweizer Raffinerien mit rund 3,3 Milliarden.<\/p>\n<p><strong>Betroffen von den sch\u00e4dlichen Auswirkungen ist vor allem die Landbev\u00f6lkerung, demonstriert haben jedoch St\u00e4dter. Weshalb haben sie sich mit den Anliegen der Landbev\u00f6lkerung solidarisiert?<\/strong><\/p>\n<p>Wir alle sind Ghanaer und dies ist ein nationales Problem. Wir haben Gl\u00fcck, in der Stadt leben zu k\u00f6nnen. Deshalb ist es unsere Pflicht, uns f\u00fcr die Anliegen der Landbev\u00f6lkerung einzusetzen. Au\u00dferdem kommen unsere\u00a0Nahrungsmittel vom Land, wenn die Gew\u00e4sser dort verschmutzt sind, vergiftet das auch unsere Nahrungskette.<\/p>\n<p><strong>Wie liefen die Proteste ab?<\/strong><\/p>\n<p>Auf X (ehemals Twitter) gibt es eine Gruppe von Aktivisten, die bereits in der Vergangenheit Umweltproteste organisiert hatte. Sie nennt sich <strong>\u00ab<\/strong>Democracy Hub<strong>\u00bb<\/strong>.<\/p>\n<p><img loading=\"lazy\" decoding=\"async\" class=\"alignnone wp-image-2558518\" src=\"https:\/\/www.pressenza.com\/wp-content\/uploads\/2024\/10\/Galamsey-1-1-300x68.jpg\" alt=\"\" width=\"874\" height=\"198\" srcset=\"https:\/\/www.pressenza.com\/wp-content\/uploads\/2024\/10\/Galamsey-1-1-300x68.jpg 300w, https:\/\/www.pressenza.com\/wp-content\/uploads\/2024\/10\/Galamsey-1-1.jpg 749w\" sizes=\"auto, (max-width: 874px) 100vw, 874px\" \/><\/p>\n<p>&nbsp;<\/p>\n<p>Die Aktivisten hatten Ende September bei den Beh\u00f6rden einen dreit\u00e4gigen Protest angemeldet und eine <a href=\"https:\/\/www.ghanaweb.com\/GhanaHomePage\/NewsArchive\/Police-organisers-agree-on-routes-for-3-Day-StopGalamsey-FreeTheCitizens-protest-1953306\" target=\"_blank\" rel=\"noopener\">Bewilligung<\/a> erhalten. Am ersten Tag hatten einige Aktivisten jedoch Flaggen der Regierungspartei verbrannt, weshalb die Polizei am zweiten Tag anfing, wahllos Demonstranten zu verhaften. Insgesamt wurden an der bewilligten Demonstration 63 Leute verhaftet, unter anderem auch ich.<\/p>\n<p><strong>Wie lief Ihre Verhaftung ab?<\/strong><\/p>\n<p>Ich w\u00fcrde es eher als Kidnapping denn als Verhaftung beschreiben, da mir niemand erkl\u00e4rt hatte, weshalb ich \u00fcberhaupt verhaftet werde. Ich wartete nach dem Protest an der Elwak-Haltestelle auf meinen Bus, als pl\u00f6tzlich ein Polizist von hinten auf meine Schultern klopfte. Ich drehte mich um und wurde sofort von seinen Kollegen \u00fcberw\u00e4ltigt, die mich an Armen und Beinen tragend in ihren Einsatzwagen schleppten. Ich sa\u00df zwei Wochen in Untersuchungshaft, danach wurde ich gegen Kaution freigelassen. Nun warte ich auf meine Gerichtsverhandlung n\u00e4chste Woche.<\/p>\n<p><strong>Was wird Ihnen denn vorgeworfen?<\/strong><\/p>\n<p>Wir wurden in sechs Punkten angeklagt, unter anderem der Versammlung mit dem Vorsatz, eine Straftat zu begehen, Unruhe zu stiften sowie Anschlagbretter und Flaggen politischer Parteien zu besch\u00e4digen. Es wurden mir jedoch keine Beweise vorgelegt, die zeigen, dass ich diese Straftaten tats\u00e4chlich auch begangen habe. Anstatt, dass die Leute verhaftet werden, die illegal Gold abbauen und die Umwelt verschmutzen, werden diejenigen verhaftet, die dagegen demonstrieren. Willkommen in Ghana.<\/p>\n<p><strong>Wie sieht ein ghanaisches Gef\u00e4ngnis von innen aus?<\/strong><\/p>\n<p>Besser, du erf\u00e4hrst das nie. In den ersten zwei N\u00e4chten war ich mit 27 Personen, darunter auch M\u00f6rder, in einer Zelle, ich musste die ganze Zeit stehen, da es keinen Platz gab. Danach wurde ich zum Gl\u00fcck in eine andere Zelle verlegt, wo wir zu siebzehnt waren. Diese Zelle war gr\u00f6sser, wir konnten uns nachts hinlegen.<\/p>\n<p><strong>Wie wurden die Proteste in der ghanaischen \u00d6ffentlichkeit diskutiert?<\/strong><\/p>\n<p>Die Proteste stie\u00dfen auf viel Resonanz, vor allem im Internet, wo der Hashtag StopGalamseyNow viral ging. \u00dcbrigens auch im Ausland, insbesondere in der afroamerikanischen Gemeinschaft, aus der viele im Dezember nach Ghana kommen, um Ferien zu machen. Ich denke, unser Protest hat Galamsey international bekannt gemacht, worauf ich stolz bin.<\/p>\n","protected":false},"excerpt":{"rendered":"<p>In Ghana demonstriert die Jugend gegen den illegalen Goldabbau. Anstatt Mineure, verhaftet die Polizei jedoch die Demonstranten. Philippe Stalder f\u00fcr die Online-Zeitung INFOSperber In den letzten Wochen kam es in der ghanaischen Hauptstadt Accra zu Protesten gegen Galamsey. Galamsey bedeutet&hellip;<\/p>\n","protected":false},"author":1855,"featured_media":2558622,"comment_status":"closed","ping_status":"closed","sticky":false,"template":"","format":"standard","meta":{"footnotes":""},"categories":[9147,9157,9158],"tags":[128524,128523,56143],"class_list":["post-2558510","post","type-post","status-publish","format-standard","has-post-thumbnail","hentry","category-afrika-de","category-oekologie-und-umwelt","category-wirtschaft","tag-galamsey","tag-goldabbau","tag-rohstoffe"],"yoast_head":"<!-- This site is optimized with the Yoast SEO plugin v27.1.1 - https:\/\/yoast.com\/product\/yoast-seo-wordpress\/ -->\n<title>\u00abUnser Protest hat Galamsey international bekannt gemacht\u00bb<\/title>\n<meta name=\"description\" content=\"In Ghana demonstriert die Jugend gegen den illegalen Goldabbau. Anstatt Mineure, verhaftet die Polizei jedoch die Demonstranten. Philippe Stalder f\u00fcr die\" \/>\n<meta name=\"robots\" content=\"index, follow, max-snippet:-1, max-image-preview:large, max-video-preview:-1\" \/>\n<link rel=\"canonical\" href=\"https:\/\/www.pressenza.com\/de\/2024\/10\/unser-protest-hat-galamsey-international-bekannt-gemacht\/\" \/>\n<meta property=\"og:locale\" content=\"de_DE\" \/>\n<meta property=\"og:type\" content=\"article\" \/>\n<meta property=\"og:title\" content=\"\u00abUnser Protest hat Galamsey international bekannt gemacht\u00bb\" \/>\n<meta property=\"og:description\" content=\"In Ghana demonstriert die Jugend gegen den illegalen Goldabbau. Anstatt Mineure, verhaftet die Polizei jedoch die Demonstranten. Philippe Stalder f\u00fcr die\" \/>\n<meta property=\"og:url\" content=\"https:\/\/www.pressenza.com\/de\/2024\/10\/unser-protest-hat-galamsey-international-bekannt-gemacht\/\" \/>\n<meta property=\"og:site_name\" content=\"Pressenza\" \/>\n<meta property=\"article:publisher\" content=\"https:\/\/www.facebook.com\/PressenzaItalia\" \/>\n<meta property=\"article:published_time\" content=\"2024-10-29T13:23:24+00:00\" \/>\n<meta property=\"article:modified_time\" content=\"2024-10-29T13:24:18+00:00\" \/>\n<meta property=\"og:image\" content=\"https:\/\/www.pressenza.com\/wp-content\/uploads\/2024\/10\/galamsey-e1729782640563-1024x615-1.png\" \/>\n\t<meta property=\"og:image:width\" content=\"1024\" \/>\n\t<meta property=\"og:image:height\" content=\"615\" \/>\n\t<meta property=\"og:image:type\" content=\"image\/png\" \/>\n<meta name=\"author\" content=\"INFOsperber\" \/>\n<meta name=\"twitter:card\" content=\"summary_large_image\" \/>\n<meta name=\"twitter:creator\" content=\"@PressenzaIPA\" \/>\n<meta name=\"twitter:site\" content=\"@PressenzaIPA\" \/>\n<meta name=\"twitter:label1\" content=\"Verfasst von\" \/>\n\t<meta name=\"twitter:data1\" content=\"INFOsperber\" \/>\n\t<meta name=\"twitter:label2\" content=\"Gesch\u00e4tzte Lesezeit\" \/>\n\t<meta name=\"twitter:data2\" content=\"6\u00a0Minuten\" \/>\n<script type=\"application\/ld+json\" class=\"yoast-schema-graph\">{\"@context\":\"https:\/\/schema.org\",\"@graph\":[{\"@type\":\"Article\",\"@id\":\"https:\/\/www.pressenza.com\/de\/2024\/10\/unser-protest-hat-galamsey-international-bekannt-gemacht\/#article\",\"isPartOf\":{\"@id\":\"https:\/\/www.pressenza.com\/de\/2024\/10\/unser-protest-hat-galamsey-international-bekannt-gemacht\/\"},\"author\":{\"name\":\"INFOsperber\",\"@id\":\"https:\/\/www.pressenza.com\/de\/#\/schema\/person\/77735f6583e3041b31ebc7b93a284357\"},\"headline\":\"\u00abUnser Protest hat Galamsey international bekannt gemacht\u00bb\",\"datePublished\":\"2024-10-29T13:23:24+00:00\",\"dateModified\":\"2024-10-29T13:24:18+00:00\",\"mainEntityOfPage\":{\"@id\":\"https:\/\/www.pressenza.com\/de\/2024\/10\/unser-protest-hat-galamsey-international-bekannt-gemacht\/\"},\"wordCount\":1008,\"publisher\":{\"@id\":\"https:\/\/www.pressenza.com\/de\/#organization\"},\"image\":{\"@id\":\"https:\/\/www.pressenza.com\/de\/2024\/10\/unser-protest-hat-galamsey-international-bekannt-gemacht\/#primaryimage\"},\"thumbnailUrl\":\"https:\/\/www.pressenza.com\/wp-content\/uploads\/2024\/10\/galamsey-e1729782640563-1024x615-1.png\",\"keywords\":[\"Galamsey\",\"Goldabbau\",\"Rohstoffe\"],\"articleSection\":[\"Afrika\",\"\u00d6kologie und Umwelt\",\"Wirtschaft\"],\"inLanguage\":\"de\"},{\"@type\":\"WebPage\",\"@id\":\"https:\/\/www.pressenza.com\/de\/2024\/10\/unser-protest-hat-galamsey-international-bekannt-gemacht\/\",\"url\":\"https:\/\/www.pressenza.com\/de\/2024\/10\/unser-protest-hat-galamsey-international-bekannt-gemacht\/\",\"name\":\"\u00abUnser Protest hat Galamsey international bekannt gemacht\u00bb\",\"isPartOf\":{\"@id\":\"https:\/\/www.pressenza.com\/de\/#website\"},\"primaryImageOfPage\":{\"@id\":\"https:\/\/www.pressenza.com\/de\/2024\/10\/unser-protest-hat-galamsey-international-bekannt-gemacht\/#primaryimage\"},\"image\":{\"@id\":\"https:\/\/www.pressenza.com\/de\/2024\/10\/unser-protest-hat-galamsey-international-bekannt-gemacht\/#primaryimage\"},\"thumbnailUrl\":\"https:\/\/www.pressenza.com\/wp-content\/uploads\/2024\/10\/galamsey-e1729782640563-1024x615-1.png\",\"datePublished\":\"2024-10-29T13:23:24+00:00\",\"dateModified\":\"2024-10-29T13:24:18+00:00\",\"description\":\"In Ghana demonstriert die Jugend gegen den illegalen Goldabbau. Anstatt Mineure, verhaftet die Polizei jedoch die Demonstranten. Philippe Stalder f\u00fcr die\",\"breadcrumb\":{\"@id\":\"https:\/\/www.pressenza.com\/de\/2024\/10\/unser-protest-hat-galamsey-international-bekannt-gemacht\/#breadcrumb\"},\"inLanguage\":\"de\",\"potentialAction\":[{\"@type\":\"ReadAction\",\"target\":[\"https:\/\/www.pressenza.com\/de\/2024\/10\/unser-protest-hat-galamsey-international-bekannt-gemacht\/\"]}]},{\"@type\":\"ImageObject\",\"inLanguage\":\"de\",\"@id\":\"https:\/\/www.pressenza.com\/de\/2024\/10\/unser-protest-hat-galamsey-international-bekannt-gemacht\/#primaryimage\",\"url\":\"https:\/\/www.pressenza.com\/wp-content\/uploads\/2024\/10\/galamsey-e1729782640563-1024x615-1.png\",\"contentUrl\":\"https:\/\/www.pressenza.com\/wp-content\/uploads\/2024\/10\/galamsey-e1729782640563-1024x615-1.png\",\"width\":1024,\"height\":615,\"caption\":\"Ein Anti-Galamsey-Demonstrant wird in Accra von der Polizei abgef\u00fchrt. \u00a9 cc-by Fixthecountry\"},{\"@type\":\"BreadcrumbList\",\"@id\":\"https:\/\/www.pressenza.com\/de\/2024\/10\/unser-protest-hat-galamsey-international-bekannt-gemacht\/#breadcrumb\",\"itemListElement\":[{\"@type\":\"ListItem\",\"position\":1,\"name\":\"Accueil\",\"item\":\"https:\/\/www.pressenza.com\/de\/\"},{\"@type\":\"ListItem\",\"position\":2,\"name\":\"\u00abUnser Protest hat Galamsey international bekannt gemacht\u00bb\"}]},{\"@type\":\"WebSite\",\"@id\":\"https:\/\/www.pressenza.com\/de\/#website\",\"url\":\"https:\/\/www.pressenza.com\/de\/\",\"name\":\"Pressenza\",\"description\":\"International Press Agency\",\"publisher\":{\"@id\":\"https:\/\/www.pressenza.com\/de\/#organization\"},\"potentialAction\":[{\"@type\":\"SearchAction\",\"target\":{\"@type\":\"EntryPoint\",\"urlTemplate\":\"https:\/\/www.pressenza.com\/de\/?s={search_term_string}\"},\"query-input\":{\"@type\":\"PropertyValueSpecification\",\"valueRequired\":true,\"valueName\":\"search_term_string\"}}],\"inLanguage\":\"de\"},{\"@type\":\"Organization\",\"@id\":\"https:\/\/www.pressenza.com\/de\/#organization\",\"name\":\"Pressenza\",\"url\":\"https:\/\/www.pressenza.com\/de\/\",\"logo\":{\"@type\":\"ImageObject\",\"inLanguage\":\"de\",\"@id\":\"https:\/\/www.pressenza.com\/de\/#\/schema\/logo\/image\/\",\"url\":\"https:\/\/www.pressenza.com\/wp-content\/uploads\/2022\/10\/pressenza_logo_200x200.jpg\",\"contentUrl\":\"https:\/\/www.pressenza.com\/wp-content\/uploads\/2022\/10\/pressenza_logo_200x200.jpg\",\"width\":200,\"height\":200,\"caption\":\"Pressenza\"},\"image\":{\"@id\":\"https:\/\/www.pressenza.com\/de\/#\/schema\/logo\/image\/\"},\"sameAs\":[\"https:\/\/www.facebook.com\/PressenzaItalia\",\"https:\/\/x.com\/PressenzaIPA\"]},{\"@type\":\"Person\",\"@id\":\"https:\/\/www.pressenza.com\/de\/#\/schema\/person\/77735f6583e3041b31ebc7b93a284357\",\"name\":\"INFOsperber\",\"description\":\"Infosperber.ch - sieht, was andere \u00fcbersehen Die Schweizer Internet-Zeitung richtet sich an Entscheidungstr\u00e4ger in Gesellschaft, Wirtschaft und Politik sowie alle, die erg\u00e4nzende Informationen zu den grossen Medien suchen. Infosperber will die grossen Informations-Medien nicht konkurrenzieren, sondern diese erg\u00e4nzen. \u00a9 Das Weiterverbreiten s\u00e4mtlicher auf dem gemeinn\u00fctzigen Portal www.infosperber.ch enthaltenen Texte ist ohne Kostenfolge erlaubt, sofern die Texte integral ohne K\u00fcrzung und mit Quellenangaben (Autor und \u00abInfosperber\u00bb) verbreitet werden. Bei einer Online-Nutzung ist die Quellenangabe m\u00f6glichst schon am Anfang des Artikels mit einem Link auf infosperber.ch zu versehen. F\u00fcr das Verbreiten von gek\u00fcrzten oder abge\u00e4nderten Texten ist das schriftliche Einverst\u00e4ndnis der AutorInnen erforderlich.\",\"sameAs\":[\"https:\/\/www.infosperber.ch\/\"],\"url\":\"https:\/\/www.pressenza.com\/de\/author\/infosperber\/\"}]}<\/script>\n<!-- \/ Yoast SEO plugin. -->","yoast_head_json":{"title":"\u00abUnser Protest hat Galamsey international bekannt gemacht\u00bb","description":"In Ghana demonstriert die Jugend gegen den illegalen Goldabbau. Anstatt Mineure, verhaftet die Polizei jedoch die Demonstranten. Philippe Stalder f\u00fcr die","robots":{"index":"index","follow":"follow","max-snippet":"max-snippet:-1","max-image-preview":"max-image-preview:large","max-video-preview":"max-video-preview:-1"},"canonical":"https:\/\/www.pressenza.com\/de\/2024\/10\/unser-protest-hat-galamsey-international-bekannt-gemacht\/","og_locale":"de_DE","og_type":"article","og_title":"\u00abUnser Protest hat Galamsey international bekannt gemacht\u00bb","og_description":"In Ghana demonstriert die Jugend gegen den illegalen Goldabbau. Anstatt Mineure, verhaftet die Polizei jedoch die Demonstranten. Philippe Stalder f\u00fcr die","og_url":"https:\/\/www.pressenza.com\/de\/2024\/10\/unser-protest-hat-galamsey-international-bekannt-gemacht\/","og_site_name":"Pressenza","article_publisher":"https:\/\/www.facebook.com\/PressenzaItalia","article_published_time":"2024-10-29T13:23:24+00:00","article_modified_time":"2024-10-29T13:24:18+00:00","og_image":[{"width":1024,"height":615,"url":"https:\/\/www.pressenza.com\/wp-content\/uploads\/2024\/10\/galamsey-e1729782640563-1024x615-1.png","type":"image\/png"}],"author":"INFOsperber","twitter_card":"summary_large_image","twitter_creator":"@PressenzaIPA","twitter_site":"@PressenzaIPA","twitter_misc":{"Verfasst von":"INFOsperber","Gesch\u00e4tzte Lesezeit":"6\u00a0Minuten"},"schema":{"@context":"https:\/\/schema.org","@graph":[{"@type":"Article","@id":"https:\/\/www.pressenza.com\/de\/2024\/10\/unser-protest-hat-galamsey-international-bekannt-gemacht\/#article","isPartOf":{"@id":"https:\/\/www.pressenza.com\/de\/2024\/10\/unser-protest-hat-galamsey-international-bekannt-gemacht\/"},"author":{"name":"INFOsperber","@id":"https:\/\/www.pressenza.com\/de\/#\/schema\/person\/77735f6583e3041b31ebc7b93a284357"},"headline":"\u00abUnser Protest hat Galamsey international bekannt gemacht\u00bb","datePublished":"2024-10-29T13:23:24+00:00","dateModified":"2024-10-29T13:24:18+00:00","mainEntityOfPage":{"@id":"https:\/\/www.pressenza.com\/de\/2024\/10\/unser-protest-hat-galamsey-international-bekannt-gemacht\/"},"wordCount":1008,"publisher":{"@id":"https:\/\/www.pressenza.com\/de\/#organization"},"image":{"@id":"https:\/\/www.pressenza.com\/de\/2024\/10\/unser-protest-hat-galamsey-international-bekannt-gemacht\/#primaryimage"},"thumbnailUrl":"https:\/\/www.pressenza.com\/wp-content\/uploads\/2024\/10\/galamsey-e1729782640563-1024x615-1.png","keywords":["Galamsey","Goldabbau","Rohstoffe"],"articleSection":["Afrika","\u00d6kologie und Umwelt","Wirtschaft"],"inLanguage":"de"},{"@type":"WebPage","@id":"https:\/\/www.pressenza.com\/de\/2024\/10\/unser-protest-hat-galamsey-international-bekannt-gemacht\/","url":"https:\/\/www.pressenza.com\/de\/2024\/10\/unser-protest-hat-galamsey-international-bekannt-gemacht\/","name":"\u00abUnser Protest hat Galamsey international bekannt gemacht\u00bb","isPartOf":{"@id":"https:\/\/www.pressenza.com\/de\/#website"},"primaryImageOfPage":{"@id":"https:\/\/www.pressenza.com\/de\/2024\/10\/unser-protest-hat-galamsey-international-bekannt-gemacht\/#primaryimage"},"image":{"@id":"https:\/\/www.pressenza.com\/de\/2024\/10\/unser-protest-hat-galamsey-international-bekannt-gemacht\/#primaryimage"},"thumbnailUrl":"https:\/\/www.pressenza.com\/wp-content\/uploads\/2024\/10\/galamsey-e1729782640563-1024x615-1.png","datePublished":"2024-10-29T13:23:24+00:00","dateModified":"2024-10-29T13:24:18+00:00","description":"In Ghana demonstriert die Jugend gegen den illegalen Goldabbau. Anstatt Mineure, verhaftet die Polizei jedoch die Demonstranten. Philippe Stalder f\u00fcr die","breadcrumb":{"@id":"https:\/\/www.pressenza.com\/de\/2024\/10\/unser-protest-hat-galamsey-international-bekannt-gemacht\/#breadcrumb"},"inLanguage":"de","potentialAction":[{"@type":"ReadAction","target":["https:\/\/www.pressenza.com\/de\/2024\/10\/unser-protest-hat-galamsey-international-bekannt-gemacht\/"]}]},{"@type":"ImageObject","inLanguage":"de","@id":"https:\/\/www.pressenza.com\/de\/2024\/10\/unser-protest-hat-galamsey-international-bekannt-gemacht\/#primaryimage","url":"https:\/\/www.pressenza.com\/wp-content\/uploads\/2024\/10\/galamsey-e1729782640563-1024x615-1.png","contentUrl":"https:\/\/www.pressenza.com\/wp-content\/uploads\/2024\/10\/galamsey-e1729782640563-1024x615-1.png","width":1024,"height":615,"caption":"Ein Anti-Galamsey-Demonstrant wird in Accra von der Polizei abgef\u00fchrt. \u00a9 cc-by Fixthecountry"},{"@type":"BreadcrumbList","@id":"https:\/\/www.pressenza.com\/de\/2024\/10\/unser-protest-hat-galamsey-international-bekannt-gemacht\/#breadcrumb","itemListElement":[{"@type":"ListItem","position":1,"name":"Accueil","item":"https:\/\/www.pressenza.com\/de\/"},{"@type":"ListItem","position":2,"name":"\u00abUnser Protest hat Galamsey international bekannt gemacht\u00bb"}]},{"@type":"WebSite","@id":"https:\/\/www.pressenza.com\/de\/#website","url":"https:\/\/www.pressenza.com\/de\/","name":"Pressenza","description":"International Press Agency","publisher":{"@id":"https:\/\/www.pressenza.com\/de\/#organization"},"potentialAction":[{"@type":"SearchAction","target":{"@type":"EntryPoint","urlTemplate":"https:\/\/www.pressenza.com\/de\/?s={search_term_string}"},"query-input":{"@type":"PropertyValueSpecification","valueRequired":true,"valueName":"search_term_string"}}],"inLanguage":"de"},{"@type":"Organization","@id":"https:\/\/www.pressenza.com\/de\/#organization","name":"Pressenza","url":"https:\/\/www.pressenza.com\/de\/","logo":{"@type":"ImageObject","inLanguage":"de","@id":"https:\/\/www.pressenza.com\/de\/#\/schema\/logo\/image\/","url":"https:\/\/www.pressenza.com\/wp-content\/uploads\/2022\/10\/pressenza_logo_200x200.jpg","contentUrl":"https:\/\/www.pressenza.com\/wp-content\/uploads\/2022\/10\/pressenza_logo_200x200.jpg","width":200,"height":200,"caption":"Pressenza"},"image":{"@id":"https:\/\/www.pressenza.com\/de\/#\/schema\/logo\/image\/"},"sameAs":["https:\/\/www.facebook.com\/PressenzaItalia","https:\/\/x.com\/PressenzaIPA"]},{"@type":"Person","@id":"https:\/\/www.pressenza.com\/de\/#\/schema\/person\/77735f6583e3041b31ebc7b93a284357","name":"INFOsperber","description":"Infosperber.ch - sieht, was andere \u00fcbersehen Die Schweizer Internet-Zeitung richtet sich an Entscheidungstr\u00e4ger in Gesellschaft, Wirtschaft und Politik sowie alle, die erg\u00e4nzende Informationen zu den grossen Medien suchen. Infosperber will die grossen Informations-Medien nicht konkurrenzieren, sondern diese erg\u00e4nzen. \u00a9 Das Weiterverbreiten s\u00e4mtlicher auf dem gemeinn\u00fctzigen Portal www.infosperber.ch enthaltenen Texte ist ohne Kostenfolge erlaubt, sofern die Texte integral ohne K\u00fcrzung und mit Quellenangaben (Autor und \u00abInfosperber\u00bb) verbreitet werden. Bei einer Online-Nutzung ist die Quellenangabe m\u00f6glichst schon am Anfang des Artikels mit einem Link auf infosperber.ch zu versehen. F\u00fcr das Verbreiten von gek\u00fcrzten oder abge\u00e4nderten Texten ist das schriftliche Einverst\u00e4ndnis der AutorInnen erforderlich.","sameAs":["https:\/\/www.infosperber.ch\/"],"url":"https:\/\/www.pressenza.com\/de\/author\/infosperber\/"}]}},"place":"","original_article_url":"https:\/\/www.infosperber.ch\/umwelt\/unser-protest-hat-galamsey-international-bekannt-gemacht\/","_links":{"self":[{"href":"https:\/\/www.pressenza.com\/de\/wp-json\/wp\/v2\/posts\/2558510","targetHints":{"allow":["GET"]}}],"collection":[{"href":"https:\/\/www.pressenza.com\/de\/wp-json\/wp\/v2\/posts"}],"about":[{"href":"https:\/\/www.pressenza.com\/de\/wp-json\/wp\/v2\/types\/post"}],"author":[{"embeddable":true,"href":"https:\/\/www.pressenza.com\/de\/wp-json\/wp\/v2\/users\/1855"}],"replies":[{"embeddable":true,"href":"https:\/\/www.pressenza.com\/de\/wp-json\/wp\/v2\/comments?post=2558510"}],"version-history":[{"count":0,"href":"https:\/\/www.pressenza.com\/de\/wp-json\/wp\/v2\/posts\/2558510\/revisions"}],"wp:featuredmedia":[{"embeddable":true,"href":"https:\/\/www.pressenza.com\/de\/wp-json\/wp\/v2\/media\/2558622"}],"wp:attachment":[{"href":"https:\/\/www.pressenza.com\/de\/wp-json\/wp\/v2\/media?parent=2558510"}],"wp:term":[{"taxonomy":"category","embeddable":true,"href":"https:\/\/www.pressenza.com\/de\/wp-json\/wp\/v2\/categories?post=2558510"},{"taxonomy":"post_tag","embeddable":true,"href":"https:\/\/www.pressenza.com\/de\/wp-json\/wp\/v2\/tags?post=2558510"}],"curies":[{"name":"wp","href":"https:\/\/api.w.org\/{rel}","templated":true}]}}