{"id":2558391,"date":"2024-10-28T15:20:45","date_gmt":"2024-10-28T15:20:45","guid":{"rendered":"https:\/\/www.pressenza.com\/?p=2558391"},"modified":"2024-10-28T15:20:45","modified_gmt":"2024-10-28T15:20:45","slug":"das-wettern-der-woche-am-golde-haengt","status":"publish","type":"post","link":"https:\/\/www.pressenza.com\/de\/2024\/10\/das-wettern-der-woche-am-golde-haengt\/","title":{"rendered":"Das Wettern der Woche: &#8230;am Golde h\u00e4ngt \u2026"},"content":{"rendered":"<p><strong>Eines der zentralen Probleme heutzutage ist, dass die Politik so eine Schande ist. Gute Menschen gehen nicht in die Politik. Beides wusste und sagte Donald Trump schon vor vielen Jahren, und dass er jemanden mitten auf der 5th Avenue in New York erschie\u00dfen k\u00f6nnte: Die Leute w\u00fcrden ihn trotzdem w\u00e4hlen. Bitte haben Sie also noch ein paar Tage Geduld und wenden Sie sich in Zweifelsfragen an das Bundesprogramm \u201eDemokratie leben\u201c.<\/strong><\/p>\n<p><iframe loading=\"lazy\" title=\"\u2026 am Golde ha\u0308ngt \u2013 Grohmanns &quot;Wettern der Woche&quot;\" width=\"500\" height=\"281\" src=\"https:\/\/www.youtube.com\/embed\/9avNFEsE9-0?feature=oembed\" frameborder=\"0\" allow=\"accelerometer; autoplay; clipboard-write; encrypted-media; gyroscope; picture-in-picture; web-share\" referrerpolicy=\"strict-origin-when-cross-origin\" allowfullscreen><\/iframe><\/p>\n<p>Unter nicht mal vorgehaltener Hand hat mir \u00fcbrigens diesbez\u00fcglich gerade meine Omi Glimbzsch in Zittau versichert, dass die NordamerikanerInnen 2024 rund 15 Milliarden US-Dollar <em>f\u00fcr den Wahlkampf<\/em> ausgeben. Das entspricht in etwa den Haushaltsl\u00f6chern Zittaus in 200 Jahren. Egal mal jetzt \u2013 Donald Trump wird dr\u00fcben, also jenseits alter Mauern und neuen Stacheldrahts \u2013 nicht ohne eine gewisse Sympathie als neuer Pr\u00e4sident gehandelt. Und vor allem: Er wird der erste sein, in dessen Adern deutsches Blut flie\u00dft! Das alles ist nachweisbar, anders als die Herkunft der 15 Milliarden. Oder sind es 20?<\/p>\n<p>OK, es ist evangelikal gesegnetes Geld dabei und mancher hart erarbeitete Dollar kommt aus Hurerei und Hehlerei, gr\u00f6\u00dfere Summen sammeln Katzenfreunde, die nicht wollen, dass die Latinos nachts Kreuzbergs Lieblinge einfangen und bei lebendigem Leibe f\u00fcr Kamala Harris knusprig braun braten. Der eine oder andere Dollar mag vielleicht auch von Freunden der Handfeuerwaffen kommen, von deutschen Tesla-K\u00e4ufern oder Nutzern des Netzes, die sich ein X f\u00fcr ein U vormachen lassen. Aber uns allen bleibt ein Trost: Am Ende des Tages, genauer in 90 % der F\u00e4lle, setzen sich die Kandidaten mit dem meisten Geld durch. Gesetzlich sind eh nur legale Spenden aus dem Ausland verboten. Das ist Demokratie, und die sollten wir nicht ohne Not schlecht machen. Abgesehen davon gibt es bei uns ja die allseits beliebte Wahlkampfkosten-R\u00fcckerstattung mit Sonderbonus f\u00fcr die AfD.<\/p>\n<p>Letztlich gilt: Wahlen waren schon immer unsicher, wenn&#8217;s am Gelde fehlte, monierte bereits Goethe. Sicher ist heute nur, wer bewaffnet ist, entweder mit R\u00fcstungsg\u00fctern oder mit deutschen Banken oder Schweizer Franken. Alles auf Waffenschein. F\u00fcr den 5. November gilt: \u00dcber den gro\u00dfen Teich gesehen sind auch im Land der unbegrenzten M\u00f6glichkeiten die Wege des Herrn r\u00e4tselhaft wie der n\u00e4chste B\u00fcrgerkrieg.<\/p>\n<article id=\"post-2554803\" class=\"post-2554803 post type-post status-publish format-standard has-post-thumbnail hentry category-europa-de category-frieden-und-abruestung category-meinungen category-menschenrechte category-originalinhalt category-video-de tag-asylrecht tag-genfer-fluechtlingskonvention tag-genfer-konvention tag-satire-de tag-wettern-der-woche\">\n<div class=\"post-content\">\n<p><em><a href=\"https:\/\/www.youtube.com\/channel\/UCIUhugD7UAKv8008QIch1Rw\" target=\"_blank\" rel=\"noopener\">Peter Grohmann\u2019s \u201eWettern der Woche\u201c<\/a><\/em><\/p>\n<p><em>Peter Grohmann ist Kabarettist und Koordinator des B\u00fcrgerprojekts <a href=\"https:\/\/www.die-anstifter.de\/\" target=\"_blank\" rel=\"noopener\">Die AnStifter.<\/a><\/em><\/p>\n<\/div>\n<\/article>\n","protected":false},"excerpt":{"rendered":"<p>Eines der zentralen Probleme heutzutage ist, dass die Politik so eine Schande ist. Gute Menschen gehen nicht in die Politik. Beides wusste und sagte Donald Trump schon vor vielen Jahren, und dass er jemanden mitten auf der 5th Avenue in&hellip;<\/p>\n","protected":false},"author":2138,"featured_media":2558392,"comment_status":"closed","ping_status":"closed","sticky":false,"template":"","format":"standard","meta":{"footnotes":""},"categories":[9143,9152,11387,9168,27991],"tags":[9821,26189,86506,40788,127910],"class_list":["post-2558391","post","type-post","status-publish","format-standard","has-post-thumbnail","hentry","category-meinungen","category-nordamerika","category-originalinhalt","category-politik","category-video-de","tag-demokratie","tag-donald-trump-de","tag-kamala-harris-de","tag-politik","tag-us-wahlen-2024"],"yoast_head":"<!-- This site is optimized with the Yoast SEO plugin v27.1.1 - https:\/\/yoast.com\/product\/yoast-seo-wordpress\/ -->\n<title>Das Wettern der Woche: ...am Golde h\u00e4ngt \u2026<\/title>\n<meta name=\"description\" content=\"Eines der zentralen Probleme heutzutage ist, dass die Politik so eine Schande ist. Gute Menschen gehen nicht in die Politik. Beides wusste und sagte\" \/>\n<meta name=\"robots\" content=\"index, follow, max-snippet:-1, max-image-preview:large, max-video-preview:-1\" \/>\n<link rel=\"canonical\" href=\"https:\/\/www.pressenza.com\/de\/2024\/10\/das-wettern-der-woche-am-golde-haengt\/\" \/>\n<meta property=\"og:locale\" content=\"de_DE\" \/>\n<meta property=\"og:type\" content=\"article\" \/>\n<meta property=\"og:title\" content=\"Das Wettern der Woche: ...am Golde h\u00e4ngt \u2026\" \/>\n<meta property=\"og:description\" content=\"Eines der zentralen Probleme heutzutage ist, dass die Politik so eine Schande ist. Gute Menschen gehen nicht in die Politik. Beides wusste und sagte\" \/>\n<meta property=\"og:url\" content=\"https:\/\/www.pressenza.com\/de\/2024\/10\/das-wettern-der-woche-am-golde-haengt\/\" \/>\n<meta property=\"og:site_name\" content=\"Pressenza\" \/>\n<meta property=\"article:publisher\" content=\"https:\/\/www.facebook.com\/PressenzaItalia\" \/>\n<meta property=\"article:published_time\" content=\"2024-10-28T15:20:45+00:00\" \/>\n<meta property=\"og:image\" content=\"https:\/\/www.pressenza.com\/wp-content\/uploads\/2024\/10\/WetternDerWoche_Finger_am-Golde-haengt.jpeg\" \/>\n\t<meta property=\"og:image:width\" content=\"1280\" \/>\n\t<meta property=\"og:image:height\" content=\"720\" \/>\n\t<meta property=\"og:image:type\" content=\"image\/jpeg\" \/>\n<meta name=\"author\" content=\"Peter Grohmann\" \/>\n<meta name=\"twitter:card\" content=\"summary_large_image\" \/>\n<meta name=\"twitter:creator\" content=\"@PressenzaIPA\" \/>\n<meta name=\"twitter:site\" content=\"@PressenzaIPA\" \/>\n<meta name=\"twitter:label1\" content=\"Verfasst von\" \/>\n\t<meta name=\"twitter:data1\" content=\"Peter Grohmann\" \/>\n\t<meta name=\"twitter:label2\" content=\"Gesch\u00e4tzte Lesezeit\" \/>\n\t<meta name=\"twitter:data2\" content=\"3\u00a0Minuten\" \/>\n<script type=\"application\/ld+json\" class=\"yoast-schema-graph\">{\"@context\":\"https:\/\/schema.org\",\"@graph\":[{\"@type\":\"Article\",\"@id\":\"https:\/\/www.pressenza.com\/de\/2024\/10\/das-wettern-der-woche-am-golde-haengt\/#article\",\"isPartOf\":{\"@id\":\"https:\/\/www.pressenza.com\/de\/2024\/10\/das-wettern-der-woche-am-golde-haengt\/\"},\"author\":{\"name\":\"Peter Grohmann\",\"@id\":\"https:\/\/www.pressenza.com\/de\/#\/schema\/person\/13fbb69602a371248f3199c744d1187e\"},\"headline\":\"Das Wettern der Woche: &#8230;am Golde h\u00e4ngt \u2026\",\"datePublished\":\"2024-10-28T15:20:45+00:00\",\"mainEntityOfPage\":{\"@id\":\"https:\/\/www.pressenza.com\/de\/2024\/10\/das-wettern-der-woche-am-golde-haengt\/\"},\"wordCount\":401,\"publisher\":{\"@id\":\"https:\/\/www.pressenza.com\/de\/#organization\"},\"image\":{\"@id\":\"https:\/\/www.pressenza.com\/de\/2024\/10\/das-wettern-der-woche-am-golde-haengt\/#primaryimage\"},\"thumbnailUrl\":\"https:\/\/www.pressenza.com\/wp-content\/uploads\/2024\/10\/WetternDerWoche_Finger_am-Golde-haengt.jpeg\",\"keywords\":[\"Demokratie\",\"Donald Trump\",\"Kamala Harris\",\"pol\u00edtik\",\"US-Wahlen 2024\"],\"articleSection\":[\"Meinungen\",\"Nordamerika\",\"Originalinhalt\",\"Politik\",\"Video\"],\"inLanguage\":\"de\"},{\"@type\":\"WebPage\",\"@id\":\"https:\/\/www.pressenza.com\/de\/2024\/10\/das-wettern-der-woche-am-golde-haengt\/\",\"url\":\"https:\/\/www.pressenza.com\/de\/2024\/10\/das-wettern-der-woche-am-golde-haengt\/\",\"name\":\"Das Wettern der Woche: ...am Golde h\u00e4ngt \u2026\",\"isPartOf\":{\"@id\":\"https:\/\/www.pressenza.com\/de\/#website\"},\"primaryImageOfPage\":{\"@id\":\"https:\/\/www.pressenza.com\/de\/2024\/10\/das-wettern-der-woche-am-golde-haengt\/#primaryimage\"},\"image\":{\"@id\":\"https:\/\/www.pressenza.com\/de\/2024\/10\/das-wettern-der-woche-am-golde-haengt\/#primaryimage\"},\"thumbnailUrl\":\"https:\/\/www.pressenza.com\/wp-content\/uploads\/2024\/10\/WetternDerWoche_Finger_am-Golde-haengt.jpeg\",\"datePublished\":\"2024-10-28T15:20:45+00:00\",\"description\":\"Eines der zentralen Probleme heutzutage ist, dass die Politik so eine Schande ist. Gute Menschen gehen nicht in die Politik. Beides wusste und sagte\",\"breadcrumb\":{\"@id\":\"https:\/\/www.pressenza.com\/de\/2024\/10\/das-wettern-der-woche-am-golde-haengt\/#breadcrumb\"},\"inLanguage\":\"de\",\"potentialAction\":[{\"@type\":\"ReadAction\",\"target\":[\"https:\/\/www.pressenza.com\/de\/2024\/10\/das-wettern-der-woche-am-golde-haengt\/\"]}]},{\"@type\":\"ImageObject\",\"inLanguage\":\"de\",\"@id\":\"https:\/\/www.pressenza.com\/de\/2024\/10\/das-wettern-der-woche-am-golde-haengt\/#primaryimage\",\"url\":\"https:\/\/www.pressenza.com\/wp-content\/uploads\/2024\/10\/WetternDerWoche_Finger_am-Golde-haengt.jpeg\",\"contentUrl\":\"https:\/\/www.pressenza.com\/wp-content\/uploads\/2024\/10\/WetternDerWoche_Finger_am-Golde-haengt.jpeg\",\"width\":1280,\"height\":720,\"caption\":\"Das Wettern der Woche: ...am Golde h\u00e4ngt \u2026\"},{\"@type\":\"BreadcrumbList\",\"@id\":\"https:\/\/www.pressenza.com\/de\/2024\/10\/das-wettern-der-woche-am-golde-haengt\/#breadcrumb\",\"itemListElement\":[{\"@type\":\"ListItem\",\"position\":1,\"name\":\"Accueil\",\"item\":\"https:\/\/www.pressenza.com\/de\/\"},{\"@type\":\"ListItem\",\"position\":2,\"name\":\"Das Wettern der Woche: &#8230;am Golde h\u00e4ngt \u2026\"}]},{\"@type\":\"WebSite\",\"@id\":\"https:\/\/www.pressenza.com\/de\/#website\",\"url\":\"https:\/\/www.pressenza.com\/de\/\",\"name\":\"Pressenza\",\"description\":\"International Press Agency\",\"publisher\":{\"@id\":\"https:\/\/www.pressenza.com\/de\/#organization\"},\"potentialAction\":[{\"@type\":\"SearchAction\",\"target\":{\"@type\":\"EntryPoint\",\"urlTemplate\":\"https:\/\/www.pressenza.com\/de\/?s={search_term_string}\"},\"query-input\":{\"@type\":\"PropertyValueSpecification\",\"valueRequired\":true,\"valueName\":\"search_term_string\"}}],\"inLanguage\":\"de\"},{\"@type\":\"Organization\",\"@id\":\"https:\/\/www.pressenza.com\/de\/#organization\",\"name\":\"Pressenza\",\"url\":\"https:\/\/www.pressenza.com\/de\/\",\"logo\":{\"@type\":\"ImageObject\",\"inLanguage\":\"de\",\"@id\":\"https:\/\/www.pressenza.com\/de\/#\/schema\/logo\/image\/\",\"url\":\"https:\/\/www.pressenza.com\/wp-content\/uploads\/2022\/10\/pressenza_logo_200x200.jpg\",\"contentUrl\":\"https:\/\/www.pressenza.com\/wp-content\/uploads\/2022\/10\/pressenza_logo_200x200.jpg\",\"width\":200,\"height\":200,\"caption\":\"Pressenza\"},\"image\":{\"@id\":\"https:\/\/www.pressenza.com\/de\/#\/schema\/logo\/image\/\"},\"sameAs\":[\"https:\/\/www.facebook.com\/PressenzaItalia\",\"https:\/\/x.com\/PressenzaIPA\"]},{\"@type\":\"Person\",\"@id\":\"https:\/\/www.pressenza.com\/de\/#\/schema\/person\/13fbb69602a371248f3199c744d1187e\",\"name\":\"Peter Grohmann\",\"description\":\"(Jahrgang 1937) lebt in Stuttgart, ist Schriftsteller und Kabarettist und arbeitet u.a. f\u00fcr die Wochenzeitung Kontext, de TAZ und diverse andere Medien. Grohmann hat das B\u00fcrgerprojekt Die AnStifter gegr\u00fcndet, heute eine der gro\u00dfen zivilgeellschaftlichen Gruppen mit dem Schwerpunkt \u201egegen Gewalt und Vergessen\u201d. https:\/\/dewiki.de\/Lexikon\/Peter_Grohmann\",\"url\":\"https:\/\/www.pressenza.com\/de\/author\/peter-grohmann\/\"}]}<\/script>\n<!-- \/ Yoast SEO plugin. -->","yoast_head_json":{"title":"Das Wettern der Woche: ...am Golde h\u00e4ngt \u2026","description":"Eines der zentralen Probleme heutzutage ist, dass die Politik so eine Schande ist. Gute Menschen gehen nicht in die Politik. Beides wusste und sagte","robots":{"index":"index","follow":"follow","max-snippet":"max-snippet:-1","max-image-preview":"max-image-preview:large","max-video-preview":"max-video-preview:-1"},"canonical":"https:\/\/www.pressenza.com\/de\/2024\/10\/das-wettern-der-woche-am-golde-haengt\/","og_locale":"de_DE","og_type":"article","og_title":"Das Wettern der Woche: ...am Golde h\u00e4ngt \u2026","og_description":"Eines der zentralen Probleme heutzutage ist, dass die Politik so eine Schande ist. Gute Menschen gehen nicht in die Politik. Beides wusste und sagte","og_url":"https:\/\/www.pressenza.com\/de\/2024\/10\/das-wettern-der-woche-am-golde-haengt\/","og_site_name":"Pressenza","article_publisher":"https:\/\/www.facebook.com\/PressenzaItalia","article_published_time":"2024-10-28T15:20:45+00:00","og_image":[{"width":1280,"height":720,"url":"https:\/\/www.pressenza.com\/wp-content\/uploads\/2024\/10\/WetternDerWoche_Finger_am-Golde-haengt.jpeg","type":"image\/jpeg"}],"author":"Peter Grohmann","twitter_card":"summary_large_image","twitter_creator":"@PressenzaIPA","twitter_site":"@PressenzaIPA","twitter_misc":{"Verfasst von":"Peter Grohmann","Gesch\u00e4tzte Lesezeit":"3\u00a0Minuten"},"schema":{"@context":"https:\/\/schema.org","@graph":[{"@type":"Article","@id":"https:\/\/www.pressenza.com\/de\/2024\/10\/das-wettern-der-woche-am-golde-haengt\/#article","isPartOf":{"@id":"https:\/\/www.pressenza.com\/de\/2024\/10\/das-wettern-der-woche-am-golde-haengt\/"},"author":{"name":"Peter Grohmann","@id":"https:\/\/www.pressenza.com\/de\/#\/schema\/person\/13fbb69602a371248f3199c744d1187e"},"headline":"Das Wettern der Woche: &#8230;am Golde h\u00e4ngt \u2026","datePublished":"2024-10-28T15:20:45+00:00","mainEntityOfPage":{"@id":"https:\/\/www.pressenza.com\/de\/2024\/10\/das-wettern-der-woche-am-golde-haengt\/"},"wordCount":401,"publisher":{"@id":"https:\/\/www.pressenza.com\/de\/#organization"},"image":{"@id":"https:\/\/www.pressenza.com\/de\/2024\/10\/das-wettern-der-woche-am-golde-haengt\/#primaryimage"},"thumbnailUrl":"https:\/\/www.pressenza.com\/wp-content\/uploads\/2024\/10\/WetternDerWoche_Finger_am-Golde-haengt.jpeg","keywords":["Demokratie","Donald Trump","Kamala Harris","pol\u00edtik","US-Wahlen 2024"],"articleSection":["Meinungen","Nordamerika","Originalinhalt","Politik","Video"],"inLanguage":"de"},{"@type":"WebPage","@id":"https:\/\/www.pressenza.com\/de\/2024\/10\/das-wettern-der-woche-am-golde-haengt\/","url":"https:\/\/www.pressenza.com\/de\/2024\/10\/das-wettern-der-woche-am-golde-haengt\/","name":"Das Wettern der Woche: ...am Golde h\u00e4ngt \u2026","isPartOf":{"@id":"https:\/\/www.pressenza.com\/de\/#website"},"primaryImageOfPage":{"@id":"https:\/\/www.pressenza.com\/de\/2024\/10\/das-wettern-der-woche-am-golde-haengt\/#primaryimage"},"image":{"@id":"https:\/\/www.pressenza.com\/de\/2024\/10\/das-wettern-der-woche-am-golde-haengt\/#primaryimage"},"thumbnailUrl":"https:\/\/www.pressenza.com\/wp-content\/uploads\/2024\/10\/WetternDerWoche_Finger_am-Golde-haengt.jpeg","datePublished":"2024-10-28T15:20:45+00:00","description":"Eines der zentralen Probleme heutzutage ist, dass die Politik so eine Schande ist. Gute Menschen gehen nicht in die Politik. Beides wusste und sagte","breadcrumb":{"@id":"https:\/\/www.pressenza.com\/de\/2024\/10\/das-wettern-der-woche-am-golde-haengt\/#breadcrumb"},"inLanguage":"de","potentialAction":[{"@type":"ReadAction","target":["https:\/\/www.pressenza.com\/de\/2024\/10\/das-wettern-der-woche-am-golde-haengt\/"]}]},{"@type":"ImageObject","inLanguage":"de","@id":"https:\/\/www.pressenza.com\/de\/2024\/10\/das-wettern-der-woche-am-golde-haengt\/#primaryimage","url":"https:\/\/www.pressenza.com\/wp-content\/uploads\/2024\/10\/WetternDerWoche_Finger_am-Golde-haengt.jpeg","contentUrl":"https:\/\/www.pressenza.com\/wp-content\/uploads\/2024\/10\/WetternDerWoche_Finger_am-Golde-haengt.jpeg","width":1280,"height":720,"caption":"Das Wettern der Woche: ...am Golde h\u00e4ngt \u2026"},{"@type":"BreadcrumbList","@id":"https:\/\/www.pressenza.com\/de\/2024\/10\/das-wettern-der-woche-am-golde-haengt\/#breadcrumb","itemListElement":[{"@type":"ListItem","position":1,"name":"Accueil","item":"https:\/\/www.pressenza.com\/de\/"},{"@type":"ListItem","position":2,"name":"Das Wettern der Woche: &#8230;am Golde h\u00e4ngt \u2026"}]},{"@type":"WebSite","@id":"https:\/\/www.pressenza.com\/de\/#website","url":"https:\/\/www.pressenza.com\/de\/","name":"Pressenza","description":"International Press Agency","publisher":{"@id":"https:\/\/www.pressenza.com\/de\/#organization"},"potentialAction":[{"@type":"SearchAction","target":{"@type":"EntryPoint","urlTemplate":"https:\/\/www.pressenza.com\/de\/?s={search_term_string}"},"query-input":{"@type":"PropertyValueSpecification","valueRequired":true,"valueName":"search_term_string"}}],"inLanguage":"de"},{"@type":"Organization","@id":"https:\/\/www.pressenza.com\/de\/#organization","name":"Pressenza","url":"https:\/\/www.pressenza.com\/de\/","logo":{"@type":"ImageObject","inLanguage":"de","@id":"https:\/\/www.pressenza.com\/de\/#\/schema\/logo\/image\/","url":"https:\/\/www.pressenza.com\/wp-content\/uploads\/2022\/10\/pressenza_logo_200x200.jpg","contentUrl":"https:\/\/www.pressenza.com\/wp-content\/uploads\/2022\/10\/pressenza_logo_200x200.jpg","width":200,"height":200,"caption":"Pressenza"},"image":{"@id":"https:\/\/www.pressenza.com\/de\/#\/schema\/logo\/image\/"},"sameAs":["https:\/\/www.facebook.com\/PressenzaItalia","https:\/\/x.com\/PressenzaIPA"]},{"@type":"Person","@id":"https:\/\/www.pressenza.com\/de\/#\/schema\/person\/13fbb69602a371248f3199c744d1187e","name":"Peter Grohmann","description":"(Jahrgang 1937) lebt in Stuttgart, ist Schriftsteller und Kabarettist und arbeitet u.a. f\u00fcr die Wochenzeitung Kontext, de TAZ und diverse andere Medien. Grohmann hat das B\u00fcrgerprojekt Die AnStifter gegr\u00fcndet, heute eine der gro\u00dfen zivilgeellschaftlichen Gruppen mit dem Schwerpunkt \u201egegen Gewalt und Vergessen\u201d. https:\/\/dewiki.de\/Lexikon\/Peter_Grohmann","url":"https:\/\/www.pressenza.com\/de\/author\/peter-grohmann\/"}]}},"place":"","original_article_url":"","_links":{"self":[{"href":"https:\/\/www.pressenza.com\/de\/wp-json\/wp\/v2\/posts\/2558391","targetHints":{"allow":["GET"]}}],"collection":[{"href":"https:\/\/www.pressenza.com\/de\/wp-json\/wp\/v2\/posts"}],"about":[{"href":"https:\/\/www.pressenza.com\/de\/wp-json\/wp\/v2\/types\/post"}],"author":[{"embeddable":true,"href":"https:\/\/www.pressenza.com\/de\/wp-json\/wp\/v2\/users\/2138"}],"replies":[{"embeddable":true,"href":"https:\/\/www.pressenza.com\/de\/wp-json\/wp\/v2\/comments?post=2558391"}],"version-history":[{"count":0,"href":"https:\/\/www.pressenza.com\/de\/wp-json\/wp\/v2\/posts\/2558391\/revisions"}],"wp:featuredmedia":[{"embeddable":true,"href":"https:\/\/www.pressenza.com\/de\/wp-json\/wp\/v2\/media\/2558392"}],"wp:attachment":[{"href":"https:\/\/www.pressenza.com\/de\/wp-json\/wp\/v2\/media?parent=2558391"}],"wp:term":[{"taxonomy":"category","embeddable":true,"href":"https:\/\/www.pressenza.com\/de\/wp-json\/wp\/v2\/categories?post=2558391"},{"taxonomy":"post_tag","embeddable":true,"href":"https:\/\/www.pressenza.com\/de\/wp-json\/wp\/v2\/tags?post=2558391"}],"curies":[{"name":"wp","href":"https:\/\/api.w.org\/{rel}","templated":true}]}}