{"id":2555634,"date":"2024-10-18T14:48:01","date_gmt":"2024-10-18T13:48:01","guid":{"rendered":"https:\/\/www.pressenza.com\/?p=2555634"},"modified":"2024-10-18T14:48:01","modified_gmt":"2024-10-18T13:48:01","slug":"militaerkommandos-unter-ch-schulhaeusern-kinder-als-schutzschild","status":"publish","type":"post","link":"https:\/\/www.pressenza.com\/de\/2024\/10\/militaerkommandos-unter-ch-schulhaeusern-kinder-als-schutzschild\/","title":{"rendered":"Milit\u00e4rkommandos unter CH-Schulh\u00e4usern: Kinder als Schutzschild"},"content":{"rendered":"<div class=\"entry-content\">\n<p class=\"author-meta\"><strong>Trotz Kriegsv\u00f6lkerrecht gibt es auch in der Schweiz milit\u00e4rische Anlagen unter zivilen Einrichtungen wie Schulen.<\/strong><\/p>\n<div class=\"entry-content\">\n<p class=\"author-meta\"><em><a href=\"mailto:gasche@infosperber.ch\">von Urs P. Gasche \u00a0 <\/a>f\u00fcr die Online-Zeitung INFOsperber<\/em><\/p>\n<\/div>\n<\/div>\n<div class=\"entry-content clearfix\">\n<p>Wie viele milit\u00e4rische Anlagen auf dem Gel\u00e4nde von Schweizer Schulen \u2013 beispielsweise unter Pausenh\u00f6fen \u2013 noch einsatzf\u00e4hig sind, will das Departement f\u00fcr Verteidigung VBS nicht verraten.\u00a0Es best\u00e4tigt aber, dass es noch einsatzf\u00e4hige gibt.<\/p>\n<p>Nach den ersten Nachrichten \u00fcber zerbombte Schulen und Spit\u00e4ler im Gazastreifen hatte Andr\u00e9 Masson im Oktober 2023 das Bundesamt f\u00fcr Bev\u00f6lkerungsschutz schriftlich angefragt:<\/p>\n<ul class=\"wp-block-list\">\n<li><em>\u00abIch war dreissig Jahre lang in der Kantonsschule Zug t\u00e4tig. In dieser Schule gab es einen unterirdischen milit\u00e4rischen Kommandoposten. Man sah Antennenkabel und Wachen, aber es war zuerst alles hochgeheim.\u00bb<\/em><\/li>\n<li><em>\u00abIn wie vielen Schulen oder Spit\u00e4lern in der Schweiz sind fest betonierte milit\u00e4rische Strukturen, Unterk\u00fcnfte oder Kommandostellen eingebaut?<\/em><\/li>\n<li><em>Gibt es auch unterirdische Milit\u00e4rspit\u00e4ler unter zivilen Spit\u00e4lern?\u00bb<\/em><\/li>\n<\/ul>\n<p>Das VBS liess viel Zeit verstreichen. Erst lange drei Monate sp\u00e4ter antwortete Bruno Locher vom VBS-Generalsekretariat:<\/p>\n<blockquote class=\"wp-block-quote is-style-default is-layout-flow wp-block-quote-is-layout-flow\"><p>\u00abDie Schweiz ist bestrebt, nur in Ausnahmef\u00e4llen milit\u00e4rische Anlagen unter einem zivilen Geb\u00e4ude vorzusehen. Mit dem generellen Abbau der Verteidigungsinfrastrukturen in den letzten dreissig Jahren wurde der Bestand entsprechend reduziert.\u00bb<\/p><\/blockquote>\n<p>Das VBS r\u00e4umt damit ein, dass auch in der Schweiz zivile Einrichtungen wie Schulen als menschliche Schutzschilde gegen milit\u00e4rische Angriffe benutzt werden. \u00abSchutzschilde\u00bb deshalb, weil das Kriegsv\u00f6lkerrecht* Angriffe auf Schulen oder Spit\u00e4ler verbietet.<\/p>\n<p>Wie viele \u00abmilit\u00e4rische Anlagen unter einem zivilen Geb\u00e4ude\u00bb es noch gibt, wollte das VBS nicht sagen. Einzig bei den Spit\u00e4lern war die Antwort konkret:<\/p>\n<blockquote class=\"wp-block-quote is-style-default is-layout-flow wp-block-quote-is-layout-flow\"><p>\u00abDie Milit\u00e4rspit\u00e4ler wurden bis auf eines aufgegeben.\u00bb<\/p><\/blockquote>\n<p><strong>VBS: \u00abNicht absolut verboten\u00bb<\/strong><\/p>\n<p>Schliesslich sei trotz Kriegsv\u00f6lkerrecht alles legal, meinte das VBS und teilte mit:<\/p>\n<blockquote class=\"wp-block-quote is-style-default is-layout-flow wp-block-quote-is-layout-flow\"><p>\u00abDer Einbau von milit\u00e4rischen Anlagen unter zivilen Einrichtungen wie beispielsweise Schulen ist nach dem Kriegsv\u00f6lkerrecht nicht absolut verboten. Zum ersten Zusatzprotokoll zu den Genfer Abkommen haben kleinere und bev\u00f6lkerungsdichtere L\u00e4nder wie die Schweiz Vorbehalte zu einem entsprechenden Verbot eingebracht, denen mit einer Relativierung der Bestimmungen Rechnung getragen worden ist.\u00bb<\/p><\/blockquote>\n<p>Zu diesem Vorbehalt antwortete Andr\u00e9 Masson dem VBS:<\/p>\n<blockquote class=\"wp-block-quote is-style-default is-layout-flow wp-block-quote-is-layout-flow\"><p>\u00abBei uns passiert es so: Wenn wir schon das Schulhaus bauen, kommt es billiger, auch die milit\u00e4rische Kommandostelle gerade damit zu kombinieren. W\u00e4re das nicht f\u00fcr jedes Land gleich, ob gross oder klein, ob dicht oder d\u00fcnn besiedelt? Warum hat die Schweiz diese Vorbehalte angebracht, warum sind sie n\u00f6tig und gerechtfertigt? Kann die Schweiz diese Vorbehalte k\u00fcndigen?\u00bb<\/p><\/blockquote>\n<p>Wieder hatte es das VBS nicht eilig, diese Fragen zu beantworten. Als trotz Erinnungsschreiben auch ein halbes Jahr sp\u00e4ter keine Antwort eintraf, richtete Masson seine Fragen direkt an VBS-Chefin Bundesr\u00e4tin Viola Amherd:<\/p>\n<ol class=\"wp-block-list\">\n<li><em>\u00abWie viele klar definierte, betonierte, verkabelte, in Pl\u00e4nen verzeichnete Kommando-, Lager- oder Kampfstellen gibt es heute noch ungef\u00e4hr, die den internationalen Regeln der Genfer Abkommen widersprechen?<\/em><\/li>\n<li><em>Worin genau besteht die Rechtfertigung, dass das Milit\u00e4r \u2039im kleinen\u203a und \u2039dicht besiedelten Land\u203a zu solchen Tricks greifen muss?<\/em><\/li>\n<li><em>K\u00f6nnen wir diese unseligen Vorbehalte streichen, annullieren, r\u00fcckg\u00e4ngig machen?\u00bb<\/em><\/li>\n<\/ol>\n<p>Diese Fragen stellte Andr\u00e9 Masson am 6. Juli 2024. Er wartet noch heute auf eine Antwort von Bundesr\u00e4tin Viola Amherd.<\/p>\n<p class=\"wp-block-heading\"><strong>VBS: \u00abVereinzelt noch milit\u00e4rische Infrastrukturen in zivilen Geb\u00e4uden oder im Umfeld von zivilen Geb\u00e4uden\u00bb<\/strong><\/p>\n<p>Auch gegen\u00fcber Infosperber wollte das VBS nicht angeben, wie viele funktionst\u00fcchtige milit\u00e4rische Anlagen unter einem zivilen Geb\u00e4ude es heute noch gibt. Ein milit\u00e4risches Geheimnis kann dies nicht sein, so lange die Standorte nicht angegeben werden. Im Folgenden die beiden Fragen von Infosperber und die Antworten des VBS vom 26. September 2024:<\/p>\n<p><em>1. Wie viele funktionsf\u00e4hige milit\u00e4rische Anlagen unter einem zivilen Geb\u00e4ude gibt es noch in der Schweiz?<\/em><\/p>\n<p>Antwort VBS: \u00abEs gibt vereinzelt noch milit\u00e4rische Infrastrukturen in zivilen Geb\u00e4uden oder im Umfeld von zivilen Geb\u00e4uden. Deren Anzahl und Standorte sind klassifiziert.\u00bb<\/p>\n<p><em>2. Wie viele milit\u00e4rische Anlagen unter einem zivilen Geb\u00e4ude w\u00e4ren im Kriegsfall wieder benutzbar zu machen?<\/em><\/p>\n<p>Antwort VBS: \u00abWie erw\u00e4hnt, sind die Anzahl der milit\u00e4rischen Anlagen und die Standorte klassifiziert.\u00a0Ob und wie diese Infrastrukturen im Verteidigungsfall oder bei bewaffneten Konflikten durch die Armee genutzt werden k\u00f6nnen, w\u00fcrde zu gegebener Zeit unter Ber\u00fccksichtigung des humanit\u00e4ren V\u00f6lkerrechts gekl\u00e4rt.\u00bb<\/p>\n<\/div>\n<p>*<strong>Zusatzprotokolle zu den Genfer Abkommen<\/strong><\/p>\n<p>Das\u00a0<a href=\"https:\/\/www.fedlex.admin.ch\/eli\/cc\/1951\/300_302_297\/de\">IV. Genfer Abkommen<\/a>\u00a0sch\u00fctzt die Zivilbev\u00f6lkerung vor Angriffen und unmenschlicher Behandlung.<\/p>\n<p>Artikel 58 des\u00a0<a href=\"https:\/\/www.fedlex.admin.ch\/eli\/cc\/1982\/1362_1362_1362\/de\">Zusatzprotokolls<\/a>\u00a0pr\u00e4zisiert:<\/p>\n<p><em>\u00ab<\/em><em>Soweit dies praktisch irgend m\u00f6glich ist, werden die am Konflikt beteiligten Parteien<\/em><em>\u00a0<\/em><em>a)\u00a0<\/em><em>sich unbeschadet des Artikels 49 des IV. Abkommens bem\u00fchen, die Zivilbev\u00f6lkerung, einzelne Zivilpersonen und zivile Objekte, die ihrer Herrschaft unterstehen, aus der Umgebung milit\u00e4rischer Ziele zu entfernen;<\/em><\/p>\n<p><em>b)\u00a0<\/em><em>es vermeiden, innerhalb oder in der N\u00e4he dicht bev\u00f6lkerter Gebiete milit\u00e4rische Ziele anzulegen.\u00bb\u00a0<\/em><\/p>\n<p class=\"wp-block-heading\"><strong>Vorbehalte der Schweiz und Deutschlands<\/strong><\/p>\n<p>Auf der Webseite des Bundes (Fedlex) ist nicht ersichtlich, dass die Schweiz das Zusatzprotokoll im Jahr 1982 nur mit dem Vorbehalt u.a. zu diesem Artikel 58 ratifiziert und in Kraft gesetzt hatte.<\/p>\n<p>Auf der privaten deutschen Webseite\u00a0<a href=\"https:\/\/xn--glcksmann-r9a.de\/media\/files\/GK-ZP-1.pdf\">Gl\u00fccksmann.de<\/a>\u00a0sind die Vorbehalte zum Artikel 58 im Wortlaut ver\u00f6ffentlicht.<\/p>\n<p>Auf <a href=\"https:\/\/xn--glcksmann-r9a.de\/media\/files\/GK-ZP-1.pdf\" target=\"_blank\" rel=\"noreferrer noopener\">Seite 75<\/a> der Vorbehalt der Schweiz:<\/p>\n<p><em>\u00abIn Anbetracht des in Artikel 58 enthaltenen Ausdruckes \u00absoweit dies praktisch irgend m\u00f6glich ist\u00bb, werden die Abs\u00e4tze a und b unter Vorbehalt der Erfordernisse der Landesverteidigung angewendet.\u00bb\u00a0<\/em><\/p>\n<p>Auf <a href=\"https:\/\/xn--glcksmann-r9a.de\/media\/files\/GK-ZP-1.pdf\" target=\"_blank\" rel=\"noreferrer noopener\">Seite 64<\/a> der Vorbehalt der Bundesrepublik Deutschland:<\/p>\n<p><em>\u00abNach dem Verst\u00e4ndnis der Bundesrepublik Deutschland bedeutet in den Artikeln 41, 56, 57, 58, 78 und 86 des 1. Zusatzprotokolls das Wort\u00a0\u00abpraktisch m\u00f6glich\u00bb\u00a0das, was durchf\u00fchrbar oder praktisch tats\u00e4chlich m\u00f6glich ist, wobei alle in dem entsprechenden Zeitpunkt gegebenen Umst\u00e4nde zu ber\u00fccksichtigen sind einschliesslich humanit\u00e4rer und milit\u00e4rischer\u00a0\u00dcberlegungen.\u00bb<\/em><\/p>\n","protected":false},"excerpt":{"rendered":"<p>Trotz Kriegsv\u00f6lkerrecht gibt es auch in der Schweiz milit\u00e4rische Anlagen unter zivilen Einrichtungen wie Schulen. von Urs P. Gasche \u00a0 f\u00fcr die Online-Zeitung INFOsperber Wie viele milit\u00e4rische Anlagen auf dem Gel\u00e4nde von Schweizer Schulen \u2013 beispielsweise unter Pausenh\u00f6fen \u2013 noch&hellip;<\/p>\n","protected":false},"author":1855,"featured_media":2555636,"comment_status":"closed","ping_status":"closed","sticky":false,"template":"","format":"standard","meta":{"footnotes":""},"categories":[9150,9167,9168],"tags":[128086,10604,128087,40080],"class_list":["post-2555634","post","type-post","status-publish","format-standard","has-post-thumbnail","hentry","category-europa-de","category-frieden-und-abruestung","category-politik","tag-genfer-abkommen","tag-militaer","tag-vbs","tag-voelkerrecht"],"yoast_head":"<!-- This site is optimized with the Yoast SEO plugin v27.1.1 - https:\/\/yoast.com\/product\/yoast-seo-wordpress\/ -->\n<title>Milit\u00e4rkommandos unter CH-Schulh\u00e4usern: Kinder als Schutzschild<\/title>\n<meta name=\"description\" content=\"Trotz Kriegsv\u00f6lkerrecht gibt es auch in der Schweiz milit\u00e4rische Anlagen unter zivilen Einrichtungen wie Schulen. von Urs P. Gasche \u00a0 f\u00fcr die\" \/>\n<meta name=\"robots\" content=\"index, follow, max-snippet:-1, max-image-preview:large, max-video-preview:-1\" \/>\n<link rel=\"canonical\" href=\"https:\/\/www.pressenza.com\/de\/2024\/10\/militaerkommandos-unter-ch-schulhaeusern-kinder-als-schutzschild\/\" \/>\n<meta property=\"og:locale\" content=\"de_DE\" \/>\n<meta property=\"og:type\" content=\"article\" \/>\n<meta property=\"og:title\" content=\"Milit\u00e4rkommandos unter CH-Schulh\u00e4usern: Kinder als Schutzschild\" \/>\n<meta property=\"og:description\" content=\"Trotz Kriegsv\u00f6lkerrecht gibt es auch in der Schweiz milit\u00e4rische Anlagen unter zivilen Einrichtungen wie Schulen. von Urs P. Gasche \u00a0 f\u00fcr die\" \/>\n<meta property=\"og:url\" content=\"https:\/\/www.pressenza.com\/de\/2024\/10\/militaerkommandos-unter-ch-schulhaeusern-kinder-als-schutzschild\/\" \/>\n<meta property=\"og:site_name\" content=\"Pressenza\" \/>\n<meta property=\"article:publisher\" content=\"https:\/\/www.facebook.com\/PressenzaItalia\" \/>\n<meta property=\"article:published_time\" content=\"2024-10-18T13:48:01+00:00\" \/>\n<meta property=\"og:image\" content=\"https:\/\/www.pressenza.com\/wp-content\/uploads\/2024\/10\/IMG_3196-820x492.png\" \/>\n\t<meta property=\"og:image:width\" content=\"820\" \/>\n\t<meta property=\"og:image:height\" content=\"492\" \/>\n\t<meta property=\"og:image:type\" content=\"image\/png\" \/>\n<meta name=\"author\" content=\"INFOsperber\" \/>\n<meta name=\"twitter:card\" content=\"summary_large_image\" \/>\n<meta name=\"twitter:creator\" content=\"@PressenzaIPA\" \/>\n<meta name=\"twitter:site\" content=\"@PressenzaIPA\" \/>\n<meta name=\"twitter:label1\" content=\"Verfasst von\" \/>\n\t<meta name=\"twitter:data1\" content=\"INFOsperber\" \/>\n\t<meta name=\"twitter:label2\" content=\"Gesch\u00e4tzte Lesezeit\" \/>\n\t<meta name=\"twitter:data2\" content=\"5\u00a0Minuten\" \/>\n<script type=\"application\/ld+json\" class=\"yoast-schema-graph\">{\"@context\":\"https:\/\/schema.org\",\"@graph\":[{\"@type\":\"Article\",\"@id\":\"https:\/\/www.pressenza.com\/de\/2024\/10\/militaerkommandos-unter-ch-schulhaeusern-kinder-als-schutzschild\/#article\",\"isPartOf\":{\"@id\":\"https:\/\/www.pressenza.com\/de\/2024\/10\/militaerkommandos-unter-ch-schulhaeusern-kinder-als-schutzschild\/\"},\"author\":{\"name\":\"INFOsperber\",\"@id\":\"https:\/\/www.pressenza.com\/de\/#\/schema\/person\/77735f6583e3041b31ebc7b93a284357\"},\"headline\":\"Milit\u00e4rkommandos unter CH-Schulh\u00e4usern: Kinder als Schutzschild\",\"datePublished\":\"2024-10-18T13:48:01+00:00\",\"mainEntityOfPage\":{\"@id\":\"https:\/\/www.pressenza.com\/de\/2024\/10\/militaerkommandos-unter-ch-schulhaeusern-kinder-als-schutzschild\/\"},\"wordCount\":949,\"publisher\":{\"@id\":\"https:\/\/www.pressenza.com\/de\/#organization\"},\"image\":{\"@id\":\"https:\/\/www.pressenza.com\/de\/2024\/10\/militaerkommandos-unter-ch-schulhaeusern-kinder-als-schutzschild\/#primaryimage\"},\"thumbnailUrl\":\"https:\/\/www.pressenza.com\/wp-content\/uploads\/2024\/10\/IMG_3196.png\",\"keywords\":[\"Genfer Abkommen\",\"Milit\u00e4r\",\"VBS\",\"V\u00f6lkerrecht\"],\"articleSection\":[\"Europa\",\"Frieden und Abr\u00fcstung\",\"Politik\"],\"inLanguage\":\"de\"},{\"@type\":\"WebPage\",\"@id\":\"https:\/\/www.pressenza.com\/de\/2024\/10\/militaerkommandos-unter-ch-schulhaeusern-kinder-als-schutzschild\/\",\"url\":\"https:\/\/www.pressenza.com\/de\/2024\/10\/militaerkommandos-unter-ch-schulhaeusern-kinder-als-schutzschild\/\",\"name\":\"Milit\u00e4rkommandos unter CH-Schulh\u00e4usern: Kinder als Schutzschild\",\"isPartOf\":{\"@id\":\"https:\/\/www.pressenza.com\/de\/#website\"},\"primaryImageOfPage\":{\"@id\":\"https:\/\/www.pressenza.com\/de\/2024\/10\/militaerkommandos-unter-ch-schulhaeusern-kinder-als-schutzschild\/#primaryimage\"},\"image\":{\"@id\":\"https:\/\/www.pressenza.com\/de\/2024\/10\/militaerkommandos-unter-ch-schulhaeusern-kinder-als-schutzschild\/#primaryimage\"},\"thumbnailUrl\":\"https:\/\/www.pressenza.com\/wp-content\/uploads\/2024\/10\/IMG_3196.png\",\"datePublished\":\"2024-10-18T13:48:01+00:00\",\"description\":\"Trotz Kriegsv\u00f6lkerrecht gibt es auch in der Schweiz milit\u00e4rische Anlagen unter zivilen Einrichtungen wie Schulen. von Urs P. Gasche \u00a0 f\u00fcr die\",\"breadcrumb\":{\"@id\":\"https:\/\/www.pressenza.com\/de\/2024\/10\/militaerkommandos-unter-ch-schulhaeusern-kinder-als-schutzschild\/#breadcrumb\"},\"inLanguage\":\"de\",\"potentialAction\":[{\"@type\":\"ReadAction\",\"target\":[\"https:\/\/www.pressenza.com\/de\/2024\/10\/militaerkommandos-unter-ch-schulhaeusern-kinder-als-schutzschild\/\"]}]},{\"@type\":\"ImageObject\",\"inLanguage\":\"de\",\"@id\":\"https:\/\/www.pressenza.com\/de\/2024\/10\/militaerkommandos-unter-ch-schulhaeusern-kinder-als-schutzschild\/#primaryimage\",\"url\":\"https:\/\/www.pressenza.com\/wp-content\/uploads\/2024\/10\/IMG_3196.png\",\"contentUrl\":\"https:\/\/www.pressenza.com\/wp-content\/uploads\/2024\/10\/IMG_3196.png\",\"width\":1600,\"height\":960,\"caption\":\"Kantonsschule Zug 1975 bei der Er\u00f6ffnung (heute stark erweitert): Unter dem Pausenplatz (rot) zwischen dem Ober- und Untergymnasium befand sich rund 30 Jahre lang eine gebunkerte milit\u00e4rische Kommandostelle. Diese ist heute nach Angaben des Kantons aufgehoben, aber das VBS best\u00e4tigt, dass andere noch einsatzf\u00e4hig sind.\"},{\"@type\":\"BreadcrumbList\",\"@id\":\"https:\/\/www.pressenza.com\/de\/2024\/10\/militaerkommandos-unter-ch-schulhaeusern-kinder-als-schutzschild\/#breadcrumb\",\"itemListElement\":[{\"@type\":\"ListItem\",\"position\":1,\"name\":\"Accueil\",\"item\":\"https:\/\/www.pressenza.com\/de\/\"},{\"@type\":\"ListItem\",\"position\":2,\"name\":\"Milit\u00e4rkommandos unter CH-Schulh\u00e4usern: Kinder als Schutzschild\"}]},{\"@type\":\"WebSite\",\"@id\":\"https:\/\/www.pressenza.com\/de\/#website\",\"url\":\"https:\/\/www.pressenza.com\/de\/\",\"name\":\"Pressenza\",\"description\":\"International Press Agency\",\"publisher\":{\"@id\":\"https:\/\/www.pressenza.com\/de\/#organization\"},\"potentialAction\":[{\"@type\":\"SearchAction\",\"target\":{\"@type\":\"EntryPoint\",\"urlTemplate\":\"https:\/\/www.pressenza.com\/de\/?s={search_term_string}\"},\"query-input\":{\"@type\":\"PropertyValueSpecification\",\"valueRequired\":true,\"valueName\":\"search_term_string\"}}],\"inLanguage\":\"de\"},{\"@type\":\"Organization\",\"@id\":\"https:\/\/www.pressenza.com\/de\/#organization\",\"name\":\"Pressenza\",\"url\":\"https:\/\/www.pressenza.com\/de\/\",\"logo\":{\"@type\":\"ImageObject\",\"inLanguage\":\"de\",\"@id\":\"https:\/\/www.pressenza.com\/de\/#\/schema\/logo\/image\/\",\"url\":\"https:\/\/www.pressenza.com\/wp-content\/uploads\/2022\/10\/pressenza_logo_200x200.jpg\",\"contentUrl\":\"https:\/\/www.pressenza.com\/wp-content\/uploads\/2022\/10\/pressenza_logo_200x200.jpg\",\"width\":200,\"height\":200,\"caption\":\"Pressenza\"},\"image\":{\"@id\":\"https:\/\/www.pressenza.com\/de\/#\/schema\/logo\/image\/\"},\"sameAs\":[\"https:\/\/www.facebook.com\/PressenzaItalia\",\"https:\/\/x.com\/PressenzaIPA\"]},{\"@type\":\"Person\",\"@id\":\"https:\/\/www.pressenza.com\/de\/#\/schema\/person\/77735f6583e3041b31ebc7b93a284357\",\"name\":\"INFOsperber\",\"description\":\"Infosperber.ch - sieht, was andere \u00fcbersehen Die Schweizer Internet-Zeitung richtet sich an Entscheidungstr\u00e4ger in Gesellschaft, Wirtschaft und Politik sowie alle, die erg\u00e4nzende Informationen zu den grossen Medien suchen. Infosperber will die grossen Informations-Medien nicht konkurrenzieren, sondern diese erg\u00e4nzen. \u00a9 Das Weiterverbreiten s\u00e4mtlicher auf dem gemeinn\u00fctzigen Portal www.infosperber.ch enthaltenen Texte ist ohne Kostenfolge erlaubt, sofern die Texte integral ohne K\u00fcrzung und mit Quellenangaben (Autor und \u00abInfosperber\u00bb) verbreitet werden. Bei einer Online-Nutzung ist die Quellenangabe m\u00f6glichst schon am Anfang des Artikels mit einem Link auf infosperber.ch zu versehen. F\u00fcr das Verbreiten von gek\u00fcrzten oder abge\u00e4nderten Texten ist das schriftliche Einverst\u00e4ndnis der AutorInnen erforderlich.\",\"sameAs\":[\"https:\/\/www.infosperber.ch\/\"],\"url\":\"https:\/\/www.pressenza.com\/de\/author\/infosperber\/\"}]}<\/script>\n<!-- \/ Yoast SEO plugin. -->","yoast_head_json":{"title":"Milit\u00e4rkommandos unter CH-Schulh\u00e4usern: Kinder als Schutzschild","description":"Trotz Kriegsv\u00f6lkerrecht gibt es auch in der Schweiz milit\u00e4rische Anlagen unter zivilen Einrichtungen wie Schulen. von Urs P. Gasche \u00a0 f\u00fcr die","robots":{"index":"index","follow":"follow","max-snippet":"max-snippet:-1","max-image-preview":"max-image-preview:large","max-video-preview":"max-video-preview:-1"},"canonical":"https:\/\/www.pressenza.com\/de\/2024\/10\/militaerkommandos-unter-ch-schulhaeusern-kinder-als-schutzschild\/","og_locale":"de_DE","og_type":"article","og_title":"Milit\u00e4rkommandos unter CH-Schulh\u00e4usern: Kinder als Schutzschild","og_description":"Trotz Kriegsv\u00f6lkerrecht gibt es auch in der Schweiz milit\u00e4rische Anlagen unter zivilen Einrichtungen wie Schulen. von Urs P. Gasche \u00a0 f\u00fcr die","og_url":"https:\/\/www.pressenza.com\/de\/2024\/10\/militaerkommandos-unter-ch-schulhaeusern-kinder-als-schutzschild\/","og_site_name":"Pressenza","article_publisher":"https:\/\/www.facebook.com\/PressenzaItalia","article_published_time":"2024-10-18T13:48:01+00:00","og_image":[{"width":820,"height":492,"url":"https:\/\/www.pressenza.com\/wp-content\/uploads\/2024\/10\/IMG_3196-820x492.png","type":"image\/png"}],"author":"INFOsperber","twitter_card":"summary_large_image","twitter_creator":"@PressenzaIPA","twitter_site":"@PressenzaIPA","twitter_misc":{"Verfasst von":"INFOsperber","Gesch\u00e4tzte Lesezeit":"5\u00a0Minuten"},"schema":{"@context":"https:\/\/schema.org","@graph":[{"@type":"Article","@id":"https:\/\/www.pressenza.com\/de\/2024\/10\/militaerkommandos-unter-ch-schulhaeusern-kinder-als-schutzschild\/#article","isPartOf":{"@id":"https:\/\/www.pressenza.com\/de\/2024\/10\/militaerkommandos-unter-ch-schulhaeusern-kinder-als-schutzschild\/"},"author":{"name":"INFOsperber","@id":"https:\/\/www.pressenza.com\/de\/#\/schema\/person\/77735f6583e3041b31ebc7b93a284357"},"headline":"Milit\u00e4rkommandos unter CH-Schulh\u00e4usern: Kinder als Schutzschild","datePublished":"2024-10-18T13:48:01+00:00","mainEntityOfPage":{"@id":"https:\/\/www.pressenza.com\/de\/2024\/10\/militaerkommandos-unter-ch-schulhaeusern-kinder-als-schutzschild\/"},"wordCount":949,"publisher":{"@id":"https:\/\/www.pressenza.com\/de\/#organization"},"image":{"@id":"https:\/\/www.pressenza.com\/de\/2024\/10\/militaerkommandos-unter-ch-schulhaeusern-kinder-als-schutzschild\/#primaryimage"},"thumbnailUrl":"https:\/\/www.pressenza.com\/wp-content\/uploads\/2024\/10\/IMG_3196.png","keywords":["Genfer Abkommen","Milit\u00e4r","VBS","V\u00f6lkerrecht"],"articleSection":["Europa","Frieden und Abr\u00fcstung","Politik"],"inLanguage":"de"},{"@type":"WebPage","@id":"https:\/\/www.pressenza.com\/de\/2024\/10\/militaerkommandos-unter-ch-schulhaeusern-kinder-als-schutzschild\/","url":"https:\/\/www.pressenza.com\/de\/2024\/10\/militaerkommandos-unter-ch-schulhaeusern-kinder-als-schutzschild\/","name":"Milit\u00e4rkommandos unter CH-Schulh\u00e4usern: Kinder als Schutzschild","isPartOf":{"@id":"https:\/\/www.pressenza.com\/de\/#website"},"primaryImageOfPage":{"@id":"https:\/\/www.pressenza.com\/de\/2024\/10\/militaerkommandos-unter-ch-schulhaeusern-kinder-als-schutzschild\/#primaryimage"},"image":{"@id":"https:\/\/www.pressenza.com\/de\/2024\/10\/militaerkommandos-unter-ch-schulhaeusern-kinder-als-schutzschild\/#primaryimage"},"thumbnailUrl":"https:\/\/www.pressenza.com\/wp-content\/uploads\/2024\/10\/IMG_3196.png","datePublished":"2024-10-18T13:48:01+00:00","description":"Trotz Kriegsv\u00f6lkerrecht gibt es auch in der Schweiz milit\u00e4rische Anlagen unter zivilen Einrichtungen wie Schulen. von Urs P. Gasche \u00a0 f\u00fcr die","breadcrumb":{"@id":"https:\/\/www.pressenza.com\/de\/2024\/10\/militaerkommandos-unter-ch-schulhaeusern-kinder-als-schutzschild\/#breadcrumb"},"inLanguage":"de","potentialAction":[{"@type":"ReadAction","target":["https:\/\/www.pressenza.com\/de\/2024\/10\/militaerkommandos-unter-ch-schulhaeusern-kinder-als-schutzschild\/"]}]},{"@type":"ImageObject","inLanguage":"de","@id":"https:\/\/www.pressenza.com\/de\/2024\/10\/militaerkommandos-unter-ch-schulhaeusern-kinder-als-schutzschild\/#primaryimage","url":"https:\/\/www.pressenza.com\/wp-content\/uploads\/2024\/10\/IMG_3196.png","contentUrl":"https:\/\/www.pressenza.com\/wp-content\/uploads\/2024\/10\/IMG_3196.png","width":1600,"height":960,"caption":"Kantonsschule Zug 1975 bei der Er\u00f6ffnung (heute stark erweitert): Unter dem Pausenplatz (rot) zwischen dem Ober- und Untergymnasium befand sich rund 30 Jahre lang eine gebunkerte milit\u00e4rische Kommandostelle. Diese ist heute nach Angaben des Kantons aufgehoben, aber das VBS best\u00e4tigt, dass andere noch einsatzf\u00e4hig sind."},{"@type":"BreadcrumbList","@id":"https:\/\/www.pressenza.com\/de\/2024\/10\/militaerkommandos-unter-ch-schulhaeusern-kinder-als-schutzschild\/#breadcrumb","itemListElement":[{"@type":"ListItem","position":1,"name":"Accueil","item":"https:\/\/www.pressenza.com\/de\/"},{"@type":"ListItem","position":2,"name":"Milit\u00e4rkommandos unter CH-Schulh\u00e4usern: Kinder als Schutzschild"}]},{"@type":"WebSite","@id":"https:\/\/www.pressenza.com\/de\/#website","url":"https:\/\/www.pressenza.com\/de\/","name":"Pressenza","description":"International Press Agency","publisher":{"@id":"https:\/\/www.pressenza.com\/de\/#organization"},"potentialAction":[{"@type":"SearchAction","target":{"@type":"EntryPoint","urlTemplate":"https:\/\/www.pressenza.com\/de\/?s={search_term_string}"},"query-input":{"@type":"PropertyValueSpecification","valueRequired":true,"valueName":"search_term_string"}}],"inLanguage":"de"},{"@type":"Organization","@id":"https:\/\/www.pressenza.com\/de\/#organization","name":"Pressenza","url":"https:\/\/www.pressenza.com\/de\/","logo":{"@type":"ImageObject","inLanguage":"de","@id":"https:\/\/www.pressenza.com\/de\/#\/schema\/logo\/image\/","url":"https:\/\/www.pressenza.com\/wp-content\/uploads\/2022\/10\/pressenza_logo_200x200.jpg","contentUrl":"https:\/\/www.pressenza.com\/wp-content\/uploads\/2022\/10\/pressenza_logo_200x200.jpg","width":200,"height":200,"caption":"Pressenza"},"image":{"@id":"https:\/\/www.pressenza.com\/de\/#\/schema\/logo\/image\/"},"sameAs":["https:\/\/www.facebook.com\/PressenzaItalia","https:\/\/x.com\/PressenzaIPA"]},{"@type":"Person","@id":"https:\/\/www.pressenza.com\/de\/#\/schema\/person\/77735f6583e3041b31ebc7b93a284357","name":"INFOsperber","description":"Infosperber.ch - sieht, was andere \u00fcbersehen Die Schweizer Internet-Zeitung richtet sich an Entscheidungstr\u00e4ger in Gesellschaft, Wirtschaft und Politik sowie alle, die erg\u00e4nzende Informationen zu den grossen Medien suchen. Infosperber will die grossen Informations-Medien nicht konkurrenzieren, sondern diese erg\u00e4nzen. \u00a9 Das Weiterverbreiten s\u00e4mtlicher auf dem gemeinn\u00fctzigen Portal www.infosperber.ch enthaltenen Texte ist ohne Kostenfolge erlaubt, sofern die Texte integral ohne K\u00fcrzung und mit Quellenangaben (Autor und \u00abInfosperber\u00bb) verbreitet werden. Bei einer Online-Nutzung ist die Quellenangabe m\u00f6glichst schon am Anfang des Artikels mit einem Link auf infosperber.ch zu versehen. F\u00fcr das Verbreiten von gek\u00fcrzten oder abge\u00e4nderten Texten ist das schriftliche Einverst\u00e4ndnis der AutorInnen erforderlich.","sameAs":["https:\/\/www.infosperber.ch\/"],"url":"https:\/\/www.pressenza.com\/de\/author\/infosperber\/"}]}},"place":"","original_article_url":"https:\/\/www.infosperber.ch\/freiheit-recht\/menschenrechte\/militaerkommandos-unter-ch-schulhaeusern-kinder-als-schutzschild\/","_links":{"self":[{"href":"https:\/\/www.pressenza.com\/de\/wp-json\/wp\/v2\/posts\/2555634","targetHints":{"allow":["GET"]}}],"collection":[{"href":"https:\/\/www.pressenza.com\/de\/wp-json\/wp\/v2\/posts"}],"about":[{"href":"https:\/\/www.pressenza.com\/de\/wp-json\/wp\/v2\/types\/post"}],"author":[{"embeddable":true,"href":"https:\/\/www.pressenza.com\/de\/wp-json\/wp\/v2\/users\/1855"}],"replies":[{"embeddable":true,"href":"https:\/\/www.pressenza.com\/de\/wp-json\/wp\/v2\/comments?post=2555634"}],"version-history":[{"count":0,"href":"https:\/\/www.pressenza.com\/de\/wp-json\/wp\/v2\/posts\/2555634\/revisions"}],"wp:featuredmedia":[{"embeddable":true,"href":"https:\/\/www.pressenza.com\/de\/wp-json\/wp\/v2\/media\/2555636"}],"wp:attachment":[{"href":"https:\/\/www.pressenza.com\/de\/wp-json\/wp\/v2\/media?parent=2555634"}],"wp:term":[{"taxonomy":"category","embeddable":true,"href":"https:\/\/www.pressenza.com\/de\/wp-json\/wp\/v2\/categories?post=2555634"},{"taxonomy":"post_tag","embeddable":true,"href":"https:\/\/www.pressenza.com\/de\/wp-json\/wp\/v2\/tags?post=2555634"}],"curies":[{"name":"wp","href":"https:\/\/api.w.org\/{rel}","templated":true}]}}