{"id":2555422,"date":"2024-10-17T14:00:11","date_gmt":"2024-10-17T13:00:11","guid":{"rendered":"https:\/\/www.pressenza.com\/?p=2555422"},"modified":"2024-10-17T14:00:11","modified_gmt":"2024-10-17T13:00:11","slug":"europaeischer-gerichtshof-fuer-menschenrechte-bestaetigt-unrechtmaessigkeit-von-zurueckweisungen-an-den-binnengrenzen","status":"publish","type":"post","link":"https:\/\/www.pressenza.com\/de\/2024\/10\/europaeischer-gerichtshof-fuer-menschenrechte-bestaetigt-unrechtmaessigkeit-von-zurueckweisungen-an-den-binnengrenzen\/","title":{"rendered":"Europ\u00e4ischer Gerichtshof f\u00fcr Menschenrechte best\u00e4tigt Unrechtm\u00e4\u00dfigkeit von Zur\u00fcckweisungen an den Binnengrenzen"},"content":{"rendered":"<p><strong>PRO ASYL und ECCHR begr\u00fc\u00dfen das heutige Urteil des Europ\u00e4ischen Gerichtshof f\u00fcr Menschenrechte und fordern die Ampelregierung auf, der Zur\u00fcckweisungspraxis an den deutschen Grenzen ein Ende zu setzen.<\/strong><\/p>\n<p>\u201eDas heutige Urteil in der Beschwerde von 2019 ist entscheidend f\u00fcr die Debatte rund um Zur\u00fcckweisungen an den deutschen Grenzen und kommt genau im richtigen Moment. Deutschland ist verpflichtet, menschenrechtliche Standards zu wahren und den Zugang zu rechtsstaatlichen Asylverfahren auch an deutschen Grenzen zu gew\u00e4hrleisten\u201d, sagt Tareq Alawos, fl\u00fcchtlingspolitischer Sprecher von PRO ASYL. \u201cAlle Parteien m\u00fcssen nun endlich die menschenrechtsverachtende Zur\u00fcckweisungsdebatte und die systematische Entrechtung an deutschen Grenzen beenden\u201c, f\u00fchrt Alaows aus.<br \/>\n<strong><br \/>\n<\/strong>In seinem heutigen <strong><a href=\"https:\/\/proasyl.gu-marketingsuite.com\/lt.php?x=3DZy~GDJJaOhEKF-yw9JUxRyAnzSvgAhj-pkjHk6InfPEH.t_Uy.0.hs3Y2hiNPunu1AXHDEKne\" target=\"_blank\" rel=\"noopener\" data-ac-default-color=\"1\">Urteil<\/a> <\/strong>stellt der Europ\u00e4ischen Gerichtshof f\u00fcr Menschenrechte (EGMR) klar: Zur\u00fcckweisungen von Schutzsuchenden an den Grenzen sind nicht zul\u00e4ssig. Damit erteilt er Verwaltungsabkommen wie dem \u201c<strong><a href=\"https:\/\/proasyl.gu-marketingsuite.com\/lt.php?x=3DZy~GDJJaOhEKF-yw9JUxRyAnzSvgAhj-pkjHk6InfPEH.t_Uy.0.hs3Y2hiNPunu1AXHDEKni\" target=\"_blank\" rel=\"noopener\" data-ac-default-color=\"1\">Seehofer-Deal<\/a><\/strong>\u201d von 2018 eine klare Absage und st\u00e4rkt den Zugang zum Rechtsschutz von Asylsuchenden an der Grenze. PRO ASYL, <strong><a href=\"https:\/\/proasyl.gu-marketingsuite.com\/lt.php?x=3DZy~GDJJaOhEKF-yw9JUxRyAnzSvgAhj-pkjHk6InfPEH.t_Uy.0.hs3Y2hiNPunu1AXHDEKnm\" target=\"_blank\" rel=\"noopener\" data-ac-default-color=\"1\">Refugee Support Aegean (RSA)<\/a><\/strong> und <strong><a href=\"https:\/\/proasyl.gu-marketingsuite.com\/lt.php?x=3DZy~GDJJaOhEKF-yw9JUxRyAnzSvgAhj-pkjHk6InfPEH.t_Uy.0.hs3Y2hiNPunu1AXHDFIXC\" target=\"_blank\" rel=\"noopener\" data-ac-default-color=\"1\">European Center for Constitutional and Human Rights (ECCHR)<\/a><\/strong> hatten die Klage durch eine <strong><a href=\"https:\/\/proasyl.gu-marketingsuite.com\/lt.php?x=3DZy~GDJJaOhEKF-yw9JUxRyAnzSvgAhj-pkjHk6InfPEH.t_Uy.0.hs3Y2hiNPunu1AXHDFIXG\" target=\"_blank\" rel=\"noopener\" data-ac-default-color=\"1\">Eingabe vor Gericht<\/a><\/strong> unterst\u00fctzt. In Entscheidungen von <strong><a href=\"https:\/\/proasyl.gu-marketingsuite.com\/lt.php?x=3DZy~GDJJaOhEKF-yw9JUxRyAnzSvgAhj-pkjHk6InfPEH.t_Uy.0.hs3Y2hiNPunu1AXHDFIXK\" target=\"_blank\" rel=\"noopener\" data-ac-default-color=\"1\">2019 <\/a><\/strong>und <strong><a href=\"https:\/\/proasyl.gu-marketingsuite.com\/lt.php?x=3DZy~GDJJaOhEKF-yw9JUxRyAnzSvgAhj-pkjHk6InfPEH.t_Uy.0.hs3Y2hiNPunu1AXHDEKni\" target=\"_blank\" rel=\"noopener\" data-ac-default-color=\"1\">2021<\/a> <\/strong>hatte das VG M\u00fcnchen die Rechtswidrigkeit von Zur\u00fcckweisungen unter dem Seehofer-Deal bereits festgestellt.<br \/>\n<strong><br \/>\n<\/strong>\u201cDer Versuch Deutschlands, Europarecht zu umgehen und Menschen im Hauruckverfahren zur\u00fcckzuweisen, ist gescheitert. Der EGMR macht deutlich, dass Zugang zu einem rechtsstaatlichen Verfahren zwingend erforderlich ist, um schwerste Menschenrechtsverletzungen, wie sie der Beschwerdef\u00fchrer erlitten hat, zu verhindern\u201d, sagt Hanaa Hakiki, Juristin beim ECCHR.<\/p>\n<h3><strong>Hintergrund zu dem Fall<\/strong><\/h3>\n<p>Der Kl\u00e4ger H.T. aus Syrien stellte im Juni 2018 auf der griechischen Insel Leros einen Asylantrag. Er litt unter den dortigen Lebensverh\u00e4ltnissen, die jenen im Elendslager \u201eMoria\u201c auf Lesbos glichen und f\u00fcrchtete zudem die Abschiebung in die T\u00fcrkei und von dort die Kettenabschiebung nach Syrien. Im September 2018 floh er \u00fcber \u00d6sterreich nach Deutschland. Dabei wurde er von der deutschen Bundespolizei aufgegriffen und, trotz dass er ein Asylgesuch \u00e4u\u00dferte, nur wenige Stunden sp\u00e4ter nach Griechenland abgeschoben \u2013 basierend auf dem<strong><a href=\"https:\/\/proasyl.gu-marketingsuite.com\/lt.php?x=3DZy~GDJJaOhEKF-yw9JUxRyAnzSvgAhj-pkjHk6InfPEH.t_Uy.0.hs3Y2hiNPunu1AXHDFIXO\" target=\"_blank\" rel=\"noopener\" data-ac-default-color=\"1\"> Seehofer-Deal<\/a><\/strong> zwischen Deutschland und Griechenland. In den Stunden zwischen Aufgriff und Abschiebung hatte er keinen Zugang zu einem effektiven Rechtsschutz. Ein Dublin-Verfahren wurde nicht durchgef\u00fchrt.<br \/>\n<strong><br \/>\n<\/strong>Auf Leros wurde H.T. fast drei Monate inhaftiert, in einer Zelle mit verhangenem Fenster und ohne die M\u00f6glichkeit, einen Au\u00dfenbereich aufzusuchen. Der <strong><a href=\"https:\/\/proasyl.gu-marketingsuite.com\/lt.php?x=3DZy~GDJJaOhEKF-yw9JUxRyAnzSvgAhj-pkjHk6InfPEH.t_Uy.0.hs3Y2hiNPunu1AXHDFIXS\" target=\"_blank\" rel=\"noopener\" data-ac-default-color=\"1\">griechische Fl\u00fcchtlingsrat<\/a><\/strong> half ihm, aus der Haft zu kommen und ein Asylverfahren in Griechenland durchzuf\u00fchren. <strong><br \/>\n<\/strong><\/p>\n<p>Im M\u00e4rz 2019 reichte H.T. Individualbeschwerde beim EGMR ein. Er macht geltend, dass seine R\u00fcckf\u00fchrung durch Deutschland sowie seine Behandlung und Inhaftierung in Griechenland das Verbot von Folter und unmenschlicher oder erniedrigender Behandlung (Artikel 3) und das Recht auf wirksame Beschwerde (Artikel 13) in der Europ\u00e4ische Menschenrechtskonvention (EMRK) verletzen.<br \/>\n<strong><br \/>\n<\/strong>2021 wurde H.T. in Griechenland als Fl\u00fcchtling anerkannt. Aufgrund der unhaltbaren Lebensbedingungen f\u00fcr anerkannte Fl\u00fcchtlinge in Griechenland, floh H.T nach Deutschland und stellte hier einen Asylantrag. 2022 wurde er durch das Bundesamt f\u00fcr Migration und Fl\u00fcchtlinge als subsidi\u00e4r schutzberechtigt anerkannt.<\/p>\n","protected":false},"excerpt":{"rendered":"<p>PRO ASYL und ECCHR begr\u00fc\u00dfen das heutige Urteil des Europ\u00e4ischen Gerichtshof f\u00fcr Menschenrechte und fordern die Ampelregierung auf, der Zur\u00fcckweisungspraxis an den deutschen Grenzen ein Ende zu setzen. \u201eDas heutige Urteil in der Beschwerde von 2019 ist entscheidend f\u00fcr die&hellip;<\/p>\n","protected":false},"author":1411,"featured_media":2555424,"comment_status":"closed","ping_status":"closed","sticky":false,"template":"","format":"standard","meta":{"footnotes":""},"categories":[9150,7835,9161,54569,9145],"tags":[56948,41600,44191,54254,9220,128049,128048],"class_list":["post-2555422","post","type-post","status-publish","format-standard","has-post-thumbnail","hentry","category-europa-de","category-international-de","category-menschenrechte","category-migration","category-pressemitteilungen","tag-ecchr-de","tag-europaeische-fluechtlingspolitik","tag-europaeischer-gerichtshof","tag-europaeischer-gerichtshof-fuer-menschenrechte","tag-festung-europa","tag-seehofer-deal","tag-zurueckweisungspraxis"],"yoast_head":"<!-- This site is optimized with the Yoast SEO plugin v27.1.1 - https:\/\/yoast.com\/product\/yoast-seo-wordpress\/ -->\n<title>Europ\u00e4ischer Gerichtshof f\u00fcr Menschenrechte best\u00e4tigt Unrechtm\u00e4\u00dfigkeit von Zur\u00fcckweisungen an den Binnengrenzen<\/title>\n<meta name=\"description\" content=\"PRO ASYL und ECCHR begr\u00fc\u00dfen das heutige Urteil des Europ\u00e4ischen Gerichtshof f\u00fcr Menschenrechte und fordern die Ampelregierung auf, der\" \/>\n<meta name=\"robots\" content=\"index, follow, max-snippet:-1, max-image-preview:large, max-video-preview:-1\" \/>\n<link rel=\"canonical\" href=\"https:\/\/www.pressenza.com\/de\/2024\/10\/europaeischer-gerichtshof-fuer-menschenrechte-bestaetigt-unrechtmaessigkeit-von-zurueckweisungen-an-den-binnengrenzen\/\" \/>\n<meta property=\"og:locale\" content=\"de_DE\" \/>\n<meta property=\"og:type\" content=\"article\" \/>\n<meta property=\"og:title\" content=\"Europ\u00e4ischer Gerichtshof f\u00fcr Menschenrechte best\u00e4tigt Unrechtm\u00e4\u00dfigkeit von Zur\u00fcckweisungen an den Binnengrenzen\" \/>\n<meta property=\"og:description\" content=\"PRO ASYL und ECCHR begr\u00fc\u00dfen das heutige Urteil des Europ\u00e4ischen Gerichtshof f\u00fcr Menschenrechte und fordern die Ampelregierung auf, der\" \/>\n<meta property=\"og:url\" content=\"https:\/\/www.pressenza.com\/de\/2024\/10\/europaeischer-gerichtshof-fuer-menschenrechte-bestaetigt-unrechtmaessigkeit-von-zurueckweisungen-an-den-binnengrenzen\/\" \/>\n<meta property=\"og:site_name\" content=\"Pressenza\" \/>\n<meta property=\"article:publisher\" content=\"https:\/\/www.facebook.com\/PressenzaItalia\" \/>\n<meta property=\"article:published_time\" content=\"2024-10-17T13:00:11+00:00\" \/>\n<meta property=\"og:image\" content=\"https:\/\/www.pressenza.com\/wp-content\/uploads\/2024\/10\/ProAsyl_EUGrenze.png\" \/>\n\t<meta property=\"og:image:width\" content=\"820\" \/>\n\t<meta property=\"og:image:height\" content=\"615\" \/>\n\t<meta property=\"og:image:type\" content=\"image\/png\" \/>\n<meta name=\"author\" content=\"Pro Asyl\" \/>\n<meta name=\"twitter:card\" content=\"summary_large_image\" \/>\n<meta name=\"twitter:creator\" content=\"@PressenzaIPA\" \/>\n<meta name=\"twitter:site\" content=\"@PressenzaIPA\" \/>\n<meta name=\"twitter:label1\" content=\"Verfasst von\" \/>\n\t<meta name=\"twitter:data1\" content=\"Pro Asyl\" \/>\n\t<meta name=\"twitter:label2\" content=\"Gesch\u00e4tzte Lesezeit\" \/>\n\t<meta name=\"twitter:data2\" content=\"3\u00a0Minuten\" \/>\n<script type=\"application\/ld+json\" class=\"yoast-schema-graph\">{\"@context\":\"https:\/\/schema.org\",\"@graph\":[{\"@type\":\"Article\",\"@id\":\"https:\/\/www.pressenza.com\/de\/2024\/10\/europaeischer-gerichtshof-fuer-menschenrechte-bestaetigt-unrechtmaessigkeit-von-zurueckweisungen-an-den-binnengrenzen\/#article\",\"isPartOf\":{\"@id\":\"https:\/\/www.pressenza.com\/de\/2024\/10\/europaeischer-gerichtshof-fuer-menschenrechte-bestaetigt-unrechtmaessigkeit-von-zurueckweisungen-an-den-binnengrenzen\/\"},\"author\":{\"name\":\"Pro Asyl\",\"@id\":\"https:\/\/www.pressenza.com\/de\/#\/schema\/person\/2a2e2e83a39e4cf3cf67ecb1e0760b14\"},\"headline\":\"Europ\u00e4ischer Gerichtshof f\u00fcr Menschenrechte best\u00e4tigt Unrechtm\u00e4\u00dfigkeit von Zur\u00fcckweisungen an den Binnengrenzen\",\"datePublished\":\"2024-10-17T13:00:11+00:00\",\"mainEntityOfPage\":{\"@id\":\"https:\/\/www.pressenza.com\/de\/2024\/10\/europaeischer-gerichtshof-fuer-menschenrechte-bestaetigt-unrechtmaessigkeit-von-zurueckweisungen-an-den-binnengrenzen\/\"},\"wordCount\":516,\"publisher\":{\"@id\":\"https:\/\/www.pressenza.com\/de\/#organization\"},\"image\":{\"@id\":\"https:\/\/www.pressenza.com\/de\/2024\/10\/europaeischer-gerichtshof-fuer-menschenrechte-bestaetigt-unrechtmaessigkeit-von-zurueckweisungen-an-den-binnengrenzen\/#primaryimage\"},\"thumbnailUrl\":\"https:\/\/www.pressenza.com\/wp-content\/uploads\/2024\/10\/ProAsyl_EUGrenze.png\",\"keywords\":[\"ECCHR\",\"Europ\u00e4ische Fl\u00fcchtlingspolitik\",\"Europ\u00e4ischer Gerichtshof\",\"Europ\u00e4ischer Gerichtshof f\u00fcr Menschenrechte\",\"Festung Europa\",\"Seehofer-Deal\",\"Zur\u00fcckweisungspraxis\"],\"articleSection\":[\"Europa\",\"International\",\"Menschenrechte\",\"Migration\",\"Pressemitteilungen\"],\"inLanguage\":\"de\"},{\"@type\":\"WebPage\",\"@id\":\"https:\/\/www.pressenza.com\/de\/2024\/10\/europaeischer-gerichtshof-fuer-menschenrechte-bestaetigt-unrechtmaessigkeit-von-zurueckweisungen-an-den-binnengrenzen\/\",\"url\":\"https:\/\/www.pressenza.com\/de\/2024\/10\/europaeischer-gerichtshof-fuer-menschenrechte-bestaetigt-unrechtmaessigkeit-von-zurueckweisungen-an-den-binnengrenzen\/\",\"name\":\"Europ\u00e4ischer Gerichtshof f\u00fcr Menschenrechte best\u00e4tigt Unrechtm\u00e4\u00dfigkeit von Zur\u00fcckweisungen an den Binnengrenzen\",\"isPartOf\":{\"@id\":\"https:\/\/www.pressenza.com\/de\/#website\"},\"primaryImageOfPage\":{\"@id\":\"https:\/\/www.pressenza.com\/de\/2024\/10\/europaeischer-gerichtshof-fuer-menschenrechte-bestaetigt-unrechtmaessigkeit-von-zurueckweisungen-an-den-binnengrenzen\/#primaryimage\"},\"image\":{\"@id\":\"https:\/\/www.pressenza.com\/de\/2024\/10\/europaeischer-gerichtshof-fuer-menschenrechte-bestaetigt-unrechtmaessigkeit-von-zurueckweisungen-an-den-binnengrenzen\/#primaryimage\"},\"thumbnailUrl\":\"https:\/\/www.pressenza.com\/wp-content\/uploads\/2024\/10\/ProAsyl_EUGrenze.png\",\"datePublished\":\"2024-10-17T13:00:11+00:00\",\"description\":\"PRO ASYL und ECCHR begr\u00fc\u00dfen das heutige Urteil des Europ\u00e4ischen Gerichtshof f\u00fcr Menschenrechte und fordern die Ampelregierung auf, der\",\"breadcrumb\":{\"@id\":\"https:\/\/www.pressenza.com\/de\/2024\/10\/europaeischer-gerichtshof-fuer-menschenrechte-bestaetigt-unrechtmaessigkeit-von-zurueckweisungen-an-den-binnengrenzen\/#breadcrumb\"},\"inLanguage\":\"de\",\"potentialAction\":[{\"@type\":\"ReadAction\",\"target\":[\"https:\/\/www.pressenza.com\/de\/2024\/10\/europaeischer-gerichtshof-fuer-menschenrechte-bestaetigt-unrechtmaessigkeit-von-zurueckweisungen-an-den-binnengrenzen\/\"]}]},{\"@type\":\"ImageObject\",\"inLanguage\":\"de\",\"@id\":\"https:\/\/www.pressenza.com\/de\/2024\/10\/europaeischer-gerichtshof-fuer-menschenrechte-bestaetigt-unrechtmaessigkeit-von-zurueckweisungen-an-den-binnengrenzen\/#primaryimage\",\"url\":\"https:\/\/www.pressenza.com\/wp-content\/uploads\/2024\/10\/ProAsyl_EUGrenze.png\",\"contentUrl\":\"https:\/\/www.pressenza.com\/wp-content\/uploads\/2024\/10\/ProAsyl_EUGrenze.png\",\"width\":820,\"height\":615,\"caption\":\"Europ\u00e4ischer Gerichtshof f\u00fcr Menschenrechte best\u00e4tigt Unrechtm\u00e4\u00dfigkeit von Zur\u00fcckweisungen an den Binnengrenzen\"},{\"@type\":\"BreadcrumbList\",\"@id\":\"https:\/\/www.pressenza.com\/de\/2024\/10\/europaeischer-gerichtshof-fuer-menschenrechte-bestaetigt-unrechtmaessigkeit-von-zurueckweisungen-an-den-binnengrenzen\/#breadcrumb\",\"itemListElement\":[{\"@type\":\"ListItem\",\"position\":1,\"name\":\"Accueil\",\"item\":\"https:\/\/www.pressenza.com\/de\/\"},{\"@type\":\"ListItem\",\"position\":2,\"name\":\"Europ\u00e4ischer Gerichtshof f\u00fcr Menschenrechte best\u00e4tigt Unrechtm\u00e4\u00dfigkeit von Zur\u00fcckweisungen an den Binnengrenzen\"}]},{\"@type\":\"WebSite\",\"@id\":\"https:\/\/www.pressenza.com\/de\/#website\",\"url\":\"https:\/\/www.pressenza.com\/de\/\",\"name\":\"Pressenza\",\"description\":\"International Press Agency\",\"publisher\":{\"@id\":\"https:\/\/www.pressenza.com\/de\/#organization\"},\"potentialAction\":[{\"@type\":\"SearchAction\",\"target\":{\"@type\":\"EntryPoint\",\"urlTemplate\":\"https:\/\/www.pressenza.com\/de\/?s={search_term_string}\"},\"query-input\":{\"@type\":\"PropertyValueSpecification\",\"valueRequired\":true,\"valueName\":\"search_term_string\"}}],\"inLanguage\":\"de\"},{\"@type\":\"Organization\",\"@id\":\"https:\/\/www.pressenza.com\/de\/#organization\",\"name\":\"Pressenza\",\"url\":\"https:\/\/www.pressenza.com\/de\/\",\"logo\":{\"@type\":\"ImageObject\",\"inLanguage\":\"de\",\"@id\":\"https:\/\/www.pressenza.com\/de\/#\/schema\/logo\/image\/\",\"url\":\"https:\/\/www.pressenza.com\/wp-content\/uploads\/2022\/10\/pressenza_logo_200x200.jpg\",\"contentUrl\":\"https:\/\/www.pressenza.com\/wp-content\/uploads\/2022\/10\/pressenza_logo_200x200.jpg\",\"width\":200,\"height\":200,\"caption\":\"Pressenza\"},\"image\":{\"@id\":\"https:\/\/www.pressenza.com\/de\/#\/schema\/logo\/image\/\"},\"sameAs\":[\"https:\/\/www.facebook.com\/PressenzaItalia\",\"https:\/\/x.com\/PressenzaIPA\"]},{\"@type\":\"Person\",\"@id\":\"https:\/\/www.pressenza.com\/de\/#\/schema\/person\/2a2e2e83a39e4cf3cf67ecb1e0760b14\",\"name\":\"Pro Asyl\",\"description\":\"Ist die selbstbestimmte und unabh\u00e4ngige Stimme f\u00fcr die Menschenrechte und den Schutz von Fl\u00fcchtlingen in Deutschland und Europa. Es ist ein Verein dessen Arbeit durch Mitgliedsbeitr\u00e4ge, Spenden und Stiftungszuwendungen finanziert wird.\",\"sameAs\":[\"https:\/\/www.proasyl.de\"],\"url\":\"https:\/\/www.pressenza.com\/de\/author\/pro-asyl\/\"}]}<\/script>\n<!-- \/ Yoast SEO plugin. -->","yoast_head_json":{"title":"Europ\u00e4ischer Gerichtshof f\u00fcr Menschenrechte best\u00e4tigt Unrechtm\u00e4\u00dfigkeit von Zur\u00fcckweisungen an den Binnengrenzen","description":"PRO ASYL und ECCHR begr\u00fc\u00dfen das heutige Urteil des Europ\u00e4ischen Gerichtshof f\u00fcr Menschenrechte und fordern die Ampelregierung auf, der","robots":{"index":"index","follow":"follow","max-snippet":"max-snippet:-1","max-image-preview":"max-image-preview:large","max-video-preview":"max-video-preview:-1"},"canonical":"https:\/\/www.pressenza.com\/de\/2024\/10\/europaeischer-gerichtshof-fuer-menschenrechte-bestaetigt-unrechtmaessigkeit-von-zurueckweisungen-an-den-binnengrenzen\/","og_locale":"de_DE","og_type":"article","og_title":"Europ\u00e4ischer Gerichtshof f\u00fcr Menschenrechte best\u00e4tigt Unrechtm\u00e4\u00dfigkeit von Zur\u00fcckweisungen an den Binnengrenzen","og_description":"PRO ASYL und ECCHR begr\u00fc\u00dfen das heutige Urteil des Europ\u00e4ischen Gerichtshof f\u00fcr Menschenrechte und fordern die Ampelregierung auf, der","og_url":"https:\/\/www.pressenza.com\/de\/2024\/10\/europaeischer-gerichtshof-fuer-menschenrechte-bestaetigt-unrechtmaessigkeit-von-zurueckweisungen-an-den-binnengrenzen\/","og_site_name":"Pressenza","article_publisher":"https:\/\/www.facebook.com\/PressenzaItalia","article_published_time":"2024-10-17T13:00:11+00:00","og_image":[{"width":820,"height":615,"url":"https:\/\/www.pressenza.com\/wp-content\/uploads\/2024\/10\/ProAsyl_EUGrenze.png","type":"image\/png"}],"author":"Pro Asyl","twitter_card":"summary_large_image","twitter_creator":"@PressenzaIPA","twitter_site":"@PressenzaIPA","twitter_misc":{"Verfasst von":"Pro Asyl","Gesch\u00e4tzte Lesezeit":"3\u00a0Minuten"},"schema":{"@context":"https:\/\/schema.org","@graph":[{"@type":"Article","@id":"https:\/\/www.pressenza.com\/de\/2024\/10\/europaeischer-gerichtshof-fuer-menschenrechte-bestaetigt-unrechtmaessigkeit-von-zurueckweisungen-an-den-binnengrenzen\/#article","isPartOf":{"@id":"https:\/\/www.pressenza.com\/de\/2024\/10\/europaeischer-gerichtshof-fuer-menschenrechte-bestaetigt-unrechtmaessigkeit-von-zurueckweisungen-an-den-binnengrenzen\/"},"author":{"name":"Pro Asyl","@id":"https:\/\/www.pressenza.com\/de\/#\/schema\/person\/2a2e2e83a39e4cf3cf67ecb1e0760b14"},"headline":"Europ\u00e4ischer Gerichtshof f\u00fcr Menschenrechte best\u00e4tigt Unrechtm\u00e4\u00dfigkeit von Zur\u00fcckweisungen an den Binnengrenzen","datePublished":"2024-10-17T13:00:11+00:00","mainEntityOfPage":{"@id":"https:\/\/www.pressenza.com\/de\/2024\/10\/europaeischer-gerichtshof-fuer-menschenrechte-bestaetigt-unrechtmaessigkeit-von-zurueckweisungen-an-den-binnengrenzen\/"},"wordCount":516,"publisher":{"@id":"https:\/\/www.pressenza.com\/de\/#organization"},"image":{"@id":"https:\/\/www.pressenza.com\/de\/2024\/10\/europaeischer-gerichtshof-fuer-menschenrechte-bestaetigt-unrechtmaessigkeit-von-zurueckweisungen-an-den-binnengrenzen\/#primaryimage"},"thumbnailUrl":"https:\/\/www.pressenza.com\/wp-content\/uploads\/2024\/10\/ProAsyl_EUGrenze.png","keywords":["ECCHR","Europ\u00e4ische Fl\u00fcchtlingspolitik","Europ\u00e4ischer Gerichtshof","Europ\u00e4ischer Gerichtshof f\u00fcr Menschenrechte","Festung Europa","Seehofer-Deal","Zur\u00fcckweisungspraxis"],"articleSection":["Europa","International","Menschenrechte","Migration","Pressemitteilungen"],"inLanguage":"de"},{"@type":"WebPage","@id":"https:\/\/www.pressenza.com\/de\/2024\/10\/europaeischer-gerichtshof-fuer-menschenrechte-bestaetigt-unrechtmaessigkeit-von-zurueckweisungen-an-den-binnengrenzen\/","url":"https:\/\/www.pressenza.com\/de\/2024\/10\/europaeischer-gerichtshof-fuer-menschenrechte-bestaetigt-unrechtmaessigkeit-von-zurueckweisungen-an-den-binnengrenzen\/","name":"Europ\u00e4ischer Gerichtshof f\u00fcr Menschenrechte best\u00e4tigt Unrechtm\u00e4\u00dfigkeit von Zur\u00fcckweisungen an den Binnengrenzen","isPartOf":{"@id":"https:\/\/www.pressenza.com\/de\/#website"},"primaryImageOfPage":{"@id":"https:\/\/www.pressenza.com\/de\/2024\/10\/europaeischer-gerichtshof-fuer-menschenrechte-bestaetigt-unrechtmaessigkeit-von-zurueckweisungen-an-den-binnengrenzen\/#primaryimage"},"image":{"@id":"https:\/\/www.pressenza.com\/de\/2024\/10\/europaeischer-gerichtshof-fuer-menschenrechte-bestaetigt-unrechtmaessigkeit-von-zurueckweisungen-an-den-binnengrenzen\/#primaryimage"},"thumbnailUrl":"https:\/\/www.pressenza.com\/wp-content\/uploads\/2024\/10\/ProAsyl_EUGrenze.png","datePublished":"2024-10-17T13:00:11+00:00","description":"PRO ASYL und ECCHR begr\u00fc\u00dfen das heutige Urteil des Europ\u00e4ischen Gerichtshof f\u00fcr Menschenrechte und fordern die Ampelregierung auf, der","breadcrumb":{"@id":"https:\/\/www.pressenza.com\/de\/2024\/10\/europaeischer-gerichtshof-fuer-menschenrechte-bestaetigt-unrechtmaessigkeit-von-zurueckweisungen-an-den-binnengrenzen\/#breadcrumb"},"inLanguage":"de","potentialAction":[{"@type":"ReadAction","target":["https:\/\/www.pressenza.com\/de\/2024\/10\/europaeischer-gerichtshof-fuer-menschenrechte-bestaetigt-unrechtmaessigkeit-von-zurueckweisungen-an-den-binnengrenzen\/"]}]},{"@type":"ImageObject","inLanguage":"de","@id":"https:\/\/www.pressenza.com\/de\/2024\/10\/europaeischer-gerichtshof-fuer-menschenrechte-bestaetigt-unrechtmaessigkeit-von-zurueckweisungen-an-den-binnengrenzen\/#primaryimage","url":"https:\/\/www.pressenza.com\/wp-content\/uploads\/2024\/10\/ProAsyl_EUGrenze.png","contentUrl":"https:\/\/www.pressenza.com\/wp-content\/uploads\/2024\/10\/ProAsyl_EUGrenze.png","width":820,"height":615,"caption":"Europ\u00e4ischer Gerichtshof f\u00fcr Menschenrechte best\u00e4tigt Unrechtm\u00e4\u00dfigkeit von Zur\u00fcckweisungen an den Binnengrenzen"},{"@type":"BreadcrumbList","@id":"https:\/\/www.pressenza.com\/de\/2024\/10\/europaeischer-gerichtshof-fuer-menschenrechte-bestaetigt-unrechtmaessigkeit-von-zurueckweisungen-an-den-binnengrenzen\/#breadcrumb","itemListElement":[{"@type":"ListItem","position":1,"name":"Accueil","item":"https:\/\/www.pressenza.com\/de\/"},{"@type":"ListItem","position":2,"name":"Europ\u00e4ischer Gerichtshof f\u00fcr Menschenrechte best\u00e4tigt Unrechtm\u00e4\u00dfigkeit von Zur\u00fcckweisungen an den Binnengrenzen"}]},{"@type":"WebSite","@id":"https:\/\/www.pressenza.com\/de\/#website","url":"https:\/\/www.pressenza.com\/de\/","name":"Pressenza","description":"International Press Agency","publisher":{"@id":"https:\/\/www.pressenza.com\/de\/#organization"},"potentialAction":[{"@type":"SearchAction","target":{"@type":"EntryPoint","urlTemplate":"https:\/\/www.pressenza.com\/de\/?s={search_term_string}"},"query-input":{"@type":"PropertyValueSpecification","valueRequired":true,"valueName":"search_term_string"}}],"inLanguage":"de"},{"@type":"Organization","@id":"https:\/\/www.pressenza.com\/de\/#organization","name":"Pressenza","url":"https:\/\/www.pressenza.com\/de\/","logo":{"@type":"ImageObject","inLanguage":"de","@id":"https:\/\/www.pressenza.com\/de\/#\/schema\/logo\/image\/","url":"https:\/\/www.pressenza.com\/wp-content\/uploads\/2022\/10\/pressenza_logo_200x200.jpg","contentUrl":"https:\/\/www.pressenza.com\/wp-content\/uploads\/2022\/10\/pressenza_logo_200x200.jpg","width":200,"height":200,"caption":"Pressenza"},"image":{"@id":"https:\/\/www.pressenza.com\/de\/#\/schema\/logo\/image\/"},"sameAs":["https:\/\/www.facebook.com\/PressenzaItalia","https:\/\/x.com\/PressenzaIPA"]},{"@type":"Person","@id":"https:\/\/www.pressenza.com\/de\/#\/schema\/person\/2a2e2e83a39e4cf3cf67ecb1e0760b14","name":"Pro Asyl","description":"Ist die selbstbestimmte und unabh\u00e4ngige Stimme f\u00fcr die Menschenrechte und den Schutz von Fl\u00fcchtlingen in Deutschland und Europa. Es ist ein Verein dessen Arbeit durch Mitgliedsbeitr\u00e4ge, Spenden und Stiftungszuwendungen finanziert wird.","sameAs":["https:\/\/www.proasyl.de"],"url":"https:\/\/www.pressenza.com\/de\/author\/pro-asyl\/"}]}},"place":"","original_article_url":"https:\/\/www.proasyl.de\/pressemitteilung\/europaeischer-gerichtshof-fuer-menschenrechte-bestaetigt-unrechtmaessigkeit-von-zurueckweisungen-an-den-binnengrenzen\/","_links":{"self":[{"href":"https:\/\/www.pressenza.com\/de\/wp-json\/wp\/v2\/posts\/2555422","targetHints":{"allow":["GET"]}}],"collection":[{"href":"https:\/\/www.pressenza.com\/de\/wp-json\/wp\/v2\/posts"}],"about":[{"href":"https:\/\/www.pressenza.com\/de\/wp-json\/wp\/v2\/types\/post"}],"author":[{"embeddable":true,"href":"https:\/\/www.pressenza.com\/de\/wp-json\/wp\/v2\/users\/1411"}],"replies":[{"embeddable":true,"href":"https:\/\/www.pressenza.com\/de\/wp-json\/wp\/v2\/comments?post=2555422"}],"version-history":[{"count":0,"href":"https:\/\/www.pressenza.com\/de\/wp-json\/wp\/v2\/posts\/2555422\/revisions"}],"wp:featuredmedia":[{"embeddable":true,"href":"https:\/\/www.pressenza.com\/de\/wp-json\/wp\/v2\/media\/2555424"}],"wp:attachment":[{"href":"https:\/\/www.pressenza.com\/de\/wp-json\/wp\/v2\/media?parent=2555422"}],"wp:term":[{"taxonomy":"category","embeddable":true,"href":"https:\/\/www.pressenza.com\/de\/wp-json\/wp\/v2\/categories?post=2555422"},{"taxonomy":"post_tag","embeddable":true,"href":"https:\/\/www.pressenza.com\/de\/wp-json\/wp\/v2\/tags?post=2555422"}],"curies":[{"name":"wp","href":"https:\/\/api.w.org\/{rel}","templated":true}]}}