{"id":2552498,"date":"2024-10-05T09:13:32","date_gmt":"2024-10-05T08:13:32","guid":{"rendered":"https:\/\/www.pressenza.com\/?p=2552498"},"modified":"2024-10-05T16:17:45","modified_gmt":"2024-10-05T15:17:45","slug":"demokratie-ist-eine-fragile-konstruktion","status":"publish","type":"post","link":"https:\/\/www.pressenza.com\/de\/2024\/10\/demokratie-ist-eine-fragile-konstruktion\/","title":{"rendered":"\u00bbDemokratie ist eine fragile Konstruktion\u2026\u00ab"},"content":{"rendered":"<p><strong>Der Verlust von Zukunftsglauben ist ein Problem f\u00fcr die Demokratie. Sie lebt auch von der Hoffnung, dass Dinge besser werden. Daran aber glauben immer weniger. Kein guter Zustand, sagt unser Autor, denn wo Vertrauen in die Politik schwindet, grassiert Demokratie-Verachtung. Ein Interview von Bert Bosch-Rossacher mit Helmut Ortner \u00fcber sein Buch \u00bbHeimatkunde\u00ab.<\/strong><\/p>\n<p><strong><em>Die liberale Demokratie hat derzeit keinen leichten Stand. Nicht zuletzt die j\u00fcngsten Wahlerfolge rechtspopulistischer bis rechtsextremer Parteien beruhen zu einem guten Teil darauf, dass die Demokratie offenbar zunehmend vielen Menschen eher als Mangel denn als Gewinn erscheint. Ist unsere Demokratie ernsthaft gef\u00e4hrdet?<\/em><\/strong><\/p>\n<p>\u00bbWir leben in turbulenten Zeiten. Die Hoffnung auf eine fortschreitende globale Demokratisierung und eine dauerhafte Weltfriedensordnung die noch vor Jahren als M\u00f6glichkeit erschien, hat sich aufgel\u00f6st. Stattdessen weltweit Krieg, Flucht, Hunger. Dazu das menschgemachte Klima-Desaster. Die Hoffnung, diese Probleme l\u00f6sen zu k\u00f6nnen, schwindet \u2026 Vor allem der Verlust von Zukunftsglauben diese Probleme zu l\u00f6sen, ist ein Problem, denn Demokratie lebt auch immer von der Hoffnung, dass Dinge besser werden. Doch daran glauben viele Menschen nicht mehr. Demagogen, Populisten und Autokraten aller Couleur erkennen das und nutzen diese \u00c4ngste, um die Demokratie schw\u00e4chen. Und viele Menschen folgen ihnen allzu bereitwillig. Wo Vertrauen fehlt, entsteht Entt\u00e4uschung, Teilnahmslosigkeit und Verachtung.<\/p>\n<p><strong><em>Der Eindruck, die <\/em><\/strong><strong><em>Entwertung der Demokratie schreitet voran \u2013 ist dieses Bild falsch?<\/em><\/strong><\/p>\n<p>\u00bbEindr\u00fccke basieren ja nicht unbedingt auf Fakten. Sie formen sich aus subjektiven Wahrnehmungen und Erlebnissen, die unsere Sicht auf die Welt bestimmen. Demokratie ist eine fragile Konstruktion. Es braucht Transparenz und Vertrauen. Das ist die W\u00e4hrung der Demokratie. Mangelt es daran, schafft es ein Klima des Misstrauens, der Angst, der Aggression. Notwendig aber ist ein kollektives Einverst\u00e4ndnis, eine breite Zustimmung \u00bbein gesellschaftlicher Konsens\u00ab. Und es braucht die Bereitschaft des Einzelnen, sich zu \u00bbvergemeinschaften\u00ab, sich aktiv einzubringen und zu engagieren. Unser demokratisches Gemeinwesen lebt von Teilnahme und Teilhabe, von Verpflichtung und Verantwortung, Vom <em>ICH zum Wir<\/em> \u2013 das ist die Formel, die sich eine demokratische Gesellschaft im besten Falle selbst auferlegt \u2013 und lebt.<\/p>\n<p><strong><em>Was ist zu tun gegen die Erosion demokratischer Errungenschaften? Was gegen die grassierende Demokratie-Verachtung?<\/em><\/strong><\/p>\n<p>Die Wahlergebnisse in Th\u00fcringen, Sachsen und Brandenburg, wo die AfD allerorten nahezu 30 % der Stimmen bekommen hat, zeigen, dass sich viele Menschen von den traditionellen Partien abwenden, weil sie den politischen Entscheidungstr\u00e4gern und Eliten misstrauen. Nun gibt es Stimmen, die sagen: Solange gew\u00e4hlt wird, haben wir eine intakte Demokratie. Und dabei sei es egal, wer am Ende gew\u00e4hlt wird \u2026 Ich mag dem nur bedingt zustimmen\u2026<\/p>\n<p><strong><em>Aber freie Wahlen repr\u00e4sentieren den Willen der B\u00fcrgerinnen und B\u00fcrger. Sie sind der Souver\u00e4n \u2026<\/em><\/strong><\/p>\n<p>Ja, selbstverst\u00e4ndlich. Ergebnisse von freien, gleichen und geheimen Wahlen sind zu respektieren. Wenn man solche Ergebnisse vermeiden m\u00f6chte, sollte man eine Politik machen, dass solche Wahlergebnisse erst gar nicht zustande kommen. Aber mir f\u00e4llt es schwer zu begreifen, wie jemand einer rechtsradikalen, zum Teil faschistischen Partei wie der AfD seine Stimme gibt, die Gesetze und Instrumente unseren Rechtsstaat aggressiv dazu benutzt -\u2013 ihn zu besch\u00e4digen und zu verh\u00f6hnen. Wer einen Anti-Demokrat wie H\u00f6cke w\u00e4hlt, ist f\u00fcr mich ein Demokratie-Ver\u00e4chter.<\/p>\n<p><strong><em>Demokratie-Kritik ist keine Demokratie-Verachtung, sondern deren essentieller Bestandteil. Wo verl\u00e4uft die Grenze? Ist jede Stimme f\u00fcr radikale Parteien schon ein Angriff auf unsere parlamentarische Demokratie?<\/em><\/strong><\/p>\n<p>Nein, in einem Rechtsstaat kl\u00e4ren das Gerichte \u2013 und gegen deren Urteile kann man Rechtsmittel einlegen. Doch un\u00fcbersehbar ist, dass die radikalisierte Peripherie der Gesellschaft auch von Menschen der b\u00fcrgerlichen Mitte besiedelt wird. Populismus und Demokratie-Verachtung greift nicht nur an den R\u00e4ndern, sondern zunehmend auch auf dem Golfplatz. Wir m\u00fcssen da aufpassen, was den demokratischen Himmel verdunkelt: Gesellschaften k\u00f6nnen Zivilit\u00e4t lernen \u2013 und verlernen. Es gibt einen Prozess der Ent-Demokratisierung, der nur schwer reversibel ist. Das sollte uns bewusst sein \u2026<\/p>\n<p><strong><em>Aber notwendig sind Kritik und Gegenrede \u2013 auch laute, radikale und \u00bbsystem-ablehnende\u00ab \u2026<\/em><\/strong><\/p>\n<p>Unbedingt. Eine Demokratie lebt von Auseinandersetzung, Disput und Gegenrede. Das ist der Sauerstoff f\u00fcr die Demokratie. Es geht aber auch darum, unsere offene Gesellschaft gegen ihre falschen Freunde und richtigen Feinde zu verteidigen. Gleich ob von rechts oder links. Gegen politischen Fanatismus und religi\u00f6sen Wahn. Mein Buch versteht sich als ein Pl\u00e4doyer zur Verteidigung der offenen Gesellschaft, aber auch als Ermunterung zum produktiven Streit.<\/p>\n<hr \/>\n<p><strong><em>Buch-Hinweis:<\/em><\/strong><\/p>\n<p>Helmut Ortner\u00a0<strong>Heimatkunde &#8211; Falsche Wahrheiten, richtige L\u00fcgen<\/strong> &#8211; Politische Essays<br \/>\n<a href=\"https:\/\/editionfaust.de\/\" target=\"_blank\" rel=\"noopener\">Edition Faust<\/a>, 208 Seiten, 22 Euro<\/p>\n<blockquote><p><em>\u00bbUnser demokratisches Gemeinwesen lebt von Teilnahme und Teilhabe, von Verpflichtung und Verantwortung. \u00bbVom ICH zum Wir\u00ab -das ist die Formel, die sich eine demokratische Gesellschaft im besten Falle selbst auferlegt.\u00ab<\/em><\/p>\n<p><em>\u00bbWie jemand einer rechtsradikalen, zum Teil faschistischen Partei wie der AFD seine Stimme geben kann, die unseren Rechtsstaat dazu nutzt, um ihn zu besch\u00e4digen und zu verh\u00f6hnen \u2013 ist mir schwer verst\u00e4ndlich. Wer eine Figur wir H\u00f6cke w\u00e4hlt, ist f\u00fcr mich ein Demokratie-Ver\u00e4chter. \u00ab<\/em><\/p><\/blockquote>\n<p><img loading=\"lazy\" decoding=\"async\" class=\"aligncenter wp-image-2543300\" src=\"https:\/\/www.pressenza.com\/wp-content\/uploads\/2024\/08\/heimatkunde-2-fuer-Prolog-820x495.jpg\" alt=\"\" width=\"822\" height=\"496\" srcset=\"https:\/\/www.pressenza.com\/wp-content\/uploads\/2024\/08\/heimatkunde-2-fuer-Prolog-820x495.jpg 820w, https:\/\/www.pressenza.com\/wp-content\/uploads\/2024\/08\/heimatkunde-2-fuer-Prolog-300x181.jpg 300w, https:\/\/www.pressenza.com\/wp-content\/uploads\/2024\/08\/heimatkunde-2-fuer-Prolog.jpg 1880w\" sizes=\"auto, (max-width: 822px) 100vw, 822px\" \/><\/p>\n","protected":false},"excerpt":{"rendered":"<p>Der Verlust von Zukunftsglauben ist ein Problem f\u00fcr die Demokratie. Sie lebt auch von der Hoffnung, dass Dinge besser werden. Daran aber glauben immer weniger. Kein guter Zustand, sagt unser Autor, denn wo Vertrauen in die Politik schwindet, grassiert Demokratie-Verachtung.&hellip;<\/p>\n","protected":false},"author":1095,"featured_media":2552500,"comment_status":"closed","ping_status":"closed","sticky":false,"template":"","format":"standard","meta":{"footnotes":""},"categories":[9150,9142,9156,11387,9168],"tags":[30368,9821,127488,127490,91608,50676,127489,24320,127487,127486],"class_list":["post-2552498","post","type-post","status-publish","format-standard","has-post-thumbnail","hentry","category-europa-de","category-interviews-de","category-kultur-und-medien","category-originalinhalt","category-politik","tag-afd","tag-demokratie","tag-demokratie-verachtung","tag-heimatkunde","tag-helmut-ortner","tag-offene-gesellschaft","tag-politische-radikalisierung","tag-rechtspopulismus","tag-vertrauen-in-politik","tag-zukunftsglaube"],"yoast_head":"<!-- This site is optimized with the Yoast SEO plugin v27.1.1 - https:\/\/yoast.com\/product\/yoast-seo-wordpress\/ -->\n<title>\u00bbDemokratie ist eine fragile Konstruktion\u2026\u00ab<\/title>\n<meta name=\"description\" content=\"Der Verlust von Zukunftsglauben ist ein Problem f\u00fcr die Demokratie. Sie lebt auch von der Hoffnung, dass Dinge besser werden. Daran aber glauben immer\" \/>\n<meta name=\"robots\" content=\"index, follow, max-snippet:-1, max-image-preview:large, max-video-preview:-1\" \/>\n<link rel=\"canonical\" href=\"https:\/\/www.pressenza.com\/de\/2024\/10\/demokratie-ist-eine-fragile-konstruktion\/\" \/>\n<meta property=\"og:locale\" content=\"de_DE\" \/>\n<meta property=\"og:type\" content=\"article\" \/>\n<meta property=\"og:title\" content=\"\u00bbDemokratie ist eine fragile Konstruktion\u2026\u00ab\" \/>\n<meta property=\"og:description\" content=\"Der Verlust von Zukunftsglauben ist ein Problem f\u00fcr die Demokratie. Sie lebt auch von der Hoffnung, dass Dinge besser werden. Daran aber glauben immer\" \/>\n<meta property=\"og:url\" content=\"https:\/\/www.pressenza.com\/de\/2024\/10\/demokratie-ist-eine-fragile-konstruktion\/\" \/>\n<meta property=\"og:site_name\" content=\"Pressenza\" \/>\n<meta property=\"article:publisher\" content=\"https:\/\/www.facebook.com\/PressenzaItalia\" \/>\n<meta property=\"article:author\" content=\"https:\/\/www.facebook.com\/Pressenza-Deutschland-sterreich-Schweiz-281675388658060\/timeline\/\" \/>\n<meta property=\"article:published_time\" content=\"2024-10-05T08:13:32+00:00\" \/>\n<meta property=\"article:modified_time\" content=\"2024-10-05T15:17:45+00:00\" \/>\n<meta property=\"og:image\" content=\"https:\/\/www.pressenza.com\/wp-content\/uploads\/2024\/10\/Helmut-Ortner.jpg\" \/>\n\t<meta property=\"og:image:width\" content=\"820\" \/>\n\t<meta property=\"og:image:height\" content=\"615\" \/>\n\t<meta property=\"og:image:type\" content=\"image\/jpeg\" \/>\n<meta name=\"author\" content=\"Pressenza Berlin\" \/>\n<meta name=\"twitter:card\" content=\"summary_large_image\" \/>\n<meta name=\"twitter:creator\" content=\"@pressenza_ger\" \/>\n<meta name=\"twitter:site\" content=\"@PressenzaIPA\" \/>\n<meta name=\"twitter:label1\" content=\"Verfasst von\" \/>\n\t<meta name=\"twitter:data1\" content=\"Pressenza Berlin\" \/>\n\t<meta name=\"twitter:label2\" content=\"Gesch\u00e4tzte Lesezeit\" \/>\n\t<meta name=\"twitter:data2\" content=\"5\u00a0Minuten\" \/>\n<script type=\"application\/ld+json\" class=\"yoast-schema-graph\">{\"@context\":\"https:\/\/schema.org\",\"@graph\":[{\"@type\":\"Article\",\"@id\":\"https:\/\/www.pressenza.com\/de\/2024\/10\/demokratie-ist-eine-fragile-konstruktion\/#article\",\"isPartOf\":{\"@id\":\"https:\/\/www.pressenza.com\/de\/2024\/10\/demokratie-ist-eine-fragile-konstruktion\/\"},\"author\":{\"name\":\"Pressenza Berlin\",\"@id\":\"https:\/\/www.pressenza.com\/de\/#\/schema\/person\/57bb5480943a496a7722b0248e4b658a\"},\"headline\":\"\u00bbDemokratie ist eine fragile Konstruktion\u2026\u00ab\",\"datePublished\":\"2024-10-05T08:13:32+00:00\",\"dateModified\":\"2024-10-05T15:17:45+00:00\",\"mainEntityOfPage\":{\"@id\":\"https:\/\/www.pressenza.com\/de\/2024\/10\/demokratie-ist-eine-fragile-konstruktion\/\"},\"wordCount\":815,\"publisher\":{\"@id\":\"https:\/\/www.pressenza.com\/de\/#organization\"},\"image\":{\"@id\":\"https:\/\/www.pressenza.com\/de\/2024\/10\/demokratie-ist-eine-fragile-konstruktion\/#primaryimage\"},\"thumbnailUrl\":\"https:\/\/www.pressenza.com\/wp-content\/uploads\/2024\/10\/Helmut-Ortner.jpg\",\"keywords\":[\"AfD\",\"Demokratie\",\"Demokratie-Verachtung\",\"Heimatkunde\",\"Helmut Ortner\",\"offene Gesellschaft\",\"politische Radikalisierung\",\"Rechtspopulismus\",\"Vertrauen in Politik\",\"Zukunftsglaube\"],\"articleSection\":[\"Europa\",\"Interviews\",\"Kultur und Medien\",\"Originalinhalt\",\"Politik\"],\"inLanguage\":\"de\"},{\"@type\":\"WebPage\",\"@id\":\"https:\/\/www.pressenza.com\/de\/2024\/10\/demokratie-ist-eine-fragile-konstruktion\/\",\"url\":\"https:\/\/www.pressenza.com\/de\/2024\/10\/demokratie-ist-eine-fragile-konstruktion\/\",\"name\":\"\u00bbDemokratie ist eine fragile Konstruktion\u2026\u00ab\",\"isPartOf\":{\"@id\":\"https:\/\/www.pressenza.com\/de\/#website\"},\"primaryImageOfPage\":{\"@id\":\"https:\/\/www.pressenza.com\/de\/2024\/10\/demokratie-ist-eine-fragile-konstruktion\/#primaryimage\"},\"image\":{\"@id\":\"https:\/\/www.pressenza.com\/de\/2024\/10\/demokratie-ist-eine-fragile-konstruktion\/#primaryimage\"},\"thumbnailUrl\":\"https:\/\/www.pressenza.com\/wp-content\/uploads\/2024\/10\/Helmut-Ortner.jpg\",\"datePublished\":\"2024-10-05T08:13:32+00:00\",\"dateModified\":\"2024-10-05T15:17:45+00:00\",\"description\":\"Der Verlust von Zukunftsglauben ist ein Problem f\u00fcr die Demokratie. Sie lebt auch von der Hoffnung, dass Dinge besser werden. Daran aber glauben immer\",\"breadcrumb\":{\"@id\":\"https:\/\/www.pressenza.com\/de\/2024\/10\/demokratie-ist-eine-fragile-konstruktion\/#breadcrumb\"},\"inLanguage\":\"de\",\"potentialAction\":[{\"@type\":\"ReadAction\",\"target\":[\"https:\/\/www.pressenza.com\/de\/2024\/10\/demokratie-ist-eine-fragile-konstruktion\/\"]}]},{\"@type\":\"ImageObject\",\"inLanguage\":\"de\",\"@id\":\"https:\/\/www.pressenza.com\/de\/2024\/10\/demokratie-ist-eine-fragile-konstruktion\/#primaryimage\",\"url\":\"https:\/\/www.pressenza.com\/wp-content\/uploads\/2024\/10\/Helmut-Ortner.jpg\",\"contentUrl\":\"https:\/\/www.pressenza.com\/wp-content\/uploads\/2024\/10\/Helmut-Ortner.jpg\",\"width\":820,\"height\":615,\"caption\":\"\u00bbDemokratie ist eine fragile Konstruktion\u2026\u00ab\"},{\"@type\":\"BreadcrumbList\",\"@id\":\"https:\/\/www.pressenza.com\/de\/2024\/10\/demokratie-ist-eine-fragile-konstruktion\/#breadcrumb\",\"itemListElement\":[{\"@type\":\"ListItem\",\"position\":1,\"name\":\"Accueil\",\"item\":\"https:\/\/www.pressenza.com\/de\/\"},{\"@type\":\"ListItem\",\"position\":2,\"name\":\"\u00bbDemokratie ist eine fragile Konstruktion\u2026\u00ab\"}]},{\"@type\":\"WebSite\",\"@id\":\"https:\/\/www.pressenza.com\/de\/#website\",\"url\":\"https:\/\/www.pressenza.com\/de\/\",\"name\":\"Pressenza\",\"description\":\"International Press Agency\",\"publisher\":{\"@id\":\"https:\/\/www.pressenza.com\/de\/#organization\"},\"potentialAction\":[{\"@type\":\"SearchAction\",\"target\":{\"@type\":\"EntryPoint\",\"urlTemplate\":\"https:\/\/www.pressenza.com\/de\/?s={search_term_string}\"},\"query-input\":{\"@type\":\"PropertyValueSpecification\",\"valueRequired\":true,\"valueName\":\"search_term_string\"}}],\"inLanguage\":\"de\"},{\"@type\":\"Organization\",\"@id\":\"https:\/\/www.pressenza.com\/de\/#organization\",\"name\":\"Pressenza\",\"url\":\"https:\/\/www.pressenza.com\/de\/\",\"logo\":{\"@type\":\"ImageObject\",\"inLanguage\":\"de\",\"@id\":\"https:\/\/www.pressenza.com\/de\/#\/schema\/logo\/image\/\",\"url\":\"https:\/\/www.pressenza.com\/wp-content\/uploads\/2022\/10\/pressenza_logo_200x200.jpg\",\"contentUrl\":\"https:\/\/www.pressenza.com\/wp-content\/uploads\/2022\/10\/pressenza_logo_200x200.jpg\",\"width\":200,\"height\":200,\"caption\":\"Pressenza\"},\"image\":{\"@id\":\"https:\/\/www.pressenza.com\/de\/#\/schema\/logo\/image\/\"},\"sameAs\":[\"https:\/\/www.facebook.com\/PressenzaItalia\",\"https:\/\/x.com\/PressenzaIPA\"]},{\"@type\":\"Person\",\"@id\":\"https:\/\/www.pressenza.com\/de\/#\/schema\/person\/57bb5480943a496a7722b0248e4b658a\",\"name\":\"Pressenza Berlin\",\"description\":\"News from the Pressenza Bureau in Berlin, Germany\",\"sameAs\":[\"https:\/\/www.facebook.com\/Pressenza-Deutschland-sterreich-Schweiz-281675388658060\/timeline\/\",\"https:\/\/x.com\/pressenza_ger\"],\"url\":\"https:\/\/www.pressenza.com\/de\/author\/pressenza-berlin\/\"}]}<\/script>\n<!-- \/ Yoast SEO plugin. -->","yoast_head_json":{"title":"\u00bbDemokratie ist eine fragile Konstruktion\u2026\u00ab","description":"Der Verlust von Zukunftsglauben ist ein Problem f\u00fcr die Demokratie. Sie lebt auch von der Hoffnung, dass Dinge besser werden. Daran aber glauben immer","robots":{"index":"index","follow":"follow","max-snippet":"max-snippet:-1","max-image-preview":"max-image-preview:large","max-video-preview":"max-video-preview:-1"},"canonical":"https:\/\/www.pressenza.com\/de\/2024\/10\/demokratie-ist-eine-fragile-konstruktion\/","og_locale":"de_DE","og_type":"article","og_title":"\u00bbDemokratie ist eine fragile Konstruktion\u2026\u00ab","og_description":"Der Verlust von Zukunftsglauben ist ein Problem f\u00fcr die Demokratie. Sie lebt auch von der Hoffnung, dass Dinge besser werden. Daran aber glauben immer","og_url":"https:\/\/www.pressenza.com\/de\/2024\/10\/demokratie-ist-eine-fragile-konstruktion\/","og_site_name":"Pressenza","article_publisher":"https:\/\/www.facebook.com\/PressenzaItalia","article_author":"https:\/\/www.facebook.com\/Pressenza-Deutschland-sterreich-Schweiz-281675388658060\/timeline\/","article_published_time":"2024-10-05T08:13:32+00:00","article_modified_time":"2024-10-05T15:17:45+00:00","og_image":[{"width":820,"height":615,"url":"https:\/\/www.pressenza.com\/wp-content\/uploads\/2024\/10\/Helmut-Ortner.jpg","type":"image\/jpeg"}],"author":"Pressenza Berlin","twitter_card":"summary_large_image","twitter_creator":"@pressenza_ger","twitter_site":"@PressenzaIPA","twitter_misc":{"Verfasst von":"Pressenza Berlin","Gesch\u00e4tzte Lesezeit":"5\u00a0Minuten"},"schema":{"@context":"https:\/\/schema.org","@graph":[{"@type":"Article","@id":"https:\/\/www.pressenza.com\/de\/2024\/10\/demokratie-ist-eine-fragile-konstruktion\/#article","isPartOf":{"@id":"https:\/\/www.pressenza.com\/de\/2024\/10\/demokratie-ist-eine-fragile-konstruktion\/"},"author":{"name":"Pressenza Berlin","@id":"https:\/\/www.pressenza.com\/de\/#\/schema\/person\/57bb5480943a496a7722b0248e4b658a"},"headline":"\u00bbDemokratie ist eine fragile Konstruktion\u2026\u00ab","datePublished":"2024-10-05T08:13:32+00:00","dateModified":"2024-10-05T15:17:45+00:00","mainEntityOfPage":{"@id":"https:\/\/www.pressenza.com\/de\/2024\/10\/demokratie-ist-eine-fragile-konstruktion\/"},"wordCount":815,"publisher":{"@id":"https:\/\/www.pressenza.com\/de\/#organization"},"image":{"@id":"https:\/\/www.pressenza.com\/de\/2024\/10\/demokratie-ist-eine-fragile-konstruktion\/#primaryimage"},"thumbnailUrl":"https:\/\/www.pressenza.com\/wp-content\/uploads\/2024\/10\/Helmut-Ortner.jpg","keywords":["AfD","Demokratie","Demokratie-Verachtung","Heimatkunde","Helmut Ortner","offene Gesellschaft","politische Radikalisierung","Rechtspopulismus","Vertrauen in Politik","Zukunftsglaube"],"articleSection":["Europa","Interviews","Kultur und Medien","Originalinhalt","Politik"],"inLanguage":"de"},{"@type":"WebPage","@id":"https:\/\/www.pressenza.com\/de\/2024\/10\/demokratie-ist-eine-fragile-konstruktion\/","url":"https:\/\/www.pressenza.com\/de\/2024\/10\/demokratie-ist-eine-fragile-konstruktion\/","name":"\u00bbDemokratie ist eine fragile Konstruktion\u2026\u00ab","isPartOf":{"@id":"https:\/\/www.pressenza.com\/de\/#website"},"primaryImageOfPage":{"@id":"https:\/\/www.pressenza.com\/de\/2024\/10\/demokratie-ist-eine-fragile-konstruktion\/#primaryimage"},"image":{"@id":"https:\/\/www.pressenza.com\/de\/2024\/10\/demokratie-ist-eine-fragile-konstruktion\/#primaryimage"},"thumbnailUrl":"https:\/\/www.pressenza.com\/wp-content\/uploads\/2024\/10\/Helmut-Ortner.jpg","datePublished":"2024-10-05T08:13:32+00:00","dateModified":"2024-10-05T15:17:45+00:00","description":"Der Verlust von Zukunftsglauben ist ein Problem f\u00fcr die Demokratie. Sie lebt auch von der Hoffnung, dass Dinge besser werden. Daran aber glauben immer","breadcrumb":{"@id":"https:\/\/www.pressenza.com\/de\/2024\/10\/demokratie-ist-eine-fragile-konstruktion\/#breadcrumb"},"inLanguage":"de","potentialAction":[{"@type":"ReadAction","target":["https:\/\/www.pressenza.com\/de\/2024\/10\/demokratie-ist-eine-fragile-konstruktion\/"]}]},{"@type":"ImageObject","inLanguage":"de","@id":"https:\/\/www.pressenza.com\/de\/2024\/10\/demokratie-ist-eine-fragile-konstruktion\/#primaryimage","url":"https:\/\/www.pressenza.com\/wp-content\/uploads\/2024\/10\/Helmut-Ortner.jpg","contentUrl":"https:\/\/www.pressenza.com\/wp-content\/uploads\/2024\/10\/Helmut-Ortner.jpg","width":820,"height":615,"caption":"\u00bbDemokratie ist eine fragile Konstruktion\u2026\u00ab"},{"@type":"BreadcrumbList","@id":"https:\/\/www.pressenza.com\/de\/2024\/10\/demokratie-ist-eine-fragile-konstruktion\/#breadcrumb","itemListElement":[{"@type":"ListItem","position":1,"name":"Accueil","item":"https:\/\/www.pressenza.com\/de\/"},{"@type":"ListItem","position":2,"name":"\u00bbDemokratie ist eine fragile Konstruktion\u2026\u00ab"}]},{"@type":"WebSite","@id":"https:\/\/www.pressenza.com\/de\/#website","url":"https:\/\/www.pressenza.com\/de\/","name":"Pressenza","description":"International Press Agency","publisher":{"@id":"https:\/\/www.pressenza.com\/de\/#organization"},"potentialAction":[{"@type":"SearchAction","target":{"@type":"EntryPoint","urlTemplate":"https:\/\/www.pressenza.com\/de\/?s={search_term_string}"},"query-input":{"@type":"PropertyValueSpecification","valueRequired":true,"valueName":"search_term_string"}}],"inLanguage":"de"},{"@type":"Organization","@id":"https:\/\/www.pressenza.com\/de\/#organization","name":"Pressenza","url":"https:\/\/www.pressenza.com\/de\/","logo":{"@type":"ImageObject","inLanguage":"de","@id":"https:\/\/www.pressenza.com\/de\/#\/schema\/logo\/image\/","url":"https:\/\/www.pressenza.com\/wp-content\/uploads\/2022\/10\/pressenza_logo_200x200.jpg","contentUrl":"https:\/\/www.pressenza.com\/wp-content\/uploads\/2022\/10\/pressenza_logo_200x200.jpg","width":200,"height":200,"caption":"Pressenza"},"image":{"@id":"https:\/\/www.pressenza.com\/de\/#\/schema\/logo\/image\/"},"sameAs":["https:\/\/www.facebook.com\/PressenzaItalia","https:\/\/x.com\/PressenzaIPA"]},{"@type":"Person","@id":"https:\/\/www.pressenza.com\/de\/#\/schema\/person\/57bb5480943a496a7722b0248e4b658a","name":"Pressenza Berlin","description":"News from the Pressenza Bureau in Berlin, Germany","sameAs":["https:\/\/www.facebook.com\/Pressenza-Deutschland-sterreich-Schweiz-281675388658060\/timeline\/","https:\/\/x.com\/pressenza_ger"],"url":"https:\/\/www.pressenza.com\/de\/author\/pressenza-berlin\/"}]}},"place":"Bert Bosch-Rossacher","original_article_url":"","_links":{"self":[{"href":"https:\/\/www.pressenza.com\/de\/wp-json\/wp\/v2\/posts\/2552498","targetHints":{"allow":["GET"]}}],"collection":[{"href":"https:\/\/www.pressenza.com\/de\/wp-json\/wp\/v2\/posts"}],"about":[{"href":"https:\/\/www.pressenza.com\/de\/wp-json\/wp\/v2\/types\/post"}],"author":[{"embeddable":true,"href":"https:\/\/www.pressenza.com\/de\/wp-json\/wp\/v2\/users\/1095"}],"replies":[{"embeddable":true,"href":"https:\/\/www.pressenza.com\/de\/wp-json\/wp\/v2\/comments?post=2552498"}],"version-history":[{"count":0,"href":"https:\/\/www.pressenza.com\/de\/wp-json\/wp\/v2\/posts\/2552498\/revisions"}],"wp:featuredmedia":[{"embeddable":true,"href":"https:\/\/www.pressenza.com\/de\/wp-json\/wp\/v2\/media\/2552500"}],"wp:attachment":[{"href":"https:\/\/www.pressenza.com\/de\/wp-json\/wp\/v2\/media?parent=2552498"}],"wp:term":[{"taxonomy":"category","embeddable":true,"href":"https:\/\/www.pressenza.com\/de\/wp-json\/wp\/v2\/categories?post=2552498"},{"taxonomy":"post_tag","embeddable":true,"href":"https:\/\/www.pressenza.com\/de\/wp-json\/wp\/v2\/tags?post=2552498"}],"curies":[{"name":"wp","href":"https:\/\/api.w.org\/{rel}","templated":true}]}}