{"id":2548474,"date":"2024-09-19T13:27:50","date_gmt":"2024-09-19T12:27:50","guid":{"rendered":"https:\/\/www.pressenza.com\/?p=2548474"},"modified":"2024-09-19T13:27:50","modified_gmt":"2024-09-19T12:27:50","slug":"unsichtbare-wesen-zur-aktuellen-situation-von-frauen-in-afghanistan","status":"publish","type":"post","link":"https:\/\/www.pressenza.com\/de\/2024\/09\/unsichtbare-wesen-zur-aktuellen-situation-von-frauen-in-afghanistan\/","title":{"rendered":"Unsichtbare Wesen \u2013 zur aktuellen Situation von Frauen in Afghanistan"},"content":{"rendered":"<div>\n<p><strong>Das Taliban-Regime zielt mit neuen afghanischen Laster- und Tugendgesetzen auf die v\u00f6llige Unsichtbarmachung der Frau. Selbst die Stimme der Frau wird als intim bezeichnet und darf in der \u00d6ffentlichkeit nicht mehr geh\u00f6rt werden \u2013 nicht singend, nicht reimend, nicht rezitierend. Das zeigt: Frauen aus Afghanistan brauchen Fl\u00fcchtlingsschutz.<\/strong><\/p>\n<p>Das 114-seitige Dokument mit 35 Artikeln, das der <a href=\"https:\/\/apnews.com\/article\/afghanistan-taliban-vice-virtue-laws-women-9626c24d8d5450d52d36356ebff20c83\">Associated Press<\/a> vorliegt, ist das erste Laster- und Tugendgesetzespaket der Taliban, die seit Mitte 2021 in Afghanistan die Macht innehaben. Bisher haben die Taliban ihre Vorschriften f\u00fcr Frauen per Dekrete erlassen \u2013 mittlerweile \u00fcber 80 an der\u00a0Zahl.<\/p>\n<\/div>\n<p>Mit dem nun neuen Gesetz erh\u00e4lt die Sittenpolizei des zust\u00e4ndigen \u00bbMinisteriums f\u00fcr Gebet und Orientierung sowie zur F\u00f6rderung der Tugend und zur Verhinderung von Lastern\u00ab mehr Macht. Sie darf das pers\u00f6nliche Verhalten der Bev\u00f6lkerung \u00fcber Verwarnungen bis hin zu Untersuchungshaft regulieren. Das Gesetz wurde am 21.08.2024 vom Obersten F\u00fchrer Hibatullah Achundsada in <a href=\"https:\/\/rta.af\/fa\/article4817\/#:~:text=%D9%82%D8%A7%D9%86%D9%88%D9%86%20%D8%A7%D9%85%D8%B1%20%D8%A8%D8%A7%D9%84%D9%85%D8%B9%D8%B1%D9%88%D9%81%20%D9%88%20%D9%86%D9%87%DB%8C%20%D8%B9%D9%86%20%D8%A7%D9%84%D9%85%D9%86%DA%A9%D8%B1%20%D8%B4%D8%A7%D9%85%D9%84,%D9%88%D8%B2%D8%A7%D8%B1%D8%AA%20%D8%A7%D9%85%D8%B1%D8%A8%D8%A7%D9%84%D9%85%D8%B9%D8%B1%D9%88%D9%81%D8%8C%20%D9%86%D9%87%DB%8C%20%D8%B9%D9%86%E2%80%8C%D8%A7%D9%84%D9%85%D9%86%DA%A9%D8%B1%20%D9%88%20%D8%B3%D9%85%D8%B9%20%D8%B4%DA%A9%D8%A7%DB%8C%D8%A7%D8%AA%20%D9%85%DB%8C%E2%80%8C%D8%A8%D8%A7%D8%B4%D8%AF.\">Kraft gesetzt<\/a>. Maulvi Abdul Ghafar Farooq, Sprecher des Ministeriums, <a href=\"https:\/\/apnews.com\/article\/afghanistan-taliban-vice-virtue-laws-women-9626c24d8d5450d52d36356ebff20c83\">kommentierte<\/a>: \u00bbInshallah [so Gott will] versichern wir Ihnen, dass dieses islamische Gesetz eine gro\u00dfe Hilfe bei der F\u00f6rderung der Tugend und der Beseitigung des Lasters sein\u00a0wird\u00ab.<\/p>\n<div>\n<p><strong>Gesetz zielt vor allem auf Frauen<\/strong><\/p>\n<p>In Artikel 13 hei\u00dft es, dass eine Frau ihren K\u00f6rper in der \u00d6ffentlichkeit jederzeit bedecken muss und dass eine Gesichtsbedeckung unerl\u00e4sslich ist, um andere nicht zu \u00bbverf\u00fchren\u00ab. Die Kleidung darf nicht d\u00fcnn, eng oder kurz sein. Es hei\u00dft konkret: \u00bbMuslimische Frauen sind verpflichtet, ihren K\u00f6rper und ihr Gesicht vor Nicht-Mahram-M\u00e4nnern zu verbergen\u00ab, und: \u00bbMuslimische Frauen sind verpflichtet, ihren K\u00f6rper vor ungl\u00e4ubigen Frauen zu verbergen\u00ab.<\/p>\n<blockquote>\n<div><strong>Die Taliban wollen Frauen aus dem \u00f6ffentlichen Leben ausschlie\u00dfen. Au\u00dferdem ist es ihnen verboten, M\u00e4nner anzusehen, mit denen sie nicht blutsverwandt oder verheiratet sind, und umgekehrt.<\/strong><\/div>\n<\/blockquote>\n<\/div>\n<div>\n<div class=\"wpb_wrapper\">\n<p>Selbst die Stimme der Frau wird als intim bezeichnet und darf in der \u00d6ffentlichkeit nicht l\u00e4nger zu h\u00f6ren sein \u2013 konkret verboten ist ihnen lautes Singen, Reimen und Rezitieren. Au\u00dferdem ist es ihnen verboten, M\u00e4nner anzusehen, mit denen sie nicht blutsverwandt oder verheiratet sind, und umgekehrt. Die Taliban wollen Frauen aus dem \u00f6ffentlichen Leben ausschlie\u00dfen. Sie werden zu \u00bbunsichtbaren Wesen\u00ab gemacht.<\/p>\n<\/div>\n<\/div>\n<div>\n<div>\n<div class=\"wpb_text_column wpb_content_element \">\n<div class=\"wpb_wrapper\">\n<p><strong>Gesetz unterdr\u00fcckt auch den Rest der Bev\u00f6lkerung<\/strong><\/p>\n<p>Das Gesetzespaket betrifft vor allem Frauen, aber auch viele Aspekte des t\u00e4glichen Lebens der ganzen Bev\u00f6lkerung, wie \u00f6ffentliche Gebets-Regeln, M\u00e4nner-Kleidung, Bartl\u00e4nge, Verkehrsmittel, Musik und das Feiern.<\/p>\n<p>So verbietet das Gesetz zum Beispiel die Ver\u00f6ffentlichung und das Ansehen von Bildern von Menschen und Tieren, was die ohnehin fragile afghanische Medienlandschaft bedroht. Auch das Abspielen von Musik wird verboten. Die Bef\u00f6rderung allein reisender Frauen wird verboten und Fahrer und Fahrg\u00e4ste werden verpflichtet, zu bestimmten Zeiten Gebete zu verrichten. M\u00e4nnern und Frauen, die nicht miteinander verwandt sind, wird es grunds\u00e4tzlich verboten sich einander zu n\u00e4hern. Homosexuelle Beziehungen, Ehebruch und Gl\u00fccksspiele werden ebenfalls in dem Gesetz (erneut) verboten.<\/p>\n<div>\n<div class=\"wpb_text_column wpb_content_element \">\n<div class=\"wpb_wrapper\">\n<p><strong>Internationale Kritik reicht nicht\u00a0aus<\/strong><\/p>\n<p>Der Europarat hat in einer sogenannten <a href=\"https:\/\/www.consilium.europa.eu\/en\/press\/press-releases\/2024\/08\/26\/afghanistan-statement-of-the-high-representative-on-behalf-of-the-eu-on-latest-restrictions-imposed-by-the-taliban-on-the-people\/?utm_source=brevo&amp;utm_campaign=AUTOMATED%20-%20Alert%20-%20Newsletter&amp;utm_medium=email&amp;utm_id=320\">Br\u00fcsseler Erkl\u00e4rung<\/a> das Gesetz kritisiert, da es afghanischen Frauen faktisch ihr Grundrecht auf freie Meinungs\u00e4u\u00dferung raubt. Auch der UN-Hochkommissar f\u00fcr\u00a0Menschenrechte, Volker T\u00fcrk <a href=\"https:\/\/www.upday.com\/de\/taliban-gesetz-werden-frauen-nun-zu-gesichtslosen-schatten\">kritisiert scharf<\/a>, dass es Frauen zu gesichts- und stimmenlosen Schatten degradiere, was \u00bbv\u00f6llig inakzeptabel\u00ab und deshalb das Gesetz zur\u00fcckzunehmen\u00a0sei.<\/p>\n<\/div>\n<\/div>\n<article class=\"asvce-element asvce-ausblocker fullwidth fullwidth--inline\">\n<blockquote>\n<p class=\"asvce-ausblocker__content\" style=\"text-align: center;\"><strong>Das Fatale: W\u00e4hrend sich die internationale Gemeinschaft mit Erkl\u00e4rungen zu Wort meldet, laufen in der Praxis Vorbereitungen, mit den Taliban zusammenzuarbeiten.<\/strong><\/p>\n<\/blockquote>\n<div>\n<div class=\"wpb_text_column wpb_content_element \">\n<div class=\"wpb_wrapper\">\n<p>Auch die Unterst\u00fctzungsmission der Vereinten Nationen in Afghanistan (UNAMA) und mehrere Au\u00dfenminister*innen, darunter Annalena Baerbock, \u00e4u\u00dferten sich kritisch \u00fcber die Lage der Menschenrechte, insbesondere der Frauenrechte in Afghanistan.<\/p>\n<p>Das Fatale: W\u00e4hrend sich die internationale Gemeinschaft mit Erkl\u00e4rungen zu Wort meldet, laufen in der Praxis Vorbereitungen, mit den Taliban zusammenzuarbeiten. Nach jedem neuen Dekrete-Paket gegen Frauenrechte gibt es aus der ganzen Welt Erkl\u00e4rungen \u2013 denen jedoch keine Taten folgen! Dasselbe geschieht nun mit dem Tugendgesetz.<\/p>\n<\/div>\n<\/div>\n<div class=\"wpb_text_column wpb_content_element \">\n<div class=\"wpb_wrapper\">\n<p>Gleichzeitig sind es gerade die internationalen Institutionen, die Frauen von wichtigen Treffen ausschlie\u00dfen. Sie tragen die Verantwortung f\u00fcr die Machtergreifung der Taliban, sie kooperieren gerade mit denen, die Afghanistan auf Kosten der Frauen regieren und versuchen, die Frauen zu entmenschlichen. Einige europ\u00e4ische L\u00e4nder versuchen derzeit mit den Taliban zu verhandeln. Norwegen hat die afghanische Botschaft der vorherigen afghanischen Republik vor wenigen Tagen geschlossen. Ebenso bereitet Deutschland <a href=\"https:\/\/www.afintl.com\/202409054880\">afghanischen Quellen<\/a> zufolge derzeit die Schlie\u00dfung der afghanischen Botschaft im eigenen Land vor. Das sind fatale Schritte in Richtung einer <a href=\"https:\/\/www.dw.com\/de\/wie-die-taliban-deutschland-unter-druck-setzen\/a-70136431\">Normalisierung des jetzigen Taliban-Regimes<\/a>, die zudem erhebliche Folgen f\u00fcr diejenigen haben werden, die vor der Taliban geflohen sind und nun gezwungen werden, sich f\u00fcr Dokumente an das verbrecherische Regime zu wenden.<\/p>\n<\/div>\n<div>\n<div class=\"wpb_text_column wpb_content_element \">\n<div class=\"wpb_wrapper\">\n<p><strong>Taten statt Lippenbekenntnisse<\/strong><\/p>\n<p>Den internationalen Erkl\u00e4rungen m\u00fcssen Taten folgen. Die EU sollte den Internationalen Strafgerichtshof dazu dr\u00e4ngen, die Taten der Taliban als Verbrechen gegen die Menschlichkeit zu untersuchen und dabei ein besonderes Augenmerk auf die geschlechtsspezifische Verfolgung zu legen. Die Situation der Frauen muss international als Geschlechterapartheid anerkannt werden, so dass die Taliban f\u00fcr ihre systematischen Verbrechen an afghanischen Frauen v\u00f6lkerrechtlich zur Verantwortung gezogen werden k\u00f6nnen.<\/p>\n<\/div>\n<\/div>\n<div class=\"wpb_text_column wpb_content_element \">\n<div class=\"wpb_wrapper\">\n<p>In Deutschland und anderen westlichen Staaten muss Afghan*innen dauerhaft Schutz gew\u00e4hrt werden. Afghanische Frauen m\u00fcssen aufgrund geschlechtsspezifischer Verfolgung durch die Taliban grunds\u00e4tzlich den Fl\u00fcchtlingsstatus erhalten, wie es die <a href=\"https:\/\/euaa.europa.eu\/news-events\/afghanistan-taliban-restrictions-women-and-girls-amount-persecution\">Europ\u00e4ische Asylagentur (EUAA) bereits im Januar 2023 gefordert<\/a> hat. Die Empfehlungen der EUAA sind zwar nicht bindend, stellen aber ein starkes Signal an die Mitgliedstaaten dar, ihre nationale Asylentscheidungspraxis anzupassen. Die schwedische Asylbeh\u00f6rde erkennt Frauen und M\u00e4dchen aus Afghanistan bereits seit Dezember 2022 die Fl\u00fcchtlingseigenschaft zu, D\u00e4nemark seit dem 30. Januar 2023, die Schweiz seit dem 10. Juli\u00a02023.<\/p>\n<blockquote>\n<div><strong>Obwohl die menschenrechtliche und humanit\u00e4re Katastrophe in Afghanistan bekannt ist, gibt es zunehmend mehr Ablehnungen von Asylantr\u00e4gen afghanischer Gefl\u00fcchteter.<\/strong><\/div>\n<\/blockquote>\n<\/div>\n<\/div>\n<div>\n<div>\n<div class=\"wpb_text_column wpb_content_element \">\n<div class=\"wpb_wrapper\">\n<p>Obwohl die menschenrechtliche und humanit\u00e4re Katastrophe in Afghanistan dem Bundesamt f\u00fcr Migration und Fl\u00fcchtlinge bekannt ist, gibt es zunehmend mehr Ablehnungen von Asylantr\u00e4gen afghanischer Gefl\u00fcchteter. Das BAMF sieht zum Beispiel auch bei vorheriger Arbeit f\u00fcr die ehemalige afghanische Regierung nicht unbedingt eine Gefahr f\u00fcr die Betroffenen, selbst wenn Kolleg*innen verschleppt oder get\u00f6tet wurden. F\u00fcr PRO ASYL ist klar: Abschiebungen nach Afghanistan sind <a href=\"https:\/\/www.proasyl.de\/material\/gerade-jetzt-rechtsstaat-staerken-voelkerrechtswidrige-abschiebungen-nach-afghanistan-und-syrien-sind-damit-unvereinbar\/\">menschenrechtswidrig<\/a>.<\/p>\n<\/div>\n<\/div>\n<div class=\"wpb_text_column wpb_content_element \">\n<div class=\"wpb_wrapper\">\n<p>Das Bundesaufnahmeprogramm f\u00fcr gef\u00e4hrdete Afghan*innen steht nur drei Jahre nach dem chaotischen Abzug der internationalen Streitkr\u00e4fte im Sommer 2021 nun vor dem Aus \u2013 trotz der nicht eingel\u00f6sten Schutzversprechen der Bundesregierung. Nach dem aktuellen<a href=\"https:\/\/www.bundesregierung.de\/resource\/blob\/975226\/2297612\/eafbaaebaa9de94ef246a1dc3e110cc1\/2025-07-05-informationen-zum-haushalt-2025-data.pdf?download=1\"> Haushaltsplan<\/a> der Regierung wird f\u00fcr n\u00e4chstes Jahr kaum noch Geld hierf\u00fcr eingeplant. Doch gerade jetzt ist dieser Schutz dringend n\u00f6tig \u2013 die neuen Tugendgesetze der Taliban zeigen einmal mehr, wie bedroht die Menschen in Afghanistan sind. F\u00fcr PRO ASYL und die Landesfl\u00fcchtlingsr\u00e4te steht diese katastrophale Entwicklung des Bundesaufnahmeprogramms auch im Zusammenhang mit den fl\u00fcchtlingsfeindlichen Debatten der letzten Monate. Sie fordern mit vielen weitere Organisationen in <a href=\"https:\/\/proasyl.gu-marketingsuite.com\/lt.php?x=3DZy~GDIVqPKDH8t-NE5gOFr2nIjudYkj-UwYqM2J3DM6KGuy0y.0.dz1Y2hiND2nu1AXHDDI3m\">einem gemeinsamen Statement<\/a><u> vom 15.08.24<\/u> den Erhalt und die tats\u00e4chliche Realisierung des Bundesaufnahmeprogramms und die Einhaltung der Schutzversprechen Deutschlands.<\/p>\n<p style=\"text-align: right;\"><em>(aa, fw)<\/em><\/p>\n<\/div>\n<\/div>\n<\/div>\n<\/div>\n<\/div>\n<\/div>\n<\/div>\n<\/article>\n<\/div>\n<\/div>\n<\/div>\n<\/div>\n<\/div>\n","protected":false},"excerpt":{"rendered":"<p>Das Taliban-Regime zielt mit neuen afghanischen Laster- und Tugendgesetzen auf die v\u00f6llige Unsichtbarmachung der Frau. Selbst die Stimme der Frau wird als intim bezeichnet und darf in der \u00d6ffentlichkeit nicht mehr geh\u00f6rt werden \u2013 nicht singend, nicht reimend, nicht rezitierend.&hellip;<\/p>\n","protected":false},"author":1411,"featured_media":2548477,"comment_status":"closed","ping_status":"closed","sticky":false,"template":"","format":"standard","meta":{"footnotes":""},"categories":[9148,54510,9161,9168],"tags":[10364,10412,9254,9934,20376,94529,76022],"class_list":["post-2548474","post","type-post","status-publish","format-standard","has-post-thumbnail","hentry","category-asien","category-gender-und-feminismen","category-menschenrechte","category-politik","tag-afghanistan-de","tag-asyl","tag-diskriminierung","tag-frauenrechte","tag-gleichberechtigung","tag-religionen","tag-taliban-de"],"yoast_head":"<!-- This site is optimized with the Yoast SEO plugin v27.1.1 - https:\/\/yoast.com\/product\/yoast-seo-wordpress\/ -->\n<title>Unsichtbare Wesen \u2013 zur aktuellen Situation von Frauen in Afghanistan<\/title>\n<meta name=\"description\" content=\"Das Taliban-Regime zielt mit neuen afghanischen Laster- und Tugendgesetzen auf die v\u00f6llige Unsichtbarmachung der Frau. Selbst die Stimme der Frau wird als\" \/>\n<meta name=\"robots\" content=\"index, follow, max-snippet:-1, max-image-preview:large, max-video-preview:-1\" \/>\n<link rel=\"canonical\" href=\"https:\/\/www.pressenza.com\/de\/2024\/09\/unsichtbare-wesen-zur-aktuellen-situation-von-frauen-in-afghanistan\/\" \/>\n<meta property=\"og:locale\" content=\"de_DE\" \/>\n<meta property=\"og:type\" content=\"article\" \/>\n<meta property=\"og:title\" content=\"Unsichtbare Wesen \u2013 zur aktuellen Situation von Frauen in Afghanistan\" \/>\n<meta property=\"og:description\" content=\"Das Taliban-Regime zielt mit neuen afghanischen Laster- und Tugendgesetzen auf die v\u00f6llige Unsichtbarmachung der Frau. Selbst die Stimme der Frau wird als\" \/>\n<meta property=\"og:url\" content=\"https:\/\/www.pressenza.com\/de\/2024\/09\/unsichtbare-wesen-zur-aktuellen-situation-von-frauen-in-afghanistan\/\" \/>\n<meta property=\"og:site_name\" content=\"Pressenza\" \/>\n<meta property=\"article:publisher\" content=\"https:\/\/www.facebook.com\/PressenzaItalia\" \/>\n<meta property=\"article:published_time\" content=\"2024-09-19T12:27:50+00:00\" \/>\n<meta property=\"og:image\" content=\"https:\/\/www.pressenza.com\/wp-content\/uploads\/2024\/09\/Frau_Leben_Freiheit_01.jpg\" \/>\n\t<meta property=\"og:image:width\" content=\"1280\" \/>\n\t<meta property=\"og:image:height\" content=\"807\" \/>\n\t<meta property=\"og:image:type\" content=\"image\/jpeg\" \/>\n<meta name=\"author\" content=\"Pro Asyl\" \/>\n<meta name=\"twitter:card\" content=\"summary_large_image\" \/>\n<meta name=\"twitter:creator\" content=\"@PressenzaIPA\" \/>\n<meta name=\"twitter:site\" content=\"@PressenzaIPA\" \/>\n<meta name=\"twitter:label1\" content=\"Verfasst von\" \/>\n\t<meta name=\"twitter:data1\" content=\"Pro Asyl\" \/>\n\t<meta name=\"twitter:label2\" content=\"Gesch\u00e4tzte Lesezeit\" \/>\n\t<meta name=\"twitter:data2\" content=\"6\u00a0Minuten\" \/>\n<script type=\"application\/ld+json\" class=\"yoast-schema-graph\">{\"@context\":\"https:\/\/schema.org\",\"@graph\":[{\"@type\":\"Article\",\"@id\":\"https:\/\/www.pressenza.com\/de\/2024\/09\/unsichtbare-wesen-zur-aktuellen-situation-von-frauen-in-afghanistan\/#article\",\"isPartOf\":{\"@id\":\"https:\/\/www.pressenza.com\/de\/2024\/09\/unsichtbare-wesen-zur-aktuellen-situation-von-frauen-in-afghanistan\/\"},\"author\":{\"name\":\"Pro Asyl\",\"@id\":\"https:\/\/www.pressenza.com\/de\/#\/schema\/person\/2a2e2e83a39e4cf3cf67ecb1e0760b14\"},\"headline\":\"Unsichtbare Wesen \u2013 zur aktuellen Situation von Frauen in Afghanistan\",\"datePublished\":\"2024-09-19T12:27:50+00:00\",\"mainEntityOfPage\":{\"@id\":\"https:\/\/www.pressenza.com\/de\/2024\/09\/unsichtbare-wesen-zur-aktuellen-situation-von-frauen-in-afghanistan\/\"},\"wordCount\":1171,\"publisher\":{\"@id\":\"https:\/\/www.pressenza.com\/de\/#organization\"},\"image\":{\"@id\":\"https:\/\/www.pressenza.com\/de\/2024\/09\/unsichtbare-wesen-zur-aktuellen-situation-von-frauen-in-afghanistan\/#primaryimage\"},\"thumbnailUrl\":\"https:\/\/www.pressenza.com\/wp-content\/uploads\/2024\/09\/Frau_Leben_Freiheit_01.jpg\",\"keywords\":[\"Afghanistan\",\"Asyl\",\"Diskriminierung\",\"Frauenrechte\",\"Gleichberechtigung\",\"Religionen\",\"Taliban\"],\"articleSection\":[\"Asien\",\"Gender und Feminismen\",\"Menschenrechte\",\"Politik\"],\"inLanguage\":\"de\"},{\"@type\":\"WebPage\",\"@id\":\"https:\/\/www.pressenza.com\/de\/2024\/09\/unsichtbare-wesen-zur-aktuellen-situation-von-frauen-in-afghanistan\/\",\"url\":\"https:\/\/www.pressenza.com\/de\/2024\/09\/unsichtbare-wesen-zur-aktuellen-situation-von-frauen-in-afghanistan\/\",\"name\":\"Unsichtbare Wesen \u2013 zur aktuellen Situation von Frauen in Afghanistan\",\"isPartOf\":{\"@id\":\"https:\/\/www.pressenza.com\/de\/#website\"},\"primaryImageOfPage\":{\"@id\":\"https:\/\/www.pressenza.com\/de\/2024\/09\/unsichtbare-wesen-zur-aktuellen-situation-von-frauen-in-afghanistan\/#primaryimage\"},\"image\":{\"@id\":\"https:\/\/www.pressenza.com\/de\/2024\/09\/unsichtbare-wesen-zur-aktuellen-situation-von-frauen-in-afghanistan\/#primaryimage\"},\"thumbnailUrl\":\"https:\/\/www.pressenza.com\/wp-content\/uploads\/2024\/09\/Frau_Leben_Freiheit_01.jpg\",\"datePublished\":\"2024-09-19T12:27:50+00:00\",\"description\":\"Das Taliban-Regime zielt mit neuen afghanischen Laster- und Tugendgesetzen auf die v\u00f6llige Unsichtbarmachung der Frau. Selbst die Stimme der Frau wird als\",\"breadcrumb\":{\"@id\":\"https:\/\/www.pressenza.com\/de\/2024\/09\/unsichtbare-wesen-zur-aktuellen-situation-von-frauen-in-afghanistan\/#breadcrumb\"},\"inLanguage\":\"de\",\"potentialAction\":[{\"@type\":\"ReadAction\",\"target\":[\"https:\/\/www.pressenza.com\/de\/2024\/09\/unsichtbare-wesen-zur-aktuellen-situation-von-frauen-in-afghanistan\/\"]}]},{\"@type\":\"ImageObject\",\"inLanguage\":\"de\",\"@id\":\"https:\/\/www.pressenza.com\/de\/2024\/09\/unsichtbare-wesen-zur-aktuellen-situation-von-frauen-in-afghanistan\/#primaryimage\",\"url\":\"https:\/\/www.pressenza.com\/wp-content\/uploads\/2024\/09\/Frau_Leben_Freiheit_01.jpg\",\"contentUrl\":\"https:\/\/www.pressenza.com\/wp-content\/uploads\/2024\/09\/Frau_Leben_Freiheit_01.jpg\",\"width\":1280,\"height\":807},{\"@type\":\"BreadcrumbList\",\"@id\":\"https:\/\/www.pressenza.com\/de\/2024\/09\/unsichtbare-wesen-zur-aktuellen-situation-von-frauen-in-afghanistan\/#breadcrumb\",\"itemListElement\":[{\"@type\":\"ListItem\",\"position\":1,\"name\":\"Accueil\",\"item\":\"https:\/\/www.pressenza.com\/de\/\"},{\"@type\":\"ListItem\",\"position\":2,\"name\":\"Unsichtbare Wesen \u2013 zur aktuellen Situation von Frauen in Afghanistan\"}]},{\"@type\":\"WebSite\",\"@id\":\"https:\/\/www.pressenza.com\/de\/#website\",\"url\":\"https:\/\/www.pressenza.com\/de\/\",\"name\":\"Pressenza\",\"description\":\"International Press Agency\",\"publisher\":{\"@id\":\"https:\/\/www.pressenza.com\/de\/#organization\"},\"potentialAction\":[{\"@type\":\"SearchAction\",\"target\":{\"@type\":\"EntryPoint\",\"urlTemplate\":\"https:\/\/www.pressenza.com\/de\/?s={search_term_string}\"},\"query-input\":{\"@type\":\"PropertyValueSpecification\",\"valueRequired\":true,\"valueName\":\"search_term_string\"}}],\"inLanguage\":\"de\"},{\"@type\":\"Organization\",\"@id\":\"https:\/\/www.pressenza.com\/de\/#organization\",\"name\":\"Pressenza\",\"url\":\"https:\/\/www.pressenza.com\/de\/\",\"logo\":{\"@type\":\"ImageObject\",\"inLanguage\":\"de\",\"@id\":\"https:\/\/www.pressenza.com\/de\/#\/schema\/logo\/image\/\",\"url\":\"https:\/\/www.pressenza.com\/wp-content\/uploads\/2022\/10\/pressenza_logo_200x200.jpg\",\"contentUrl\":\"https:\/\/www.pressenza.com\/wp-content\/uploads\/2022\/10\/pressenza_logo_200x200.jpg\",\"width\":200,\"height\":200,\"caption\":\"Pressenza\"},\"image\":{\"@id\":\"https:\/\/www.pressenza.com\/de\/#\/schema\/logo\/image\/\"},\"sameAs\":[\"https:\/\/www.facebook.com\/PressenzaItalia\",\"https:\/\/x.com\/PressenzaIPA\"]},{\"@type\":\"Person\",\"@id\":\"https:\/\/www.pressenza.com\/de\/#\/schema\/person\/2a2e2e83a39e4cf3cf67ecb1e0760b14\",\"name\":\"Pro Asyl\",\"description\":\"Ist die selbstbestimmte und unabh\u00e4ngige Stimme f\u00fcr die Menschenrechte und den Schutz von Fl\u00fcchtlingen in Deutschland und Europa. Es ist ein Verein dessen Arbeit durch Mitgliedsbeitr\u00e4ge, Spenden und Stiftungszuwendungen finanziert wird.\",\"sameAs\":[\"https:\/\/www.proasyl.de\"],\"url\":\"https:\/\/www.pressenza.com\/de\/author\/pro-asyl\/\"}]}<\/script>\n<!-- \/ Yoast SEO plugin. -->","yoast_head_json":{"title":"Unsichtbare Wesen \u2013 zur aktuellen Situation von Frauen in Afghanistan","description":"Das Taliban-Regime zielt mit neuen afghanischen Laster- und Tugendgesetzen auf die v\u00f6llige Unsichtbarmachung der Frau. Selbst die Stimme der Frau wird als","robots":{"index":"index","follow":"follow","max-snippet":"max-snippet:-1","max-image-preview":"max-image-preview:large","max-video-preview":"max-video-preview:-1"},"canonical":"https:\/\/www.pressenza.com\/de\/2024\/09\/unsichtbare-wesen-zur-aktuellen-situation-von-frauen-in-afghanistan\/","og_locale":"de_DE","og_type":"article","og_title":"Unsichtbare Wesen \u2013 zur aktuellen Situation von Frauen in Afghanistan","og_description":"Das Taliban-Regime zielt mit neuen afghanischen Laster- und Tugendgesetzen auf die v\u00f6llige Unsichtbarmachung der Frau. Selbst die Stimme der Frau wird als","og_url":"https:\/\/www.pressenza.com\/de\/2024\/09\/unsichtbare-wesen-zur-aktuellen-situation-von-frauen-in-afghanistan\/","og_site_name":"Pressenza","article_publisher":"https:\/\/www.facebook.com\/PressenzaItalia","article_published_time":"2024-09-19T12:27:50+00:00","og_image":[{"width":1280,"height":807,"url":"https:\/\/www.pressenza.com\/wp-content\/uploads\/2024\/09\/Frau_Leben_Freiheit_01.jpg","type":"image\/jpeg"}],"author":"Pro Asyl","twitter_card":"summary_large_image","twitter_creator":"@PressenzaIPA","twitter_site":"@PressenzaIPA","twitter_misc":{"Verfasst von":"Pro Asyl","Gesch\u00e4tzte Lesezeit":"6\u00a0Minuten"},"schema":{"@context":"https:\/\/schema.org","@graph":[{"@type":"Article","@id":"https:\/\/www.pressenza.com\/de\/2024\/09\/unsichtbare-wesen-zur-aktuellen-situation-von-frauen-in-afghanistan\/#article","isPartOf":{"@id":"https:\/\/www.pressenza.com\/de\/2024\/09\/unsichtbare-wesen-zur-aktuellen-situation-von-frauen-in-afghanistan\/"},"author":{"name":"Pro Asyl","@id":"https:\/\/www.pressenza.com\/de\/#\/schema\/person\/2a2e2e83a39e4cf3cf67ecb1e0760b14"},"headline":"Unsichtbare Wesen \u2013 zur aktuellen Situation von Frauen in Afghanistan","datePublished":"2024-09-19T12:27:50+00:00","mainEntityOfPage":{"@id":"https:\/\/www.pressenza.com\/de\/2024\/09\/unsichtbare-wesen-zur-aktuellen-situation-von-frauen-in-afghanistan\/"},"wordCount":1171,"publisher":{"@id":"https:\/\/www.pressenza.com\/de\/#organization"},"image":{"@id":"https:\/\/www.pressenza.com\/de\/2024\/09\/unsichtbare-wesen-zur-aktuellen-situation-von-frauen-in-afghanistan\/#primaryimage"},"thumbnailUrl":"https:\/\/www.pressenza.com\/wp-content\/uploads\/2024\/09\/Frau_Leben_Freiheit_01.jpg","keywords":["Afghanistan","Asyl","Diskriminierung","Frauenrechte","Gleichberechtigung","Religionen","Taliban"],"articleSection":["Asien","Gender und Feminismen","Menschenrechte","Politik"],"inLanguage":"de"},{"@type":"WebPage","@id":"https:\/\/www.pressenza.com\/de\/2024\/09\/unsichtbare-wesen-zur-aktuellen-situation-von-frauen-in-afghanistan\/","url":"https:\/\/www.pressenza.com\/de\/2024\/09\/unsichtbare-wesen-zur-aktuellen-situation-von-frauen-in-afghanistan\/","name":"Unsichtbare Wesen \u2013 zur aktuellen Situation von Frauen in Afghanistan","isPartOf":{"@id":"https:\/\/www.pressenza.com\/de\/#website"},"primaryImageOfPage":{"@id":"https:\/\/www.pressenza.com\/de\/2024\/09\/unsichtbare-wesen-zur-aktuellen-situation-von-frauen-in-afghanistan\/#primaryimage"},"image":{"@id":"https:\/\/www.pressenza.com\/de\/2024\/09\/unsichtbare-wesen-zur-aktuellen-situation-von-frauen-in-afghanistan\/#primaryimage"},"thumbnailUrl":"https:\/\/www.pressenza.com\/wp-content\/uploads\/2024\/09\/Frau_Leben_Freiheit_01.jpg","datePublished":"2024-09-19T12:27:50+00:00","description":"Das Taliban-Regime zielt mit neuen afghanischen Laster- und Tugendgesetzen auf die v\u00f6llige Unsichtbarmachung der Frau. Selbst die Stimme der Frau wird als","breadcrumb":{"@id":"https:\/\/www.pressenza.com\/de\/2024\/09\/unsichtbare-wesen-zur-aktuellen-situation-von-frauen-in-afghanistan\/#breadcrumb"},"inLanguage":"de","potentialAction":[{"@type":"ReadAction","target":["https:\/\/www.pressenza.com\/de\/2024\/09\/unsichtbare-wesen-zur-aktuellen-situation-von-frauen-in-afghanistan\/"]}]},{"@type":"ImageObject","inLanguage":"de","@id":"https:\/\/www.pressenza.com\/de\/2024\/09\/unsichtbare-wesen-zur-aktuellen-situation-von-frauen-in-afghanistan\/#primaryimage","url":"https:\/\/www.pressenza.com\/wp-content\/uploads\/2024\/09\/Frau_Leben_Freiheit_01.jpg","contentUrl":"https:\/\/www.pressenza.com\/wp-content\/uploads\/2024\/09\/Frau_Leben_Freiheit_01.jpg","width":1280,"height":807},{"@type":"BreadcrumbList","@id":"https:\/\/www.pressenza.com\/de\/2024\/09\/unsichtbare-wesen-zur-aktuellen-situation-von-frauen-in-afghanistan\/#breadcrumb","itemListElement":[{"@type":"ListItem","position":1,"name":"Accueil","item":"https:\/\/www.pressenza.com\/de\/"},{"@type":"ListItem","position":2,"name":"Unsichtbare Wesen \u2013 zur aktuellen Situation von Frauen in Afghanistan"}]},{"@type":"WebSite","@id":"https:\/\/www.pressenza.com\/de\/#website","url":"https:\/\/www.pressenza.com\/de\/","name":"Pressenza","description":"International Press Agency","publisher":{"@id":"https:\/\/www.pressenza.com\/de\/#organization"},"potentialAction":[{"@type":"SearchAction","target":{"@type":"EntryPoint","urlTemplate":"https:\/\/www.pressenza.com\/de\/?s={search_term_string}"},"query-input":{"@type":"PropertyValueSpecification","valueRequired":true,"valueName":"search_term_string"}}],"inLanguage":"de"},{"@type":"Organization","@id":"https:\/\/www.pressenza.com\/de\/#organization","name":"Pressenza","url":"https:\/\/www.pressenza.com\/de\/","logo":{"@type":"ImageObject","inLanguage":"de","@id":"https:\/\/www.pressenza.com\/de\/#\/schema\/logo\/image\/","url":"https:\/\/www.pressenza.com\/wp-content\/uploads\/2022\/10\/pressenza_logo_200x200.jpg","contentUrl":"https:\/\/www.pressenza.com\/wp-content\/uploads\/2022\/10\/pressenza_logo_200x200.jpg","width":200,"height":200,"caption":"Pressenza"},"image":{"@id":"https:\/\/www.pressenza.com\/de\/#\/schema\/logo\/image\/"},"sameAs":["https:\/\/www.facebook.com\/PressenzaItalia","https:\/\/x.com\/PressenzaIPA"]},{"@type":"Person","@id":"https:\/\/www.pressenza.com\/de\/#\/schema\/person\/2a2e2e83a39e4cf3cf67ecb1e0760b14","name":"Pro Asyl","description":"Ist die selbstbestimmte und unabh\u00e4ngige Stimme f\u00fcr die Menschenrechte und den Schutz von Fl\u00fcchtlingen in Deutschland und Europa. Es ist ein Verein dessen Arbeit durch Mitgliedsbeitr\u00e4ge, Spenden und Stiftungszuwendungen finanziert wird.","sameAs":["https:\/\/www.proasyl.de"],"url":"https:\/\/www.pressenza.com\/de\/author\/pro-asyl\/"}]}},"place":"","original_article_url":"https:\/\/www.proasyl.de\/news\/unsichtbare-wesen-zur-aktuellen-situation-von-frauen-in-afghanistan\/","_links":{"self":[{"href":"https:\/\/www.pressenza.com\/de\/wp-json\/wp\/v2\/posts\/2548474","targetHints":{"allow":["GET"]}}],"collection":[{"href":"https:\/\/www.pressenza.com\/de\/wp-json\/wp\/v2\/posts"}],"about":[{"href":"https:\/\/www.pressenza.com\/de\/wp-json\/wp\/v2\/types\/post"}],"author":[{"embeddable":true,"href":"https:\/\/www.pressenza.com\/de\/wp-json\/wp\/v2\/users\/1411"}],"replies":[{"embeddable":true,"href":"https:\/\/www.pressenza.com\/de\/wp-json\/wp\/v2\/comments?post=2548474"}],"version-history":[{"count":0,"href":"https:\/\/www.pressenza.com\/de\/wp-json\/wp\/v2\/posts\/2548474\/revisions"}],"wp:featuredmedia":[{"embeddable":true,"href":"https:\/\/www.pressenza.com\/de\/wp-json\/wp\/v2\/media\/2548477"}],"wp:attachment":[{"href":"https:\/\/www.pressenza.com\/de\/wp-json\/wp\/v2\/media?parent=2548474"}],"wp:term":[{"taxonomy":"category","embeddable":true,"href":"https:\/\/www.pressenza.com\/de\/wp-json\/wp\/v2\/categories?post=2548474"},{"taxonomy":"post_tag","embeddable":true,"href":"https:\/\/www.pressenza.com\/de\/wp-json\/wp\/v2\/tags?post=2548474"}],"curies":[{"name":"wp","href":"https:\/\/api.w.org\/{rel}","templated":true}]}}