{"id":2548193,"date":"2024-09-17T13:00:25","date_gmt":"2024-09-17T12:00:25","guid":{"rendered":"https:\/\/www.pressenza.com\/?p=2548193"},"modified":"2024-09-17T07:55:05","modified_gmt":"2024-09-17T06:55:05","slug":"globaler-klimastreik-am-20-9-breites-buendnis-fordert-sozial-gerechten-klimaschutz-spart-nicht-unsere-zukunft-kaputt","status":"publish","type":"post","link":"https:\/\/www.pressenza.com\/de\/2024\/09\/globaler-klimastreik-am-20-9-breites-buendnis-fordert-sozial-gerechten-klimaschutz-spart-nicht-unsere-zukunft-kaputt\/","title":{"rendered":"Globaler Klimastreik am 20.9.: Breites B\u00fcndnis fordert sozial gerechten Klimaschutz \u2013 Spart nicht unsere Zukunft kaputt!"},"content":{"rendered":"<p><strong>Globaler Klimastreik am 20.9.: Breites B\u00fcndnis fordert sozial gerechten Klimaschutz \u2013 Spart nicht unsere Zukunft kaputt!<\/strong><\/p>\n<p>Ein breites zivilgesellschaftliches B\u00fcndnis ruft gemeinsam mit Fridays for Future zum globalen Klimastreik am 20. September auf. Katastrophen wie die Hochwasser und Hitzerekorde weltweit zeigen deutlich, wie bedrohlich die Klimakrise bereits ist. Das B\u00fcndnis fordert daher die Bundesregierung auf, sozial gerechten Klimaschutz und Investitionen in eine klimaneutrale Infrastruktur jetzt umzusetzen.<\/p>\n<p>Bundesweit wurden bereits 100 Demonstrationen angemeldet, gr\u00f6\u00dfere Klimastreiks werden in Berlin, Hamburg und M\u00fcnchen erwartet.<\/p>\n<p>\u201eWir m\u00fcssen jetzt wieder laut werden, um Klimaschutz und soziale Gerechtigkeit einzufordern\u201c, sagt Lisa Sagner, Koordinatorin des Klimastreik-B\u00fcndnisses vor dem Hintergrund des klimapolitischen Versagens der Bundesregierung. \u201eStatt mehr Klimaschutz f\u00f6rdert die Ampel neue fossile Projekte. Das ist unverantwortlich. V\u00f6llig absurd ist, dass CDU\/CSU und FDP umso heftiger gegen Klimaschutz Stimmung machen und konkrete Ma\u00dfnahmen verhindern, je sp\u00fcrbarer die Klimakrise wird. Wir fordern von der Bundesregierung, endlich Zukunftsinvestitionen in einen attraktiven Bahnverkehr, g\u00fcnstige E-Mobilit\u00e4t in l\u00e4ndlichen Regionen und die energetische Geb\u00e4udesanierung konsequent voranzubringen, anstatt unsere Zukunft kaputt zu sparen. Daf\u00fcr m\u00fcssen die finanziellen Mittel verl\u00e4sslich bereitgestellt werden. Das st\u00e4rkt auch den gesellschaftlichen Zusammenhalt, denn vor allem Menschen mit wenig Geld profitieren von sozial gerechtem Klimaschutz.\u201d Dar\u00fcber hinaus fordert das B\u00fcndnis die Bundesregierung auf, ihrer historischen Verantwortung nachzukommen und L\u00e4nder des Globalen S\u00fcdens sowohl beim Klimaschutz als auch bei der Anpassung an die Folgen der Klimakrise zu unterst\u00fctzen.<\/p>\n<p>Zu dem B\u00fcndnis geh\u00f6ren Attac Deutschland, BUND, BUNDjugend, Campact, Deutsche Umwelthilfe, GermanZero, Greenpeace, B\u00fcndnis Klima-Allianz Deutschland, NAJU, NaturFreunde Deutschlands, Naturfreundejugend Deutschlands, Together for Future, WWF Deutschland und WWF Jugend sowie zahlreiche weitere Organisationen.<\/p>\n<p><strong>Weitere Informationen zu den geplanten Demonstrationen und Aktionen, wie auch den Aufruf, finden Sie auf <a href=\"http:\/\/klima-streik.org\">klima-streik.org<\/a>.<\/strong><\/p>\n","protected":false},"excerpt":{"rendered":"<p>Globaler Klimastreik am 20.9.: Breites B\u00fcndnis fordert sozial gerechten Klimaschutz \u2013 Spart nicht unsere Zukunft kaputt! Ein breites zivilgesellschaftliches B\u00fcndnis ruft gemeinsam mit Fridays for Future zum globalen Klimastreik am 20. September auf. Katastrophen wie die Hochwasser und Hitzerekorde weltweit&hellip;<\/p>\n","protected":false},"author":1095,"featured_media":2548195,"comment_status":"closed","ping_status":"closed","sticky":false,"template":"","format":"standard","meta":{"footnotes":""},"categories":[9150,9157,9168,9145],"tags":[30246,52826,30244,42283],"class_list":["post-2548193","post","type-post","status-publish","format-standard","has-post-thumbnail","hentry","category-europa-de","category-oekologie-und-umwelt","category-politik","category-pressemitteilungen","tag-klimaschutz","tag-klimastreik","tag-umwelt","tag-zivilgesellschaft"],"yoast_head":"<!-- This site is optimized with the Yoast SEO plugin v27.1.1 - https:\/\/yoast.com\/product\/yoast-seo-wordpress\/ -->\n<title>Globaler Klimastreik am 20.9.: Breites B\u00fcndnis fordert sozial gerechten Klimaschutz \u2013 Spart nicht unsere Zukunft kaputt!<\/title>\n<meta name=\"description\" content=\"Globaler Klimastreik am 20.9.: Breites B\u00fcndnis fordert sozial gerechten Klimaschutz \u2013 Spart nicht unsere Zukunft kaputt! Ein breites\" \/>\n<meta name=\"robots\" content=\"index, follow, max-snippet:-1, max-image-preview:large, max-video-preview:-1\" \/>\n<link rel=\"canonical\" href=\"https:\/\/www.pressenza.com\/de\/2024\/09\/globaler-klimastreik-am-20-9-breites-buendnis-fordert-sozial-gerechten-klimaschutz-spart-nicht-unsere-zukunft-kaputt\/\" \/>\n<meta property=\"og:locale\" content=\"de_DE\" \/>\n<meta property=\"og:type\" content=\"article\" \/>\n<meta property=\"og:title\" content=\"Globaler Klimastreik am 20.9.: Breites B\u00fcndnis fordert sozial gerechten Klimaschutz \u2013 Spart nicht unsere Zukunft kaputt!\" \/>\n<meta property=\"og:description\" content=\"Globaler Klimastreik am 20.9.: Breites B\u00fcndnis fordert sozial gerechten Klimaschutz \u2013 Spart nicht unsere Zukunft kaputt! Ein breites\" \/>\n<meta property=\"og:url\" content=\"https:\/\/www.pressenza.com\/de\/2024\/09\/globaler-klimastreik-am-20-9-breites-buendnis-fordert-sozial-gerechten-klimaschutz-spart-nicht-unsere-zukunft-kaputt\/\" \/>\n<meta property=\"og:site_name\" content=\"Pressenza\" \/>\n<meta property=\"article:publisher\" content=\"https:\/\/www.facebook.com\/PressenzaItalia\" \/>\n<meta property=\"article:author\" content=\"https:\/\/www.facebook.com\/Pressenza-Deutschland-sterreich-Schweiz-281675388658060\/timeline\/\" \/>\n<meta property=\"article:published_time\" content=\"2024-09-17T12:00:25+00:00\" \/>\n<meta property=\"og:image\" content=\"https:\/\/www.pressenza.com\/wp-content\/uploads\/2024\/09\/2048px-Front_of_the_FridaysForFuture_demonstration_Berlin_29-03-2019_34.jpg\" \/>\n\t<meta property=\"og:image:width\" content=\"1920\" \/>\n\t<meta property=\"og:image:height\" content=\"1440\" \/>\n\t<meta property=\"og:image:type\" content=\"image\/jpeg\" \/>\n<meta name=\"author\" content=\"Pressenza Berlin\" \/>\n<meta name=\"twitter:card\" content=\"summary_large_image\" \/>\n<meta name=\"twitter:creator\" content=\"@pressenza_ger\" \/>\n<meta name=\"twitter:site\" content=\"@PressenzaIPA\" \/>\n<meta name=\"twitter:label1\" content=\"Verfasst von\" \/>\n\t<meta name=\"twitter:data1\" content=\"Pressenza Berlin\" \/>\n\t<meta name=\"twitter:label2\" content=\"Gesch\u00e4tzte Lesezeit\" \/>\n\t<meta name=\"twitter:data2\" content=\"2\u00a0Minuten\" \/>\n<script type=\"application\/ld+json\" class=\"yoast-schema-graph\">{\"@context\":\"https:\/\/schema.org\",\"@graph\":[{\"@type\":\"Article\",\"@id\":\"https:\/\/www.pressenza.com\/de\/2024\/09\/globaler-klimastreik-am-20-9-breites-buendnis-fordert-sozial-gerechten-klimaschutz-spart-nicht-unsere-zukunft-kaputt\/#article\",\"isPartOf\":{\"@id\":\"https:\/\/www.pressenza.com\/de\/2024\/09\/globaler-klimastreik-am-20-9-breites-buendnis-fordert-sozial-gerechten-klimaschutz-spart-nicht-unsere-zukunft-kaputt\/\"},\"author\":{\"name\":\"Pressenza Berlin\",\"@id\":\"https:\/\/www.pressenza.com\/de\/#\/schema\/person\/57bb5480943a496a7722b0248e4b658a\"},\"headline\":\"Globaler Klimastreik am 20.9.: Breites B\u00fcndnis fordert sozial gerechten Klimaschutz \u2013 Spart nicht unsere Zukunft kaputt!\",\"datePublished\":\"2024-09-17T12:00:25+00:00\",\"mainEntityOfPage\":{\"@id\":\"https:\/\/www.pressenza.com\/de\/2024\/09\/globaler-klimastreik-am-20-9-breites-buendnis-fordert-sozial-gerechten-klimaschutz-spart-nicht-unsere-zukunft-kaputt\/\"},\"wordCount\":316,\"publisher\":{\"@id\":\"https:\/\/www.pressenza.com\/de\/#organization\"},\"image\":{\"@id\":\"https:\/\/www.pressenza.com\/de\/2024\/09\/globaler-klimastreik-am-20-9-breites-buendnis-fordert-sozial-gerechten-klimaschutz-spart-nicht-unsere-zukunft-kaputt\/#primaryimage\"},\"thumbnailUrl\":\"https:\/\/www.pressenza.com\/wp-content\/uploads\/2024\/09\/2048px-Front_of_the_FridaysForFuture_demonstration_Berlin_29-03-2019_34.jpg\",\"keywords\":[\"Klimaschutz\",\"Klimastreik\",\"Umwelt\",\"Zivilgesellschaft\"],\"articleSection\":[\"Europa\",\"\u00d6kologie und Umwelt\",\"Politik\",\"Pressemitteilungen\"],\"inLanguage\":\"de\"},{\"@type\":\"WebPage\",\"@id\":\"https:\/\/www.pressenza.com\/de\/2024\/09\/globaler-klimastreik-am-20-9-breites-buendnis-fordert-sozial-gerechten-klimaschutz-spart-nicht-unsere-zukunft-kaputt\/\",\"url\":\"https:\/\/www.pressenza.com\/de\/2024\/09\/globaler-klimastreik-am-20-9-breites-buendnis-fordert-sozial-gerechten-klimaschutz-spart-nicht-unsere-zukunft-kaputt\/\",\"name\":\"Globaler Klimastreik am 20.9.: Breites B\u00fcndnis fordert sozial gerechten Klimaschutz \u2013 Spart nicht unsere Zukunft kaputt!\",\"isPartOf\":{\"@id\":\"https:\/\/www.pressenza.com\/de\/#website\"},\"primaryImageOfPage\":{\"@id\":\"https:\/\/www.pressenza.com\/de\/2024\/09\/globaler-klimastreik-am-20-9-breites-buendnis-fordert-sozial-gerechten-klimaschutz-spart-nicht-unsere-zukunft-kaputt\/#primaryimage\"},\"image\":{\"@id\":\"https:\/\/www.pressenza.com\/de\/2024\/09\/globaler-klimastreik-am-20-9-breites-buendnis-fordert-sozial-gerechten-klimaschutz-spart-nicht-unsere-zukunft-kaputt\/#primaryimage\"},\"thumbnailUrl\":\"https:\/\/www.pressenza.com\/wp-content\/uploads\/2024\/09\/2048px-Front_of_the_FridaysForFuture_demonstration_Berlin_29-03-2019_34.jpg\",\"datePublished\":\"2024-09-17T12:00:25+00:00\",\"description\":\"Globaler Klimastreik am 20.9.: Breites B\u00fcndnis fordert sozial gerechten Klimaschutz \u2013 Spart nicht unsere Zukunft kaputt! Ein breites\",\"breadcrumb\":{\"@id\":\"https:\/\/www.pressenza.com\/de\/2024\/09\/globaler-klimastreik-am-20-9-breites-buendnis-fordert-sozial-gerechten-klimaschutz-spart-nicht-unsere-zukunft-kaputt\/#breadcrumb\"},\"inLanguage\":\"de\",\"potentialAction\":[{\"@type\":\"ReadAction\",\"target\":[\"https:\/\/www.pressenza.com\/de\/2024\/09\/globaler-klimastreik-am-20-9-breites-buendnis-fordert-sozial-gerechten-klimaschutz-spart-nicht-unsere-zukunft-kaputt\/\"]}]},{\"@type\":\"ImageObject\",\"inLanguage\":\"de\",\"@id\":\"https:\/\/www.pressenza.com\/de\/2024\/09\/globaler-klimastreik-am-20-9-breites-buendnis-fordert-sozial-gerechten-klimaschutz-spart-nicht-unsere-zukunft-kaputt\/#primaryimage\",\"url\":\"https:\/\/www.pressenza.com\/wp-content\/uploads\/2024\/09\/2048px-Front_of_the_FridaysForFuture_demonstration_Berlin_29-03-2019_34.jpg\",\"contentUrl\":\"https:\/\/www.pressenza.com\/wp-content\/uploads\/2024\/09\/2048px-Front_of_the_FridaysForFuture_demonstration_Berlin_29-03-2019_34.jpg\",\"width\":1920,\"height\":1440},{\"@type\":\"BreadcrumbList\",\"@id\":\"https:\/\/www.pressenza.com\/de\/2024\/09\/globaler-klimastreik-am-20-9-breites-buendnis-fordert-sozial-gerechten-klimaschutz-spart-nicht-unsere-zukunft-kaputt\/#breadcrumb\",\"itemListElement\":[{\"@type\":\"ListItem\",\"position\":1,\"name\":\"Accueil\",\"item\":\"https:\/\/www.pressenza.com\/de\/\"},{\"@type\":\"ListItem\",\"position\":2,\"name\":\"Globaler Klimastreik am 20.9.: Breites B\u00fcndnis fordert sozial gerechten Klimaschutz \u2013 Spart nicht unsere Zukunft kaputt!\"}]},{\"@type\":\"WebSite\",\"@id\":\"https:\/\/www.pressenza.com\/de\/#website\",\"url\":\"https:\/\/www.pressenza.com\/de\/\",\"name\":\"Pressenza\",\"description\":\"International Press Agency\",\"publisher\":{\"@id\":\"https:\/\/www.pressenza.com\/de\/#organization\"},\"potentialAction\":[{\"@type\":\"SearchAction\",\"target\":{\"@type\":\"EntryPoint\",\"urlTemplate\":\"https:\/\/www.pressenza.com\/de\/?s={search_term_string}\"},\"query-input\":{\"@type\":\"PropertyValueSpecification\",\"valueRequired\":true,\"valueName\":\"search_term_string\"}}],\"inLanguage\":\"de\"},{\"@type\":\"Organization\",\"@id\":\"https:\/\/www.pressenza.com\/de\/#organization\",\"name\":\"Pressenza\",\"url\":\"https:\/\/www.pressenza.com\/de\/\",\"logo\":{\"@type\":\"ImageObject\",\"inLanguage\":\"de\",\"@id\":\"https:\/\/www.pressenza.com\/de\/#\/schema\/logo\/image\/\",\"url\":\"https:\/\/www.pressenza.com\/wp-content\/uploads\/2022\/10\/pressenza_logo_200x200.jpg\",\"contentUrl\":\"https:\/\/www.pressenza.com\/wp-content\/uploads\/2022\/10\/pressenza_logo_200x200.jpg\",\"width\":200,\"height\":200,\"caption\":\"Pressenza\"},\"image\":{\"@id\":\"https:\/\/www.pressenza.com\/de\/#\/schema\/logo\/image\/\"},\"sameAs\":[\"https:\/\/www.facebook.com\/PressenzaItalia\",\"https:\/\/x.com\/PressenzaIPA\"]},{\"@type\":\"Person\",\"@id\":\"https:\/\/www.pressenza.com\/de\/#\/schema\/person\/57bb5480943a496a7722b0248e4b658a\",\"name\":\"Pressenza Berlin\",\"description\":\"News from the Pressenza Bureau in Berlin, Germany\",\"sameAs\":[\"https:\/\/www.facebook.com\/Pressenza-Deutschland-sterreich-Schweiz-281675388658060\/timeline\/\",\"https:\/\/x.com\/pressenza_ger\"],\"url\":\"https:\/\/www.pressenza.com\/de\/author\/pressenza-berlin\/\"}]}<\/script>\n<!-- \/ Yoast SEO plugin. -->","yoast_head_json":{"title":"Globaler Klimastreik am 20.9.: Breites B\u00fcndnis fordert sozial gerechten Klimaschutz \u2013 Spart nicht unsere Zukunft kaputt!","description":"Globaler Klimastreik am 20.9.: Breites B\u00fcndnis fordert sozial gerechten Klimaschutz \u2013 Spart nicht unsere Zukunft kaputt! Ein breites","robots":{"index":"index","follow":"follow","max-snippet":"max-snippet:-1","max-image-preview":"max-image-preview:large","max-video-preview":"max-video-preview:-1"},"canonical":"https:\/\/www.pressenza.com\/de\/2024\/09\/globaler-klimastreik-am-20-9-breites-buendnis-fordert-sozial-gerechten-klimaschutz-spart-nicht-unsere-zukunft-kaputt\/","og_locale":"de_DE","og_type":"article","og_title":"Globaler Klimastreik am 20.9.: Breites B\u00fcndnis fordert sozial gerechten Klimaschutz \u2013 Spart nicht unsere Zukunft kaputt!","og_description":"Globaler Klimastreik am 20.9.: Breites B\u00fcndnis fordert sozial gerechten Klimaschutz \u2013 Spart nicht unsere Zukunft kaputt! Ein breites","og_url":"https:\/\/www.pressenza.com\/de\/2024\/09\/globaler-klimastreik-am-20-9-breites-buendnis-fordert-sozial-gerechten-klimaschutz-spart-nicht-unsere-zukunft-kaputt\/","og_site_name":"Pressenza","article_publisher":"https:\/\/www.facebook.com\/PressenzaItalia","article_author":"https:\/\/www.facebook.com\/Pressenza-Deutschland-sterreich-Schweiz-281675388658060\/timeline\/","article_published_time":"2024-09-17T12:00:25+00:00","og_image":[{"width":1920,"height":1440,"url":"https:\/\/www.pressenza.com\/wp-content\/uploads\/2024\/09\/2048px-Front_of_the_FridaysForFuture_demonstration_Berlin_29-03-2019_34.jpg","type":"image\/jpeg"}],"author":"Pressenza Berlin","twitter_card":"summary_large_image","twitter_creator":"@pressenza_ger","twitter_site":"@PressenzaIPA","twitter_misc":{"Verfasst von":"Pressenza Berlin","Gesch\u00e4tzte Lesezeit":"2\u00a0Minuten"},"schema":{"@context":"https:\/\/schema.org","@graph":[{"@type":"Article","@id":"https:\/\/www.pressenza.com\/de\/2024\/09\/globaler-klimastreik-am-20-9-breites-buendnis-fordert-sozial-gerechten-klimaschutz-spart-nicht-unsere-zukunft-kaputt\/#article","isPartOf":{"@id":"https:\/\/www.pressenza.com\/de\/2024\/09\/globaler-klimastreik-am-20-9-breites-buendnis-fordert-sozial-gerechten-klimaschutz-spart-nicht-unsere-zukunft-kaputt\/"},"author":{"name":"Pressenza Berlin","@id":"https:\/\/www.pressenza.com\/de\/#\/schema\/person\/57bb5480943a496a7722b0248e4b658a"},"headline":"Globaler Klimastreik am 20.9.: Breites B\u00fcndnis fordert sozial gerechten Klimaschutz \u2013 Spart nicht unsere Zukunft kaputt!","datePublished":"2024-09-17T12:00:25+00:00","mainEntityOfPage":{"@id":"https:\/\/www.pressenza.com\/de\/2024\/09\/globaler-klimastreik-am-20-9-breites-buendnis-fordert-sozial-gerechten-klimaschutz-spart-nicht-unsere-zukunft-kaputt\/"},"wordCount":316,"publisher":{"@id":"https:\/\/www.pressenza.com\/de\/#organization"},"image":{"@id":"https:\/\/www.pressenza.com\/de\/2024\/09\/globaler-klimastreik-am-20-9-breites-buendnis-fordert-sozial-gerechten-klimaschutz-spart-nicht-unsere-zukunft-kaputt\/#primaryimage"},"thumbnailUrl":"https:\/\/www.pressenza.com\/wp-content\/uploads\/2024\/09\/2048px-Front_of_the_FridaysForFuture_demonstration_Berlin_29-03-2019_34.jpg","keywords":["Klimaschutz","Klimastreik","Umwelt","Zivilgesellschaft"],"articleSection":["Europa","\u00d6kologie und Umwelt","Politik","Pressemitteilungen"],"inLanguage":"de"},{"@type":"WebPage","@id":"https:\/\/www.pressenza.com\/de\/2024\/09\/globaler-klimastreik-am-20-9-breites-buendnis-fordert-sozial-gerechten-klimaschutz-spart-nicht-unsere-zukunft-kaputt\/","url":"https:\/\/www.pressenza.com\/de\/2024\/09\/globaler-klimastreik-am-20-9-breites-buendnis-fordert-sozial-gerechten-klimaschutz-spart-nicht-unsere-zukunft-kaputt\/","name":"Globaler Klimastreik am 20.9.: Breites B\u00fcndnis fordert sozial gerechten Klimaschutz \u2013 Spart nicht unsere Zukunft kaputt!","isPartOf":{"@id":"https:\/\/www.pressenza.com\/de\/#website"},"primaryImageOfPage":{"@id":"https:\/\/www.pressenza.com\/de\/2024\/09\/globaler-klimastreik-am-20-9-breites-buendnis-fordert-sozial-gerechten-klimaschutz-spart-nicht-unsere-zukunft-kaputt\/#primaryimage"},"image":{"@id":"https:\/\/www.pressenza.com\/de\/2024\/09\/globaler-klimastreik-am-20-9-breites-buendnis-fordert-sozial-gerechten-klimaschutz-spart-nicht-unsere-zukunft-kaputt\/#primaryimage"},"thumbnailUrl":"https:\/\/www.pressenza.com\/wp-content\/uploads\/2024\/09\/2048px-Front_of_the_FridaysForFuture_demonstration_Berlin_29-03-2019_34.jpg","datePublished":"2024-09-17T12:00:25+00:00","description":"Globaler Klimastreik am 20.9.: Breites B\u00fcndnis fordert sozial gerechten Klimaschutz \u2013 Spart nicht unsere Zukunft kaputt! Ein breites","breadcrumb":{"@id":"https:\/\/www.pressenza.com\/de\/2024\/09\/globaler-klimastreik-am-20-9-breites-buendnis-fordert-sozial-gerechten-klimaschutz-spart-nicht-unsere-zukunft-kaputt\/#breadcrumb"},"inLanguage":"de","potentialAction":[{"@type":"ReadAction","target":["https:\/\/www.pressenza.com\/de\/2024\/09\/globaler-klimastreik-am-20-9-breites-buendnis-fordert-sozial-gerechten-klimaschutz-spart-nicht-unsere-zukunft-kaputt\/"]}]},{"@type":"ImageObject","inLanguage":"de","@id":"https:\/\/www.pressenza.com\/de\/2024\/09\/globaler-klimastreik-am-20-9-breites-buendnis-fordert-sozial-gerechten-klimaschutz-spart-nicht-unsere-zukunft-kaputt\/#primaryimage","url":"https:\/\/www.pressenza.com\/wp-content\/uploads\/2024\/09\/2048px-Front_of_the_FridaysForFuture_demonstration_Berlin_29-03-2019_34.jpg","contentUrl":"https:\/\/www.pressenza.com\/wp-content\/uploads\/2024\/09\/2048px-Front_of_the_FridaysForFuture_demonstration_Berlin_29-03-2019_34.jpg","width":1920,"height":1440},{"@type":"BreadcrumbList","@id":"https:\/\/www.pressenza.com\/de\/2024\/09\/globaler-klimastreik-am-20-9-breites-buendnis-fordert-sozial-gerechten-klimaschutz-spart-nicht-unsere-zukunft-kaputt\/#breadcrumb","itemListElement":[{"@type":"ListItem","position":1,"name":"Accueil","item":"https:\/\/www.pressenza.com\/de\/"},{"@type":"ListItem","position":2,"name":"Globaler Klimastreik am 20.9.: Breites B\u00fcndnis fordert sozial gerechten Klimaschutz \u2013 Spart nicht unsere Zukunft kaputt!"}]},{"@type":"WebSite","@id":"https:\/\/www.pressenza.com\/de\/#website","url":"https:\/\/www.pressenza.com\/de\/","name":"Pressenza","description":"International Press Agency","publisher":{"@id":"https:\/\/www.pressenza.com\/de\/#organization"},"potentialAction":[{"@type":"SearchAction","target":{"@type":"EntryPoint","urlTemplate":"https:\/\/www.pressenza.com\/de\/?s={search_term_string}"},"query-input":{"@type":"PropertyValueSpecification","valueRequired":true,"valueName":"search_term_string"}}],"inLanguage":"de"},{"@type":"Organization","@id":"https:\/\/www.pressenza.com\/de\/#organization","name":"Pressenza","url":"https:\/\/www.pressenza.com\/de\/","logo":{"@type":"ImageObject","inLanguage":"de","@id":"https:\/\/www.pressenza.com\/de\/#\/schema\/logo\/image\/","url":"https:\/\/www.pressenza.com\/wp-content\/uploads\/2022\/10\/pressenza_logo_200x200.jpg","contentUrl":"https:\/\/www.pressenza.com\/wp-content\/uploads\/2022\/10\/pressenza_logo_200x200.jpg","width":200,"height":200,"caption":"Pressenza"},"image":{"@id":"https:\/\/www.pressenza.com\/de\/#\/schema\/logo\/image\/"},"sameAs":["https:\/\/www.facebook.com\/PressenzaItalia","https:\/\/x.com\/PressenzaIPA"]},{"@type":"Person","@id":"https:\/\/www.pressenza.com\/de\/#\/schema\/person\/57bb5480943a496a7722b0248e4b658a","name":"Pressenza Berlin","description":"News from the Pressenza Bureau in Berlin, Germany","sameAs":["https:\/\/www.facebook.com\/Pressenza-Deutschland-sterreich-Schweiz-281675388658060\/timeline\/","https:\/\/x.com\/pressenza_ger"],"url":"https:\/\/www.pressenza.com\/de\/author\/pressenza-berlin\/"}]}},"place":"","original_article_url":"","_links":{"self":[{"href":"https:\/\/www.pressenza.com\/de\/wp-json\/wp\/v2\/posts\/2548193","targetHints":{"allow":["GET"]}}],"collection":[{"href":"https:\/\/www.pressenza.com\/de\/wp-json\/wp\/v2\/posts"}],"about":[{"href":"https:\/\/www.pressenza.com\/de\/wp-json\/wp\/v2\/types\/post"}],"author":[{"embeddable":true,"href":"https:\/\/www.pressenza.com\/de\/wp-json\/wp\/v2\/users\/1095"}],"replies":[{"embeddable":true,"href":"https:\/\/www.pressenza.com\/de\/wp-json\/wp\/v2\/comments?post=2548193"}],"version-history":[{"count":0,"href":"https:\/\/www.pressenza.com\/de\/wp-json\/wp\/v2\/posts\/2548193\/revisions"}],"wp:featuredmedia":[{"embeddable":true,"href":"https:\/\/www.pressenza.com\/de\/wp-json\/wp\/v2\/media\/2548195"}],"wp:attachment":[{"href":"https:\/\/www.pressenza.com\/de\/wp-json\/wp\/v2\/media?parent=2548193"}],"wp:term":[{"taxonomy":"category","embeddable":true,"href":"https:\/\/www.pressenza.com\/de\/wp-json\/wp\/v2\/categories?post=2548193"},{"taxonomy":"post_tag","embeddable":true,"href":"https:\/\/www.pressenza.com\/de\/wp-json\/wp\/v2\/tags?post=2548193"}],"curies":[{"name":"wp","href":"https:\/\/api.w.org\/{rel}","templated":true}]}}