{"id":2547500,"date":"2024-09-12T10:57:07","date_gmt":"2024-09-12T09:57:07","guid":{"rendered":"https:\/\/www.pressenza.com\/?p=2547500"},"modified":"2024-09-13T11:23:29","modified_gmt":"2024-09-13T10:23:29","slug":"deutschland-will-amerikanischen-atomwaffengegner-ausweisen","status":"publish","type":"post","link":"https:\/\/www.pressenza.com\/de\/2024\/09\/deutschland-will-amerikanischen-atomwaffengegner-ausweisen\/","title":{"rendered":"Deutschland will amerikanischen Atomwaffengegner ausweisen"},"content":{"rendered":"<p><strong>Am 31. Oktober plant Deutschland die Ausweisung des 82-j\u00e4hrigen US-B\u00fcrgers Dennis DuVall, der in Radeberg lebt. DuVall ist Mitglied der \u201eVeterans For Peace\u201c und ein entschiedener Gegner der in Deutschland auf dem NATO-St\u00fctzpunkt B\u00fcchel stationierten thermonuklearen Bomben der USA\/NATO. <\/strong><\/p>\n<p>In der deutschen Ausweisungsverf\u00fcgung wird DuValls Atomwiderstand als ernsthafte Bedrohung der Sicherheit und der \u00f6ffentlichen Ordnung bezeichnet. DuVall ist der Ansicht, dass er rechtlich verpflichtet ist, sich der Planung und Vorbereitung eines Atomkriegs auf dem NATO-St\u00fctzpunkt B\u00fcchel zu widersetzen, was einen Versto\u00df gegen internationales Recht und ein Verbrechen im Sinne der N\u00fcrnberger Charta und Grunds\u00e4tze darstellt.<\/p>\n<p>\u201eDie B61-12-Atombomben und die F35-Kampfflugzeuge in B\u00fcchel bringen die NATO einem Krieg n\u00e4her\u201c, warnt DuVall. \u201eDie Stationierung von Mittelstreckenraketen in Deutschland erh\u00f6ht zudem das Risiko eines gr\u00f6\u00dferen europ\u00e4ischen Krieges.\u201c<\/p>\n<p>DuVall ruft Friedens- und Antikriegsgruppen sowie Einzelpersonen dazu auf, seinen Kampf um den Verbleib in Deutschland zu unterst\u00fctzen. Er bittet darum, respektvolle Unterst\u00fctzungsbriefe an das Ausl\u00e4nderamt beim Landratsamt Bautzen, Bahnhofstra\u00dfe 9, 02625 Bautzen, Deutschland, zu senden.<\/p>\n<p>Bitte unterst\u00fctzt Dennis DuValls Forderung, die amerikanischen B61-12-Atombomben aus B\u00fcchel abzuziehen und die Stationierung von Mittelstreckenraketen in Deutschland zu stoppen.<\/p>\n<blockquote><p><strong>Lasst Dennis DuVall in Deutschland und schmei\u00dft die amerikanischen Bomben raus!<\/strong><\/p><\/blockquote>\n<p><em>\u00dcbersetzt von &#8222;Germany intends to expel American nuclear resister&#8220;, ver\u00f6ffentlicht am 10. September 2024 auf <a href=\"https:\/\/www.nukeresister.org\/2024\/09\/10\/germany-intends-to-expel-american-nuclear-resister\/\" target=\"_blank\" rel=\"noopener\">The Nuclear Resister<\/a>.<\/em><\/p>\n","protected":false},"excerpt":{"rendered":"<p>Am 31. Oktober plant Deutschland die Ausweisung des 82-j\u00e4hrigen US-B\u00fcrgers Dennis DuVall, der in Radeberg lebt. DuVall ist Mitglied der \u201eVeterans For Peace\u201c und ein entschiedener Gegner der in Deutschland auf dem NATO-St\u00fctzpunkt B\u00fcchel stationierten thermonuklearen Bomben der USA\/NATO. In&hellip;<\/p>\n","protected":false},"author":1095,"featured_media":2547506,"comment_status":"closed","ping_status":"closed","sticky":false,"template":"","format":"standard","meta":{"footnotes":""},"categories":[9150,9167,9166,9152,9168],"tags":[12506,22375,9560,11735,126611,22655,11826,74467,9767,113945],"class_list":["post-2547500","post","type-post","status-publish","format-standard","has-post-thumbnail","hentry","category-europa-de","category-frieden-und-abruestung","category-gewaltfreiheit","category-nordamerika","category-politik","tag-atomwaffen","tag-atomwaffenverbot","tag-ausweisung","tag-buchel-de","tag-dennis-duvall","tag-friedensaktivismus","tag-nato-de","tag-nukleare-teilhabe","tag-usa-de","tag-veterans-for-peace-de"],"yoast_head":"<!-- This site is optimized with the Yoast SEO plugin v27.1.1 - https:\/\/yoast.com\/product\/yoast-seo-wordpress\/ -->\n<title>Deutschland will amerikanischen Atomwaffengegner ausweisen<\/title>\n<meta name=\"description\" content=\"Am 31. Oktober plant Deutschland die Ausweisung des 82-j\u00e4hrigen US-B\u00fcrgers Dennis DuVall, der in Radeberg lebt. DuVall ist Mitglied der \u201eVeterans For\" \/>\n<meta name=\"robots\" content=\"index, follow, max-snippet:-1, max-image-preview:large, max-video-preview:-1\" \/>\n<link rel=\"canonical\" href=\"https:\/\/www.pressenza.com\/de\/2024\/09\/deutschland-will-amerikanischen-atomwaffengegner-ausweisen\/\" \/>\n<meta property=\"og:locale\" content=\"de_DE\" \/>\n<meta property=\"og:type\" content=\"article\" \/>\n<meta property=\"og:title\" content=\"Deutschland will amerikanischen Atomwaffengegner ausweisen\" \/>\n<meta property=\"og:description\" content=\"Am 31. Oktober plant Deutschland die Ausweisung des 82-j\u00e4hrigen US-B\u00fcrgers Dennis DuVall, der in Radeberg lebt. DuVall ist Mitglied der \u201eVeterans For\" \/>\n<meta property=\"og:url\" content=\"https:\/\/www.pressenza.com\/de\/2024\/09\/deutschland-will-amerikanischen-atomwaffengegner-ausweisen\/\" \/>\n<meta property=\"og:site_name\" content=\"Pressenza\" \/>\n<meta property=\"article:publisher\" content=\"https:\/\/www.facebook.com\/PressenzaItalia\" \/>\n<meta property=\"article:author\" content=\"https:\/\/www.facebook.com\/Pressenza-Deutschland-sterreich-Schweiz-281675388658060\/timeline\/\" \/>\n<meta property=\"article:published_time\" content=\"2024-09-12T09:57:07+00:00\" \/>\n<meta property=\"article:modified_time\" content=\"2024-09-13T10:23:29+00:00\" \/>\n<meta property=\"og:image\" content=\"https:\/\/www.pressenza.com\/wp-content\/uploads\/2024\/09\/Dennis-DuVall-and-wife-Michelle-Shiloh.jpg\" \/>\n\t<meta property=\"og:image:width\" content=\"821\" \/>\n\t<meta property=\"og:image:height\" content=\"615\" \/>\n\t<meta property=\"og:image:type\" content=\"image\/jpeg\" \/>\n<meta name=\"author\" content=\"Pressenza Berlin\" \/>\n<meta name=\"twitter:card\" content=\"summary_large_image\" \/>\n<meta name=\"twitter:creator\" content=\"@pressenza_ger\" \/>\n<meta name=\"twitter:site\" content=\"@PressenzaIPA\" \/>\n<meta name=\"twitter:label1\" content=\"Verfasst von\" \/>\n\t<meta name=\"twitter:data1\" content=\"Pressenza Berlin\" \/>\n\t<meta name=\"twitter:label2\" content=\"Gesch\u00e4tzte Lesezeit\" \/>\n\t<meta name=\"twitter:data2\" content=\"2\u00a0Minuten\" \/>\n<script type=\"application\/ld+json\" class=\"yoast-schema-graph\">{\"@context\":\"https:\/\/schema.org\",\"@graph\":[{\"@type\":\"Article\",\"@id\":\"https:\/\/www.pressenza.com\/de\/2024\/09\/deutschland-will-amerikanischen-atomwaffengegner-ausweisen\/#article\",\"isPartOf\":{\"@id\":\"https:\/\/www.pressenza.com\/de\/2024\/09\/deutschland-will-amerikanischen-atomwaffengegner-ausweisen\/\"},\"author\":{\"name\":\"Pressenza Berlin\",\"@id\":\"https:\/\/www.pressenza.com\/de\/#\/schema\/person\/57bb5480943a496a7722b0248e4b658a\"},\"headline\":\"Deutschland will amerikanischen Atomwaffengegner ausweisen\",\"datePublished\":\"2024-09-12T09:57:07+00:00\",\"dateModified\":\"2024-09-13T10:23:29+00:00\",\"mainEntityOfPage\":{\"@id\":\"https:\/\/www.pressenza.com\/de\/2024\/09\/deutschland-will-amerikanischen-atomwaffengegner-ausweisen\/\"},\"wordCount\":237,\"publisher\":{\"@id\":\"https:\/\/www.pressenza.com\/de\/#organization\"},\"image\":{\"@id\":\"https:\/\/www.pressenza.com\/de\/2024\/09\/deutschland-will-amerikanischen-atomwaffengegner-ausweisen\/#primaryimage\"},\"thumbnailUrl\":\"https:\/\/www.pressenza.com\/wp-content\/uploads\/2024\/09\/Dennis-DuVall-and-wife-Michelle-Shiloh.jpg\",\"keywords\":[\"Atomwaffen\",\"Atomwaffenverbot\",\"Ausweisung\",\"B\u00fcchel\",\"Dennis DuVall\",\"Friedensaktivismus\",\"NATO\",\"Nukleare Teilhabe\",\"USA\",\"Veterans for Peace\"],\"articleSection\":[\"Europa\",\"Frieden und Abr\u00fcstung\",\"Gewaltfreiheit\",\"Nordamerika\",\"Politik\"],\"inLanguage\":\"de\"},{\"@type\":\"WebPage\",\"@id\":\"https:\/\/www.pressenza.com\/de\/2024\/09\/deutschland-will-amerikanischen-atomwaffengegner-ausweisen\/\",\"url\":\"https:\/\/www.pressenza.com\/de\/2024\/09\/deutschland-will-amerikanischen-atomwaffengegner-ausweisen\/\",\"name\":\"Deutschland will amerikanischen Atomwaffengegner ausweisen\",\"isPartOf\":{\"@id\":\"https:\/\/www.pressenza.com\/de\/#website\"},\"primaryImageOfPage\":{\"@id\":\"https:\/\/www.pressenza.com\/de\/2024\/09\/deutschland-will-amerikanischen-atomwaffengegner-ausweisen\/#primaryimage\"},\"image\":{\"@id\":\"https:\/\/www.pressenza.com\/de\/2024\/09\/deutschland-will-amerikanischen-atomwaffengegner-ausweisen\/#primaryimage\"},\"thumbnailUrl\":\"https:\/\/www.pressenza.com\/wp-content\/uploads\/2024\/09\/Dennis-DuVall-and-wife-Michelle-Shiloh.jpg\",\"datePublished\":\"2024-09-12T09:57:07+00:00\",\"dateModified\":\"2024-09-13T10:23:29+00:00\",\"description\":\"Am 31. Oktober plant Deutschland die Ausweisung des 82-j\u00e4hrigen US-B\u00fcrgers Dennis DuVall, der in Radeberg lebt. DuVall ist Mitglied der \u201eVeterans For\",\"breadcrumb\":{\"@id\":\"https:\/\/www.pressenza.com\/de\/2024\/09\/deutschland-will-amerikanischen-atomwaffengegner-ausweisen\/#breadcrumb\"},\"inLanguage\":\"de\",\"potentialAction\":[{\"@type\":\"ReadAction\",\"target\":[\"https:\/\/www.pressenza.com\/de\/2024\/09\/deutschland-will-amerikanischen-atomwaffengegner-ausweisen\/\"]}]},{\"@type\":\"ImageObject\",\"inLanguage\":\"de\",\"@id\":\"https:\/\/www.pressenza.com\/de\/2024\/09\/deutschland-will-amerikanischen-atomwaffengegner-ausweisen\/#primaryimage\",\"url\":\"https:\/\/www.pressenza.com\/wp-content\/uploads\/2024\/09\/Dennis-DuVall-and-wife-Michelle-Shiloh.jpg\",\"contentUrl\":\"https:\/\/www.pressenza.com\/wp-content\/uploads\/2024\/09\/Dennis-DuVall-and-wife-Michelle-Shiloh.jpg\",\"width\":821,\"height\":615,\"caption\":\"Deutschland will amerikanischen Atomwaffengegner ausweisen\"},{\"@type\":\"BreadcrumbList\",\"@id\":\"https:\/\/www.pressenza.com\/de\/2024\/09\/deutschland-will-amerikanischen-atomwaffengegner-ausweisen\/#breadcrumb\",\"itemListElement\":[{\"@type\":\"ListItem\",\"position\":1,\"name\":\"Accueil\",\"item\":\"https:\/\/www.pressenza.com\/de\/\"},{\"@type\":\"ListItem\",\"position\":2,\"name\":\"Deutschland will amerikanischen Atomwaffengegner ausweisen\"}]},{\"@type\":\"WebSite\",\"@id\":\"https:\/\/www.pressenza.com\/de\/#website\",\"url\":\"https:\/\/www.pressenza.com\/de\/\",\"name\":\"Pressenza\",\"description\":\"International Press Agency\",\"publisher\":{\"@id\":\"https:\/\/www.pressenza.com\/de\/#organization\"},\"potentialAction\":[{\"@type\":\"SearchAction\",\"target\":{\"@type\":\"EntryPoint\",\"urlTemplate\":\"https:\/\/www.pressenza.com\/de\/?s={search_term_string}\"},\"query-input\":{\"@type\":\"PropertyValueSpecification\",\"valueRequired\":true,\"valueName\":\"search_term_string\"}}],\"inLanguage\":\"de\"},{\"@type\":\"Organization\",\"@id\":\"https:\/\/www.pressenza.com\/de\/#organization\",\"name\":\"Pressenza\",\"url\":\"https:\/\/www.pressenza.com\/de\/\",\"logo\":{\"@type\":\"ImageObject\",\"inLanguage\":\"de\",\"@id\":\"https:\/\/www.pressenza.com\/de\/#\/schema\/logo\/image\/\",\"url\":\"https:\/\/www.pressenza.com\/wp-content\/uploads\/2022\/10\/pressenza_logo_200x200.jpg\",\"contentUrl\":\"https:\/\/www.pressenza.com\/wp-content\/uploads\/2022\/10\/pressenza_logo_200x200.jpg\",\"width\":200,\"height\":200,\"caption\":\"Pressenza\"},\"image\":{\"@id\":\"https:\/\/www.pressenza.com\/de\/#\/schema\/logo\/image\/\"},\"sameAs\":[\"https:\/\/www.facebook.com\/PressenzaItalia\",\"https:\/\/x.com\/PressenzaIPA\"]},{\"@type\":\"Person\",\"@id\":\"https:\/\/www.pressenza.com\/de\/#\/schema\/person\/57bb5480943a496a7722b0248e4b658a\",\"name\":\"Pressenza Berlin\",\"description\":\"News from the Pressenza Bureau in Berlin, Germany\",\"sameAs\":[\"https:\/\/www.facebook.com\/Pressenza-Deutschland-sterreich-Schweiz-281675388658060\/timeline\/\",\"https:\/\/x.com\/pressenza_ger\"],\"url\":\"https:\/\/www.pressenza.com\/de\/author\/pressenza-berlin\/\"}]}<\/script>\n<!-- \/ Yoast SEO plugin. -->","yoast_head_json":{"title":"Deutschland will amerikanischen Atomwaffengegner ausweisen","description":"Am 31. Oktober plant Deutschland die Ausweisung des 82-j\u00e4hrigen US-B\u00fcrgers Dennis DuVall, der in Radeberg lebt. DuVall ist Mitglied der \u201eVeterans For","robots":{"index":"index","follow":"follow","max-snippet":"max-snippet:-1","max-image-preview":"max-image-preview:large","max-video-preview":"max-video-preview:-1"},"canonical":"https:\/\/www.pressenza.com\/de\/2024\/09\/deutschland-will-amerikanischen-atomwaffengegner-ausweisen\/","og_locale":"de_DE","og_type":"article","og_title":"Deutschland will amerikanischen Atomwaffengegner ausweisen","og_description":"Am 31. Oktober plant Deutschland die Ausweisung des 82-j\u00e4hrigen US-B\u00fcrgers Dennis DuVall, der in Radeberg lebt. DuVall ist Mitglied der \u201eVeterans For","og_url":"https:\/\/www.pressenza.com\/de\/2024\/09\/deutschland-will-amerikanischen-atomwaffengegner-ausweisen\/","og_site_name":"Pressenza","article_publisher":"https:\/\/www.facebook.com\/PressenzaItalia","article_author":"https:\/\/www.facebook.com\/Pressenza-Deutschland-sterreich-Schweiz-281675388658060\/timeline\/","article_published_time":"2024-09-12T09:57:07+00:00","article_modified_time":"2024-09-13T10:23:29+00:00","og_image":[{"width":821,"height":615,"url":"https:\/\/www.pressenza.com\/wp-content\/uploads\/2024\/09\/Dennis-DuVall-and-wife-Michelle-Shiloh.jpg","type":"image\/jpeg"}],"author":"Pressenza Berlin","twitter_card":"summary_large_image","twitter_creator":"@pressenza_ger","twitter_site":"@PressenzaIPA","twitter_misc":{"Verfasst von":"Pressenza Berlin","Gesch\u00e4tzte Lesezeit":"2\u00a0Minuten"},"schema":{"@context":"https:\/\/schema.org","@graph":[{"@type":"Article","@id":"https:\/\/www.pressenza.com\/de\/2024\/09\/deutschland-will-amerikanischen-atomwaffengegner-ausweisen\/#article","isPartOf":{"@id":"https:\/\/www.pressenza.com\/de\/2024\/09\/deutschland-will-amerikanischen-atomwaffengegner-ausweisen\/"},"author":{"name":"Pressenza Berlin","@id":"https:\/\/www.pressenza.com\/de\/#\/schema\/person\/57bb5480943a496a7722b0248e4b658a"},"headline":"Deutschland will amerikanischen Atomwaffengegner ausweisen","datePublished":"2024-09-12T09:57:07+00:00","dateModified":"2024-09-13T10:23:29+00:00","mainEntityOfPage":{"@id":"https:\/\/www.pressenza.com\/de\/2024\/09\/deutschland-will-amerikanischen-atomwaffengegner-ausweisen\/"},"wordCount":237,"publisher":{"@id":"https:\/\/www.pressenza.com\/de\/#organization"},"image":{"@id":"https:\/\/www.pressenza.com\/de\/2024\/09\/deutschland-will-amerikanischen-atomwaffengegner-ausweisen\/#primaryimage"},"thumbnailUrl":"https:\/\/www.pressenza.com\/wp-content\/uploads\/2024\/09\/Dennis-DuVall-and-wife-Michelle-Shiloh.jpg","keywords":["Atomwaffen","Atomwaffenverbot","Ausweisung","B\u00fcchel","Dennis DuVall","Friedensaktivismus","NATO","Nukleare Teilhabe","USA","Veterans for Peace"],"articleSection":["Europa","Frieden und Abr\u00fcstung","Gewaltfreiheit","Nordamerika","Politik"],"inLanguage":"de"},{"@type":"WebPage","@id":"https:\/\/www.pressenza.com\/de\/2024\/09\/deutschland-will-amerikanischen-atomwaffengegner-ausweisen\/","url":"https:\/\/www.pressenza.com\/de\/2024\/09\/deutschland-will-amerikanischen-atomwaffengegner-ausweisen\/","name":"Deutschland will amerikanischen Atomwaffengegner ausweisen","isPartOf":{"@id":"https:\/\/www.pressenza.com\/de\/#website"},"primaryImageOfPage":{"@id":"https:\/\/www.pressenza.com\/de\/2024\/09\/deutschland-will-amerikanischen-atomwaffengegner-ausweisen\/#primaryimage"},"image":{"@id":"https:\/\/www.pressenza.com\/de\/2024\/09\/deutschland-will-amerikanischen-atomwaffengegner-ausweisen\/#primaryimage"},"thumbnailUrl":"https:\/\/www.pressenza.com\/wp-content\/uploads\/2024\/09\/Dennis-DuVall-and-wife-Michelle-Shiloh.jpg","datePublished":"2024-09-12T09:57:07+00:00","dateModified":"2024-09-13T10:23:29+00:00","description":"Am 31. Oktober plant Deutschland die Ausweisung des 82-j\u00e4hrigen US-B\u00fcrgers Dennis DuVall, der in Radeberg lebt. DuVall ist Mitglied der \u201eVeterans For","breadcrumb":{"@id":"https:\/\/www.pressenza.com\/de\/2024\/09\/deutschland-will-amerikanischen-atomwaffengegner-ausweisen\/#breadcrumb"},"inLanguage":"de","potentialAction":[{"@type":"ReadAction","target":["https:\/\/www.pressenza.com\/de\/2024\/09\/deutschland-will-amerikanischen-atomwaffengegner-ausweisen\/"]}]},{"@type":"ImageObject","inLanguage":"de","@id":"https:\/\/www.pressenza.com\/de\/2024\/09\/deutschland-will-amerikanischen-atomwaffengegner-ausweisen\/#primaryimage","url":"https:\/\/www.pressenza.com\/wp-content\/uploads\/2024\/09\/Dennis-DuVall-and-wife-Michelle-Shiloh.jpg","contentUrl":"https:\/\/www.pressenza.com\/wp-content\/uploads\/2024\/09\/Dennis-DuVall-and-wife-Michelle-Shiloh.jpg","width":821,"height":615,"caption":"Deutschland will amerikanischen Atomwaffengegner ausweisen"},{"@type":"BreadcrumbList","@id":"https:\/\/www.pressenza.com\/de\/2024\/09\/deutschland-will-amerikanischen-atomwaffengegner-ausweisen\/#breadcrumb","itemListElement":[{"@type":"ListItem","position":1,"name":"Accueil","item":"https:\/\/www.pressenza.com\/de\/"},{"@type":"ListItem","position":2,"name":"Deutschland will amerikanischen Atomwaffengegner ausweisen"}]},{"@type":"WebSite","@id":"https:\/\/www.pressenza.com\/de\/#website","url":"https:\/\/www.pressenza.com\/de\/","name":"Pressenza","description":"International Press Agency","publisher":{"@id":"https:\/\/www.pressenza.com\/de\/#organization"},"potentialAction":[{"@type":"SearchAction","target":{"@type":"EntryPoint","urlTemplate":"https:\/\/www.pressenza.com\/de\/?s={search_term_string}"},"query-input":{"@type":"PropertyValueSpecification","valueRequired":true,"valueName":"search_term_string"}}],"inLanguage":"de"},{"@type":"Organization","@id":"https:\/\/www.pressenza.com\/de\/#organization","name":"Pressenza","url":"https:\/\/www.pressenza.com\/de\/","logo":{"@type":"ImageObject","inLanguage":"de","@id":"https:\/\/www.pressenza.com\/de\/#\/schema\/logo\/image\/","url":"https:\/\/www.pressenza.com\/wp-content\/uploads\/2022\/10\/pressenza_logo_200x200.jpg","contentUrl":"https:\/\/www.pressenza.com\/wp-content\/uploads\/2022\/10\/pressenza_logo_200x200.jpg","width":200,"height":200,"caption":"Pressenza"},"image":{"@id":"https:\/\/www.pressenza.com\/de\/#\/schema\/logo\/image\/"},"sameAs":["https:\/\/www.facebook.com\/PressenzaItalia","https:\/\/x.com\/PressenzaIPA"]},{"@type":"Person","@id":"https:\/\/www.pressenza.com\/de\/#\/schema\/person\/57bb5480943a496a7722b0248e4b658a","name":"Pressenza Berlin","description":"News from the Pressenza Bureau in Berlin, Germany","sameAs":["https:\/\/www.facebook.com\/Pressenza-Deutschland-sterreich-Schweiz-281675388658060\/timeline\/","https:\/\/x.com\/pressenza_ger"],"url":"https:\/\/www.pressenza.com\/de\/author\/pressenza-berlin\/"}]}},"place":"","original_article_url":"https:\/\/www.nukeresister.org\/2024\/09\/10\/germany-intends-to-expel-american-nuclear-resister\/","_links":{"self":[{"href":"https:\/\/www.pressenza.com\/de\/wp-json\/wp\/v2\/posts\/2547500","targetHints":{"allow":["GET"]}}],"collection":[{"href":"https:\/\/www.pressenza.com\/de\/wp-json\/wp\/v2\/posts"}],"about":[{"href":"https:\/\/www.pressenza.com\/de\/wp-json\/wp\/v2\/types\/post"}],"author":[{"embeddable":true,"href":"https:\/\/www.pressenza.com\/de\/wp-json\/wp\/v2\/users\/1095"}],"replies":[{"embeddable":true,"href":"https:\/\/www.pressenza.com\/de\/wp-json\/wp\/v2\/comments?post=2547500"}],"version-history":[{"count":0,"href":"https:\/\/www.pressenza.com\/de\/wp-json\/wp\/v2\/posts\/2547500\/revisions"}],"wp:featuredmedia":[{"embeddable":true,"href":"https:\/\/www.pressenza.com\/de\/wp-json\/wp\/v2\/media\/2547506"}],"wp:attachment":[{"href":"https:\/\/www.pressenza.com\/de\/wp-json\/wp\/v2\/media?parent=2547500"}],"wp:term":[{"taxonomy":"category","embeddable":true,"href":"https:\/\/www.pressenza.com\/de\/wp-json\/wp\/v2\/categories?post=2547500"},{"taxonomy":"post_tag","embeddable":true,"href":"https:\/\/www.pressenza.com\/de\/wp-json\/wp\/v2\/tags?post=2547500"}],"curies":[{"name":"wp","href":"https:\/\/api.w.org\/{rel}","templated":true}]}}