{"id":2546272,"date":"2024-09-05T12:14:26","date_gmt":"2024-09-05T11:14:26","guid":{"rendered":"https:\/\/www.pressenza.com\/?p=2546272"},"modified":"2024-09-05T12:14:26","modified_gmt":"2024-09-05T11:14:26","slug":"waldbraende-in-bolivien-bedrohen-indigene-gemeinschaften-und-oekologisches-gleichgewicht-des-amazonas","status":"publish","type":"post","link":"https:\/\/www.pressenza.com\/de\/2024\/09\/waldbraende-in-bolivien-bedrohen-indigene-gemeinschaften-und-oekologisches-gleichgewicht-des-amazonas\/","title":{"rendered":"Waldbr\u00e4nde in Bolivien bedrohen indigene Gemeinschaften und \u00f6kologisches Gleichgewicht des Amazonas"},"content":{"rendered":"<p><strong>Waldbr\u00e4nde in Bolivien bedrohen indigene Gemeinschaften und \u00f6kologisches Gleichgewicht des Amazonas<\/strong><\/p>\n<p>Die Gesellschaft f\u00fcr bedrohte V\u00f6lker (GfbV) warnt zum Tag des Amazonas (5.9.) vor der Zerst\u00f6rung wichtiger angrenzender \u00d6kosysteme und der Bedrohung der dort lebenden indigenen V\u00f6lker durch verheerende Waldbr\u00e4nde. \u201eDie aktuellen Waldbr\u00e4nde zeigen auf drastische Weise, wie eng verbunden der Amazonasraum mit angrenzenden \u00d6koregionen wie der Chiquitan\u00eda ist. Die Zerst\u00f6rung der W\u00e4lder in den Schutzgebieten Bajo Paragua und Noel Kempff Mercado in Bolivien wirkt sich direkt auf die Stabilit\u00e4t des Amazonasgebiets und damit indirekt auf das Weltklima aus. Nun sind diese Gebiete akut bedroht\u201c, warnt GfbV-Referent f\u00fcr Indigene V\u00f6lker, Jan K\u00f6nigshausen.<\/p>\n<p>Laut der bolivianischen Stiftung f\u00fcr den Erhalt des Chiquitan\u00eda Trockenwaldes (FCBC) beherbergen sowohl das Schutzgebiet und indigene Territorium Bajo Paragua als auch der angrenzende UNESCO-Weltnaturerbe Nationalpark Noel Kempff Mercado eine einzigartige Artenvielfalt und spielen als Schutzgebietskorridor zwischen dem tropischen Chiquitan\u00eda-Trockenwald und dem Amazonas-Regenwald eine zentrale Rolle f\u00fcr den Erhalt der Biodiversit\u00e4t im Amazonasbecken. Zudem erf\u00fcllt die Region eine Schl\u00fcsselfunktion f\u00fcr die dort lebenden indigenen Gemeinschaften hinsichtlich ihrer Lebensweisen. Sie ist Heimat der indigenen Gemeinden Florida, Picaflor, Porvenir und Piso Firme. \u201eDiese Gemeinschaften stehen an vorderster Front, wenn es um den Schutz ihrer W\u00e4lder und den Erhalt der Biodiversit\u00e4t geht. Ihre enge Beziehung zur Natur und ihre Verantwortung f\u00fcr die nachhaltige Bewirtschaftung ihres Landes sind daf\u00fcr essenziell\u201c, betont K\u00f6nigshausen.<\/p>\n<p>\u201eDas Feuer bedroht nicht nur die Lebensgrundlage der indigenen V\u00f6lker, sondern auch ihre kulturelle Identit\u00e4t und ihr Wissen \u00fcber diese einzigartigen \u00d6kosysteme. Ihre nachhaltige Landnutzung bietet eine Alternative zum zerst\u00f6rerischen Entwicklungsmodell, das die W\u00e4lder vernichtet und die Klimakrise weiter versch\u00e4rft\u201c, sagt der Menschenrechtler. Dar\u00fcber hinaus gibt es weitere drastische Folgen f\u00fcr die Bewohner. Sie sind jedes Jahr \u00fcber Monate dem giftigen Rauch ausgesetzt, was zu schweren Gesundheitssch\u00e4den f\u00fchrt. Schulen sind monatelang geschlossen und Kinder m\u00fcssen alleine in ihren H\u00e4usern ausharren, w\u00e4hrend ihre Eltern ihr Leben im Kampf gegen die Flammen riskieren. \u201eWir fordern die bolivianische Regierung und die internationale Gemeinschaft auf, unverz\u00fcglich Ma\u00dfnahmen zur Eind\u00e4mmung der Brandursachen und Br\u00e4nde sowie zum Schutz der indigenen V\u00f6lker und der betroffenen Schutzgebiete zu ergreifen\u201c, appelliert K\u00f6nigshausen.<\/p>\n<p>Langfristig brauche es ein Umdenken in der Klimapolitik, erkl\u00e4rt der Referent f\u00fcr Indigene V\u00f6lker. \u201eDer Fokus auf den Amazonas alleine greift zu kurz. Ein nachhaltiger Klimaschutz muss auch die angrenzenden \u00d6kosysteme wie den Chiquitan\u00eda-Trockenwald einbeziehen und auf lokaler Ebene mit den indigenen Gemeinschaften zusammenarbeiten.\u201c<\/p>\n<p>Die diesj\u00e4hrigen Br\u00e4nde im Amazonasraum und den angrenzenden Gebieten sind besonders intensiv und begannen ungew\u00f6hnlich fr\u00fch \u2013 mehr als 4 Millionen Hektar Land wurden laut Auswertung der NGO TIERRA alleine in Bolivien bereits zerst\u00f6rt. Schon im Juni wurden die ersten Feuer gemeldet, bis August gab es landesweit fast 2.000 Brandherde \u2013 eine alarmierende Zunahme im Vergleich zu den Vorjahren. Diese Entwicklung wird durch eine Kombination aus extremen klimatischen Bedingungen wie langanhaltender D\u00fcrre und starken Winden beg\u00fcnstigt, aber auch durch menschliche Eingriffe wie illegale Brandrodung und Landspekulation.<\/p>\n","protected":false},"excerpt":{"rendered":"<p>Waldbr\u00e4nde in Bolivien bedrohen indigene Gemeinschaften und \u00f6kologisches Gleichgewicht des Amazonas Die Gesellschaft f\u00fcr bedrohte V\u00f6lker (GfbV) warnt zum Tag des Amazonas (5.9.) vor der Zerst\u00f6rung wichtiger angrenzender \u00d6kosysteme und der Bedrohung der dort lebenden indigenen V\u00f6lker durch verheerende Waldbr\u00e4nde.&hellip;<\/p>\n","protected":false},"author":1100,"featured_media":2546283,"comment_status":"closed","ping_status":"closed","sticky":false,"template":"","format":"standard","meta":{"footnotes":""},"categories":[9163,9157,9168,9145,9154],"tags":[11757,11052,81081,30244,63705],"class_list":["post-2546272","post","type-post","status-publish","format-standard","has-post-thumbnail","hentry","category-indigene-voelker","category-oekologie-und-umwelt","category-politik","category-pressemitteilungen","category-suedamerika","tag-amazonas","tag-indigene-voelker-2","tag-tag-des-amazonas","tag-umwelt","tag-waldbraende"],"yoast_head":"<!-- This site is optimized with the Yoast SEO plugin v27.1.1 - https:\/\/yoast.com\/product\/yoast-seo-wordpress\/ -->\n<title>Waldbr\u00e4nde in Bolivien bedrohen indigene Gemeinschaften und \u00f6kologisches Gleichgewicht des Amazonas<\/title>\n<meta name=\"description\" content=\"Waldbr\u00e4nde in Bolivien bedrohen indigene Gemeinschaften und \u00f6kologisches Gleichgewicht des Amazonas Die Gesellschaft f\u00fcr bedrohte V\u00f6lker (GfbV) warnt zum\" \/>\n<meta name=\"robots\" content=\"index, follow, max-snippet:-1, max-image-preview:large, max-video-preview:-1\" \/>\n<link rel=\"canonical\" href=\"https:\/\/www.pressenza.com\/de\/2024\/09\/waldbraende-in-bolivien-bedrohen-indigene-gemeinschaften-und-oekologisches-gleichgewicht-des-amazonas\/\" \/>\n<meta property=\"og:locale\" content=\"de_DE\" \/>\n<meta property=\"og:type\" content=\"article\" \/>\n<meta property=\"og:title\" content=\"Waldbr\u00e4nde in Bolivien bedrohen indigene Gemeinschaften und \u00f6kologisches Gleichgewicht des Amazonas\" \/>\n<meta property=\"og:description\" content=\"Waldbr\u00e4nde in Bolivien bedrohen indigene Gemeinschaften und \u00f6kologisches Gleichgewicht des Amazonas Die Gesellschaft f\u00fcr bedrohte V\u00f6lker (GfbV) warnt zum\" \/>\n<meta property=\"og:url\" content=\"https:\/\/www.pressenza.com\/de\/2024\/09\/waldbraende-in-bolivien-bedrohen-indigene-gemeinschaften-und-oekologisches-gleichgewicht-des-amazonas\/\" \/>\n<meta property=\"og:site_name\" content=\"Pressenza\" \/>\n<meta property=\"article:publisher\" content=\"https:\/\/www.facebook.com\/PressenzaItalia\" \/>\n<meta property=\"article:published_time\" content=\"2024-09-05T11:14:26+00:00\" \/>\n<meta property=\"og:image\" content=\"https:\/\/www.pressenza.com\/wp-content\/uploads\/2024\/09\/2048px-Big_wildfire_in_San_Jose_de_Chiquitos_Bolivia.jpg\" \/>\n\t<meta property=\"og:image:width\" content=\"1920\" \/>\n\t<meta property=\"og:image:height\" content=\"1080\" \/>\n\t<meta property=\"og:image:type\" content=\"image\/jpeg\" \/>\n<meta name=\"author\" content=\"Gesellschaft f\u00fcr bedrohte V\u00f6lker\" \/>\n<meta name=\"twitter:card\" content=\"summary_large_image\" \/>\n<meta name=\"twitter:creator\" content=\"@PressenzaIPA\" \/>\n<meta name=\"twitter:site\" content=\"@PressenzaIPA\" \/>\n<meta name=\"twitter:label1\" content=\"Verfasst von\" \/>\n\t<meta name=\"twitter:data1\" content=\"Gesellschaft f\u00fcr bedrohte V\u00f6lker\" \/>\n\t<meta name=\"twitter:label2\" content=\"Gesch\u00e4tzte Lesezeit\" \/>\n\t<meta name=\"twitter:data2\" content=\"3\u00a0Minuten\" \/>\n<script type=\"application\/ld+json\" class=\"yoast-schema-graph\">{\"@context\":\"https:\/\/schema.org\",\"@graph\":[{\"@type\":\"Article\",\"@id\":\"https:\/\/www.pressenza.com\/de\/2024\/09\/waldbraende-in-bolivien-bedrohen-indigene-gemeinschaften-und-oekologisches-gleichgewicht-des-amazonas\/#article\",\"isPartOf\":{\"@id\":\"https:\/\/www.pressenza.com\/de\/2024\/09\/waldbraende-in-bolivien-bedrohen-indigene-gemeinschaften-und-oekologisches-gleichgewicht-des-amazonas\/\"},\"author\":{\"name\":\"Gesellschaft f\u00fcr bedrohte V\u00f6lker\",\"@id\":\"https:\/\/www.pressenza.com\/de\/#\/schema\/person\/f6cae27dc9933b58b3937fe60cc2c5a9\"},\"headline\":\"Waldbr\u00e4nde in Bolivien bedrohen indigene Gemeinschaften und \u00f6kologisches Gleichgewicht des Amazonas\",\"datePublished\":\"2024-09-05T11:14:26+00:00\",\"mainEntityOfPage\":{\"@id\":\"https:\/\/www.pressenza.com\/de\/2024\/09\/waldbraende-in-bolivien-bedrohen-indigene-gemeinschaften-und-oekologisches-gleichgewicht-des-amazonas\/\"},\"wordCount\":536,\"publisher\":{\"@id\":\"https:\/\/www.pressenza.com\/de\/#organization\"},\"image\":{\"@id\":\"https:\/\/www.pressenza.com\/de\/2024\/09\/waldbraende-in-bolivien-bedrohen-indigene-gemeinschaften-und-oekologisches-gleichgewicht-des-amazonas\/#primaryimage\"},\"thumbnailUrl\":\"https:\/\/www.pressenza.com\/wp-content\/uploads\/2024\/09\/2048px-Big_wildfire_in_San_Jose_de_Chiquitos_Bolivia.jpg\",\"keywords\":[\"Amazonas\",\"indigene V\u00f6lker\",\"Tag des Amazonas\",\"Umwelt\",\"Waldbr\u00e4nde\"],\"articleSection\":[\"Indigene V\u00f6lker\",\"\u00d6kologie und Umwelt\",\"Politik\",\"Pressemitteilungen\",\"S\u00fcdamerika\"],\"inLanguage\":\"de\"},{\"@type\":\"WebPage\",\"@id\":\"https:\/\/www.pressenza.com\/de\/2024\/09\/waldbraende-in-bolivien-bedrohen-indigene-gemeinschaften-und-oekologisches-gleichgewicht-des-amazonas\/\",\"url\":\"https:\/\/www.pressenza.com\/de\/2024\/09\/waldbraende-in-bolivien-bedrohen-indigene-gemeinschaften-und-oekologisches-gleichgewicht-des-amazonas\/\",\"name\":\"Waldbr\u00e4nde in Bolivien bedrohen indigene Gemeinschaften und \u00f6kologisches Gleichgewicht des Amazonas\",\"isPartOf\":{\"@id\":\"https:\/\/www.pressenza.com\/de\/#website\"},\"primaryImageOfPage\":{\"@id\":\"https:\/\/www.pressenza.com\/de\/2024\/09\/waldbraende-in-bolivien-bedrohen-indigene-gemeinschaften-und-oekologisches-gleichgewicht-des-amazonas\/#primaryimage\"},\"image\":{\"@id\":\"https:\/\/www.pressenza.com\/de\/2024\/09\/waldbraende-in-bolivien-bedrohen-indigene-gemeinschaften-und-oekologisches-gleichgewicht-des-amazonas\/#primaryimage\"},\"thumbnailUrl\":\"https:\/\/www.pressenza.com\/wp-content\/uploads\/2024\/09\/2048px-Big_wildfire_in_San_Jose_de_Chiquitos_Bolivia.jpg\",\"datePublished\":\"2024-09-05T11:14:26+00:00\",\"description\":\"Waldbr\u00e4nde in Bolivien bedrohen indigene Gemeinschaften und \u00f6kologisches Gleichgewicht des Amazonas Die Gesellschaft f\u00fcr bedrohte V\u00f6lker (GfbV) warnt zum\",\"breadcrumb\":{\"@id\":\"https:\/\/www.pressenza.com\/de\/2024\/09\/waldbraende-in-bolivien-bedrohen-indigene-gemeinschaften-und-oekologisches-gleichgewicht-des-amazonas\/#breadcrumb\"},\"inLanguage\":\"de\",\"potentialAction\":[{\"@type\":\"ReadAction\",\"target\":[\"https:\/\/www.pressenza.com\/de\/2024\/09\/waldbraende-in-bolivien-bedrohen-indigene-gemeinschaften-und-oekologisches-gleichgewicht-des-amazonas\/\"]}]},{\"@type\":\"ImageObject\",\"inLanguage\":\"de\",\"@id\":\"https:\/\/www.pressenza.com\/de\/2024\/09\/waldbraende-in-bolivien-bedrohen-indigene-gemeinschaften-und-oekologisches-gleichgewicht-des-amazonas\/#primaryimage\",\"url\":\"https:\/\/www.pressenza.com\/wp-content\/uploads\/2024\/09\/2048px-Big_wildfire_in_San_Jose_de_Chiquitos_Bolivia.jpg\",\"contentUrl\":\"https:\/\/www.pressenza.com\/wp-content\/uploads\/2024\/09\/2048px-Big_wildfire_in_San_Jose_de_Chiquitos_Bolivia.jpg\",\"width\":1920,\"height\":1080},{\"@type\":\"BreadcrumbList\",\"@id\":\"https:\/\/www.pressenza.com\/de\/2024\/09\/waldbraende-in-bolivien-bedrohen-indigene-gemeinschaften-und-oekologisches-gleichgewicht-des-amazonas\/#breadcrumb\",\"itemListElement\":[{\"@type\":\"ListItem\",\"position\":1,\"name\":\"Accueil\",\"item\":\"https:\/\/www.pressenza.com\/de\/\"},{\"@type\":\"ListItem\",\"position\":2,\"name\":\"Waldbr\u00e4nde in Bolivien bedrohen indigene Gemeinschaften und \u00f6kologisches Gleichgewicht des Amazonas\"}]},{\"@type\":\"WebSite\",\"@id\":\"https:\/\/www.pressenza.com\/de\/#website\",\"url\":\"https:\/\/www.pressenza.com\/de\/\",\"name\":\"Pressenza\",\"description\":\"International Press Agency\",\"publisher\":{\"@id\":\"https:\/\/www.pressenza.com\/de\/#organization\"},\"potentialAction\":[{\"@type\":\"SearchAction\",\"target\":{\"@type\":\"EntryPoint\",\"urlTemplate\":\"https:\/\/www.pressenza.com\/de\/?s={search_term_string}\"},\"query-input\":{\"@type\":\"PropertyValueSpecification\",\"valueRequired\":true,\"valueName\":\"search_term_string\"}}],\"inLanguage\":\"de\"},{\"@type\":\"Organization\",\"@id\":\"https:\/\/www.pressenza.com\/de\/#organization\",\"name\":\"Pressenza\",\"url\":\"https:\/\/www.pressenza.com\/de\/\",\"logo\":{\"@type\":\"ImageObject\",\"inLanguage\":\"de\",\"@id\":\"https:\/\/www.pressenza.com\/de\/#\/schema\/logo\/image\/\",\"url\":\"https:\/\/www.pressenza.com\/wp-content\/uploads\/2022\/10\/pressenza_logo_200x200.jpg\",\"contentUrl\":\"https:\/\/www.pressenza.com\/wp-content\/uploads\/2022\/10\/pressenza_logo_200x200.jpg\",\"width\":200,\"height\":200,\"caption\":\"Pressenza\"},\"image\":{\"@id\":\"https:\/\/www.pressenza.com\/de\/#\/schema\/logo\/image\/\"},\"sameAs\":[\"https:\/\/www.facebook.com\/PressenzaItalia\",\"https:\/\/x.com\/PressenzaIPA\"]},{\"@type\":\"Person\",\"@id\":\"https:\/\/www.pressenza.com\/de\/#\/schema\/person\/f6cae27dc9933b58b3937fe60cc2c5a9\",\"name\":\"Gesellschaft f\u00fcr bedrohte V\u00f6lker\",\"description\":\"bedrohte v\u00f6lker berichtet regelm\u00e4\u00dfig und aktuell \u00fcber verfolgte ethnische und religi\u00f6se Minderheiten, Nationalit\u00e4ten und Ureinwohnerv\u00f6lker in aller Welt. Im deutschen Sprachraum gibt es kein vergleichbares Medium.\",\"url\":\"https:\/\/www.pressenza.com\/de\/author\/gfbv\/\"}]}<\/script>\n<!-- \/ Yoast SEO plugin. -->","yoast_head_json":{"title":"Waldbr\u00e4nde in Bolivien bedrohen indigene Gemeinschaften und \u00f6kologisches Gleichgewicht des Amazonas","description":"Waldbr\u00e4nde in Bolivien bedrohen indigene Gemeinschaften und \u00f6kologisches Gleichgewicht des Amazonas Die Gesellschaft f\u00fcr bedrohte V\u00f6lker (GfbV) warnt zum","robots":{"index":"index","follow":"follow","max-snippet":"max-snippet:-1","max-image-preview":"max-image-preview:large","max-video-preview":"max-video-preview:-1"},"canonical":"https:\/\/www.pressenza.com\/de\/2024\/09\/waldbraende-in-bolivien-bedrohen-indigene-gemeinschaften-und-oekologisches-gleichgewicht-des-amazonas\/","og_locale":"de_DE","og_type":"article","og_title":"Waldbr\u00e4nde in Bolivien bedrohen indigene Gemeinschaften und \u00f6kologisches Gleichgewicht des Amazonas","og_description":"Waldbr\u00e4nde in Bolivien bedrohen indigene Gemeinschaften und \u00f6kologisches Gleichgewicht des Amazonas Die Gesellschaft f\u00fcr bedrohte V\u00f6lker (GfbV) warnt zum","og_url":"https:\/\/www.pressenza.com\/de\/2024\/09\/waldbraende-in-bolivien-bedrohen-indigene-gemeinschaften-und-oekologisches-gleichgewicht-des-amazonas\/","og_site_name":"Pressenza","article_publisher":"https:\/\/www.facebook.com\/PressenzaItalia","article_published_time":"2024-09-05T11:14:26+00:00","og_image":[{"width":1920,"height":1080,"url":"https:\/\/www.pressenza.com\/wp-content\/uploads\/2024\/09\/2048px-Big_wildfire_in_San_Jose_de_Chiquitos_Bolivia.jpg","type":"image\/jpeg"}],"author":"Gesellschaft f\u00fcr bedrohte V\u00f6lker","twitter_card":"summary_large_image","twitter_creator":"@PressenzaIPA","twitter_site":"@PressenzaIPA","twitter_misc":{"Verfasst von":"Gesellschaft f\u00fcr bedrohte V\u00f6lker","Gesch\u00e4tzte Lesezeit":"3\u00a0Minuten"},"schema":{"@context":"https:\/\/schema.org","@graph":[{"@type":"Article","@id":"https:\/\/www.pressenza.com\/de\/2024\/09\/waldbraende-in-bolivien-bedrohen-indigene-gemeinschaften-und-oekologisches-gleichgewicht-des-amazonas\/#article","isPartOf":{"@id":"https:\/\/www.pressenza.com\/de\/2024\/09\/waldbraende-in-bolivien-bedrohen-indigene-gemeinschaften-und-oekologisches-gleichgewicht-des-amazonas\/"},"author":{"name":"Gesellschaft f\u00fcr bedrohte V\u00f6lker","@id":"https:\/\/www.pressenza.com\/de\/#\/schema\/person\/f6cae27dc9933b58b3937fe60cc2c5a9"},"headline":"Waldbr\u00e4nde in Bolivien bedrohen indigene Gemeinschaften und \u00f6kologisches Gleichgewicht des Amazonas","datePublished":"2024-09-05T11:14:26+00:00","mainEntityOfPage":{"@id":"https:\/\/www.pressenza.com\/de\/2024\/09\/waldbraende-in-bolivien-bedrohen-indigene-gemeinschaften-und-oekologisches-gleichgewicht-des-amazonas\/"},"wordCount":536,"publisher":{"@id":"https:\/\/www.pressenza.com\/de\/#organization"},"image":{"@id":"https:\/\/www.pressenza.com\/de\/2024\/09\/waldbraende-in-bolivien-bedrohen-indigene-gemeinschaften-und-oekologisches-gleichgewicht-des-amazonas\/#primaryimage"},"thumbnailUrl":"https:\/\/www.pressenza.com\/wp-content\/uploads\/2024\/09\/2048px-Big_wildfire_in_San_Jose_de_Chiquitos_Bolivia.jpg","keywords":["Amazonas","indigene V\u00f6lker","Tag des Amazonas","Umwelt","Waldbr\u00e4nde"],"articleSection":["Indigene V\u00f6lker","\u00d6kologie und Umwelt","Politik","Pressemitteilungen","S\u00fcdamerika"],"inLanguage":"de"},{"@type":"WebPage","@id":"https:\/\/www.pressenza.com\/de\/2024\/09\/waldbraende-in-bolivien-bedrohen-indigene-gemeinschaften-und-oekologisches-gleichgewicht-des-amazonas\/","url":"https:\/\/www.pressenza.com\/de\/2024\/09\/waldbraende-in-bolivien-bedrohen-indigene-gemeinschaften-und-oekologisches-gleichgewicht-des-amazonas\/","name":"Waldbr\u00e4nde in Bolivien bedrohen indigene Gemeinschaften und \u00f6kologisches Gleichgewicht des Amazonas","isPartOf":{"@id":"https:\/\/www.pressenza.com\/de\/#website"},"primaryImageOfPage":{"@id":"https:\/\/www.pressenza.com\/de\/2024\/09\/waldbraende-in-bolivien-bedrohen-indigene-gemeinschaften-und-oekologisches-gleichgewicht-des-amazonas\/#primaryimage"},"image":{"@id":"https:\/\/www.pressenza.com\/de\/2024\/09\/waldbraende-in-bolivien-bedrohen-indigene-gemeinschaften-und-oekologisches-gleichgewicht-des-amazonas\/#primaryimage"},"thumbnailUrl":"https:\/\/www.pressenza.com\/wp-content\/uploads\/2024\/09\/2048px-Big_wildfire_in_San_Jose_de_Chiquitos_Bolivia.jpg","datePublished":"2024-09-05T11:14:26+00:00","description":"Waldbr\u00e4nde in Bolivien bedrohen indigene Gemeinschaften und \u00f6kologisches Gleichgewicht des Amazonas Die Gesellschaft f\u00fcr bedrohte V\u00f6lker (GfbV) warnt zum","breadcrumb":{"@id":"https:\/\/www.pressenza.com\/de\/2024\/09\/waldbraende-in-bolivien-bedrohen-indigene-gemeinschaften-und-oekologisches-gleichgewicht-des-amazonas\/#breadcrumb"},"inLanguage":"de","potentialAction":[{"@type":"ReadAction","target":["https:\/\/www.pressenza.com\/de\/2024\/09\/waldbraende-in-bolivien-bedrohen-indigene-gemeinschaften-und-oekologisches-gleichgewicht-des-amazonas\/"]}]},{"@type":"ImageObject","inLanguage":"de","@id":"https:\/\/www.pressenza.com\/de\/2024\/09\/waldbraende-in-bolivien-bedrohen-indigene-gemeinschaften-und-oekologisches-gleichgewicht-des-amazonas\/#primaryimage","url":"https:\/\/www.pressenza.com\/wp-content\/uploads\/2024\/09\/2048px-Big_wildfire_in_San_Jose_de_Chiquitos_Bolivia.jpg","contentUrl":"https:\/\/www.pressenza.com\/wp-content\/uploads\/2024\/09\/2048px-Big_wildfire_in_San_Jose_de_Chiquitos_Bolivia.jpg","width":1920,"height":1080},{"@type":"BreadcrumbList","@id":"https:\/\/www.pressenza.com\/de\/2024\/09\/waldbraende-in-bolivien-bedrohen-indigene-gemeinschaften-und-oekologisches-gleichgewicht-des-amazonas\/#breadcrumb","itemListElement":[{"@type":"ListItem","position":1,"name":"Accueil","item":"https:\/\/www.pressenza.com\/de\/"},{"@type":"ListItem","position":2,"name":"Waldbr\u00e4nde in Bolivien bedrohen indigene Gemeinschaften und \u00f6kologisches Gleichgewicht des Amazonas"}]},{"@type":"WebSite","@id":"https:\/\/www.pressenza.com\/de\/#website","url":"https:\/\/www.pressenza.com\/de\/","name":"Pressenza","description":"International Press Agency","publisher":{"@id":"https:\/\/www.pressenza.com\/de\/#organization"},"potentialAction":[{"@type":"SearchAction","target":{"@type":"EntryPoint","urlTemplate":"https:\/\/www.pressenza.com\/de\/?s={search_term_string}"},"query-input":{"@type":"PropertyValueSpecification","valueRequired":true,"valueName":"search_term_string"}}],"inLanguage":"de"},{"@type":"Organization","@id":"https:\/\/www.pressenza.com\/de\/#organization","name":"Pressenza","url":"https:\/\/www.pressenza.com\/de\/","logo":{"@type":"ImageObject","inLanguage":"de","@id":"https:\/\/www.pressenza.com\/de\/#\/schema\/logo\/image\/","url":"https:\/\/www.pressenza.com\/wp-content\/uploads\/2022\/10\/pressenza_logo_200x200.jpg","contentUrl":"https:\/\/www.pressenza.com\/wp-content\/uploads\/2022\/10\/pressenza_logo_200x200.jpg","width":200,"height":200,"caption":"Pressenza"},"image":{"@id":"https:\/\/www.pressenza.com\/de\/#\/schema\/logo\/image\/"},"sameAs":["https:\/\/www.facebook.com\/PressenzaItalia","https:\/\/x.com\/PressenzaIPA"]},{"@type":"Person","@id":"https:\/\/www.pressenza.com\/de\/#\/schema\/person\/f6cae27dc9933b58b3937fe60cc2c5a9","name":"Gesellschaft f\u00fcr bedrohte V\u00f6lker","description":"bedrohte v\u00f6lker berichtet regelm\u00e4\u00dfig und aktuell \u00fcber verfolgte ethnische und religi\u00f6se Minderheiten, Nationalit\u00e4ten und Ureinwohnerv\u00f6lker in aller Welt. Im deutschen Sprachraum gibt es kein vergleichbares Medium.","url":"https:\/\/www.pressenza.com\/de\/author\/gfbv\/"}]}},"place":"","original_article_url":"https:\/\/www.gfbv.de\/de\/pm\/waldbraende-amazonas-bolivien-indigene-gemeinschaften-bedrohung-11428\/","_links":{"self":[{"href":"https:\/\/www.pressenza.com\/de\/wp-json\/wp\/v2\/posts\/2546272","targetHints":{"allow":["GET"]}}],"collection":[{"href":"https:\/\/www.pressenza.com\/de\/wp-json\/wp\/v2\/posts"}],"about":[{"href":"https:\/\/www.pressenza.com\/de\/wp-json\/wp\/v2\/types\/post"}],"author":[{"embeddable":true,"href":"https:\/\/www.pressenza.com\/de\/wp-json\/wp\/v2\/users\/1100"}],"replies":[{"embeddable":true,"href":"https:\/\/www.pressenza.com\/de\/wp-json\/wp\/v2\/comments?post=2546272"}],"version-history":[{"count":0,"href":"https:\/\/www.pressenza.com\/de\/wp-json\/wp\/v2\/posts\/2546272\/revisions"}],"wp:featuredmedia":[{"embeddable":true,"href":"https:\/\/www.pressenza.com\/de\/wp-json\/wp\/v2\/media\/2546283"}],"wp:attachment":[{"href":"https:\/\/www.pressenza.com\/de\/wp-json\/wp\/v2\/media?parent=2546272"}],"wp:term":[{"taxonomy":"category","embeddable":true,"href":"https:\/\/www.pressenza.com\/de\/wp-json\/wp\/v2\/categories?post=2546272"},{"taxonomy":"post_tag","embeddable":true,"href":"https:\/\/www.pressenza.com\/de\/wp-json\/wp\/v2\/tags?post=2546272"}],"curies":[{"name":"wp","href":"https:\/\/api.w.org\/{rel}","templated":true}]}}