{"id":2545894,"date":"2024-09-04T08:10:32","date_gmt":"2024-09-04T07:10:32","guid":{"rendered":"https:\/\/www.pressenza.com\/?p=2545894"},"modified":"2024-09-06T15:44:52","modified_gmt":"2024-09-06T14:44:52","slug":"russische-raketen-auf-kiew-kriegspropaganda","status":"publish","type":"post","link":"https:\/\/www.pressenza.com\/de\/2024\/09\/russische-raketen-auf-kiew-kriegspropaganda\/","title":{"rendered":"Russische Raketen auf Kiew: Kriegspropaganda?"},"content":{"rendered":"<p><strong>Ich berichtete gestern Nachmittag von einem Gespr\u00e4ch mit einem Freund aus Rom: <em>\u201eHallo Mauro, gab es letzte Nacht nicht einen russischen Angriff auf Kiew? Hast du die Bombardierungen geh\u00f6rt? Hattest du Angst?&#8220;<\/em><\/strong><\/p>\n<p><em>\u201eMeine Schwiegermutter pflegte zu sagen: &#8218;Tempo de guera pi\u00f9 bucie che tera&#8216; (In Kriegszeiten gibt es mehr L\u00fcgen als Land).&#8220;<br \/>\n<\/em><em>\u201eIch habe tief und fest geschlafen und keine Sirenen geh\u00f6rt.&#8220;<br \/>\n<\/em><em>\u201eAbsurd. Rainews hat es gestern Abend als Eilmeldung gebracht.&#8220;<br \/>\n<\/em><em>\u201eIch habe es gelesen, aber ich wei\u00df nicht, wie ich dir antworten soll.&#8220;<br \/>\n<\/em><em>\u201eUnd sie haben nicht einmal Alarm geschlagen?&#8220;<br \/>\n<\/em><em>\u201eWie freundlich&#8220;,<\/em> antworte ich, vielleicht \u00fcbertrieben sarkastisch.<\/p>\n<p>Mein Sohn \u00e4u\u00dferte mir gegen\u00fcber die gleiche Besorgnis, indem er mir folgende Nachricht schickte: <em>\u201eDie ukrainischen Streitkr\u00e4fte gaben auf Telegram bekannt, dass sie im Morgengrauen einen russischen Raketenangriff auf Kiew abgewehrt haben. Angeblich wurden nordkoreanische ballistische Raketen eingesetzt.&#8220;<\/em><\/p>\n<p>Dies ist eine Nachricht, die ich auch in der italienischen Presse gesehen habe, zum Beispiel bei Agi, und ich kann nat\u00fcrlich nicht sagen, ob Raketen abgefangen wurden, vielleicht Hunderte von Kilometern von hier entfernt. Ich kann dir nur sagen, was ich hier sehe und f\u00fchle, n\u00e4mlich den Frieden und die Gelassenheit eines sch\u00f6nen Tages in einer der sch\u00f6nsten europ\u00e4ischen St\u00e4dte, mit einer leichten Brise und fr\u00fchlingshaftem Klima.<\/p>\n<p>Nun, um es klar zu sagen, auch ich habe meine \u00c4ngste und stelle mir mehrmals am Tag vor, dass eine Rakete auf meinen Kopf f\u00e4llt, aber rational l\u00e4chle ich \u00fcber diese Vorstellung, nicht aus Vertrauen in irgendeinen Schutzheiligen, sondern aus Vertrauen in die Statistiken, die mir nicht die Unm\u00f6glichkeit, aber sicherlich die Unwahrscheinlichkeit eines solchen Ereignisses best\u00e4tigen &#8230; Au\u00dferdem ert\u00f6nt keine Sirene, und das passt nicht zu einer Stadt, die angegriffen wird.<\/p>\n<p>Tatsache ist, dass die Kriegspartei, die sich \u00fcber alle Fronten und Hauptst\u00e4dte erstreckt, einen m\u00f6glichen \u201e<em>De-facto-Waffenstillstand<\/em>&#8220; als \u00e4u\u00dferst negativ ansieht, der, Gott bewahre, zu einem Waffenstillstand und Friedensgespr\u00e4chen f\u00fchren k\u00f6nnte.<\/p>\n<p>Aus diesem Grund m\u00fcssen wir darauf achten, dass Propaganda eine gewaltige Waffe ist, die den Krieg antreibt und rechtfertigt, die jede M\u00f6glichkeit des Dialogs und der Vermittlung zerst\u00f6rt, indem sie wahre, aber unvollst\u00e4ndige Nachrichten oder g\u00e4nzlich erfundene verwendet.<\/p>\n<p>Wenn ich durch Kiew gehe, so gro\u00df und so sch\u00f6n, muss ich unweigerlich an die europ\u00e4ischen und japanischen St\u00e4dte am Ende des Zweiten Weltkriegs denken, an Bagdad, an Kabul und vor allem an das gequ\u00e4lte Gaza, alle zu Tr\u00fcmmerhaufen reduziert.<\/p>\n<p>Es ist passiert, es passiert jetzt in Gaza, also k\u00f6nnte es auch hier passieren &#8230;<\/p>\n<p>Allerdings gibt es hier in Kiew derzeit nichts, das auch nur ann\u00e4hernd mit dem Geschehen in Gaza vergleichbar w\u00e4re. Doch wenn wir den Krieg nicht so schnell wie m\u00f6glich beenden, bleibt diese tragische und schreckliche M\u00f6glichkeit real.<\/p>\n<p>Es gibt sicherlich jene, die dieses Szenario schon seit einiger Zeit analysieren und vielleicht die potenziellen Gewinne eines anschlie\u00dfenden Wiederaufbaus abw\u00e4gen. Doch wenn es tats\u00e4chlich eintritt, besteht die Gefahr, dass europ\u00e4ische St\u00e4dte wie Dominosteine fallen: Zuerst Kiew, dann vielleicht Minsk, Odessa, Lwiw, Moskau, Rom &#8230;<\/p>\n<p><strong>Lasst uns die Kriegspropaganda stoppen und Friedenspropaganda machen.<\/strong><\/p>\n<p><strong>Lasst uns das Feuer einstellen.<\/strong><\/p>\n<p><strong><em>Alle Fotos von Mauro Zanella. Die \u00dcbersetzung aus dem Englischen wurde von Sabine Prizigoda <\/em><em>vom ehrenamtlichen Pressenza-\u00dcbersetzungsteam erstellt. <a href=\"https:\/\/www.pressenza.com\/de\/mitarbeiten\/\" target=\"_blank\" rel=\"noopener\">Wir suchen Freiwillige!<\/a><\/em><\/strong><\/p>\n","protected":false},"excerpt":{"rendered":"<p>Ich berichtete gestern Nachmittag von einem Gespr\u00e4ch mit einem Freund aus Rom: \u201eHallo Mauro, gab es letzte Nacht nicht einen russischen Angriff auf Kiew? Hast du die Bombardierungen geh\u00f6rt? Hattest du Angst?&#8220; \u201eMeine Schwiegermutter pflegte zu sagen: &#8218;Tempo de guera&hellip;<\/p>\n","protected":false},"author":2378,"featured_media":2545895,"comment_status":"closed","ping_status":"closed","sticky":false,"template":"","format":"standard","meta":{"footnotes":""},"categories":[9150,9167,11387],"tags":[126188,15357,9293,100972,84053],"class_list":["post-2545894","post","type-post","status-publish","format-standard","has-post-thumbnail","hentry","category-europa-de","category-frieden-und-abruestung","category-originalinhalt","tag-kiew","tag-russland","tag-ukraine-de","tag-ukrainekrieg","tag-waffenstillstand"],"yoast_head":"<!-- This site is optimized with the Yoast SEO plugin v27.1.1 - https:\/\/yoast.com\/product\/yoast-seo-wordpress\/ -->\n<title>Russische Raketen auf Kiew: Kriegspropaganda?<\/title>\n<meta name=\"description\" content=\"Ich berichtete gestern Nachmittag von einem Gespr\u00e4ch mit einem Freund aus Rom: \u201eHallo Mauro, gab es letzte Nacht nicht einen russischen Angriff auf Kiew?\" \/>\n<meta name=\"robots\" content=\"index, follow, max-snippet:-1, max-image-preview:large, max-video-preview:-1\" \/>\n<link rel=\"canonical\" href=\"https:\/\/www.pressenza.com\/de\/2024\/09\/russische-raketen-auf-kiew-kriegspropaganda\/\" \/>\n<meta property=\"og:locale\" content=\"de_DE\" \/>\n<meta property=\"og:type\" content=\"article\" \/>\n<meta property=\"og:title\" content=\"Russische Raketen auf Kiew: Kriegspropaganda?\" \/>\n<meta property=\"og:description\" content=\"Ich berichtete gestern Nachmittag von einem Gespr\u00e4ch mit einem Freund aus Rom: \u201eHallo Mauro, gab es letzte Nacht nicht einen russischen Angriff auf Kiew?\" \/>\n<meta property=\"og:url\" content=\"https:\/\/www.pressenza.com\/de\/2024\/09\/russische-raketen-auf-kiew-kriegspropaganda\/\" \/>\n<meta property=\"og:site_name\" content=\"Pressenza\" \/>\n<meta property=\"article:publisher\" content=\"https:\/\/www.facebook.com\/PressenzaItalia\" \/>\n<meta property=\"article:published_time\" content=\"2024-09-04T07:10:32+00:00\" \/>\n<meta property=\"article:modified_time\" content=\"2024-09-06T14:44:52+00:00\" \/>\n<meta property=\"og:image\" content=\"https:\/\/www.pressenza.com\/wp-content\/uploads\/2024\/08\/donna-con-passeggino-e-parco-a-Kiev.jpg\" \/>\n\t<meta property=\"og:image:width\" content=\"1580\" \/>\n\t<meta property=\"og:image:height\" content=\"1091\" \/>\n\t<meta property=\"og:image:type\" content=\"image\/jpeg\" \/>\n<meta name=\"author\" content=\"Mauro Carlo Zanella\" \/>\n<meta name=\"twitter:card\" content=\"summary_large_image\" \/>\n<meta name=\"twitter:creator\" content=\"@PressenzaIPA\" \/>\n<meta name=\"twitter:site\" content=\"@PressenzaIPA\" \/>\n<meta name=\"twitter:label1\" content=\"Verfasst von\" \/>\n\t<meta name=\"twitter:data1\" content=\"Mauro Carlo Zanella\" \/>\n\t<meta name=\"twitter:label2\" content=\"Gesch\u00e4tzte Lesezeit\" \/>\n\t<meta name=\"twitter:data2\" content=\"3\u00a0Minuten\" \/>\n<script type=\"application\/ld+json\" class=\"yoast-schema-graph\">{\"@context\":\"https:\/\/schema.org\",\"@graph\":[{\"@type\":\"Article\",\"@id\":\"https:\/\/www.pressenza.com\/de\/2024\/09\/russische-raketen-auf-kiew-kriegspropaganda\/#article\",\"isPartOf\":{\"@id\":\"https:\/\/www.pressenza.com\/de\/2024\/09\/russische-raketen-auf-kiew-kriegspropaganda\/\"},\"author\":{\"name\":\"Mauro Carlo Zanella\",\"@id\":\"https:\/\/www.pressenza.com\/de\/#\/schema\/person\/76e278d7760e85fb4a5a4961b1b46b1d\"},\"headline\":\"Russische Raketen auf Kiew: Kriegspropaganda?\",\"datePublished\":\"2024-09-04T07:10:32+00:00\",\"dateModified\":\"2024-09-06T14:44:52+00:00\",\"mainEntityOfPage\":{\"@id\":\"https:\/\/www.pressenza.com\/de\/2024\/09\/russische-raketen-auf-kiew-kriegspropaganda\/\"},\"wordCount\":564,\"publisher\":{\"@id\":\"https:\/\/www.pressenza.com\/de\/#organization\"},\"image\":{\"@id\":\"https:\/\/www.pressenza.com\/de\/2024\/09\/russische-raketen-auf-kiew-kriegspropaganda\/#primaryimage\"},\"thumbnailUrl\":\"https:\/\/www.pressenza.com\/wp-content\/uploads\/2024\/08\/donna-con-passeggino-e-parco-a-Kiev.jpg\",\"keywords\":[\"Kiew\",\"Russland\",\"Ukraine\",\"Ukrainekrieg\",\"Waffenstillstand\"],\"articleSection\":[\"Europa\",\"Frieden und Abr\u00fcstung\",\"Originalinhalt\"],\"inLanguage\":\"de\"},{\"@type\":\"WebPage\",\"@id\":\"https:\/\/www.pressenza.com\/de\/2024\/09\/russische-raketen-auf-kiew-kriegspropaganda\/\",\"url\":\"https:\/\/www.pressenza.com\/de\/2024\/09\/russische-raketen-auf-kiew-kriegspropaganda\/\",\"name\":\"Russische Raketen auf Kiew: Kriegspropaganda?\",\"isPartOf\":{\"@id\":\"https:\/\/www.pressenza.com\/de\/#website\"},\"primaryImageOfPage\":{\"@id\":\"https:\/\/www.pressenza.com\/de\/2024\/09\/russische-raketen-auf-kiew-kriegspropaganda\/#primaryimage\"},\"image\":{\"@id\":\"https:\/\/www.pressenza.com\/de\/2024\/09\/russische-raketen-auf-kiew-kriegspropaganda\/#primaryimage\"},\"thumbnailUrl\":\"https:\/\/www.pressenza.com\/wp-content\/uploads\/2024\/08\/donna-con-passeggino-e-parco-a-Kiev.jpg\",\"datePublished\":\"2024-09-04T07:10:32+00:00\",\"dateModified\":\"2024-09-06T14:44:52+00:00\",\"description\":\"Ich berichtete gestern Nachmittag von einem Gespr\u00e4ch mit einem Freund aus Rom: \u201eHallo Mauro, gab es letzte Nacht nicht einen russischen Angriff auf Kiew?\",\"breadcrumb\":{\"@id\":\"https:\/\/www.pressenza.com\/de\/2024\/09\/russische-raketen-auf-kiew-kriegspropaganda\/#breadcrumb\"},\"inLanguage\":\"de\",\"potentialAction\":[{\"@type\":\"ReadAction\",\"target\":[\"https:\/\/www.pressenza.com\/de\/2024\/09\/russische-raketen-auf-kiew-kriegspropaganda\/\"]}]},{\"@type\":\"ImageObject\",\"inLanguage\":\"de\",\"@id\":\"https:\/\/www.pressenza.com\/de\/2024\/09\/russische-raketen-auf-kiew-kriegspropaganda\/#primaryimage\",\"url\":\"https:\/\/www.pressenza.com\/wp-content\/uploads\/2024\/08\/donna-con-passeggino-e-parco-a-Kiev.jpg\",\"contentUrl\":\"https:\/\/www.pressenza.com\/wp-content\/uploads\/2024\/08\/donna-con-passeggino-e-parco-a-Kiev.jpg\",\"width\":1580,\"height\":1091,\"caption\":\"Russische Raketen auf Kiew: Kriegspropaganda?\"},{\"@type\":\"BreadcrumbList\",\"@id\":\"https:\/\/www.pressenza.com\/de\/2024\/09\/russische-raketen-auf-kiew-kriegspropaganda\/#breadcrumb\",\"itemListElement\":[{\"@type\":\"ListItem\",\"position\":1,\"name\":\"Accueil\",\"item\":\"https:\/\/www.pressenza.com\/de\/\"},{\"@type\":\"ListItem\",\"position\":2,\"name\":\"Russische Raketen auf Kiew: Kriegspropaganda?\"}]},{\"@type\":\"WebSite\",\"@id\":\"https:\/\/www.pressenza.com\/de\/#website\",\"url\":\"https:\/\/www.pressenza.com\/de\/\",\"name\":\"Pressenza\",\"description\":\"International Press Agency\",\"publisher\":{\"@id\":\"https:\/\/www.pressenza.com\/de\/#organization\"},\"potentialAction\":[{\"@type\":\"SearchAction\",\"target\":{\"@type\":\"EntryPoint\",\"urlTemplate\":\"https:\/\/www.pressenza.com\/de\/?s={search_term_string}\"},\"query-input\":{\"@type\":\"PropertyValueSpecification\",\"valueRequired\":true,\"valueName\":\"search_term_string\"}}],\"inLanguage\":\"de\"},{\"@type\":\"Organization\",\"@id\":\"https:\/\/www.pressenza.com\/de\/#organization\",\"name\":\"Pressenza\",\"url\":\"https:\/\/www.pressenza.com\/de\/\",\"logo\":{\"@type\":\"ImageObject\",\"inLanguage\":\"de\",\"@id\":\"https:\/\/www.pressenza.com\/de\/#\/schema\/logo\/image\/\",\"url\":\"https:\/\/www.pressenza.com\/wp-content\/uploads\/2022\/10\/pressenza_logo_200x200.jpg\",\"contentUrl\":\"https:\/\/www.pressenza.com\/wp-content\/uploads\/2022\/10\/pressenza_logo_200x200.jpg\",\"width\":200,\"height\":200,\"caption\":\"Pressenza\"},\"image\":{\"@id\":\"https:\/\/www.pressenza.com\/de\/#\/schema\/logo\/image\/\"},\"sameAs\":[\"https:\/\/www.facebook.com\/PressenzaItalia\",\"https:\/\/x.com\/PressenzaIPA\"]},{\"@type\":\"Person\",\"@id\":\"https:\/\/www.pressenza.com\/de\/#\/schema\/person\/76e278d7760e85fb4a5a4961b1b46b1d\",\"name\":\"Mauro Carlo Zanella\",\"url\":\"https:\/\/www.pressenza.com\/de\/author\/mauro-zanella\/\"}]}<\/script>\n<!-- \/ Yoast SEO plugin. -->","yoast_head_json":{"title":"Russische Raketen auf Kiew: Kriegspropaganda?","description":"Ich berichtete gestern Nachmittag von einem Gespr\u00e4ch mit einem Freund aus Rom: \u201eHallo Mauro, gab es letzte Nacht nicht einen russischen Angriff auf Kiew?","robots":{"index":"index","follow":"follow","max-snippet":"max-snippet:-1","max-image-preview":"max-image-preview:large","max-video-preview":"max-video-preview:-1"},"canonical":"https:\/\/www.pressenza.com\/de\/2024\/09\/russische-raketen-auf-kiew-kriegspropaganda\/","og_locale":"de_DE","og_type":"article","og_title":"Russische Raketen auf Kiew: Kriegspropaganda?","og_description":"Ich berichtete gestern Nachmittag von einem Gespr\u00e4ch mit einem Freund aus Rom: \u201eHallo Mauro, gab es letzte Nacht nicht einen russischen Angriff auf Kiew?","og_url":"https:\/\/www.pressenza.com\/de\/2024\/09\/russische-raketen-auf-kiew-kriegspropaganda\/","og_site_name":"Pressenza","article_publisher":"https:\/\/www.facebook.com\/PressenzaItalia","article_published_time":"2024-09-04T07:10:32+00:00","article_modified_time":"2024-09-06T14:44:52+00:00","og_image":[{"width":1580,"height":1091,"url":"https:\/\/www.pressenza.com\/wp-content\/uploads\/2024\/08\/donna-con-passeggino-e-parco-a-Kiev.jpg","type":"image\/jpeg"}],"author":"Mauro Carlo Zanella","twitter_card":"summary_large_image","twitter_creator":"@PressenzaIPA","twitter_site":"@PressenzaIPA","twitter_misc":{"Verfasst von":"Mauro Carlo Zanella","Gesch\u00e4tzte Lesezeit":"3\u00a0Minuten"},"schema":{"@context":"https:\/\/schema.org","@graph":[{"@type":"Article","@id":"https:\/\/www.pressenza.com\/de\/2024\/09\/russische-raketen-auf-kiew-kriegspropaganda\/#article","isPartOf":{"@id":"https:\/\/www.pressenza.com\/de\/2024\/09\/russische-raketen-auf-kiew-kriegspropaganda\/"},"author":{"name":"Mauro Carlo Zanella","@id":"https:\/\/www.pressenza.com\/de\/#\/schema\/person\/76e278d7760e85fb4a5a4961b1b46b1d"},"headline":"Russische Raketen auf Kiew: Kriegspropaganda?","datePublished":"2024-09-04T07:10:32+00:00","dateModified":"2024-09-06T14:44:52+00:00","mainEntityOfPage":{"@id":"https:\/\/www.pressenza.com\/de\/2024\/09\/russische-raketen-auf-kiew-kriegspropaganda\/"},"wordCount":564,"publisher":{"@id":"https:\/\/www.pressenza.com\/de\/#organization"},"image":{"@id":"https:\/\/www.pressenza.com\/de\/2024\/09\/russische-raketen-auf-kiew-kriegspropaganda\/#primaryimage"},"thumbnailUrl":"https:\/\/www.pressenza.com\/wp-content\/uploads\/2024\/08\/donna-con-passeggino-e-parco-a-Kiev.jpg","keywords":["Kiew","Russland","Ukraine","Ukrainekrieg","Waffenstillstand"],"articleSection":["Europa","Frieden und Abr\u00fcstung","Originalinhalt"],"inLanguage":"de"},{"@type":"WebPage","@id":"https:\/\/www.pressenza.com\/de\/2024\/09\/russische-raketen-auf-kiew-kriegspropaganda\/","url":"https:\/\/www.pressenza.com\/de\/2024\/09\/russische-raketen-auf-kiew-kriegspropaganda\/","name":"Russische Raketen auf Kiew: Kriegspropaganda?","isPartOf":{"@id":"https:\/\/www.pressenza.com\/de\/#website"},"primaryImageOfPage":{"@id":"https:\/\/www.pressenza.com\/de\/2024\/09\/russische-raketen-auf-kiew-kriegspropaganda\/#primaryimage"},"image":{"@id":"https:\/\/www.pressenza.com\/de\/2024\/09\/russische-raketen-auf-kiew-kriegspropaganda\/#primaryimage"},"thumbnailUrl":"https:\/\/www.pressenza.com\/wp-content\/uploads\/2024\/08\/donna-con-passeggino-e-parco-a-Kiev.jpg","datePublished":"2024-09-04T07:10:32+00:00","dateModified":"2024-09-06T14:44:52+00:00","description":"Ich berichtete gestern Nachmittag von einem Gespr\u00e4ch mit einem Freund aus Rom: \u201eHallo Mauro, gab es letzte Nacht nicht einen russischen Angriff auf Kiew?","breadcrumb":{"@id":"https:\/\/www.pressenza.com\/de\/2024\/09\/russische-raketen-auf-kiew-kriegspropaganda\/#breadcrumb"},"inLanguage":"de","potentialAction":[{"@type":"ReadAction","target":["https:\/\/www.pressenza.com\/de\/2024\/09\/russische-raketen-auf-kiew-kriegspropaganda\/"]}]},{"@type":"ImageObject","inLanguage":"de","@id":"https:\/\/www.pressenza.com\/de\/2024\/09\/russische-raketen-auf-kiew-kriegspropaganda\/#primaryimage","url":"https:\/\/www.pressenza.com\/wp-content\/uploads\/2024\/08\/donna-con-passeggino-e-parco-a-Kiev.jpg","contentUrl":"https:\/\/www.pressenza.com\/wp-content\/uploads\/2024\/08\/donna-con-passeggino-e-parco-a-Kiev.jpg","width":1580,"height":1091,"caption":"Russische Raketen auf Kiew: Kriegspropaganda?"},{"@type":"BreadcrumbList","@id":"https:\/\/www.pressenza.com\/de\/2024\/09\/russische-raketen-auf-kiew-kriegspropaganda\/#breadcrumb","itemListElement":[{"@type":"ListItem","position":1,"name":"Accueil","item":"https:\/\/www.pressenza.com\/de\/"},{"@type":"ListItem","position":2,"name":"Russische Raketen auf Kiew: Kriegspropaganda?"}]},{"@type":"WebSite","@id":"https:\/\/www.pressenza.com\/de\/#website","url":"https:\/\/www.pressenza.com\/de\/","name":"Pressenza","description":"International Press Agency","publisher":{"@id":"https:\/\/www.pressenza.com\/de\/#organization"},"potentialAction":[{"@type":"SearchAction","target":{"@type":"EntryPoint","urlTemplate":"https:\/\/www.pressenza.com\/de\/?s={search_term_string}"},"query-input":{"@type":"PropertyValueSpecification","valueRequired":true,"valueName":"search_term_string"}}],"inLanguage":"de"},{"@type":"Organization","@id":"https:\/\/www.pressenza.com\/de\/#organization","name":"Pressenza","url":"https:\/\/www.pressenza.com\/de\/","logo":{"@type":"ImageObject","inLanguage":"de","@id":"https:\/\/www.pressenza.com\/de\/#\/schema\/logo\/image\/","url":"https:\/\/www.pressenza.com\/wp-content\/uploads\/2022\/10\/pressenza_logo_200x200.jpg","contentUrl":"https:\/\/www.pressenza.com\/wp-content\/uploads\/2022\/10\/pressenza_logo_200x200.jpg","width":200,"height":200,"caption":"Pressenza"},"image":{"@id":"https:\/\/www.pressenza.com\/de\/#\/schema\/logo\/image\/"},"sameAs":["https:\/\/www.facebook.com\/PressenzaItalia","https:\/\/x.com\/PressenzaIPA"]},{"@type":"Person","@id":"https:\/\/www.pressenza.com\/de\/#\/schema\/person\/76e278d7760e85fb4a5a4961b1b46b1d","name":"Mauro Carlo Zanella","url":"https:\/\/www.pressenza.com\/de\/author\/mauro-zanella\/"}]}},"place":"Kiew, Ukraine","original_article_url":"","_links":{"self":[{"href":"https:\/\/www.pressenza.com\/de\/wp-json\/wp\/v2\/posts\/2545894","targetHints":{"allow":["GET"]}}],"collection":[{"href":"https:\/\/www.pressenza.com\/de\/wp-json\/wp\/v2\/posts"}],"about":[{"href":"https:\/\/www.pressenza.com\/de\/wp-json\/wp\/v2\/types\/post"}],"author":[{"embeddable":true,"href":"https:\/\/www.pressenza.com\/de\/wp-json\/wp\/v2\/users\/2378"}],"replies":[{"embeddable":true,"href":"https:\/\/www.pressenza.com\/de\/wp-json\/wp\/v2\/comments?post=2545894"}],"version-history":[{"count":0,"href":"https:\/\/www.pressenza.com\/de\/wp-json\/wp\/v2\/posts\/2545894\/revisions"}],"wp:featuredmedia":[{"embeddable":true,"href":"https:\/\/www.pressenza.com\/de\/wp-json\/wp\/v2\/media\/2545895"}],"wp:attachment":[{"href":"https:\/\/www.pressenza.com\/de\/wp-json\/wp\/v2\/media?parent=2545894"}],"wp:term":[{"taxonomy":"category","embeddable":true,"href":"https:\/\/www.pressenza.com\/de\/wp-json\/wp\/v2\/categories?post=2545894"},{"taxonomy":"post_tag","embeddable":true,"href":"https:\/\/www.pressenza.com\/de\/wp-json\/wp\/v2\/tags?post=2545894"}],"curies":[{"name":"wp","href":"https:\/\/api.w.org\/{rel}","templated":true}]}}