{"id":2544676,"date":"2024-08-29T18:10:18","date_gmt":"2024-08-29T17:10:18","guid":{"rendered":"https:\/\/www.pressenza.com\/?p=2544676"},"modified":"2024-08-29T18:10:18","modified_gmt":"2024-08-29T17:10:18","slug":"laenger-arbeiten-muessen-nein","status":"publish","type":"post","link":"https:\/\/www.pressenza.com\/de\/2024\/08\/laenger-arbeiten-muessen-nein\/","title":{"rendered":"L\u00e4nger arbeiten m\u00fcssen? \u2013 Nein!"},"content":{"rendered":"<p><b>Kurz nach der Bekanntgabe des j\u00e4hrlichen Pensionsanpassungsfaktors kommt auch gleich der Ruf nach einer notwendigen Pensions-\u201dReform\u201d. Leider soll damit weder den grindigen Frauenpensionen (bereits am 6. August war <\/b><a href=\"https:\/\/www.unsere-zeitung.at\/2024\/08\/06\/equal-pension-day-alle-jahre-wieder\/\" target=\"_blank\" rel=\"noopener\"><b>Equal-Pension-Day<\/b><\/a><b>) der Kampf angesagt werden, noch zumindest die Ausgleichszulage \u00fcber die Armutsschwelle angehoben werden. Uns wird allj\u00e4hrlich vorgegaukelt, dass die Pensionen langfristig nicht finanzierbar sind und \u201eda wir l\u00e4nger leben, eben auch l\u00e4nger \u201ebuggeln\u201c m\u00fcssen.\u201c<\/b><\/p>\n<p><i>Ein Kommentar von Josef Stingl<\/i><\/p>\n<p>Dieses Jahr hat pikanterweise <a href=\"https:\/\/www.sozialministerium.at\/Services\/Neuigkeiten-und-Termine\/alterssicherungskommission.html\" target=\"_blank\" rel=\"noopener\">Christine Mayrhuber<\/a>, Chefin der <a href=\"https:\/\/www.sozialministerium.at\/Themen\/Soziales\/Sozialversicherung\/Alterssicherungskommission.html\" target=\"_blank\" rel=\"noopener\">Alterssicherungskommission <\/a>die Diskussion angerissen: <i>\u201cAuf mittlerer Sicht f\u00fchre kein Weg daran vorbei, das gesetzliche Pensionsantrittsalter um zwei Jahre anzuheben\u201d.<\/i> Gn\u00e4digerweise gesteht sie aber zu, dass 45 Arbeitsjahre genug sind, aber nat\u00fcrlich auf keinen Fall bei vollem Pensionsbezug, sondern <i>\u201cmit gewissen Einbu\u00dfen\u201d<\/i>.<\/p>\n<p>Die <a href=\"https:\/\/www.dievolkspartei.at\/\" target=\"_blank\" rel=\"noopener\">\u00d6VP<\/a>, die <a href=\"https:\/\/www.neos.eu\/\" target=\"_blank\" rel=\"noopener\">NEOS<\/a>, die <a href=\"https:\/\/www.jungewirtschaft.at\/\" target=\"_blank\" rel=\"noopener\">Junge Wirtschaft<\/a> und die <a href=\"https:\/\/www.iv.at\/\" target=\"_blank\" rel=\"noopener\">Industriellenvereinigung<\/a>, aber auch der schwarze <a href=\"https:\/\/www.seniorenbund.at\/\" target=\"_blank\" rel=\"noopener\">Seniorenbund <\/a>waren gleich Feuer und Flamme daf\u00fcr. Gegen den Alters-Raubzug der Alterssicherungskommissions-Chefin wandten sich unter anderen die <a href=\"https:\/\/www.spoe.at\/\" target=\"_blank\" rel=\"noopener\">SP\u00d6<\/a>, die <a href=\"https:\/\/gruene.at\/\" target=\"_blank\" rel=\"noopener\">Gr\u00fcnen<\/a>, der <a href=\"https:\/\/pvoe.at\/\" target=\"_blank\" rel=\"noopener\">Pensionistenverband<\/a>, der <a href=\"https:\/\/www.zvpoe.at\/\" target=\"_blank\" rel=\"noopener\">Zentralverband der Pensionist:innen \u00d6sterreichs<\/a>\u00a0 und der <a href=\"https:\/\/www.oegb.at\/\" target=\"_blank\" rel=\"noopener\">\u00d6GB<\/a>.<\/p>\n<h3><b>Arbeit macht krank<\/b><\/h3>\n<p>Die herrschenden Arbeitsbedingungen machen krank \u2013 die zahlreichen krankheitsbedingten vorzeitigen Invalidit\u00e4ts- und Berufsunf\u00e4higkeitspension-Antritte beweisen das. All diese Frauen und M\u00e4nner m\u00fcssen ebenfalls mit \u201cgewissen Einbu\u00dfen\u201d ihr Leben im Alter gestalten. L\u00e4nger arbeiten hei\u00dft also, noch kr\u00e4nker in die Pension zu wechseln. Und die \u201cLebenserwartung in Gesundheit\u201d ist jetzt schon r\u00fcckg\u00e4ngig. Unweigerlich stellt sich daher die Frage, von welcher Alterssicherung die Kommissionsvorsitzende spricht?<\/p>\n<p>Ebenso skurril wie Mayrhofers Alterssicherung ist das Verhalten des AMS-Chefs <a href=\"https:\/\/de.wikipedia.org\/wiki\/Johannes_Kopf\" target=\"_blank\" rel=\"noopener\">Johannes Kopf<\/a>. Noch vor wenigen Jahren warnte er, dass ein h\u00f6heres Pensionsalter Jobchancen f\u00fcr J\u00fcngere d\u00e4mpft. Jetzt verlangt das oberste AMS-Haupt ebenfalls die Anhebung des Pensionsantrittsalters. Jugendarbeitslosigkeit \u2013 kein Thema mehr?<\/p>\n<p>Abgesehen davon, m\u00fcssen schon jetzt zahlreiche Menschen in Altersarbeitslosigkeit auf den \u00dcbertritt in ihren Ruhestand warten. Die derzeit in Stufen stattfindende Frauen-Pensionsantrittsalter-Anpassung hat und wird diese Zahl nicht verringern, ebenso wie der Umstand, dass man zwei Jahre l\u00e4nger arbeitslos bleiben muss.<\/p>\n<p>Das belastet einerseits die betroffenen \u00e4lteren Arbeitslosen, die dann noch zwei Jahre l\u00e4nger mit ihrem 40 Prozent gek\u00fcrzten Einkommen auskommen m\u00fcssen und auch \u201cK\u00f6pferls AMS-Budget\u201d. Auf die Forderung, das Arbeitslosengeld degressiv zu k\u00fcrzen, wird man nicht lange warten m\u00fcssen.<\/p>\n","protected":false},"excerpt":{"rendered":"<p>Kurz nach der Bekanntgabe des j\u00e4hrlichen Pensionsanpassungsfaktors kommt auch gleich der Ruf nach einer notwendigen Pensions-\u201dReform\u201d. Leider soll damit weder den grindigen Frauenpensionen (bereits am 6. August war Equal-Pension-Day) der Kampf angesagt werden, noch zumindest die Ausgleichszulage \u00fcber die Armutsschwelle&hellip;<\/p>\n","protected":false},"author":1408,"featured_media":2544677,"comment_status":"closed","ping_status":"closed","sticky":false,"template":"","format":"standard","meta":{"footnotes":""},"categories":[9160,9168,9158],"tags":[11286,77885,29111,98366,84867],"class_list":["post-2544676","post","type-post","status-publish","format-standard","has-post-thumbnail","hentry","category-gesundheit","category-politik","category-wirtschaft","tag-arbeitsbedingungen","tag-arbeitslosengeld","tag-armut","tag-lebenserwartung","tag-pensionen"],"yoast_head":"<!-- This site is optimized with the Yoast SEO plugin v27.1.1 - https:\/\/yoast.com\/product\/yoast-seo-wordpress\/ -->\n<title>L\u00e4nger arbeiten m\u00fcssen? \u2013 Nein!<\/title>\n<meta name=\"description\" content=\"Kurz nach der Bekanntgabe des j\u00e4hrlichen Pensionsanpassungsfaktors kommt auch gleich der Ruf nach einer notwendigen Pensions-\u201dReform\u201d. Leider soll damit\" \/>\n<meta name=\"robots\" content=\"index, follow, max-snippet:-1, max-image-preview:large, max-video-preview:-1\" \/>\n<link rel=\"canonical\" href=\"https:\/\/www.pressenza.com\/de\/2024\/08\/laenger-arbeiten-muessen-nein\/\" \/>\n<meta property=\"og:locale\" content=\"de_DE\" \/>\n<meta property=\"og:type\" content=\"article\" \/>\n<meta property=\"og:title\" content=\"L\u00e4nger arbeiten m\u00fcssen? \u2013 Nein!\" \/>\n<meta property=\"og:description\" content=\"Kurz nach der Bekanntgabe des j\u00e4hrlichen Pensionsanpassungsfaktors kommt auch gleich der Ruf nach einer notwendigen Pensions-\u201dReform\u201d. Leider soll damit\" \/>\n<meta property=\"og:url\" content=\"https:\/\/www.pressenza.com\/de\/2024\/08\/laenger-arbeiten-muessen-nein\/\" \/>\n<meta property=\"og:site_name\" content=\"Pressenza\" \/>\n<meta property=\"article:publisher\" content=\"https:\/\/www.facebook.com\/PressenzaItalia\" \/>\n<meta property=\"article:published_time\" content=\"2024-08-29T17:10:18+00:00\" \/>\n<meta property=\"og:image\" content=\"https:\/\/www.pressenza.com\/wp-content\/uploads\/2024\/08\/ai-generated-8221851_1280.jpg\" \/>\n\t<meta property=\"og:image:width\" content=\"1280\" \/>\n\t<meta property=\"og:image:height\" content=\"772\" \/>\n\t<meta property=\"og:image:type\" content=\"image\/jpeg\" \/>\n<meta name=\"author\" content=\"Unsere Zeitung\" \/>\n<meta name=\"twitter:card\" content=\"summary_large_image\" \/>\n<meta name=\"twitter:creator\" content=\"@PressenzaIPA\" \/>\n<meta name=\"twitter:site\" content=\"@PressenzaIPA\" \/>\n<meta name=\"twitter:label1\" content=\"Verfasst von\" \/>\n\t<meta name=\"twitter:data1\" content=\"Unsere Zeitung\" \/>\n\t<meta name=\"twitter:label2\" content=\"Gesch\u00e4tzte Lesezeit\" \/>\n\t<meta name=\"twitter:data2\" content=\"2\u00a0Minuten\" \/>\n<script type=\"application\/ld+json\" class=\"yoast-schema-graph\">{\"@context\":\"https:\/\/schema.org\",\"@graph\":[{\"@type\":\"Article\",\"@id\":\"https:\/\/www.pressenza.com\/de\/2024\/08\/laenger-arbeiten-muessen-nein\/#article\",\"isPartOf\":{\"@id\":\"https:\/\/www.pressenza.com\/de\/2024\/08\/laenger-arbeiten-muessen-nein\/\"},\"author\":{\"name\":\"Unsere Zeitung\",\"@id\":\"https:\/\/www.pressenza.com\/de\/#\/schema\/person\/204e67ffc5ecb05d81ec7dbb33ded555\"},\"headline\":\"L\u00e4nger arbeiten m\u00fcssen? \u2013 Nein!\",\"datePublished\":\"2024-08-29T17:10:18+00:00\",\"mainEntityOfPage\":{\"@id\":\"https:\/\/www.pressenza.com\/de\/2024\/08\/laenger-arbeiten-muessen-nein\/\"},\"wordCount\":383,\"publisher\":{\"@id\":\"https:\/\/www.pressenza.com\/de\/#organization\"},\"image\":{\"@id\":\"https:\/\/www.pressenza.com\/de\/2024\/08\/laenger-arbeiten-muessen-nein\/#primaryimage\"},\"thumbnailUrl\":\"https:\/\/www.pressenza.com\/wp-content\/uploads\/2024\/08\/ai-generated-8221851_1280.jpg\",\"keywords\":[\"Arbeitsbedingungen\",\"Arbeitslosengeld\",\"Armut\",\"Lebenserwartung\",\"Pensionen\"],\"articleSection\":[\"Gesundheit\",\"Politik\",\"Wirtschaft\"],\"inLanguage\":\"de\"},{\"@type\":\"WebPage\",\"@id\":\"https:\/\/www.pressenza.com\/de\/2024\/08\/laenger-arbeiten-muessen-nein\/\",\"url\":\"https:\/\/www.pressenza.com\/de\/2024\/08\/laenger-arbeiten-muessen-nein\/\",\"name\":\"L\u00e4nger arbeiten m\u00fcssen? \u2013 Nein!\",\"isPartOf\":{\"@id\":\"https:\/\/www.pressenza.com\/de\/#website\"},\"primaryImageOfPage\":{\"@id\":\"https:\/\/www.pressenza.com\/de\/2024\/08\/laenger-arbeiten-muessen-nein\/#primaryimage\"},\"image\":{\"@id\":\"https:\/\/www.pressenza.com\/de\/2024\/08\/laenger-arbeiten-muessen-nein\/#primaryimage\"},\"thumbnailUrl\":\"https:\/\/www.pressenza.com\/wp-content\/uploads\/2024\/08\/ai-generated-8221851_1280.jpg\",\"datePublished\":\"2024-08-29T17:10:18+00:00\",\"description\":\"Kurz nach der Bekanntgabe des j\u00e4hrlichen Pensionsanpassungsfaktors kommt auch gleich der Ruf nach einer notwendigen Pensions-\u201dReform\u201d. Leider soll damit\",\"breadcrumb\":{\"@id\":\"https:\/\/www.pressenza.com\/de\/2024\/08\/laenger-arbeiten-muessen-nein\/#breadcrumb\"},\"inLanguage\":\"de\",\"potentialAction\":[{\"@type\":\"ReadAction\",\"target\":[\"https:\/\/www.pressenza.com\/de\/2024\/08\/laenger-arbeiten-muessen-nein\/\"]}]},{\"@type\":\"ImageObject\",\"inLanguage\":\"de\",\"@id\":\"https:\/\/www.pressenza.com\/de\/2024\/08\/laenger-arbeiten-muessen-nein\/#primaryimage\",\"url\":\"https:\/\/www.pressenza.com\/wp-content\/uploads\/2024\/08\/ai-generated-8221851_1280.jpg\",\"contentUrl\":\"https:\/\/www.pressenza.com\/wp-content\/uploads\/2024\/08\/ai-generated-8221851_1280.jpg\",\"width\":1280,\"height\":772},{\"@type\":\"BreadcrumbList\",\"@id\":\"https:\/\/www.pressenza.com\/de\/2024\/08\/laenger-arbeiten-muessen-nein\/#breadcrumb\",\"itemListElement\":[{\"@type\":\"ListItem\",\"position\":1,\"name\":\"Accueil\",\"item\":\"https:\/\/www.pressenza.com\/de\/\"},{\"@type\":\"ListItem\",\"position\":2,\"name\":\"L\u00e4nger arbeiten m\u00fcssen? \u2013 Nein!\"}]},{\"@type\":\"WebSite\",\"@id\":\"https:\/\/www.pressenza.com\/de\/#website\",\"url\":\"https:\/\/www.pressenza.com\/de\/\",\"name\":\"Pressenza\",\"description\":\"International Press Agency\",\"publisher\":{\"@id\":\"https:\/\/www.pressenza.com\/de\/#organization\"},\"potentialAction\":[{\"@type\":\"SearchAction\",\"target\":{\"@type\":\"EntryPoint\",\"urlTemplate\":\"https:\/\/www.pressenza.com\/de\/?s={search_term_string}\"},\"query-input\":{\"@type\":\"PropertyValueSpecification\",\"valueRequired\":true,\"valueName\":\"search_term_string\"}}],\"inLanguage\":\"de\"},{\"@type\":\"Organization\",\"@id\":\"https:\/\/www.pressenza.com\/de\/#organization\",\"name\":\"Pressenza\",\"url\":\"https:\/\/www.pressenza.com\/de\/\",\"logo\":{\"@type\":\"ImageObject\",\"inLanguage\":\"de\",\"@id\":\"https:\/\/www.pressenza.com\/de\/#\/schema\/logo\/image\/\",\"url\":\"https:\/\/www.pressenza.com\/wp-content\/uploads\/2022\/10\/pressenza_logo_200x200.jpg\",\"contentUrl\":\"https:\/\/www.pressenza.com\/wp-content\/uploads\/2022\/10\/pressenza_logo_200x200.jpg\",\"width\":200,\"height\":200,\"caption\":\"Pressenza\"},\"image\":{\"@id\":\"https:\/\/www.pressenza.com\/de\/#\/schema\/logo\/image\/\"},\"sameAs\":[\"https:\/\/www.facebook.com\/PressenzaItalia\",\"https:\/\/x.com\/PressenzaIPA\"]},{\"@type\":\"Person\",\"@id\":\"https:\/\/www.pressenza.com\/de\/#\/schema\/person\/204e67ffc5ecb05d81ec7dbb33ded555\",\"name\":\"Unsere Zeitung\",\"url\":\"https:\/\/www.pressenza.com\/de\/author\/unsere-zeitung\/\"}]}<\/script>\n<!-- \/ Yoast SEO plugin. -->","yoast_head_json":{"title":"L\u00e4nger arbeiten m\u00fcssen? \u2013 Nein!","description":"Kurz nach der Bekanntgabe des j\u00e4hrlichen Pensionsanpassungsfaktors kommt auch gleich der Ruf nach einer notwendigen Pensions-\u201dReform\u201d. Leider soll damit","robots":{"index":"index","follow":"follow","max-snippet":"max-snippet:-1","max-image-preview":"max-image-preview:large","max-video-preview":"max-video-preview:-1"},"canonical":"https:\/\/www.pressenza.com\/de\/2024\/08\/laenger-arbeiten-muessen-nein\/","og_locale":"de_DE","og_type":"article","og_title":"L\u00e4nger arbeiten m\u00fcssen? \u2013 Nein!","og_description":"Kurz nach der Bekanntgabe des j\u00e4hrlichen Pensionsanpassungsfaktors kommt auch gleich der Ruf nach einer notwendigen Pensions-\u201dReform\u201d. Leider soll damit","og_url":"https:\/\/www.pressenza.com\/de\/2024\/08\/laenger-arbeiten-muessen-nein\/","og_site_name":"Pressenza","article_publisher":"https:\/\/www.facebook.com\/PressenzaItalia","article_published_time":"2024-08-29T17:10:18+00:00","og_image":[{"width":1280,"height":772,"url":"https:\/\/www.pressenza.com\/wp-content\/uploads\/2024\/08\/ai-generated-8221851_1280.jpg","type":"image\/jpeg"}],"author":"Unsere Zeitung","twitter_card":"summary_large_image","twitter_creator":"@PressenzaIPA","twitter_site":"@PressenzaIPA","twitter_misc":{"Verfasst von":"Unsere Zeitung","Gesch\u00e4tzte Lesezeit":"2\u00a0Minuten"},"schema":{"@context":"https:\/\/schema.org","@graph":[{"@type":"Article","@id":"https:\/\/www.pressenza.com\/de\/2024\/08\/laenger-arbeiten-muessen-nein\/#article","isPartOf":{"@id":"https:\/\/www.pressenza.com\/de\/2024\/08\/laenger-arbeiten-muessen-nein\/"},"author":{"name":"Unsere Zeitung","@id":"https:\/\/www.pressenza.com\/de\/#\/schema\/person\/204e67ffc5ecb05d81ec7dbb33ded555"},"headline":"L\u00e4nger arbeiten m\u00fcssen? \u2013 Nein!","datePublished":"2024-08-29T17:10:18+00:00","mainEntityOfPage":{"@id":"https:\/\/www.pressenza.com\/de\/2024\/08\/laenger-arbeiten-muessen-nein\/"},"wordCount":383,"publisher":{"@id":"https:\/\/www.pressenza.com\/de\/#organization"},"image":{"@id":"https:\/\/www.pressenza.com\/de\/2024\/08\/laenger-arbeiten-muessen-nein\/#primaryimage"},"thumbnailUrl":"https:\/\/www.pressenza.com\/wp-content\/uploads\/2024\/08\/ai-generated-8221851_1280.jpg","keywords":["Arbeitsbedingungen","Arbeitslosengeld","Armut","Lebenserwartung","Pensionen"],"articleSection":["Gesundheit","Politik","Wirtschaft"],"inLanguage":"de"},{"@type":"WebPage","@id":"https:\/\/www.pressenza.com\/de\/2024\/08\/laenger-arbeiten-muessen-nein\/","url":"https:\/\/www.pressenza.com\/de\/2024\/08\/laenger-arbeiten-muessen-nein\/","name":"L\u00e4nger arbeiten m\u00fcssen? \u2013 Nein!","isPartOf":{"@id":"https:\/\/www.pressenza.com\/de\/#website"},"primaryImageOfPage":{"@id":"https:\/\/www.pressenza.com\/de\/2024\/08\/laenger-arbeiten-muessen-nein\/#primaryimage"},"image":{"@id":"https:\/\/www.pressenza.com\/de\/2024\/08\/laenger-arbeiten-muessen-nein\/#primaryimage"},"thumbnailUrl":"https:\/\/www.pressenza.com\/wp-content\/uploads\/2024\/08\/ai-generated-8221851_1280.jpg","datePublished":"2024-08-29T17:10:18+00:00","description":"Kurz nach der Bekanntgabe des j\u00e4hrlichen Pensionsanpassungsfaktors kommt auch gleich der Ruf nach einer notwendigen Pensions-\u201dReform\u201d. Leider soll damit","breadcrumb":{"@id":"https:\/\/www.pressenza.com\/de\/2024\/08\/laenger-arbeiten-muessen-nein\/#breadcrumb"},"inLanguage":"de","potentialAction":[{"@type":"ReadAction","target":["https:\/\/www.pressenza.com\/de\/2024\/08\/laenger-arbeiten-muessen-nein\/"]}]},{"@type":"ImageObject","inLanguage":"de","@id":"https:\/\/www.pressenza.com\/de\/2024\/08\/laenger-arbeiten-muessen-nein\/#primaryimage","url":"https:\/\/www.pressenza.com\/wp-content\/uploads\/2024\/08\/ai-generated-8221851_1280.jpg","contentUrl":"https:\/\/www.pressenza.com\/wp-content\/uploads\/2024\/08\/ai-generated-8221851_1280.jpg","width":1280,"height":772},{"@type":"BreadcrumbList","@id":"https:\/\/www.pressenza.com\/de\/2024\/08\/laenger-arbeiten-muessen-nein\/#breadcrumb","itemListElement":[{"@type":"ListItem","position":1,"name":"Accueil","item":"https:\/\/www.pressenza.com\/de\/"},{"@type":"ListItem","position":2,"name":"L\u00e4nger arbeiten m\u00fcssen? \u2013 Nein!"}]},{"@type":"WebSite","@id":"https:\/\/www.pressenza.com\/de\/#website","url":"https:\/\/www.pressenza.com\/de\/","name":"Pressenza","description":"International Press Agency","publisher":{"@id":"https:\/\/www.pressenza.com\/de\/#organization"},"potentialAction":[{"@type":"SearchAction","target":{"@type":"EntryPoint","urlTemplate":"https:\/\/www.pressenza.com\/de\/?s={search_term_string}"},"query-input":{"@type":"PropertyValueSpecification","valueRequired":true,"valueName":"search_term_string"}}],"inLanguage":"de"},{"@type":"Organization","@id":"https:\/\/www.pressenza.com\/de\/#organization","name":"Pressenza","url":"https:\/\/www.pressenza.com\/de\/","logo":{"@type":"ImageObject","inLanguage":"de","@id":"https:\/\/www.pressenza.com\/de\/#\/schema\/logo\/image\/","url":"https:\/\/www.pressenza.com\/wp-content\/uploads\/2022\/10\/pressenza_logo_200x200.jpg","contentUrl":"https:\/\/www.pressenza.com\/wp-content\/uploads\/2022\/10\/pressenza_logo_200x200.jpg","width":200,"height":200,"caption":"Pressenza"},"image":{"@id":"https:\/\/www.pressenza.com\/de\/#\/schema\/logo\/image\/"},"sameAs":["https:\/\/www.facebook.com\/PressenzaItalia","https:\/\/x.com\/PressenzaIPA"]},{"@type":"Person","@id":"https:\/\/www.pressenza.com\/de\/#\/schema\/person\/204e67ffc5ecb05d81ec7dbb33ded555","name":"Unsere Zeitung","url":"https:\/\/www.pressenza.com\/de\/author\/unsere-zeitung\/"}]}},"place":"","original_article_url":"https:\/\/www.unsere-zeitung.at\/2024\/08\/28\/laenger-arbeiten-muessen-nein\/","_links":{"self":[{"href":"https:\/\/www.pressenza.com\/de\/wp-json\/wp\/v2\/posts\/2544676","targetHints":{"allow":["GET"]}}],"collection":[{"href":"https:\/\/www.pressenza.com\/de\/wp-json\/wp\/v2\/posts"}],"about":[{"href":"https:\/\/www.pressenza.com\/de\/wp-json\/wp\/v2\/types\/post"}],"author":[{"embeddable":true,"href":"https:\/\/www.pressenza.com\/de\/wp-json\/wp\/v2\/users\/1408"}],"replies":[{"embeddable":true,"href":"https:\/\/www.pressenza.com\/de\/wp-json\/wp\/v2\/comments?post=2544676"}],"version-history":[{"count":0,"href":"https:\/\/www.pressenza.com\/de\/wp-json\/wp\/v2\/posts\/2544676\/revisions"}],"wp:featuredmedia":[{"embeddable":true,"href":"https:\/\/www.pressenza.com\/de\/wp-json\/wp\/v2\/media\/2544677"}],"wp:attachment":[{"href":"https:\/\/www.pressenza.com\/de\/wp-json\/wp\/v2\/media?parent=2544676"}],"wp:term":[{"taxonomy":"category","embeddable":true,"href":"https:\/\/www.pressenza.com\/de\/wp-json\/wp\/v2\/categories?post=2544676"},{"taxonomy":"post_tag","embeddable":true,"href":"https:\/\/www.pressenza.com\/de\/wp-json\/wp\/v2\/tags?post=2544676"}],"curies":[{"name":"wp","href":"https:\/\/api.w.org\/{rel}","templated":true}]}}