{"id":2544666,"date":"2024-08-28T14:06:26","date_gmt":"2024-08-28T13:06:26","guid":{"rendered":"https:\/\/www.pressenza.com\/?p=2544666"},"modified":"2024-08-28T10:07:28","modified_gmt":"2024-08-28T09:07:28","slug":"antikriegstag-2024-koelner-friedensforum-ruft-zur-kundgebung-gegen-stationierung-von-mittelstreckenraketen-auf","status":"publish","type":"post","link":"https:\/\/www.pressenza.com\/de\/2024\/08\/antikriegstag-2024-koelner-friedensforum-ruft-zur-kundgebung-gegen-stationierung-von-mittelstreckenraketen-auf\/","title":{"rendered":"Antikriegstag 2024: K\u00f6lner Friedensforum ruft zur Kundgebung gegen Stationierung von Mittelstreckenraketen auf"},"content":{"rendered":"<p>Unter dem Motto &#8222;International solidarisch &#8211; friedensf\u00e4hig statt kriegst\u00fcchtig!&#8220; ruft das K\u00f6lner Friedensforum am Antikriegstag, Sonntag, den 1. September 2024 um 16:30 Uhr, zu einer Kundgebung in K\u00f6ln auf. Nach dem Auftakt am Chlodwigplatz ist eine Demo zum Friedenspark geplant, wo die Veranstaltung um 18 Uhr mit Musik der TNT Brassband Cologne ausklingen soll.<\/p>\n<p>Das Friedensforum erinnert in seinem Aufruf an den Beginn des 2. Weltkriegs vor 85 Jahren: &#8222;Der \u00dcberfall Deutschlands auf Polen am 1. September 1939 war der Beginn eines Raub- und Vernichtungskrieges, der \u00fcber 60 Millionen Menschen das Leben gekostet und unermessliches Leid und Zerst\u00f6rung \u00fcber die Menschheit gebracht hat&#8220;. Als Konsequenz der historischen Menschheitsverbrechen wurde das internationale Recht weiterentwickelt, um eine Wiederholung zu verhindern. Das Friedensforum fordert: &#8222;Menschen- und V\u00f6lkerrecht m\u00fcssen universell und weltweit verwirklicht, das Friedens- und Sozialstaatsgebot des Grundgesetzes umfassend realisiert werden.&#8220;<\/p>\n<p>Die Losung \u201eNie wieder Krieg, nie wieder Faschismus\u201c sei heute wichtiger denn je, erl\u00e4utert eine Sprecherin und sagt: &#8222;Auch heute gehen Militarismus und Rechtsextremismus Hand in Hand. Bundesweit geht dagegen die Friedensbewegung auf die Stra\u00dfe: Damit die Waffen schweigen, f\u00fcr Sozialaufbau statt Aufr\u00fcstung.&#8220;<\/p>\n<p>Erstmalig nimmt das K\u00f6lner Friedensforum eine eindringliche Warnung vor der angek\u00fcndigten Stationierung von Mittelstreckenraketen in Deutschland in seinen Forderungskatalog. Es erkl\u00e4rt: &#8222;Nach der K\u00fcndigung INF-Vertrags durch die USA im Jahr 2019 haben nun die Bundesregierung und die USA beim diesj\u00e4hrigen NATO-Gipfel bekannt gegeben, ab 2026 US-Mittelstreckenraketen in Deutschland gegen Russland stationieren zu wollen. Dieser neue Schritt der Eskalation bringt nicht mehr Sicherheit, sondern ist brandgef\u00e4hrlich und muss verhindert werden!&#8220;<\/p>\n<p>Als Redner werden u. a. der katholische Theologe Thomas Nauerth, der Sprecher der franz\u00f6sischen Friedensorganisation Mouvement de la Paix, Alain Rouy, sowie Tjark Sauer vom Deutschen Gewerkschaftsbund K\u00f6ln-Bonn erwartet.<\/p>\n<div class=\"ml-react-markdown-block-token ml-react-markdown-token-text\"><span class=\"ml-react-markdown-inline-token ml-react-markdown-token-raw\">Weitere Informationen: <\/span><\/div>\n<div><a class=\"ml-react-markdown-inline-token ml-react-markdown-token-link\" href=\"https:\/\/koelner-friedensforum.org\/antikriegstag-1-9-2024-international-solidarisch-friedensfaehig-statt-kriegstuechtig\/\" target=\"_blank\" rel=\"noopener noreferrer\"><span class=\"ml-react-markdown-inline-token ml-react-markdown-token-raw\">https:\/\/koelner-friedensforum.org\/antikriegstag-1-9-2024-international-solidarisch-friedensfaehig-statt-kriegstuechtig\/<\/span><\/a><\/div>\n<div><\/div>\n<div><\/div>\n","protected":false},"excerpt":{"rendered":"<p>Unter dem Motto &#8222;International solidarisch &#8211; friedensf\u00e4hig statt kriegst\u00fcchtig!&#8220; ruft das K\u00f6lner Friedensforum am Antikriegstag, Sonntag, den 1. September 2024 um 16:30 Uhr, zu einer Kundgebung in K\u00f6ln auf. Nach dem Auftakt am Chlodwigplatz ist eine Demo zum Friedenspark geplant,&hellip;<\/p>\n","protected":false},"author":1095,"featured_media":2544667,"comment_status":"closed","ping_status":"closed","sticky":false,"template":"","format":"standard","meta":{"footnotes":""},"categories":[9167,9161,9145],"tags":[9221,48189,9262,9358],"class_list":["post-2544666","post","type-post","status-publish","format-standard","has-post-thumbnail","hentry","category-frieden-und-abruestung","category-menschenrechte","category-pressemitteilungen","tag-abrustung","tag-antikriegstag","tag-frieden","tag-friedensbewegung"],"yoast_head":"<!-- This site is optimized with the Yoast SEO plugin v27.1.1 - https:\/\/yoast.com\/product\/yoast-seo-wordpress\/ -->\n<title>Antikriegstag 2024: K\u00f6lner Friedensforum ruft zur Kundgebung gegen Stationierung von Mittelstreckenraketen auf<\/title>\n<meta name=\"description\" content=\"Unter dem Motto &quot;International solidarisch - friedensf\u00e4hig statt kriegst\u00fcchtig!&quot; ruft das K\u00f6lner Friedensforum am Antikriegstag, Sonntag, den 1. September\" \/>\n<meta name=\"robots\" content=\"index, follow, max-snippet:-1, max-image-preview:large, max-video-preview:-1\" \/>\n<link rel=\"canonical\" href=\"https:\/\/www.pressenza.com\/de\/2024\/08\/antikriegstag-2024-koelner-friedensforum-ruft-zur-kundgebung-gegen-stationierung-von-mittelstreckenraketen-auf\/\" \/>\n<meta property=\"og:locale\" content=\"de_DE\" \/>\n<meta property=\"og:type\" content=\"article\" \/>\n<meta property=\"og:title\" content=\"Antikriegstag 2024: K\u00f6lner Friedensforum ruft zur Kundgebung gegen Stationierung von Mittelstreckenraketen auf\" \/>\n<meta property=\"og:description\" content=\"Unter dem Motto &quot;International solidarisch - friedensf\u00e4hig statt kriegst\u00fcchtig!&quot; ruft das K\u00f6lner Friedensforum am Antikriegstag, Sonntag, den 1. September\" \/>\n<meta property=\"og:url\" content=\"https:\/\/www.pressenza.com\/de\/2024\/08\/antikriegstag-2024-koelner-friedensforum-ruft-zur-kundgebung-gegen-stationierung-von-mittelstreckenraketen-auf\/\" \/>\n<meta property=\"og:site_name\" content=\"Pressenza\" \/>\n<meta property=\"article:publisher\" content=\"https:\/\/www.facebook.com\/PressenzaItalia\" \/>\n<meta property=\"article:author\" content=\"https:\/\/www.facebook.com\/Pressenza-Deutschland-sterreich-Schweiz-281675388658060\/timeline\/\" \/>\n<meta property=\"article:published_time\" content=\"2024-08-28T13:06:26+00:00\" \/>\n<meta property=\"og:image\" content=\"https:\/\/www.pressenza.com\/wp-content\/uploads\/2024\/08\/Antikriegstag-Koeln-Banner.jpg\" \/>\n\t<meta property=\"og:image:width\" content=\"960\" \/>\n\t<meta property=\"og:image:height\" content=\"365\" \/>\n\t<meta property=\"og:image:type\" content=\"image\/jpeg\" \/>\n<meta name=\"author\" content=\"Pressenza Berlin\" \/>\n<meta name=\"twitter:card\" content=\"summary_large_image\" \/>\n<meta name=\"twitter:creator\" content=\"@pressenza_ger\" \/>\n<meta name=\"twitter:site\" content=\"@PressenzaIPA\" \/>\n<meta name=\"twitter:label1\" content=\"Verfasst von\" \/>\n\t<meta name=\"twitter:data1\" content=\"Pressenza Berlin\" \/>\n\t<meta name=\"twitter:label2\" content=\"Gesch\u00e4tzte Lesezeit\" \/>\n\t<meta name=\"twitter:data2\" content=\"2\u00a0Minuten\" \/>\n<script type=\"application\/ld+json\" class=\"yoast-schema-graph\">{\"@context\":\"https:\/\/schema.org\",\"@graph\":[{\"@type\":\"Article\",\"@id\":\"https:\/\/www.pressenza.com\/de\/2024\/08\/antikriegstag-2024-koelner-friedensforum-ruft-zur-kundgebung-gegen-stationierung-von-mittelstreckenraketen-auf\/#article\",\"isPartOf\":{\"@id\":\"https:\/\/www.pressenza.com\/de\/2024\/08\/antikriegstag-2024-koelner-friedensforum-ruft-zur-kundgebung-gegen-stationierung-von-mittelstreckenraketen-auf\/\"},\"author\":{\"name\":\"Pressenza Berlin\",\"@id\":\"https:\/\/www.pressenza.com\/de\/#\/schema\/person\/57bb5480943a496a7722b0248e4b658a\"},\"headline\":\"Antikriegstag 2024: K\u00f6lner Friedensforum ruft zur Kundgebung gegen Stationierung von Mittelstreckenraketen auf\",\"datePublished\":\"2024-08-28T13:06:26+00:00\",\"mainEntityOfPage\":{\"@id\":\"https:\/\/www.pressenza.com\/de\/2024\/08\/antikriegstag-2024-koelner-friedensforum-ruft-zur-kundgebung-gegen-stationierung-von-mittelstreckenraketen-auf\/\"},\"wordCount\":308,\"publisher\":{\"@id\":\"https:\/\/www.pressenza.com\/de\/#organization\"},\"image\":{\"@id\":\"https:\/\/www.pressenza.com\/de\/2024\/08\/antikriegstag-2024-koelner-friedensforum-ruft-zur-kundgebung-gegen-stationierung-von-mittelstreckenraketen-auf\/#primaryimage\"},\"thumbnailUrl\":\"https:\/\/www.pressenza.com\/wp-content\/uploads\/2024\/08\/Antikriegstag-Koeln-Banner.jpg\",\"keywords\":[\"Abr\u00fcstung\",\"Antikriegstag\",\"Frieden\",\"Friedensbewegung\"],\"articleSection\":[\"Frieden und Abr\u00fcstung\",\"Menschenrechte\",\"Pressemitteilungen\"],\"inLanguage\":\"de\"},{\"@type\":\"WebPage\",\"@id\":\"https:\/\/www.pressenza.com\/de\/2024\/08\/antikriegstag-2024-koelner-friedensforum-ruft-zur-kundgebung-gegen-stationierung-von-mittelstreckenraketen-auf\/\",\"url\":\"https:\/\/www.pressenza.com\/de\/2024\/08\/antikriegstag-2024-koelner-friedensforum-ruft-zur-kundgebung-gegen-stationierung-von-mittelstreckenraketen-auf\/\",\"name\":\"Antikriegstag 2024: K\u00f6lner Friedensforum ruft zur Kundgebung gegen Stationierung von Mittelstreckenraketen auf\",\"isPartOf\":{\"@id\":\"https:\/\/www.pressenza.com\/de\/#website\"},\"primaryImageOfPage\":{\"@id\":\"https:\/\/www.pressenza.com\/de\/2024\/08\/antikriegstag-2024-koelner-friedensforum-ruft-zur-kundgebung-gegen-stationierung-von-mittelstreckenraketen-auf\/#primaryimage\"},\"image\":{\"@id\":\"https:\/\/www.pressenza.com\/de\/2024\/08\/antikriegstag-2024-koelner-friedensforum-ruft-zur-kundgebung-gegen-stationierung-von-mittelstreckenraketen-auf\/#primaryimage\"},\"thumbnailUrl\":\"https:\/\/www.pressenza.com\/wp-content\/uploads\/2024\/08\/Antikriegstag-Koeln-Banner.jpg\",\"datePublished\":\"2024-08-28T13:06:26+00:00\",\"description\":\"Unter dem Motto \\\"International solidarisch - friedensf\u00e4hig statt kriegst\u00fcchtig!\\\" ruft das K\u00f6lner Friedensforum am Antikriegstag, Sonntag, den 1. September\",\"breadcrumb\":{\"@id\":\"https:\/\/www.pressenza.com\/de\/2024\/08\/antikriegstag-2024-koelner-friedensforum-ruft-zur-kundgebung-gegen-stationierung-von-mittelstreckenraketen-auf\/#breadcrumb\"},\"inLanguage\":\"de\",\"potentialAction\":[{\"@type\":\"ReadAction\",\"target\":[\"https:\/\/www.pressenza.com\/de\/2024\/08\/antikriegstag-2024-koelner-friedensforum-ruft-zur-kundgebung-gegen-stationierung-von-mittelstreckenraketen-auf\/\"]}]},{\"@type\":\"ImageObject\",\"inLanguage\":\"de\",\"@id\":\"https:\/\/www.pressenza.com\/de\/2024\/08\/antikriegstag-2024-koelner-friedensforum-ruft-zur-kundgebung-gegen-stationierung-von-mittelstreckenraketen-auf\/#primaryimage\",\"url\":\"https:\/\/www.pressenza.com\/wp-content\/uploads\/2024\/08\/Antikriegstag-Koeln-Banner.jpg\",\"contentUrl\":\"https:\/\/www.pressenza.com\/wp-content\/uploads\/2024\/08\/Antikriegstag-Koeln-Banner.jpg\",\"width\":960,\"height\":365},{\"@type\":\"BreadcrumbList\",\"@id\":\"https:\/\/www.pressenza.com\/de\/2024\/08\/antikriegstag-2024-koelner-friedensforum-ruft-zur-kundgebung-gegen-stationierung-von-mittelstreckenraketen-auf\/#breadcrumb\",\"itemListElement\":[{\"@type\":\"ListItem\",\"position\":1,\"name\":\"Accueil\",\"item\":\"https:\/\/www.pressenza.com\/de\/\"},{\"@type\":\"ListItem\",\"position\":2,\"name\":\"Antikriegstag 2024: K\u00f6lner Friedensforum ruft zur Kundgebung gegen Stationierung von Mittelstreckenraketen auf\"}]},{\"@type\":\"WebSite\",\"@id\":\"https:\/\/www.pressenza.com\/de\/#website\",\"url\":\"https:\/\/www.pressenza.com\/de\/\",\"name\":\"Pressenza\",\"description\":\"International Press Agency\",\"publisher\":{\"@id\":\"https:\/\/www.pressenza.com\/de\/#organization\"},\"potentialAction\":[{\"@type\":\"SearchAction\",\"target\":{\"@type\":\"EntryPoint\",\"urlTemplate\":\"https:\/\/www.pressenza.com\/de\/?s={search_term_string}\"},\"query-input\":{\"@type\":\"PropertyValueSpecification\",\"valueRequired\":true,\"valueName\":\"search_term_string\"}}],\"inLanguage\":\"de\"},{\"@type\":\"Organization\",\"@id\":\"https:\/\/www.pressenza.com\/de\/#organization\",\"name\":\"Pressenza\",\"url\":\"https:\/\/www.pressenza.com\/de\/\",\"logo\":{\"@type\":\"ImageObject\",\"inLanguage\":\"de\",\"@id\":\"https:\/\/www.pressenza.com\/de\/#\/schema\/logo\/image\/\",\"url\":\"https:\/\/www.pressenza.com\/wp-content\/uploads\/2022\/10\/pressenza_logo_200x200.jpg\",\"contentUrl\":\"https:\/\/www.pressenza.com\/wp-content\/uploads\/2022\/10\/pressenza_logo_200x200.jpg\",\"width\":200,\"height\":200,\"caption\":\"Pressenza\"},\"image\":{\"@id\":\"https:\/\/www.pressenza.com\/de\/#\/schema\/logo\/image\/\"},\"sameAs\":[\"https:\/\/www.facebook.com\/PressenzaItalia\",\"https:\/\/x.com\/PressenzaIPA\"]},{\"@type\":\"Person\",\"@id\":\"https:\/\/www.pressenza.com\/de\/#\/schema\/person\/57bb5480943a496a7722b0248e4b658a\",\"name\":\"Pressenza Berlin\",\"description\":\"News from the Pressenza Bureau in Berlin, Germany\",\"sameAs\":[\"https:\/\/www.facebook.com\/Pressenza-Deutschland-sterreich-Schweiz-281675388658060\/timeline\/\",\"https:\/\/x.com\/pressenza_ger\"],\"url\":\"https:\/\/www.pressenza.com\/de\/author\/pressenza-berlin\/\"}]}<\/script>\n<!-- \/ Yoast SEO plugin. -->","yoast_head_json":{"title":"Antikriegstag 2024: K\u00f6lner Friedensforum ruft zur Kundgebung gegen Stationierung von Mittelstreckenraketen auf","description":"Unter dem Motto \"International solidarisch - friedensf\u00e4hig statt kriegst\u00fcchtig!\" ruft das K\u00f6lner Friedensforum am Antikriegstag, Sonntag, den 1. September","robots":{"index":"index","follow":"follow","max-snippet":"max-snippet:-1","max-image-preview":"max-image-preview:large","max-video-preview":"max-video-preview:-1"},"canonical":"https:\/\/www.pressenza.com\/de\/2024\/08\/antikriegstag-2024-koelner-friedensforum-ruft-zur-kundgebung-gegen-stationierung-von-mittelstreckenraketen-auf\/","og_locale":"de_DE","og_type":"article","og_title":"Antikriegstag 2024: K\u00f6lner Friedensforum ruft zur Kundgebung gegen Stationierung von Mittelstreckenraketen auf","og_description":"Unter dem Motto \"International solidarisch - friedensf\u00e4hig statt kriegst\u00fcchtig!\" ruft das K\u00f6lner Friedensforum am Antikriegstag, Sonntag, den 1. September","og_url":"https:\/\/www.pressenza.com\/de\/2024\/08\/antikriegstag-2024-koelner-friedensforum-ruft-zur-kundgebung-gegen-stationierung-von-mittelstreckenraketen-auf\/","og_site_name":"Pressenza","article_publisher":"https:\/\/www.facebook.com\/PressenzaItalia","article_author":"https:\/\/www.facebook.com\/Pressenza-Deutschland-sterreich-Schweiz-281675388658060\/timeline\/","article_published_time":"2024-08-28T13:06:26+00:00","og_image":[{"width":960,"height":365,"url":"https:\/\/www.pressenza.com\/wp-content\/uploads\/2024\/08\/Antikriegstag-Koeln-Banner.jpg","type":"image\/jpeg"}],"author":"Pressenza Berlin","twitter_card":"summary_large_image","twitter_creator":"@pressenza_ger","twitter_site":"@PressenzaIPA","twitter_misc":{"Verfasst von":"Pressenza Berlin","Gesch\u00e4tzte Lesezeit":"2\u00a0Minuten"},"schema":{"@context":"https:\/\/schema.org","@graph":[{"@type":"Article","@id":"https:\/\/www.pressenza.com\/de\/2024\/08\/antikriegstag-2024-koelner-friedensforum-ruft-zur-kundgebung-gegen-stationierung-von-mittelstreckenraketen-auf\/#article","isPartOf":{"@id":"https:\/\/www.pressenza.com\/de\/2024\/08\/antikriegstag-2024-koelner-friedensforum-ruft-zur-kundgebung-gegen-stationierung-von-mittelstreckenraketen-auf\/"},"author":{"name":"Pressenza Berlin","@id":"https:\/\/www.pressenza.com\/de\/#\/schema\/person\/57bb5480943a496a7722b0248e4b658a"},"headline":"Antikriegstag 2024: K\u00f6lner Friedensforum ruft zur Kundgebung gegen Stationierung von Mittelstreckenraketen auf","datePublished":"2024-08-28T13:06:26+00:00","mainEntityOfPage":{"@id":"https:\/\/www.pressenza.com\/de\/2024\/08\/antikriegstag-2024-koelner-friedensforum-ruft-zur-kundgebung-gegen-stationierung-von-mittelstreckenraketen-auf\/"},"wordCount":308,"publisher":{"@id":"https:\/\/www.pressenza.com\/de\/#organization"},"image":{"@id":"https:\/\/www.pressenza.com\/de\/2024\/08\/antikriegstag-2024-koelner-friedensforum-ruft-zur-kundgebung-gegen-stationierung-von-mittelstreckenraketen-auf\/#primaryimage"},"thumbnailUrl":"https:\/\/www.pressenza.com\/wp-content\/uploads\/2024\/08\/Antikriegstag-Koeln-Banner.jpg","keywords":["Abr\u00fcstung","Antikriegstag","Frieden","Friedensbewegung"],"articleSection":["Frieden und Abr\u00fcstung","Menschenrechte","Pressemitteilungen"],"inLanguage":"de"},{"@type":"WebPage","@id":"https:\/\/www.pressenza.com\/de\/2024\/08\/antikriegstag-2024-koelner-friedensforum-ruft-zur-kundgebung-gegen-stationierung-von-mittelstreckenraketen-auf\/","url":"https:\/\/www.pressenza.com\/de\/2024\/08\/antikriegstag-2024-koelner-friedensforum-ruft-zur-kundgebung-gegen-stationierung-von-mittelstreckenraketen-auf\/","name":"Antikriegstag 2024: K\u00f6lner Friedensforum ruft zur Kundgebung gegen Stationierung von Mittelstreckenraketen auf","isPartOf":{"@id":"https:\/\/www.pressenza.com\/de\/#website"},"primaryImageOfPage":{"@id":"https:\/\/www.pressenza.com\/de\/2024\/08\/antikriegstag-2024-koelner-friedensforum-ruft-zur-kundgebung-gegen-stationierung-von-mittelstreckenraketen-auf\/#primaryimage"},"image":{"@id":"https:\/\/www.pressenza.com\/de\/2024\/08\/antikriegstag-2024-koelner-friedensforum-ruft-zur-kundgebung-gegen-stationierung-von-mittelstreckenraketen-auf\/#primaryimage"},"thumbnailUrl":"https:\/\/www.pressenza.com\/wp-content\/uploads\/2024\/08\/Antikriegstag-Koeln-Banner.jpg","datePublished":"2024-08-28T13:06:26+00:00","description":"Unter dem Motto \"International solidarisch - friedensf\u00e4hig statt kriegst\u00fcchtig!\" ruft das K\u00f6lner Friedensforum am Antikriegstag, Sonntag, den 1. September","breadcrumb":{"@id":"https:\/\/www.pressenza.com\/de\/2024\/08\/antikriegstag-2024-koelner-friedensforum-ruft-zur-kundgebung-gegen-stationierung-von-mittelstreckenraketen-auf\/#breadcrumb"},"inLanguage":"de","potentialAction":[{"@type":"ReadAction","target":["https:\/\/www.pressenza.com\/de\/2024\/08\/antikriegstag-2024-koelner-friedensforum-ruft-zur-kundgebung-gegen-stationierung-von-mittelstreckenraketen-auf\/"]}]},{"@type":"ImageObject","inLanguage":"de","@id":"https:\/\/www.pressenza.com\/de\/2024\/08\/antikriegstag-2024-koelner-friedensforum-ruft-zur-kundgebung-gegen-stationierung-von-mittelstreckenraketen-auf\/#primaryimage","url":"https:\/\/www.pressenza.com\/wp-content\/uploads\/2024\/08\/Antikriegstag-Koeln-Banner.jpg","contentUrl":"https:\/\/www.pressenza.com\/wp-content\/uploads\/2024\/08\/Antikriegstag-Koeln-Banner.jpg","width":960,"height":365},{"@type":"BreadcrumbList","@id":"https:\/\/www.pressenza.com\/de\/2024\/08\/antikriegstag-2024-koelner-friedensforum-ruft-zur-kundgebung-gegen-stationierung-von-mittelstreckenraketen-auf\/#breadcrumb","itemListElement":[{"@type":"ListItem","position":1,"name":"Accueil","item":"https:\/\/www.pressenza.com\/de\/"},{"@type":"ListItem","position":2,"name":"Antikriegstag 2024: K\u00f6lner Friedensforum ruft zur Kundgebung gegen Stationierung von Mittelstreckenraketen auf"}]},{"@type":"WebSite","@id":"https:\/\/www.pressenza.com\/de\/#website","url":"https:\/\/www.pressenza.com\/de\/","name":"Pressenza","description":"International Press Agency","publisher":{"@id":"https:\/\/www.pressenza.com\/de\/#organization"},"potentialAction":[{"@type":"SearchAction","target":{"@type":"EntryPoint","urlTemplate":"https:\/\/www.pressenza.com\/de\/?s={search_term_string}"},"query-input":{"@type":"PropertyValueSpecification","valueRequired":true,"valueName":"search_term_string"}}],"inLanguage":"de"},{"@type":"Organization","@id":"https:\/\/www.pressenza.com\/de\/#organization","name":"Pressenza","url":"https:\/\/www.pressenza.com\/de\/","logo":{"@type":"ImageObject","inLanguage":"de","@id":"https:\/\/www.pressenza.com\/de\/#\/schema\/logo\/image\/","url":"https:\/\/www.pressenza.com\/wp-content\/uploads\/2022\/10\/pressenza_logo_200x200.jpg","contentUrl":"https:\/\/www.pressenza.com\/wp-content\/uploads\/2022\/10\/pressenza_logo_200x200.jpg","width":200,"height":200,"caption":"Pressenza"},"image":{"@id":"https:\/\/www.pressenza.com\/de\/#\/schema\/logo\/image\/"},"sameAs":["https:\/\/www.facebook.com\/PressenzaItalia","https:\/\/x.com\/PressenzaIPA"]},{"@type":"Person","@id":"https:\/\/www.pressenza.com\/de\/#\/schema\/person\/57bb5480943a496a7722b0248e4b658a","name":"Pressenza Berlin","description":"News from the Pressenza Bureau in Berlin, Germany","sameAs":["https:\/\/www.facebook.com\/Pressenza-Deutschland-sterreich-Schweiz-281675388658060\/timeline\/","https:\/\/x.com\/pressenza_ger"],"url":"https:\/\/www.pressenza.com\/de\/author\/pressenza-berlin\/"}]}},"place":"","original_article_url":"","_links":{"self":[{"href":"https:\/\/www.pressenza.com\/de\/wp-json\/wp\/v2\/posts\/2544666","targetHints":{"allow":["GET"]}}],"collection":[{"href":"https:\/\/www.pressenza.com\/de\/wp-json\/wp\/v2\/posts"}],"about":[{"href":"https:\/\/www.pressenza.com\/de\/wp-json\/wp\/v2\/types\/post"}],"author":[{"embeddable":true,"href":"https:\/\/www.pressenza.com\/de\/wp-json\/wp\/v2\/users\/1095"}],"replies":[{"embeddable":true,"href":"https:\/\/www.pressenza.com\/de\/wp-json\/wp\/v2\/comments?post=2544666"}],"version-history":[{"count":0,"href":"https:\/\/www.pressenza.com\/de\/wp-json\/wp\/v2\/posts\/2544666\/revisions"}],"wp:featuredmedia":[{"embeddable":true,"href":"https:\/\/www.pressenza.com\/de\/wp-json\/wp\/v2\/media\/2544667"}],"wp:attachment":[{"href":"https:\/\/www.pressenza.com\/de\/wp-json\/wp\/v2\/media?parent=2544666"}],"wp:term":[{"taxonomy":"category","embeddable":true,"href":"https:\/\/www.pressenza.com\/de\/wp-json\/wp\/v2\/categories?post=2544666"},{"taxonomy":"post_tag","embeddable":true,"href":"https:\/\/www.pressenza.com\/de\/wp-json\/wp\/v2\/tags?post=2544666"}],"curies":[{"name":"wp","href":"https:\/\/api.w.org\/{rel}","templated":true}]}}