{"id":2540294,"date":"2024-08-02T15:45:03","date_gmt":"2024-08-02T14:45:03","guid":{"rendered":"https:\/\/www.pressenza.com\/?p=2540294"},"modified":"2024-08-02T15:45:03","modified_gmt":"2024-08-02T14:45:03","slug":"die-nachrichtenagentur-pressenza-feierte-den-start-ihrer-arabischsprachigen-ausgabe","status":"publish","type":"post","link":"https:\/\/www.pressenza.com\/de\/2024\/08\/die-nachrichtenagentur-pressenza-feierte-den-start-ihrer-arabischsprachigen-ausgabe\/","title":{"rendered":"Die Nachrichtenagentur Pressenza feierte den Start ihrer arabischsprachigen Ausgabe"},"content":{"rendered":"<p><strong>Vor einem gro\u00dfen internationalen Publikum feierte die Nachrichtenagentur Pressenza den Start ihrer arabischsprachigen Ausgabe.<\/strong><\/p>\n<p>Von besonderem Interesse war dabei die Teilnahme von Journalist:innen, P\u00e4dagog:innen und Menschenrechtsaktivist:innen aus Libyen, Pal\u00e4stina, dem Libanon, Saudi-Arabien, Syrien und Marokko. Sie begl\u00fcckw\u00fcnschten die Initiative und betonten, wie notwendig und relevant die Verbreitung einer Kultur des Friedens und der Gewaltfreiheit in der arabischen Welt ist.<\/p>\n<p>Sehr wichtig in diesem Zusammenhang war die Anwesenheit von Absolvent:innen und Professor:innen der Akademischen Universit\u00e4t f\u00fcr Gewaltlosigkeit und Menschenrechte (AUNOHR) aus dem Libanon. Die Einrichtung wurde 2014 von Ogarit Younan und Walid Slaybi gegr\u00fcndet und gilt aufgrund ihrer Ausrichtung nicht nur in der Region, sondern auch weltweit als Pionierin: Ihr Ziel besteht darin, eine akademische Professionalisierung zu gew\u00e4hrleisten, die die pers\u00f6nliche Entwicklung der Studierenden und damit den sozialen Wandel ber\u00fccksichtigt.<\/p>\n<p>Valerio Marinai, Redakteur und technischer Architekt der neuen arabischen Ausgabe, hob in seiner Begr\u00fc\u00dfungsrede auch den ehrenamtlichen Einsatz aller Pressenza-Mitglieder hervor. Arabisch ist nun die zehnte Sprache, in der die Agentur t\u00e4glich berichtet, sagte er.<\/p>\n<p>Das Ziel, sich neuen Sprachen zu \u00f6ffnen, geht weit \u00fcber einen blo\u00dfen journalistischen Eifer hinaus. Zuletzt ging die russische Ausgabe an den Start und in naher Zukunft ist dies auch f\u00fcr Hindi und Mandarin geplant.<\/p>\n<p>Dies betonte der argentinische Redakteur, Javier Tolcachier, und erg\u00e4nzte: \u201eWir wollen die gro\u00dfen historischen und aktuellen Beitr\u00e4ge der verschiedenen Kulturen vorstellen, die heutzutage zu Unrecht \u00fcberlagert werden von den Interessen, Stereotypen und der monopolistischen Kommunikationsmacht westlicher Medienagenturen.\u201c<\/p>\n<p>\u201eAndererseits wollen wir einen echten transkulturellen Dialog etablieren, der die Grundlage f\u00fcr eine k\u00fcnftige, universelle menschliche Nation bilden wird\u201c, f\u00fcgte er hinzu.<\/p>\n<p>P\u00eda Figueroa, Mitbegr\u00fcnderin und Co-Direktorin der Nachrichtenagentur, hob hervor, welch positive Auswirkungen es \u2013 auch f\u00fcr die gesamte Menschheit \u2013 hat, sich gegen\u00fcber verschiedener kultureller Perspektiven und Wahrnehmungen zu \u00f6ffnen.<\/p>\n<p>Als Vertreter der brandneuen arabischen Redaktion schilderten die erfahrenen Journalisten Farid Adly, libyscher Herkunft, und Milad Jubran Basir, geb\u00fcrtiger Pal\u00e4stinenser, ihre Eindr\u00fccke. Beide leben aktuell in Italien und setzen sich seit langem f\u00fcr die Verteidigung von Menschenrechten und die Unterst\u00fctzung von Migrant:innen ein.<\/p>\n<p>Adly, Direktor des Portals \u201eAnbamed\u201c, dr\u00fcckte sein Unverst\u00e4ndnis dar\u00fcber aus, dass eine Region, die so reich an Ressourcen ist wie der Nahe Osten, eben jene f\u00fcr Waffenk\u00e4ufe verschwendet, anstatt die Entwicklung der Bev\u00f6lkerung zu f\u00f6rdern. Deshalb sei es unabdingbar, sich anders auszurichten und Gewaltfreiheit in der arabischen Kultur zu propagieren.<\/p>\n<p>Angesichts der Vernetzung zwischen den verschiedenen Kulturen unterstrich Jubran Basir seinerseits die Rolle eines Gemeinschaftsbewusstseins, um die Fragen der heutigen Welt zu beantworten. Zugleich machte der Gewerkschafter klar, dass dank Pressenza ein wichtiger Austausch erm\u00f6glicht wird, da so Informationen in die arabische Welt gelangen und vice versa.<\/p>\n<p>Die unterschiedlichen Interventionen deckten sich mit der Tatsache, dass fehlendem Wissen \u00fcber den arabischen Kulturkreis und Stereotypen entgegengewirkt werden muss. Letztere sch\u00e4digen und verzerren nicht nur, sondern verhindern auch eine Wertsch\u00e4tzung dieser wertvollen Kultur.<\/p>\n<p>Auf die Frage hin, wie man einen Beitrag auf Pressenza leisten und sich beteiligen kann, wurden die Anwesenden dazu eingeladen, sich mit den Redakteur:innen in Verbindung zu setzen. M\u00f6glich sei sogar ein Kurs auf Arabisch \u00fcber gewaltfreien Journalismus auf der Grundlage des gleichnamigen Buchs, das als Studien- und Referenzmaterial bereits in verschiedenen einschl\u00e4gigen Disziplinen verwendet wird.<\/p>\n<p>Valerio Marinai l\u00fcftete schlie\u00dflich den \u201eSchleier\u201c und erm\u00f6glichte einen Einblick in die ersten Artikel auf der arabischen Pressenza-Seite.<\/p>\n<p>Zum Schluss wurde bekr\u00e4ftigt, wie wichtig es ist, dass Pressenza in allen Teilen des weitreichenden arabischen Sprachraums als alternative Kommunikationsplattform Bekanntheit erlangt \u2013 und durch eine stetig zunehmende Vernetzung weiterw\u00e4chst.<\/p>\n<p>In Anlehnung an die f\u00fcr die arabische Kultur charakteristische Gastfreundschaft begl\u00fcckw\u00fcnschten die Teilnehmer:innen die Bem\u00fchungen, hoben ihre Tassen mit traditionellem Tee und dr\u00fcckten damit ihre Anerkennung aus.<\/p>\n<p>Letztlich ert\u00f6nte ein herzlicher Applaus, der die illusorischen Entfernungen \u00fcberwand und das Echo einer gest\u00e4rkten Hoffnung hinterlie\u00df: die Hoffnung in eine Welt, die der menschlichen Spezies ein gewaltfreies Zuhause sein wird.<\/p>\n<p><em><strong>\u00dcbersetzung aus dem Spanischen von Sarah Ostrycharczyk vom ehrenamtlichen Pressenza-\u00dcbersetzungsteam erstellt. <a href=\"https:\/\/www.pressenza.com\/de\/mitarbeiten\/\" target=\"_blank\" rel=\"noopener\">Wir suchen Freiwillige!\u00a0<\/a><\/strong><\/em><\/p>\n","protected":false},"excerpt":{"rendered":"<p>Vor einem gro\u00dfen internationalen Publikum feierte die Nachrichtenagentur Pressenza den Start ihrer arabischsprachigen Ausgabe. Von besonderem Interesse war dabei die Teilnahme von Journalist:innen, P\u00e4dagog:innen und Menschenrechtsaktivist:innen aus Libyen, Pal\u00e4stina, dem Libanon, Saudi-Arabien, Syrien und Marokko. Sie begl\u00fcckw\u00fcnschten die Initiative und&hellip;<\/p>\n","protected":false},"author":19,"featured_media":2540295,"comment_status":"closed","ping_status":"closed","sticky":false,"template":"","format":"standard","meta":{"footnotes":""},"categories":[9166,9162,7835,9156,11387],"tags":[125279,51211,125278,51703,9181],"class_list":["post-2540294","post","type-post","status-publish","format-standard","has-post-thumbnail","hentry","category-gewaltfreiheit","category-humanismus-und-spiritualitaet","category-international-de","category-kultur-und-medien","category-originalinhalt","tag-arabische-ausgabe","tag-arabische-kultur","tag-arabische-sprache","tag-in-eigener-sache","tag-pressenza-de"],"yoast_head":"<!-- This site is optimized with the Yoast SEO plugin v27.1.1 - https:\/\/yoast.com\/product\/yoast-seo-wordpress\/ -->\n<title>Die Nachrichtenagentur Pressenza feierte den Start ihrer arabischsprachigen Ausgabe<\/title>\n<meta name=\"description\" content=\"Vor einem gro\u00dfen internationalen Publikum feierte die Nachrichtenagentur Pressenza den Start ihrer arabischsprachigen Ausgabe. Von besonderem Interesse\" \/>\n<meta name=\"robots\" content=\"index, follow, max-snippet:-1, max-image-preview:large, max-video-preview:-1\" \/>\n<link rel=\"canonical\" href=\"https:\/\/www.pressenza.com\/de\/2024\/08\/die-nachrichtenagentur-pressenza-feierte-den-start-ihrer-arabischsprachigen-ausgabe\/\" \/>\n<meta property=\"og:locale\" content=\"de_DE\" \/>\n<meta property=\"og:type\" content=\"article\" \/>\n<meta property=\"og:title\" content=\"Die Nachrichtenagentur Pressenza feierte den Start ihrer arabischsprachigen Ausgabe\" \/>\n<meta property=\"og:description\" content=\"Vor einem gro\u00dfen internationalen Publikum feierte die Nachrichtenagentur Pressenza den Start ihrer arabischsprachigen Ausgabe. Von besonderem Interesse\" \/>\n<meta property=\"og:url\" content=\"https:\/\/www.pressenza.com\/de\/2024\/08\/die-nachrichtenagentur-pressenza-feierte-den-start-ihrer-arabischsprachigen-ausgabe\/\" \/>\n<meta property=\"og:site_name\" content=\"Pressenza\" \/>\n<meta property=\"article:publisher\" content=\"https:\/\/www.facebook.com\/PressenzaItalia\" \/>\n<meta property=\"article:author\" content=\"https:\/\/www.facebook.com\/pressenza\" \/>\n<meta property=\"article:published_time\" content=\"2024-08-02T14:45:03+00:00\" \/>\n<meta property=\"og:image\" content=\"https:\/\/www.pressenza.com\/wp-content\/uploads\/2024\/07\/portada-inicial-pressenza-arabe.png\" \/>\n\t<meta property=\"og:image:width\" content=\"1249\" \/>\n\t<meta property=\"og:image:height\" content=\"616\" \/>\n\t<meta property=\"og:image:type\" content=\"image\/png\" \/>\n<meta name=\"author\" content=\"Pressenza IPA\" \/>\n<meta name=\"twitter:card\" content=\"summary_large_image\" \/>\n<meta name=\"twitter:creator\" content=\"@PressenzaIPA\" \/>\n<meta name=\"twitter:site\" content=\"@PressenzaIPA\" \/>\n<meta name=\"twitter:label1\" content=\"Verfasst von\" \/>\n\t<meta name=\"twitter:data1\" content=\"Pressenza IPA\" \/>\n\t<meta name=\"twitter:label2\" content=\"Gesch\u00e4tzte Lesezeit\" \/>\n\t<meta name=\"twitter:data2\" content=\"4\u00a0Minuten\" \/>\n<script type=\"application\/ld+json\" class=\"yoast-schema-graph\">{\"@context\":\"https:\/\/schema.org\",\"@graph\":[{\"@type\":\"Article\",\"@id\":\"https:\/\/www.pressenza.com\/de\/2024\/08\/die-nachrichtenagentur-pressenza-feierte-den-start-ihrer-arabischsprachigen-ausgabe\/#article\",\"isPartOf\":{\"@id\":\"https:\/\/www.pressenza.com\/de\/2024\/08\/die-nachrichtenagentur-pressenza-feierte-den-start-ihrer-arabischsprachigen-ausgabe\/\"},\"author\":{\"name\":\"Pressenza IPA\",\"@id\":\"https:\/\/www.pressenza.com\/de\/#\/schema\/person\/010e5d02bcf40965427a1289a4cc8d75\"},\"headline\":\"Die Nachrichtenagentur Pressenza feierte den Start ihrer arabischsprachigen Ausgabe\",\"datePublished\":\"2024-08-02T14:45:03+00:00\",\"mainEntityOfPage\":{\"@id\":\"https:\/\/www.pressenza.com\/de\/2024\/08\/die-nachrichtenagentur-pressenza-feierte-den-start-ihrer-arabischsprachigen-ausgabe\/\"},\"wordCount\":706,\"publisher\":{\"@id\":\"https:\/\/www.pressenza.com\/de\/#organization\"},\"image\":{\"@id\":\"https:\/\/www.pressenza.com\/de\/2024\/08\/die-nachrichtenagentur-pressenza-feierte-den-start-ihrer-arabischsprachigen-ausgabe\/#primaryimage\"},\"thumbnailUrl\":\"https:\/\/www.pressenza.com\/wp-content\/uploads\/2024\/07\/portada-inicial-pressenza-arabe.png\",\"keywords\":[\"arabische Ausgabe\",\"arabische Kultur\",\"Arabische Sprache\",\"in eigener Sache\",\"Pressenza\"],\"articleSection\":[\"Gewaltfreiheit\",\"Humanismus und Spiritualit\u00e4t\",\"International\",\"Kultur und Medien\",\"Originalinhalt\"],\"inLanguage\":\"de\"},{\"@type\":\"WebPage\",\"@id\":\"https:\/\/www.pressenza.com\/de\/2024\/08\/die-nachrichtenagentur-pressenza-feierte-den-start-ihrer-arabischsprachigen-ausgabe\/\",\"url\":\"https:\/\/www.pressenza.com\/de\/2024\/08\/die-nachrichtenagentur-pressenza-feierte-den-start-ihrer-arabischsprachigen-ausgabe\/\",\"name\":\"Die Nachrichtenagentur Pressenza feierte den Start ihrer arabischsprachigen Ausgabe\",\"isPartOf\":{\"@id\":\"https:\/\/www.pressenza.com\/de\/#website\"},\"primaryImageOfPage\":{\"@id\":\"https:\/\/www.pressenza.com\/de\/2024\/08\/die-nachrichtenagentur-pressenza-feierte-den-start-ihrer-arabischsprachigen-ausgabe\/#primaryimage\"},\"image\":{\"@id\":\"https:\/\/www.pressenza.com\/de\/2024\/08\/die-nachrichtenagentur-pressenza-feierte-den-start-ihrer-arabischsprachigen-ausgabe\/#primaryimage\"},\"thumbnailUrl\":\"https:\/\/www.pressenza.com\/wp-content\/uploads\/2024\/07\/portada-inicial-pressenza-arabe.png\",\"datePublished\":\"2024-08-02T14:45:03+00:00\",\"description\":\"Vor einem gro\u00dfen internationalen Publikum feierte die Nachrichtenagentur Pressenza den Start ihrer arabischsprachigen Ausgabe. Von besonderem Interesse\",\"breadcrumb\":{\"@id\":\"https:\/\/www.pressenza.com\/de\/2024\/08\/die-nachrichtenagentur-pressenza-feierte-den-start-ihrer-arabischsprachigen-ausgabe\/#breadcrumb\"},\"inLanguage\":\"de\",\"potentialAction\":[{\"@type\":\"ReadAction\",\"target\":[\"https:\/\/www.pressenza.com\/de\/2024\/08\/die-nachrichtenagentur-pressenza-feierte-den-start-ihrer-arabischsprachigen-ausgabe\/\"]}]},{\"@type\":\"ImageObject\",\"inLanguage\":\"de\",\"@id\":\"https:\/\/www.pressenza.com\/de\/2024\/08\/die-nachrichtenagentur-pressenza-feierte-den-start-ihrer-arabischsprachigen-ausgabe\/#primaryimage\",\"url\":\"https:\/\/www.pressenza.com\/wp-content\/uploads\/2024\/07\/portada-inicial-pressenza-arabe.png\",\"contentUrl\":\"https:\/\/www.pressenza.com\/wp-content\/uploads\/2024\/07\/portada-inicial-pressenza-arabe.png\",\"width\":1249,\"height\":616},{\"@type\":\"BreadcrumbList\",\"@id\":\"https:\/\/www.pressenza.com\/de\/2024\/08\/die-nachrichtenagentur-pressenza-feierte-den-start-ihrer-arabischsprachigen-ausgabe\/#breadcrumb\",\"itemListElement\":[{\"@type\":\"ListItem\",\"position\":1,\"name\":\"Accueil\",\"item\":\"https:\/\/www.pressenza.com\/de\/\"},{\"@type\":\"ListItem\",\"position\":2,\"name\":\"Die Nachrichtenagentur Pressenza feierte den Start ihrer arabischsprachigen Ausgabe\"}]},{\"@type\":\"WebSite\",\"@id\":\"https:\/\/www.pressenza.com\/de\/#website\",\"url\":\"https:\/\/www.pressenza.com\/de\/\",\"name\":\"Pressenza\",\"description\":\"International Press Agency\",\"publisher\":{\"@id\":\"https:\/\/www.pressenza.com\/de\/#organization\"},\"potentialAction\":[{\"@type\":\"SearchAction\",\"target\":{\"@type\":\"EntryPoint\",\"urlTemplate\":\"https:\/\/www.pressenza.com\/de\/?s={search_term_string}\"},\"query-input\":{\"@type\":\"PropertyValueSpecification\",\"valueRequired\":true,\"valueName\":\"search_term_string\"}}],\"inLanguage\":\"de\"},{\"@type\":\"Organization\",\"@id\":\"https:\/\/www.pressenza.com\/de\/#organization\",\"name\":\"Pressenza\",\"url\":\"https:\/\/www.pressenza.com\/de\/\",\"logo\":{\"@type\":\"ImageObject\",\"inLanguage\":\"de\",\"@id\":\"https:\/\/www.pressenza.com\/de\/#\/schema\/logo\/image\/\",\"url\":\"https:\/\/www.pressenza.com\/wp-content\/uploads\/2022\/10\/pressenza_logo_200x200.jpg\",\"contentUrl\":\"https:\/\/www.pressenza.com\/wp-content\/uploads\/2022\/10\/pressenza_logo_200x200.jpg\",\"width\":200,\"height\":200,\"caption\":\"Pressenza\"},\"image\":{\"@id\":\"https:\/\/www.pressenza.com\/de\/#\/schema\/logo\/image\/\"},\"sameAs\":[\"https:\/\/www.facebook.com\/PressenzaItalia\",\"https:\/\/x.com\/PressenzaIPA\"]},{\"@type\":\"Person\",\"@id\":\"https:\/\/www.pressenza.com\/de\/#\/schema\/person\/010e5d02bcf40965427a1289a4cc8d75\",\"name\":\"Pressenza IPA\",\"description\":\"News from Pressenza IPA correspondents\",\"sameAs\":[\"https:\/\/www.facebook.com\/pressenza\",\"https:\/\/x.com\/PressenzaIPA\"],\"url\":\"https:\/\/www.pressenza.com\/de\/author\/pressenza-ipa\/\"}]}<\/script>\n<!-- \/ Yoast SEO plugin. -->","yoast_head_json":{"title":"Die Nachrichtenagentur Pressenza feierte den Start ihrer arabischsprachigen Ausgabe","description":"Vor einem gro\u00dfen internationalen Publikum feierte die Nachrichtenagentur Pressenza den Start ihrer arabischsprachigen Ausgabe. Von besonderem Interesse","robots":{"index":"index","follow":"follow","max-snippet":"max-snippet:-1","max-image-preview":"max-image-preview:large","max-video-preview":"max-video-preview:-1"},"canonical":"https:\/\/www.pressenza.com\/de\/2024\/08\/die-nachrichtenagentur-pressenza-feierte-den-start-ihrer-arabischsprachigen-ausgabe\/","og_locale":"de_DE","og_type":"article","og_title":"Die Nachrichtenagentur Pressenza feierte den Start ihrer arabischsprachigen Ausgabe","og_description":"Vor einem gro\u00dfen internationalen Publikum feierte die Nachrichtenagentur Pressenza den Start ihrer arabischsprachigen Ausgabe. Von besonderem Interesse","og_url":"https:\/\/www.pressenza.com\/de\/2024\/08\/die-nachrichtenagentur-pressenza-feierte-den-start-ihrer-arabischsprachigen-ausgabe\/","og_site_name":"Pressenza","article_publisher":"https:\/\/www.facebook.com\/PressenzaItalia","article_author":"https:\/\/www.facebook.com\/pressenza","article_published_time":"2024-08-02T14:45:03+00:00","og_image":[{"width":1249,"height":616,"url":"https:\/\/www.pressenza.com\/wp-content\/uploads\/2024\/07\/portada-inicial-pressenza-arabe.png","type":"image\/png"}],"author":"Pressenza IPA","twitter_card":"summary_large_image","twitter_creator":"@PressenzaIPA","twitter_site":"@PressenzaIPA","twitter_misc":{"Verfasst von":"Pressenza IPA","Gesch\u00e4tzte Lesezeit":"4\u00a0Minuten"},"schema":{"@context":"https:\/\/schema.org","@graph":[{"@type":"Article","@id":"https:\/\/www.pressenza.com\/de\/2024\/08\/die-nachrichtenagentur-pressenza-feierte-den-start-ihrer-arabischsprachigen-ausgabe\/#article","isPartOf":{"@id":"https:\/\/www.pressenza.com\/de\/2024\/08\/die-nachrichtenagentur-pressenza-feierte-den-start-ihrer-arabischsprachigen-ausgabe\/"},"author":{"name":"Pressenza IPA","@id":"https:\/\/www.pressenza.com\/de\/#\/schema\/person\/010e5d02bcf40965427a1289a4cc8d75"},"headline":"Die Nachrichtenagentur Pressenza feierte den Start ihrer arabischsprachigen Ausgabe","datePublished":"2024-08-02T14:45:03+00:00","mainEntityOfPage":{"@id":"https:\/\/www.pressenza.com\/de\/2024\/08\/die-nachrichtenagentur-pressenza-feierte-den-start-ihrer-arabischsprachigen-ausgabe\/"},"wordCount":706,"publisher":{"@id":"https:\/\/www.pressenza.com\/de\/#organization"},"image":{"@id":"https:\/\/www.pressenza.com\/de\/2024\/08\/die-nachrichtenagentur-pressenza-feierte-den-start-ihrer-arabischsprachigen-ausgabe\/#primaryimage"},"thumbnailUrl":"https:\/\/www.pressenza.com\/wp-content\/uploads\/2024\/07\/portada-inicial-pressenza-arabe.png","keywords":["arabische Ausgabe","arabische Kultur","Arabische Sprache","in eigener Sache","Pressenza"],"articleSection":["Gewaltfreiheit","Humanismus und Spiritualit\u00e4t","International","Kultur und Medien","Originalinhalt"],"inLanguage":"de"},{"@type":"WebPage","@id":"https:\/\/www.pressenza.com\/de\/2024\/08\/die-nachrichtenagentur-pressenza-feierte-den-start-ihrer-arabischsprachigen-ausgabe\/","url":"https:\/\/www.pressenza.com\/de\/2024\/08\/die-nachrichtenagentur-pressenza-feierte-den-start-ihrer-arabischsprachigen-ausgabe\/","name":"Die Nachrichtenagentur Pressenza feierte den Start ihrer arabischsprachigen Ausgabe","isPartOf":{"@id":"https:\/\/www.pressenza.com\/de\/#website"},"primaryImageOfPage":{"@id":"https:\/\/www.pressenza.com\/de\/2024\/08\/die-nachrichtenagentur-pressenza-feierte-den-start-ihrer-arabischsprachigen-ausgabe\/#primaryimage"},"image":{"@id":"https:\/\/www.pressenza.com\/de\/2024\/08\/die-nachrichtenagentur-pressenza-feierte-den-start-ihrer-arabischsprachigen-ausgabe\/#primaryimage"},"thumbnailUrl":"https:\/\/www.pressenza.com\/wp-content\/uploads\/2024\/07\/portada-inicial-pressenza-arabe.png","datePublished":"2024-08-02T14:45:03+00:00","description":"Vor einem gro\u00dfen internationalen Publikum feierte die Nachrichtenagentur Pressenza den Start ihrer arabischsprachigen Ausgabe. Von besonderem Interesse","breadcrumb":{"@id":"https:\/\/www.pressenza.com\/de\/2024\/08\/die-nachrichtenagentur-pressenza-feierte-den-start-ihrer-arabischsprachigen-ausgabe\/#breadcrumb"},"inLanguage":"de","potentialAction":[{"@type":"ReadAction","target":["https:\/\/www.pressenza.com\/de\/2024\/08\/die-nachrichtenagentur-pressenza-feierte-den-start-ihrer-arabischsprachigen-ausgabe\/"]}]},{"@type":"ImageObject","inLanguage":"de","@id":"https:\/\/www.pressenza.com\/de\/2024\/08\/die-nachrichtenagentur-pressenza-feierte-den-start-ihrer-arabischsprachigen-ausgabe\/#primaryimage","url":"https:\/\/www.pressenza.com\/wp-content\/uploads\/2024\/07\/portada-inicial-pressenza-arabe.png","contentUrl":"https:\/\/www.pressenza.com\/wp-content\/uploads\/2024\/07\/portada-inicial-pressenza-arabe.png","width":1249,"height":616},{"@type":"BreadcrumbList","@id":"https:\/\/www.pressenza.com\/de\/2024\/08\/die-nachrichtenagentur-pressenza-feierte-den-start-ihrer-arabischsprachigen-ausgabe\/#breadcrumb","itemListElement":[{"@type":"ListItem","position":1,"name":"Accueil","item":"https:\/\/www.pressenza.com\/de\/"},{"@type":"ListItem","position":2,"name":"Die Nachrichtenagentur Pressenza feierte den Start ihrer arabischsprachigen Ausgabe"}]},{"@type":"WebSite","@id":"https:\/\/www.pressenza.com\/de\/#website","url":"https:\/\/www.pressenza.com\/de\/","name":"Pressenza","description":"International Press Agency","publisher":{"@id":"https:\/\/www.pressenza.com\/de\/#organization"},"potentialAction":[{"@type":"SearchAction","target":{"@type":"EntryPoint","urlTemplate":"https:\/\/www.pressenza.com\/de\/?s={search_term_string}"},"query-input":{"@type":"PropertyValueSpecification","valueRequired":true,"valueName":"search_term_string"}}],"inLanguage":"de"},{"@type":"Organization","@id":"https:\/\/www.pressenza.com\/de\/#organization","name":"Pressenza","url":"https:\/\/www.pressenza.com\/de\/","logo":{"@type":"ImageObject","inLanguage":"de","@id":"https:\/\/www.pressenza.com\/de\/#\/schema\/logo\/image\/","url":"https:\/\/www.pressenza.com\/wp-content\/uploads\/2022\/10\/pressenza_logo_200x200.jpg","contentUrl":"https:\/\/www.pressenza.com\/wp-content\/uploads\/2022\/10\/pressenza_logo_200x200.jpg","width":200,"height":200,"caption":"Pressenza"},"image":{"@id":"https:\/\/www.pressenza.com\/de\/#\/schema\/logo\/image\/"},"sameAs":["https:\/\/www.facebook.com\/PressenzaItalia","https:\/\/x.com\/PressenzaIPA"]},{"@type":"Person","@id":"https:\/\/www.pressenza.com\/de\/#\/schema\/person\/010e5d02bcf40965427a1289a4cc8d75","name":"Pressenza IPA","description":"News from Pressenza IPA correspondents","sameAs":["https:\/\/www.facebook.com\/pressenza","https:\/\/x.com\/PressenzaIPA"],"url":"https:\/\/www.pressenza.com\/de\/author\/pressenza-ipa\/"}]}},"place":"","original_article_url":"","_links":{"self":[{"href":"https:\/\/www.pressenza.com\/de\/wp-json\/wp\/v2\/posts\/2540294","targetHints":{"allow":["GET"]}}],"collection":[{"href":"https:\/\/www.pressenza.com\/de\/wp-json\/wp\/v2\/posts"}],"about":[{"href":"https:\/\/www.pressenza.com\/de\/wp-json\/wp\/v2\/types\/post"}],"author":[{"embeddable":true,"href":"https:\/\/www.pressenza.com\/de\/wp-json\/wp\/v2\/users\/19"}],"replies":[{"embeddable":true,"href":"https:\/\/www.pressenza.com\/de\/wp-json\/wp\/v2\/comments?post=2540294"}],"version-history":[{"count":0,"href":"https:\/\/www.pressenza.com\/de\/wp-json\/wp\/v2\/posts\/2540294\/revisions"}],"wp:featuredmedia":[{"embeddable":true,"href":"https:\/\/www.pressenza.com\/de\/wp-json\/wp\/v2\/media\/2540295"}],"wp:attachment":[{"href":"https:\/\/www.pressenza.com\/de\/wp-json\/wp\/v2\/media?parent=2540294"}],"wp:term":[{"taxonomy":"category","embeddable":true,"href":"https:\/\/www.pressenza.com\/de\/wp-json\/wp\/v2\/categories?post=2540294"},{"taxonomy":"post_tag","embeddable":true,"href":"https:\/\/www.pressenza.com\/de\/wp-json\/wp\/v2\/tags?post=2540294"}],"curies":[{"name":"wp","href":"https:\/\/api.w.org\/{rel}","templated":true}]}}