{"id":2539828,"date":"2024-07-31T14:25:08","date_gmt":"2024-07-31T13:25:08","guid":{"rendered":"https:\/\/www.pressenza.com\/?p=2539828"},"modified":"2024-08-02T12:13:03","modified_gmt":"2024-08-02T11:13:03","slug":"ueberwindung-der-rache-und-einigung-auf-eine-zukunft","status":"publish","type":"post","link":"https:\/\/www.pressenza.com\/de\/2024\/07\/ueberwindung-der-rache-und-einigung-auf-eine-zukunft\/","title":{"rendered":"\u00dcberwindung der Rache und Einigung auf eine Zukunft"},"content":{"rendered":"<p><strong>Seit dem Ausbruch des Konflikts im Gazastreifen gibt es viele gegens\u00e4tzliche Standpunkte, die die Gem\u00fcter erhitzen und diejenigen unter uns auf unvorstellbare Weise spalten, die Gewalt in jeder Form ablehnen und daran festhalten, dass Diplomatie, Dialog, gegenseitiger Respekt und Gewaltfreiheit die einzigen Mittel sind, um Frieden zu schaffen.<\/strong><\/p>\n<p>W\u00e4hrend die Medien zu immer mehr Kriegstreiberei aufrufen, gibt es einige Schlagzeilen, die unsere Aufmerksamkeit erregen, weil sie eine alternative Stimme f\u00fcr den Frieden erheben. Hoffentlich mehren sich die auf Verst\u00e4ndigung und Ann\u00e4herung ausgerichteten Aktionen sowie die Versuche, das Blutvergie\u00dfen und laufende Kriege zu beenden.<\/p>\n<p>So wie im Falle des gestern durch die Deutsche Welle ver\u00f6ffentlichten Artikels von Astrid Prange De Oliveira. Dieser <a href=\"https:\/\/www.dw.com\/es\/guerra-de-gaza-una-voz-alternativa-en-favor-de-la-paz\/a-69781210?mobileApp=true\" target=\"_blank\" rel=\"noopener\">berichtet von zwei jungen pal\u00e4stinensischen Israelis<\/a>, die mithilfe eines Podcasts einen Weg suchen, die Gewalt und Polarisierung zu \u00fcberwinden sowie ihrer Forderung nach der Anerkennung ihrer pal\u00e4stinensisch-israelischen Identit\u00e4t Ausdruck zu verleihen.<\/p>\n<p>Er erz\u00e4hlt die Geschichte, wie die Eltern von Maoz Inons zu den ersten Opfern der Angriffe der Hamas auf Israel am 7. Oktober geh\u00f6rten. Trotz des Schmerzes war ihm zwei Tage nach der Trag\u00f6die klar, dass f\u00fcr ihn Rache nicht in Frage kommt. \u201eRache wird meine Eltern nicht zur\u00fcckbringen. Auch nicht die anderen toten Israelis und Pal\u00e4stinenser:innen\u201c, schrieb er etwas sp\u00e4ter.<\/p>\n<p>In derselben Nacht hatte der Unternehmer und israelische Friedensaktivist einen Traum. Er sah blut\u00fcberflutete Stra\u00dfen und weinte. \u201eIch weinte nicht nur allein, sondern mit allen Verwundeten dieses Kriegs. Unsere Tr\u00e4nen wuschen die Stra\u00dfen vom Blut rein.\u201c So beschreibt er es im Podcast \u201eUnapologetic: The Third Narrative\u201c. Das, was Maoz sah, war f\u00fcr ihn kein Albtraum, sondern die Vision einer besseren Zukunft ohne Blutvergie\u00dfen.<\/p>\n<p><strong>\u201eHoffnung ist etwas, f\u00fcr das man aktiv einsteht\u201c<\/strong><\/p>\n<p>Auch Hamze Awawde tr\u00e4umt. Der Autor und pal\u00e4stinensische Friedensaktivist erz\u00e4hlt in demselben Podcast, wie er im Traum Bilder von israelischen Soldat:innen sieht. Sie sind gekommen, um ihn und seine Familie zu t\u00f6ten, genau wie sie auch seinen Cousin get\u00f6tet haben. Hamze hat sich dem Friedensaktivismus verschrieben, denn f\u00fcr ihn ist Hoffnung etwas, f\u00fcr das man aktiv einsteht. \u201eDas Warten auf eine Zweistaatenl\u00f6sung ist wie das Warten auf den Messias\u201c, schrieb er in einem seiner letzten Essays.<\/p>\n<p>Amira und Ibrahim definieren sich als pal\u00e4stinensische Israelis, so wie der Gro\u00dfteil ihrer Gemeinde. Das zwingt sie, einen politischen Kampf zu f\u00fchren, denn der israelische Staat akzeptiert nicht, dass seine B\u00fcrger:innen eine pal\u00e4stinensische Identit\u00e4t haben und betrachtet sie als \u201eisraelische Araber:innen\u201c.<\/p>\n<p>Amira ist davon \u00fcberzeugt, dass Personen wie sie eine Schl\u00fcsselrolle in dem Nahostkonflikt innehaben k\u00f6nnten und sollten. \u201eWir werden uns nicht dar\u00fcber einig werden, was genau am 7. Oktober passiert ist, oder ob wir von Krieg oder V\u00f6lkermord sprechen, oder wie viele Menschen im Gazastreifen gestorben sind. Aber wir m\u00fcssen uns auf eine Zukunft einigen\u201c, sagt sie der Deutschen Welle.<\/p>\n<p><strong>\u201eZu israelisch\u201c oder \u201eschlechte Araberin\u201c?<\/strong><\/p>\n<p>Trotz aller Erfolge erleiden die Aktivist:innen t\u00e4glich R\u00fcckschl\u00e4ge. Amira berichtet, dass sie von allen Seiten auf Widerstand sto\u00dfen. Wenn sie \u00f6ffentlich Arabisch spricht, schauen die Israelis sie erschrocken an. Wenn sie Hebr\u00e4isch ohne arabischen Akzent spricht, zeigen sich viele Pal\u00e4stinenser:innen ihr gegen\u00fcber misstrauisch, erz\u00e4hlt sie.<\/p>\n<p>Sie ist der Meinung, dass ihre zweifache Identit\u00e4t \u2013 und die von vielen anderen \u2013 ein ungenutztes Potenzial darstellt. \u201eWir kennen beide Kulturen und wir f\u00fchlen den Schmerz beider Seiten. Aber solange wir nicht als pal\u00e4stinensische Israelis anerkannt werden, werden wir unsere Rolle als Mediator:innen nicht wahrnehmen k\u00f6nnen. Wir sind eine Minderheit, aber wir wollen so dargestellt werden, wie wir sind\u201c, sagt Amira.<\/p>\n<p><strong>\u201eWir verdienen alle etwas Besseres\u201c<\/strong><\/p>\n<p>Mehr als neun Monate nach dem Angriff der Hamas auf Israel geht der Krieg weiter. Die Bilanz ist blutig: Laut Zahlen der UNO sind mindestens 38.000 Menschen an den Folgen der israelischen Angriffe im Gazastreifen gestorben; 120 Geiseln werden noch immer von der Hamas festgehalten. Frieden scheint nicht in Sicht zu sein.<\/p>\n<p>Aber die Autor:innen des Podcasts machen weiter. Sie wollen sich mit den Pal\u00e4stinenser:innen und Israelis solidarisieren und beide Seiten kritisieren k\u00f6nnen, ohne sich rechtfertigen zu m\u00fcssen, betont Amira. \u201eWir wollen das Blutvergie\u00dfen und den Krieg beenden. Pal\u00e4stinenser:innen, Israelis, Christ:innen, J\u00fcdinnen und Juden, Muslima und Muslime, jede:r von uns verdient etwas Besseres.\u201c<\/p>\n<p><em><strong>\u00dcbersetzung aus dem Spanischen von Sarah Ostrycharczyk vom ehrenamtlichen Pressenza-\u00dcbersetzungsteam erstellt. <a href=\"https:\/\/www.pressenza.com\/de\/mitarbeiten\/\" target=\"_blank\" rel=\"noopener\">Wir suchen Freiwillige!\u00a0<\/a><\/strong><\/em><\/p>\n<hr \/>\n<p><em>Quelle: <a href=\"https:\/\/www.dw.com\/es\/guerra-de-gaza-una-voz-alternativa-en-favor-de-la-paz\/a-69781210?\" target=\"_blank\" rel=\"noopener\">https:\/\/www.dw.com\/es\/guerra-de-gaza-una-voz-alternativa-en-favor-de-la-paz\/a-69781210?<\/a><\/em><\/p>\n","protected":false},"excerpt":{"rendered":"<p>Seit dem Ausbruch des Konflikts im Gazastreifen gibt es viele gegens\u00e4tzliche Standpunkte, die die Gem\u00fcter erhitzen und diejenigen unter uns auf unvorstellbare Weise spalten, die Gewalt in jeder Form ablehnen und daran festhalten, dass Diplomatie, Dialog, gegenseitiger Respekt und Gewaltfreiheit&hellip;<\/p>\n","protected":false},"author":22,"featured_media":2539832,"comment_status":"closed","ping_status":"closed","sticky":false,"template":"","format":"standard","meta":{"footnotes":""},"categories":[9167,9166,9151,11387],"tags":[9262,11640,33658,11641,125217,10363],"class_list":["post-2539828","post","type-post","status-publish","format-standard","has-post-thumbnail","hentry","category-frieden-und-abruestung","category-gewaltfreiheit","category-mittlerer-osten","category-originalinhalt","tag-frieden","tag-gaza-de","tag-israelisch-palaestinensischer-konflikt","tag-nahostkonflikt","tag-palaestinensische-israelis","tag-versohnung"],"yoast_head":"<!-- This site is optimized with the Yoast SEO plugin v27.1.1 - https:\/\/yoast.com\/product\/yoast-seo-wordpress\/ -->\n<title>\u00dcberwindung der Rache und Einigung auf eine Zukunft<\/title>\n<meta name=\"description\" content=\"Seit dem Ausbruch des Konflikts im Gazastreifen gibt es viele gegens\u00e4tzliche Standpunkte, die die Gem\u00fcter erhitzen und diejenigen unter uns auf\" \/>\n<meta name=\"robots\" content=\"index, follow, max-snippet:-1, max-image-preview:large, max-video-preview:-1\" \/>\n<link rel=\"canonical\" href=\"https:\/\/www.pressenza.com\/de\/2024\/07\/ueberwindung-der-rache-und-einigung-auf-eine-zukunft\/\" \/>\n<meta property=\"og:locale\" content=\"de_DE\" \/>\n<meta property=\"og:type\" content=\"article\" \/>\n<meta property=\"og:title\" content=\"\u00dcberwindung der Rache und Einigung auf eine Zukunft\" \/>\n<meta property=\"og:description\" content=\"Seit dem Ausbruch des Konflikts im Gazastreifen gibt es viele gegens\u00e4tzliche Standpunkte, die die Gem\u00fcter erhitzen und diejenigen unter uns auf\" \/>\n<meta property=\"og:url\" content=\"https:\/\/www.pressenza.com\/de\/2024\/07\/ueberwindung-der-rache-und-einigung-auf-eine-zukunft\/\" \/>\n<meta property=\"og:site_name\" content=\"Pressenza\" \/>\n<meta property=\"article:publisher\" content=\"https:\/\/www.facebook.com\/PressenzaItalia\" \/>\n<meta property=\"article:author\" content=\"https:\/\/www.facebook.com\/pia.figueroa?ref=tn_tnmn\" \/>\n<meta property=\"article:published_time\" content=\"2024-07-31T13:25:08+00:00\" \/>\n<meta property=\"article:modified_time\" content=\"2024-08-02T11:13:03+00:00\" \/>\n<meta property=\"og:image\" content=\"https:\/\/www.pressenza.com\/wp-content\/uploads\/2024\/07\/Banksys-graffiti-girl-with-balloon.png\" \/>\n\t<meta property=\"og:image:width\" content=\"1000\" \/>\n\t<meta property=\"og:image:height\" content=\"562\" \/>\n\t<meta property=\"og:image:type\" content=\"image\/png\" \/>\n<meta name=\"author\" content=\"P\u00eda Figueroa\" \/>\n<meta name=\"twitter:card\" content=\"summary_large_image\" \/>\n<meta name=\"twitter:creator\" content=\"@piafigueroa\" \/>\n<meta name=\"twitter:site\" content=\"@PressenzaIPA\" \/>\n<meta name=\"twitter:label1\" content=\"Verfasst von\" \/>\n\t<meta name=\"twitter:data1\" content=\"P\u00eda Figueroa\" \/>\n\t<meta name=\"twitter:label2\" content=\"Gesch\u00e4tzte Lesezeit\" \/>\n\t<meta name=\"twitter:data2\" content=\"4\u00a0Minuten\" \/>\n<script type=\"application\/ld+json\" class=\"yoast-schema-graph\">{\"@context\":\"https:\/\/schema.org\",\"@graph\":[{\"@type\":\"Article\",\"@id\":\"https:\/\/www.pressenza.com\/de\/2024\/07\/ueberwindung-der-rache-und-einigung-auf-eine-zukunft\/#article\",\"isPartOf\":{\"@id\":\"https:\/\/www.pressenza.com\/de\/2024\/07\/ueberwindung-der-rache-und-einigung-auf-eine-zukunft\/\"},\"author\":{\"name\":\"P\u00eda Figueroa\",\"@id\":\"https:\/\/www.pressenza.com\/de\/#\/schema\/person\/8bb53ec73ef39ceec36ca0128a0ccd41\"},\"headline\":\"\u00dcberwindung der Rache und Einigung auf eine Zukunft\",\"datePublished\":\"2024-07-31T13:25:08+00:00\",\"dateModified\":\"2024-08-02T11:13:03+00:00\",\"mainEntityOfPage\":{\"@id\":\"https:\/\/www.pressenza.com\/de\/2024\/07\/ueberwindung-der-rache-und-einigung-auf-eine-zukunft\/\"},\"wordCount\":771,\"publisher\":{\"@id\":\"https:\/\/www.pressenza.com\/de\/#organization\"},\"image\":{\"@id\":\"https:\/\/www.pressenza.com\/de\/2024\/07\/ueberwindung-der-rache-und-einigung-auf-eine-zukunft\/#primaryimage\"},\"thumbnailUrl\":\"https:\/\/www.pressenza.com\/wp-content\/uploads\/2024\/07\/Banksys-graffiti-girl-with-balloon.png\",\"keywords\":[\"Frieden\",\"Gaza\",\"israelisch-pal\u00e4stinensischer Konflikt\",\"Nahostkonflikt\",\"pal\u00e4stinensische Israelis\",\"Vers\u00f6hnung\"],\"articleSection\":[\"Frieden und Abr\u00fcstung\",\"Gewaltfreiheit\",\"Mittlerer Osten\",\"Originalinhalt\"],\"inLanguage\":\"de\"},{\"@type\":\"WebPage\",\"@id\":\"https:\/\/www.pressenza.com\/de\/2024\/07\/ueberwindung-der-rache-und-einigung-auf-eine-zukunft\/\",\"url\":\"https:\/\/www.pressenza.com\/de\/2024\/07\/ueberwindung-der-rache-und-einigung-auf-eine-zukunft\/\",\"name\":\"\u00dcberwindung der Rache und Einigung auf eine Zukunft\",\"isPartOf\":{\"@id\":\"https:\/\/www.pressenza.com\/de\/#website\"},\"primaryImageOfPage\":{\"@id\":\"https:\/\/www.pressenza.com\/de\/2024\/07\/ueberwindung-der-rache-und-einigung-auf-eine-zukunft\/#primaryimage\"},\"image\":{\"@id\":\"https:\/\/www.pressenza.com\/de\/2024\/07\/ueberwindung-der-rache-und-einigung-auf-eine-zukunft\/#primaryimage\"},\"thumbnailUrl\":\"https:\/\/www.pressenza.com\/wp-content\/uploads\/2024\/07\/Banksys-graffiti-girl-with-balloon.png\",\"datePublished\":\"2024-07-31T13:25:08+00:00\",\"dateModified\":\"2024-08-02T11:13:03+00:00\",\"description\":\"Seit dem Ausbruch des Konflikts im Gazastreifen gibt es viele gegens\u00e4tzliche Standpunkte, die die Gem\u00fcter erhitzen und diejenigen unter uns auf\",\"breadcrumb\":{\"@id\":\"https:\/\/www.pressenza.com\/de\/2024\/07\/ueberwindung-der-rache-und-einigung-auf-eine-zukunft\/#breadcrumb\"},\"inLanguage\":\"de\",\"potentialAction\":[{\"@type\":\"ReadAction\",\"target\":[\"https:\/\/www.pressenza.com\/de\/2024\/07\/ueberwindung-der-rache-und-einigung-auf-eine-zukunft\/\"]}]},{\"@type\":\"ImageObject\",\"inLanguage\":\"de\",\"@id\":\"https:\/\/www.pressenza.com\/de\/2024\/07\/ueberwindung-der-rache-und-einigung-auf-eine-zukunft\/#primaryimage\",\"url\":\"https:\/\/www.pressenza.com\/wp-content\/uploads\/2024\/07\/Banksys-graffiti-girl-with-balloon.png\",\"contentUrl\":\"https:\/\/www.pressenza.com\/wp-content\/uploads\/2024\/07\/Banksys-graffiti-girl-with-balloon.png\",\"width\":1000,\"height\":562,\"caption\":\"\u00dcberwindung der Rache und Einigung auf eine Zukunft\"},{\"@type\":\"BreadcrumbList\",\"@id\":\"https:\/\/www.pressenza.com\/de\/2024\/07\/ueberwindung-der-rache-und-einigung-auf-eine-zukunft\/#breadcrumb\",\"itemListElement\":[{\"@type\":\"ListItem\",\"position\":1,\"name\":\"Accueil\",\"item\":\"https:\/\/www.pressenza.com\/de\/\"},{\"@type\":\"ListItem\",\"position\":2,\"name\":\"\u00dcberwindung der Rache und Einigung auf eine Zukunft\"}]},{\"@type\":\"WebSite\",\"@id\":\"https:\/\/www.pressenza.com\/de\/#website\",\"url\":\"https:\/\/www.pressenza.com\/de\/\",\"name\":\"Pressenza\",\"description\":\"International Press Agency\",\"publisher\":{\"@id\":\"https:\/\/www.pressenza.com\/de\/#organization\"},\"potentialAction\":[{\"@type\":\"SearchAction\",\"target\":{\"@type\":\"EntryPoint\",\"urlTemplate\":\"https:\/\/www.pressenza.com\/de\/?s={search_term_string}\"},\"query-input\":{\"@type\":\"PropertyValueSpecification\",\"valueRequired\":true,\"valueName\":\"search_term_string\"}}],\"inLanguage\":\"de\"},{\"@type\":\"Organization\",\"@id\":\"https:\/\/www.pressenza.com\/de\/#organization\",\"name\":\"Pressenza\",\"url\":\"https:\/\/www.pressenza.com\/de\/\",\"logo\":{\"@type\":\"ImageObject\",\"inLanguage\":\"de\",\"@id\":\"https:\/\/www.pressenza.com\/de\/#\/schema\/logo\/image\/\",\"url\":\"https:\/\/www.pressenza.com\/wp-content\/uploads\/2022\/10\/pressenza_logo_200x200.jpg\",\"contentUrl\":\"https:\/\/www.pressenza.com\/wp-content\/uploads\/2022\/10\/pressenza_logo_200x200.jpg\",\"width\":200,\"height\":200,\"caption\":\"Pressenza\"},\"image\":{\"@id\":\"https:\/\/www.pressenza.com\/de\/#\/schema\/logo\/image\/\"},\"sameAs\":[\"https:\/\/www.facebook.com\/PressenzaItalia\",\"https:\/\/x.com\/PressenzaIPA\"]},{\"@type\":\"Person\",\"@id\":\"https:\/\/www.pressenza.com\/de\/#\/schema\/person\/8bb53ec73ef39ceec36ca0128a0ccd41\",\"name\":\"P\u00eda Figueroa\",\"description\":\"Founder of Pressenza, life-long humanist, author of several monographs and books.\",\"sameAs\":[\"https:\/\/www.facebook.com\/pia.figueroa?ref=tn_tnmn\",\"https:\/\/x.com\/piafigueroa\"],\"url\":\"https:\/\/www.pressenza.com\/de\/author\/pia-figueroa\/\"}]}<\/script>\n<!-- \/ Yoast SEO plugin. -->","yoast_head_json":{"title":"\u00dcberwindung der Rache und Einigung auf eine Zukunft","description":"Seit dem Ausbruch des Konflikts im Gazastreifen gibt es viele gegens\u00e4tzliche Standpunkte, die die Gem\u00fcter erhitzen und diejenigen unter uns auf","robots":{"index":"index","follow":"follow","max-snippet":"max-snippet:-1","max-image-preview":"max-image-preview:large","max-video-preview":"max-video-preview:-1"},"canonical":"https:\/\/www.pressenza.com\/de\/2024\/07\/ueberwindung-der-rache-und-einigung-auf-eine-zukunft\/","og_locale":"de_DE","og_type":"article","og_title":"\u00dcberwindung der Rache und Einigung auf eine Zukunft","og_description":"Seit dem Ausbruch des Konflikts im Gazastreifen gibt es viele gegens\u00e4tzliche Standpunkte, die die Gem\u00fcter erhitzen und diejenigen unter uns auf","og_url":"https:\/\/www.pressenza.com\/de\/2024\/07\/ueberwindung-der-rache-und-einigung-auf-eine-zukunft\/","og_site_name":"Pressenza","article_publisher":"https:\/\/www.facebook.com\/PressenzaItalia","article_author":"https:\/\/www.facebook.com\/pia.figueroa?ref=tn_tnmn","article_published_time":"2024-07-31T13:25:08+00:00","article_modified_time":"2024-08-02T11:13:03+00:00","og_image":[{"width":1000,"height":562,"url":"https:\/\/www.pressenza.com\/wp-content\/uploads\/2024\/07\/Banksys-graffiti-girl-with-balloon.png","type":"image\/png"}],"author":"P\u00eda Figueroa","twitter_card":"summary_large_image","twitter_creator":"@piafigueroa","twitter_site":"@PressenzaIPA","twitter_misc":{"Verfasst von":"P\u00eda Figueroa","Gesch\u00e4tzte Lesezeit":"4\u00a0Minuten"},"schema":{"@context":"https:\/\/schema.org","@graph":[{"@type":"Article","@id":"https:\/\/www.pressenza.com\/de\/2024\/07\/ueberwindung-der-rache-und-einigung-auf-eine-zukunft\/#article","isPartOf":{"@id":"https:\/\/www.pressenza.com\/de\/2024\/07\/ueberwindung-der-rache-und-einigung-auf-eine-zukunft\/"},"author":{"name":"P\u00eda Figueroa","@id":"https:\/\/www.pressenza.com\/de\/#\/schema\/person\/8bb53ec73ef39ceec36ca0128a0ccd41"},"headline":"\u00dcberwindung der Rache und Einigung auf eine Zukunft","datePublished":"2024-07-31T13:25:08+00:00","dateModified":"2024-08-02T11:13:03+00:00","mainEntityOfPage":{"@id":"https:\/\/www.pressenza.com\/de\/2024\/07\/ueberwindung-der-rache-und-einigung-auf-eine-zukunft\/"},"wordCount":771,"publisher":{"@id":"https:\/\/www.pressenza.com\/de\/#organization"},"image":{"@id":"https:\/\/www.pressenza.com\/de\/2024\/07\/ueberwindung-der-rache-und-einigung-auf-eine-zukunft\/#primaryimage"},"thumbnailUrl":"https:\/\/www.pressenza.com\/wp-content\/uploads\/2024\/07\/Banksys-graffiti-girl-with-balloon.png","keywords":["Frieden","Gaza","israelisch-pal\u00e4stinensischer Konflikt","Nahostkonflikt","pal\u00e4stinensische Israelis","Vers\u00f6hnung"],"articleSection":["Frieden und Abr\u00fcstung","Gewaltfreiheit","Mittlerer Osten","Originalinhalt"],"inLanguage":"de"},{"@type":"WebPage","@id":"https:\/\/www.pressenza.com\/de\/2024\/07\/ueberwindung-der-rache-und-einigung-auf-eine-zukunft\/","url":"https:\/\/www.pressenza.com\/de\/2024\/07\/ueberwindung-der-rache-und-einigung-auf-eine-zukunft\/","name":"\u00dcberwindung der Rache und Einigung auf eine Zukunft","isPartOf":{"@id":"https:\/\/www.pressenza.com\/de\/#website"},"primaryImageOfPage":{"@id":"https:\/\/www.pressenza.com\/de\/2024\/07\/ueberwindung-der-rache-und-einigung-auf-eine-zukunft\/#primaryimage"},"image":{"@id":"https:\/\/www.pressenza.com\/de\/2024\/07\/ueberwindung-der-rache-und-einigung-auf-eine-zukunft\/#primaryimage"},"thumbnailUrl":"https:\/\/www.pressenza.com\/wp-content\/uploads\/2024\/07\/Banksys-graffiti-girl-with-balloon.png","datePublished":"2024-07-31T13:25:08+00:00","dateModified":"2024-08-02T11:13:03+00:00","description":"Seit dem Ausbruch des Konflikts im Gazastreifen gibt es viele gegens\u00e4tzliche Standpunkte, die die Gem\u00fcter erhitzen und diejenigen unter uns auf","breadcrumb":{"@id":"https:\/\/www.pressenza.com\/de\/2024\/07\/ueberwindung-der-rache-und-einigung-auf-eine-zukunft\/#breadcrumb"},"inLanguage":"de","potentialAction":[{"@type":"ReadAction","target":["https:\/\/www.pressenza.com\/de\/2024\/07\/ueberwindung-der-rache-und-einigung-auf-eine-zukunft\/"]}]},{"@type":"ImageObject","inLanguage":"de","@id":"https:\/\/www.pressenza.com\/de\/2024\/07\/ueberwindung-der-rache-und-einigung-auf-eine-zukunft\/#primaryimage","url":"https:\/\/www.pressenza.com\/wp-content\/uploads\/2024\/07\/Banksys-graffiti-girl-with-balloon.png","contentUrl":"https:\/\/www.pressenza.com\/wp-content\/uploads\/2024\/07\/Banksys-graffiti-girl-with-balloon.png","width":1000,"height":562,"caption":"\u00dcberwindung der Rache und Einigung auf eine Zukunft"},{"@type":"BreadcrumbList","@id":"https:\/\/www.pressenza.com\/de\/2024\/07\/ueberwindung-der-rache-und-einigung-auf-eine-zukunft\/#breadcrumb","itemListElement":[{"@type":"ListItem","position":1,"name":"Accueil","item":"https:\/\/www.pressenza.com\/de\/"},{"@type":"ListItem","position":2,"name":"\u00dcberwindung der Rache und Einigung auf eine Zukunft"}]},{"@type":"WebSite","@id":"https:\/\/www.pressenza.com\/de\/#website","url":"https:\/\/www.pressenza.com\/de\/","name":"Pressenza","description":"International Press Agency","publisher":{"@id":"https:\/\/www.pressenza.com\/de\/#organization"},"potentialAction":[{"@type":"SearchAction","target":{"@type":"EntryPoint","urlTemplate":"https:\/\/www.pressenza.com\/de\/?s={search_term_string}"},"query-input":{"@type":"PropertyValueSpecification","valueRequired":true,"valueName":"search_term_string"}}],"inLanguage":"de"},{"@type":"Organization","@id":"https:\/\/www.pressenza.com\/de\/#organization","name":"Pressenza","url":"https:\/\/www.pressenza.com\/de\/","logo":{"@type":"ImageObject","inLanguage":"de","@id":"https:\/\/www.pressenza.com\/de\/#\/schema\/logo\/image\/","url":"https:\/\/www.pressenza.com\/wp-content\/uploads\/2022\/10\/pressenza_logo_200x200.jpg","contentUrl":"https:\/\/www.pressenza.com\/wp-content\/uploads\/2022\/10\/pressenza_logo_200x200.jpg","width":200,"height":200,"caption":"Pressenza"},"image":{"@id":"https:\/\/www.pressenza.com\/de\/#\/schema\/logo\/image\/"},"sameAs":["https:\/\/www.facebook.com\/PressenzaItalia","https:\/\/x.com\/PressenzaIPA"]},{"@type":"Person","@id":"https:\/\/www.pressenza.com\/de\/#\/schema\/person\/8bb53ec73ef39ceec36ca0128a0ccd41","name":"P\u00eda Figueroa","description":"Founder of Pressenza, life-long humanist, author of several monographs and books.","sameAs":["https:\/\/www.facebook.com\/pia.figueroa?ref=tn_tnmn","https:\/\/x.com\/piafigueroa"],"url":"https:\/\/www.pressenza.com\/de\/author\/pia-figueroa\/"}]}},"place":"Gaza","original_article_url":"","_links":{"self":[{"href":"https:\/\/www.pressenza.com\/de\/wp-json\/wp\/v2\/posts\/2539828","targetHints":{"allow":["GET"]}}],"collection":[{"href":"https:\/\/www.pressenza.com\/de\/wp-json\/wp\/v2\/posts"}],"about":[{"href":"https:\/\/www.pressenza.com\/de\/wp-json\/wp\/v2\/types\/post"}],"author":[{"embeddable":true,"href":"https:\/\/www.pressenza.com\/de\/wp-json\/wp\/v2\/users\/22"}],"replies":[{"embeddable":true,"href":"https:\/\/www.pressenza.com\/de\/wp-json\/wp\/v2\/comments?post=2539828"}],"version-history":[{"count":0,"href":"https:\/\/www.pressenza.com\/de\/wp-json\/wp\/v2\/posts\/2539828\/revisions"}],"wp:featuredmedia":[{"embeddable":true,"href":"https:\/\/www.pressenza.com\/de\/wp-json\/wp\/v2\/media\/2539832"}],"wp:attachment":[{"href":"https:\/\/www.pressenza.com\/de\/wp-json\/wp\/v2\/media?parent=2539828"}],"wp:term":[{"taxonomy":"category","embeddable":true,"href":"https:\/\/www.pressenza.com\/de\/wp-json\/wp\/v2\/categories?post=2539828"},{"taxonomy":"post_tag","embeddable":true,"href":"https:\/\/www.pressenza.com\/de\/wp-json\/wp\/v2\/tags?post=2539828"}],"curies":[{"name":"wp","href":"https:\/\/api.w.org\/{rel}","templated":true}]}}