{"id":2539555,"date":"2024-07-31T16:21:29","date_gmt":"2024-07-31T15:21:29","guid":{"rendered":"https:\/\/www.pressenza.com\/?p=2539555"},"modified":"2024-07-31T16:21:29","modified_gmt":"2024-07-31T15:21:29","slug":"ukrainekrieg-drueckeberger-aller-laender-vereinigt-euch","status":"publish","type":"post","link":"https:\/\/www.pressenza.com\/de\/2024\/07\/ukrainekrieg-drueckeberger-aller-laender-vereinigt-euch\/","title":{"rendered":"Ukrainekrieg: \u201eDr\u00fcckeberger aller L\u00e4nder, vereinigt euch!\u201c"},"content":{"rendered":"<p class=\"article_header-lead__0E3Bn\"><strong>Kriegsdienstverweigerer gibt es in Russland wie in der Ukraine. Warum werden sie hierzulande nicht st\u00e4rker unterst\u00fctzt?\u00a0<\/strong><\/p>\n<p><em>von Thomas Moser<\/em><\/p>\n<p class=\"article_paragraph__hXYKJ paywall\">\u201eWenn Jaroslaw das sehen k\u00f6nnte! Vielleicht w\u00fcrde er sich freuen. Vielleicht w\u00e4re er stolz. Wenn er das sehen k\u00f6nnte: all die Menschen, die am Stra\u00dfenrand stehen bleiben oder in die Knie gehen mit der Hand auf dem Herzen. M\u00e4nner, Alte, M\u00fctter neben ihren Kinderwagen, (&#8230;) einige Frauen weinen.\u201c<\/p>\n<p class=\"article_paragraph__hXYKJ paywall\">So beginnt die Autorin Barbara-Maria Vahl eine Reportage \u00fcber die <a href=\"https:\/\/www.berliner-zeitung.de\/topics\/ukraine\">Ukraine<\/a>, abgedruckt in der E\u00dflinger Zeitung im Dezember 2023. Konkret geht es um die Beerdigung eines Soldaten. Man liest weiter: \u201eAber Jaroslaw kann das nicht sehen. Er liegt in einem schwarz lackierten Sarg in dem schwarzen Van, der den Konvoi aus drei gelben Gelenkbussen anf\u00fchrt, darin die Trauergemeinde.\u201c<\/p>\n<p class=\"article_paragraph__hXYKJ paywall\">Neue Kriegsprosa. Und Zeitungen, die so etwas wieder gerne drucken. Die Reportage stellt aber auch eine Verf\u00e4lschung dar. Sie suggeriert einen allgemeinen Kriegswillen in der ukrainischen Bev\u00f6lkerung.<\/p>\n<p class=\"article_paragraph__hXYKJ paywall\">\u201eDie Ukraine\u201c verteidige sich gegen eine Invasion, f\u00fcr \u201edie Ukraine\u201c stirbt man bereitwillig. Die Realit\u00e4t in dem Land ist etwas vielf\u00e4ltiger. \u00dcber M\u00e4nner, die nicht in den Krieg ziehen und nicht sterben wollen, gibt es <a href=\"https:\/\/www.berliner-zeitung.de\/politik-gesellschaft\/geopolitik\/ukraine-krieg-gewalt-durch-mobilisierungskommandos-sorgt-fuer-empoerung-li.2221626\">eher wenig Berichte<\/a>. Auch Frauen, die mit ihren Kindern daf\u00fcr demonstrieren, dass die Ehem\u00e4nner und V\u00e4ter von der Front nach Hause d\u00fcrfen, kommen in solchen Reportagen nicht vor. Die Ukrainer sind in der Kriegsfrage keineswegs eins. Die Zahl ukrainischer Kriegsdienstverweigerer ist sechsstellig. Wie hoch genau wei\u00df nur der Staatsapparat.<\/p>\n<p class=\"article_paragraph__hXYKJ paywall\">Was man wei\u00df, ist, dass 650.000 ukrainische M\u00e4nner im wehrpflichtigen Alter zwischen 18 und 60 das Land verlassen haben. <a href=\"https:\/\/dfg-vk.de\/kriegsdienstverweigererinnen-aus-der-ukraine-brauchen-schutz\/\" target=\"_blank\" rel=\"nofollow noopener\">Die H\u00e4lfte von ihnen sind wahrscheinlich Wehrpflichtige<\/a>, meint die Kriegsdienstverweigerer-Organisation Connection e.V. aus Offenbach und geht deshalb von etwa 325.000 Kriegs-Entziehern aus. Das ist etwa die St\u00e4rke einer Armee. \u00dcber 20.000 ukrainische Soldaten sollen seit Kriegsbeginn im Februar 2022 allein ins angrenzende Moldawien geflohen sein.<\/p>\n<p class=\"article_paragraph__hXYKJ paywall\">Mitte Juli wurde \u00fcber den Fall eines Rekruten <a href=\"https:\/\/www.berliner-zeitung.de\/politik-gesellschaft\/geopolitik\/ukraine-kriegsdienstverweigerer-wird-auf-seiner-flucht-nach-moldau-erschossen-li.2235332?\">berichtet<\/a>, der beim Versuch, nach Moldawien zu fliehen, von den eigenen Grenztruppen erschossen wurde. Auch nach Rum\u00e4nien versuchen immer wieder M\u00e4nner zu entkommen. Dabei kommen in dem gef\u00e4hrlichen Grenzfluss Thei\u00df immer wieder Fl\u00fcchtende ums Leben. In den ersten Wochen nach Kriegsbeginn gab es in der Ukraine bereits die ersten Strafverfahren wegen Kriegsdienstverweigerung, Milit\u00e4rdienstentziehung oder Selbstverst\u00fcmmelung. Tendenz steigend. In den ersten neun Monaten des zweiten Kriegsjahres 2023 kam es nach offiziellen Quellen zu <a href=\"https:\/\/de.connection-ev.org\/pdfs\/2023-11-25_UkraineKDV.pdf\" target=\"_blank\" rel=\"nofollow noopener\">knapp 20.000 solcher Verfahren<\/a>.<\/p>\n<p>Darunter ist der Fall von Yurii Sheliazenko, dem Gr\u00fcnder der <a href=\"https:\/\/de.connection-ev.org\/pdfs\/2023-11-25_UkraineKDV.pdf\" target=\"_blank\" rel=\"nofollow noopener\">Ukrainischen Pazifistischen Bewegung<\/a>. Der staatliche Sicherheitsdienst wirft ihm vor, er habe die russische Aggression gerechtfertigt. Im Juni 2024 sollte Sheliazenko der Prozess gemacht werden. Laut dem Connection-Mitarbeiter Rudi Friedrich, platzte der Prozess, weil sich der Richter f\u00fcr befangen erkl\u00e4rte und das Verfahren abgab.<\/p>\n<p class=\"article_paragraph__hXYKJ paywall\">Aber es gibt auch Unterst\u00fctzung im Land. Einwohner, die helfend eingreifen, wenn die Rekrutierungsstellen einzelne M\u00e4nner festnehmen wollen, um sie an die Front zu verschleppen, was immer wieder passiert. Es wird von <a href=\"https:\/\/de.connection-ev.org\/article-4118\" target=\"_blank\" rel=\"nofollow noopener\">Zwischenf\u00e4llen berichtet<\/a>, nach denen Dorfbewohner zum Geb\u00e4ude des \u00f6rtlichen Rekrutierungszentrums gezogen sind und die Freilassung eines Zwangseingezogenen verlangten. In verschiedenen St\u00e4dten haben sich anarchistische Gruppen gebildet, <a href=\"https:\/\/de.connection-ev.org\/article-4118\" target=\"_blank\" rel=\"nofollow noopener\">die Kriegsdienstverweigerer oder Deserteure unterst\u00fctzen<\/a>. Zum Beispiel eine Gruppe in Charkow, die sich Assembleia nennt.<\/p>\n<p class=\"article_paragraph__hXYKJ paywall\">In Deutschland gibt es offiziell <a href=\"https:\/\/www.berliner-zeitung.de\/mensch-metropole\/russischer-kriegsdienstverweigerer-soll-abgeschoben-werden-li.2224385\">keine gro\u00dfe Unterst\u00fctzung f\u00fcr ukrainische Kriegsdienstverweigerer<\/a>. Im Gegenteil: konservative Politiker bekommen in den Medien breiten Raum, um eine Neid- und Hetzdebatte \u00fcber Sozialleistungen f\u00fcr die gefl\u00fcchteten ukrainischen M\u00e4nner im wehrpflichtigen Alter anzuzetteln. Sie w\u00fcrden ihr Land im Stich lassen. Gefordert wird zum Beispiel, ihnen das B\u00fcrgergeld zu streichen, um sie zur R\u00fcckkehr in die Ukraine zu bewegen.<\/p>\n<p>Nach dem neuen Mobilisierungsgesetz in der Ukraine wurde die Wehrerfassung versch\u00e4rft. Tauglichkeitskriterien wurden gesenkt, abgelaufene P\u00e4sse k\u00f6nnen nur noch in der Ukraine ersetzt werden, wodurch die M\u00e4nner gezwungen werden sollen, zur\u00fcckzukehren. Die Organisation Connection fordert deshalb die Ausstellung von Passersatzpapieren f\u00fcr Geflohene und Kriegsdienstverweigerer durch deutsche Beh\u00f6rden.<\/p>\n<p class=\"article_paragraph__hXYKJ paywall\">Aber auch in Russland gibt es eine wachsende Zahl von Kriegsdienstverweigerern. Nach einer Studie des oppositionellen russischen \u201eNetzwerkes f\u00fcr Analyse und Politik\u201c sollen seit Kriegsbeginn bis zum Juli 2023 <a href=\"https:\/\/re-russia.net\/en\/review\/347\/\" target=\"_blank\" rel=\"nofollow noopener\">zwischen 820.000 und 920.000 Menschen Russland verlassen haben<\/a>. Darunter sind nach <a href=\"https:\/\/fluechtlingsrat-bw.de\/aktuelles\/russland-mehr-als-250-000-menschen-fluechten-vor-einsatz-im-krieg\/\" target=\"_blank\" rel=\"nofollow noopener\">Sch\u00e4tzung der Initiative Connection mindestens 250.000 Kriegsdienstverweigerer<\/a>.<\/p>\n<p class=\"article_paragraph__hXYKJ paywall\">Laut Bundesinnenministerium (BMI) gingen vom ersten Kriegstag am 24. Februar 2022 bis zum September 2023 beim Bundesamt f\u00fcr Migration und Fl\u00fcchtlinge (BAMF) rund 3500 Asylantr\u00e4ge russischer M\u00e4nner im wehrf\u00e4higen Alter ein, wozu das BMI die Jahre 18 bis 45 z\u00e4hlt. Einen Schutzstatus erhielten 2022 genau 81 Personen, im Jahr 2023 bis einschlie\u00dflich August ganze 11.<\/p>\n<p class=\"article_paragraph__hXYKJ paywall\">Als Helden, die dem Aggressor in den R\u00fccken fallen und ihm seinen Krieg erschweren, werden die russischen Fahnenfl\u00fcchtigen in Deutschland also nicht gehandelt. Vielleicht, weil sie auch eine Legitimation f\u00fcr die ukrainische Kriegsdienstverweigerung darstellen. Und wenn der Verweigerer der einen Seite den Verweigerer der anderen ermuntert und ihm Sinn gibt, wo f\u00fchrt das dann hin? So sind Kriege doch nicht mehr f\u00fchrbar.<\/p>\n<p class=\"article_subtitle__wx1Lu\">Sie wollen sich weder f\u00fcr das Vaterland noch f\u00fcr Oligarchen opfern<\/p>\n<p class=\"article_paragraph__hXYKJ paywall\">Die anarchistischen ukrainischen Kriegsdienstverweigerer haben sich ein Motto gegeben, das dazu passt: \u201eDr\u00fcckeberger aller L\u00e4nder, vereinigt euch!\u201c Sie gehen aber noch weiter. Indem sie erkl\u00e4ren, sich nicht f\u00fcr das \u201eVaterland\u201c und auch nicht f\u00fcr die \u201eOligarchen opfern\u201c zu wollen, weisen sie darauf hin, dass auch im Krieg nicht alle gleich sind. Es gibt B\u00fcrger, die in diesem Krieg den Preis bezahlen und welche, die davon profitieren. Krieg ist immer auch eine soziale Frage.<\/p>\n<p>Was in diesem Krieg zusehends fehlt, sind Soldaten. Die Verluste sind auf beiden Seiten enorm. Trotzdem geht auch das Bundesamt f\u00fcr <a href=\"https:\/\/www.berliner-zeitung.de\/topics\/migration\">Migration<\/a> und Fl\u00fcchtlinge (<a href=\"https:\/\/www.berliner-zeitung.de\/topics\/bamf\">BAMF<\/a>) mit den russischen Verweigerern eher streng als anerkennend um. Ihre Antr\u00e4ge pr\u00fcft das BAMF anhand des Kriteriums der sogenannten \u201ebeachtlichen Wahrscheinlichkeit\u201c einer Kriegsteilnahme. Will hei\u00dfen: Wie wahrscheinlich ist es, ob ein Rekrut in die russische Truppe eingezogen und zum Einsatz in der Ukraine abkommandiert wird. Es gilt also nicht der Wille des potenziellen Soldaten, nicht eingezogen werden zu wollen.<\/p>\n<p class=\"article_paragraph__hXYKJ paywall\">Dieser r\u00fccksichtsvolle Umgang deutscher Beh\u00f6rden mit der russischen Milit\u00e4rmaschinerie passt nicht zur \u00fcblichen Anti-Putin-Rhetorik, nach der der Aggressor doch, wenn er k\u00f6nnte, bis zur franz\u00f6sischen Atlantikk\u00fcste vorsto\u00dfen w\u00fcrde. Zumal deutsche Politiker, wie der <a href=\"https:\/\/www.berliner-zeitung.de\/topics\/buendnis-90-die-gruenen\">Gr\u00fcne<\/a> Ex-Pazifist <a href=\"https:\/\/www.berliner-zeitung.de\/topics\/anton-hofreiter\">Anton Hofreiter<\/a>, die <a href=\"https:\/\/www.berliner-zeitung.de\/topics\/fdp\">FDP<\/a>-Kriegslobbyistin <a href=\"https:\/\/www.berliner-zeitung.de\/topics\/marie-agnes-strack-zimmermann\">Marie-Agnes Strack-Zimmermann<\/a> oder der <a href=\"https:\/\/www.berliner-zeitung.de\/topics\/cdu\">CDU<\/a>-Ex-Bundeswehr-Offizier <a href=\"https:\/\/www.berliner-zeitung.de\/news\/gewalt-gegen-politiker-cdu-politiker-kiesewetter-auf-wochenmarkt-attackiert-li.2220728\">Roderich Kiesewetter<\/a> mit Spr\u00fcchen auff\u00e4llig geworden sind, wie: \u201eDen Krieg nach Russland tragen\u201c.<\/p>\n<p class=\"article_paragraph__hXYKJ paywall\">Wer so redet, wer das will, hilft nicht der Ukraine und ihrer Bev\u00f6lkerung, sondern vor allem Putin et. al. in deren Krieg. Sie erschweren so Kriegsdienstverweigerung in <a href=\"https:\/\/www.berliner-zeitung.de\/topics\/russland\">Russland<\/a> und helfen dem dortigen Macht- und Milit\u00e4rapparat bei seinem Kampf gegen die russische Opposition. Sie sind auf ihre Weise wahre Putin-Versteher. Wer an der Front nicht stirbt, wird zumindest verletzt an Seele und K\u00f6rper.<\/p>\n<p class=\"article_subtitle__wx1Lu\">Soldatengr\u00e4ber und Verst\u00fcmmelte<\/p>\n<p class=\"article_paragraph__hXYKJ paywall\">Neben den Soldatengr\u00e4bern auf den Friedh\u00f6fen breiten sich in der Ukraine auch die Versehrten und Verst\u00fcmmelten dieses Krieges im Land aus. Doch die Kriegsverherrlicher nutzen auch das noch propagandistisch aus. Und so schreibt unsere Autorin vom Anfang Barbara-Maria Vahl \u00fcber ukrainische M\u00e4nner, als sei das Gemetzel ihre wahre Bestimmung:<\/p>\n<p class=\"article_paragraph__hXYKJ paywall\">\u201ePavlo wurde schon dreimal verletzt. (&#8230;) Zurzeit ist er auf einen Rollstuhl angewiesen. Der rechte Oberschenkel war zerschmettert. (&#8230;) Andriy aus Kramatorsk ist 26 Jahre alt. Er hat am 12. August einen Unterschenkel verloren, wartet auf seine Prothese. F\u00fcr beide M\u00e4nner ist klar: Sobald sie k\u00f6nnen, kehren sie zur\u00fcck an die Front. Dies habe er vor, nicht obwohl er eine dreij\u00e4hrige Tochter hat, sondern weil er eine Tochter hat, stellt Andriy klar. Sie solle in einer freien Ukraine leben.\u201c<\/p>\n<p class=\"article_paragraph__hXYKJ paywall\">Zweitausend Kilometer westlich des Krieges in der <a href=\"https:\/\/www.berliner-zeitung.de\/topics\/ostukraine\">Ostukraine<\/a> hat sich eine Mentalit\u00e4t breit gemacht wie vor \u00fcber hundert Jahren. Dazu passen dann auch die neuen Fackelz\u00fcge zu den Soldatengr\u00e4bern auf den deutschen Friedh\u00f6fen am Volkstrauertag, wenn Kriegsopfern und ihren T\u00e4tern zugleich gedacht wird. Die Kriegspropaganda in Deutschland zielt in Wahrheit auf Deutschland. Tote Soldaten, die stolz sind, wenn sie Opfer werden, Verletzte, die so schnell wie m\u00f6glich zur\u00fcck an die Front wollen\u00a0\u2013 das verstehen die Planer und Einheizer unter \u201eKriegst\u00fcchtigkeit\u201c und \u201eKriegswilligkeit\u201c.<\/p>\n<p class=\"article_paragraph__hXYKJ paywall\">Und in der Ukraine: Wollen die Verst\u00fcmmelten vielleicht im Rollstuhl zur\u00fcck an die Front, weil sie zu Hause niemand haben will, weil man ihr Leid nicht ertr\u00e4gt und sie selbst es auch nicht? Dann k\u00f6nnte man sogar auf die Idee kommen, dass es Unverletzte geben muss, die nicht dieses Schicksal erleiden wollen und deshalb vom Krieg t\u00fcrmen. Und die nebenbei die Erfahrung haben, dass es eine russisch-sowjetische Besatzung in ihrer Geschichte schon einmal gab und schon einmal friedlich \u00fcberwunden wurde. Warum nicht ein zweites Mal?<\/p>\n<p class=\"article_paragraph__hXYKJ paywall\"><em>Thomas Moser arbeitet als freier Journalist, t\u00e4tig u.a. f\u00fcr die ARD und verschiedene Internetmagazine.<\/em><\/p>\n<p class=\"article_paragraph__hXYKJ paywall\"><em>Das ist ein Beitrag, der im Rahmen unserer Open-Source-Initiative eingereicht wurde. Mit <\/em><a href=\"https:\/\/www.berliner-zeitung.de\/topics\/open-source\"><em>Open Source<\/em><\/a><em> gibt der Berliner Verlag allen Interessierten die M\u00f6glichkeit, <\/em><a href=\"https:\/\/www.berliner-zeitung.de\/open-source\/intro.357116\"><em>Texte mit inhaltlicher Relevanz und professionellen Qualit\u00e4tsstandards anzubieten<\/em><\/a><em>. <\/em><em>Ausgew\u00e4hlte Beitr\u00e4ge werden <\/em><a href=\"https:\/\/www.berliner-zeitung.de\/open-source\/faq.356632\"><em>ver\u00f6ffentlicht und honoriert<\/em><\/a><em>.<\/em><\/p>\n<p class=\"article_paragraph__hXYKJ paywall article_paragraph_end-of-article-icon__tzjPO\"><em>Dieser Beitrag unterliegt der Creative-Commons-Lizenz (CC BY-NC-ND 4.0). Er darf f\u00fcr nichtkommerzielle Zwecke unter Nennung des Autors und der Berliner Zeitung und unter Ausschluss jeglicher Bearbeitung von der Allgemeinheit frei weiterverwendet werden.<\/em><\/p>\n","protected":false},"excerpt":{"rendered":"<p>Kriegsdienstverweigerer gibt es in Russland wie in der Ukraine. Warum werden sie hierzulande nicht st\u00e4rker unterst\u00fctzt?\u00a0 von Thomas Moser \u201eWenn Jaroslaw das sehen k\u00f6nnte! Vielleicht w\u00fcrde er sich freuen. Vielleicht w\u00e4re er stolz. Wenn er das sehen k\u00f6nnte: all die&hellip;<\/p>\n","protected":false},"author":1095,"featured_media":2539854,"comment_status":"closed","ping_status":"closed","sticky":false,"template":"","format":"standard","meta":{"footnotes":""},"categories":[9150,9167,9156,9168],"tags":[125184,102397,9293],"class_list":["post-2539555","post","type-post","status-publish","format-standard","has-post-thumbnail","hentry","category-europa-de","category-frieden-und-abruestung","category-kultur-und-medien","category-politik","tag-deserteure","tag-kriegsdienstverweigerer","tag-ukraine-de"],"yoast_head":"<!-- This site is optimized with the Yoast SEO plugin v27.1.1 - https:\/\/yoast.com\/product\/yoast-seo-wordpress\/ -->\n<title>Ukrainekrieg: \u201eDr\u00fcckeberger aller L\u00e4nder, vereinigt euch!\u201c<\/title>\n<meta name=\"description\" content=\"Kriegsdienstverweigerer gibt es in Russland wie in der Ukraine. Warum werden sie hierzulande nicht st\u00e4rker unterst\u00fctzt?\u00a0 von Thomas Moser \u201eWenn Jaroslaw\" \/>\n<meta name=\"robots\" content=\"index, follow, max-snippet:-1, max-image-preview:large, max-video-preview:-1\" \/>\n<link rel=\"canonical\" href=\"https:\/\/www.pressenza.com\/de\/2024\/07\/ukrainekrieg-drueckeberger-aller-laender-vereinigt-euch\/\" \/>\n<meta property=\"og:locale\" content=\"de_DE\" \/>\n<meta property=\"og:type\" content=\"article\" \/>\n<meta property=\"og:title\" content=\"Ukrainekrieg: \u201eDr\u00fcckeberger aller L\u00e4nder, vereinigt euch!\u201c\" \/>\n<meta property=\"og:description\" content=\"Kriegsdienstverweigerer gibt es in Russland wie in der Ukraine. Warum werden sie hierzulande nicht st\u00e4rker unterst\u00fctzt?\u00a0 von Thomas Moser \u201eWenn Jaroslaw\" \/>\n<meta property=\"og:url\" content=\"https:\/\/www.pressenza.com\/de\/2024\/07\/ukrainekrieg-drueckeberger-aller-laender-vereinigt-euch\/\" \/>\n<meta property=\"og:site_name\" content=\"Pressenza\" \/>\n<meta property=\"article:publisher\" content=\"https:\/\/www.facebook.com\/PressenzaItalia\" \/>\n<meta property=\"article:author\" content=\"https:\/\/www.facebook.com\/Pressenza-Deutschland-sterreich-Schweiz-281675388658060\/timeline\/\" \/>\n<meta property=\"article:published_time\" content=\"2024-07-31T15:21:29+00:00\" \/>\n<meta property=\"og:image\" content=\"https:\/\/www.pressenza.com\/wp-content\/uploads\/2024\/07\/IMG_3081.jpeg\" \/>\n\t<meta property=\"og:image:width\" content=\"1007\" \/>\n\t<meta property=\"og:image:height\" content=\"491\" \/>\n\t<meta property=\"og:image:type\" content=\"image\/jpeg\" \/>\n<meta name=\"author\" content=\"Pressenza Berlin\" \/>\n<meta name=\"twitter:card\" content=\"summary_large_image\" \/>\n<meta name=\"twitter:creator\" content=\"@pressenza_ger\" \/>\n<meta name=\"twitter:site\" content=\"@PressenzaIPA\" \/>\n<meta name=\"twitter:label1\" content=\"Verfasst von\" \/>\n\t<meta name=\"twitter:data1\" content=\"Pressenza Berlin\" \/>\n\t<meta name=\"twitter:label2\" content=\"Gesch\u00e4tzte Lesezeit\" \/>\n\t<meta name=\"twitter:data2\" content=\"9\u00a0Minuten\" \/>\n<script type=\"application\/ld+json\" class=\"yoast-schema-graph\">{\"@context\":\"https:\/\/schema.org\",\"@graph\":[{\"@type\":\"Article\",\"@id\":\"https:\/\/www.pressenza.com\/de\/2024\/07\/ukrainekrieg-drueckeberger-aller-laender-vereinigt-euch\/#article\",\"isPartOf\":{\"@id\":\"https:\/\/www.pressenza.com\/de\/2024\/07\/ukrainekrieg-drueckeberger-aller-laender-vereinigt-euch\/\"},\"author\":{\"name\":\"Pressenza Berlin\",\"@id\":\"https:\/\/www.pressenza.com\/de\/#\/schema\/person\/57bb5480943a496a7722b0248e4b658a\"},\"headline\":\"Ukrainekrieg: \u201eDr\u00fcckeberger aller L\u00e4nder, vereinigt euch!\u201c\",\"datePublished\":\"2024-07-31T15:21:29+00:00\",\"mainEntityOfPage\":{\"@id\":\"https:\/\/www.pressenza.com\/de\/2024\/07\/ukrainekrieg-drueckeberger-aller-laender-vereinigt-euch\/\"},\"wordCount\":1558,\"publisher\":{\"@id\":\"https:\/\/www.pressenza.com\/de\/#organization\"},\"image\":{\"@id\":\"https:\/\/www.pressenza.com\/de\/2024\/07\/ukrainekrieg-drueckeberger-aller-laender-vereinigt-euch\/#primaryimage\"},\"thumbnailUrl\":\"https:\/\/www.pressenza.com\/wp-content\/uploads\/2024\/07\/IMG_3081.jpeg\",\"keywords\":[\"Deserteure\",\"Kriegsdienstverweigerer\",\"Ukraine\"],\"articleSection\":[\"Europa\",\"Frieden und Abr\u00fcstung\",\"Kultur und Medien\",\"Politik\"],\"inLanguage\":\"de\"},{\"@type\":\"WebPage\",\"@id\":\"https:\/\/www.pressenza.com\/de\/2024\/07\/ukrainekrieg-drueckeberger-aller-laender-vereinigt-euch\/\",\"url\":\"https:\/\/www.pressenza.com\/de\/2024\/07\/ukrainekrieg-drueckeberger-aller-laender-vereinigt-euch\/\",\"name\":\"Ukrainekrieg: \u201eDr\u00fcckeberger aller L\u00e4nder, vereinigt euch!\u201c\",\"isPartOf\":{\"@id\":\"https:\/\/www.pressenza.com\/de\/#website\"},\"primaryImageOfPage\":{\"@id\":\"https:\/\/www.pressenza.com\/de\/2024\/07\/ukrainekrieg-drueckeberger-aller-laender-vereinigt-euch\/#primaryimage\"},\"image\":{\"@id\":\"https:\/\/www.pressenza.com\/de\/2024\/07\/ukrainekrieg-drueckeberger-aller-laender-vereinigt-euch\/#primaryimage\"},\"thumbnailUrl\":\"https:\/\/www.pressenza.com\/wp-content\/uploads\/2024\/07\/IMG_3081.jpeg\",\"datePublished\":\"2024-07-31T15:21:29+00:00\",\"description\":\"Kriegsdienstverweigerer gibt es in Russland wie in der Ukraine. Warum werden sie hierzulande nicht st\u00e4rker unterst\u00fctzt?\u00a0 von Thomas Moser \u201eWenn Jaroslaw\",\"breadcrumb\":{\"@id\":\"https:\/\/www.pressenza.com\/de\/2024\/07\/ukrainekrieg-drueckeberger-aller-laender-vereinigt-euch\/#breadcrumb\"},\"inLanguage\":\"de\",\"potentialAction\":[{\"@type\":\"ReadAction\",\"target\":[\"https:\/\/www.pressenza.com\/de\/2024\/07\/ukrainekrieg-drueckeberger-aller-laender-vereinigt-euch\/\"]}]},{\"@type\":\"ImageObject\",\"inLanguage\":\"de\",\"@id\":\"https:\/\/www.pressenza.com\/de\/2024\/07\/ukrainekrieg-drueckeberger-aller-laender-vereinigt-euch\/#primaryimage\",\"url\":\"https:\/\/www.pressenza.com\/wp-content\/uploads\/2024\/07\/IMG_3081.jpeg\",\"contentUrl\":\"https:\/\/www.pressenza.com\/wp-content\/uploads\/2024\/07\/IMG_3081.jpeg\",\"width\":1007,\"height\":491},{\"@type\":\"BreadcrumbList\",\"@id\":\"https:\/\/www.pressenza.com\/de\/2024\/07\/ukrainekrieg-drueckeberger-aller-laender-vereinigt-euch\/#breadcrumb\",\"itemListElement\":[{\"@type\":\"ListItem\",\"position\":1,\"name\":\"Accueil\",\"item\":\"https:\/\/www.pressenza.com\/de\/\"},{\"@type\":\"ListItem\",\"position\":2,\"name\":\"Ukrainekrieg: \u201eDr\u00fcckeberger aller L\u00e4nder, vereinigt euch!\u201c\"}]},{\"@type\":\"WebSite\",\"@id\":\"https:\/\/www.pressenza.com\/de\/#website\",\"url\":\"https:\/\/www.pressenza.com\/de\/\",\"name\":\"Pressenza\",\"description\":\"International Press Agency\",\"publisher\":{\"@id\":\"https:\/\/www.pressenza.com\/de\/#organization\"},\"potentialAction\":[{\"@type\":\"SearchAction\",\"target\":{\"@type\":\"EntryPoint\",\"urlTemplate\":\"https:\/\/www.pressenza.com\/de\/?s={search_term_string}\"},\"query-input\":{\"@type\":\"PropertyValueSpecification\",\"valueRequired\":true,\"valueName\":\"search_term_string\"}}],\"inLanguage\":\"de\"},{\"@type\":\"Organization\",\"@id\":\"https:\/\/www.pressenza.com\/de\/#organization\",\"name\":\"Pressenza\",\"url\":\"https:\/\/www.pressenza.com\/de\/\",\"logo\":{\"@type\":\"ImageObject\",\"inLanguage\":\"de\",\"@id\":\"https:\/\/www.pressenza.com\/de\/#\/schema\/logo\/image\/\",\"url\":\"https:\/\/www.pressenza.com\/wp-content\/uploads\/2022\/10\/pressenza_logo_200x200.jpg\",\"contentUrl\":\"https:\/\/www.pressenza.com\/wp-content\/uploads\/2022\/10\/pressenza_logo_200x200.jpg\",\"width\":200,\"height\":200,\"caption\":\"Pressenza\"},\"image\":{\"@id\":\"https:\/\/www.pressenza.com\/de\/#\/schema\/logo\/image\/\"},\"sameAs\":[\"https:\/\/www.facebook.com\/PressenzaItalia\",\"https:\/\/x.com\/PressenzaIPA\"]},{\"@type\":\"Person\",\"@id\":\"https:\/\/www.pressenza.com\/de\/#\/schema\/person\/57bb5480943a496a7722b0248e4b658a\",\"name\":\"Pressenza Berlin\",\"description\":\"News from the Pressenza Bureau in Berlin, Germany\",\"sameAs\":[\"https:\/\/www.facebook.com\/Pressenza-Deutschland-sterreich-Schweiz-281675388658060\/timeline\/\",\"https:\/\/x.com\/pressenza_ger\"],\"url\":\"https:\/\/www.pressenza.com\/de\/author\/pressenza-berlin\/\"}]}<\/script>\n<!-- \/ Yoast SEO plugin. -->","yoast_head_json":{"title":"Ukrainekrieg: \u201eDr\u00fcckeberger aller L\u00e4nder, vereinigt euch!\u201c","description":"Kriegsdienstverweigerer gibt es in Russland wie in der Ukraine. Warum werden sie hierzulande nicht st\u00e4rker unterst\u00fctzt?\u00a0 von Thomas Moser \u201eWenn Jaroslaw","robots":{"index":"index","follow":"follow","max-snippet":"max-snippet:-1","max-image-preview":"max-image-preview:large","max-video-preview":"max-video-preview:-1"},"canonical":"https:\/\/www.pressenza.com\/de\/2024\/07\/ukrainekrieg-drueckeberger-aller-laender-vereinigt-euch\/","og_locale":"de_DE","og_type":"article","og_title":"Ukrainekrieg: \u201eDr\u00fcckeberger aller L\u00e4nder, vereinigt euch!\u201c","og_description":"Kriegsdienstverweigerer gibt es in Russland wie in der Ukraine. Warum werden sie hierzulande nicht st\u00e4rker unterst\u00fctzt?\u00a0 von Thomas Moser \u201eWenn Jaroslaw","og_url":"https:\/\/www.pressenza.com\/de\/2024\/07\/ukrainekrieg-drueckeberger-aller-laender-vereinigt-euch\/","og_site_name":"Pressenza","article_publisher":"https:\/\/www.facebook.com\/PressenzaItalia","article_author":"https:\/\/www.facebook.com\/Pressenza-Deutschland-sterreich-Schweiz-281675388658060\/timeline\/","article_published_time":"2024-07-31T15:21:29+00:00","og_image":[{"width":1007,"height":491,"url":"https:\/\/www.pressenza.com\/wp-content\/uploads\/2024\/07\/IMG_3081.jpeg","type":"image\/jpeg"}],"author":"Pressenza Berlin","twitter_card":"summary_large_image","twitter_creator":"@pressenza_ger","twitter_site":"@PressenzaIPA","twitter_misc":{"Verfasst von":"Pressenza Berlin","Gesch\u00e4tzte Lesezeit":"9\u00a0Minuten"},"schema":{"@context":"https:\/\/schema.org","@graph":[{"@type":"Article","@id":"https:\/\/www.pressenza.com\/de\/2024\/07\/ukrainekrieg-drueckeberger-aller-laender-vereinigt-euch\/#article","isPartOf":{"@id":"https:\/\/www.pressenza.com\/de\/2024\/07\/ukrainekrieg-drueckeberger-aller-laender-vereinigt-euch\/"},"author":{"name":"Pressenza Berlin","@id":"https:\/\/www.pressenza.com\/de\/#\/schema\/person\/57bb5480943a496a7722b0248e4b658a"},"headline":"Ukrainekrieg: \u201eDr\u00fcckeberger aller L\u00e4nder, vereinigt euch!\u201c","datePublished":"2024-07-31T15:21:29+00:00","mainEntityOfPage":{"@id":"https:\/\/www.pressenza.com\/de\/2024\/07\/ukrainekrieg-drueckeberger-aller-laender-vereinigt-euch\/"},"wordCount":1558,"publisher":{"@id":"https:\/\/www.pressenza.com\/de\/#organization"},"image":{"@id":"https:\/\/www.pressenza.com\/de\/2024\/07\/ukrainekrieg-drueckeberger-aller-laender-vereinigt-euch\/#primaryimage"},"thumbnailUrl":"https:\/\/www.pressenza.com\/wp-content\/uploads\/2024\/07\/IMG_3081.jpeg","keywords":["Deserteure","Kriegsdienstverweigerer","Ukraine"],"articleSection":["Europa","Frieden und Abr\u00fcstung","Kultur und Medien","Politik"],"inLanguage":"de"},{"@type":"WebPage","@id":"https:\/\/www.pressenza.com\/de\/2024\/07\/ukrainekrieg-drueckeberger-aller-laender-vereinigt-euch\/","url":"https:\/\/www.pressenza.com\/de\/2024\/07\/ukrainekrieg-drueckeberger-aller-laender-vereinigt-euch\/","name":"Ukrainekrieg: \u201eDr\u00fcckeberger aller L\u00e4nder, vereinigt euch!\u201c","isPartOf":{"@id":"https:\/\/www.pressenza.com\/de\/#website"},"primaryImageOfPage":{"@id":"https:\/\/www.pressenza.com\/de\/2024\/07\/ukrainekrieg-drueckeberger-aller-laender-vereinigt-euch\/#primaryimage"},"image":{"@id":"https:\/\/www.pressenza.com\/de\/2024\/07\/ukrainekrieg-drueckeberger-aller-laender-vereinigt-euch\/#primaryimage"},"thumbnailUrl":"https:\/\/www.pressenza.com\/wp-content\/uploads\/2024\/07\/IMG_3081.jpeg","datePublished":"2024-07-31T15:21:29+00:00","description":"Kriegsdienstverweigerer gibt es in Russland wie in der Ukraine. Warum werden sie hierzulande nicht st\u00e4rker unterst\u00fctzt?\u00a0 von Thomas Moser \u201eWenn Jaroslaw","breadcrumb":{"@id":"https:\/\/www.pressenza.com\/de\/2024\/07\/ukrainekrieg-drueckeberger-aller-laender-vereinigt-euch\/#breadcrumb"},"inLanguage":"de","potentialAction":[{"@type":"ReadAction","target":["https:\/\/www.pressenza.com\/de\/2024\/07\/ukrainekrieg-drueckeberger-aller-laender-vereinigt-euch\/"]}]},{"@type":"ImageObject","inLanguage":"de","@id":"https:\/\/www.pressenza.com\/de\/2024\/07\/ukrainekrieg-drueckeberger-aller-laender-vereinigt-euch\/#primaryimage","url":"https:\/\/www.pressenza.com\/wp-content\/uploads\/2024\/07\/IMG_3081.jpeg","contentUrl":"https:\/\/www.pressenza.com\/wp-content\/uploads\/2024\/07\/IMG_3081.jpeg","width":1007,"height":491},{"@type":"BreadcrumbList","@id":"https:\/\/www.pressenza.com\/de\/2024\/07\/ukrainekrieg-drueckeberger-aller-laender-vereinigt-euch\/#breadcrumb","itemListElement":[{"@type":"ListItem","position":1,"name":"Accueil","item":"https:\/\/www.pressenza.com\/de\/"},{"@type":"ListItem","position":2,"name":"Ukrainekrieg: \u201eDr\u00fcckeberger aller L\u00e4nder, vereinigt euch!\u201c"}]},{"@type":"WebSite","@id":"https:\/\/www.pressenza.com\/de\/#website","url":"https:\/\/www.pressenza.com\/de\/","name":"Pressenza","description":"International Press Agency","publisher":{"@id":"https:\/\/www.pressenza.com\/de\/#organization"},"potentialAction":[{"@type":"SearchAction","target":{"@type":"EntryPoint","urlTemplate":"https:\/\/www.pressenza.com\/de\/?s={search_term_string}"},"query-input":{"@type":"PropertyValueSpecification","valueRequired":true,"valueName":"search_term_string"}}],"inLanguage":"de"},{"@type":"Organization","@id":"https:\/\/www.pressenza.com\/de\/#organization","name":"Pressenza","url":"https:\/\/www.pressenza.com\/de\/","logo":{"@type":"ImageObject","inLanguage":"de","@id":"https:\/\/www.pressenza.com\/de\/#\/schema\/logo\/image\/","url":"https:\/\/www.pressenza.com\/wp-content\/uploads\/2022\/10\/pressenza_logo_200x200.jpg","contentUrl":"https:\/\/www.pressenza.com\/wp-content\/uploads\/2022\/10\/pressenza_logo_200x200.jpg","width":200,"height":200,"caption":"Pressenza"},"image":{"@id":"https:\/\/www.pressenza.com\/de\/#\/schema\/logo\/image\/"},"sameAs":["https:\/\/www.facebook.com\/PressenzaItalia","https:\/\/x.com\/PressenzaIPA"]},{"@type":"Person","@id":"https:\/\/www.pressenza.com\/de\/#\/schema\/person\/57bb5480943a496a7722b0248e4b658a","name":"Pressenza Berlin","description":"News from the Pressenza Bureau in Berlin, Germany","sameAs":["https:\/\/www.facebook.com\/Pressenza-Deutschland-sterreich-Schweiz-281675388658060\/timeline\/","https:\/\/x.com\/pressenza_ger"],"url":"https:\/\/www.pressenza.com\/de\/author\/pressenza-berlin\/"}]}},"place":"","original_article_url":"https:\/\/www.berliner-zeitung.de\/open-source\/kriegsdienstverweigerung-im-ukraine-krieg-drueckeberger-aller-laender-vereinigt-euch-li.2236945","_links":{"self":[{"href":"https:\/\/www.pressenza.com\/de\/wp-json\/wp\/v2\/posts\/2539555","targetHints":{"allow":["GET"]}}],"collection":[{"href":"https:\/\/www.pressenza.com\/de\/wp-json\/wp\/v2\/posts"}],"about":[{"href":"https:\/\/www.pressenza.com\/de\/wp-json\/wp\/v2\/types\/post"}],"author":[{"embeddable":true,"href":"https:\/\/www.pressenza.com\/de\/wp-json\/wp\/v2\/users\/1095"}],"replies":[{"embeddable":true,"href":"https:\/\/www.pressenza.com\/de\/wp-json\/wp\/v2\/comments?post=2539555"}],"version-history":[{"count":0,"href":"https:\/\/www.pressenza.com\/de\/wp-json\/wp\/v2\/posts\/2539555\/revisions"}],"wp:featuredmedia":[{"embeddable":true,"href":"https:\/\/www.pressenza.com\/de\/wp-json\/wp\/v2\/media\/2539854"}],"wp:attachment":[{"href":"https:\/\/www.pressenza.com\/de\/wp-json\/wp\/v2\/media?parent=2539555"}],"wp:term":[{"taxonomy":"category","embeddable":true,"href":"https:\/\/www.pressenza.com\/de\/wp-json\/wp\/v2\/categories?post=2539555"},{"taxonomy":"post_tag","embeddable":true,"href":"https:\/\/www.pressenza.com\/de\/wp-json\/wp\/v2\/tags?post=2539555"}],"curies":[{"name":"wp","href":"https:\/\/api.w.org\/{rel}","templated":true}]}}