{"id":2533168,"date":"2024-07-02T07:54:28","date_gmt":"2024-07-02T06:54:28","guid":{"rendered":"https:\/\/www.pressenza.com\/?p=2533168"},"modified":"2024-07-02T07:54:28","modified_gmt":"2024-07-02T06:54:28","slug":"damit-die-panzer-rollen","status":"publish","type":"post","link":"https:\/\/www.pressenza.com\/de\/2024\/07\/damit-die-panzer-rollen\/","title":{"rendered":"Damit die Panzer rollen"},"content":{"rendered":"<p><strong>Berlin treibt mit Blick auf einen etwaigen Krieg gegen Russland den Ausbau von Stra\u00dfen, Schienen und Br\u00fccken in Richtung Osten voran \u2013 auch mit zivilen Mitteln. Experten fordern Investitionen in bis zu dreistelliger Milliardenh\u00f6he.<\/strong><\/p>\n<p>Berliner Regierungsberater fordern kurzfristig f\u00fcr \u201edie dringendsten\u201c Ma\u00dfnahmen zur Vorbereitung der deutschen Verkehrsinfrastruktur auf einen Krieg gegen Russland \u201emindestens\u201c 30 Milliarden Euro. Wie die Deutsche Gesellschaft f\u00fcr Ausw\u00e4rtige Politik (DGAP) in einer aktuellen Studie schreibt, sei diese Summe erforderlich, um insbesondere Stra\u00dfen, Schienen und Br\u00fccken f\u00fcr den Transport von Truppen und gro\u00dfen Mengen milit\u00e4rischen Materials in Richtung Osten vorzubereiten. Hinzu kommen \u2013 aufgrund des ausgepr\u00e4gten Dual-Use-Charakters der Verkehrsinfrastruktur \u2013 milliardenschwere Investitionen, die Berlin f\u00fcr zivile Verkehrsprojekte zur Verf\u00fcgung stellt. Ein Beispiel bietet der Ausbau der K\u00fcstenautobahn A20, die die Bundeswehr nicht nur f\u00fcr Milit\u00e4rtransporte an die NATO-Ostflanke, sondern auch als Bindeglied zwischen milit\u00e4risch wichtigen H\u00e4fen an Nord- und Ostsee ben\u00f6tigt. Mittel stellt auch die EU im Rahmen ihres Aktionsplans zur milit\u00e4rischen Mobilit\u00e4t 2.0 bereit, der dazu dient, \u201edie Bewegung von Streitkr\u00e4ften in Europa zu erleichtern\u201c \u2013 \u201ean den Au\u00dfengrenzen der EU und dar\u00fcber hinaus\u201c. Die EU-Mittel daf\u00fcr belaufen sich auf 1,69 Milliarden Euro.<\/p>\n<h3 class=\"Normal1\">Dual Use<\/h3>\n<p class=\"Normal1\">Die Infrastrukturinvestitionen, die dem Ausbau der Verkehrswege in Richtung Osten und letztlich der Vorbereitung eines etwaigen Krieges gegen Russland zugute kommen, flie\u00dfen nicht ausschlie\u00dflich aus den T\u00f6pfen f\u00fcr milit\u00e4rische Mobilit\u00e4t, sondern insbesondere auch aus Mitteln f\u00fcr die zivile Infrastruktur. Die Bundesregierung best\u00e4tigt, die \u201emilit\u00e4rischen Bedarfe an die Verkehrsinfrastruktur\u201c w\u00fcrden bei der zivilen \u201eGesamtverkehrswegeplanung\u201c ber\u00fccksichtigt; welche Gelder speziell den Belangen der Streitkr\u00e4fte zugute k\u00e4men, k\u00f6nne \u201edaher nicht einzeln ausgewiesen werden\u201c. Erhalt und Ausbau der zivilen Infrastruktur decke sich \u201eim Wesentlichen mit den Bedarfen der Bundeswehr\u201c. Deutschlands Br\u00fccken beispielsweise macht Berlin mit formal zivilen Verkehrsinvestitionen f\u00fcr Schwertransporte fit \u2013 und erf\u00fcllt dabei \u201eim Regelfall auch alle Anforderungen an milit\u00e4rische Lasten\u201c.[1] F\u00fcr die zivile Infrastruktur fordern regierungsnahe Experten kurzfristige Investitionen von 165 Milliarden Euro und im Laufe der n\u00e4chsten zehn Jahre sogar 457 Milliarden Euro.[2] Auf EU-Ebene sind insgesamt 25,8 Milliarden Euro f\u00fcr Verkehrsinfrastrukturprojekte bestimmt \u2013 das sogenannte CEF Transport Budget (Connecting Europe Facility for Transport).<\/p>\n<h3 class=\"Normal1\">Autobahn gen Osten<\/h3>\n<p class=\"Normal1\">Ein konkretes Beispiel f\u00fcr den Ausbau milit\u00e4rischer Mobilit\u00e4t \u00fcber zivile Infrastrukturprojekte ist die umstrittene A20, die sogenannte K\u00fcstenautobahn in Schleswig-Holstein. Mit der A20 entstehe \u201eeine wichtige Ost-West-Verbindung\u201c f\u00fcr Truppenbewegungen, erl\u00e4utert der Kommandeur des Bundeswehr-Landeskommandos Schleswig-Holstein, Axel Schneider. Die neue Autobahn biete \u201eweitere Optionen, die H\u00e4fen an Nord- und Ostsee miteinander zu verbinden\u201c. \u00dcber beide Meere verlaufen wesentliche transatlantische Marschrouten in Richtung NATO-Ostflanke. Schleswig-Holstein m\u00fcsse sich dar\u00fcber hinaus \u201edarauf einstellen, wichtiger milit\u00e4rischer Raum f\u00fcr Truppenbewegungen aus und in den nordeurop\u00e4ischen Raum zu werden\u201c, erkl\u00e4rt Schneider, dem zufolge Deutschland den Friedenszustand bereits verlassen hat: \u201eDe jure sind wir nicht im Krieg, de facto nicht mehr im Frieden\u201c.[3]<\/p>\n<h3 class=\"Normal1\">Panzerz\u00fcge<\/h3>\n<p class=\"Normal1\">Noch h\u00f6here Bedeutung f\u00fcr Milit\u00e4rtransporte als die Stra\u00dfen besitzt das Schienennetz. Das Gleissystem sei \u201eder wichtigste Bestandteil der milit\u00e4rischen Logistik\u201c, hei\u00dft es in der DGAP-Studie zur milit\u00e4rischen Mobilit\u00e4t. Die Transportkapazit\u00e4ten der Bahn seien weder durch Stra\u00dfen noch durch Wasserwege oder Lufttransporte zu kompensieren; Gleise seien bei einem Aufmarsch gegen Russland \u201eder Hauptkanal\u201c, um \u201egro\u00dfe Mengen an Truppen und schwerem Ger\u00e4t\u201c von Bundeswehr und verb\u00fcndeten Streitkr\u00e4ften zu verlegen. Allein f\u00fcr die dringendsten Bahn-Investitionen der n\u00e4chsten drei Jahre seien 88 Milliarden Euro notwendig, hei\u00dft es in der Studie.[4] Im Rahmen der EU-Programme im Bereich milit\u00e4rische Mobilit\u00e4t hat die Bundesregierung ein Projekt mit dem Titel \u201eGezielter Ausbau der Ost-West-Schieneninfrastruktur\u201c eingereicht. Mit den EU-Geldern will Berlin einen Gleisanschluss am Bahnhof Sechtem zwischen K\u00f6ln und Bonn sowie ein Stra\u00dfen-Schienen-Terminal in Ulm-Dornstadt ausbauen; zudem soll eine neue Br\u00fccke in Hannover-Ahlem errichtet werden. Das zust\u00e4ndige Bundesverkehrsministerium pflege eine enge Abstimmung mit dem Verteidigungsministerium, hei\u00dft es. Insgesamt sind f\u00fcr die Projekte rund 183 Millionen Euro eingeplant, wovon die EU rund 92 Millionen Euro \u00fcbernimmt.[5]<\/p>\n<h3 class=\"Normal1\">Milit\u00e4r hat Priorit\u00e4t<\/h3>\n<p class=\"Normal1\">Trotz umfassender Probleme beim Sicherstellen des zivilen Bahnverkehrs, der seit Jahren unter immer gravierenderen Versp\u00e4tungen und Zugausf\u00e4llen leidet, fordert die DGAP bei Investitionen in das Schienennetz eine Priorisierung der milit\u00e4risch relevanten Streckenabschnitte \u2013 ausdr\u00fccklich der Strecken zwischen Bremen und Osnabr\u00fcck bzw. Osnabr\u00fcck und M\u00fcnster.[6] Neben dem Ausbau des Gleisnetzes tragen auch die Verf\u00fcgbarkeit von Fahrzeiten, Z\u00fcgen und Waggons, die f\u00fcr milit\u00e4rische Schwertransporte geeignet sind, zur milit\u00e4rischen Mobilit\u00e4t bei. In Friedenszeiten sichert sich die Bundeswehr den Zugriff auf die zivile Infrastruktur unter anderem mit gew\u00f6hnlichen Vertr\u00e4gen; so hat sie Vereinbarungen mit der Deutschen Bahn \u00fcber die Nutzung von Gleisen und Fahrzeugen getroffen.<\/p>\n<h3 class=\"Normal1\">Zugriff auf die Zivilgesellschaft<\/h3>\n<p class=\"Normal1\">Im Kriegsfall allerdings r\u00e4umt der deutsche Staat der Bundeswehr umfassende Zugriffsrechte auf die Zivilgesellschaft ein. Die \u201egewerbliche Wirtschaft hat nach dem Bundesleistungsgesetz z. B. Kraftfahrzeuge, IT-Infrastrukturen und -dienstleistungen, Bau- und Depotger\u00e4te sowie Umschlagsleistungen [&#8230;] zur Verf\u00fcgung zu stellen\u201c, hei\u00dft es dazu in den j\u00fcngst aktualisierten Rahmenrichtlinien f\u00fcr die Gesamtverteidigung. Berlin plant demnach, die \u201eVersorgung der Bundeswehr mit G\u00fctern und Leistungen im Bedarfsfalle durch Nutzung ziviler Verkehrsmittel, -leistungen und -einrichtungen\u201c zu gew\u00e4hrleisten. Der \u00f6ffentliche und private Individualverkehr k\u00f6nne bei Bedarf \u201eeingeschr\u00e4nkt werden\u201c \u2013 etwa, um das \u00fcberlastete Schienennetz f\u00fcr Truppenbewegungen frei zu machen.[7] Neu ist, dass Berlin die \u201eUnterst\u00fctzungsma\u00dfnahmen der zivilen Seite f\u00fcr die Bundeswehr im \u00e4u\u00dferen Notstand\u201c mit den neuen Rahmenrichtlinien auch auf \u201everb\u00fcndete Streitkr\u00e4fte\u201c ausweitet.[8] Au\u00dferdem seien \u201edie geeigneten rechtlichen, materiellen und personellen Rahmenbedingungen zu schaffen\u201c, um die Zivilgesellschaft \u201ebereits vor dem Eintritt des \u00e4u\u00dferen Notstandes\u201c zu \u201eMa\u00dfnahmen zur Unterst\u00fctzung milit\u00e4rischer Verlegungen eigener und verb\u00fcndeter Streitkr\u00e4fte\u201c heranzuziehen \u2013 etwa bei Gro\u00dfman\u00f6vern wie der k\u00fcrzlich abgeschlossenen Kriegs\u00fcbung Quadriga 2024.[9]<\/p>\n<p class=\"Normal1\">[1] Antwort der Bundesregierung auf die Kleine Anfrage der Abgeordneten Christian Sauter, Alexander Graf Lambsdorff, Grigorios Aggelidis, weiterer Abgeordneter und der Fraktion der FDP. Deutscher Bundestag, Drucksache <a href=\"tel:19\/25059\">19\/25059<\/a>. Berlin, 08.12.2020.<\/p>\n<p class=\"Normal1\">[2] Jannik Hartmann: Military Mobility. DGAP Policy Brief Nr. 10. Berlin, Juni 2024.<\/p>\n<p class=\"Normal1\">[3] Bundeswehr braucht A20-Weiterbau. Holsteinischer Courier 02.05.2024.<\/p>\n<p class=\"Normal1\">[4] Jannik Hartmann: Military Mobility. DGAP Policy Brief Nr. 10. Berlin, Juni 2024.<\/p>\n<p class=\"Normal1\">[5] Antwort der Parlamentarischen Staatssekret\u00e4rin Siemtje M\u00f6ller auf die schriftliche Frage des Abgeordneten Markus Gr\u00fcbel. Deutscher Bundestag, Drucksache <a href=\"tel:20\/10233\">20\/10233<\/a>. Berlin, 30.01.2024.<\/p>\n<p class=\"Normal1\">[6] Jannik Hartmann: Military Mobility. DGAP Policy Brief Nr. 10. Berlin, Juni 2024.<\/p>\n<p class=\"Normal1\">[7] Rahmenrichtlinien f\u00fcr die Gesamtverteidigung \u2013 Gesamtverteidigungsrichtlinien \u2013 (RRGV). Berlin, Juni 2024.<\/p>\n<p class=\"Normal1\">[8] Bundesregierung st\u00e4rkt milit\u00e4rische und zivile Verteidigung Deutschlands. bmvg.de 05.06.2024.<\/p>\n<p class=\"Normal1\">[9] Rahmenrichtlinien f\u00fcr die Gesamtverteidigung \u2013 Gesamtverteidigungsrichtlinien \u2013 (RRGV). Berlin, Juni 2024. S. auch <a href=\"https:\/\/www.german-foreign-policy.com\/news\/detail\/9510\" target=\"_blank\" rel=\"noopener\">Milit\u00e4rkolonnen gen Osten<\/a> und <a href=\"https:\/\/www.german-foreign-policy.com\/news\/detail\/9559\" target=\"_blank\" rel=\"noopener\">Ein halbes Jahr Aufmarschman\u00f6ver<\/a>.<\/p>\n","protected":false},"excerpt":{"rendered":"<p>Berlin treibt mit Blick auf einen etwaigen Krieg gegen Russland den Ausbau von Stra\u00dfen, Schienen und Br\u00fccken in Richtung Osten voran \u2013 auch mit zivilen Mitteln. Experten fordern Investitionen in bis zu dreistelliger Milliardenh\u00f6he. Berliner Regierungsberater fordern kurzfristig f\u00fcr \u201edie&hellip;<\/p>\n","protected":false},"author":1516,"featured_media":2533171,"comment_status":"closed","ping_status":"closed","sticky":false,"template":"","format":"standard","meta":{"footnotes":""},"categories":[9167,9168],"tags":[88528,10604,33534,42283],"class_list":["post-2533168","post","type-post","status-publish","format-standard","has-post-thumbnail","hentry","category-frieden-und-abruestung","category-politik","tag-kriegsuebung","tag-militaer","tag-ruestung","tag-zivilgesellschaft"],"yoast_head":"<!-- This site is optimized with the Yoast SEO plugin v27.1.1 - https:\/\/yoast.com\/product\/yoast-seo-wordpress\/ -->\n<title>Damit die Panzer rollen<\/title>\n<meta name=\"description\" content=\"Berlin treibt mit Blick auf einen etwaigen Krieg gegen Russland den Ausbau von Stra\u00dfen, Schienen und Br\u00fccken in Richtung Osten voran \u2013 auch mit zivilen\" \/>\n<meta name=\"robots\" content=\"index, follow, max-snippet:-1, max-image-preview:large, max-video-preview:-1\" \/>\n<link rel=\"canonical\" href=\"https:\/\/www.pressenza.com\/de\/2024\/07\/damit-die-panzer-rollen\/\" \/>\n<meta property=\"og:locale\" content=\"de_DE\" \/>\n<meta property=\"og:type\" content=\"article\" \/>\n<meta property=\"og:title\" content=\"Damit die Panzer rollen\" \/>\n<meta property=\"og:description\" content=\"Berlin treibt mit Blick auf einen etwaigen Krieg gegen Russland den Ausbau von Stra\u00dfen, Schienen und Br\u00fccken in Richtung Osten voran \u2013 auch mit zivilen\" \/>\n<meta property=\"og:url\" content=\"https:\/\/www.pressenza.com\/de\/2024\/07\/damit-die-panzer-rollen\/\" \/>\n<meta property=\"og:site_name\" content=\"Pressenza\" \/>\n<meta property=\"article:publisher\" content=\"https:\/\/www.facebook.com\/PressenzaItalia\" \/>\n<meta property=\"article:published_time\" content=\"2024-07-02T06:54:28+00:00\" \/>\n<meta property=\"og:image\" content=\"https:\/\/www.pressenza.com\/wp-content\/uploads\/2024\/06\/IMG_3058.jpeg\" \/>\n\t<meta property=\"og:image:width\" content=\"1904\" \/>\n\t<meta property=\"og:image:height\" content=\"907\" \/>\n\t<meta property=\"og:image:type\" content=\"image\/jpeg\" \/>\n<meta name=\"author\" content=\"GERMAN-FOREIGN-POLICY.com\" \/>\n<meta name=\"twitter:card\" content=\"summary_large_image\" \/>\n<meta name=\"twitter:creator\" content=\"@PressenzaIPA\" \/>\n<meta name=\"twitter:site\" content=\"@PressenzaIPA\" \/>\n<meta name=\"twitter:label1\" content=\"Verfasst von\" \/>\n\t<meta name=\"twitter:data1\" content=\"GERMAN-FOREIGN-POLICY.com\" \/>\n\t<meta name=\"twitter:label2\" content=\"Gesch\u00e4tzte Lesezeit\" \/>\n\t<meta name=\"twitter:data2\" content=\"6\u00a0Minuten\" \/>\n<script type=\"application\/ld+json\" class=\"yoast-schema-graph\">{\"@context\":\"https:\/\/schema.org\",\"@graph\":[{\"@type\":\"Article\",\"@id\":\"https:\/\/www.pressenza.com\/de\/2024\/07\/damit-die-panzer-rollen\/#article\",\"isPartOf\":{\"@id\":\"https:\/\/www.pressenza.com\/de\/2024\/07\/damit-die-panzer-rollen\/\"},\"author\":{\"name\":\"GERMAN-FOREIGN-POLICY.com\",\"@id\":\"https:\/\/www.pressenza.com\/de\/#\/schema\/person\/65976e5880ee37f0ffc0cea7b0d6f456\"},\"headline\":\"Damit die Panzer rollen\",\"datePublished\":\"2024-07-02T06:54:28+00:00\",\"mainEntityOfPage\":{\"@id\":\"https:\/\/www.pressenza.com\/de\/2024\/07\/damit-die-panzer-rollen\/\"},\"wordCount\":1125,\"publisher\":{\"@id\":\"https:\/\/www.pressenza.com\/de\/#organization\"},\"image\":{\"@id\":\"https:\/\/www.pressenza.com\/de\/2024\/07\/damit-die-panzer-rollen\/#primaryimage\"},\"thumbnailUrl\":\"https:\/\/www.pressenza.com\/wp-content\/uploads\/2024\/06\/IMG_3058.jpeg\",\"keywords\":[\"Kriegs\u00fcbung\",\"Milit\u00e4r\",\"R\u00fcstung\",\"Zivilgesellschaft\"],\"articleSection\":[\"Frieden und Abr\u00fcstung\",\"Politik\"],\"inLanguage\":\"de\"},{\"@type\":\"WebPage\",\"@id\":\"https:\/\/www.pressenza.com\/de\/2024\/07\/damit-die-panzer-rollen\/\",\"url\":\"https:\/\/www.pressenza.com\/de\/2024\/07\/damit-die-panzer-rollen\/\",\"name\":\"Damit die Panzer rollen\",\"isPartOf\":{\"@id\":\"https:\/\/www.pressenza.com\/de\/#website\"},\"primaryImageOfPage\":{\"@id\":\"https:\/\/www.pressenza.com\/de\/2024\/07\/damit-die-panzer-rollen\/#primaryimage\"},\"image\":{\"@id\":\"https:\/\/www.pressenza.com\/de\/2024\/07\/damit-die-panzer-rollen\/#primaryimage\"},\"thumbnailUrl\":\"https:\/\/www.pressenza.com\/wp-content\/uploads\/2024\/06\/IMG_3058.jpeg\",\"datePublished\":\"2024-07-02T06:54:28+00:00\",\"description\":\"Berlin treibt mit Blick auf einen etwaigen Krieg gegen Russland den Ausbau von Stra\u00dfen, Schienen und Br\u00fccken in Richtung Osten voran \u2013 auch mit zivilen\",\"breadcrumb\":{\"@id\":\"https:\/\/www.pressenza.com\/de\/2024\/07\/damit-die-panzer-rollen\/#breadcrumb\"},\"inLanguage\":\"de\",\"potentialAction\":[{\"@type\":\"ReadAction\",\"target\":[\"https:\/\/www.pressenza.com\/de\/2024\/07\/damit-die-panzer-rollen\/\"]}]},{\"@type\":\"ImageObject\",\"inLanguage\":\"de\",\"@id\":\"https:\/\/www.pressenza.com\/de\/2024\/07\/damit-die-panzer-rollen\/#primaryimage\",\"url\":\"https:\/\/www.pressenza.com\/wp-content\/uploads\/2024\/06\/IMG_3058.jpeg\",\"contentUrl\":\"https:\/\/www.pressenza.com\/wp-content\/uploads\/2024\/06\/IMG_3058.jpeg\",\"width\":1904,\"height\":907},{\"@type\":\"BreadcrumbList\",\"@id\":\"https:\/\/www.pressenza.com\/de\/2024\/07\/damit-die-panzer-rollen\/#breadcrumb\",\"itemListElement\":[{\"@type\":\"ListItem\",\"position\":1,\"name\":\"Accueil\",\"item\":\"https:\/\/www.pressenza.com\/de\/\"},{\"@type\":\"ListItem\",\"position\":2,\"name\":\"Damit die Panzer rollen\"}]},{\"@type\":\"WebSite\",\"@id\":\"https:\/\/www.pressenza.com\/de\/#website\",\"url\":\"https:\/\/www.pressenza.com\/de\/\",\"name\":\"Pressenza\",\"description\":\"International Press Agency\",\"publisher\":{\"@id\":\"https:\/\/www.pressenza.com\/de\/#organization\"},\"potentialAction\":[{\"@type\":\"SearchAction\",\"target\":{\"@type\":\"EntryPoint\",\"urlTemplate\":\"https:\/\/www.pressenza.com\/de\/?s={search_term_string}\"},\"query-input\":{\"@type\":\"PropertyValueSpecification\",\"valueRequired\":true,\"valueName\":\"search_term_string\"}}],\"inLanguage\":\"de\"},{\"@type\":\"Organization\",\"@id\":\"https:\/\/www.pressenza.com\/de\/#organization\",\"name\":\"Pressenza\",\"url\":\"https:\/\/www.pressenza.com\/de\/\",\"logo\":{\"@type\":\"ImageObject\",\"inLanguage\":\"de\",\"@id\":\"https:\/\/www.pressenza.com\/de\/#\/schema\/logo\/image\/\",\"url\":\"https:\/\/www.pressenza.com\/wp-content\/uploads\/2022\/10\/pressenza_logo_200x200.jpg\",\"contentUrl\":\"https:\/\/www.pressenza.com\/wp-content\/uploads\/2022\/10\/pressenza_logo_200x200.jpg\",\"width\":200,\"height\":200,\"caption\":\"Pressenza\"},\"image\":{\"@id\":\"https:\/\/www.pressenza.com\/de\/#\/schema\/logo\/image\/\"},\"sameAs\":[\"https:\/\/www.facebook.com\/PressenzaItalia\",\"https:\/\/x.com\/PressenzaIPA\"]},{\"@type\":\"Person\",\"@id\":\"https:\/\/www.pressenza.com\/de\/#\/schema\/person\/65976e5880ee37f0ffc0cea7b0d6f456\",\"name\":\"GERMAN-FOREIGN-POLICY.com\",\"description\":\"Information on German Foreign Policy Articles and photographs by german-foreign-policy.com on Pressenza do not fall under the Creative Commons license and are not reproducible in any way. \\\"Information on German Foreign Policy\\\" (german-foreign-policy.com) is compiled by a group of independent journalists and social scientists who observe, on an ongoing basis, Germany's renewed attempts to regain great power status in the economic, military and political arena.\",\"url\":\"https:\/\/www.pressenza.com\/de\/author\/german-foreign-policy-com\/\"}]}<\/script>\n<!-- \/ Yoast SEO plugin. -->","yoast_head_json":{"title":"Damit die Panzer rollen","description":"Berlin treibt mit Blick auf einen etwaigen Krieg gegen Russland den Ausbau von Stra\u00dfen, Schienen und Br\u00fccken in Richtung Osten voran \u2013 auch mit zivilen","robots":{"index":"index","follow":"follow","max-snippet":"max-snippet:-1","max-image-preview":"max-image-preview:large","max-video-preview":"max-video-preview:-1"},"canonical":"https:\/\/www.pressenza.com\/de\/2024\/07\/damit-die-panzer-rollen\/","og_locale":"de_DE","og_type":"article","og_title":"Damit die Panzer rollen","og_description":"Berlin treibt mit Blick auf einen etwaigen Krieg gegen Russland den Ausbau von Stra\u00dfen, Schienen und Br\u00fccken in Richtung Osten voran \u2013 auch mit zivilen","og_url":"https:\/\/www.pressenza.com\/de\/2024\/07\/damit-die-panzer-rollen\/","og_site_name":"Pressenza","article_publisher":"https:\/\/www.facebook.com\/PressenzaItalia","article_published_time":"2024-07-02T06:54:28+00:00","og_image":[{"width":1904,"height":907,"url":"https:\/\/www.pressenza.com\/wp-content\/uploads\/2024\/06\/IMG_3058.jpeg","type":"image\/jpeg"}],"author":"GERMAN-FOREIGN-POLICY.com","twitter_card":"summary_large_image","twitter_creator":"@PressenzaIPA","twitter_site":"@PressenzaIPA","twitter_misc":{"Verfasst von":"GERMAN-FOREIGN-POLICY.com","Gesch\u00e4tzte Lesezeit":"6\u00a0Minuten"},"schema":{"@context":"https:\/\/schema.org","@graph":[{"@type":"Article","@id":"https:\/\/www.pressenza.com\/de\/2024\/07\/damit-die-panzer-rollen\/#article","isPartOf":{"@id":"https:\/\/www.pressenza.com\/de\/2024\/07\/damit-die-panzer-rollen\/"},"author":{"name":"GERMAN-FOREIGN-POLICY.com","@id":"https:\/\/www.pressenza.com\/de\/#\/schema\/person\/65976e5880ee37f0ffc0cea7b0d6f456"},"headline":"Damit die Panzer rollen","datePublished":"2024-07-02T06:54:28+00:00","mainEntityOfPage":{"@id":"https:\/\/www.pressenza.com\/de\/2024\/07\/damit-die-panzer-rollen\/"},"wordCount":1125,"publisher":{"@id":"https:\/\/www.pressenza.com\/de\/#organization"},"image":{"@id":"https:\/\/www.pressenza.com\/de\/2024\/07\/damit-die-panzer-rollen\/#primaryimage"},"thumbnailUrl":"https:\/\/www.pressenza.com\/wp-content\/uploads\/2024\/06\/IMG_3058.jpeg","keywords":["Kriegs\u00fcbung","Milit\u00e4r","R\u00fcstung","Zivilgesellschaft"],"articleSection":["Frieden und Abr\u00fcstung","Politik"],"inLanguage":"de"},{"@type":"WebPage","@id":"https:\/\/www.pressenza.com\/de\/2024\/07\/damit-die-panzer-rollen\/","url":"https:\/\/www.pressenza.com\/de\/2024\/07\/damit-die-panzer-rollen\/","name":"Damit die Panzer rollen","isPartOf":{"@id":"https:\/\/www.pressenza.com\/de\/#website"},"primaryImageOfPage":{"@id":"https:\/\/www.pressenza.com\/de\/2024\/07\/damit-die-panzer-rollen\/#primaryimage"},"image":{"@id":"https:\/\/www.pressenza.com\/de\/2024\/07\/damit-die-panzer-rollen\/#primaryimage"},"thumbnailUrl":"https:\/\/www.pressenza.com\/wp-content\/uploads\/2024\/06\/IMG_3058.jpeg","datePublished":"2024-07-02T06:54:28+00:00","description":"Berlin treibt mit Blick auf einen etwaigen Krieg gegen Russland den Ausbau von Stra\u00dfen, Schienen und Br\u00fccken in Richtung Osten voran \u2013 auch mit zivilen","breadcrumb":{"@id":"https:\/\/www.pressenza.com\/de\/2024\/07\/damit-die-panzer-rollen\/#breadcrumb"},"inLanguage":"de","potentialAction":[{"@type":"ReadAction","target":["https:\/\/www.pressenza.com\/de\/2024\/07\/damit-die-panzer-rollen\/"]}]},{"@type":"ImageObject","inLanguage":"de","@id":"https:\/\/www.pressenza.com\/de\/2024\/07\/damit-die-panzer-rollen\/#primaryimage","url":"https:\/\/www.pressenza.com\/wp-content\/uploads\/2024\/06\/IMG_3058.jpeg","contentUrl":"https:\/\/www.pressenza.com\/wp-content\/uploads\/2024\/06\/IMG_3058.jpeg","width":1904,"height":907},{"@type":"BreadcrumbList","@id":"https:\/\/www.pressenza.com\/de\/2024\/07\/damit-die-panzer-rollen\/#breadcrumb","itemListElement":[{"@type":"ListItem","position":1,"name":"Accueil","item":"https:\/\/www.pressenza.com\/de\/"},{"@type":"ListItem","position":2,"name":"Damit die Panzer rollen"}]},{"@type":"WebSite","@id":"https:\/\/www.pressenza.com\/de\/#website","url":"https:\/\/www.pressenza.com\/de\/","name":"Pressenza","description":"International Press Agency","publisher":{"@id":"https:\/\/www.pressenza.com\/de\/#organization"},"potentialAction":[{"@type":"SearchAction","target":{"@type":"EntryPoint","urlTemplate":"https:\/\/www.pressenza.com\/de\/?s={search_term_string}"},"query-input":{"@type":"PropertyValueSpecification","valueRequired":true,"valueName":"search_term_string"}}],"inLanguage":"de"},{"@type":"Organization","@id":"https:\/\/www.pressenza.com\/de\/#organization","name":"Pressenza","url":"https:\/\/www.pressenza.com\/de\/","logo":{"@type":"ImageObject","inLanguage":"de","@id":"https:\/\/www.pressenza.com\/de\/#\/schema\/logo\/image\/","url":"https:\/\/www.pressenza.com\/wp-content\/uploads\/2022\/10\/pressenza_logo_200x200.jpg","contentUrl":"https:\/\/www.pressenza.com\/wp-content\/uploads\/2022\/10\/pressenza_logo_200x200.jpg","width":200,"height":200,"caption":"Pressenza"},"image":{"@id":"https:\/\/www.pressenza.com\/de\/#\/schema\/logo\/image\/"},"sameAs":["https:\/\/www.facebook.com\/PressenzaItalia","https:\/\/x.com\/PressenzaIPA"]},{"@type":"Person","@id":"https:\/\/www.pressenza.com\/de\/#\/schema\/person\/65976e5880ee37f0ffc0cea7b0d6f456","name":"GERMAN-FOREIGN-POLICY.com","description":"Information on German Foreign Policy Articles and photographs by german-foreign-policy.com on Pressenza do not fall under the Creative Commons license and are not reproducible in any way. \"Information on German Foreign Policy\" (german-foreign-policy.com) is compiled by a group of independent journalists and social scientists who observe, on an ongoing basis, Germany's renewed attempts to regain great power status in the economic, military and political arena.","url":"https:\/\/www.pressenza.com\/de\/author\/german-foreign-policy-com\/"}]}},"place":"","original_article_url":"https:\/\/www.german-foreign-policy.com\/news\/detail\/9599","_links":{"self":[{"href":"https:\/\/www.pressenza.com\/de\/wp-json\/wp\/v2\/posts\/2533168","targetHints":{"allow":["GET"]}}],"collection":[{"href":"https:\/\/www.pressenza.com\/de\/wp-json\/wp\/v2\/posts"}],"about":[{"href":"https:\/\/www.pressenza.com\/de\/wp-json\/wp\/v2\/types\/post"}],"author":[{"embeddable":true,"href":"https:\/\/www.pressenza.com\/de\/wp-json\/wp\/v2\/users\/1516"}],"replies":[{"embeddable":true,"href":"https:\/\/www.pressenza.com\/de\/wp-json\/wp\/v2\/comments?post=2533168"}],"version-history":[{"count":0,"href":"https:\/\/www.pressenza.com\/de\/wp-json\/wp\/v2\/posts\/2533168\/revisions"}],"wp:featuredmedia":[{"embeddable":true,"href":"https:\/\/www.pressenza.com\/de\/wp-json\/wp\/v2\/media\/2533171"}],"wp:attachment":[{"href":"https:\/\/www.pressenza.com\/de\/wp-json\/wp\/v2\/media?parent=2533168"}],"wp:term":[{"taxonomy":"category","embeddable":true,"href":"https:\/\/www.pressenza.com\/de\/wp-json\/wp\/v2\/categories?post=2533168"},{"taxonomy":"post_tag","embeddable":true,"href":"https:\/\/www.pressenza.com\/de\/wp-json\/wp\/v2\/tags?post=2533168"}],"curies":[{"name":"wp","href":"https:\/\/api.w.org\/{rel}","templated":true}]}}