{"id":2533148,"date":"2024-07-01T12:58:46","date_gmt":"2024-07-01T11:58:46","guid":{"rendered":"https:\/\/www.pressenza.com\/?p=2533148"},"modified":"2024-07-01T07:00:56","modified_gmt":"2024-07-01T06:00:56","slug":"klimakrise-und-hitzebelastungen-einblicke-in-die-arbeitsrealitaeten-von-frauen","status":"publish","type":"post","link":"https:\/\/www.pressenza.com\/de\/2024\/07\/klimakrise-und-hitzebelastungen-einblicke-in-die-arbeitsrealitaeten-von-frauen\/","title":{"rendered":"Klimakrise und Hitze\u00adbelastungen: Ein\u00adblicke in die Arbeits\u00adrealit\u00e4ten von Frauen"},"content":{"rendered":"<p>Die Auswirkungen des vom Menschen gemachten Klimawandels sind auch hierzulande immer deutlicher zu sp\u00fcren \u2013 <a class=\"\" href=\"https:\/\/klimadashboard.at\/\" target=\"_blank\" rel=\"noopener noreferrer\" data-gentics-gcn-url=\"https:\/\/klimadashboard.at\/\">\u00d6sterreich hat sich seit 1980 um 1,41 Grad<\/a> erhitzt. Das klingt vielleicht nach einer kleinen Ver\u00e4nderung, hat aber dramatische Auswirkungen auf die Natur und den Menschen. Eine Folge der Klimakrise zeigt sich in der Zunahme von l\u00e4ngeren Hitzeperioden in den Sommermonaten. Doch was bedeutet diese Entwicklung f\u00fcr die Arbeitswelt, insbesondere f\u00fcr Frauen, die sich h\u00e4ufiger in prek\u00e4ren Arbeitsverh\u00e4ltnissen befinden?<\/p>\n<p><em><strong>von Carina Altreiter und Dorottya Kickinger f\u00fcr A&amp;W blog<\/strong><\/em><\/p>\n<p>In den letzten Jahren sind die <a class=\"\" href=\"https:\/\/www.awblog.at\/Arbeit\/Arbeitnehmer-innen-und-Extremwetter\" target=\"_blank\" rel=\"noopener noreferrer\" data-gentics-gcn-url=\"https:\/\/www.awblog.at\/Arbeit\/Arbeitnehmer-innen-und-Extremwetter\">Auswirkungen des Klimawandels auf die Arbeitswelt<\/a> und die <a class=\"\" href=\"https:\/\/www.awblog.at\/Arbeit\/dauerbrenner-hitze\" target=\"_blank\" rel=\"noopener noreferrer\" data-gentics-gcn-url=\"https:\/\/www.awblog.at\/Arbeit\/dauerbrenner-hitze\">gesundheitlichen Folgen von Hitzebelastung<\/a>en insbesondere durch <a class=\"\" href=\"https:\/\/www.awblog.at\/Wirtschaft\/Gemeinsam-kaempfen-fuer-einen-sozialen-und-oekologischen-Umba\" target=\"_blank\" rel=\"noopener noreferrer\" data-gentics-gcn-url=\"https:\/\/www.awblog.at\/Wirtschaft\/Gemeinsam-kaempfen-fuer-einen-sozialen-und-oekologischen-Umba\">B\u00fcndnisse<\/a> aus <a class=\"\" href=\"https:\/\/www.oegb.at\/der-oegb\/das-oegb-klimabuero-stellt-sich-vor\" target=\"_blank\" rel=\"noopener noreferrer\" data-gentics-gcn-url=\"https:\/\/www.oegb.at\/der-oegb\/das-oegb-klimabuero-stellt-sich-vor\">Gewerkschaftsbewegung und Klimabewegung<\/a> auch in den Fokus der \u00f6ffentlichen Wahrnehmung ger\u00fcckt. Eine <a class=\"\" href=\"https:\/\/www.oegb.at\/content\/dam\/oegb\/downloads\/arbeitsrecht\/Arbeitnehmer_innenschutz%20in%20%C3%96sterreich.pdf\" target=\"_blank\" rel=\"noopener noreferrer\" data-gentics-gcn-url=\"https:\/\/www.oegb.at\/content\/dam\/oegb\/downloads\/arbeitsrecht\/Arbeitnehmer_innenschutz%20in%20%C3%96sterreich.pdf\">aktuelle Studien<\/a> von FORBA zeigt, dass Hitze in den Betrieben zunehmend zu einem Problem wird. 61,3 Prozent der Betriebsratsvorsitzenden geben an, dass die Besch\u00e4ftigten ihrer Betriebe zunehmend von Hitze betroffen sind.<\/p>\n<p>In der \u00f6ffentlichen Debatte gelten momentan (m\u00e4nnliche) Bauarbeiter als Inbegriff von Hitzebelastungen, da diese als Outdoor-Worker unmittelbar hohen Temperaturen ausgesetzt sind und dazu noch k\u00f6rperlich anstrengende T\u00e4tigkeiten verrichten. Allerdings gibt es auch viele andere Berufe, in denen Hitze am Arbeitsplatz ein gro\u00dfes Thema ist. Wir m\u00f6chten in diesem Blog-Beitrag der Frage nachgehen, <b>was Hitzebelastung in der Arbeit f\u00fcr Frauen bedeutet<\/b>. Einerseits wollen wir auf frauenspezifische Problematiken hinweisen, die hohe Temperaturen mit sich bringen, und andererseits zur Sichtbarkeit von Hitzebelastungen insbesondere in von Frauen dominierten Branchen beitragen, die oftmals unter der \u00f6ffentlichen Aufmerksamkeitsschwelle liegen.<\/p>\n<p id=\"heading_Wie_wird_Hitze_am_Arbeitsplatz_von_Frauen_erlebt_\"><b>Wie wird Hitze am Arbeitsplatz von Frauen erlebt?<\/b><\/p>\n<p>F\u00fcr Hitze am Arbeitsplatz gilt \u00c4hnliches wie f\u00fcr die Betroffenheiten durch die Klimakrise im Allgemeinen: Wen diese Belastungen wie stark treffen, ist auch eine soziale Frage. Das bedeutet: Wetterextreme sind nicht f\u00fcr alle gleicherma\u00dfen ein Problem, sondern abh\u00e4ngig davon, wie sehr jemand exponiert ist und welche M\u00f6glichkeiten jemand hat, sich davor zu sch\u00fctzen. Frauen sind nicht grunds\u00e4tzlich hitzesensitiver als M\u00e4nner, sie sind jedoch aufgrund <a class=\"\" href=\"https:\/\/www.google.com\/url?sa=t&amp;source=web&amp;rct=j&amp;opi=89978449&amp;url=https:\/\/www.sozialministerium.at\/dam\/jcr:514d6040-e834-4161-a867-4944c68c05c4\/SozialeFolgen-Endbericht.pdf&amp;ved=2ahUKEwilm8vtk-eGAxXuS_EDHR-HBC8QFnoECBQQAQ&amp;usg=AOvVaw331zJFD_uqCiGsbemOW2gI\" target=\"_blank\" rel=\"noopener noreferrer\" data-gentics-gcn-url=\"https:\/\/www.google.com\/url?sa=t&amp;source=web&amp;rct=j&amp;opi=89978449&amp;url=https:\/\/www.sozialministerium.at\/dam\/jcr:514d6040-e834-4161-a867-4944c68c05c4\/SozialeFolgen-Endbericht.pdf&amp;ved=2ahUKEwilm8vtk-eGAxXuS_EDHR-HBC8QFnoECBQQAQ&amp;usg=AOvVaw331zJFD_uqCiGsbemOW2gI\">unterschiedlicher struktureller Benachteiligungen in vulnerablen Bev\u00f6lkerungsgruppen \u00fcberrepr\u00e4sentiert<\/a>.<\/p>\n<p>Die <a class=\"\" href=\"https:\/\/www.budrich-journals.de\/index.php\/gender\/article\/view\/31360\" target=\"_blank\" rel=\"noopener noreferrer\" data-gentics-gcn-url=\"https:\/\/www.budrich-journals.de\/index.php\/gender\/article\/view\/31360\">Forschung zu den Auswirkungen und Anpassungen<\/a> an den Klimawandel aus einer Geschlechterperspektive sind in Europa momentan noch \u00fcberschaubar. Der \u00fcberwiegende Teil der Studien zielt auf den Globalen S\u00fcden ab, da sich die Folgen der Klimakrise dort bereits viel deutlicher manifestieren. Aus diesem Grund haben wir im Fr\u00fchjahr 2024 Gespr\u00e4che mit Betriebsr\u00e4tinnen gef\u00fchrt, um aus erster Hand zu erfahren, was Hitzebelastungen in unterschiedlichen Branchen f\u00fcr Frauen in \u00d6sterreich bedeuten. Diese Berichte erg\u00e4nzen wir mit verf\u00fcgbaren Studien aus unterschiedlichen europ\u00e4ischen L\u00e4ndern.<\/p>\n<p>Aus den Gespr\u00e4chen mit Betriebsr\u00e4t:innen haben wir drei Themen ausgew\u00e4hlt, die besonders h\u00e4ufig thematisiert wurden: Arbeitskleidung, sanit\u00e4re Anlagen und Hygiene sowie die Verantwortung f\u00fcr andere Menschen.<\/p>\n<p id=\"heading_Arbeitskleidung__Schwitzen_im_Plastiksackerl\"><b>Arbeitskleidung: Schwitzen im Plastiksackerl<\/b><\/p>\n<p>Eine Betriebsr\u00e4tin erz\u00e4hlt, dass nach einem Wechsel des Bekleidungsausstatters die Arbeitskleidung nun \u00fcberwiegend aus minderwertigem synthetischem Material besteht, wodurch die Besch\u00e4ftigten schneller schwitzen. \u201eDas G\u2019wand ist wie ein Plastiksackerl\u201c, meint sie. Die Betriebsr\u00e4t:innen w\u00fcnschen sich dort, wo es m\u00f6glich ist, luftigere Arbeitskleidung aus nat\u00fcrlichen Materialien, sehen aber andererseits die Gefahr sexueller Bel\u00e4stigung wenn diese zu \u201edurchsichtig\u201c ist. In einigen Branchen ist an bestimmten Arbeitspl\u00e4tzen zus\u00e4tzlich zur Berufskleidung noch spezielle Schutzkleidung notwendig. Diese ist zum Schutz der Besch\u00e4ftigten wichtig, bedeutet bei hohen Temperaturen aber zus\u00e4tzliche Belastungen. Eine Betriebsr\u00e4tin aus dem Gesundheitsbereich nennt den Infektionsschutz: \u201eDas hei\u00dft extra Kleidung, zwei paar Handschuhe, eine Plastiksch\u00fcrze usw.\u201c Durch die zus\u00e4tzlichen Kleidungsschichten kann der K\u00f6rper seine Temperatur noch schwieriger regulieren. <a class=\"\" href=\"https:\/\/www.sciencedirect.com\/science\/article\/pii\/S2667278221000286#sec0008\" target=\"_blank\" rel=\"noopener noreferrer\" data-gentics-gcn-url=\"https:\/\/www.sciencedirect.com\/science\/article\/pii\/S2667278221000286\">Studien aus Deutschland<\/a> oder <a class=\"\" href=\"https:\/\/www.sciencedirect.com\/science\/article\/pii\/S019567012030551X\" target=\"_blank\" rel=\"noopener noreferrer\" data-gentics-gcn-url=\"https:\/\/www.sciencedirect.com\/science\/article\/pii\/S019567012030551X\">Gro\u00dfbritannien<\/a> haben diese Belastungen durch Schutzkleidung w\u00e4hrend der Covid-19-Pandemie untersucht. 95 Prozent der Befragten gaben an, an hei\u00dfen Tagen in der Schutzkleidung Schwierigkeiten zu haben, zu atmen. 88,6 Prozent gaben an, das sie f\u00fcr Patient:innen mehr Zeit ben\u00f6tigten, 85,8 Prozent gaben an, sich schwieriger konzentrieren zu k\u00f6nnen (siehe Grafik). An manchen Arbeitspl\u00e4tzen ist es aber so hei\u00df, dass auch die beste Kleidung nur wenig hilft, wie zum Beispiel in der W\u00e4scherei oder in schlecht isolierten Produktionshallen. \u201eEs ist das ganze Jahr \u00fcber hei\u00df. Aber im Sommer ist es am schlimmsten\u201c, meint eine Betriebsr\u00e4tin aus der W\u00e4scherei, vor allem an den B\u00fcgelmaschinen sei es kaum ertr\u00e4glich.<\/p>\n<div class=\"swiper-slide overflow-hidden \" data-src=\"https:\/\/www.awblog.at\/GenticsImageStore\/1200\/auto\/prop\/Arbeit\/aandwblog-20240627-frauen-hitze-NEU.png\" data-sub-html=\" \u00a9 A&amp;W Blog\"><img decoding=\"async\" class=\"img-fluid mx-auto shadow w-100\" title=\" \u00a9 A&amp;W Blog\" src=\"https:\/\/www.awblog.at\/GenticsImageStore\/1200\/auto\/prop\/Arbeit\/aandwblog-20240627-frauen-hitze-NEU.png\" alt=\"Grafik: Arbeiten an hei\u00dfen Tagen \u00a9 A&amp;W Blog\" data-img-desc=\"\" \/><\/div>\n<div class=\"gallery-poster\">\n<p id=\"heading_Mangelnde_sanitaere_Einrichtungen__Mehr_Trinken_und_dann_\"><b>Mangelnde sanit\u00e4re Einrichtungen: Mehr Trinken und dann?<\/b><\/p>\n<p>Eine der grundlegenden Empfehlungen bei gro\u00dfer Hitze lautet in der Regel, ausreichend Fl\u00fcssigkeit zu sich zu nehmen. Mehr Hitze f\u00f6rdert mehr Schwei\u00df, bedeutet noch mehr trinken, aber auch entsprechend h\u00e4ufiger eine Toilette aufsuchen zu m\u00fcssen. Das stellt jedoch insbesondere in Berufen, wo die Arbeitnehmer:innen unterwegs sind, beispielsweise in der mobilen Pflege oder im \u00f6ffentlichen Verkehr, eine gro\u00dfe Herausforderung dar. Speziell f\u00fcr Frauen. Erstens ist f\u00fcr Frauen die bei M\u00e4nnern beliebte Methode der \u201eNaturbew\u00e4sserung\u201c in der Regel keine Option, weil f\u00fcr viele hier Grenzen der W\u00fcrde deutlich unterschritten werden oder auch die Gefahr von Bel\u00e4stigung besteht. Zweitens ben\u00f6tigen Frauen auch entsprechende M\u00f6glichkeiten, um Monatshygiene-Produkte wechseln zu k\u00f6nnen \u2013 ein Thema, das nach wie vor weitgehend tabuisiert ist. Entsprechend wichtig sind saubere und gut erreichbare bzw. verf\u00fcgbare Toiletten. Eine Betriebsr\u00e4tin aus der mobilen Pflege berichtet: \u201eDie Pflegerinnen wissen genau, bei welchen Klienten sie die Toilette benutzen k\u00f6nnen, und vor allem am Land entlang ihrer Strecke auch, wo sie notfalls Freiluft-WC-M\u00f6glichkeiten haben.\u201c<\/p>\n<p>Diese prek\u00e4re Situation hat zur Folge, dass Frauen beginnen weniger zu trinken, wie auch eine Stra\u00dfenbahn-Schaffnerin erz\u00e4hlt. Gerade im Kontext gro\u00dfer Hitzebelastungen stellt diese Bew\u00e4ltigungsstrategie jedoch ein ernsthaftes gesundheitliches Risiko dar.<\/p>\n<p id=\"heading_Die_Hitze_Sorge_Spirale\"><b>Die Hitze-Sorge-Spirale<\/b><\/p>\n<p>In den von Frauen dominierten Gesundheits- und Sozialberufen oder auch in der Elementarbildung tragen Besch\u00e4ftigte nicht nur Verantwortung f\u00fcr sich selbst, sondern auch f\u00fcr andere. Das setzt in Hitzebelastungssituationen eine doppelte Spirale in Gang. Besch\u00e4ftigte m\u00fcssen nicht nur die eigenen Belastungen bew\u00e4ltigen. In einer <a class=\"\" href=\"https:\/\/www.sciencedirect.com\/science\/article\/pii\/S2212096324000147#s0035\" target=\"_blank\" rel=\"noopener noreferrer\" data-gentics-gcn-url=\"https:\/\/www.sciencedirect.com\/science\/article\/pii\/S2212096324000147\">Studie aus Deutschland<\/a> zum Umgang mit Hitzebelastungen in Kinderg\u00e4rten berichten knapp die H\u00e4lfte der Besch\u00e4ftigten von h\u00e4ufigen Konzentrationsschwierigkeiten an Hitzetagen, rund 45 Prozent von h\u00e4ufiger Erm\u00fcdung und Ersch\u00f6pfung. Aber auch k\u00f6rperliche Aktivit\u00e4ten, wie das Heben oder Waschen von Patient:innen, wird mit zunehmender Hitze beschwerlicher. Die Arbeitsbedingungen versch\u00e4rfen sich noch zus\u00e4tzlich, weil in diesen Branchen h\u00e4ufig mit vulnerablen Gruppen gearbeitet wird (Kinder, \u00e4ltere Menschen, erkrankte Personen usw.), deren <a class=\"\" href=\"https:\/\/www.sciencedirect.com\/science\/article\/pii\/S2212096320300619#s0075\" target=\"_blank\" rel=\"noopener noreferrer\" data-gentics-gcn-url=\"https:\/\/www.sciencedirect.com\/science\/article\/pii\/S2212096320300619\">Bedarf an Zuwendung und Betreuung w\u00e4hrend gro\u00dfer Hitze ansteigt, wie Studien zeigen.<\/a> \u201eWenn die Au\u00dfenbeschattung fehlt, hat es in den Patient:innen-Zimmern an hei\u00dfen Tagen auch \u00fcber 35 Grad\u201c, erz\u00e4hlt eine Betriebsr\u00e4tin aus dem Gesundheitsbereich. \u201eWir h\u00e4ngen dann nasse Leint\u00fccher auf, damit es etwas k\u00fchler wird.\u201c Betriebsr\u00e4t:innen aus dem Gesundheitsbereich berichten dar\u00fcber hinaus von steigender Gereiztheit unter den Klient:innen und Patient:innen, da Hitze auch das <a class=\"\" href=\"https:\/\/www.bbc.com\/future\/article\/20200817-the-sinister-ways-heatwaves-warp-the-mind\" target=\"_blank\" rel=\"noopener noreferrer\" data-gentics-gcn-url=\"https:\/\/www.bbc.com\/future\/article\/20200817-the-sinister-ways-heatwaves-warp-the-mind\">Stress- und damit Aggressionslevel<\/a> steigen l\u00e4sst.<\/p>\n<p id=\"heading_Hitzestress_im_privaten_sozialen_Umfeld\"><b>Hitzestress im privaten sozialen Umfeld<\/b><\/p>\n<p>Wenn wir von Hitzebelastungen in der Arbeitswelt sprechen, m\u00fcssen wir aber auch den gro\u00dfen Teil der unbezahlten Arbeit ber\u00fccksichtigen, <a class=\"\" href=\"https:\/\/www.statistik.at\/statistiken\/bevoelkerung-und-soziales\/zeitverwendung\" target=\"_blank\" rel=\"noopener noreferrer\" data-gentics-gcn-url=\"https:\/\/www.statistik.at\/statistiken\/bevoelkerung-und-soziales\/zeitverwendung\">der bei Frauen \u2013 je nach Lebensphase \u2013 bis zu 65 Prozent ihrer Gesamtarbeitszeit vereinnahmt<\/a>. Analog zu den vorhin thematisierten Care-Berufen gilt auch f\u00fcr die unbezahlte Sorgearbeit in den Familien: Steigende Hitze macht k\u00f6rperliche T\u00e4tigkeiten anstrengender, man ist weniger in der Lage, sich zu konzentrieren, gleichzeitig besteht Verantwortung f\u00fcr Kinder oder \u00e4ltere Angeh\u00f6rige, deren Betreuungsbedarf mit der Hitze anw\u00e4chst. Die Belastungen kumulieren vor allem in jenen sozialen Klassenlagen, wo die Betroffenheit gro\u00df (z.\u00a0B. schlecht isolierte und beschattete Wohnungen), die M\u00f6glichkeiten zur Abwendung von Hitze jedoch gering sind (z.\u00a0B. bauliche \u00c4nderungen). Es sind dann aber wiederum Frauen, die damit zurechtkommen m\u00fcssen, wenn die Kinder (und sie selbst) in einer aufgeheizten Wohnung, die im Sommer bei Tropenn\u00e4chten auch in der Nacht nicht gut abgek\u00fchlt werden kann, nicht mehr gut schlafen und sich erholen k\u00f6nnen. Oder wenn die pflegebed\u00fcrftigen Eltern noch mehr Unterst\u00fctzung ben\u00f6tigen, weil beispielsweise l\u00e4ngere Aufenthalte im Freien gef\u00e4hrlich sind und man deshalb f\u00fcr sie Eink\u00e4ufe und andere Besorgungen miterledigen muss.<\/p>\n<p>Gleichzeitig macht sich steigendes Aggressionspotenzial aber auch auf einer anderen Ebene bemerkbar \u2013 und zwar im Anstieg von h\u00e4uslicher Gewalt. <a class=\"\" href=\"https:\/\/www.sciencedirect.com\/science\/article\/abs\/pii\/S0048969718324446\" target=\"_blank\" rel=\"noopener noreferrer\" data-gentics-gcn-url=\"https:\/\/www.sciencedirect.com\/science\/article\/abs\/pii\/S0048969718324446\">Studien aus Spanien zeigen<\/a>, dass nach Hitzewellen Partnergewalt deutlich ansteigt. Hohen Temperaturen ausgesetzt zu sein erh\u00f6ht Irritierbarkeit und Stress, was wiederum die Barrieren f\u00fcr Gewalt senkt. Der Effekt tritt aber mit einer gewissen Zeitverz\u00f6gerung auf. Drei Tage nach einer Hitzewelle wurde in Madrid ein 40-prozentiger Anstieg des Risikos f\u00fcr Femizide beobachtet. Hitzebelastungen f\u00fchren nicht automatisch zu h\u00e4uslicher Gewalt, aber sie k\u00f6nnen in bereits belasteten Situationen der Tropfen sein, der das Fass zum \u00dcberlaufen bringt.<\/p>\n<p id=\"heading_Mitgestalten_und_mitveraendern__Klimagerechtigkeit_und_Geschlechtergerechtigkeit_umsetzen\"><b>Mitgestalten und mitver\u00e4ndern: Klimagerechtigkeit und Geschlechtergerechtigkeit umsetzen<\/b><\/p>\n<p>Frauen sind allerdings in vielen nationalen und europ\u00e4ischen politischen Gremien und Bereichen, <a class=\"\" href=\"https:\/\/eige.europa.eu\/publications-resources\/publications\/gender-balance-european-green-deal\" target=\"_blank\" rel=\"noopener noreferrer\" data-gentics-gcn-url=\"https:\/\/eige.europa.eu\/publications-resources\/publications\/gender-balance-european-green-deal\">in denen Ma\u00dfnahmen zur Anpassung an die Auswirkungen der Klimakrise entwickelt und beschlossen<\/a> werden, unterrepr\u00e4sentiert. Die angemessene Repr\u00e4sentation und Teilhabe unterschiedlicher Bev\u00f6lkerungsgruppen in politischen Gremien ist jedoch entscheidend, weil Studien zeigen, dass L\u00f6sungen einseitig ausfallen bzw. wichtige Folgeeffekte von politischen Ma\u00dfnahmen \u00fcbersehen werden, wenn Lebensrealit\u00e4ten bestimmter sozialer Gruppen nicht repr\u00e4sentiert sind. Um eine gleichberechtigte Teilhabe von Frauen sicherzustellen und damit eine geschlechtergerechte Klimapolitik umzusetzen, sind folgende Ma\u00dfnahmen erforderlich:<\/p>\n<ul>\n<li><b>Gleichberechtigte Mitbestimmung und Einbindung von Frauen<\/b> in allen Gremien und Prozessen, die mit klima- und umweltpolitischen Entscheidungen betraut sind.<\/li>\n<li><b>Gender-Mainstreaming und Gender-Budgeting als Leitprinzip<\/b> bei allen klima- und umweltpolitischen Ma\u00dfnahmen.<\/li>\n<li><b>Klimafittes Arbeitsrecht<\/b> mit der Verpflichtung, ab einer Temperatur von \u00fcber 25\u00b0C geeignete Ma\u00dfnahmen zu setzen (<a class=\"\" href=\"https:\/\/wien.arbeiterkammer.at\/klimafit\" target=\"_blank\" rel=\"noopener noreferrer\" data-gentics-gcn-url=\"https:\/\/wien.arbeiterkammer.at\/klimafit\">Forderungen von AK und \u00d6GB dazu<\/a>).<\/li>\n<li><b>K\u00fcrzere Arbeitszeiten und mehr bezahlte Pausen: <\/b>Eine neue, gesunde Vollzeit ist ein wichtiger Ansatzpunkt, mit der auch Belastungen durch Hitze am Arbeitsplatz gering gehalten werden k\u00f6nnen. Eine Begrenzung der t\u00e4glichen H\u00f6chstarbeitszeit auf 8 Stunden und mehr bezahlte Pausen sind notwendig.<\/li>\n<li><b>Investitionen<\/b>, um <b>\u00f6ffentliche Care-Infrastruktur<\/b>, wie Kinderg\u00e4rten und Pflegeheime, <b>klimafit <\/b>zu machen.<\/li>\n<li><b>Klimagerechtigkeit bedeutet auch Sorgegerechtigkeit<\/b>: Gleichberechtigte Verteilung der bezahlten und unbezahlten Arbeit, indem Privathaushalte durch qualit\u00e4tsvolle, leistbare und fl\u00e4chendeckende Care-Angebote entlastet werden.<\/li>\n<\/ul>\n<p><i>Teile dieses Beitrags beruhen auf dem Kapitel zum Thema Geschlechtergerechtigkeit der Arbeiterkammer Wien f\u00fcr den sozialen und \u00f6kologischen Umbau.<\/i><\/p>\n<p><i><b>Creative-Commons-Lizenz CC BY-SA 4.0:<\/b> Dieser Beitrag ist unter einer Creative-Commons-Lizenz vom Typ Namensnennung &#8211; Weitergabe unter gleichen Bedingungen 4.0 International zug\u00e4nglich. <\/i><\/p>\n<\/div>\n","protected":false},"excerpt":{"rendered":"<p>Die Auswirkungen des vom Menschen gemachten Klimawandels sind auch hierzulande immer deutlicher zu sp\u00fcren \u2013 \u00d6sterreich hat sich seit 1980 um 1,41 Grad erhitzt. Das klingt vielleicht nach einer kleinen Ver\u00e4nderung, hat aber dramatische Auswirkungen auf die Natur und den&hellip;<\/p>\n","protected":false},"author":1096,"featured_media":2533152,"comment_status":"closed","ping_status":"closed","sticky":false,"template":"","format":"standard","meta":{"footnotes":""},"categories":[54510,9160,9157],"tags":[47424,9439,124163,124164,12395],"class_list":["post-2533148","post","type-post","status-publish","format-standard","has-post-thumbnail","hentry","category-gender-und-feminismen","category-gesundheit","category-oekologie-und-umwelt","tag-arbeit","tag-frauen","tag-hitzebelastung","tag-hygiene-de","tag-klimawandel"],"yoast_head":"<!-- This site is optimized with the Yoast SEO plugin v27.1.1 - https:\/\/yoast.com\/product\/yoast-seo-wordpress\/ -->\n<title>Klimakrise und Hitze\u00adbelastungen: Ein\u00adblicke in die Arbeits\u00adrealit\u00e4ten von Frauen<\/title>\n<meta name=\"description\" content=\"Die Auswirkungen des vom Menschen gemachten Klimawandels sind auch hierzulande immer deutlicher zu sp\u00fcren \u2013 \u00d6sterreich hat sich seit 1980 um 1,41 Grad\" \/>\n<meta name=\"robots\" content=\"index, follow, max-snippet:-1, max-image-preview:large, max-video-preview:-1\" \/>\n<link rel=\"canonical\" href=\"https:\/\/www.pressenza.com\/de\/2024\/07\/klimakrise-und-hitzebelastungen-einblicke-in-die-arbeitsrealitaeten-von-frauen\/\" \/>\n<meta property=\"og:locale\" content=\"de_DE\" \/>\n<meta property=\"og:type\" content=\"article\" \/>\n<meta property=\"og:title\" content=\"Klimakrise und Hitze\u00adbelastungen: Ein\u00adblicke in die Arbeits\u00adrealit\u00e4ten von Frauen\" \/>\n<meta property=\"og:description\" content=\"Die Auswirkungen des vom Menschen gemachten Klimawandels sind auch hierzulande immer deutlicher zu sp\u00fcren \u2013 \u00d6sterreich hat sich seit 1980 um 1,41 Grad\" \/>\n<meta property=\"og:url\" content=\"https:\/\/www.pressenza.com\/de\/2024\/07\/klimakrise-und-hitzebelastungen-einblicke-in-die-arbeitsrealitaeten-von-frauen\/\" \/>\n<meta property=\"og:site_name\" content=\"Pressenza\" \/>\n<meta property=\"article:publisher\" content=\"https:\/\/www.facebook.com\/PressenzaItalia\" \/>\n<meta property=\"article:published_time\" content=\"2024-07-01T11:58:46+00:00\" \/>\n<meta property=\"og:image\" content=\"https:\/\/www.pressenza.com\/wp-content\/uploads\/2024\/06\/IMG_3053.jpeg\" \/>\n\t<meta property=\"og:image:width\" content=\"1920\" \/>\n\t<meta property=\"og:image:height\" content=\"963\" \/>\n\t<meta property=\"og:image:type\" content=\"image\/jpeg\" \/>\n<meta name=\"author\" content=\"Pressenza Wien\" \/>\n<meta name=\"twitter:card\" content=\"summary_large_image\" \/>\n<meta name=\"twitter:creator\" content=\"@pressenza_ger\" \/>\n<meta name=\"twitter:site\" content=\"@PressenzaIPA\" \/>\n<meta name=\"twitter:label1\" content=\"Verfasst von\" \/>\n\t<meta name=\"twitter:data1\" content=\"Pressenza Wien\" \/>\n\t<meta name=\"twitter:label2\" content=\"Gesch\u00e4tzte Lesezeit\" \/>\n\t<meta name=\"twitter:data2\" content=\"9\u00a0Minuten\" \/>\n<script type=\"application\/ld+json\" class=\"yoast-schema-graph\">{\"@context\":\"https:\/\/schema.org\",\"@graph\":[{\"@type\":\"Article\",\"@id\":\"https:\/\/www.pressenza.com\/de\/2024\/07\/klimakrise-und-hitzebelastungen-einblicke-in-die-arbeitsrealitaeten-von-frauen\/#article\",\"isPartOf\":{\"@id\":\"https:\/\/www.pressenza.com\/de\/2024\/07\/klimakrise-und-hitzebelastungen-einblicke-in-die-arbeitsrealitaeten-von-frauen\/\"},\"author\":{\"name\":\"Pressenza Wien\",\"@id\":\"https:\/\/www.pressenza.com\/de\/#\/schema\/person\/3df859e5bf9b19ab936f666e0177e38b\"},\"headline\":\"Klimakrise und Hitze\u00adbelastungen: Ein\u00adblicke in die Arbeits\u00adrealit\u00e4ten von Frauen\",\"datePublished\":\"2024-07-01T11:58:46+00:00\",\"mainEntityOfPage\":{\"@id\":\"https:\/\/www.pressenza.com\/de\/2024\/07\/klimakrise-und-hitzebelastungen-einblicke-in-die-arbeitsrealitaeten-von-frauen\/\"},\"wordCount\":1753,\"publisher\":{\"@id\":\"https:\/\/www.pressenza.com\/de\/#organization\"},\"image\":{\"@id\":\"https:\/\/www.pressenza.com\/de\/2024\/07\/klimakrise-und-hitzebelastungen-einblicke-in-die-arbeitsrealitaeten-von-frauen\/#primaryimage\"},\"thumbnailUrl\":\"https:\/\/www.pressenza.com\/wp-content\/uploads\/2024\/06\/IMG_3053.jpeg\",\"keywords\":[\"Arbeit\",\"Frauen\",\"Hitzebelastung\",\"hygiene\",\"Klimawandel\"],\"articleSection\":[\"Gender und Feminismen\",\"Gesundheit\",\"\u00d6kologie und Umwelt\"],\"inLanguage\":\"de\"},{\"@type\":\"WebPage\",\"@id\":\"https:\/\/www.pressenza.com\/de\/2024\/07\/klimakrise-und-hitzebelastungen-einblicke-in-die-arbeitsrealitaeten-von-frauen\/\",\"url\":\"https:\/\/www.pressenza.com\/de\/2024\/07\/klimakrise-und-hitzebelastungen-einblicke-in-die-arbeitsrealitaeten-von-frauen\/\",\"name\":\"Klimakrise und Hitze\u00adbelastungen: Ein\u00adblicke in die Arbeits\u00adrealit\u00e4ten von Frauen\",\"isPartOf\":{\"@id\":\"https:\/\/www.pressenza.com\/de\/#website\"},\"primaryImageOfPage\":{\"@id\":\"https:\/\/www.pressenza.com\/de\/2024\/07\/klimakrise-und-hitzebelastungen-einblicke-in-die-arbeitsrealitaeten-von-frauen\/#primaryimage\"},\"image\":{\"@id\":\"https:\/\/www.pressenza.com\/de\/2024\/07\/klimakrise-und-hitzebelastungen-einblicke-in-die-arbeitsrealitaeten-von-frauen\/#primaryimage\"},\"thumbnailUrl\":\"https:\/\/www.pressenza.com\/wp-content\/uploads\/2024\/06\/IMG_3053.jpeg\",\"datePublished\":\"2024-07-01T11:58:46+00:00\",\"description\":\"Die Auswirkungen des vom Menschen gemachten Klimawandels sind auch hierzulande immer deutlicher zu sp\u00fcren \u2013 \u00d6sterreich hat sich seit 1980 um 1,41 Grad\",\"breadcrumb\":{\"@id\":\"https:\/\/www.pressenza.com\/de\/2024\/07\/klimakrise-und-hitzebelastungen-einblicke-in-die-arbeitsrealitaeten-von-frauen\/#breadcrumb\"},\"inLanguage\":\"de\",\"potentialAction\":[{\"@type\":\"ReadAction\",\"target\":[\"https:\/\/www.pressenza.com\/de\/2024\/07\/klimakrise-und-hitzebelastungen-einblicke-in-die-arbeitsrealitaeten-von-frauen\/\"]}]},{\"@type\":\"ImageObject\",\"inLanguage\":\"de\",\"@id\":\"https:\/\/www.pressenza.com\/de\/2024\/07\/klimakrise-und-hitzebelastungen-einblicke-in-die-arbeitsrealitaeten-von-frauen\/#primaryimage\",\"url\":\"https:\/\/www.pressenza.com\/wp-content\/uploads\/2024\/06\/IMG_3053.jpeg\",\"contentUrl\":\"https:\/\/www.pressenza.com\/wp-content\/uploads\/2024\/06\/IMG_3053.jpeg\",\"width\":1920,\"height\":963},{\"@type\":\"BreadcrumbList\",\"@id\":\"https:\/\/www.pressenza.com\/de\/2024\/07\/klimakrise-und-hitzebelastungen-einblicke-in-die-arbeitsrealitaeten-von-frauen\/#breadcrumb\",\"itemListElement\":[{\"@type\":\"ListItem\",\"position\":1,\"name\":\"Accueil\",\"item\":\"https:\/\/www.pressenza.com\/de\/\"},{\"@type\":\"ListItem\",\"position\":2,\"name\":\"Klimakrise und Hitze\u00adbelastungen: Ein\u00adblicke in die Arbeits\u00adrealit\u00e4ten von Frauen\"}]},{\"@type\":\"WebSite\",\"@id\":\"https:\/\/www.pressenza.com\/de\/#website\",\"url\":\"https:\/\/www.pressenza.com\/de\/\",\"name\":\"Pressenza\",\"description\":\"International Press Agency\",\"publisher\":{\"@id\":\"https:\/\/www.pressenza.com\/de\/#organization\"},\"potentialAction\":[{\"@type\":\"SearchAction\",\"target\":{\"@type\":\"EntryPoint\",\"urlTemplate\":\"https:\/\/www.pressenza.com\/de\/?s={search_term_string}\"},\"query-input\":{\"@type\":\"PropertyValueSpecification\",\"valueRequired\":true,\"valueName\":\"search_term_string\"}}],\"inLanguage\":\"de\"},{\"@type\":\"Organization\",\"@id\":\"https:\/\/www.pressenza.com\/de\/#organization\",\"name\":\"Pressenza\",\"url\":\"https:\/\/www.pressenza.com\/de\/\",\"logo\":{\"@type\":\"ImageObject\",\"inLanguage\":\"de\",\"@id\":\"https:\/\/www.pressenza.com\/de\/#\/schema\/logo\/image\/\",\"url\":\"https:\/\/www.pressenza.com\/wp-content\/uploads\/2022\/10\/pressenza_logo_200x200.jpg\",\"contentUrl\":\"https:\/\/www.pressenza.com\/wp-content\/uploads\/2022\/10\/pressenza_logo_200x200.jpg\",\"width\":200,\"height\":200,\"caption\":\"Pressenza\"},\"image\":{\"@id\":\"https:\/\/www.pressenza.com\/de\/#\/schema\/logo\/image\/\"},\"sameAs\":[\"https:\/\/www.facebook.com\/PressenzaItalia\",\"https:\/\/x.com\/PressenzaIPA\"]},{\"@type\":\"Person\",\"@id\":\"https:\/\/www.pressenza.com\/de\/#\/schema\/person\/3df859e5bf9b19ab936f666e0177e38b\",\"name\":\"Pressenza Wien\",\"description\":\"News from the Pressenza Bureau in Vienna, Austria\",\"sameAs\":[\"https:\/\/x.com\/pressenza_ger\"],\"url\":\"https:\/\/www.pressenza.com\/de\/author\/pressenza-wien\/\"}]}<\/script>\n<!-- \/ Yoast SEO plugin. -->","yoast_head_json":{"title":"Klimakrise und Hitze\u00adbelastungen: Ein\u00adblicke in die Arbeits\u00adrealit\u00e4ten von Frauen","description":"Die Auswirkungen des vom Menschen gemachten Klimawandels sind auch hierzulande immer deutlicher zu sp\u00fcren \u2013 \u00d6sterreich hat sich seit 1980 um 1,41 Grad","robots":{"index":"index","follow":"follow","max-snippet":"max-snippet:-1","max-image-preview":"max-image-preview:large","max-video-preview":"max-video-preview:-1"},"canonical":"https:\/\/www.pressenza.com\/de\/2024\/07\/klimakrise-und-hitzebelastungen-einblicke-in-die-arbeitsrealitaeten-von-frauen\/","og_locale":"de_DE","og_type":"article","og_title":"Klimakrise und Hitze\u00adbelastungen: Ein\u00adblicke in die Arbeits\u00adrealit\u00e4ten von Frauen","og_description":"Die Auswirkungen des vom Menschen gemachten Klimawandels sind auch hierzulande immer deutlicher zu sp\u00fcren \u2013 \u00d6sterreich hat sich seit 1980 um 1,41 Grad","og_url":"https:\/\/www.pressenza.com\/de\/2024\/07\/klimakrise-und-hitzebelastungen-einblicke-in-die-arbeitsrealitaeten-von-frauen\/","og_site_name":"Pressenza","article_publisher":"https:\/\/www.facebook.com\/PressenzaItalia","article_published_time":"2024-07-01T11:58:46+00:00","og_image":[{"width":1920,"height":963,"url":"https:\/\/www.pressenza.com\/wp-content\/uploads\/2024\/06\/IMG_3053.jpeg","type":"image\/jpeg"}],"author":"Pressenza Wien","twitter_card":"summary_large_image","twitter_creator":"@pressenza_ger","twitter_site":"@PressenzaIPA","twitter_misc":{"Verfasst von":"Pressenza Wien","Gesch\u00e4tzte Lesezeit":"9\u00a0Minuten"},"schema":{"@context":"https:\/\/schema.org","@graph":[{"@type":"Article","@id":"https:\/\/www.pressenza.com\/de\/2024\/07\/klimakrise-und-hitzebelastungen-einblicke-in-die-arbeitsrealitaeten-von-frauen\/#article","isPartOf":{"@id":"https:\/\/www.pressenza.com\/de\/2024\/07\/klimakrise-und-hitzebelastungen-einblicke-in-die-arbeitsrealitaeten-von-frauen\/"},"author":{"name":"Pressenza Wien","@id":"https:\/\/www.pressenza.com\/de\/#\/schema\/person\/3df859e5bf9b19ab936f666e0177e38b"},"headline":"Klimakrise und Hitze\u00adbelastungen: Ein\u00adblicke in die Arbeits\u00adrealit\u00e4ten von Frauen","datePublished":"2024-07-01T11:58:46+00:00","mainEntityOfPage":{"@id":"https:\/\/www.pressenza.com\/de\/2024\/07\/klimakrise-und-hitzebelastungen-einblicke-in-die-arbeitsrealitaeten-von-frauen\/"},"wordCount":1753,"publisher":{"@id":"https:\/\/www.pressenza.com\/de\/#organization"},"image":{"@id":"https:\/\/www.pressenza.com\/de\/2024\/07\/klimakrise-und-hitzebelastungen-einblicke-in-die-arbeitsrealitaeten-von-frauen\/#primaryimage"},"thumbnailUrl":"https:\/\/www.pressenza.com\/wp-content\/uploads\/2024\/06\/IMG_3053.jpeg","keywords":["Arbeit","Frauen","Hitzebelastung","hygiene","Klimawandel"],"articleSection":["Gender und Feminismen","Gesundheit","\u00d6kologie und Umwelt"],"inLanguage":"de"},{"@type":"WebPage","@id":"https:\/\/www.pressenza.com\/de\/2024\/07\/klimakrise-und-hitzebelastungen-einblicke-in-die-arbeitsrealitaeten-von-frauen\/","url":"https:\/\/www.pressenza.com\/de\/2024\/07\/klimakrise-und-hitzebelastungen-einblicke-in-die-arbeitsrealitaeten-von-frauen\/","name":"Klimakrise und Hitze\u00adbelastungen: Ein\u00adblicke in die Arbeits\u00adrealit\u00e4ten von Frauen","isPartOf":{"@id":"https:\/\/www.pressenza.com\/de\/#website"},"primaryImageOfPage":{"@id":"https:\/\/www.pressenza.com\/de\/2024\/07\/klimakrise-und-hitzebelastungen-einblicke-in-die-arbeitsrealitaeten-von-frauen\/#primaryimage"},"image":{"@id":"https:\/\/www.pressenza.com\/de\/2024\/07\/klimakrise-und-hitzebelastungen-einblicke-in-die-arbeitsrealitaeten-von-frauen\/#primaryimage"},"thumbnailUrl":"https:\/\/www.pressenza.com\/wp-content\/uploads\/2024\/06\/IMG_3053.jpeg","datePublished":"2024-07-01T11:58:46+00:00","description":"Die Auswirkungen des vom Menschen gemachten Klimawandels sind auch hierzulande immer deutlicher zu sp\u00fcren \u2013 \u00d6sterreich hat sich seit 1980 um 1,41 Grad","breadcrumb":{"@id":"https:\/\/www.pressenza.com\/de\/2024\/07\/klimakrise-und-hitzebelastungen-einblicke-in-die-arbeitsrealitaeten-von-frauen\/#breadcrumb"},"inLanguage":"de","potentialAction":[{"@type":"ReadAction","target":["https:\/\/www.pressenza.com\/de\/2024\/07\/klimakrise-und-hitzebelastungen-einblicke-in-die-arbeitsrealitaeten-von-frauen\/"]}]},{"@type":"ImageObject","inLanguage":"de","@id":"https:\/\/www.pressenza.com\/de\/2024\/07\/klimakrise-und-hitzebelastungen-einblicke-in-die-arbeitsrealitaeten-von-frauen\/#primaryimage","url":"https:\/\/www.pressenza.com\/wp-content\/uploads\/2024\/06\/IMG_3053.jpeg","contentUrl":"https:\/\/www.pressenza.com\/wp-content\/uploads\/2024\/06\/IMG_3053.jpeg","width":1920,"height":963},{"@type":"BreadcrumbList","@id":"https:\/\/www.pressenza.com\/de\/2024\/07\/klimakrise-und-hitzebelastungen-einblicke-in-die-arbeitsrealitaeten-von-frauen\/#breadcrumb","itemListElement":[{"@type":"ListItem","position":1,"name":"Accueil","item":"https:\/\/www.pressenza.com\/de\/"},{"@type":"ListItem","position":2,"name":"Klimakrise und Hitze\u00adbelastungen: Ein\u00adblicke in die Arbeits\u00adrealit\u00e4ten von Frauen"}]},{"@type":"WebSite","@id":"https:\/\/www.pressenza.com\/de\/#website","url":"https:\/\/www.pressenza.com\/de\/","name":"Pressenza","description":"International Press Agency","publisher":{"@id":"https:\/\/www.pressenza.com\/de\/#organization"},"potentialAction":[{"@type":"SearchAction","target":{"@type":"EntryPoint","urlTemplate":"https:\/\/www.pressenza.com\/de\/?s={search_term_string}"},"query-input":{"@type":"PropertyValueSpecification","valueRequired":true,"valueName":"search_term_string"}}],"inLanguage":"de"},{"@type":"Organization","@id":"https:\/\/www.pressenza.com\/de\/#organization","name":"Pressenza","url":"https:\/\/www.pressenza.com\/de\/","logo":{"@type":"ImageObject","inLanguage":"de","@id":"https:\/\/www.pressenza.com\/de\/#\/schema\/logo\/image\/","url":"https:\/\/www.pressenza.com\/wp-content\/uploads\/2022\/10\/pressenza_logo_200x200.jpg","contentUrl":"https:\/\/www.pressenza.com\/wp-content\/uploads\/2022\/10\/pressenza_logo_200x200.jpg","width":200,"height":200,"caption":"Pressenza"},"image":{"@id":"https:\/\/www.pressenza.com\/de\/#\/schema\/logo\/image\/"},"sameAs":["https:\/\/www.facebook.com\/PressenzaItalia","https:\/\/x.com\/PressenzaIPA"]},{"@type":"Person","@id":"https:\/\/www.pressenza.com\/de\/#\/schema\/person\/3df859e5bf9b19ab936f666e0177e38b","name":"Pressenza Wien","description":"News from the Pressenza Bureau in Vienna, Austria","sameAs":["https:\/\/x.com\/pressenza_ger"],"url":"https:\/\/www.pressenza.com\/de\/author\/pressenza-wien\/"}]}},"place":"","original_article_url":"https:\/\/www.awblog.at\/Arbeit\/Klimakrise-und-Hitzebelastungen","_links":{"self":[{"href":"https:\/\/www.pressenza.com\/de\/wp-json\/wp\/v2\/posts\/2533148","targetHints":{"allow":["GET"]}}],"collection":[{"href":"https:\/\/www.pressenza.com\/de\/wp-json\/wp\/v2\/posts"}],"about":[{"href":"https:\/\/www.pressenza.com\/de\/wp-json\/wp\/v2\/types\/post"}],"author":[{"embeddable":true,"href":"https:\/\/www.pressenza.com\/de\/wp-json\/wp\/v2\/users\/1096"}],"replies":[{"embeddable":true,"href":"https:\/\/www.pressenza.com\/de\/wp-json\/wp\/v2\/comments?post=2533148"}],"version-history":[{"count":0,"href":"https:\/\/www.pressenza.com\/de\/wp-json\/wp\/v2\/posts\/2533148\/revisions"}],"wp:featuredmedia":[{"embeddable":true,"href":"https:\/\/www.pressenza.com\/de\/wp-json\/wp\/v2\/media\/2533152"}],"wp:attachment":[{"href":"https:\/\/www.pressenza.com\/de\/wp-json\/wp\/v2\/media?parent=2533148"}],"wp:term":[{"taxonomy":"category","embeddable":true,"href":"https:\/\/www.pressenza.com\/de\/wp-json\/wp\/v2\/categories?post=2533148"},{"taxonomy":"post_tag","embeddable":true,"href":"https:\/\/www.pressenza.com\/de\/wp-json\/wp\/v2\/tags?post=2533148"}],"curies":[{"name":"wp","href":"https:\/\/api.w.org\/{rel}","templated":true}]}}