{"id":2532575,"date":"2024-06-25T14:31:44","date_gmt":"2024-06-25T13:31:44","guid":{"rendered":"https:\/\/www.pressenza.com\/?p=2532575"},"modified":"2024-06-25T14:33:44","modified_gmt":"2024-06-25T13:33:44","slug":"feindbild-zerbrochen-ex-soldat-und-ex-kaempfer-aus-israel-und-palaestina","status":"publish","type":"post","link":"https:\/\/www.pressenza.com\/de\/2024\/06\/feindbild-zerbrochen-ex-soldat-und-ex-kaempfer-aus-israel-und-palaestina\/","title":{"rendered":"Feindbild zerbrochen: Ex-Soldat und Ex-K\u00e4mpfer aus Israel und Pal\u00e4stina"},"content":{"rendered":"<p><strong>Rotem Levin aus Tel Aviv und Osama Eliwat aus Jericho waren Feinde. Rotem war Soldat f\u00fcr Israel und Osama Widerstandsk\u00e4mpfer f\u00fcr Pal\u00e4stina. Aber sie haben der Gewalt abgeschworen, sind Freunde geworden und treten gemeinsam als K\u00e4mpfer f\u00fcr Frieden auf f\u00fcr Combatants for Peace <a href=\"http:\/\/www.cfpeace.org\" target=\"_blank\" rel=\"noopener\">(www.cfpeace.org<\/a>).<\/strong><\/p>\n<p>Sie stimmen mit ihrem Partner von der anderen Seite darin \u00fcberein, dass die milit\u00e4rische Besatzung beendet werden muss und er\u00f6ffnen Perspektiven zum friedlichen Zusammenleben. Besonders in der aktuellen Situation finden sie landauf, landab ein dankbares, inspiriertes Publikum. Von\u00a0 Oktober 2023 bis Februar 2024 haben sie so 10.000 Menschen begeistert.<\/p>\n<p>Nach vier Monaten zu Hause in Jericho bzw. Tel Aviv kommen sie diese Woche f\u00fcr einen Monat wieder f\u00fcr Vortr\u00e4ge nach Deutschland.<\/p>\n<p><strong>Es geht los mit Berlin:<\/strong><\/p>\n<ul>\n<li>Mittwoch, 26. Juni um 19.30 Uhr in der TU-Berlin, Caf\u00e9 Planwirtschaft, Hardenbergstr. 40a<\/li>\n<li>Freitag, 28. Juni um 18 Uhr\u00a0 oskar | freiwilligenagentur lichtenberg, Weitlingstra\u00dfe 89, 10317 Berlin (mit Anmeldung: <a href=\"https:\/\/oskar.berlin\/kalender\/\">https:\/\/oskar.berlin\/kalender\/<\/a>)<\/li>\n<li>Samstag, 29. Juni um 19 Uhr in der Reformationskirche Moabit, Beusselstr. 35 mit \u00dcbersetzung<\/li>\n<\/ul>\n<p><img loading=\"lazy\" decoding=\"async\" class=\"aligncenter size-large wp-image-2532582\" src=\"https:\/\/www.pressenza.com\/wp-content\/uploads\/2024\/06\/CfPeace-29-June-Moabit-Refo-Poster-Kopie-820x801.jpg\" alt=\"\" width=\"820\" height=\"801\" srcset=\"https:\/\/www.pressenza.com\/wp-content\/uploads\/2024\/06\/CfPeace-29-June-Moabit-Refo-Poster-Kopie-820x801.jpg 820w, https:\/\/www.pressenza.com\/wp-content\/uploads\/2024\/06\/CfPeace-29-June-Moabit-Refo-Poster-Kopie-300x293.jpg 300w, https:\/\/www.pressenza.com\/wp-content\/uploads\/2024\/06\/CfPeace-29-June-Moabit-Refo-Poster-Kopie.jpg 1108w\" sizes=\"auto, (max-width: 820px) 100vw, 820px\" \/><\/p>\n<p><em>Dann geht es weiter in Halle, Hamburg, Kiel, T\u00fcttendorf, Heide, K\u00f6ln, Bonn, Dortmund, Bremen, Hamburg, Celle, Frankfurt\/M, Bamberg, M\u00fcnchen, Landau, Pforzheim, Calw, Ludwigsburg, T\u00fcbingen, Esslingen, Stuttgart, Reutlingen.<\/em><\/p>\n","protected":false},"excerpt":{"rendered":"<p>Rotem Levin aus Tel Aviv und Osama Eliwat aus Jericho waren Feinde. Rotem war Soldat f\u00fcr Israel und Osama Widerstandsk\u00e4mpfer f\u00fcr Pal\u00e4stina. Aber sie haben der Gewalt abgeschworen, sind Freunde geworden und treten gemeinsam als K\u00e4mpfer f\u00fcr Frieden auf f\u00fcr&hellip;<\/p>\n","protected":false},"author":1095,"featured_media":2532580,"comment_status":"closed","ping_status":"closed","sticky":false,"template":"","format":"standard","meta":{"footnotes":""},"categories":[9167,9166,9151,9145],"tags":[124080,9799,11641,11458,10363,124079],"class_list":["post-2532575","post","type-post","status-publish","format-standard","has-post-thumbnail","hentry","category-frieden-und-abruestung","category-gewaltfreiheit","category-mittlerer-osten","category-pressemitteilungen","tag-combatants-for-peace-de","tag-israel-de","tag-nahostkonflikt","tag-palastina","tag-versohnung","tag-verstaendigung"],"yoast_head":"<!-- This site is optimized with the Yoast SEO plugin v27.1.1 - https:\/\/yoast.com\/product\/yoast-seo-wordpress\/ -->\n<title>Feindbild zerbrochen: Ex-Soldat und Ex-K\u00e4mpfer aus Israel und Pal\u00e4stina<\/title>\n<meta name=\"description\" content=\"Rotem Levin aus Tel Aviv und Osama Eliwat aus Jericho waren Feinde. Rotem war Soldat f\u00fcr Israel und Osama Widerstandsk\u00e4mpfer f\u00fcr Pal\u00e4stina. Aber sie haben\" \/>\n<meta name=\"robots\" content=\"index, follow, max-snippet:-1, max-image-preview:large, max-video-preview:-1\" \/>\n<link rel=\"canonical\" href=\"https:\/\/www.pressenza.com\/de\/2024\/06\/feindbild-zerbrochen-ex-soldat-und-ex-kaempfer-aus-israel-und-palaestina\/\" \/>\n<meta property=\"og:locale\" content=\"de_DE\" \/>\n<meta property=\"og:type\" content=\"article\" \/>\n<meta property=\"og:title\" content=\"Feindbild zerbrochen: Ex-Soldat und Ex-K\u00e4mpfer aus Israel und Pal\u00e4stina\" \/>\n<meta property=\"og:description\" content=\"Rotem Levin aus Tel Aviv und Osama Eliwat aus Jericho waren Feinde. Rotem war Soldat f\u00fcr Israel und Osama Widerstandsk\u00e4mpfer f\u00fcr Pal\u00e4stina. Aber sie haben\" \/>\n<meta property=\"og:url\" content=\"https:\/\/www.pressenza.com\/de\/2024\/06\/feindbild-zerbrochen-ex-soldat-und-ex-kaempfer-aus-israel-und-palaestina\/\" \/>\n<meta property=\"og:site_name\" content=\"Pressenza\" \/>\n<meta property=\"article:publisher\" content=\"https:\/\/www.facebook.com\/PressenzaItalia\" \/>\n<meta property=\"article:author\" content=\"https:\/\/www.facebook.com\/Pressenza-Deutschland-sterreich-Schweiz-281675388658060\/timeline\/\" \/>\n<meta property=\"article:published_time\" content=\"2024-06-25T13:31:44+00:00\" \/>\n<meta property=\"article:modified_time\" content=\"2024-06-25T13:33:44+00:00\" \/>\n<meta property=\"og:image\" content=\"https:\/\/www.pressenza.com\/wp-content\/uploads\/2024\/06\/CombatantsForPeace.jpg\" \/>\n\t<meta property=\"og:image:width\" content=\"820\" \/>\n\t<meta property=\"og:image:height\" content=\"615\" \/>\n\t<meta property=\"og:image:type\" content=\"image\/jpeg\" \/>\n<meta name=\"author\" content=\"Pressenza Berlin\" \/>\n<meta name=\"twitter:card\" content=\"summary_large_image\" \/>\n<meta name=\"twitter:creator\" content=\"@pressenza_ger\" \/>\n<meta name=\"twitter:site\" content=\"@PressenzaIPA\" \/>\n<meta name=\"twitter:label1\" content=\"Verfasst von\" \/>\n\t<meta name=\"twitter:data1\" content=\"Pressenza Berlin\" \/>\n\t<meta name=\"twitter:label2\" content=\"Gesch\u00e4tzte Lesezeit\" \/>\n\t<meta name=\"twitter:data2\" content=\"2\u00a0Minuten\" \/>\n<script type=\"application\/ld+json\" class=\"yoast-schema-graph\">{\"@context\":\"https:\/\/schema.org\",\"@graph\":[{\"@type\":\"Article\",\"@id\":\"https:\/\/www.pressenza.com\/de\/2024\/06\/feindbild-zerbrochen-ex-soldat-und-ex-kaempfer-aus-israel-und-palaestina\/#article\",\"isPartOf\":{\"@id\":\"https:\/\/www.pressenza.com\/de\/2024\/06\/feindbild-zerbrochen-ex-soldat-und-ex-kaempfer-aus-israel-und-palaestina\/\"},\"author\":{\"name\":\"Pressenza Berlin\",\"@id\":\"https:\/\/www.pressenza.com\/de\/#\/schema\/person\/57bb5480943a496a7722b0248e4b658a\"},\"headline\":\"Feindbild zerbrochen: Ex-Soldat und Ex-K\u00e4mpfer aus Israel und Pal\u00e4stina\",\"datePublished\":\"2024-06-25T13:31:44+00:00\",\"dateModified\":\"2024-06-25T13:33:44+00:00\",\"mainEntityOfPage\":{\"@id\":\"https:\/\/www.pressenza.com\/de\/2024\/06\/feindbild-zerbrochen-ex-soldat-und-ex-kaempfer-aus-israel-und-palaestina\/\"},\"wordCount\":212,\"publisher\":{\"@id\":\"https:\/\/www.pressenza.com\/de\/#organization\"},\"image\":{\"@id\":\"https:\/\/www.pressenza.com\/de\/2024\/06\/feindbild-zerbrochen-ex-soldat-und-ex-kaempfer-aus-israel-und-palaestina\/#primaryimage\"},\"thumbnailUrl\":\"https:\/\/www.pressenza.com\/wp-content\/uploads\/2024\/06\/CombatantsForPeace.jpg\",\"keywords\":[\"Combatants for Peace\",\"Israel\",\"Nahostkonflikt\",\"Pal\u00e4stina\",\"Vers\u00f6hnung\",\"Verst\u00e4ndigung\"],\"articleSection\":[\"Frieden und Abr\u00fcstung\",\"Gewaltfreiheit\",\"Mittlerer Osten\",\"Pressemitteilungen\"],\"inLanguage\":\"de\"},{\"@type\":\"WebPage\",\"@id\":\"https:\/\/www.pressenza.com\/de\/2024\/06\/feindbild-zerbrochen-ex-soldat-und-ex-kaempfer-aus-israel-und-palaestina\/\",\"url\":\"https:\/\/www.pressenza.com\/de\/2024\/06\/feindbild-zerbrochen-ex-soldat-und-ex-kaempfer-aus-israel-und-palaestina\/\",\"name\":\"Feindbild zerbrochen: Ex-Soldat und Ex-K\u00e4mpfer aus Israel und Pal\u00e4stina\",\"isPartOf\":{\"@id\":\"https:\/\/www.pressenza.com\/de\/#website\"},\"primaryImageOfPage\":{\"@id\":\"https:\/\/www.pressenza.com\/de\/2024\/06\/feindbild-zerbrochen-ex-soldat-und-ex-kaempfer-aus-israel-und-palaestina\/#primaryimage\"},\"image\":{\"@id\":\"https:\/\/www.pressenza.com\/de\/2024\/06\/feindbild-zerbrochen-ex-soldat-und-ex-kaempfer-aus-israel-und-palaestina\/#primaryimage\"},\"thumbnailUrl\":\"https:\/\/www.pressenza.com\/wp-content\/uploads\/2024\/06\/CombatantsForPeace.jpg\",\"datePublished\":\"2024-06-25T13:31:44+00:00\",\"dateModified\":\"2024-06-25T13:33:44+00:00\",\"description\":\"Rotem Levin aus Tel Aviv und Osama Eliwat aus Jericho waren Feinde. Rotem war Soldat f\u00fcr Israel und Osama Widerstandsk\u00e4mpfer f\u00fcr Pal\u00e4stina. Aber sie haben\",\"breadcrumb\":{\"@id\":\"https:\/\/www.pressenza.com\/de\/2024\/06\/feindbild-zerbrochen-ex-soldat-und-ex-kaempfer-aus-israel-und-palaestina\/#breadcrumb\"},\"inLanguage\":\"de\",\"potentialAction\":[{\"@type\":\"ReadAction\",\"target\":[\"https:\/\/www.pressenza.com\/de\/2024\/06\/feindbild-zerbrochen-ex-soldat-und-ex-kaempfer-aus-israel-und-palaestina\/\"]}]},{\"@type\":\"ImageObject\",\"inLanguage\":\"de\",\"@id\":\"https:\/\/www.pressenza.com\/de\/2024\/06\/feindbild-zerbrochen-ex-soldat-und-ex-kaempfer-aus-israel-und-palaestina\/#primaryimage\",\"url\":\"https:\/\/www.pressenza.com\/wp-content\/uploads\/2024\/06\/CombatantsForPeace.jpg\",\"contentUrl\":\"https:\/\/www.pressenza.com\/wp-content\/uploads\/2024\/06\/CombatantsForPeace.jpg\",\"width\":820,\"height\":615},{\"@type\":\"BreadcrumbList\",\"@id\":\"https:\/\/www.pressenza.com\/de\/2024\/06\/feindbild-zerbrochen-ex-soldat-und-ex-kaempfer-aus-israel-und-palaestina\/#breadcrumb\",\"itemListElement\":[{\"@type\":\"ListItem\",\"position\":1,\"name\":\"Accueil\",\"item\":\"https:\/\/www.pressenza.com\/de\/\"},{\"@type\":\"ListItem\",\"position\":2,\"name\":\"Feindbild zerbrochen: Ex-Soldat und Ex-K\u00e4mpfer aus Israel und Pal\u00e4stina\"}]},{\"@type\":\"WebSite\",\"@id\":\"https:\/\/www.pressenza.com\/de\/#website\",\"url\":\"https:\/\/www.pressenza.com\/de\/\",\"name\":\"Pressenza\",\"description\":\"International Press Agency\",\"publisher\":{\"@id\":\"https:\/\/www.pressenza.com\/de\/#organization\"},\"potentialAction\":[{\"@type\":\"SearchAction\",\"target\":{\"@type\":\"EntryPoint\",\"urlTemplate\":\"https:\/\/www.pressenza.com\/de\/?s={search_term_string}\"},\"query-input\":{\"@type\":\"PropertyValueSpecification\",\"valueRequired\":true,\"valueName\":\"search_term_string\"}}],\"inLanguage\":\"de\"},{\"@type\":\"Organization\",\"@id\":\"https:\/\/www.pressenza.com\/de\/#organization\",\"name\":\"Pressenza\",\"url\":\"https:\/\/www.pressenza.com\/de\/\",\"logo\":{\"@type\":\"ImageObject\",\"inLanguage\":\"de\",\"@id\":\"https:\/\/www.pressenza.com\/de\/#\/schema\/logo\/image\/\",\"url\":\"https:\/\/www.pressenza.com\/wp-content\/uploads\/2022\/10\/pressenza_logo_200x200.jpg\",\"contentUrl\":\"https:\/\/www.pressenza.com\/wp-content\/uploads\/2022\/10\/pressenza_logo_200x200.jpg\",\"width\":200,\"height\":200,\"caption\":\"Pressenza\"},\"image\":{\"@id\":\"https:\/\/www.pressenza.com\/de\/#\/schema\/logo\/image\/\"},\"sameAs\":[\"https:\/\/www.facebook.com\/PressenzaItalia\",\"https:\/\/x.com\/PressenzaIPA\"]},{\"@type\":\"Person\",\"@id\":\"https:\/\/www.pressenza.com\/de\/#\/schema\/person\/57bb5480943a496a7722b0248e4b658a\",\"name\":\"Pressenza Berlin\",\"description\":\"News from the Pressenza Bureau in Berlin, Germany\",\"sameAs\":[\"https:\/\/www.facebook.com\/Pressenza-Deutschland-sterreich-Schweiz-281675388658060\/timeline\/\",\"https:\/\/x.com\/pressenza_ger\"],\"url\":\"https:\/\/www.pressenza.com\/de\/author\/pressenza-berlin\/\"}]}<\/script>\n<!-- \/ Yoast SEO plugin. -->","yoast_head_json":{"title":"Feindbild zerbrochen: Ex-Soldat und Ex-K\u00e4mpfer aus Israel und Pal\u00e4stina","description":"Rotem Levin aus Tel Aviv und Osama Eliwat aus Jericho waren Feinde. Rotem war Soldat f\u00fcr Israel und Osama Widerstandsk\u00e4mpfer f\u00fcr Pal\u00e4stina. Aber sie haben","robots":{"index":"index","follow":"follow","max-snippet":"max-snippet:-1","max-image-preview":"max-image-preview:large","max-video-preview":"max-video-preview:-1"},"canonical":"https:\/\/www.pressenza.com\/de\/2024\/06\/feindbild-zerbrochen-ex-soldat-und-ex-kaempfer-aus-israel-und-palaestina\/","og_locale":"de_DE","og_type":"article","og_title":"Feindbild zerbrochen: Ex-Soldat und Ex-K\u00e4mpfer aus Israel und Pal\u00e4stina","og_description":"Rotem Levin aus Tel Aviv und Osama Eliwat aus Jericho waren Feinde. Rotem war Soldat f\u00fcr Israel und Osama Widerstandsk\u00e4mpfer f\u00fcr Pal\u00e4stina. Aber sie haben","og_url":"https:\/\/www.pressenza.com\/de\/2024\/06\/feindbild-zerbrochen-ex-soldat-und-ex-kaempfer-aus-israel-und-palaestina\/","og_site_name":"Pressenza","article_publisher":"https:\/\/www.facebook.com\/PressenzaItalia","article_author":"https:\/\/www.facebook.com\/Pressenza-Deutschland-sterreich-Schweiz-281675388658060\/timeline\/","article_published_time":"2024-06-25T13:31:44+00:00","article_modified_time":"2024-06-25T13:33:44+00:00","og_image":[{"width":820,"height":615,"url":"https:\/\/www.pressenza.com\/wp-content\/uploads\/2024\/06\/CombatantsForPeace.jpg","type":"image\/jpeg"}],"author":"Pressenza Berlin","twitter_card":"summary_large_image","twitter_creator":"@pressenza_ger","twitter_site":"@PressenzaIPA","twitter_misc":{"Verfasst von":"Pressenza Berlin","Gesch\u00e4tzte Lesezeit":"2\u00a0Minuten"},"schema":{"@context":"https:\/\/schema.org","@graph":[{"@type":"Article","@id":"https:\/\/www.pressenza.com\/de\/2024\/06\/feindbild-zerbrochen-ex-soldat-und-ex-kaempfer-aus-israel-und-palaestina\/#article","isPartOf":{"@id":"https:\/\/www.pressenza.com\/de\/2024\/06\/feindbild-zerbrochen-ex-soldat-und-ex-kaempfer-aus-israel-und-palaestina\/"},"author":{"name":"Pressenza Berlin","@id":"https:\/\/www.pressenza.com\/de\/#\/schema\/person\/57bb5480943a496a7722b0248e4b658a"},"headline":"Feindbild zerbrochen: Ex-Soldat und Ex-K\u00e4mpfer aus Israel und Pal\u00e4stina","datePublished":"2024-06-25T13:31:44+00:00","dateModified":"2024-06-25T13:33:44+00:00","mainEntityOfPage":{"@id":"https:\/\/www.pressenza.com\/de\/2024\/06\/feindbild-zerbrochen-ex-soldat-und-ex-kaempfer-aus-israel-und-palaestina\/"},"wordCount":212,"publisher":{"@id":"https:\/\/www.pressenza.com\/de\/#organization"},"image":{"@id":"https:\/\/www.pressenza.com\/de\/2024\/06\/feindbild-zerbrochen-ex-soldat-und-ex-kaempfer-aus-israel-und-palaestina\/#primaryimage"},"thumbnailUrl":"https:\/\/www.pressenza.com\/wp-content\/uploads\/2024\/06\/CombatantsForPeace.jpg","keywords":["Combatants for Peace","Israel","Nahostkonflikt","Pal\u00e4stina","Vers\u00f6hnung","Verst\u00e4ndigung"],"articleSection":["Frieden und Abr\u00fcstung","Gewaltfreiheit","Mittlerer Osten","Pressemitteilungen"],"inLanguage":"de"},{"@type":"WebPage","@id":"https:\/\/www.pressenza.com\/de\/2024\/06\/feindbild-zerbrochen-ex-soldat-und-ex-kaempfer-aus-israel-und-palaestina\/","url":"https:\/\/www.pressenza.com\/de\/2024\/06\/feindbild-zerbrochen-ex-soldat-und-ex-kaempfer-aus-israel-und-palaestina\/","name":"Feindbild zerbrochen: Ex-Soldat und Ex-K\u00e4mpfer aus Israel und Pal\u00e4stina","isPartOf":{"@id":"https:\/\/www.pressenza.com\/de\/#website"},"primaryImageOfPage":{"@id":"https:\/\/www.pressenza.com\/de\/2024\/06\/feindbild-zerbrochen-ex-soldat-und-ex-kaempfer-aus-israel-und-palaestina\/#primaryimage"},"image":{"@id":"https:\/\/www.pressenza.com\/de\/2024\/06\/feindbild-zerbrochen-ex-soldat-und-ex-kaempfer-aus-israel-und-palaestina\/#primaryimage"},"thumbnailUrl":"https:\/\/www.pressenza.com\/wp-content\/uploads\/2024\/06\/CombatantsForPeace.jpg","datePublished":"2024-06-25T13:31:44+00:00","dateModified":"2024-06-25T13:33:44+00:00","description":"Rotem Levin aus Tel Aviv und Osama Eliwat aus Jericho waren Feinde. Rotem war Soldat f\u00fcr Israel und Osama Widerstandsk\u00e4mpfer f\u00fcr Pal\u00e4stina. Aber sie haben","breadcrumb":{"@id":"https:\/\/www.pressenza.com\/de\/2024\/06\/feindbild-zerbrochen-ex-soldat-und-ex-kaempfer-aus-israel-und-palaestina\/#breadcrumb"},"inLanguage":"de","potentialAction":[{"@type":"ReadAction","target":["https:\/\/www.pressenza.com\/de\/2024\/06\/feindbild-zerbrochen-ex-soldat-und-ex-kaempfer-aus-israel-und-palaestina\/"]}]},{"@type":"ImageObject","inLanguage":"de","@id":"https:\/\/www.pressenza.com\/de\/2024\/06\/feindbild-zerbrochen-ex-soldat-und-ex-kaempfer-aus-israel-und-palaestina\/#primaryimage","url":"https:\/\/www.pressenza.com\/wp-content\/uploads\/2024\/06\/CombatantsForPeace.jpg","contentUrl":"https:\/\/www.pressenza.com\/wp-content\/uploads\/2024\/06\/CombatantsForPeace.jpg","width":820,"height":615},{"@type":"BreadcrumbList","@id":"https:\/\/www.pressenza.com\/de\/2024\/06\/feindbild-zerbrochen-ex-soldat-und-ex-kaempfer-aus-israel-und-palaestina\/#breadcrumb","itemListElement":[{"@type":"ListItem","position":1,"name":"Accueil","item":"https:\/\/www.pressenza.com\/de\/"},{"@type":"ListItem","position":2,"name":"Feindbild zerbrochen: Ex-Soldat und Ex-K\u00e4mpfer aus Israel und Pal\u00e4stina"}]},{"@type":"WebSite","@id":"https:\/\/www.pressenza.com\/de\/#website","url":"https:\/\/www.pressenza.com\/de\/","name":"Pressenza","description":"International Press Agency","publisher":{"@id":"https:\/\/www.pressenza.com\/de\/#organization"},"potentialAction":[{"@type":"SearchAction","target":{"@type":"EntryPoint","urlTemplate":"https:\/\/www.pressenza.com\/de\/?s={search_term_string}"},"query-input":{"@type":"PropertyValueSpecification","valueRequired":true,"valueName":"search_term_string"}}],"inLanguage":"de"},{"@type":"Organization","@id":"https:\/\/www.pressenza.com\/de\/#organization","name":"Pressenza","url":"https:\/\/www.pressenza.com\/de\/","logo":{"@type":"ImageObject","inLanguage":"de","@id":"https:\/\/www.pressenza.com\/de\/#\/schema\/logo\/image\/","url":"https:\/\/www.pressenza.com\/wp-content\/uploads\/2022\/10\/pressenza_logo_200x200.jpg","contentUrl":"https:\/\/www.pressenza.com\/wp-content\/uploads\/2022\/10\/pressenza_logo_200x200.jpg","width":200,"height":200,"caption":"Pressenza"},"image":{"@id":"https:\/\/www.pressenza.com\/de\/#\/schema\/logo\/image\/"},"sameAs":["https:\/\/www.facebook.com\/PressenzaItalia","https:\/\/x.com\/PressenzaIPA"]},{"@type":"Person","@id":"https:\/\/www.pressenza.com\/de\/#\/schema\/person\/57bb5480943a496a7722b0248e4b658a","name":"Pressenza Berlin","description":"News from the Pressenza Bureau in Berlin, Germany","sameAs":["https:\/\/www.facebook.com\/Pressenza-Deutschland-sterreich-Schweiz-281675388658060\/timeline\/","https:\/\/x.com\/pressenza_ger"],"url":"https:\/\/www.pressenza.com\/de\/author\/pressenza-berlin\/"}]}},"place":"","original_article_url":"","_links":{"self":[{"href":"https:\/\/www.pressenza.com\/de\/wp-json\/wp\/v2\/posts\/2532575","targetHints":{"allow":["GET"]}}],"collection":[{"href":"https:\/\/www.pressenza.com\/de\/wp-json\/wp\/v2\/posts"}],"about":[{"href":"https:\/\/www.pressenza.com\/de\/wp-json\/wp\/v2\/types\/post"}],"author":[{"embeddable":true,"href":"https:\/\/www.pressenza.com\/de\/wp-json\/wp\/v2\/users\/1095"}],"replies":[{"embeddable":true,"href":"https:\/\/www.pressenza.com\/de\/wp-json\/wp\/v2\/comments?post=2532575"}],"version-history":[{"count":0,"href":"https:\/\/www.pressenza.com\/de\/wp-json\/wp\/v2\/posts\/2532575\/revisions"}],"wp:featuredmedia":[{"embeddable":true,"href":"https:\/\/www.pressenza.com\/de\/wp-json\/wp\/v2\/media\/2532580"}],"wp:attachment":[{"href":"https:\/\/www.pressenza.com\/de\/wp-json\/wp\/v2\/media?parent=2532575"}],"wp:term":[{"taxonomy":"category","embeddable":true,"href":"https:\/\/www.pressenza.com\/de\/wp-json\/wp\/v2\/categories?post=2532575"},{"taxonomy":"post_tag","embeddable":true,"href":"https:\/\/www.pressenza.com\/de\/wp-json\/wp\/v2\/tags?post=2532575"}],"curies":[{"name":"wp","href":"https:\/\/api.w.org\/{rel}","templated":true}]}}