{"id":245627,"date":"2015-11-14T13:53:23","date_gmt":"2015-11-14T13:53:23","guid":{"rendered":"http:\/\/www.pressenza.com\/de\/?p=245627"},"modified":"2015-11-14T14:17:06","modified_gmt":"2015-11-14T14:17:06","slug":"sagen-wir-es-erneut-schluss-mit-der-gewalt","status":"publish","type":"post","link":"https:\/\/www.pressenza.com\/de\/2015\/11\/sagen-wir-es-erneut-schluss-mit-der-gewalt\/","title":{"rendered":"Sagen wir es erneut: \u201eSchluss mit der Gewalt!\u201c"},"content":{"rendered":"<p><strong>Angesichts der Ereignisse von Paris ist es einmal mehr notwendig, die Dinge auszusprechen, die alle Humanisten und alle in dieser Welt, die sich zur Gewaltfreiheit bekennen, schon seit Langem sagen.<\/strong><\/p>\n<p>Die Toten sind tot, das ist eine unumkehrbare Tatsache der Menschheit. Es sind nun nicht mehr die wichtig, die gestern in Paris gestorben sind, die vorgestern in Beirut gestorben sind, noch die, die durch Hunger, Krankheit oder Vernachl\u00e4ssigung gestorben sind, was auch morgen Tausenden von Kindern auf dieser Welt bevorsteht und was wir uns ruhigen Gewissens sparen k\u00f6nnten. Die Menschheit wird von Leid und Tod gequ\u00e4lt aufgrund der simplen Gier einer kleinen Minderheit (dem famosen 1 Prozent), der es nur um den eigenen egoistischen Profit geht.<\/p>\n<p>Jeder der glaubt, diese Dinge mit Hilfe von Gewalt l\u00f6sen zu k\u00f6nnen, ist entweder verr\u00fcckt oder handelt in b\u00f6ser Absicht. Die Gewalt, in all ihren Formen, hat noch nie ein Problem von niemandem gel\u00f6st. Im Gegenteil, jede Form von Gewalt, sei sie physischer, \u00f6konomischer, rassistischer, psychologischer oder diskriminierender Natur, verkompliziert die Probleme nur noch weiter und l\u00e4sst alle L\u00f6sungen in Weite ferne r\u00fccken.<\/p>\n<p>Es hat keinen Zweck, das Spiel des \u201ecui prodest\u201c, \u201ewem n\u00fctzt es\u201c zu spielen: das hilft niemandem und bringt die Toten nicht zur\u00fcck. Wer auf dieses Spiel setzt und weiter nur nach den Schuldigen sucht, um sich an ihnen zu r\u00e4chen, sch\u00fcttet Wasser auf die M\u00fchlen von Interessen, die weit entfernt davon sind, ernsthaft und ehrlich zu versuchen, die Probleme zu l\u00f6sen.<\/p>\n<p>Aber trotz allem wachsen in dieser Welt kontinuierlich die Kr\u00e4fte derer, die aus tiefstem Herzen Frieden und Gewaltfreiheit wollen. Kr\u00e4fte, die aus Menschen bestehen, die gut, liebevoll, klaren Geistes, achtsam und menschlich sind. Es ist ein schweigsames Volk, es ist anders, es macht keine \u201eSchlagzeilen\u201c. Es ist das Volk derer, die schon jetzt, in diesem Moment, sich die \u00c4rmel hochkrempeln, die keine Entmutigung akzeptieren, die auf Gewalt mit Vers\u00f6hnung antworten, auf Entzweiung mit solidarischer Hilfe, auf Diskriminierung mit offenen Armen; ihnen sei der Baum der H\u00e4nde gewidmet, die erschaffen und nicht zerst\u00f6ren, die auch diesen Artikel illustrieren, wie auch den k\u00fcrzlichen Beitrag von Ivan Novotny auf Pressenza, der dem gemeinsamen Werk, der gemeinsamen Arbeit gewidmet ist.<\/p>\n<p>Es ist bereits seit l\u00e4ngerem an der Zeit, \u201eSchluss mit der Gewalt\u201c zu sagen und die Wege zu verfolgen, die die Menschheit zur Weiterentwicklung und zur Befreiung vom primitiven Zustand der Gewalt f\u00fchren.<\/p>\n<p><em>\u00dcbersetzung aus dem Italienischen von Evelyn Rottengatter<\/em><\/p>\n","protected":false},"excerpt":{"rendered":"<p>Angesichts der Ereignisse von Paris ist es einmal mehr notwendig, die Dinge auszusprechen, die alle Humanisten und alle in dieser Welt, die sich zur Gewaltfreiheit bekennen, schon seit Langem sagen. Die Toten sind tot, das ist eine unumkehrbare Tatsache der&hellip;<\/p>\n","protected":false},"author":10,"featured_media":239961,"comment_status":"closed","ping_status":"open","sticky":false,"template":"","format":"standard","meta":{"footnotes":""},"categories":[9150,9166,9162,11387],"tags":[21732,22229,1082,21719,11670],"class_list":["post-245627","post","type-post","status-publish","format-standard","has-post-thumbnail","hentry","category-europa-de","category-gewaltfreiheit","category-humanismus-und-spiritualitaet","category-originalinhalt","tag-beirut","tag-gewaltfreiheit","tag-paris","tag-pariser-anschlaege","tag-universeller-humanismus"],"yoast_head":"<!-- This site is optimized with the Yoast SEO plugin v27.1.1 - https:\/\/yoast.com\/product\/yoast-seo-wordpress\/ -->\n<title>Sagen wir es erneut: \u201eSchluss mit der Gewalt!\u201c<\/title>\n<meta name=\"description\" content=\"Angesichts der Ereignisse von Paris ist es einmal mehr notwendig, die Dinge auszusprechen, die alle Humanisten und alle in dieser Welt, die sich zur\" \/>\n<meta name=\"robots\" content=\"index, follow, max-snippet:-1, max-image-preview:large, max-video-preview:-1\" \/>\n<link rel=\"canonical\" href=\"https:\/\/www.pressenza.com\/de\/2015\/11\/sagen-wir-es-erneut-schluss-mit-der-gewalt\/\" \/>\n<meta property=\"og:locale\" content=\"de_DE\" \/>\n<meta property=\"og:type\" content=\"article\" \/>\n<meta property=\"og:title\" content=\"Sagen wir es erneut: \u201eSchluss mit der Gewalt!\u201c\" \/>\n<meta property=\"og:description\" content=\"Angesichts der Ereignisse von Paris ist es einmal mehr notwendig, die Dinge auszusprechen, die alle Humanisten und alle in dieser Welt, die sich zur\" \/>\n<meta property=\"og:url\" content=\"https:\/\/www.pressenza.com\/de\/2015\/11\/sagen-wir-es-erneut-schluss-mit-der-gewalt\/\" \/>\n<meta property=\"og:site_name\" content=\"Pressenza\" \/>\n<meta property=\"article:publisher\" content=\"https:\/\/www.facebook.com\/PressenzaItalia\" \/>\n<meta property=\"article:published_time\" content=\"2015-11-14T13:53:23+00:00\" \/>\n<meta property=\"article:modified_time\" content=\"2015-11-14T14:17:06+00:00\" \/>\n<meta property=\"og:image\" content=\"https:\/\/www.pressenza.com\/wp-content\/uploads\/2015\/10\/obracomun.jpg\" \/>\n\t<meta property=\"og:image:width\" content=\"643\" \/>\n\t<meta property=\"og:image:height\" content=\"800\" \/>\n\t<meta property=\"og:image:type\" content=\"image\/jpeg\" \/>\n<meta name=\"author\" content=\"Olivier Turquet\" \/>\n<meta name=\"twitter:card\" content=\"summary_large_image\" \/>\n<meta name=\"twitter:creator\" content=\"@PressenzaIPA\" \/>\n<meta name=\"twitter:site\" content=\"@PressenzaIPA\" \/>\n<meta name=\"twitter:label1\" content=\"Verfasst von\" \/>\n\t<meta name=\"twitter:data1\" content=\"Olivier Turquet\" \/>\n\t<meta name=\"twitter:label2\" content=\"Gesch\u00e4tzte Lesezeit\" \/>\n\t<meta name=\"twitter:data2\" content=\"2\u00a0Minuten\" \/>\n<script type=\"application\/ld+json\" class=\"yoast-schema-graph\">{\"@context\":\"https:\/\/schema.org\",\"@graph\":[{\"@type\":\"Article\",\"@id\":\"https:\/\/www.pressenza.com\/de\/2015\/11\/sagen-wir-es-erneut-schluss-mit-der-gewalt\/#article\",\"isPartOf\":{\"@id\":\"https:\/\/www.pressenza.com\/de\/2015\/11\/sagen-wir-es-erneut-schluss-mit-der-gewalt\/\"},\"author\":{\"name\":\"Olivier Turquet\",\"@id\":\"https:\/\/www.pressenza.com\/de\/#\/schema\/person\/636f8feb51f63f34e7378d5fcdd1de53\"},\"headline\":\"Sagen wir es erneut: \u201eSchluss mit der Gewalt!\u201c\",\"datePublished\":\"2015-11-14T13:53:23+00:00\",\"dateModified\":\"2015-11-14T14:17:06+00:00\",\"mainEntityOfPage\":{\"@id\":\"https:\/\/www.pressenza.com\/de\/2015\/11\/sagen-wir-es-erneut-schluss-mit-der-gewalt\/\"},\"wordCount\":429,\"publisher\":{\"@id\":\"https:\/\/www.pressenza.com\/de\/#organization\"},\"image\":{\"@id\":\"https:\/\/www.pressenza.com\/de\/2015\/11\/sagen-wir-es-erneut-schluss-mit-der-gewalt\/#primaryimage\"},\"thumbnailUrl\":\"https:\/\/www.pressenza.com\/wp-content\/uploads\/2015\/10\/obracomun.jpg\",\"keywords\":[\"Beirut\",\"Gewaltfreiheit\",\"Paris\",\"Pariser Anschl\u00e4ge\",\"Universeller Humanismus\"],\"articleSection\":[\"Europa\",\"Gewaltfreiheit\",\"Humanismus und Spiritualit\u00e4t\",\"Originalinhalt\"],\"inLanguage\":\"de\"},{\"@type\":\"WebPage\",\"@id\":\"https:\/\/www.pressenza.com\/de\/2015\/11\/sagen-wir-es-erneut-schluss-mit-der-gewalt\/\",\"url\":\"https:\/\/www.pressenza.com\/de\/2015\/11\/sagen-wir-es-erneut-schluss-mit-der-gewalt\/\",\"name\":\"Sagen wir es erneut: \u201eSchluss mit der Gewalt!\u201c\",\"isPartOf\":{\"@id\":\"https:\/\/www.pressenza.com\/de\/#website\"},\"primaryImageOfPage\":{\"@id\":\"https:\/\/www.pressenza.com\/de\/2015\/11\/sagen-wir-es-erneut-schluss-mit-der-gewalt\/#primaryimage\"},\"image\":{\"@id\":\"https:\/\/www.pressenza.com\/de\/2015\/11\/sagen-wir-es-erneut-schluss-mit-der-gewalt\/#primaryimage\"},\"thumbnailUrl\":\"https:\/\/www.pressenza.com\/wp-content\/uploads\/2015\/10\/obracomun.jpg\",\"datePublished\":\"2015-11-14T13:53:23+00:00\",\"dateModified\":\"2015-11-14T14:17:06+00:00\",\"description\":\"Angesichts der Ereignisse von Paris ist es einmal mehr notwendig, die Dinge auszusprechen, die alle Humanisten und alle in dieser Welt, die sich zur\",\"breadcrumb\":{\"@id\":\"https:\/\/www.pressenza.com\/de\/2015\/11\/sagen-wir-es-erneut-schluss-mit-der-gewalt\/#breadcrumb\"},\"inLanguage\":\"de\",\"potentialAction\":[{\"@type\":\"ReadAction\",\"target\":[\"https:\/\/www.pressenza.com\/de\/2015\/11\/sagen-wir-es-erneut-schluss-mit-der-gewalt\/\"]}]},{\"@type\":\"ImageObject\",\"inLanguage\":\"de\",\"@id\":\"https:\/\/www.pressenza.com\/de\/2015\/11\/sagen-wir-es-erneut-schluss-mit-der-gewalt\/#primaryimage\",\"url\":\"https:\/\/www.pressenza.com\/wp-content\/uploads\/2015\/10\/obracomun.jpg\",\"contentUrl\":\"https:\/\/www.pressenza.com\/wp-content\/uploads\/2015\/10\/obracomun.jpg\",\"width\":643,\"height\":800},{\"@type\":\"BreadcrumbList\",\"@id\":\"https:\/\/www.pressenza.com\/de\/2015\/11\/sagen-wir-es-erneut-schluss-mit-der-gewalt\/#breadcrumb\",\"itemListElement\":[{\"@type\":\"ListItem\",\"position\":1,\"name\":\"Accueil\",\"item\":\"https:\/\/www.pressenza.com\/de\/\"},{\"@type\":\"ListItem\",\"position\":2,\"name\":\"Sagen wir es erneut: \u201eSchluss mit der Gewalt!\u201c\"}]},{\"@type\":\"WebSite\",\"@id\":\"https:\/\/www.pressenza.com\/de\/#website\",\"url\":\"https:\/\/www.pressenza.com\/de\/\",\"name\":\"Pressenza\",\"description\":\"International Press Agency\",\"publisher\":{\"@id\":\"https:\/\/www.pressenza.com\/de\/#organization\"},\"potentialAction\":[{\"@type\":\"SearchAction\",\"target\":{\"@type\":\"EntryPoint\",\"urlTemplate\":\"https:\/\/www.pressenza.com\/de\/?s={search_term_string}\"},\"query-input\":{\"@type\":\"PropertyValueSpecification\",\"valueRequired\":true,\"valueName\":\"search_term_string\"}}],\"inLanguage\":\"de\"},{\"@type\":\"Organization\",\"@id\":\"https:\/\/www.pressenza.com\/de\/#organization\",\"name\":\"Pressenza\",\"url\":\"https:\/\/www.pressenza.com\/de\/\",\"logo\":{\"@type\":\"ImageObject\",\"inLanguage\":\"de\",\"@id\":\"https:\/\/www.pressenza.com\/de\/#\/schema\/logo\/image\/\",\"url\":\"https:\/\/www.pressenza.com\/wp-content\/uploads\/2022\/10\/pressenza_logo_200x200.jpg\",\"contentUrl\":\"https:\/\/www.pressenza.com\/wp-content\/uploads\/2022\/10\/pressenza_logo_200x200.jpg\",\"width\":200,\"height\":200,\"caption\":\"Pressenza\"},\"image\":{\"@id\":\"https:\/\/www.pressenza.com\/de\/#\/schema\/logo\/image\/\"},\"sameAs\":[\"https:\/\/www.facebook.com\/PressenzaItalia\",\"https:\/\/x.com\/PressenzaIPA\"]},{\"@type\":\"Person\",\"@id\":\"https:\/\/www.pressenza.com\/de\/#\/schema\/person\/636f8feb51f63f34e7378d5fcdd1de53\",\"name\":\"Olivier Turquet\",\"description\":\"Takes care of writing to tell the reality for about 40 years. He has worked with paper publications, radio and electronic He founded the electronic news agency humanist Good News. He was press secretary to various events such as: the International Humanist, Florence Play, the World March for Peace and Nonviolence. Currently coordinates the Italian team of Pressenza. olivierturquet.wordpress.com\",\"sameAs\":[\"http:\/\/olivierturquet.wordpress.com\"],\"url\":\"https:\/\/www.pressenza.com\/de\/author\/olivier-turquet\/\"}]}<\/script>\n<!-- \/ Yoast SEO plugin. -->","yoast_head_json":{"title":"Sagen wir es erneut: \u201eSchluss mit der Gewalt!\u201c","description":"Angesichts der Ereignisse von Paris ist es einmal mehr notwendig, die Dinge auszusprechen, die alle Humanisten und alle in dieser Welt, die sich zur","robots":{"index":"index","follow":"follow","max-snippet":"max-snippet:-1","max-image-preview":"max-image-preview:large","max-video-preview":"max-video-preview:-1"},"canonical":"https:\/\/www.pressenza.com\/de\/2015\/11\/sagen-wir-es-erneut-schluss-mit-der-gewalt\/","og_locale":"de_DE","og_type":"article","og_title":"Sagen wir es erneut: \u201eSchluss mit der Gewalt!\u201c","og_description":"Angesichts der Ereignisse von Paris ist es einmal mehr notwendig, die Dinge auszusprechen, die alle Humanisten und alle in dieser Welt, die sich zur","og_url":"https:\/\/www.pressenza.com\/de\/2015\/11\/sagen-wir-es-erneut-schluss-mit-der-gewalt\/","og_site_name":"Pressenza","article_publisher":"https:\/\/www.facebook.com\/PressenzaItalia","article_published_time":"2015-11-14T13:53:23+00:00","article_modified_time":"2015-11-14T14:17:06+00:00","og_image":[{"width":643,"height":800,"url":"https:\/\/www.pressenza.com\/wp-content\/uploads\/2015\/10\/obracomun.jpg","type":"image\/jpeg"}],"author":"Olivier Turquet","twitter_card":"summary_large_image","twitter_creator":"@PressenzaIPA","twitter_site":"@PressenzaIPA","twitter_misc":{"Verfasst von":"Olivier Turquet","Gesch\u00e4tzte Lesezeit":"2\u00a0Minuten"},"schema":{"@context":"https:\/\/schema.org","@graph":[{"@type":"Article","@id":"https:\/\/www.pressenza.com\/de\/2015\/11\/sagen-wir-es-erneut-schluss-mit-der-gewalt\/#article","isPartOf":{"@id":"https:\/\/www.pressenza.com\/de\/2015\/11\/sagen-wir-es-erneut-schluss-mit-der-gewalt\/"},"author":{"name":"Olivier Turquet","@id":"https:\/\/www.pressenza.com\/de\/#\/schema\/person\/636f8feb51f63f34e7378d5fcdd1de53"},"headline":"Sagen wir es erneut: \u201eSchluss mit der Gewalt!\u201c","datePublished":"2015-11-14T13:53:23+00:00","dateModified":"2015-11-14T14:17:06+00:00","mainEntityOfPage":{"@id":"https:\/\/www.pressenza.com\/de\/2015\/11\/sagen-wir-es-erneut-schluss-mit-der-gewalt\/"},"wordCount":429,"publisher":{"@id":"https:\/\/www.pressenza.com\/de\/#organization"},"image":{"@id":"https:\/\/www.pressenza.com\/de\/2015\/11\/sagen-wir-es-erneut-schluss-mit-der-gewalt\/#primaryimage"},"thumbnailUrl":"https:\/\/www.pressenza.com\/wp-content\/uploads\/2015\/10\/obracomun.jpg","keywords":["Beirut","Gewaltfreiheit","Paris","Pariser Anschl\u00e4ge","Universeller Humanismus"],"articleSection":["Europa","Gewaltfreiheit","Humanismus und Spiritualit\u00e4t","Originalinhalt"],"inLanguage":"de"},{"@type":"WebPage","@id":"https:\/\/www.pressenza.com\/de\/2015\/11\/sagen-wir-es-erneut-schluss-mit-der-gewalt\/","url":"https:\/\/www.pressenza.com\/de\/2015\/11\/sagen-wir-es-erneut-schluss-mit-der-gewalt\/","name":"Sagen wir es erneut: \u201eSchluss mit der Gewalt!\u201c","isPartOf":{"@id":"https:\/\/www.pressenza.com\/de\/#website"},"primaryImageOfPage":{"@id":"https:\/\/www.pressenza.com\/de\/2015\/11\/sagen-wir-es-erneut-schluss-mit-der-gewalt\/#primaryimage"},"image":{"@id":"https:\/\/www.pressenza.com\/de\/2015\/11\/sagen-wir-es-erneut-schluss-mit-der-gewalt\/#primaryimage"},"thumbnailUrl":"https:\/\/www.pressenza.com\/wp-content\/uploads\/2015\/10\/obracomun.jpg","datePublished":"2015-11-14T13:53:23+00:00","dateModified":"2015-11-14T14:17:06+00:00","description":"Angesichts der Ereignisse von Paris ist es einmal mehr notwendig, die Dinge auszusprechen, die alle Humanisten und alle in dieser Welt, die sich zur","breadcrumb":{"@id":"https:\/\/www.pressenza.com\/de\/2015\/11\/sagen-wir-es-erneut-schluss-mit-der-gewalt\/#breadcrumb"},"inLanguage":"de","potentialAction":[{"@type":"ReadAction","target":["https:\/\/www.pressenza.com\/de\/2015\/11\/sagen-wir-es-erneut-schluss-mit-der-gewalt\/"]}]},{"@type":"ImageObject","inLanguage":"de","@id":"https:\/\/www.pressenza.com\/de\/2015\/11\/sagen-wir-es-erneut-schluss-mit-der-gewalt\/#primaryimage","url":"https:\/\/www.pressenza.com\/wp-content\/uploads\/2015\/10\/obracomun.jpg","contentUrl":"https:\/\/www.pressenza.com\/wp-content\/uploads\/2015\/10\/obracomun.jpg","width":643,"height":800},{"@type":"BreadcrumbList","@id":"https:\/\/www.pressenza.com\/de\/2015\/11\/sagen-wir-es-erneut-schluss-mit-der-gewalt\/#breadcrumb","itemListElement":[{"@type":"ListItem","position":1,"name":"Accueil","item":"https:\/\/www.pressenza.com\/de\/"},{"@type":"ListItem","position":2,"name":"Sagen wir es erneut: \u201eSchluss mit der Gewalt!\u201c"}]},{"@type":"WebSite","@id":"https:\/\/www.pressenza.com\/de\/#website","url":"https:\/\/www.pressenza.com\/de\/","name":"Pressenza","description":"International Press Agency","publisher":{"@id":"https:\/\/www.pressenza.com\/de\/#organization"},"potentialAction":[{"@type":"SearchAction","target":{"@type":"EntryPoint","urlTemplate":"https:\/\/www.pressenza.com\/de\/?s={search_term_string}"},"query-input":{"@type":"PropertyValueSpecification","valueRequired":true,"valueName":"search_term_string"}}],"inLanguage":"de"},{"@type":"Organization","@id":"https:\/\/www.pressenza.com\/de\/#organization","name":"Pressenza","url":"https:\/\/www.pressenza.com\/de\/","logo":{"@type":"ImageObject","inLanguage":"de","@id":"https:\/\/www.pressenza.com\/de\/#\/schema\/logo\/image\/","url":"https:\/\/www.pressenza.com\/wp-content\/uploads\/2022\/10\/pressenza_logo_200x200.jpg","contentUrl":"https:\/\/www.pressenza.com\/wp-content\/uploads\/2022\/10\/pressenza_logo_200x200.jpg","width":200,"height":200,"caption":"Pressenza"},"image":{"@id":"https:\/\/www.pressenza.com\/de\/#\/schema\/logo\/image\/"},"sameAs":["https:\/\/www.facebook.com\/PressenzaItalia","https:\/\/x.com\/PressenzaIPA"]},{"@type":"Person","@id":"https:\/\/www.pressenza.com\/de\/#\/schema\/person\/636f8feb51f63f34e7378d5fcdd1de53","name":"Olivier Turquet","description":"Takes care of writing to tell the reality for about 40 years. He has worked with paper publications, radio and electronic He founded the electronic news agency humanist Good News. He was press secretary to various events such as: the International Humanist, Florence Play, the World March for Peace and Nonviolence. Currently coordinates the Italian team of Pressenza. olivierturquet.wordpress.com","sameAs":["http:\/\/olivierturquet.wordpress.com"],"url":"https:\/\/www.pressenza.com\/de\/author\/olivier-turquet\/"}]}},"place":"Attigliano, Italien","original_article_url":"","_links":{"self":[{"href":"https:\/\/www.pressenza.com\/de\/wp-json\/wp\/v2\/posts\/245627","targetHints":{"allow":["GET"]}}],"collection":[{"href":"https:\/\/www.pressenza.com\/de\/wp-json\/wp\/v2\/posts"}],"about":[{"href":"https:\/\/www.pressenza.com\/de\/wp-json\/wp\/v2\/types\/post"}],"author":[{"embeddable":true,"href":"https:\/\/www.pressenza.com\/de\/wp-json\/wp\/v2\/users\/10"}],"replies":[{"embeddable":true,"href":"https:\/\/www.pressenza.com\/de\/wp-json\/wp\/v2\/comments?post=245627"}],"version-history":[{"count":0,"href":"https:\/\/www.pressenza.com\/de\/wp-json\/wp\/v2\/posts\/245627\/revisions"}],"wp:featuredmedia":[{"embeddable":true,"href":"https:\/\/www.pressenza.com\/de\/wp-json\/wp\/v2\/media\/239961"}],"wp:attachment":[{"href":"https:\/\/www.pressenza.com\/de\/wp-json\/wp\/v2\/media?parent=245627"}],"wp:term":[{"taxonomy":"category","embeddable":true,"href":"https:\/\/www.pressenza.com\/de\/wp-json\/wp\/v2\/categories?post=245627"},{"taxonomy":"post_tag","embeddable":true,"href":"https:\/\/www.pressenza.com\/de\/wp-json\/wp\/v2\/tags?post=245627"}],"curies":[{"name":"wp","href":"https:\/\/api.w.org\/{rel}","templated":true}]}}