{"id":238966,"date":"2015-10-26T20:25:23","date_gmt":"2015-10-26T20:25:23","guid":{"rendered":"http:\/\/www.pressenza.com\/de\/?p=238966"},"modified":"2015-10-26T20:25:23","modified_gmt":"2015-10-26T20:25:23","slug":"demonstrationen-in-neapel-gegen-die-nato-grossuebung-trident-juncture","status":"publish","type":"post","link":"https:\/\/www.pressenza.com\/de\/2015\/10\/demonstrationen-in-neapel-gegen-die-nato-grossuebung-trident-juncture\/","title":{"rendered":"Demonstrationen in Neapel gegen die NATO Gro\u00df\u00fcbung Trident Juncture"},"content":{"rendered":"<p style=\"text-align: justify;\"><span class=\"hps\">Eine bunte Menge marschierte durch die Stra\u00dfen Neapels, um gegen die NATO Gro\u00df\u00fcbung\u00a0<\/span><span class=\"hps\">Trident <span class=\"hps\">Juncturezu protestieren.<\/span><\/span><\/p>\n<p><span class=\"hps\">Hier einige Fotos unseres Korrespondenten von\u00a0<\/span>\u00a0<span class=\"hps\">Pressenza<\/span>, Dar\u00edo <span class=\"hps\">Lo Scalzo<\/span>.<\/p>\n<div class=\"post-gallery\">\n\t\t\t<figure class=\"post-gallery-item\">\n\t\t\t\t<img decoding=\"async\" src=\"https:\/\/www.pressenza.com\/wp-content\/uploads\/2015\/10\/DSC_0009-780x433-c-default1-720x400.jpg\" loading=\"lazy\">\n\t\t\t\t<figcaption>\n\t\t\t\t\t\n\t\t\t\t<\/figcaption>\n\t\t\t<\/figure>\n\t\t\t<figure class=\"post-gallery-item\">\n\t\t\t\t<img decoding=\"async\" src=\"https:\/\/www.pressenza.com\/wp-content\/uploads\/2015\/10\/DSC_0013-780x433-c-default1-720x400.jpg\" loading=\"lazy\">\n\t\t\t\t<figcaption>\n\t\t\t\t\t\n\t\t\t\t<\/figcaption>\n\t\t\t<\/figure>\n\t\t\t<figure class=\"post-gallery-item\">\n\t\t\t\t<img decoding=\"async\" src=\"https:\/\/www.pressenza.com\/wp-content\/uploads\/2015\/10\/DSC_0020-780x433-c-default1-720x400.jpg\" loading=\"lazy\">\n\t\t\t\t<figcaption>\n\t\t\t\t\t\n\t\t\t\t<\/figcaption>\n\t\t\t<\/figure>\n\t\t\t<figure class=\"post-gallery-item\">\n\t\t\t\t<img decoding=\"async\" src=\"https:\/\/www.pressenza.com\/wp-content\/uploads\/2015\/10\/DSC_0023-780x433-c-default1-720x400.jpg\" loading=\"lazy\">\n\t\t\t\t<figcaption>\n\t\t\t\t\t\n\t\t\t\t<\/figcaption>\n\t\t\t<\/figure>\n\t\t\t<figure class=\"post-gallery-item\">\n\t\t\t\t<img decoding=\"async\" src=\"https:\/\/www.pressenza.com\/wp-content\/uploads\/2015\/10\/DSC_0036-780x433-c-default1-720x400.jpg\" loading=\"lazy\">\n\t\t\t\t<figcaption>\n\t\t\t\t\t\n\t\t\t\t<\/figcaption>\n\t\t\t<\/figure>\n\t\t\t<figure class=\"post-gallery-item\">\n\t\t\t\t<img decoding=\"async\" src=\"https:\/\/www.pressenza.com\/wp-content\/uploads\/2015\/10\/DSC_0042-780x433-c-default1-720x400.jpg\" loading=\"lazy\">\n\t\t\t\t<figcaption>\n\t\t\t\t\t\n\t\t\t\t<\/figcaption>\n\t\t\t<\/figure>\n\t\t\t<figure class=\"post-gallery-item\">\n\t\t\t\t<img decoding=\"async\" src=\"https:\/\/www.pressenza.com\/wp-content\/uploads\/2015\/10\/DSC_0049-780x433-c-default1-720x400.jpg\" loading=\"lazy\">\n\t\t\t\t<figcaption>\n\t\t\t\t\t\n\t\t\t\t<\/figcaption>\n\t\t\t<\/figure>\n\t\t\t<figure class=\"post-gallery-item\">\n\t\t\t\t<img decoding=\"async\" src=\"https:\/\/www.pressenza.com\/wp-content\/uploads\/2015\/10\/DSC_0054-780x433-c-default1-720x400.jpg\" loading=\"lazy\">\n\t\t\t\t<figcaption>\n\t\t\t\t\t\n\t\t\t\t<\/figcaption>\n\t\t\t<\/figure>\n\t\t\t<figure class=\"post-gallery-item\">\n\t\t\t\t<img decoding=\"async\" src=\"https:\/\/www.pressenza.com\/wp-content\/uploads\/2015\/10\/DSC_0062-780x433-c-default1-720x400.jpg\" loading=\"lazy\">\n\t\t\t\t<figcaption>\n\t\t\t\t\t\n\t\t\t\t<\/figcaption>\n\t\t\t<\/figure>\n\t\t\t<figure class=\"post-gallery-item\">\n\t\t\t\t<img decoding=\"async\" src=\"https:\/\/www.pressenza.com\/wp-content\/uploads\/2015\/10\/DSC_0073-780x433-c-default1-720x400.jpg\" loading=\"lazy\">\n\t\t\t\t<figcaption>\n\t\t\t\t\t\n\t\t\t\t<\/figcaption>\n\t\t\t<\/figure>\n\t\t\t<figure class=\"post-gallery-item\">\n\t\t\t\t<img decoding=\"async\" src=\"https:\/\/www.pressenza.com\/wp-content\/uploads\/2015\/10\/DSC_0077-780x433-c-default1-720x400.jpg\" loading=\"lazy\">\n\t\t\t\t<figcaption>\n\t\t\t\t\t\n\t\t\t\t<\/figcaption>\n\t\t\t<\/figure>\n\t\t\t<figure class=\"post-gallery-item\">\n\t\t\t\t<img decoding=\"async\" src=\"https:\/\/www.pressenza.com\/wp-content\/uploads\/2015\/10\/DSC_0120-780x433-c-default1-720x400.jpg\" loading=\"lazy\">\n\t\t\t\t<figcaption>\n\t\t\t\t\t\n\t\t\t\t<\/figcaption>\n\t\t\t<\/figure>\n\t\t\t<figure class=\"post-gallery-item\">\n\t\t\t\t<img decoding=\"async\" src=\"https:\/\/www.pressenza.com\/wp-content\/uploads\/2015\/10\/DSC_0123-780x433-c-default1-720x400.jpg\" loading=\"lazy\">\n\t\t\t\t<figcaption>\n\t\t\t\t\t\n\t\t\t\t<\/figcaption>\n\t\t\t<\/figure>\n\t\t\t<figure class=\"post-gallery-item\">\n\t\t\t\t<img decoding=\"async\" src=\"https:\/\/www.pressenza.com\/wp-content\/uploads\/2015\/10\/DSC_0147-780x433-c-default1-720x400.jpg\" loading=\"lazy\">\n\t\t\t\t<figcaption>\n\t\t\t\t\t\n\t\t\t\t<\/figcaption>\n\t\t\t<\/figure>\n\t\t\t<figure class=\"post-gallery-item\">\n\t\t\t\t<img decoding=\"async\" src=\"https:\/\/www.pressenza.com\/wp-content\/uploads\/2015\/10\/DSC_0151-780x433-c-default1-720x400.jpg\" loading=\"lazy\">\n\t\t\t\t<figcaption>\n\t\t\t\t\t\n\t\t\t\t<\/figcaption>\n\t\t\t<\/figure>\n\t\t\t<figure class=\"post-gallery-item\">\n\t\t\t\t<img decoding=\"async\" src=\"https:\/\/www.pressenza.com\/wp-content\/uploads\/2015\/10\/DSC_01162-780x433-c-default1-720x400.jpg\" loading=\"lazy\">\n\t\t\t\t<figcaption>\n\t\t\t\t\t\n\t\t\t\t<\/figcaption>\n\t\t\t<\/figure>\n\t\t\t<figure class=\"post-gallery-item\">\n\t\t\t\t<img decoding=\"async\" src=\"https:\/\/www.pressenza.com\/wp-content\/uploads\/2015\/10\/IMG_4292-780x433-c-default1-720x400.jpg\" loading=\"lazy\">\n\t\t\t\t<figcaption>\n\t\t\t\t\t\n\t\t\t\t<\/figcaption>\n\t\t\t<\/figure>\n\t\t\t<figure class=\"post-gallery-item\">\n\t\t\t\t<img decoding=\"async\" src=\"https:\/\/www.pressenza.com\/wp-content\/uploads\/2015\/10\/Napoli-no-NATO01-780x433-c-default1-720x400.jpg\" loading=\"lazy\">\n\t\t\t\t<figcaption>\n\t\t\t\t\t\n\t\t\t\t<\/figcaption>\n\t\t\t<\/figure>\n\t\t\t<figure class=\"post-gallery-item\">\n\t\t\t\t<img decoding=\"async\" src=\"https:\/\/www.pressenza.com\/wp-content\/uploads\/2015\/10\/Napoli-no-NATO02-780x433-c-default1-720x400.jpg\" loading=\"lazy\">\n\t\t\t\t<figcaption>\n\t\t\t\t\t\n\t\t\t\t<\/figcaption>\n\t\t\t<\/figure>\n\t\t\t<figure class=\"post-gallery-item\">\n\t\t\t\t<img decoding=\"async\" src=\"https:\/\/www.pressenza.com\/wp-content\/uploads\/2015\/10\/Napoli-no-NATO03-780x433-c-default1-720x400.jpg\" loading=\"lazy\">\n\t\t\t\t<figcaption>\n\t\t\t\t\t\n\t\t\t\t<\/figcaption>\n\t\t\t<\/figure>\n\t\t\t<figure class=\"post-gallery-item\">\n\t\t\t\t<img decoding=\"async\" src=\"https:\/\/www.pressenza.com\/wp-content\/uploads\/2015\/10\/Napoli-no-NATO04-780x433-c-default1-720x400.jpg\" loading=\"lazy\">\n\t\t\t\t<figcaption>\n\t\t\t\t\t\n\t\t\t\t<\/figcaption>\n\t\t\t<\/figure>\n\t\t\t<figure class=\"post-gallery-item\">\n\t\t\t\t<img decoding=\"async\" src=\"https:\/\/www.pressenza.com\/wp-content\/uploads\/2015\/10\/Napoli-no-NATO05-780x433-c-default1-720x400.jpg\" loading=\"lazy\">\n\t\t\t\t<figcaption>\n\t\t\t\t\t\n\t\t\t\t<\/figcaption>\n\t\t\t<\/figure>\n\t\t\t<figure class=\"post-gallery-item\">\n\t\t\t\t<img decoding=\"async\" src=\"https:\/\/www.pressenza.com\/wp-content\/uploads\/2015\/10\/Napoli-no-NATO06-780x433-c-default1-720x400.jpg\" loading=\"lazy\">\n\t\t\t\t<figcaption>\n\t\t\t\t\t\n\t\t\t\t<\/figcaption>\n\t\t\t<\/figure>\n\t\t\t<figure class=\"post-gallery-item\">\n\t\t\t\t<img decoding=\"async\" src=\"https:\/\/www.pressenza.com\/wp-content\/uploads\/2015\/10\/Napoli-no-NATO07-780x433-c-default1-720x400.jpg\" loading=\"lazy\">\n\t\t\t\t<figcaption>\n\t\t\t\t\t\n\t\t\t\t<\/figcaption>\n\t\t\t<\/figure>\n\t\t\t<figure class=\"post-gallery-item\">\n\t\t\t\t<img decoding=\"async\" src=\"https:\/\/www.pressenza.com\/wp-content\/uploads\/2015\/10\/Napoli-no-NATO08-780x433-c-default1-720x400.jpg\" loading=\"lazy\">\n\t\t\t\t<figcaption>\n\t\t\t\t\t\n\t\t\t\t<\/figcaption>\n\t\t\t<\/figure>\n\t\t\t<figure class=\"post-gallery-item\">\n\t\t\t\t<img decoding=\"async\" src=\"https:\/\/www.pressenza.com\/wp-content\/uploads\/2015\/10\/Napoli-no-NATO09-780x433-c-default1-720x400.jpg\" loading=\"lazy\">\n\t\t\t\t<figcaption>\n\t\t\t\t\t\n\t\t\t\t<\/figcaption>\n\t\t\t<\/figure><\/div>\n","protected":false},"excerpt":{"rendered":"<p>Eine bunte Menge marschierte durch die Stra\u00dfen Neapels, um gegen die NATO Gro\u00df\u00fcbung\u00a0Trident Juncturezu protestieren. Hier einige Fotos unseres Korrespondenten von\u00a0\u00a0Pressenza, Dar\u00edo Lo Scalzo.<\/p>\n","protected":false},"author":680,"featured_media":237621,"comment_status":"closed","ping_status":"open","sticky":false,"template":"","format":"standard","meta":{"footnotes":""},"categories":[9144,9167,11387],"tags":[],"class_list":["post-238966","post","type-post","status-publish","format-standard","has-post-thumbnail","hentry","category-fotoreportagen","category-frieden-und-abruestung","category-originalinhalt"],"yoast_head":"<!-- This site is optimized with the Yoast SEO plugin v27.1.1 - https:\/\/yoast.com\/product\/yoast-seo-wordpress\/ -->\n<title>Demonstrationen in Neapel gegen die NATO Gro\u00df\u00fcbung Trident Juncture<\/title>\n<meta name=\"description\" content=\"Eine bunte Menge marschierte durch die Stra\u00dfen Neapels, um gegen die NATO Gro\u00df\u00fcbung\u00a0Trident Juncturezu protestieren. Hier einige Fotos unseres\" \/>\n<meta name=\"robots\" content=\"index, follow, max-snippet:-1, max-image-preview:large, max-video-preview:-1\" \/>\n<link rel=\"canonical\" href=\"https:\/\/www.pressenza.com\/de\/2015\/10\/demonstrationen-in-neapel-gegen-die-nato-grossuebung-trident-juncture\/\" \/>\n<meta property=\"og:locale\" content=\"de_DE\" \/>\n<meta property=\"og:type\" content=\"article\" \/>\n<meta property=\"og:title\" content=\"Demonstrationen in Neapel gegen die NATO Gro\u00df\u00fcbung Trident Juncture\" \/>\n<meta property=\"og:description\" content=\"Eine bunte Menge marschierte durch die Stra\u00dfen Neapels, um gegen die NATO Gro\u00df\u00fcbung\u00a0Trident Juncturezu protestieren. Hier einige Fotos unseres\" \/>\n<meta property=\"og:url\" content=\"https:\/\/www.pressenza.com\/de\/2015\/10\/demonstrationen-in-neapel-gegen-die-nato-grossuebung-trident-juncture\/\" \/>\n<meta property=\"og:site_name\" content=\"Pressenza\" \/>\n<meta property=\"article:publisher\" content=\"https:\/\/www.facebook.com\/PressenzaItalia\" \/>\n<meta property=\"article:author\" content=\"https:\/\/www.facebook.com\/dariosolare\" \/>\n<meta property=\"article:published_time\" content=\"2015-10-26T20:25:23+00:00\" \/>\n<meta property=\"og:image\" content=\"https:\/\/www.pressenza.com\/wp-content\/uploads\/2015\/10\/Napoli-no-NATO-chiave2.jpg\" \/>\n\t<meta property=\"og:image:width\" content=\"1632\" \/>\n\t<meta property=\"og:image:height\" content=\"1224\" \/>\n\t<meta property=\"og:image:type\" content=\"image\/jpeg\" \/>\n<meta name=\"author\" content=\"Dario Lo Scalzo\" \/>\n<meta name=\"twitter:card\" content=\"summary_large_image\" \/>\n<meta name=\"twitter:creator\" content=\"@dario-lo-scalzo\" \/>\n<meta name=\"twitter:site\" content=\"@PressenzaIPA\" \/>\n<meta name=\"twitter:label1\" content=\"Verfasst von\" \/>\n\t<meta name=\"twitter:data1\" content=\"Dario Lo Scalzo\" \/>\n<script type=\"application\/ld+json\" class=\"yoast-schema-graph\">{\"@context\":\"https:\/\/schema.org\",\"@graph\":[{\"@type\":\"Article\",\"@id\":\"https:\/\/www.pressenza.com\/de\/2015\/10\/demonstrationen-in-neapel-gegen-die-nato-grossuebung-trident-juncture\/#article\",\"isPartOf\":{\"@id\":\"https:\/\/www.pressenza.com\/de\/2015\/10\/demonstrationen-in-neapel-gegen-die-nato-grossuebung-trident-juncture\/\"},\"author\":{\"name\":\"Dario Lo Scalzo\",\"@id\":\"https:\/\/www.pressenza.com\/de\/#\/schema\/person\/4734d5a58e73e1588c6b58e2610d4390\"},\"headline\":\"Demonstrationen in Neapel gegen die NATO Gro\u00df\u00fcbung Trident Juncture\",\"datePublished\":\"2015-10-26T20:25:23+00:00\",\"mainEntityOfPage\":{\"@id\":\"https:\/\/www.pressenza.com\/de\/2015\/10\/demonstrationen-in-neapel-gegen-die-nato-grossuebung-trident-juncture\/\"},\"wordCount\":48,\"publisher\":{\"@id\":\"https:\/\/www.pressenza.com\/de\/#organization\"},\"image\":{\"@id\":\"https:\/\/www.pressenza.com\/de\/2015\/10\/demonstrationen-in-neapel-gegen-die-nato-grossuebung-trident-juncture\/#primaryimage\"},\"thumbnailUrl\":\"https:\/\/www.pressenza.com\/wp-content\/uploads\/2015\/10\/Napoli-no-NATO-chiave2.jpg\",\"articleSection\":[\"Fotoreportagen\",\"Frieden und Abr\u00fcstung\",\"Originalinhalt\"],\"inLanguage\":\"de\"},{\"@type\":\"WebPage\",\"@id\":\"https:\/\/www.pressenza.com\/de\/2015\/10\/demonstrationen-in-neapel-gegen-die-nato-grossuebung-trident-juncture\/\",\"url\":\"https:\/\/www.pressenza.com\/de\/2015\/10\/demonstrationen-in-neapel-gegen-die-nato-grossuebung-trident-juncture\/\",\"name\":\"Demonstrationen in Neapel gegen die NATO Gro\u00df\u00fcbung Trident Juncture\",\"isPartOf\":{\"@id\":\"https:\/\/www.pressenza.com\/de\/#website\"},\"primaryImageOfPage\":{\"@id\":\"https:\/\/www.pressenza.com\/de\/2015\/10\/demonstrationen-in-neapel-gegen-die-nato-grossuebung-trident-juncture\/#primaryimage\"},\"image\":{\"@id\":\"https:\/\/www.pressenza.com\/de\/2015\/10\/demonstrationen-in-neapel-gegen-die-nato-grossuebung-trident-juncture\/#primaryimage\"},\"thumbnailUrl\":\"https:\/\/www.pressenza.com\/wp-content\/uploads\/2015\/10\/Napoli-no-NATO-chiave2.jpg\",\"datePublished\":\"2015-10-26T20:25:23+00:00\",\"description\":\"Eine bunte Menge marschierte durch die Stra\u00dfen Neapels, um gegen die NATO Gro\u00df\u00fcbung\u00a0Trident Juncturezu protestieren. Hier einige Fotos unseres\",\"breadcrumb\":{\"@id\":\"https:\/\/www.pressenza.com\/de\/2015\/10\/demonstrationen-in-neapel-gegen-die-nato-grossuebung-trident-juncture\/#breadcrumb\"},\"inLanguage\":\"de\",\"potentialAction\":[{\"@type\":\"ReadAction\",\"target\":[\"https:\/\/www.pressenza.com\/de\/2015\/10\/demonstrationen-in-neapel-gegen-die-nato-grossuebung-trident-juncture\/\"]}]},{\"@type\":\"ImageObject\",\"inLanguage\":\"de\",\"@id\":\"https:\/\/www.pressenza.com\/de\/2015\/10\/demonstrationen-in-neapel-gegen-die-nato-grossuebung-trident-juncture\/#primaryimage\",\"url\":\"https:\/\/www.pressenza.com\/wp-content\/uploads\/2015\/10\/Napoli-no-NATO-chiave2.jpg\",\"contentUrl\":\"https:\/\/www.pressenza.com\/wp-content\/uploads\/2015\/10\/Napoli-no-NATO-chiave2.jpg\",\"width\":1632,\"height\":1224},{\"@type\":\"BreadcrumbList\",\"@id\":\"https:\/\/www.pressenza.com\/de\/2015\/10\/demonstrationen-in-neapel-gegen-die-nato-grossuebung-trident-juncture\/#breadcrumb\",\"itemListElement\":[{\"@type\":\"ListItem\",\"position\":1,\"name\":\"Accueil\",\"item\":\"https:\/\/www.pressenza.com\/de\/\"},{\"@type\":\"ListItem\",\"position\":2,\"name\":\"Demonstrationen in Neapel gegen die NATO Gro\u00df\u00fcbung Trident Juncture\"}]},{\"@type\":\"WebSite\",\"@id\":\"https:\/\/www.pressenza.com\/de\/#website\",\"url\":\"https:\/\/www.pressenza.com\/de\/\",\"name\":\"Pressenza\",\"description\":\"International Press Agency\",\"publisher\":{\"@id\":\"https:\/\/www.pressenza.com\/de\/#organization\"},\"potentialAction\":[{\"@type\":\"SearchAction\",\"target\":{\"@type\":\"EntryPoint\",\"urlTemplate\":\"https:\/\/www.pressenza.com\/de\/?s={search_term_string}\"},\"query-input\":{\"@type\":\"PropertyValueSpecification\",\"valueRequired\":true,\"valueName\":\"search_term_string\"}}],\"inLanguage\":\"de\"},{\"@type\":\"Organization\",\"@id\":\"https:\/\/www.pressenza.com\/de\/#organization\",\"name\":\"Pressenza\",\"url\":\"https:\/\/www.pressenza.com\/de\/\",\"logo\":{\"@type\":\"ImageObject\",\"inLanguage\":\"de\",\"@id\":\"https:\/\/www.pressenza.com\/de\/#\/schema\/logo\/image\/\",\"url\":\"https:\/\/www.pressenza.com\/wp-content\/uploads\/2022\/10\/pressenza_logo_200x200.jpg\",\"contentUrl\":\"https:\/\/www.pressenza.com\/wp-content\/uploads\/2022\/10\/pressenza_logo_200x200.jpg\",\"width\":200,\"height\":200,\"caption\":\"Pressenza\"},\"image\":{\"@id\":\"https:\/\/www.pressenza.com\/de\/#\/schema\/logo\/image\/\"},\"sameAs\":[\"https:\/\/www.facebook.com\/PressenzaItalia\",\"https:\/\/x.com\/PressenzaIPA\"]},{\"@type\":\"Person\",\"@id\":\"https:\/\/www.pressenza.com\/de\/#\/schema\/person\/4734d5a58e73e1588c6b58e2610d4390\",\"name\":\"Dario Lo Scalzo\",\"description\":\"Dario Lo Scalzo: Journalist, writer and videomaker Dario has a professional background in banking, microcredit, lean thinking and change management. For years, he has been involved in Human Rights and Nonviolence issues. As a journalist, he wrote for Terranauta and Il Cambiamento (as a columnist and creator of the \\\"Invisible Stories\\\" section). He also cooperated with other online and print newpapers (Girodivite, Left Avvenimenti, Il Clandestino con permesso di soggiorno). In 2020, he created and launched the Video Team of the online green magazine \\\"GreenMe\\\". Currently, Dario is part of the Italian editorial staff of Pressenza International Press Agency and he is a freelance video-journalist at Radiotelevisione svizzera (RSI)\",\"sameAs\":[\"https:\/\/www.facebook.com\/dariosolare\",\"https:\/\/x.com\/dario-lo-scalzo\"],\"url\":\"https:\/\/www.pressenza.com\/de\/author\/dario-lo-scalzo\/\"}]}<\/script>\n<!-- \/ Yoast SEO plugin. -->","yoast_head_json":{"title":"Demonstrationen in Neapel gegen die NATO Gro\u00df\u00fcbung Trident Juncture","description":"Eine bunte Menge marschierte durch die Stra\u00dfen Neapels, um gegen die NATO Gro\u00df\u00fcbung\u00a0Trident Juncturezu protestieren. Hier einige Fotos unseres","robots":{"index":"index","follow":"follow","max-snippet":"max-snippet:-1","max-image-preview":"max-image-preview:large","max-video-preview":"max-video-preview:-1"},"canonical":"https:\/\/www.pressenza.com\/de\/2015\/10\/demonstrationen-in-neapel-gegen-die-nato-grossuebung-trident-juncture\/","og_locale":"de_DE","og_type":"article","og_title":"Demonstrationen in Neapel gegen die NATO Gro\u00df\u00fcbung Trident Juncture","og_description":"Eine bunte Menge marschierte durch die Stra\u00dfen Neapels, um gegen die NATO Gro\u00df\u00fcbung\u00a0Trident Juncturezu protestieren. Hier einige Fotos unseres","og_url":"https:\/\/www.pressenza.com\/de\/2015\/10\/demonstrationen-in-neapel-gegen-die-nato-grossuebung-trident-juncture\/","og_site_name":"Pressenza","article_publisher":"https:\/\/www.facebook.com\/PressenzaItalia","article_author":"https:\/\/www.facebook.com\/dariosolare","article_published_time":"2015-10-26T20:25:23+00:00","og_image":[{"width":1632,"height":1224,"url":"https:\/\/www.pressenza.com\/wp-content\/uploads\/2015\/10\/Napoli-no-NATO-chiave2.jpg","type":"image\/jpeg"}],"author":"Dario Lo Scalzo","twitter_card":"summary_large_image","twitter_creator":"@dario-lo-scalzo","twitter_site":"@PressenzaIPA","twitter_misc":{"Verfasst von":"Dario Lo Scalzo"},"schema":{"@context":"https:\/\/schema.org","@graph":[{"@type":"Article","@id":"https:\/\/www.pressenza.com\/de\/2015\/10\/demonstrationen-in-neapel-gegen-die-nato-grossuebung-trident-juncture\/#article","isPartOf":{"@id":"https:\/\/www.pressenza.com\/de\/2015\/10\/demonstrationen-in-neapel-gegen-die-nato-grossuebung-trident-juncture\/"},"author":{"name":"Dario Lo Scalzo","@id":"https:\/\/www.pressenza.com\/de\/#\/schema\/person\/4734d5a58e73e1588c6b58e2610d4390"},"headline":"Demonstrationen in Neapel gegen die NATO Gro\u00df\u00fcbung Trident Juncture","datePublished":"2015-10-26T20:25:23+00:00","mainEntityOfPage":{"@id":"https:\/\/www.pressenza.com\/de\/2015\/10\/demonstrationen-in-neapel-gegen-die-nato-grossuebung-trident-juncture\/"},"wordCount":48,"publisher":{"@id":"https:\/\/www.pressenza.com\/de\/#organization"},"image":{"@id":"https:\/\/www.pressenza.com\/de\/2015\/10\/demonstrationen-in-neapel-gegen-die-nato-grossuebung-trident-juncture\/#primaryimage"},"thumbnailUrl":"https:\/\/www.pressenza.com\/wp-content\/uploads\/2015\/10\/Napoli-no-NATO-chiave2.jpg","articleSection":["Fotoreportagen","Frieden und Abr\u00fcstung","Originalinhalt"],"inLanguage":"de"},{"@type":"WebPage","@id":"https:\/\/www.pressenza.com\/de\/2015\/10\/demonstrationen-in-neapel-gegen-die-nato-grossuebung-trident-juncture\/","url":"https:\/\/www.pressenza.com\/de\/2015\/10\/demonstrationen-in-neapel-gegen-die-nato-grossuebung-trident-juncture\/","name":"Demonstrationen in Neapel gegen die NATO Gro\u00df\u00fcbung Trident Juncture","isPartOf":{"@id":"https:\/\/www.pressenza.com\/de\/#website"},"primaryImageOfPage":{"@id":"https:\/\/www.pressenza.com\/de\/2015\/10\/demonstrationen-in-neapel-gegen-die-nato-grossuebung-trident-juncture\/#primaryimage"},"image":{"@id":"https:\/\/www.pressenza.com\/de\/2015\/10\/demonstrationen-in-neapel-gegen-die-nato-grossuebung-trident-juncture\/#primaryimage"},"thumbnailUrl":"https:\/\/www.pressenza.com\/wp-content\/uploads\/2015\/10\/Napoli-no-NATO-chiave2.jpg","datePublished":"2015-10-26T20:25:23+00:00","description":"Eine bunte Menge marschierte durch die Stra\u00dfen Neapels, um gegen die NATO Gro\u00df\u00fcbung\u00a0Trident Juncturezu protestieren. Hier einige Fotos unseres","breadcrumb":{"@id":"https:\/\/www.pressenza.com\/de\/2015\/10\/demonstrationen-in-neapel-gegen-die-nato-grossuebung-trident-juncture\/#breadcrumb"},"inLanguage":"de","potentialAction":[{"@type":"ReadAction","target":["https:\/\/www.pressenza.com\/de\/2015\/10\/demonstrationen-in-neapel-gegen-die-nato-grossuebung-trident-juncture\/"]}]},{"@type":"ImageObject","inLanguage":"de","@id":"https:\/\/www.pressenza.com\/de\/2015\/10\/demonstrationen-in-neapel-gegen-die-nato-grossuebung-trident-juncture\/#primaryimage","url":"https:\/\/www.pressenza.com\/wp-content\/uploads\/2015\/10\/Napoli-no-NATO-chiave2.jpg","contentUrl":"https:\/\/www.pressenza.com\/wp-content\/uploads\/2015\/10\/Napoli-no-NATO-chiave2.jpg","width":1632,"height":1224},{"@type":"BreadcrumbList","@id":"https:\/\/www.pressenza.com\/de\/2015\/10\/demonstrationen-in-neapel-gegen-die-nato-grossuebung-trident-juncture\/#breadcrumb","itemListElement":[{"@type":"ListItem","position":1,"name":"Accueil","item":"https:\/\/www.pressenza.com\/de\/"},{"@type":"ListItem","position":2,"name":"Demonstrationen in Neapel gegen die NATO Gro\u00df\u00fcbung Trident Juncture"}]},{"@type":"WebSite","@id":"https:\/\/www.pressenza.com\/de\/#website","url":"https:\/\/www.pressenza.com\/de\/","name":"Pressenza","description":"International Press Agency","publisher":{"@id":"https:\/\/www.pressenza.com\/de\/#organization"},"potentialAction":[{"@type":"SearchAction","target":{"@type":"EntryPoint","urlTemplate":"https:\/\/www.pressenza.com\/de\/?s={search_term_string}"},"query-input":{"@type":"PropertyValueSpecification","valueRequired":true,"valueName":"search_term_string"}}],"inLanguage":"de"},{"@type":"Organization","@id":"https:\/\/www.pressenza.com\/de\/#organization","name":"Pressenza","url":"https:\/\/www.pressenza.com\/de\/","logo":{"@type":"ImageObject","inLanguage":"de","@id":"https:\/\/www.pressenza.com\/de\/#\/schema\/logo\/image\/","url":"https:\/\/www.pressenza.com\/wp-content\/uploads\/2022\/10\/pressenza_logo_200x200.jpg","contentUrl":"https:\/\/www.pressenza.com\/wp-content\/uploads\/2022\/10\/pressenza_logo_200x200.jpg","width":200,"height":200,"caption":"Pressenza"},"image":{"@id":"https:\/\/www.pressenza.com\/de\/#\/schema\/logo\/image\/"},"sameAs":["https:\/\/www.facebook.com\/PressenzaItalia","https:\/\/x.com\/PressenzaIPA"]},{"@type":"Person","@id":"https:\/\/www.pressenza.com\/de\/#\/schema\/person\/4734d5a58e73e1588c6b58e2610d4390","name":"Dario Lo Scalzo","description":"Dario Lo Scalzo: Journalist, writer and videomaker Dario has a professional background in banking, microcredit, lean thinking and change management. For years, he has been involved in Human Rights and Nonviolence issues. As a journalist, he wrote for Terranauta and Il Cambiamento (as a columnist and creator of the \"Invisible Stories\" section). He also cooperated with other online and print newpapers (Girodivite, Left Avvenimenti, Il Clandestino con permesso di soggiorno). In 2020, he created and launched the Video Team of the online green magazine \"GreenMe\". Currently, Dario is part of the Italian editorial staff of Pressenza International Press Agency and he is a freelance video-journalist at Radiotelevisione svizzera (RSI)","sameAs":["https:\/\/www.facebook.com\/dariosolare","https:\/\/x.com\/dario-lo-scalzo"],"url":"https:\/\/www.pressenza.com\/de\/author\/dario-lo-scalzo\/"}]}},"place":"","original_article_url":"","_links":{"self":[{"href":"https:\/\/www.pressenza.com\/de\/wp-json\/wp\/v2\/posts\/238966","targetHints":{"allow":["GET"]}}],"collection":[{"href":"https:\/\/www.pressenza.com\/de\/wp-json\/wp\/v2\/posts"}],"about":[{"href":"https:\/\/www.pressenza.com\/de\/wp-json\/wp\/v2\/types\/post"}],"author":[{"embeddable":true,"href":"https:\/\/www.pressenza.com\/de\/wp-json\/wp\/v2\/users\/680"}],"replies":[{"embeddable":true,"href":"https:\/\/www.pressenza.com\/de\/wp-json\/wp\/v2\/comments?post=238966"}],"version-history":[{"count":0,"href":"https:\/\/www.pressenza.com\/de\/wp-json\/wp\/v2\/posts\/238966\/revisions"}],"wp:featuredmedia":[{"embeddable":true,"href":"https:\/\/www.pressenza.com\/de\/wp-json\/wp\/v2\/media\/237621"}],"wp:attachment":[{"href":"https:\/\/www.pressenza.com\/de\/wp-json\/wp\/v2\/media?parent=238966"}],"wp:term":[{"taxonomy":"category","embeddable":true,"href":"https:\/\/www.pressenza.com\/de\/wp-json\/wp\/v2\/categories?post=238966"},{"taxonomy":"post_tag","embeddable":true,"href":"https:\/\/www.pressenza.com\/de\/wp-json\/wp\/v2\/tags?post=238966"}],"curies":[{"name":"wp","href":"https:\/\/api.w.org\/{rel}","templated":true}]}}