{"id":2373995,"date":"2024-05-17T09:37:26","date_gmt":"2024-05-17T08:37:26","guid":{"rendered":"https:\/\/www.pressenza.com\/?p=2373995"},"modified":"2024-05-17T09:37:26","modified_gmt":"2024-05-17T08:37:26","slug":"das-schweizer-pr-event-fuer-die-ukraine","status":"publish","type":"post","link":"https:\/\/www.pressenza.com\/de\/2024\/05\/das-schweizer-pr-event-fuer-die-ukraine\/","title":{"rendered":"Das Schweizer PR-Event f\u00fcr die Ukraine"},"content":{"rendered":"<p><strong>Scholz will Globalen S\u00fcden zur Beteiligung an der Schweizer Ukraine-Konferenz dr\u00e4ngen. Die zielt nicht auf Waffenstillstandsgespr\u00e4che, sondern soll m\u00f6glichst viele L\u00e4nder auf Seiten Kiews positionieren.<\/strong><\/p>\n<p>Bundeskanzler Olaf Scholz dr\u00e4ngt die f\u00fchrenden L\u00e4nder des Globalen S\u00fcdens zu einer Teilnahme an der geplanten Ukraine-Konferenz in der Schweiz und fordert sie zum wiederholten Mal zur Positionierung gegen Russland auf. Man m\u00fcsse durchsetzen, \u201edass Russland Truppen zur\u00fcckziehen muss\u201c, erkl\u00e4rt Scholz; dabei solle nun der Globale S\u00fcden \u201eeine wichtige Rolle spiel[en]\u201c. Die f\u00fcr Mitte Juni angek\u00fcndigte Ukraine-Konferenz am Vierwaldst\u00e4ttersee geht von der sogenannten Friedensformel des ukrainischen Pr\u00e4sidenten Wolodymyr Selenskyj aus, die faktisch eine totale Kapitulation Russlands fordert und damit als Grundlage f\u00fcr ernsthafte Verhandlungen \u00fcber einen Waffenstillstand nicht geeignet ist. Die Schweizer Konferenz soll laut Aussage des Kiewer Au\u00dfenministers Dymtro Kuleba denn auch vor allem dazu dienen, m\u00f6glichst viele Staaten auf die Positionen der Ukraine festzulegen. Ziel ist es, mangels milit\u00e4rischem Druckpotenzial diplomatischen Druck aufzubauen. Mehrere Staaten gehen mittlerweile zu den Machenschaften der Schweiz auf Distanz und dringen auf ernsthafte Waffenstillstandsgespr\u00e4che, so der Au\u00dfenminister Italiens. Der Pr\u00e4sident der Slowakei fordert, die \u201eDiplomatie zu mobilisieren\u201c.<\/p>\n<p><strong>Verbesserte Ausgangspositionen<\/strong><\/p>\n<p>Bereits Mitte vergangener Woche hatte der stellvertretende Direktor des ukrainischen Milit\u00e4rgeheimdienstes HUR, Wadim Skibizkij, im Interview mit der Zeitschrift Economist offen einger\u00e4umt, er k\u00f6nne nicht erkennen, wie die Ukraine den Krieg auf dem Schlachtfeld f\u00fcr sich entscheiden solle. Selbst wenn es den ukrainischen Streitkr\u00e4ften gelinge, Russland auf die Grenzen von 1991 zur\u00fcckzuwerfen, seien Verhandlungen unvermeidlich: Das sei die Art und Weise, wie Kriege gew\u00f6hnlich beendet w\u00fcrden.[1] Aktuell seien beide Seiten dabei, sich vor k\u00fcnftigen Verhandlungen in \u201edie g\u00fcnstigste Position\u201c zu bringen. Skibizkij ging in diesem Kontext davon aus, Russland werde zum einen die Gebiete Donezk und Luhansk vollst\u00e4ndig unter seine Kontrolle zu bringen versuchen und dar\u00fcber hinaus wom\u00f6glich eine neue Offensive auf die Gebiete Charkiw und Sumy einleiten. Der Hauptsto\u00df werde wohl \u201eEnde Mai oder Anfang Juni\u201c bevorstehen, sagte Skibizkij voraus. Mit wirklich ernsthaften Verhandlungen sei allerdings erst in der zweiten H\u00e4lfte des Jahres 2025 zu rechnen. Denn Anfang 2026 werde Russland aufgrund von Knappheit an Material wie auch an Ingenieuren in ernste Schwierigkeiten mit seiner R\u00fcstungsproduktion geraten \u2013 eine g\u00fcnstige Zeit, Moskau unter Druck zu setzen.<\/p>\n<p><strong>Keine Friedenskonferenz<\/strong><\/p>\n<p>Lediglich dem Versuch, wenn schon nicht den milit\u00e4rischen, so doch zumindest den diplomatischen Druck auf Russland zu erh\u00f6hen, dient nach derzeitigem Stand die Ukraine-Konferenz, die die Schweiz am 15.\/16. Juni in einem Nobelhotel am Vierwaldst\u00e4ttersee abhalten will. Sie wird als \u201eFriedenskonferenz\u201c angepriesen. Offiziell eingeladen sind \u00fcber 160 Delegationen. Russland geh\u00f6rt nicht dazu. Verhandlungsgrundlage soll, wie es hei\u00dft, die sogenannte Friedensformel des ukrainischen Pr\u00e4sidenten Wolodymyr Selenskyj sein. Diese sieht unter anderem den Abzug aller russischen Truppen aus allen Gebieten vor, die 1991 zur Ukraine geh\u00f6rten, darunter die Krim. Zudem will sie Moskau zur Zahlung umfassender Reparationen verpflichten und fordert die Einrichtung eines Sondertribunals zur Aburteilung russischer Kriegsverbrechen. Damit kommt sie der Forderung nach einer freiwilligen russischen Kapitulation gleich. Dass Russland sich ihr f\u00fcgen w\u00fcrde, kann als ausgeschlossen gelten. Wie der ukrainische Au\u00dfenminister Dmytro Kuleba hervorhebt, besteht das Ziel der Konferenz in der Tat nicht darin, Gespr\u00e4che mit Moskau in Gang zu bringen, sondern nur darin, Staaten mit \u00e4hnlichen Auffassungen zusammenzuf\u00fchren \u2013 praktisch also so viele L\u00e4nder wie m\u00f6glich auf die ukrainische Position festzulegen.[2]<\/p>\n<p><strong>\u201eAlle au\u00dfer denen, auf die es ankommt\u201c<\/strong><\/p>\n<p>Beobachter \u00e4u\u00dfern sich skeptisch. Weil die Ukraine einen Waffenstillstand oder gar einen Friedensvertrag zwangsl\u00e4ufig mit Russland schlie\u00dfen m\u00fcsse, werde ein Treffen ohne Moskau \u2013 wie dasjenige in der Schweiz \u2013 \u201emehr eine \u00dcbung in Solidarit\u00e4t als eine echte Verhandlung sein\u201c, urteilt Sergey Radchenko von der Johns Hopkins School of Advanced International Studies (SAIS): \u201eein kurzes PR-Event mit einer hohen Anzahl an Teilnehmern, au\u00dfer denen, auf die es ankommt\u201c.[3] Diplomaten, die an der Vorbereitung der Schweizer Ukraine-Konferenz beteiligt sind, werden mittlerweile sogar mit der Warnung zitiert, die Beteiligung von Staaten des Globalen S\u00fcdens k\u00f6nne eher schwach ausfallen. Bisher sei es zwar gelungen, eine wachsende Zahl nichtwestlicher Staaten zur Teilnahme an anderen Ukraine-Konferenzen zu veranlassen \u2013 zuletzt etwa in Malta [4] \u2013, doch k\u00f6nne das diesmal anders sein, weil die M\u00f6glichkeit der Anwesenheit etwa von US-Pr\u00e4sident Joe Biden bestehe. Dieser reise ohnehin zum G7-Gipfel vom 13. bis zum 15. Juni ins italienische Fasano und k\u00f6nne ohne weiteres einen Abstecher in die Schweiz machen. Ob die Staaten des Globalen S\u00fcdens sich jedoch f\u00fcr einen hochrangigen Anti-Russland-Gipfel herg\u00e4ben, sei ungewiss. China werde unter den aktuellen Bedingungen ohnehin nicht zur Teilnahme bereit sein.[5]<\/p>\n<p><strong>Berlin und der Globale S\u00fcden<\/strong><\/p>\n<p>Vor diesem Hintergrund hat Bundeskanzler Olaf Scholz den Druck auf die Staaten des Globalen S\u00fcdens erh\u00f6ht, an der Ukraine-Konferenz in der Schweiz teilzunehmen. \u201eJe mehr L\u00e4nder wie China, Brasilien, Indien und viele andere Russland bedeuten &#8230;, dass Russland Truppen zur\u00fcckziehen muss, umso gr\u00f6\u00dfer ist die Chance auf einen baldigen Frieden\u201c, sagte Scholz am Dienstag auf einer Veranstaltung in Berlin; der Globale S\u00fcden m\u00fcsse \u201ehier eine wichtige Rolle spiel[en]\u201c.[6] Dass der Globale S\u00fcden der Aufforderung des Bundeskanzlers Folge leistet, darf bezweifelt werden: Der Einfluss Berlins auf die dortigen Staaten sinkt \u2013 nicht zuletzt aus wirtschaftlichen Gr\u00fcnden (german-foreign-policy.com berichtete [7]).<\/p>\n<p><strong>\u201eDie Diplomatie mobilisieren\u201c<\/strong><\/p>\n<p>Andere Staaten dringen inzwischen auf ernsthafte Bem\u00fchungen um Gespr\u00e4che mit Moskau. So \u00e4u\u00dferte Italiens Au\u00dfenminister Guido Crosetto zu Wochenbeginn, der einzige Ausweg bestehe darin, in die Verhandlungen um eine Beendigung des Ukraine-Krieges \u201ealle einzubeziehen\u201c, um erst einen Waffenstillstand, dann einen Frieden zu erreichen; man d\u00fcrfe \u201ekeine M\u00f6glichkeit auslassen\u201c, den \u201ePfad der Diplomatie\u201c zu beschreiten.[8] Crosetto sagte zudem, er habe Kiew bereits vor Beginn der ukrainischen Offensive im vergangenen Jahr gewarnt, diese werde keinen Erfolg haben; Selenskyj habe dies aber \u201enicht h\u00f6ren wollen\u201c. In den vergangenen Tagen hat nun Kasachstan sein Angebot wiederholt, sich als Vermittler zur Verf\u00fcgung zu stellen. Sein Land habe \u201egute Beziehungen sowohl zur Ukraine als auch zu Russland\u201c, hatte bereits Mitte April der Botschafter des Landes in Spanien erkl\u00e4rt; das lasse sich nun zur Vorbereitung von Gespr\u00e4chen zwischen beiden Seiten leicht nutzen.[9] Der Botschafter des Landes in Russland hat das Angebot Ende vergangener Woche best\u00e4tigt.[10] Am Mittwoch schloss sich der Pr\u00e4sident der Slowakei, Peter Pellegrini, an und bekr\u00e4ftigte, jederzeit zu vermittelnden T\u00e4tigkeiten bereit zu sein: Man m\u00fcsse endlich, sagte er, \u201edie Diplomatie mobilisieren\u201c.[11]<\/p>\n<p>[1] A fresh Russian push will test Ukraine severely, says a senior general. economist.com 02.05.2024.<br \/>\n[2] Schweiz l\u00e4dt offiziell zur Ukraine-Konferenz ein. tagesschau.de 02.05.2024.<br \/>\n[3] Alexandra Brzozowski: Why Switzerland\u2019s Ukraine peace summit might struggle with no-show concerns. euractiv.com 05.05.2024.<br \/>\n[4] S. dazu <a href=\"https:\/\/www.german-foreign-policy.com\/news\/detail\/9388\" target=\"_blank\" rel=\"noopener\">Die dritte Verhandlungsrunde<\/a>.<br \/>\n[5] Alexandra Brzozowski: Why Switzerland\u2019s Ukraine peace summit might struggle with no-show concerns. euractiv.com 05.05.2024.<br \/>\n[6] Rede von Bundeskanzler Scholz beim Global Solution Summit am 7. Mai 2024 in Berlin.<br \/>\n[7] S. dazu <a href=\"https:\/\/www.german-foreign-policy.com\/news\/detail\/9550\" target=\"_blank\" rel=\"noopener\">It\u2019s the economy, stupid<\/a>.<br \/>\n[8] Guerra Ucraina, Crosetto: \u201cdobbiamo trattare con Putin, ho detto a Zelensky che avrebbe fallito ma non mi ha ascoltato\u201d. strettoweb.com 06.05.2024.<br \/>\n[9] Kazakhstan ready to host talks on Ukraine \u2013 envoy to Spain. tass.com 15.04.2024.<br \/>\n[10] Kazakhstan offers to host platform for Russia-Ukraine negotiations. timesca.com 06.05.2024.<br \/>\n[11] Martin Fornusek: Slovak president suggests hosting potential Ukraine-Russia peace talks in Bratislava. kyivindependent.com 08.05.2024.<\/p>\n","protected":false},"excerpt":{"rendered":"<p>Scholz will Globalen S\u00fcden zur Beteiligung an der Schweizer Ukraine-Konferenz dr\u00e4ngen. Die zielt nicht auf Waffenstillstandsgespr\u00e4che, sondern soll m\u00f6glichst viele L\u00e4nder auf Seiten Kiews positionieren. Bundeskanzler Olaf Scholz dr\u00e4ngt die f\u00fchrenden L\u00e4nder des Globalen S\u00fcdens zu einer Teilnahme an der&hellip;<\/p>\n","protected":false},"author":1516,"featured_media":2373997,"comment_status":"closed","ping_status":"closed","sticky":false,"template":"","format":"standard","meta":{"footnotes":""},"categories":[9168],"tags":[54494,94488,9293,84053],"class_list":["post-2373995","post","type-post","status-publish","format-standard","has-post-thumbnail","hentry","category-politik","tag-diplomatie","tag-konferenz","tag-ukraine-de","tag-waffenstillstand"],"yoast_head":"<!-- This site is optimized with the Yoast SEO plugin v27.1.1 - https:\/\/yoast.com\/product\/yoast-seo-wordpress\/ -->\n<title>Das Schweizer PR-Event f\u00fcr die Ukraine<\/title>\n<meta name=\"description\" content=\"Scholz will Globalen S\u00fcden zur Beteiligung an der Schweizer Ukraine-Konferenz dr\u00e4ngen. Die zielt nicht auf Waffenstillstandsgespr\u00e4che, sondern soll\" \/>\n<meta name=\"robots\" content=\"index, follow, max-snippet:-1, max-image-preview:large, max-video-preview:-1\" \/>\n<link rel=\"canonical\" href=\"https:\/\/www.pressenza.com\/de\/2024\/05\/das-schweizer-pr-event-fuer-die-ukraine\/\" \/>\n<meta property=\"og:locale\" content=\"de_DE\" \/>\n<meta property=\"og:type\" content=\"article\" \/>\n<meta property=\"og:title\" content=\"Das Schweizer PR-Event f\u00fcr die Ukraine\" \/>\n<meta property=\"og:description\" content=\"Scholz will Globalen S\u00fcden zur Beteiligung an der Schweizer Ukraine-Konferenz dr\u00e4ngen. Die zielt nicht auf Waffenstillstandsgespr\u00e4che, sondern soll\" \/>\n<meta property=\"og:url\" content=\"https:\/\/www.pressenza.com\/de\/2024\/05\/das-schweizer-pr-event-fuer-die-ukraine\/\" \/>\n<meta property=\"og:site_name\" content=\"Pressenza\" \/>\n<meta property=\"article:publisher\" content=\"https:\/\/www.facebook.com\/PressenzaItalia\" \/>\n<meta property=\"article:published_time\" content=\"2024-05-17T08:37:26+00:00\" \/>\n<meta property=\"og:image\" content=\"https:\/\/www.pressenza.com\/wp-content\/uploads\/2024\/05\/war-1911176_1920.jpg\" \/>\n\t<meta property=\"og:image:width\" content=\"1920\" \/>\n\t<meta property=\"og:image:height\" content=\"1229\" \/>\n\t<meta property=\"og:image:type\" content=\"image\/jpeg\" \/>\n<meta name=\"author\" content=\"GERMAN-FOREIGN-POLICY.com\" \/>\n<meta name=\"twitter:card\" content=\"summary_large_image\" \/>\n<meta name=\"twitter:creator\" content=\"@PressenzaIPA\" \/>\n<meta name=\"twitter:site\" content=\"@PressenzaIPA\" \/>\n<meta name=\"twitter:label1\" content=\"Verfasst von\" \/>\n\t<meta name=\"twitter:data1\" content=\"GERMAN-FOREIGN-POLICY.com\" \/>\n\t<meta name=\"twitter:label2\" content=\"Gesch\u00e4tzte Lesezeit\" \/>\n\t<meta name=\"twitter:data2\" content=\"7\u00a0Minuten\" \/>\n<script type=\"application\/ld+json\" class=\"yoast-schema-graph\">{\"@context\":\"https:\/\/schema.org\",\"@graph\":[{\"@type\":\"Article\",\"@id\":\"https:\/\/www.pressenza.com\/de\/2024\/05\/das-schweizer-pr-event-fuer-die-ukraine\/#article\",\"isPartOf\":{\"@id\":\"https:\/\/www.pressenza.com\/de\/2024\/05\/das-schweizer-pr-event-fuer-die-ukraine\/\"},\"author\":{\"name\":\"GERMAN-FOREIGN-POLICY.com\",\"@id\":\"https:\/\/www.pressenza.com\/de\/#\/schema\/person\/65976e5880ee37f0ffc0cea7b0d6f456\"},\"headline\":\"Das Schweizer PR-Event f\u00fcr die Ukraine\",\"datePublished\":\"2024-05-17T08:37:26+00:00\",\"mainEntityOfPage\":{\"@id\":\"https:\/\/www.pressenza.com\/de\/2024\/05\/das-schweizer-pr-event-fuer-die-ukraine\/\"},\"wordCount\":1231,\"publisher\":{\"@id\":\"https:\/\/www.pressenza.com\/de\/#organization\"},\"image\":{\"@id\":\"https:\/\/www.pressenza.com\/de\/2024\/05\/das-schweizer-pr-event-fuer-die-ukraine\/#primaryimage\"},\"thumbnailUrl\":\"https:\/\/www.pressenza.com\/wp-content\/uploads\/2024\/05\/war-1911176_1920.jpg\",\"keywords\":[\"Diplomatie\",\"Konferenz\",\"Ukraine\",\"Waffenstillstand\"],\"articleSection\":[\"Politik\"],\"inLanguage\":\"de\"},{\"@type\":\"WebPage\",\"@id\":\"https:\/\/www.pressenza.com\/de\/2024\/05\/das-schweizer-pr-event-fuer-die-ukraine\/\",\"url\":\"https:\/\/www.pressenza.com\/de\/2024\/05\/das-schweizer-pr-event-fuer-die-ukraine\/\",\"name\":\"Das Schweizer PR-Event f\u00fcr die Ukraine\",\"isPartOf\":{\"@id\":\"https:\/\/www.pressenza.com\/de\/#website\"},\"primaryImageOfPage\":{\"@id\":\"https:\/\/www.pressenza.com\/de\/2024\/05\/das-schweizer-pr-event-fuer-die-ukraine\/#primaryimage\"},\"image\":{\"@id\":\"https:\/\/www.pressenza.com\/de\/2024\/05\/das-schweizer-pr-event-fuer-die-ukraine\/#primaryimage\"},\"thumbnailUrl\":\"https:\/\/www.pressenza.com\/wp-content\/uploads\/2024\/05\/war-1911176_1920.jpg\",\"datePublished\":\"2024-05-17T08:37:26+00:00\",\"description\":\"Scholz will Globalen S\u00fcden zur Beteiligung an der Schweizer Ukraine-Konferenz dr\u00e4ngen. Die zielt nicht auf Waffenstillstandsgespr\u00e4che, sondern soll\",\"breadcrumb\":{\"@id\":\"https:\/\/www.pressenza.com\/de\/2024\/05\/das-schweizer-pr-event-fuer-die-ukraine\/#breadcrumb\"},\"inLanguage\":\"de\",\"potentialAction\":[{\"@type\":\"ReadAction\",\"target\":[\"https:\/\/www.pressenza.com\/de\/2024\/05\/das-schweizer-pr-event-fuer-die-ukraine\/\"]}]},{\"@type\":\"ImageObject\",\"inLanguage\":\"de\",\"@id\":\"https:\/\/www.pressenza.com\/de\/2024\/05\/das-schweizer-pr-event-fuer-die-ukraine\/#primaryimage\",\"url\":\"https:\/\/www.pressenza.com\/wp-content\/uploads\/2024\/05\/war-1911176_1920.jpg\",\"contentUrl\":\"https:\/\/www.pressenza.com\/wp-content\/uploads\/2024\/05\/war-1911176_1920.jpg\",\"width\":1920,\"height\":1229},{\"@type\":\"BreadcrumbList\",\"@id\":\"https:\/\/www.pressenza.com\/de\/2024\/05\/das-schweizer-pr-event-fuer-die-ukraine\/#breadcrumb\",\"itemListElement\":[{\"@type\":\"ListItem\",\"position\":1,\"name\":\"Accueil\",\"item\":\"https:\/\/www.pressenza.com\/de\/\"},{\"@type\":\"ListItem\",\"position\":2,\"name\":\"Das Schweizer PR-Event f\u00fcr die Ukraine\"}]},{\"@type\":\"WebSite\",\"@id\":\"https:\/\/www.pressenza.com\/de\/#website\",\"url\":\"https:\/\/www.pressenza.com\/de\/\",\"name\":\"Pressenza\",\"description\":\"International Press Agency\",\"publisher\":{\"@id\":\"https:\/\/www.pressenza.com\/de\/#organization\"},\"potentialAction\":[{\"@type\":\"SearchAction\",\"target\":{\"@type\":\"EntryPoint\",\"urlTemplate\":\"https:\/\/www.pressenza.com\/de\/?s={search_term_string}\"},\"query-input\":{\"@type\":\"PropertyValueSpecification\",\"valueRequired\":true,\"valueName\":\"search_term_string\"}}],\"inLanguage\":\"de\"},{\"@type\":\"Organization\",\"@id\":\"https:\/\/www.pressenza.com\/de\/#organization\",\"name\":\"Pressenza\",\"url\":\"https:\/\/www.pressenza.com\/de\/\",\"logo\":{\"@type\":\"ImageObject\",\"inLanguage\":\"de\",\"@id\":\"https:\/\/www.pressenza.com\/de\/#\/schema\/logo\/image\/\",\"url\":\"https:\/\/www.pressenza.com\/wp-content\/uploads\/2022\/10\/pressenza_logo_200x200.jpg\",\"contentUrl\":\"https:\/\/www.pressenza.com\/wp-content\/uploads\/2022\/10\/pressenza_logo_200x200.jpg\",\"width\":200,\"height\":200,\"caption\":\"Pressenza\"},\"image\":{\"@id\":\"https:\/\/www.pressenza.com\/de\/#\/schema\/logo\/image\/\"},\"sameAs\":[\"https:\/\/www.facebook.com\/PressenzaItalia\",\"https:\/\/x.com\/PressenzaIPA\"]},{\"@type\":\"Person\",\"@id\":\"https:\/\/www.pressenza.com\/de\/#\/schema\/person\/65976e5880ee37f0ffc0cea7b0d6f456\",\"name\":\"GERMAN-FOREIGN-POLICY.com\",\"description\":\"Information on German Foreign Policy Articles and photographs by german-foreign-policy.com on Pressenza do not fall under the Creative Commons license and are not reproducible in any way. \\\"Information on German Foreign Policy\\\" (german-foreign-policy.com) is compiled by a group of independent journalists and social scientists who observe, on an ongoing basis, Germany's renewed attempts to regain great power status in the economic, military and political arena.\",\"url\":\"https:\/\/www.pressenza.com\/de\/author\/german-foreign-policy-com\/\"}]}<\/script>\n<!-- \/ Yoast SEO plugin. -->","yoast_head_json":{"title":"Das Schweizer PR-Event f\u00fcr die Ukraine","description":"Scholz will Globalen S\u00fcden zur Beteiligung an der Schweizer Ukraine-Konferenz dr\u00e4ngen. Die zielt nicht auf Waffenstillstandsgespr\u00e4che, sondern soll","robots":{"index":"index","follow":"follow","max-snippet":"max-snippet:-1","max-image-preview":"max-image-preview:large","max-video-preview":"max-video-preview:-1"},"canonical":"https:\/\/www.pressenza.com\/de\/2024\/05\/das-schweizer-pr-event-fuer-die-ukraine\/","og_locale":"de_DE","og_type":"article","og_title":"Das Schweizer PR-Event f\u00fcr die Ukraine","og_description":"Scholz will Globalen S\u00fcden zur Beteiligung an der Schweizer Ukraine-Konferenz dr\u00e4ngen. Die zielt nicht auf Waffenstillstandsgespr\u00e4che, sondern soll","og_url":"https:\/\/www.pressenza.com\/de\/2024\/05\/das-schweizer-pr-event-fuer-die-ukraine\/","og_site_name":"Pressenza","article_publisher":"https:\/\/www.facebook.com\/PressenzaItalia","article_published_time":"2024-05-17T08:37:26+00:00","og_image":[{"width":1920,"height":1229,"url":"https:\/\/www.pressenza.com\/wp-content\/uploads\/2024\/05\/war-1911176_1920.jpg","type":"image\/jpeg"}],"author":"GERMAN-FOREIGN-POLICY.com","twitter_card":"summary_large_image","twitter_creator":"@PressenzaIPA","twitter_site":"@PressenzaIPA","twitter_misc":{"Verfasst von":"GERMAN-FOREIGN-POLICY.com","Gesch\u00e4tzte Lesezeit":"7\u00a0Minuten"},"schema":{"@context":"https:\/\/schema.org","@graph":[{"@type":"Article","@id":"https:\/\/www.pressenza.com\/de\/2024\/05\/das-schweizer-pr-event-fuer-die-ukraine\/#article","isPartOf":{"@id":"https:\/\/www.pressenza.com\/de\/2024\/05\/das-schweizer-pr-event-fuer-die-ukraine\/"},"author":{"name":"GERMAN-FOREIGN-POLICY.com","@id":"https:\/\/www.pressenza.com\/de\/#\/schema\/person\/65976e5880ee37f0ffc0cea7b0d6f456"},"headline":"Das Schweizer PR-Event f\u00fcr die Ukraine","datePublished":"2024-05-17T08:37:26+00:00","mainEntityOfPage":{"@id":"https:\/\/www.pressenza.com\/de\/2024\/05\/das-schweizer-pr-event-fuer-die-ukraine\/"},"wordCount":1231,"publisher":{"@id":"https:\/\/www.pressenza.com\/de\/#organization"},"image":{"@id":"https:\/\/www.pressenza.com\/de\/2024\/05\/das-schweizer-pr-event-fuer-die-ukraine\/#primaryimage"},"thumbnailUrl":"https:\/\/www.pressenza.com\/wp-content\/uploads\/2024\/05\/war-1911176_1920.jpg","keywords":["Diplomatie","Konferenz","Ukraine","Waffenstillstand"],"articleSection":["Politik"],"inLanguage":"de"},{"@type":"WebPage","@id":"https:\/\/www.pressenza.com\/de\/2024\/05\/das-schweizer-pr-event-fuer-die-ukraine\/","url":"https:\/\/www.pressenza.com\/de\/2024\/05\/das-schweizer-pr-event-fuer-die-ukraine\/","name":"Das Schweizer PR-Event f\u00fcr die Ukraine","isPartOf":{"@id":"https:\/\/www.pressenza.com\/de\/#website"},"primaryImageOfPage":{"@id":"https:\/\/www.pressenza.com\/de\/2024\/05\/das-schweizer-pr-event-fuer-die-ukraine\/#primaryimage"},"image":{"@id":"https:\/\/www.pressenza.com\/de\/2024\/05\/das-schweizer-pr-event-fuer-die-ukraine\/#primaryimage"},"thumbnailUrl":"https:\/\/www.pressenza.com\/wp-content\/uploads\/2024\/05\/war-1911176_1920.jpg","datePublished":"2024-05-17T08:37:26+00:00","description":"Scholz will Globalen S\u00fcden zur Beteiligung an der Schweizer Ukraine-Konferenz dr\u00e4ngen. Die zielt nicht auf Waffenstillstandsgespr\u00e4che, sondern soll","breadcrumb":{"@id":"https:\/\/www.pressenza.com\/de\/2024\/05\/das-schweizer-pr-event-fuer-die-ukraine\/#breadcrumb"},"inLanguage":"de","potentialAction":[{"@type":"ReadAction","target":["https:\/\/www.pressenza.com\/de\/2024\/05\/das-schweizer-pr-event-fuer-die-ukraine\/"]}]},{"@type":"ImageObject","inLanguage":"de","@id":"https:\/\/www.pressenza.com\/de\/2024\/05\/das-schweizer-pr-event-fuer-die-ukraine\/#primaryimage","url":"https:\/\/www.pressenza.com\/wp-content\/uploads\/2024\/05\/war-1911176_1920.jpg","contentUrl":"https:\/\/www.pressenza.com\/wp-content\/uploads\/2024\/05\/war-1911176_1920.jpg","width":1920,"height":1229},{"@type":"BreadcrumbList","@id":"https:\/\/www.pressenza.com\/de\/2024\/05\/das-schweizer-pr-event-fuer-die-ukraine\/#breadcrumb","itemListElement":[{"@type":"ListItem","position":1,"name":"Accueil","item":"https:\/\/www.pressenza.com\/de\/"},{"@type":"ListItem","position":2,"name":"Das Schweizer PR-Event f\u00fcr die Ukraine"}]},{"@type":"WebSite","@id":"https:\/\/www.pressenza.com\/de\/#website","url":"https:\/\/www.pressenza.com\/de\/","name":"Pressenza","description":"International Press Agency","publisher":{"@id":"https:\/\/www.pressenza.com\/de\/#organization"},"potentialAction":[{"@type":"SearchAction","target":{"@type":"EntryPoint","urlTemplate":"https:\/\/www.pressenza.com\/de\/?s={search_term_string}"},"query-input":{"@type":"PropertyValueSpecification","valueRequired":true,"valueName":"search_term_string"}}],"inLanguage":"de"},{"@type":"Organization","@id":"https:\/\/www.pressenza.com\/de\/#organization","name":"Pressenza","url":"https:\/\/www.pressenza.com\/de\/","logo":{"@type":"ImageObject","inLanguage":"de","@id":"https:\/\/www.pressenza.com\/de\/#\/schema\/logo\/image\/","url":"https:\/\/www.pressenza.com\/wp-content\/uploads\/2022\/10\/pressenza_logo_200x200.jpg","contentUrl":"https:\/\/www.pressenza.com\/wp-content\/uploads\/2022\/10\/pressenza_logo_200x200.jpg","width":200,"height":200,"caption":"Pressenza"},"image":{"@id":"https:\/\/www.pressenza.com\/de\/#\/schema\/logo\/image\/"},"sameAs":["https:\/\/www.facebook.com\/PressenzaItalia","https:\/\/x.com\/PressenzaIPA"]},{"@type":"Person","@id":"https:\/\/www.pressenza.com\/de\/#\/schema\/person\/65976e5880ee37f0ffc0cea7b0d6f456","name":"GERMAN-FOREIGN-POLICY.com","description":"Information on German Foreign Policy Articles and photographs by german-foreign-policy.com on Pressenza do not fall under the Creative Commons license and are not reproducible in any way. \"Information on German Foreign Policy\" (german-foreign-policy.com) is compiled by a group of independent journalists and social scientists who observe, on an ongoing basis, Germany's renewed attempts to regain great power status in the economic, military and political arena.","url":"https:\/\/www.pressenza.com\/de\/author\/german-foreign-policy-com\/"}]}},"place":"","original_article_url":"https:\/\/www.german-foreign-policy.com\/news\/detail\/9553","_links":{"self":[{"href":"https:\/\/www.pressenza.com\/de\/wp-json\/wp\/v2\/posts\/2373995","targetHints":{"allow":["GET"]}}],"collection":[{"href":"https:\/\/www.pressenza.com\/de\/wp-json\/wp\/v2\/posts"}],"about":[{"href":"https:\/\/www.pressenza.com\/de\/wp-json\/wp\/v2\/types\/post"}],"author":[{"embeddable":true,"href":"https:\/\/www.pressenza.com\/de\/wp-json\/wp\/v2\/users\/1516"}],"replies":[{"embeddable":true,"href":"https:\/\/www.pressenza.com\/de\/wp-json\/wp\/v2\/comments?post=2373995"}],"version-history":[{"count":0,"href":"https:\/\/www.pressenza.com\/de\/wp-json\/wp\/v2\/posts\/2373995\/revisions"}],"wp:featuredmedia":[{"embeddable":true,"href":"https:\/\/www.pressenza.com\/de\/wp-json\/wp\/v2\/media\/2373997"}],"wp:attachment":[{"href":"https:\/\/www.pressenza.com\/de\/wp-json\/wp\/v2\/media?parent=2373995"}],"wp:term":[{"taxonomy":"category","embeddable":true,"href":"https:\/\/www.pressenza.com\/de\/wp-json\/wp\/v2\/categories?post=2373995"},{"taxonomy":"post_tag","embeddable":true,"href":"https:\/\/www.pressenza.com\/de\/wp-json\/wp\/v2\/tags?post=2373995"}],"curies":[{"name":"wp","href":"https:\/\/api.w.org\/{rel}","templated":true}]}}