{"id":236558,"date":"2015-10-21T14:33:58","date_gmt":"2015-10-21T13:33:58","guid":{"rendered":"http:\/\/www.pressenza.com\/de\/?p=236558"},"modified":"2015-10-21T14:41:54","modified_gmt":"2015-10-21T13:41:54","slug":"gratulation-zur-verleihung-des-4-internationalen-willy-brandt-preises-fuer-die-ungarische-philosophin-agnes-heller-und-fuer-die-britische-journalistin-sarah-harrison","status":"publish","type":"post","link":"https:\/\/www.pressenza.com\/de\/2015\/10\/gratulation-zur-verleihung-des-4-internationalen-willy-brandt-preises-fuer-die-ungarische-philosophin-agnes-heller-und-fuer-die-britische-journalistin-sarah-harrison\/","title":{"rendered":"Gratulation zur Verleihung des 4. Internationalen Willy-Brandt-Preises f\u00fcr die ungarische Philosophin Agnes Heller und f\u00fcr die britische Journalistin Sarah Harrison"},"content":{"rendered":"<p><strong>Der Internationale Willy-Brandt-Preis wird von der SPD j\u00e4hrlich an herausragende Pers\u00f6nlichkeiten verliehen, die sich im Sinne des ehemaligen deutschen Bundeskanzlers, Friedensnobelpreistr\u00e4gers und SPD-Vorsitzenden Willy Brandt in besonderer Weise f\u00fcr Verst\u00e4ndigung und Frieden verdient gemacht haben. Dieser Preis wurde anl\u00e4asslich des 40. Jahrestags von Willy Brandts Kniefall in Warschau ins Leben gerufen. Die Jury, die dem SPD-Parteivorstand den Preistr\u00e4ger oder die Preistr\u00e4gerin vorschl\u00e4gt, sitzt Prof. Dr. Julian Nida-R\u00fcmelin vor. Er hat die Aufgabe von Egon Bahr \u00fcbernommen, der den Internationalen Willy-Brandt-Preis mit ins Leben gerufen hat und bis zu seinem Tod im August 2015 Vorsitzender der Jury war.<\/strong><\/p>\n<p>Es war der Jury eine gro\u00dfe Ehre, den 4. Internationalen Willy-Brandt-Preis an die ungarische Professorin und Philosophin Anges Heller zu verleihen. Mit diesem Ehrenpreis w\u00fcrdigte die SPD ihren beispielgebenden Einsatz f\u00fcr Freiheit und Verst\u00e4ndigung in Europa. Als \u00fcberzeugte K\u00e4mpferin gegen Anitsemitsmus, Rassismus und Diskriminierung stellt sie sich auch in aller Deutlichkeit gegen einen neuen Autoritarismus in ihrem eigenen Land. Die Laudation hielt der SPD Parteivorsitzender und Vizekanzler, Sigmar Gabriel, f\u00fcr diese Preistr\u00e4gerin.<\/p>\n<p>\u201eSchreiben, Nachdenken, Sprechen, das ist mein Leben\u201c, sagt \u00c1gnes Heller. Mit der Ungarin erh\u00e4lt eine der bedeutendsten Philosophinnen des 20. und 21. Jahrhunderts den diesj\u00e4hrigen Preis. Sie \u00fcberlebte den Faschismus und litt unter dem Stalinismus. Heute \u00fcbt sie scharfe Kritik an Ungarns Regierungschef Orb\u00e1n.<\/p>\n<p>\u00c1gnes Heller wurde 1929 als Tochter j\u00fcdischer Eltern in Budapest geboren. Ihr Vater und zahlreiche Verwandte wurden von den Nazis in Konzentrationslagern ermordet. Mit sehr viel Gl\u00fcck entkamen sie und ihre Mutter dem Tod.<\/p>\n<p>Nach 1945 machte sie sich w\u00e4hrend ihres Studiums als Sch\u00fclerin des marxistischen Philosophen Georg Luk\u00e1cs einen Namen und trat in die kommunistische Partei ein. \u201eIch habe mich nach der H\u00f6lle des Nationalsozialismus nach Erl\u00f6sung gesehnt, ganz einfach. Ich suchte Gemeinschaft und Einfachheit, also bin ich 1947 eingetreten. Ich war mir sicher, dass die Partei nur die schlechte Umsetzung einer guten Sache ist, musste aber bald darauf feststellen, dass der Parteialltag \u00fcberhaupt nichts mit meinen Ideen zu tun hatte\u201c, so Heller. W\u00e4hrend der Preisverleihung riss sie die G\u00e4ste und Zuh\u00f6rer mit ihren klaren philsophischen, humanistischen Erkl\u00e4rungen sofort in den Bann der Philsophie.<\/p>\n<p>Der Sonderpreis f\u00fcr besonderen politischen Mut wurde in diesem Jahr an die britische, investigative Journalistin Sarah Harrison verliehen. Sarah Harrison hat mit ihrem Engagement f\u00fcr WikiLeaks und speizell durch ihre journalistische Begleitung von Edward Snowden nach Moskau gro\u00dfen politischen Mut bewiesen. Ihr Wirken steht exemplarisch f\u00fcr das Streben nach Transparenz f\u00fcr die Regierungen und den Einsatz gegen die digitale Massen\u00fcberwachung. Die Laudation hielt Prof. Dr. Julian Nida-R\u00fcmelin f\u00fcr diese Preistr\u00e4gerin.<\/p>\n<p>Bekannt wurde Sarah Harrison durch ihr Engagement f\u00fcr die Enth\u00fcllungsplattform WikiLeaks und ihre Unterst\u00fctzung f\u00fcr verschiedene Whistleblower (Enth\u00fcller, Ermittler oder Hinweisgeber). Im Sommer 2013 blieb sie an der Seite von Edward Snowden auf seiner Flucht in den Moskauer Flughafen. Die Britin unterst\u00fctzte Snowden bei seinem Asylantrag in Russland. Einige Jahre zuvor arbeitete sie mit den WikiLeaks-Gr\u00fcnder Julian Assange zusammen. Sie half ihm auch bei seiner Flucht in die ecuadorianische Botschaft in London, in der er sich seit \u00fcber drei Jahren befindet. Das Zitat &#8222;Mut ist ansteckend&#8220;\u00a0stammt von ihm.<\/p>\n<p>&#8222;Ihr Wirken stehe exemplarisch f\u00fcr das Streben nach Transparenz und den Einsatz gegen ausufernde \u00dcberwachung&#8220;, begr\u00fcndet die SPD die Wahl. &#8222;Sarah Harrison hat mit ihrem Engagement f\u00fcr WikiLeaks und speziell in der Begleitung von Edward Snowden gro\u00dfen politischen Mut bewiesen.&#8220;\u00a0In Deutschland war lange \u00fcber ein Asyl f\u00fcr Edward Snowden gestritten worden. Nach den Monaten an der Seite von Edward Snowden zogen sie nach Berlin, da sie bef\u00fcrchtet, bei einer R\u00fcckkehr nach Gro\u00dfbritannien festgenommen zu werden.<\/p>\n<p>In <a href=\"https:\/\/wikileaks.org\/Sarah-Harrison-acceptance-speech.html\">ihrer Rede<\/a> sagte sie, dass es ihr eine gro\u00dfe Ehre sei, den Willy Brant-Preis f\u00fcr ihren politischen Mut zu erhalten. Ihr politisches Engagement steht immer mit WikiLeaks im Zusammenhang. Vorrangig gilt ihr Schutz Edward Snowden und ihrem Redakteur Julian Assange. Daran arbeiten nat\u00fcrlich viele andere flei\u00dfige Forscher, Journalisten, Rechtsteams sowie technische Ingenieure hinter den Kulissen. Dieser Erfolg w\u00e4re nicht allein durch sie m\u00f6glich, sondern sie teilt diese hohe Auszeichnung mit ihnen Mitarbeitern. Sie bedankte sich f\u00fcr die viele Unterst\u00fctzung der Menschen in Berlin und f\u00fcr die unersch\u00fctterliche Unterst\u00fctzung ihrer Familie, die bei der Verleihung anwesend war und die ihr die n\u00f6tige Kraft f\u00fcr diese journalistische Arbeit geben.<\/p>\n<p>Aufgrund rechtlicher Beratungen in Bezug auf den Missbrauch des Anti-Terror Gesetzes wurde Sarah Harrison angeraten, nicht zur\u00fcck nach Gro\u00dfbritannien zukehren. Ihr Heimatland Gro\u00dfbritannien verwende den Begriff Gef\u00e4hrdung der &#8222;nationale Sicherheit&#8220; f\u00e4lschlicherweise als Panikmache, um den Versuch zu rechtfertigen, die Arbeit der Journalisten und deren Rechte einzuschr\u00e4nken. \u00dcberall in Deutschland sieht man die Plakate und Aufkleber mit dem Aufdruck &#8222;Asyl f\u00fcr Snowden&#8220;. Der erste parlamentarische Untersuchungsausschuss des Deutschen Bundestages zur Massen\u00fcberwachung der NSA wurde im Zuge mit den Enth\u00fcllungen von Edward Snowden ins Leben gerufen.<\/p>\n<p>Sarah Harrison forderte in ihrer Rede: \u201ePolitisches Handeln zum Schutz von Herrn Assange. Politisches Handeln zum Schutz von Herrn Snowden. Politisches Handeln zum Schutz der Menschen in Deutschland vor der US-Massen\u00fcberwachung&#8220;. &#8222;Wie Willy Brandt sagte: Wir wollen mehr Demokratie wagen&#8220;, f\u00fcgte sie hinzu.<\/p>\n<p>Die SPD zeige einen guten Schritt in die richtige Richtung und auf dem Weg von Willy Brandt. Sie steht f\u00fcr unsere Rechte, die Demokratie, die Sicherheit und das Recht auf Asyl ein. Willy Brandt verbrachte mehrere Jahre als politischer Fl\u00fcchtling im Ausland und war auch gezwungen, seinen Namen f\u00fcr seine Sicherheit zu \u00e4ndern. Diese heutige Auszeichnung ist f\u00fcr diejenigen, die als Fl\u00fcchtling wegen ihrer politischen Arbeit gezwungen werden, ihren Namen zu \u00e4ndern. Und das gilt vor allem f\u00fcr WikiLeaks und dessen Herausgeber Julian Assange, dem im Gegensatz zu Willy Brandt, sein Recht auf Asyl verweigert wird, und der durch eine Polizeibelagerung in den letzten drei Jahre in einer Botschaft in London eingesperrt ist.<\/p>\n<p>Sie hofft, dass diese hohe Auszeichnung der erste Schritt in eine proaktive und entscheidende Richtung ist, und damit ein Zeichen f\u00fcr den Schutz und den Kampf der \u201eWahrheitssager\u201c in Deutschland gesetzt wird.<\/p>\n<p>In Agnes Heller spiegeln sich die Inspiration zum philosophischen Nachdenken und der Mut zum politischen Handeln ein Leben lang wider. In Sarah Harrison spiegeln sich die freie Meinungs\u00e4u\u00dferung und der Mut zur Wahrheit im Journalismus wider.<\/p>\n","protected":false},"excerpt":{"rendered":"<p>Der Internationale Willy-Brandt-Preis wird von der SPD j\u00e4hrlich an herausragende Pers\u00f6nlichkeiten verliehen, die sich im Sinne des ehemaligen deutschen Bundeskanzlers, Friedensnobelpreistr\u00e4gers und SPD-Vorsitzenden Willy Brandt in besonderer Weise f\u00fcr Verst\u00e4ndigung und Frieden verdient gemacht haben. Dieser Preis wurde anl\u00e4asslich des&hellip;<\/p>\n","protected":false},"author":1161,"featured_media":236559,"comment_status":"closed","ping_status":"open","sticky":false,"template":"","format":"standard","meta":{"footnotes":""},"categories":[7835,9168],"tags":[20114,21013,9821,20112,16398,11997,21012],"class_list":["post-236558","post","type-post","status-publish","format-standard","has-post-thumbnail","hentry","category-international-de","category-politik","tag-agnes-heller","tag-auszeichnung","tag-demokratie","tag-sarah-harrison","tag-spd","tag-wikileaks-de","tag-willy-brandt-preis-2015"],"yoast_head":"<!-- This site is optimized with the Yoast SEO plugin v27.1.1 - https:\/\/yoast.com\/product\/yoast-seo-wordpress\/ -->\n<title>Gratulation zur Verleihung des 4. Internationalen Willy-Brandt-Preises f\u00fcr die ungarische Philosophin Agnes Heller und f\u00fcr die britische Journalistin Sarah Harrison<\/title>\n<meta name=\"description\" content=\"Der Internationale Willy-Brandt-Preis wird von der SPD j\u00e4hrlich an herausragende Pers\u00f6nlichkeiten verliehen, die sich im Sinne des ehemaligen deutschen\" \/>\n<meta name=\"robots\" content=\"index, follow, max-snippet:-1, max-image-preview:large, max-video-preview:-1\" \/>\n<link rel=\"canonical\" href=\"https:\/\/www.pressenza.com\/de\/2015\/10\/gratulation-zur-verleihung-des-4-internationalen-willy-brandt-preises-fuer-die-ungarische-philosophin-agnes-heller-und-fuer-die-britische-journalistin-sarah-harrison\/\" \/>\n<meta property=\"og:locale\" content=\"de_DE\" \/>\n<meta property=\"og:type\" content=\"article\" \/>\n<meta property=\"og:title\" content=\"Gratulation zur Verleihung des 4. Internationalen Willy-Brandt-Preises f\u00fcr die ungarische Philosophin Agnes Heller und f\u00fcr die britische Journalistin Sarah Harrison\" \/>\n<meta property=\"og:description\" content=\"Der Internationale Willy-Brandt-Preis wird von der SPD j\u00e4hrlich an herausragende Pers\u00f6nlichkeiten verliehen, die sich im Sinne des ehemaligen deutschen\" \/>\n<meta property=\"og:url\" content=\"https:\/\/www.pressenza.com\/de\/2015\/10\/gratulation-zur-verleihung-des-4-internationalen-willy-brandt-preises-fuer-die-ungarische-philosophin-agnes-heller-und-fuer-die-britische-journalistin-sarah-harrison\/\" \/>\n<meta property=\"og:site_name\" content=\"Pressenza\" \/>\n<meta property=\"article:publisher\" content=\"https:\/\/www.facebook.com\/PressenzaItalia\" \/>\n<meta property=\"article:published_time\" content=\"2015-10-21T13:33:58+00:00\" \/>\n<meta property=\"article:modified_time\" content=\"2015-10-21T13:41:54+00:00\" \/>\n<meta property=\"og:image\" content=\"https:\/\/www.pressenza.com\/wp-content\/uploads\/2015\/10\/Willy-Brandt-Preis.jpg\" \/>\n\t<meta property=\"og:image:width\" content=\"468\" \/>\n\t<meta property=\"og:image:height\" content=\"434\" \/>\n\t<meta property=\"og:image:type\" content=\"image\/jpeg\" \/>\n<meta name=\"author\" content=\"Sabine Bock\" \/>\n<meta name=\"twitter:card\" content=\"summary_large_image\" \/>\n<meta name=\"twitter:creator\" content=\"@PressenzaIPA\" \/>\n<meta name=\"twitter:site\" content=\"@PressenzaIPA\" \/>\n<meta name=\"twitter:label1\" content=\"Verfasst von\" \/>\n\t<meta name=\"twitter:data1\" content=\"Sabine Bock\" \/>\n\t<meta name=\"twitter:label2\" content=\"Gesch\u00e4tzte Lesezeit\" \/>\n\t<meta name=\"twitter:data2\" content=\"5\u00a0Minuten\" \/>\n<script type=\"application\/ld+json\" class=\"yoast-schema-graph\">{\"@context\":\"https:\/\/schema.org\",\"@graph\":[{\"@type\":\"Article\",\"@id\":\"https:\/\/www.pressenza.com\/de\/2015\/10\/gratulation-zur-verleihung-des-4-internationalen-willy-brandt-preises-fuer-die-ungarische-philosophin-agnes-heller-und-fuer-die-britische-journalistin-sarah-harrison\/#article\",\"isPartOf\":{\"@id\":\"https:\/\/www.pressenza.com\/de\/2015\/10\/gratulation-zur-verleihung-des-4-internationalen-willy-brandt-preises-fuer-die-ungarische-philosophin-agnes-heller-und-fuer-die-britische-journalistin-sarah-harrison\/\"},\"author\":{\"name\":\"Sabine Bock\",\"@id\":\"https:\/\/www.pressenza.com\/de\/#\/schema\/person\/77c586798841957edf9836a82213dd04\"},\"headline\":\"Gratulation zur Verleihung des 4. Internationalen Willy-Brandt-Preises f\u00fcr die ungarische Philosophin Agnes Heller und f\u00fcr die britische Journalistin Sarah Harrison\",\"datePublished\":\"2015-10-21T13:33:58+00:00\",\"dateModified\":\"2015-10-21T13:41:54+00:00\",\"mainEntityOfPage\":{\"@id\":\"https:\/\/www.pressenza.com\/de\/2015\/10\/gratulation-zur-verleihung-des-4-internationalen-willy-brandt-preises-fuer-die-ungarische-philosophin-agnes-heller-und-fuer-die-britische-journalistin-sarah-harrison\/\"},\"wordCount\":1099,\"publisher\":{\"@id\":\"https:\/\/www.pressenza.com\/de\/#organization\"},\"image\":{\"@id\":\"https:\/\/www.pressenza.com\/de\/2015\/10\/gratulation-zur-verleihung-des-4-internationalen-willy-brandt-preises-fuer-die-ungarische-philosophin-agnes-heller-und-fuer-die-britische-journalistin-sarah-harrison\/#primaryimage\"},\"thumbnailUrl\":\"https:\/\/www.pressenza.com\/wp-content\/uploads\/2015\/10\/Willy-Brandt-Preis.jpg\",\"keywords\":[\"\u00c1gnes Heller\",\"Auszeichnung\",\"Demokratie\",\"Sarah Harrison\",\"SPD\",\"Wikileaks\",\"Willy Brandt Preis 2015\"],\"articleSection\":[\"International\",\"Politik\"],\"inLanguage\":\"de\"},{\"@type\":\"WebPage\",\"@id\":\"https:\/\/www.pressenza.com\/de\/2015\/10\/gratulation-zur-verleihung-des-4-internationalen-willy-brandt-preises-fuer-die-ungarische-philosophin-agnes-heller-und-fuer-die-britische-journalistin-sarah-harrison\/\",\"url\":\"https:\/\/www.pressenza.com\/de\/2015\/10\/gratulation-zur-verleihung-des-4-internationalen-willy-brandt-preises-fuer-die-ungarische-philosophin-agnes-heller-und-fuer-die-britische-journalistin-sarah-harrison\/\",\"name\":\"Gratulation zur Verleihung des 4. Internationalen Willy-Brandt-Preises f\u00fcr die ungarische Philosophin Agnes Heller und f\u00fcr die britische Journalistin Sarah Harrison\",\"isPartOf\":{\"@id\":\"https:\/\/www.pressenza.com\/de\/#website\"},\"primaryImageOfPage\":{\"@id\":\"https:\/\/www.pressenza.com\/de\/2015\/10\/gratulation-zur-verleihung-des-4-internationalen-willy-brandt-preises-fuer-die-ungarische-philosophin-agnes-heller-und-fuer-die-britische-journalistin-sarah-harrison\/#primaryimage\"},\"image\":{\"@id\":\"https:\/\/www.pressenza.com\/de\/2015\/10\/gratulation-zur-verleihung-des-4-internationalen-willy-brandt-preises-fuer-die-ungarische-philosophin-agnes-heller-und-fuer-die-britische-journalistin-sarah-harrison\/#primaryimage\"},\"thumbnailUrl\":\"https:\/\/www.pressenza.com\/wp-content\/uploads\/2015\/10\/Willy-Brandt-Preis.jpg\",\"datePublished\":\"2015-10-21T13:33:58+00:00\",\"dateModified\":\"2015-10-21T13:41:54+00:00\",\"description\":\"Der Internationale Willy-Brandt-Preis wird von der SPD j\u00e4hrlich an herausragende Pers\u00f6nlichkeiten verliehen, die sich im Sinne des ehemaligen deutschen\",\"breadcrumb\":{\"@id\":\"https:\/\/www.pressenza.com\/de\/2015\/10\/gratulation-zur-verleihung-des-4-internationalen-willy-brandt-preises-fuer-die-ungarische-philosophin-agnes-heller-und-fuer-die-britische-journalistin-sarah-harrison\/#breadcrumb\"},\"inLanguage\":\"de\",\"potentialAction\":[{\"@type\":\"ReadAction\",\"target\":[\"https:\/\/www.pressenza.com\/de\/2015\/10\/gratulation-zur-verleihung-des-4-internationalen-willy-brandt-preises-fuer-die-ungarische-philosophin-agnes-heller-und-fuer-die-britische-journalistin-sarah-harrison\/\"]}]},{\"@type\":\"ImageObject\",\"inLanguage\":\"de\",\"@id\":\"https:\/\/www.pressenza.com\/de\/2015\/10\/gratulation-zur-verleihung-des-4-internationalen-willy-brandt-preises-fuer-die-ungarische-philosophin-agnes-heller-und-fuer-die-britische-journalistin-sarah-harrison\/#primaryimage\",\"url\":\"https:\/\/www.pressenza.com\/wp-content\/uploads\/2015\/10\/Willy-Brandt-Preis.jpg\",\"contentUrl\":\"https:\/\/www.pressenza.com\/wp-content\/uploads\/2015\/10\/Willy-Brandt-Preis.jpg\",\"width\":468,\"height\":434},{\"@type\":\"BreadcrumbList\",\"@id\":\"https:\/\/www.pressenza.com\/de\/2015\/10\/gratulation-zur-verleihung-des-4-internationalen-willy-brandt-preises-fuer-die-ungarische-philosophin-agnes-heller-und-fuer-die-britische-journalistin-sarah-harrison\/#breadcrumb\",\"itemListElement\":[{\"@type\":\"ListItem\",\"position\":1,\"name\":\"Accueil\",\"item\":\"https:\/\/www.pressenza.com\/de\/\"},{\"@type\":\"ListItem\",\"position\":2,\"name\":\"Gratulation zur Verleihung des 4. Internationalen Willy-Brandt-Preises f\u00fcr die ungarische Philosophin Agnes Heller und f\u00fcr die britische Journalistin Sarah Harrison\"}]},{\"@type\":\"WebSite\",\"@id\":\"https:\/\/www.pressenza.com\/de\/#website\",\"url\":\"https:\/\/www.pressenza.com\/de\/\",\"name\":\"Pressenza\",\"description\":\"International Press Agency\",\"publisher\":{\"@id\":\"https:\/\/www.pressenza.com\/de\/#organization\"},\"potentialAction\":[{\"@type\":\"SearchAction\",\"target\":{\"@type\":\"EntryPoint\",\"urlTemplate\":\"https:\/\/www.pressenza.com\/de\/?s={search_term_string}\"},\"query-input\":{\"@type\":\"PropertyValueSpecification\",\"valueRequired\":true,\"valueName\":\"search_term_string\"}}],\"inLanguage\":\"de\"},{\"@type\":\"Organization\",\"@id\":\"https:\/\/www.pressenza.com\/de\/#organization\",\"name\":\"Pressenza\",\"url\":\"https:\/\/www.pressenza.com\/de\/\",\"logo\":{\"@type\":\"ImageObject\",\"inLanguage\":\"de\",\"@id\":\"https:\/\/www.pressenza.com\/de\/#\/schema\/logo\/image\/\",\"url\":\"https:\/\/www.pressenza.com\/wp-content\/uploads\/2022\/10\/pressenza_logo_200x200.jpg\",\"contentUrl\":\"https:\/\/www.pressenza.com\/wp-content\/uploads\/2022\/10\/pressenza_logo_200x200.jpg\",\"width\":200,\"height\":200,\"caption\":\"Pressenza\"},\"image\":{\"@id\":\"https:\/\/www.pressenza.com\/de\/#\/schema\/logo\/image\/\"},\"sameAs\":[\"https:\/\/www.facebook.com\/PressenzaItalia\",\"https:\/\/x.com\/PressenzaIPA\"]},{\"@type\":\"Person\",\"@id\":\"https:\/\/www.pressenza.com\/de\/#\/schema\/person\/77c586798841957edf9836a82213dd04\",\"name\":\"Sabine Bock\",\"url\":\"https:\/\/www.pressenza.com\/de\/author\/sabine-bock\/\"}]}<\/script>\n<!-- \/ Yoast SEO plugin. -->","yoast_head_json":{"title":"Gratulation zur Verleihung des 4. Internationalen Willy-Brandt-Preises f\u00fcr die ungarische Philosophin Agnes Heller und f\u00fcr die britische Journalistin Sarah Harrison","description":"Der Internationale Willy-Brandt-Preis wird von der SPD j\u00e4hrlich an herausragende Pers\u00f6nlichkeiten verliehen, die sich im Sinne des ehemaligen deutschen","robots":{"index":"index","follow":"follow","max-snippet":"max-snippet:-1","max-image-preview":"max-image-preview:large","max-video-preview":"max-video-preview:-1"},"canonical":"https:\/\/www.pressenza.com\/de\/2015\/10\/gratulation-zur-verleihung-des-4-internationalen-willy-brandt-preises-fuer-die-ungarische-philosophin-agnes-heller-und-fuer-die-britische-journalistin-sarah-harrison\/","og_locale":"de_DE","og_type":"article","og_title":"Gratulation zur Verleihung des 4. Internationalen Willy-Brandt-Preises f\u00fcr die ungarische Philosophin Agnes Heller und f\u00fcr die britische Journalistin Sarah Harrison","og_description":"Der Internationale Willy-Brandt-Preis wird von der SPD j\u00e4hrlich an herausragende Pers\u00f6nlichkeiten verliehen, die sich im Sinne des ehemaligen deutschen","og_url":"https:\/\/www.pressenza.com\/de\/2015\/10\/gratulation-zur-verleihung-des-4-internationalen-willy-brandt-preises-fuer-die-ungarische-philosophin-agnes-heller-und-fuer-die-britische-journalistin-sarah-harrison\/","og_site_name":"Pressenza","article_publisher":"https:\/\/www.facebook.com\/PressenzaItalia","article_published_time":"2015-10-21T13:33:58+00:00","article_modified_time":"2015-10-21T13:41:54+00:00","og_image":[{"width":468,"height":434,"url":"https:\/\/www.pressenza.com\/wp-content\/uploads\/2015\/10\/Willy-Brandt-Preis.jpg","type":"image\/jpeg"}],"author":"Sabine Bock","twitter_card":"summary_large_image","twitter_creator":"@PressenzaIPA","twitter_site":"@PressenzaIPA","twitter_misc":{"Verfasst von":"Sabine Bock","Gesch\u00e4tzte Lesezeit":"5\u00a0Minuten"},"schema":{"@context":"https:\/\/schema.org","@graph":[{"@type":"Article","@id":"https:\/\/www.pressenza.com\/de\/2015\/10\/gratulation-zur-verleihung-des-4-internationalen-willy-brandt-preises-fuer-die-ungarische-philosophin-agnes-heller-und-fuer-die-britische-journalistin-sarah-harrison\/#article","isPartOf":{"@id":"https:\/\/www.pressenza.com\/de\/2015\/10\/gratulation-zur-verleihung-des-4-internationalen-willy-brandt-preises-fuer-die-ungarische-philosophin-agnes-heller-und-fuer-die-britische-journalistin-sarah-harrison\/"},"author":{"name":"Sabine Bock","@id":"https:\/\/www.pressenza.com\/de\/#\/schema\/person\/77c586798841957edf9836a82213dd04"},"headline":"Gratulation zur Verleihung des 4. Internationalen Willy-Brandt-Preises f\u00fcr die ungarische Philosophin Agnes Heller und f\u00fcr die britische Journalistin Sarah Harrison","datePublished":"2015-10-21T13:33:58+00:00","dateModified":"2015-10-21T13:41:54+00:00","mainEntityOfPage":{"@id":"https:\/\/www.pressenza.com\/de\/2015\/10\/gratulation-zur-verleihung-des-4-internationalen-willy-brandt-preises-fuer-die-ungarische-philosophin-agnes-heller-und-fuer-die-britische-journalistin-sarah-harrison\/"},"wordCount":1099,"publisher":{"@id":"https:\/\/www.pressenza.com\/de\/#organization"},"image":{"@id":"https:\/\/www.pressenza.com\/de\/2015\/10\/gratulation-zur-verleihung-des-4-internationalen-willy-brandt-preises-fuer-die-ungarische-philosophin-agnes-heller-und-fuer-die-britische-journalistin-sarah-harrison\/#primaryimage"},"thumbnailUrl":"https:\/\/www.pressenza.com\/wp-content\/uploads\/2015\/10\/Willy-Brandt-Preis.jpg","keywords":["\u00c1gnes Heller","Auszeichnung","Demokratie","Sarah Harrison","SPD","Wikileaks","Willy Brandt Preis 2015"],"articleSection":["International","Politik"],"inLanguage":"de"},{"@type":"WebPage","@id":"https:\/\/www.pressenza.com\/de\/2015\/10\/gratulation-zur-verleihung-des-4-internationalen-willy-brandt-preises-fuer-die-ungarische-philosophin-agnes-heller-und-fuer-die-britische-journalistin-sarah-harrison\/","url":"https:\/\/www.pressenza.com\/de\/2015\/10\/gratulation-zur-verleihung-des-4-internationalen-willy-brandt-preises-fuer-die-ungarische-philosophin-agnes-heller-und-fuer-die-britische-journalistin-sarah-harrison\/","name":"Gratulation zur Verleihung des 4. Internationalen Willy-Brandt-Preises f\u00fcr die ungarische Philosophin Agnes Heller und f\u00fcr die britische Journalistin Sarah Harrison","isPartOf":{"@id":"https:\/\/www.pressenza.com\/de\/#website"},"primaryImageOfPage":{"@id":"https:\/\/www.pressenza.com\/de\/2015\/10\/gratulation-zur-verleihung-des-4-internationalen-willy-brandt-preises-fuer-die-ungarische-philosophin-agnes-heller-und-fuer-die-britische-journalistin-sarah-harrison\/#primaryimage"},"image":{"@id":"https:\/\/www.pressenza.com\/de\/2015\/10\/gratulation-zur-verleihung-des-4-internationalen-willy-brandt-preises-fuer-die-ungarische-philosophin-agnes-heller-und-fuer-die-britische-journalistin-sarah-harrison\/#primaryimage"},"thumbnailUrl":"https:\/\/www.pressenza.com\/wp-content\/uploads\/2015\/10\/Willy-Brandt-Preis.jpg","datePublished":"2015-10-21T13:33:58+00:00","dateModified":"2015-10-21T13:41:54+00:00","description":"Der Internationale Willy-Brandt-Preis wird von der SPD j\u00e4hrlich an herausragende Pers\u00f6nlichkeiten verliehen, die sich im Sinne des ehemaligen deutschen","breadcrumb":{"@id":"https:\/\/www.pressenza.com\/de\/2015\/10\/gratulation-zur-verleihung-des-4-internationalen-willy-brandt-preises-fuer-die-ungarische-philosophin-agnes-heller-und-fuer-die-britische-journalistin-sarah-harrison\/#breadcrumb"},"inLanguage":"de","potentialAction":[{"@type":"ReadAction","target":["https:\/\/www.pressenza.com\/de\/2015\/10\/gratulation-zur-verleihung-des-4-internationalen-willy-brandt-preises-fuer-die-ungarische-philosophin-agnes-heller-und-fuer-die-britische-journalistin-sarah-harrison\/"]}]},{"@type":"ImageObject","inLanguage":"de","@id":"https:\/\/www.pressenza.com\/de\/2015\/10\/gratulation-zur-verleihung-des-4-internationalen-willy-brandt-preises-fuer-die-ungarische-philosophin-agnes-heller-und-fuer-die-britische-journalistin-sarah-harrison\/#primaryimage","url":"https:\/\/www.pressenza.com\/wp-content\/uploads\/2015\/10\/Willy-Brandt-Preis.jpg","contentUrl":"https:\/\/www.pressenza.com\/wp-content\/uploads\/2015\/10\/Willy-Brandt-Preis.jpg","width":468,"height":434},{"@type":"BreadcrumbList","@id":"https:\/\/www.pressenza.com\/de\/2015\/10\/gratulation-zur-verleihung-des-4-internationalen-willy-brandt-preises-fuer-die-ungarische-philosophin-agnes-heller-und-fuer-die-britische-journalistin-sarah-harrison\/#breadcrumb","itemListElement":[{"@type":"ListItem","position":1,"name":"Accueil","item":"https:\/\/www.pressenza.com\/de\/"},{"@type":"ListItem","position":2,"name":"Gratulation zur Verleihung des 4. Internationalen Willy-Brandt-Preises f\u00fcr die ungarische Philosophin Agnes Heller und f\u00fcr die britische Journalistin Sarah Harrison"}]},{"@type":"WebSite","@id":"https:\/\/www.pressenza.com\/de\/#website","url":"https:\/\/www.pressenza.com\/de\/","name":"Pressenza","description":"International Press Agency","publisher":{"@id":"https:\/\/www.pressenza.com\/de\/#organization"},"potentialAction":[{"@type":"SearchAction","target":{"@type":"EntryPoint","urlTemplate":"https:\/\/www.pressenza.com\/de\/?s={search_term_string}"},"query-input":{"@type":"PropertyValueSpecification","valueRequired":true,"valueName":"search_term_string"}}],"inLanguage":"de"},{"@type":"Organization","@id":"https:\/\/www.pressenza.com\/de\/#organization","name":"Pressenza","url":"https:\/\/www.pressenza.com\/de\/","logo":{"@type":"ImageObject","inLanguage":"de","@id":"https:\/\/www.pressenza.com\/de\/#\/schema\/logo\/image\/","url":"https:\/\/www.pressenza.com\/wp-content\/uploads\/2022\/10\/pressenza_logo_200x200.jpg","contentUrl":"https:\/\/www.pressenza.com\/wp-content\/uploads\/2022\/10\/pressenza_logo_200x200.jpg","width":200,"height":200,"caption":"Pressenza"},"image":{"@id":"https:\/\/www.pressenza.com\/de\/#\/schema\/logo\/image\/"},"sameAs":["https:\/\/www.facebook.com\/PressenzaItalia","https:\/\/x.com\/PressenzaIPA"]},{"@type":"Person","@id":"https:\/\/www.pressenza.com\/de\/#\/schema\/person\/77c586798841957edf9836a82213dd04","name":"Sabine Bock","url":"https:\/\/www.pressenza.com\/de\/author\/sabine-bock\/"}]}},"place":"","original_article_url":"","_links":{"self":[{"href":"https:\/\/www.pressenza.com\/de\/wp-json\/wp\/v2\/posts\/236558","targetHints":{"allow":["GET"]}}],"collection":[{"href":"https:\/\/www.pressenza.com\/de\/wp-json\/wp\/v2\/posts"}],"about":[{"href":"https:\/\/www.pressenza.com\/de\/wp-json\/wp\/v2\/types\/post"}],"author":[{"embeddable":true,"href":"https:\/\/www.pressenza.com\/de\/wp-json\/wp\/v2\/users\/1161"}],"replies":[{"embeddable":true,"href":"https:\/\/www.pressenza.com\/de\/wp-json\/wp\/v2\/comments?post=236558"}],"version-history":[{"count":0,"href":"https:\/\/www.pressenza.com\/de\/wp-json\/wp\/v2\/posts\/236558\/revisions"}],"wp:featuredmedia":[{"embeddable":true,"href":"https:\/\/www.pressenza.com\/de\/wp-json\/wp\/v2\/media\/236559"}],"wp:attachment":[{"href":"https:\/\/www.pressenza.com\/de\/wp-json\/wp\/v2\/media?parent=236558"}],"wp:term":[{"taxonomy":"category","embeddable":true,"href":"https:\/\/www.pressenza.com\/de\/wp-json\/wp\/v2\/categories?post=236558"},{"taxonomy":"post_tag","embeddable":true,"href":"https:\/\/www.pressenza.com\/de\/wp-json\/wp\/v2\/tags?post=236558"}],"curies":[{"name":"wp","href":"https:\/\/api.w.org\/{rel}","templated":true}]}}