{"id":230464,"date":"2015-10-05T20:53:27","date_gmt":"2015-10-05T19:53:27","guid":{"rendered":"http:\/\/www.pressenza.com\/de\/?p=230464"},"modified":"2015-10-05T20:54:23","modified_gmt":"2015-10-05T19:54:23","slug":"video-exklusiv-interview-mit-william-binney-ehemals-technischer-direktor-der-nsa","status":"publish","type":"post","link":"https:\/\/www.pressenza.com\/de\/2015\/10\/video-exklusiv-interview-mit-william-binney-ehemals-technischer-direktor-der-nsa\/","title":{"rendered":"VIDEO: Exklusiv-Interview mit William Binney, ehemals technischer Direktor der NSA"},"content":{"rendered":"<p>In diesem Video interviewt acTVism Munich William Binney, um \u00fcber seine Erfahrungen bei der NSA zu sprechen, wo er etwa 36 Jahre lang t\u00e4tig war und Betrug, Verbrechen und Korruption aufdeckte. Andere Themen, die im Detail diskutiert werden, sind die Rolle und Bedeutung von Whistleblowern f\u00fcr die Gesellschaft, Umfang und Kapazit\u00e4t des US-\u00dcberwachungsstaats sowie L\u00f6sungen, derer sich Regierung und Individuum bedienen k\u00f6nnen, um die NSA zu reformieren.<\/p>\n<p><a href=\"http:\/\/www.actvism.org\/interviews\/video-exklusiv-interview-mit-william-binney\/\">Zum Orginalartikel mit Link zum Video <\/a><\/p>\n","protected":false},"excerpt":{"rendered":"<p>In diesem Video interviewt acTVism Munich William Binney, um \u00fcber seine Erfahrungen bei der NSA zu sprechen, wo er etwa 36 Jahre lang t\u00e4tig war und Betrug, Verbrechen und Korruption aufdeckte. Andere Themen, die im Detail diskutiert werden, sind die&hellip;<\/p>\n","protected":false},"author":1188,"featured_media":230479,"comment_status":"closed","ping_status":"open","sticky":false,"template":"","format":"standard","meta":{"footnotes":""},"categories":[9167,7835,9142,9161,9168],"tags":[7780,20394,20587,8283,9060,20401],"class_list":["post-230464","post","type-post","status-publish","format-standard","has-post-thumbnail","hentry","category-frieden-und-abruestung","category-international-de","category-interviews-de","category-menschenrechte","category-politik","tag-activism","tag-actvism-munich","tag-gespraech","tag-privacy","tag-whistleblowers","tag-william-binney"],"yoast_head":"<!-- This site is optimized with the Yoast SEO plugin v27.1.1 - https:\/\/yoast.com\/product\/yoast-seo-wordpress\/ -->\n<title>VIDEO: Exklusiv-Interview mit William Binney, ehemals technischer Direktor der NSA<\/title>\n<meta name=\"description\" content=\"Interview von acTVism Munich mit William Binney \u00fcber etwa 36 Jahre Erfahrungen bei der NSA, wo er Betrug, Verbrechen und Korruption aufdeckte.\" \/>\n<meta name=\"robots\" content=\"index, follow, max-snippet:-1, max-image-preview:large, max-video-preview:-1\" \/>\n<link rel=\"canonical\" href=\"https:\/\/www.pressenza.com\/de\/2015\/10\/video-exklusiv-interview-mit-william-binney-ehemals-technischer-direktor-der-nsa\/\" \/>\n<meta property=\"og:locale\" content=\"de_DE\" \/>\n<meta property=\"og:type\" content=\"article\" \/>\n<meta property=\"og:title\" content=\"VIDEO: Exklusiv-Interview mit William Binney, ehemals technischer Direktor der NSA\" \/>\n<meta property=\"og:description\" content=\"Interview von acTVism Munich mit William Binney \u00fcber etwa 36 Jahre Erfahrungen bei der NSA, wo er Betrug, Verbrechen und Korruption aufdeckte.\" \/>\n<meta property=\"og:url\" content=\"https:\/\/www.pressenza.com\/de\/2015\/10\/video-exklusiv-interview-mit-william-binney-ehemals-technischer-direktor-der-nsa\/\" \/>\n<meta property=\"og:site_name\" content=\"Pressenza\" \/>\n<meta property=\"article:publisher\" content=\"https:\/\/www.facebook.com\/PressenzaItalia\" \/>\n<meta property=\"article:author\" content=\"http:\/\/www.facebook.com\/acTVism\" \/>\n<meta property=\"article:published_time\" content=\"2015-10-05T19:53:27+00:00\" \/>\n<meta property=\"article:modified_time\" content=\"2015-10-05T19:54:23+00:00\" \/>\n<meta property=\"og:image\" content=\"https:\/\/www.pressenza.com\/wp-content\/uploads\/2015\/10\/William-Binney_EN-700x418.jpg\" \/>\n\t<meta property=\"og:image:width\" content=\"700\" \/>\n\t<meta property=\"og:image:height\" content=\"418\" \/>\n\t<meta property=\"og:image:type\" content=\"image\/jpeg\" \/>\n<meta name=\"author\" content=\"acTVism Munich\" \/>\n<meta name=\"twitter:card\" content=\"summary_large_image\" \/>\n<meta name=\"twitter:creator\" content=\"@acTVismMunich\" \/>\n<meta name=\"twitter:site\" content=\"@PressenzaIPA\" \/>\n<meta name=\"twitter:label1\" content=\"Verfasst von\" \/>\n\t<meta name=\"twitter:data1\" content=\"acTVism Munich\" \/>\n<script type=\"application\/ld+json\" class=\"yoast-schema-graph\">{\"@context\":\"https:\/\/schema.org\",\"@graph\":[{\"@type\":\"Article\",\"@id\":\"https:\/\/www.pressenza.com\/de\/2015\/10\/video-exklusiv-interview-mit-william-binney-ehemals-technischer-direktor-der-nsa\/#article\",\"isPartOf\":{\"@id\":\"https:\/\/www.pressenza.com\/de\/2015\/10\/video-exklusiv-interview-mit-william-binney-ehemals-technischer-direktor-der-nsa\/\"},\"author\":{\"name\":\"acTVism Munich\",\"@id\":\"https:\/\/www.pressenza.com\/de\/#\/schema\/person\/99a6415b6c343de2778fc2d410396913\"},\"headline\":\"VIDEO: Exklusiv-Interview mit William Binney, ehemals technischer Direktor der NSA\",\"datePublished\":\"2015-10-05T19:53:27+00:00\",\"dateModified\":\"2015-10-05T19:54:23+00:00\",\"mainEntityOfPage\":{\"@id\":\"https:\/\/www.pressenza.com\/de\/2015\/10\/video-exklusiv-interview-mit-william-binney-ehemals-technischer-direktor-der-nsa\/\"},\"wordCount\":88,\"publisher\":{\"@id\":\"https:\/\/www.pressenza.com\/de\/#organization\"},\"image\":{\"@id\":\"https:\/\/www.pressenza.com\/de\/2015\/10\/video-exklusiv-interview-mit-william-binney-ehemals-technischer-direktor-der-nsa\/#primaryimage\"},\"thumbnailUrl\":\"https:\/\/www.pressenza.com\/wp-content\/uploads\/2015\/10\/William-Binney_EN-700x418.jpg\",\"keywords\":[\"activism\",\"acTVism Munich\",\"Gespr\u00e4ch\",\"privacy\",\"whistleblowers\",\"William Binney\"],\"articleSection\":[\"Frieden und Abr\u00fcstung\",\"International\",\"Interviews\",\"Menschenrechte\",\"Politik\"],\"inLanguage\":\"de\"},{\"@type\":\"WebPage\",\"@id\":\"https:\/\/www.pressenza.com\/de\/2015\/10\/video-exklusiv-interview-mit-william-binney-ehemals-technischer-direktor-der-nsa\/\",\"url\":\"https:\/\/www.pressenza.com\/de\/2015\/10\/video-exklusiv-interview-mit-william-binney-ehemals-technischer-direktor-der-nsa\/\",\"name\":\"VIDEO: Exklusiv-Interview mit William Binney, ehemals technischer Direktor der NSA\",\"isPartOf\":{\"@id\":\"https:\/\/www.pressenza.com\/de\/#website\"},\"primaryImageOfPage\":{\"@id\":\"https:\/\/www.pressenza.com\/de\/2015\/10\/video-exklusiv-interview-mit-william-binney-ehemals-technischer-direktor-der-nsa\/#primaryimage\"},\"image\":{\"@id\":\"https:\/\/www.pressenza.com\/de\/2015\/10\/video-exklusiv-interview-mit-william-binney-ehemals-technischer-direktor-der-nsa\/#primaryimage\"},\"thumbnailUrl\":\"https:\/\/www.pressenza.com\/wp-content\/uploads\/2015\/10\/William-Binney_EN-700x418.jpg\",\"datePublished\":\"2015-10-05T19:53:27+00:00\",\"dateModified\":\"2015-10-05T19:54:23+00:00\",\"description\":\"Interview von acTVism Munich mit William Binney \u00fcber etwa 36 Jahre Erfahrungen bei der NSA, wo er Betrug, Verbrechen und Korruption aufdeckte.\",\"breadcrumb\":{\"@id\":\"https:\/\/www.pressenza.com\/de\/2015\/10\/video-exklusiv-interview-mit-william-binney-ehemals-technischer-direktor-der-nsa\/#breadcrumb\"},\"inLanguage\":\"de\",\"potentialAction\":[{\"@type\":\"ReadAction\",\"target\":[\"https:\/\/www.pressenza.com\/de\/2015\/10\/video-exklusiv-interview-mit-william-binney-ehemals-technischer-direktor-der-nsa\/\"]}]},{\"@type\":\"ImageObject\",\"inLanguage\":\"de\",\"@id\":\"https:\/\/www.pressenza.com\/de\/2015\/10\/video-exklusiv-interview-mit-william-binney-ehemals-technischer-direktor-der-nsa\/#primaryimage\",\"url\":\"https:\/\/www.pressenza.com\/wp-content\/uploads\/2015\/10\/William-Binney_EN-700x418.jpg\",\"contentUrl\":\"https:\/\/www.pressenza.com\/wp-content\/uploads\/2015\/10\/William-Binney_EN-700x418.jpg\",\"width\":700,\"height\":418,\"caption\":\"Bild von acTVism.org\"},{\"@type\":\"BreadcrumbList\",\"@id\":\"https:\/\/www.pressenza.com\/de\/2015\/10\/video-exklusiv-interview-mit-william-binney-ehemals-technischer-direktor-der-nsa\/#breadcrumb\",\"itemListElement\":[{\"@type\":\"ListItem\",\"position\":1,\"name\":\"Accueil\",\"item\":\"https:\/\/www.pressenza.com\/de\/\"},{\"@type\":\"ListItem\",\"position\":2,\"name\":\"VIDEO: Exklusiv-Interview mit William Binney, ehemals technischer Direktor der NSA\"}]},{\"@type\":\"WebSite\",\"@id\":\"https:\/\/www.pressenza.com\/de\/#website\",\"url\":\"https:\/\/www.pressenza.com\/de\/\",\"name\":\"Pressenza\",\"description\":\"International Press Agency\",\"publisher\":{\"@id\":\"https:\/\/www.pressenza.com\/de\/#organization\"},\"potentialAction\":[{\"@type\":\"SearchAction\",\"target\":{\"@type\":\"EntryPoint\",\"urlTemplate\":\"https:\/\/www.pressenza.com\/de\/?s={search_term_string}\"},\"query-input\":{\"@type\":\"PropertyValueSpecification\",\"valueRequired\":true,\"valueName\":\"search_term_string\"}}],\"inLanguage\":\"de\"},{\"@type\":\"Organization\",\"@id\":\"https:\/\/www.pressenza.com\/de\/#organization\",\"name\":\"Pressenza\",\"url\":\"https:\/\/www.pressenza.com\/de\/\",\"logo\":{\"@type\":\"ImageObject\",\"inLanguage\":\"de\",\"@id\":\"https:\/\/www.pressenza.com\/de\/#\/schema\/logo\/image\/\",\"url\":\"https:\/\/www.pressenza.com\/wp-content\/uploads\/2022\/10\/pressenza_logo_200x200.jpg\",\"contentUrl\":\"https:\/\/www.pressenza.com\/wp-content\/uploads\/2022\/10\/pressenza_logo_200x200.jpg\",\"width\":200,\"height\":200,\"caption\":\"Pressenza\"},\"image\":{\"@id\":\"https:\/\/www.pressenza.com\/de\/#\/schema\/logo\/image\/\"},\"sameAs\":[\"https:\/\/www.facebook.com\/PressenzaItalia\",\"https:\/\/x.com\/PressenzaIPA\"]},{\"@type\":\"Person\",\"@id\":\"https:\/\/www.pressenza.com\/de\/#\/schema\/person\/99a6415b6c343de2778fc2d410396913\",\"name\":\"acTVism Munich\",\"description\":\"acTVism Munich is an independent and non-profit global online media network that broadcasts regularly from Munich. Our goal is to surface those issues that are neglected by mainstream media through investigative journalism while remaining as objective as possible. In addition, to attain this goal, acTVism Munich lays great emphasis on arts and culture. To stay in line with this philosophy, we finance ourselves solely through people\u2019s donations. We do not accept any advertisements, governmental or corporate financing. www.actvism.org\/en\/\",\"sameAs\":[\"http:\/\/www.facebook.com\/acTVism\",\"https:\/\/x.com\/acTVismMunich\"],\"url\":\"https:\/\/www.pressenza.com\/de\/author\/actvism-munich\/\"}]}<\/script>\n<!-- \/ Yoast SEO plugin. -->","yoast_head_json":{"title":"VIDEO: Exklusiv-Interview mit William Binney, ehemals technischer Direktor der NSA","description":"Interview von acTVism Munich mit William Binney \u00fcber etwa 36 Jahre Erfahrungen bei der NSA, wo er Betrug, Verbrechen und Korruption aufdeckte.","robots":{"index":"index","follow":"follow","max-snippet":"max-snippet:-1","max-image-preview":"max-image-preview:large","max-video-preview":"max-video-preview:-1"},"canonical":"https:\/\/www.pressenza.com\/de\/2015\/10\/video-exklusiv-interview-mit-william-binney-ehemals-technischer-direktor-der-nsa\/","og_locale":"de_DE","og_type":"article","og_title":"VIDEO: Exklusiv-Interview mit William Binney, ehemals technischer Direktor der NSA","og_description":"Interview von acTVism Munich mit William Binney \u00fcber etwa 36 Jahre Erfahrungen bei der NSA, wo er Betrug, Verbrechen und Korruption aufdeckte.","og_url":"https:\/\/www.pressenza.com\/de\/2015\/10\/video-exklusiv-interview-mit-william-binney-ehemals-technischer-direktor-der-nsa\/","og_site_name":"Pressenza","article_publisher":"https:\/\/www.facebook.com\/PressenzaItalia","article_author":"http:\/\/www.facebook.com\/acTVism","article_published_time":"2015-10-05T19:53:27+00:00","article_modified_time":"2015-10-05T19:54:23+00:00","og_image":[{"width":700,"height":418,"url":"https:\/\/www.pressenza.com\/wp-content\/uploads\/2015\/10\/William-Binney_EN-700x418.jpg","type":"image\/jpeg"}],"author":"acTVism Munich","twitter_card":"summary_large_image","twitter_creator":"@acTVismMunich","twitter_site":"@PressenzaIPA","twitter_misc":{"Verfasst von":"acTVism Munich"},"schema":{"@context":"https:\/\/schema.org","@graph":[{"@type":"Article","@id":"https:\/\/www.pressenza.com\/de\/2015\/10\/video-exklusiv-interview-mit-william-binney-ehemals-technischer-direktor-der-nsa\/#article","isPartOf":{"@id":"https:\/\/www.pressenza.com\/de\/2015\/10\/video-exklusiv-interview-mit-william-binney-ehemals-technischer-direktor-der-nsa\/"},"author":{"name":"acTVism Munich","@id":"https:\/\/www.pressenza.com\/de\/#\/schema\/person\/99a6415b6c343de2778fc2d410396913"},"headline":"VIDEO: Exklusiv-Interview mit William Binney, ehemals technischer Direktor der NSA","datePublished":"2015-10-05T19:53:27+00:00","dateModified":"2015-10-05T19:54:23+00:00","mainEntityOfPage":{"@id":"https:\/\/www.pressenza.com\/de\/2015\/10\/video-exklusiv-interview-mit-william-binney-ehemals-technischer-direktor-der-nsa\/"},"wordCount":88,"publisher":{"@id":"https:\/\/www.pressenza.com\/de\/#organization"},"image":{"@id":"https:\/\/www.pressenza.com\/de\/2015\/10\/video-exklusiv-interview-mit-william-binney-ehemals-technischer-direktor-der-nsa\/#primaryimage"},"thumbnailUrl":"https:\/\/www.pressenza.com\/wp-content\/uploads\/2015\/10\/William-Binney_EN-700x418.jpg","keywords":["activism","acTVism Munich","Gespr\u00e4ch","privacy","whistleblowers","William Binney"],"articleSection":["Frieden und Abr\u00fcstung","International","Interviews","Menschenrechte","Politik"],"inLanguage":"de"},{"@type":"WebPage","@id":"https:\/\/www.pressenza.com\/de\/2015\/10\/video-exklusiv-interview-mit-william-binney-ehemals-technischer-direktor-der-nsa\/","url":"https:\/\/www.pressenza.com\/de\/2015\/10\/video-exklusiv-interview-mit-william-binney-ehemals-technischer-direktor-der-nsa\/","name":"VIDEO: Exklusiv-Interview mit William Binney, ehemals technischer Direktor der NSA","isPartOf":{"@id":"https:\/\/www.pressenza.com\/de\/#website"},"primaryImageOfPage":{"@id":"https:\/\/www.pressenza.com\/de\/2015\/10\/video-exklusiv-interview-mit-william-binney-ehemals-technischer-direktor-der-nsa\/#primaryimage"},"image":{"@id":"https:\/\/www.pressenza.com\/de\/2015\/10\/video-exklusiv-interview-mit-william-binney-ehemals-technischer-direktor-der-nsa\/#primaryimage"},"thumbnailUrl":"https:\/\/www.pressenza.com\/wp-content\/uploads\/2015\/10\/William-Binney_EN-700x418.jpg","datePublished":"2015-10-05T19:53:27+00:00","dateModified":"2015-10-05T19:54:23+00:00","description":"Interview von acTVism Munich mit William Binney \u00fcber etwa 36 Jahre Erfahrungen bei der NSA, wo er Betrug, Verbrechen und Korruption aufdeckte.","breadcrumb":{"@id":"https:\/\/www.pressenza.com\/de\/2015\/10\/video-exklusiv-interview-mit-william-binney-ehemals-technischer-direktor-der-nsa\/#breadcrumb"},"inLanguage":"de","potentialAction":[{"@type":"ReadAction","target":["https:\/\/www.pressenza.com\/de\/2015\/10\/video-exklusiv-interview-mit-william-binney-ehemals-technischer-direktor-der-nsa\/"]}]},{"@type":"ImageObject","inLanguage":"de","@id":"https:\/\/www.pressenza.com\/de\/2015\/10\/video-exklusiv-interview-mit-william-binney-ehemals-technischer-direktor-der-nsa\/#primaryimage","url":"https:\/\/www.pressenza.com\/wp-content\/uploads\/2015\/10\/William-Binney_EN-700x418.jpg","contentUrl":"https:\/\/www.pressenza.com\/wp-content\/uploads\/2015\/10\/William-Binney_EN-700x418.jpg","width":700,"height":418,"caption":"Bild von acTVism.org"},{"@type":"BreadcrumbList","@id":"https:\/\/www.pressenza.com\/de\/2015\/10\/video-exklusiv-interview-mit-william-binney-ehemals-technischer-direktor-der-nsa\/#breadcrumb","itemListElement":[{"@type":"ListItem","position":1,"name":"Accueil","item":"https:\/\/www.pressenza.com\/de\/"},{"@type":"ListItem","position":2,"name":"VIDEO: Exklusiv-Interview mit William Binney, ehemals technischer Direktor der NSA"}]},{"@type":"WebSite","@id":"https:\/\/www.pressenza.com\/de\/#website","url":"https:\/\/www.pressenza.com\/de\/","name":"Pressenza","description":"International Press Agency","publisher":{"@id":"https:\/\/www.pressenza.com\/de\/#organization"},"potentialAction":[{"@type":"SearchAction","target":{"@type":"EntryPoint","urlTemplate":"https:\/\/www.pressenza.com\/de\/?s={search_term_string}"},"query-input":{"@type":"PropertyValueSpecification","valueRequired":true,"valueName":"search_term_string"}}],"inLanguage":"de"},{"@type":"Organization","@id":"https:\/\/www.pressenza.com\/de\/#organization","name":"Pressenza","url":"https:\/\/www.pressenza.com\/de\/","logo":{"@type":"ImageObject","inLanguage":"de","@id":"https:\/\/www.pressenza.com\/de\/#\/schema\/logo\/image\/","url":"https:\/\/www.pressenza.com\/wp-content\/uploads\/2022\/10\/pressenza_logo_200x200.jpg","contentUrl":"https:\/\/www.pressenza.com\/wp-content\/uploads\/2022\/10\/pressenza_logo_200x200.jpg","width":200,"height":200,"caption":"Pressenza"},"image":{"@id":"https:\/\/www.pressenza.com\/de\/#\/schema\/logo\/image\/"},"sameAs":["https:\/\/www.facebook.com\/PressenzaItalia","https:\/\/x.com\/PressenzaIPA"]},{"@type":"Person","@id":"https:\/\/www.pressenza.com\/de\/#\/schema\/person\/99a6415b6c343de2778fc2d410396913","name":"acTVism Munich","description":"acTVism Munich is an independent and non-profit global online media network that broadcasts regularly from Munich. Our goal is to surface those issues that are neglected by mainstream media through investigative journalism while remaining as objective as possible. In addition, to attain this goal, acTVism Munich lays great emphasis on arts and culture. To stay in line with this philosophy, we finance ourselves solely through people\u2019s donations. We do not accept any advertisements, governmental or corporate financing. www.actvism.org\/en\/","sameAs":["http:\/\/www.facebook.com\/acTVism","https:\/\/x.com\/acTVismMunich"],"url":"https:\/\/www.pressenza.com\/de\/author\/actvism-munich\/"}]}},"place":"","original_article_url":"http:\/\/www.actvism.org\/interviews\/video-exklusiv-interview-mit-william-binney\/","_links":{"self":[{"href":"https:\/\/www.pressenza.com\/de\/wp-json\/wp\/v2\/posts\/230464","targetHints":{"allow":["GET"]}}],"collection":[{"href":"https:\/\/www.pressenza.com\/de\/wp-json\/wp\/v2\/posts"}],"about":[{"href":"https:\/\/www.pressenza.com\/de\/wp-json\/wp\/v2\/types\/post"}],"author":[{"embeddable":true,"href":"https:\/\/www.pressenza.com\/de\/wp-json\/wp\/v2\/users\/1188"}],"replies":[{"embeddable":true,"href":"https:\/\/www.pressenza.com\/de\/wp-json\/wp\/v2\/comments?post=230464"}],"version-history":[{"count":0,"href":"https:\/\/www.pressenza.com\/de\/wp-json\/wp\/v2\/posts\/230464\/revisions"}],"wp:featuredmedia":[{"embeddable":true,"href":"https:\/\/www.pressenza.com\/de\/wp-json\/wp\/v2\/media\/230479"}],"wp:attachment":[{"href":"https:\/\/www.pressenza.com\/de\/wp-json\/wp\/v2\/media?parent=230464"}],"wp:term":[{"taxonomy":"category","embeddable":true,"href":"https:\/\/www.pressenza.com\/de\/wp-json\/wp\/v2\/categories?post=230464"},{"taxonomy":"post_tag","embeddable":true,"href":"https:\/\/www.pressenza.com\/de\/wp-json\/wp\/v2\/tags?post=230464"}],"curies":[{"name":"wp","href":"https:\/\/api.w.org\/{rel}","templated":true}]}}