{"id":226972,"date":"2015-09-28T16:11:11","date_gmt":"2015-09-28T15:11:11","guid":{"rendered":"http:\/\/www.pressenza.com\/de\/?p=226972"},"modified":"2015-09-28T16:14:23","modified_gmt":"2015-09-28T15:14:23","slug":"katalonien-unabhaengigkeitsbefuerworter-haben-die-mehrheit-gewonnen","status":"publish","type":"post","link":"https:\/\/www.pressenza.com\/de\/2015\/09\/katalonien-unabhaengigkeitsbefuerworter-haben-die-mehrheit-gewonnen\/","title":{"rendered":"Katalonien &#8211; Unabh\u00e4ngigkeitsbef\u00fcrworter haben die Mehrheit gewonnen!"},"content":{"rendered":"<p><strong><em>Die Bef\u00fcrworter der Unabh\u00e4ngigkeit von Katalonien haben bei den Regionalwahlen am vergangenen Sonntag gewonnen. Das macht nicht nur die Regierung in Madrid nerv\u00f6s. Ein Dialog mit Madrid ist aber immer noch nicht durchsetzbar. Die Katalanen haben aber Ernst gemacht und die Unabh\u00e4ngigkeitsbef\u00fcrworter zur Mehrheit der Sitze im Parlament gew\u00e4hlt. Damit k\u00f6nnen sie ihre Unabh\u00e4ngigkeitsbestrebungen und Interessen politisch besser durchsetzen. <\/em><\/strong><\/p>\n<p>Das B\u00fcndnis \u201eJunts pel S\u00ed \/ Zusammen f\u00fcr das Ja&#8220; kam auf 63 Sitze im Regionalparlament, die ebenfalls f\u00fcr die Unabh\u00e4ngigkeit eintretende linksradikale CUP errang zehn Sitze. Mit 73 der 135 Sitze im Parlament stellen beide gemeinsam k\u00fcnftig die absolute Mehrheit. Die Separatisten verweisen auf eine hohe Wahlbeteiligung von fast 77 Prozent, die ihnen auch die eigenen Mandate geben. Sie hatten angek\u00fcndigt, im Falle eines Wahlsiegs innerhalb von 18 Monaten mit der Zentralregierung in Madrid \u00fcber eine Abspaltung zu verhandeln. Auf jeden Fall werde ein verfassungsgebender Prozess eingeleitet.<\/p>\n<p>Die konservative Regierung setzt aber alle juristischen Bestrebungen nach mehr Autonomie mit einem kategorischen \u201eNein\u201c entgegen, notfalls mithilfe des h\u00f6chsten spanischen Gerichtshofs durch. Jetzt muss der konservative Regierungschef Mariano Rajoy, der sich im Dezember den Wahlen stellen will, die Bef\u00fcrworter der Unabh\u00e4ngigkeit st\u00e4rker ber\u00fccksichtigen.<\/p>\n<p>Die Separatisten hatten an die katalanische Identit\u00e4t der Bev\u00f6lkerung appelliert, sich weiter f\u00fcr die Unabh\u00e4ngigkeit einzusetzen, und sich gleichzeitig bei der Bev\u00f6lkerung f\u00fcr ihren demokratischen und flei\u00dfigen Einsatz gedankt.<\/p>\n<p>Das B\u00fcndnis \u201eJunts pel S\u00ed\u201c f\u00fcr eine Mehrheit im Parlament ist allerdings auf die Unterst\u00fctzung der weit links stehenden Partei CUP angewiesen. Beide verbindet nichts, au\u00dfer der grunds\u00e4tzliche Wunsch nach Unabh\u00e4ngigkeit. Das sind keine guten Voraussetzungen f\u00fcr ein stabiles Regieren. Am Wahlabend rief der CUP-Anf\u00fchrer die Katalanen dazu auf, die ungerechten Gesetze aus Madrid ab sofort zu ignorieren. Dies hatten allerdings die Links-Rechts-Formation \u201eJunts pel S\u00ed\u201c um den amtierenden Regionalpr\u00e4sidenten Artur Mas bisher nicht mitgetragen.<\/p>\n<p>W\u00e4hrend der Franco-Diktatur wurde der \u00f6ffentliche Gebrauch der katalanischen Sprache ab 1939 zun\u00e4chst unterdr\u00fcckt, viele Ortsnamen wurden ins Spanische \u00fcbersetzt, Schulunterricht fand bis 1967 ausschlie\u00dflich auf Spanisch statt. Seit 1978 jedoch genie\u00dft die Region Katalonien einen verfassungsm\u00e4\u00dfig abgesicherten Autonomiestatus. Nach der offiziellen Statistik bezeichneten 31,68\u00a0% der Bev\u00f6lkerung Kataloniens das Katalanische als Muttersprache <em>(Lengua inicial).<\/em> In einer symbolischen Volksabstimmung in 166 Gemeinden sprachen sich bereits im Jahr 2009 rund 95\u00a0% der Teilnehmer daf\u00fcr aus, dass Katalonien ein eigener Staat innerhalb der EU werden solle.<\/p>\n<p>Auf jeden Fall verbessere sich jetzt die Verhandlungsposition Kataloniens in der Frage des L\u00e4nderfinanzausgleichs. Ziel der Bef\u00fcrworter bleibt aber sich f\u00fcr einen unabh\u00e4ngiger katalonischen Staat innerhalb der EU einzusetzen.<\/p>\n<p>Konservative Politiker wie Angela Merkel und Barack Obama haben allerdings den katalanischen Unabh\u00e4ngigkeitsw\u00fcnschen eine klare Absage erteilt, weil sie einen Dominoeffekt in Italien, Belgien und anderen europ\u00e4ischen L\u00e4ndern bef\u00fcrchten.<\/p>\n","protected":false},"excerpt":{"rendered":"<p>Die Bef\u00fcrworter der Unabh\u00e4ngigkeit von Katalonien haben bei den Regionalwahlen am vergangenen Sonntag gewonnen. Das macht nicht nur die Regierung in Madrid nerv\u00f6s. Ein Dialog mit Madrid ist aber immer noch nicht durchsetzbar. Die Katalanen haben aber Ernst gemacht und&hellip;<\/p>\n","protected":false},"author":1161,"featured_media":226974,"comment_status":"closed","ping_status":"open","sticky":false,"template":"","format":"standard","meta":{"footnotes":""},"categories":[9150,7835,11387,9168],"tags":[20319,20317,9664,20318],"class_list":["post-226972","post","type-post","status-publish","format-standard","has-post-thumbnail","hentry","category-europa-de","category-international-de","category-originalinhalt","category-politik","tag-junts-pel-si","tag-katalonien","tag-madrid-de","tag-unabhaengigkeitsbewegung"],"yoast_head":"<!-- This site is optimized with the Yoast SEO plugin v27.1.1 - https:\/\/yoast.com\/product\/yoast-seo-wordpress\/ -->\n<title>Katalonien - Unabh\u00e4ngigkeitsbef\u00fcrworter haben die Mehrheit gewonnen!<\/title>\n<meta name=\"description\" content=\"Die Bef\u00fcrworter der Unabh\u00e4ngigkeit von Katalonien haben bei den Regionalwahlen am vergangenen Sonntag gewonnen. Das macht nicht nur die Regierung in\" \/>\n<meta name=\"robots\" content=\"index, follow, max-snippet:-1, max-image-preview:large, max-video-preview:-1\" \/>\n<link rel=\"canonical\" href=\"https:\/\/www.pressenza.com\/de\/2015\/09\/katalonien-unabhaengigkeitsbefuerworter-haben-die-mehrheit-gewonnen\/\" \/>\n<meta property=\"og:locale\" content=\"de_DE\" \/>\n<meta property=\"og:type\" content=\"article\" \/>\n<meta property=\"og:title\" content=\"Katalonien - Unabh\u00e4ngigkeitsbef\u00fcrworter haben die Mehrheit gewonnen!\" \/>\n<meta property=\"og:description\" content=\"Die Bef\u00fcrworter der Unabh\u00e4ngigkeit von Katalonien haben bei den Regionalwahlen am vergangenen Sonntag gewonnen. Das macht nicht nur die Regierung in\" \/>\n<meta property=\"og:url\" content=\"https:\/\/www.pressenza.com\/de\/2015\/09\/katalonien-unabhaengigkeitsbefuerworter-haben-die-mehrheit-gewonnen\/\" \/>\n<meta property=\"og:site_name\" content=\"Pressenza\" \/>\n<meta property=\"article:publisher\" content=\"https:\/\/www.facebook.com\/PressenzaItalia\" \/>\n<meta property=\"article:published_time\" content=\"2015-09-28T15:11:11+00:00\" \/>\n<meta property=\"article:modified_time\" content=\"2015-09-28T15:14:23+00:00\" \/>\n<meta property=\"og:image\" content=\"https:\/\/www.pressenza.com\/wp-content\/uploads\/2015\/09\/Senyera_Pl._Octavi--_S._Cugat_del_Vall--s_01.jpg\" \/>\n\t<meta property=\"og:image:width\" content=\"1024\" \/>\n\t<meta property=\"og:image:height\" content=\"768\" \/>\n\t<meta property=\"og:image:type\" content=\"image\/jpeg\" \/>\n<meta name=\"author\" content=\"Sabine Bock\" \/>\n<meta name=\"twitter:card\" content=\"summary_large_image\" \/>\n<meta name=\"twitter:creator\" content=\"@PressenzaIPA\" \/>\n<meta name=\"twitter:site\" content=\"@PressenzaIPA\" \/>\n<meta name=\"twitter:label1\" content=\"Verfasst von\" \/>\n\t<meta name=\"twitter:data1\" content=\"Sabine Bock\" \/>\n\t<meta name=\"twitter:label2\" content=\"Gesch\u00e4tzte Lesezeit\" \/>\n\t<meta name=\"twitter:data2\" content=\"2\u00a0Minuten\" \/>\n<script type=\"application\/ld+json\" class=\"yoast-schema-graph\">{\"@context\":\"https:\/\/schema.org\",\"@graph\":[{\"@type\":\"Article\",\"@id\":\"https:\/\/www.pressenza.com\/de\/2015\/09\/katalonien-unabhaengigkeitsbefuerworter-haben-die-mehrheit-gewonnen\/#article\",\"isPartOf\":{\"@id\":\"https:\/\/www.pressenza.com\/de\/2015\/09\/katalonien-unabhaengigkeitsbefuerworter-haben-die-mehrheit-gewonnen\/\"},\"author\":{\"name\":\"Sabine Bock\",\"@id\":\"https:\/\/www.pressenza.com\/de\/#\/schema\/person\/77c586798841957edf9836a82213dd04\"},\"headline\":\"Katalonien &#8211; Unabh\u00e4ngigkeitsbef\u00fcrworter haben die Mehrheit gewonnen!\",\"datePublished\":\"2015-09-28T15:11:11+00:00\",\"dateModified\":\"2015-09-28T15:14:23+00:00\",\"mainEntityOfPage\":{\"@id\":\"https:\/\/www.pressenza.com\/de\/2015\/09\/katalonien-unabhaengigkeitsbefuerworter-haben-die-mehrheit-gewonnen\/\"},\"wordCount\":484,\"publisher\":{\"@id\":\"https:\/\/www.pressenza.com\/de\/#organization\"},\"image\":{\"@id\":\"https:\/\/www.pressenza.com\/de\/2015\/09\/katalonien-unabhaengigkeitsbefuerworter-haben-die-mehrheit-gewonnen\/#primaryimage\"},\"thumbnailUrl\":\"https:\/\/www.pressenza.com\/wp-content\/uploads\/2015\/09\/Senyera_Pl._Octavi--_S._Cugat_del_Vall--s_01.jpg\",\"keywords\":[\"Junts pel S\u00ed\",\"Katalonien\",\"Madrid\",\"Unabh\u00e4ngigkeitsbewegung\"],\"articleSection\":[\"Europa\",\"International\",\"Originalinhalt\",\"Politik\"],\"inLanguage\":\"de\"},{\"@type\":\"WebPage\",\"@id\":\"https:\/\/www.pressenza.com\/de\/2015\/09\/katalonien-unabhaengigkeitsbefuerworter-haben-die-mehrheit-gewonnen\/\",\"url\":\"https:\/\/www.pressenza.com\/de\/2015\/09\/katalonien-unabhaengigkeitsbefuerworter-haben-die-mehrheit-gewonnen\/\",\"name\":\"Katalonien - Unabh\u00e4ngigkeitsbef\u00fcrworter haben die Mehrheit gewonnen!\",\"isPartOf\":{\"@id\":\"https:\/\/www.pressenza.com\/de\/#website\"},\"primaryImageOfPage\":{\"@id\":\"https:\/\/www.pressenza.com\/de\/2015\/09\/katalonien-unabhaengigkeitsbefuerworter-haben-die-mehrheit-gewonnen\/#primaryimage\"},\"image\":{\"@id\":\"https:\/\/www.pressenza.com\/de\/2015\/09\/katalonien-unabhaengigkeitsbefuerworter-haben-die-mehrheit-gewonnen\/#primaryimage\"},\"thumbnailUrl\":\"https:\/\/www.pressenza.com\/wp-content\/uploads\/2015\/09\/Senyera_Pl._Octavi--_S._Cugat_del_Vall--s_01.jpg\",\"datePublished\":\"2015-09-28T15:11:11+00:00\",\"dateModified\":\"2015-09-28T15:14:23+00:00\",\"description\":\"Die Bef\u00fcrworter der Unabh\u00e4ngigkeit von Katalonien haben bei den Regionalwahlen am vergangenen Sonntag gewonnen. Das macht nicht nur die Regierung in\",\"breadcrumb\":{\"@id\":\"https:\/\/www.pressenza.com\/de\/2015\/09\/katalonien-unabhaengigkeitsbefuerworter-haben-die-mehrheit-gewonnen\/#breadcrumb\"},\"inLanguage\":\"de\",\"potentialAction\":[{\"@type\":\"ReadAction\",\"target\":[\"https:\/\/www.pressenza.com\/de\/2015\/09\/katalonien-unabhaengigkeitsbefuerworter-haben-die-mehrheit-gewonnen\/\"]}]},{\"@type\":\"ImageObject\",\"inLanguage\":\"de\",\"@id\":\"https:\/\/www.pressenza.com\/de\/2015\/09\/katalonien-unabhaengigkeitsbefuerworter-haben-die-mehrheit-gewonnen\/#primaryimage\",\"url\":\"https:\/\/www.pressenza.com\/wp-content\/uploads\/2015\/09\/Senyera_Pl._Octavi--_S._Cugat_del_Vall--s_01.jpg\",\"contentUrl\":\"https:\/\/www.pressenza.com\/wp-content\/uploads\/2015\/09\/Senyera_Pl._Octavi--_S._Cugat_del_Vall--s_01.jpg\",\"width\":1024,\"height\":768},{\"@type\":\"BreadcrumbList\",\"@id\":\"https:\/\/www.pressenza.com\/de\/2015\/09\/katalonien-unabhaengigkeitsbefuerworter-haben-die-mehrheit-gewonnen\/#breadcrumb\",\"itemListElement\":[{\"@type\":\"ListItem\",\"position\":1,\"name\":\"Accueil\",\"item\":\"https:\/\/www.pressenza.com\/de\/\"},{\"@type\":\"ListItem\",\"position\":2,\"name\":\"Katalonien &#8211; Unabh\u00e4ngigkeitsbef\u00fcrworter haben die Mehrheit gewonnen!\"}]},{\"@type\":\"WebSite\",\"@id\":\"https:\/\/www.pressenza.com\/de\/#website\",\"url\":\"https:\/\/www.pressenza.com\/de\/\",\"name\":\"Pressenza\",\"description\":\"International Press Agency\",\"publisher\":{\"@id\":\"https:\/\/www.pressenza.com\/de\/#organization\"},\"potentialAction\":[{\"@type\":\"SearchAction\",\"target\":{\"@type\":\"EntryPoint\",\"urlTemplate\":\"https:\/\/www.pressenza.com\/de\/?s={search_term_string}\"},\"query-input\":{\"@type\":\"PropertyValueSpecification\",\"valueRequired\":true,\"valueName\":\"search_term_string\"}}],\"inLanguage\":\"de\"},{\"@type\":\"Organization\",\"@id\":\"https:\/\/www.pressenza.com\/de\/#organization\",\"name\":\"Pressenza\",\"url\":\"https:\/\/www.pressenza.com\/de\/\",\"logo\":{\"@type\":\"ImageObject\",\"inLanguage\":\"de\",\"@id\":\"https:\/\/www.pressenza.com\/de\/#\/schema\/logo\/image\/\",\"url\":\"https:\/\/www.pressenza.com\/wp-content\/uploads\/2022\/10\/pressenza_logo_200x200.jpg\",\"contentUrl\":\"https:\/\/www.pressenza.com\/wp-content\/uploads\/2022\/10\/pressenza_logo_200x200.jpg\",\"width\":200,\"height\":200,\"caption\":\"Pressenza\"},\"image\":{\"@id\":\"https:\/\/www.pressenza.com\/de\/#\/schema\/logo\/image\/\"},\"sameAs\":[\"https:\/\/www.facebook.com\/PressenzaItalia\",\"https:\/\/x.com\/PressenzaIPA\"]},{\"@type\":\"Person\",\"@id\":\"https:\/\/www.pressenza.com\/de\/#\/schema\/person\/77c586798841957edf9836a82213dd04\",\"name\":\"Sabine Bock\",\"url\":\"https:\/\/www.pressenza.com\/de\/author\/sabine-bock\/\"}]}<\/script>\n<!-- \/ Yoast SEO plugin. -->","yoast_head_json":{"title":"Katalonien - Unabh\u00e4ngigkeitsbef\u00fcrworter haben die Mehrheit gewonnen!","description":"Die Bef\u00fcrworter der Unabh\u00e4ngigkeit von Katalonien haben bei den Regionalwahlen am vergangenen Sonntag gewonnen. Das macht nicht nur die Regierung in","robots":{"index":"index","follow":"follow","max-snippet":"max-snippet:-1","max-image-preview":"max-image-preview:large","max-video-preview":"max-video-preview:-1"},"canonical":"https:\/\/www.pressenza.com\/de\/2015\/09\/katalonien-unabhaengigkeitsbefuerworter-haben-die-mehrheit-gewonnen\/","og_locale":"de_DE","og_type":"article","og_title":"Katalonien - Unabh\u00e4ngigkeitsbef\u00fcrworter haben die Mehrheit gewonnen!","og_description":"Die Bef\u00fcrworter der Unabh\u00e4ngigkeit von Katalonien haben bei den Regionalwahlen am vergangenen Sonntag gewonnen. Das macht nicht nur die Regierung in","og_url":"https:\/\/www.pressenza.com\/de\/2015\/09\/katalonien-unabhaengigkeitsbefuerworter-haben-die-mehrheit-gewonnen\/","og_site_name":"Pressenza","article_publisher":"https:\/\/www.facebook.com\/PressenzaItalia","article_published_time":"2015-09-28T15:11:11+00:00","article_modified_time":"2015-09-28T15:14:23+00:00","og_image":[{"width":1024,"height":768,"url":"https:\/\/www.pressenza.com\/wp-content\/uploads\/2015\/09\/Senyera_Pl._Octavi--_S._Cugat_del_Vall--s_01.jpg","type":"image\/jpeg"}],"author":"Sabine Bock","twitter_card":"summary_large_image","twitter_creator":"@PressenzaIPA","twitter_site":"@PressenzaIPA","twitter_misc":{"Verfasst von":"Sabine Bock","Gesch\u00e4tzte Lesezeit":"2\u00a0Minuten"},"schema":{"@context":"https:\/\/schema.org","@graph":[{"@type":"Article","@id":"https:\/\/www.pressenza.com\/de\/2015\/09\/katalonien-unabhaengigkeitsbefuerworter-haben-die-mehrheit-gewonnen\/#article","isPartOf":{"@id":"https:\/\/www.pressenza.com\/de\/2015\/09\/katalonien-unabhaengigkeitsbefuerworter-haben-die-mehrheit-gewonnen\/"},"author":{"name":"Sabine Bock","@id":"https:\/\/www.pressenza.com\/de\/#\/schema\/person\/77c586798841957edf9836a82213dd04"},"headline":"Katalonien &#8211; Unabh\u00e4ngigkeitsbef\u00fcrworter haben die Mehrheit gewonnen!","datePublished":"2015-09-28T15:11:11+00:00","dateModified":"2015-09-28T15:14:23+00:00","mainEntityOfPage":{"@id":"https:\/\/www.pressenza.com\/de\/2015\/09\/katalonien-unabhaengigkeitsbefuerworter-haben-die-mehrheit-gewonnen\/"},"wordCount":484,"publisher":{"@id":"https:\/\/www.pressenza.com\/de\/#organization"},"image":{"@id":"https:\/\/www.pressenza.com\/de\/2015\/09\/katalonien-unabhaengigkeitsbefuerworter-haben-die-mehrheit-gewonnen\/#primaryimage"},"thumbnailUrl":"https:\/\/www.pressenza.com\/wp-content\/uploads\/2015\/09\/Senyera_Pl._Octavi--_S._Cugat_del_Vall--s_01.jpg","keywords":["Junts pel S\u00ed","Katalonien","Madrid","Unabh\u00e4ngigkeitsbewegung"],"articleSection":["Europa","International","Originalinhalt","Politik"],"inLanguage":"de"},{"@type":"WebPage","@id":"https:\/\/www.pressenza.com\/de\/2015\/09\/katalonien-unabhaengigkeitsbefuerworter-haben-die-mehrheit-gewonnen\/","url":"https:\/\/www.pressenza.com\/de\/2015\/09\/katalonien-unabhaengigkeitsbefuerworter-haben-die-mehrheit-gewonnen\/","name":"Katalonien - Unabh\u00e4ngigkeitsbef\u00fcrworter haben die Mehrheit gewonnen!","isPartOf":{"@id":"https:\/\/www.pressenza.com\/de\/#website"},"primaryImageOfPage":{"@id":"https:\/\/www.pressenza.com\/de\/2015\/09\/katalonien-unabhaengigkeitsbefuerworter-haben-die-mehrheit-gewonnen\/#primaryimage"},"image":{"@id":"https:\/\/www.pressenza.com\/de\/2015\/09\/katalonien-unabhaengigkeitsbefuerworter-haben-die-mehrheit-gewonnen\/#primaryimage"},"thumbnailUrl":"https:\/\/www.pressenza.com\/wp-content\/uploads\/2015\/09\/Senyera_Pl._Octavi--_S._Cugat_del_Vall--s_01.jpg","datePublished":"2015-09-28T15:11:11+00:00","dateModified":"2015-09-28T15:14:23+00:00","description":"Die Bef\u00fcrworter der Unabh\u00e4ngigkeit von Katalonien haben bei den Regionalwahlen am vergangenen Sonntag gewonnen. Das macht nicht nur die Regierung in","breadcrumb":{"@id":"https:\/\/www.pressenza.com\/de\/2015\/09\/katalonien-unabhaengigkeitsbefuerworter-haben-die-mehrheit-gewonnen\/#breadcrumb"},"inLanguage":"de","potentialAction":[{"@type":"ReadAction","target":["https:\/\/www.pressenza.com\/de\/2015\/09\/katalonien-unabhaengigkeitsbefuerworter-haben-die-mehrheit-gewonnen\/"]}]},{"@type":"ImageObject","inLanguage":"de","@id":"https:\/\/www.pressenza.com\/de\/2015\/09\/katalonien-unabhaengigkeitsbefuerworter-haben-die-mehrheit-gewonnen\/#primaryimage","url":"https:\/\/www.pressenza.com\/wp-content\/uploads\/2015\/09\/Senyera_Pl._Octavi--_S._Cugat_del_Vall--s_01.jpg","contentUrl":"https:\/\/www.pressenza.com\/wp-content\/uploads\/2015\/09\/Senyera_Pl._Octavi--_S._Cugat_del_Vall--s_01.jpg","width":1024,"height":768},{"@type":"BreadcrumbList","@id":"https:\/\/www.pressenza.com\/de\/2015\/09\/katalonien-unabhaengigkeitsbefuerworter-haben-die-mehrheit-gewonnen\/#breadcrumb","itemListElement":[{"@type":"ListItem","position":1,"name":"Accueil","item":"https:\/\/www.pressenza.com\/de\/"},{"@type":"ListItem","position":2,"name":"Katalonien &#8211; Unabh\u00e4ngigkeitsbef\u00fcrworter haben die Mehrheit gewonnen!"}]},{"@type":"WebSite","@id":"https:\/\/www.pressenza.com\/de\/#website","url":"https:\/\/www.pressenza.com\/de\/","name":"Pressenza","description":"International Press Agency","publisher":{"@id":"https:\/\/www.pressenza.com\/de\/#organization"},"potentialAction":[{"@type":"SearchAction","target":{"@type":"EntryPoint","urlTemplate":"https:\/\/www.pressenza.com\/de\/?s={search_term_string}"},"query-input":{"@type":"PropertyValueSpecification","valueRequired":true,"valueName":"search_term_string"}}],"inLanguage":"de"},{"@type":"Organization","@id":"https:\/\/www.pressenza.com\/de\/#organization","name":"Pressenza","url":"https:\/\/www.pressenza.com\/de\/","logo":{"@type":"ImageObject","inLanguage":"de","@id":"https:\/\/www.pressenza.com\/de\/#\/schema\/logo\/image\/","url":"https:\/\/www.pressenza.com\/wp-content\/uploads\/2022\/10\/pressenza_logo_200x200.jpg","contentUrl":"https:\/\/www.pressenza.com\/wp-content\/uploads\/2022\/10\/pressenza_logo_200x200.jpg","width":200,"height":200,"caption":"Pressenza"},"image":{"@id":"https:\/\/www.pressenza.com\/de\/#\/schema\/logo\/image\/"},"sameAs":["https:\/\/www.facebook.com\/PressenzaItalia","https:\/\/x.com\/PressenzaIPA"]},{"@type":"Person","@id":"https:\/\/www.pressenza.com\/de\/#\/schema\/person\/77c586798841957edf9836a82213dd04","name":"Sabine Bock","url":"https:\/\/www.pressenza.com\/de\/author\/sabine-bock\/"}]}},"place":"Berlin","original_article_url":"","_links":{"self":[{"href":"https:\/\/www.pressenza.com\/de\/wp-json\/wp\/v2\/posts\/226972","targetHints":{"allow":["GET"]}}],"collection":[{"href":"https:\/\/www.pressenza.com\/de\/wp-json\/wp\/v2\/posts"}],"about":[{"href":"https:\/\/www.pressenza.com\/de\/wp-json\/wp\/v2\/types\/post"}],"author":[{"embeddable":true,"href":"https:\/\/www.pressenza.com\/de\/wp-json\/wp\/v2\/users\/1161"}],"replies":[{"embeddable":true,"href":"https:\/\/www.pressenza.com\/de\/wp-json\/wp\/v2\/comments?post=226972"}],"version-history":[{"count":0,"href":"https:\/\/www.pressenza.com\/de\/wp-json\/wp\/v2\/posts\/226972\/revisions"}],"wp:featuredmedia":[{"embeddable":true,"href":"https:\/\/www.pressenza.com\/de\/wp-json\/wp\/v2\/media\/226974"}],"wp:attachment":[{"href":"https:\/\/www.pressenza.com\/de\/wp-json\/wp\/v2\/media?parent=226972"}],"wp:term":[{"taxonomy":"category","embeddable":true,"href":"https:\/\/www.pressenza.com\/de\/wp-json\/wp\/v2\/categories?post=226972"},{"taxonomy":"post_tag","embeddable":true,"href":"https:\/\/www.pressenza.com\/de\/wp-json\/wp\/v2\/tags?post=226972"}],"curies":[{"name":"wp","href":"https:\/\/api.w.org\/{rel}","templated":true}]}}