{"id":226260,"date":"2015-09-25T15:29:53","date_gmt":"2015-09-25T14:29:53","guid":{"rendered":"http:\/\/www.pressenza.com\/de\/?p=226260"},"modified":"2015-09-28T10:10:54","modified_gmt":"2015-09-28T09:10:54","slug":"gegendarstellung-des-botschafters-von-ecuador-in-berlin-zu-einem-artikel-in-der-tageszeitung-neues-deutschland","status":"publish","type":"post","link":"https:\/\/www.pressenza.com\/de\/2015\/09\/gegendarstellung-des-botschafters-von-ecuador-in-berlin-zu-einem-artikel-in-der-tageszeitung-neues-deutschland\/","title":{"rendered":"Gegendarstellung des Botschafters von Ecuador in Berlin zu einem Artikel in der Tageszeitung &#8222;Neues Deutschland&#8220;"},"content":{"rendered":"<p><strong>&#8222;Worauf gr\u00fcndet dieses in einer progressiven Tageszeitung ver\u00f6ffentlichte Ressentiment gegen\u00fcber einer fortschrittlichen Regierung? Ist die vermutete &#8222;\u00dcberheblichkeit&#8220; eines Pr\u00e4sidenten Grund genug f\u00fcr die Spekulation auf einen zweiten Putschversuch?&#8220; Diese Frage stellt der Botschafter Ecuadors, Jorge Jurado verwundert am Ende seines Briefes an Olaf Standke, Ressortleiter Ausland bei der Tageszeitung Neues Deutschland.<\/strong><\/p>\n<p>Mit dieser Verwunderung ist er allerdings nicht alleine. Jede halbwegs mit Ecuadors politischen Entwicklung vertraute Person, muss sich erstaunt die Augen reiben, wie ein solcher tendenzi\u00f6ser und mit falschen Informationen durchsetzten Artikel (<a href=\"http:\/\/www.neues-deutschland.de\/artikel\/982876.acht-jahre-ueberheblichkeit.html\">Acht Jahre \u00dcberheblichkeit &#8211; nd<\/a>) seinen Weg in diese sozialistische Tageszeitung geschaft hat. Zurecht ruft der Botschafter Jurado das Blatt zur Achtung vor der Wahrheit und einer gr\u00fcndlichen und fairen Recherche auf, wie es die journalistischen Ethik verlangt.<\/p>\n<div id=\"attachment_226920\" class=\"wp-caption aligncenter\"><a href=\"http:\/\/www.pressenza.com\/wp-content\/uploads\/2015\/09\/JorgeJurado.jpg\"><img loading=\"lazy\" decoding=\"async\" aria-describedby=\"caption-attachment-226920\" class=\"wp-image-226920 size-large\" src=\"http:\/\/www.pressenza.com\/wp-content\/uploads\/2015\/09\/JorgeJurado-720x540.jpg\" alt=\"JorgeJurado\" width=\"720\" height=\"540\" srcset=\"https:\/\/www.pressenza.com\/wp-content\/uploads\/2015\/09\/JorgeJurado-720x540.jpg 720w, https:\/\/www.pressenza.com\/wp-content\/uploads\/2015\/09\/JorgeJurado-300x225.jpg 300w\" sizes=\"auto, (max-width: 720px) 100vw, 720px\" \/><\/a><p id=\"caption-attachment-226920\" class=\"wp-caption-text\">Botschafter Ecuadors in Berlin, Jorge Jurado (Bild: Archiv Pressenza)<\/p><\/div>\n<p>&nbsp;<\/p>\n<p>Sehr geehrter Herr Standke<a href=\"#_edn1\" name=\"_ednref1\">[1]<\/a>,<\/p>\n<p>Bezug nehmend auf den Meinungsartikel &#8222;Acht Jahre \u00dcberheblichkeit&#8220;, welcher am 31. August dieses Jahres auf der Seite 5 des Neuen Deutschland ver\u00f6ffentlicht und von Frau Ximena Monta\u00f1o verantwortlich gezeichnet ist<a href=\"#_edn2\" name=\"_ednref2\">[2]<\/a>, stelle ich sieben nicht verifizierte bzw. nicht kontextualisierte Informationen richtig.<\/p>\n<p>In diesem Presseartikel mit dem Untertitel &#8222;Der Ball liegt im Feld von Correa: Ecuadors Pr\u00e4sident muss eine nicht repressive Antwort auf die Proteste von rechts und links finden&#8220; schreibt Frau Monta\u00f1o aus Quito von einer vermeintlich existierenden&#8220; Abh\u00e4ngigkeit und [einer] enorm[en] Instabilit\u00e4t dieses auf \u00d6l basierenden, extraktiven Wirtschaftsmodells&#8220;. Doch die auf Modernisierung ausgerichtete Politik der Regierung Ecuadors erm\u00f6glichte bereits eine betr\u00e4chtliche Verringerung der Abh\u00e4ngigkeit vom Roh\u00f6l: Ecuadors Staatseinnahmen setzen sich zurzeit zu 65 Prozent aus Steuereinnahmen zusammen, sodass die Republik Ecuador deutlich vom traditionellen extraktivistischen Entwicklungspfad sich entfernt. Nur noch etwa 23 Prozent der Staatseinnahmen kommen aus der Erd\u00f6lausfuhr. Die Steuererhebung stieg bereits w\u00e4hrend der ersten Jahre der Regierungszeit des Pr\u00e4sidenten Rafael Correa (2007-2011) um 74 Prozent aufgrund gestiegener Besteuerung der reichsten Bev\u00f6lkerungsschichten des Landes und hat sich heute im Vergleich zum Jahr 2007 verdreifacht. Im Jahr 2007 waren 144 Unternehmensgruppen unter den gr\u00f6\u00dften Steuerquellen des Landes, jetzt sind es bereits 270 Konzerngesellschaften.<a href=\"#_edn3\" name=\"_ednref3\">[3]<\/a><\/p>\n<p>Weiter meint die Autorin, dass Ecuador in Bezug auf die Rechte und Unterst\u00fctzung der Indigenen &#8222;wieder ganz am Anfang&#8220; stehe. Hier m\u00f6chte ich nur an die Verfassung Ecuadors von 2008 erinnern, die weitreichende Autonomie und kollektive Rechte f\u00fcr indigene Gemeinschaften festschreibt, aber auch die erfolgreiche neue Integrations- und Sozialpolitik mit Fokus auf die Indigenen Ecuadors ist zu nennen. Es ging 2008 um eine grundlegende politische Umw\u00e4lzung in Ecuador, das bis dahin grosso modo von kleinen Minderheiten der Nachkommen und Nachfolger spanischer Eroberer beherrscht worden war. Der dieser Umw\u00e4lzung entsprechende staatliche Neubau findet seinen Ausdruck in der plurinationalen Identit\u00e4t: Nicht ein homogen gedachtes Staatsvolk ist Tr\u00e4ger des neuen Staates, vielmehr sind es Nationalit\u00e4ten, die im Rahmen eines kommunit\u00e4ren, dezentralen Staates mit weitgehenden Autonomien zusammengeschlossen sind.<\/p>\n<p>Bis Ende 2014 wurden 10.000 Stipendien an ecuadorianische Studierende vergeben, die nun an den besten Hochschulen der Welt studieren, darunter zahlreiche Indigene und Afroecuadorianer, die fr\u00fcher marginalisiert waren.<\/p>\n<p>In den letzten Jahren hat die ecuadorianische Regierung 217 Millionen US-Dollar in neue Schulen (Escuelas del Milenio) investiert. Mehr noch: Die bilinguale, interkulturelle Schule f\u00fcr Sch\u00fcler in den indigenen Gemeinden erreicht immer mehr Erfolge: Die Anzahl der indigenen Sch\u00fcler, die diese zweisprachigen Schulen (Spanisch-Quichua) besuchen, stieg bereits von 8,8 Prozent auf heute 24 Prozent.<a href=\"#_edn4\" name=\"_ednref4\">[4]<\/a><\/p>\n<p>Zudem behauptet die Autorin, dass die Regierung des Staatspr\u00e4sidenten Correa &#8222;jede friedliche Demonstration&#8220; wie einen &#8222;versuchte[n] Staatstreich, mindestens aber [als] ein Destabilisierungsversuch&#8220; deute. Heute herrscht eine massive Kampagne nationaler sowie internationaler Privatmedien gegen die Politik der Regierung des Pr\u00e4sidenten Rafael Correa Delgado. &#8222;215 Radiobeitr\u00e4ge, fast 300 Fernsehbeitr\u00e4ge, [&#8230;], alle mit einer negativen Ausrichtung in weniger als 30 Tagen&#8220;, wie Herr Carlos Baca aus Ecuador feststellte, beweisen, dass heute viele Medien eine &#8222;politische Rolle&#8220;<a href=\"#_edn5\" name=\"_ednref5\">[5]<\/a> spielen. Ich erinnere auch an die Versch\u00e4rfung der Gewalt gegen die ecuadorianische Polizei, die zunehmend Opfer von Entf\u00fchrung, sogar von Folter durch oppositionelle Demonstranten wird.<a href=\"#_edn6\" name=\"_ednref6\">[6]<\/a><\/p>\n<p>Auch die Hypothese, laut welcher die &#8222;Familien- und Sexualaufkl\u00e4rungspolitik einer Beraterin \u00fcbetragen&#8220; worden sei, die &#8222;dem Opus Dei nahesteht&#8220;, entbehrt jeglicher Verifizierung. Frau M\u00f3nica Hern\u00e1ndez hat selbst klargestellt, dass sie dem Opus Dei nicht angeh\u00f6rt.<a href=\"#_edn7\" name=\"_ednref7\">[7]<\/a><\/p>\n<p>Au\u00dferdem ist die Vermutung, dass die &#8222;Initiative, das im amazonischen Yasun\u00ed-Nationalpark befindliche \u00d6l im Boden zu belassen, 2013 von h\u00f6chster Stelle gekippt wurde&#8220;, nicht zutreffend. Es gilt an die Tatsache zu erinnern, dass die Hauptursache des Scheiterns der Initiative Yasun\u00ed-ITT in der Ablehnung durch einen fr\u00fcheren Bundesminister f\u00fcr wirtschaftliche Zusammenarbeit und Entwicklung liegt. Damit wies Berlin 2010 eine zukunftsweisende Initiative zur\u00fcck, die Ende Juni 2008 mit einm\u00fctiger Zustimmung durch die vertretenen politischen Parteien die formelle Unterst\u00fctzung des Deutschen Bundestags gefunden hatte. Diese Ablehnung entmutigte alle anderen Staaten, in den nunmehr abgewiesenen UNO-Treuhandfonds f\u00fcr Yasun\u00ed-ITT einzuzahlen, welcher mit deutscher Hilfe \u00fcberhaupt erst zustande gekommen war, sodass die Initiative zu Beginn gleich am Aufkommen gehindert war. Nach \u00fcber f\u00fcnf Jahren waren lediglich etwa 13 Millionen US-Dollar (statt 3,5 Milliarden!) in diesen Treuhandfonds eingezahlt.<\/p>\n<p>Weiterhin schreibt Frau Monta\u00f1o von einer angeblichen &#8222;systematischen Manipulation der Justiz&#8220; in Ecuador. Die Judikative ist tats\u00e4chlich jedoch nach modernen rechtsstaatlichen Kriterien wie Transparenz und Effizienz seit 2011 von Grund auf reorganisiert und qualitativ wie quantitativ (neue Verwaltungsgeb\u00e4ude mit neuer Technologie etc.) deutlich verbessert worden. Die Auswahl der Richter ist heute ebenfalls ein transparenter Auswahlprozess.<\/p>\n<p>Denn infolge eines erfolgreichen Referendums begleitete eine mit Experten besetzte internationale Aufsichtsinstitution ab Oktober 2011 den Prozess der umfassenden Modernisierung des gesamten ecuadorianischen Justizsystems.<a href=\"#_edn8\" name=\"_ednref8\">[8]<\/a><\/p>\n<p>Jeder Staatsb\u00fcrger kann zudem gegen\u00fcber jedem kandidierenden Richter bzw. jeder kandidierenden Richterin, die er nachweislich f\u00fcr ungeeignet bzw. korrupt oder nepotistisch h\u00e4lt, Einspruch erheben. Gem\u00e4\u00df Art. 31 des Gesetzes \u00fcber den Rat f\u00fcr Staatsb\u00fcrgerteilhabe und gesellschaftliche Kontrolle, welches am 9.09.2009 in Kraft trat, kann innerhalb von 10 Tagen nach der Bekanntmachung der Ergebnisse der Kandidatenevaluation jegliche Person oder Organisation die ausgew\u00e4hlten Kandidaten f\u00fcr Richter\u00e4mter beanstanden und mittels begr\u00fcndeten schriftlichen Einspruchs gegen\u00fcber dem Nationalen Wahlrat deren Ernennung als Richter anfechten. Innerhalb von sechs Tagen f\u00fchrt der Nationale Wahlrat dann \u00f6ffentliche Anh\u00f6rungen durch.<\/p>\n<p>Der alle zwei Jahre vom sogenannten Projekt zur \u00d6ffentlichen Meinung Lateinamerikas (Proyecto de Opini\u00f3n P\u00fablica de Am\u00e9rica Latina) erstellte Bericht ergibt dieses Jahr, dass das ecuadorianische Justizsystem mittlerweile zu den sechs besten ganz Amerikas geh\u00f6rt.<\/p>\n<p>Auch die Behauptungen bez\u00fcglich der mutma\u00dflichen &#8222;Schlie\u00dfung einiger Medien&#8220; sowie hinsichtlich der irrt\u00fcmlich angenommenen &#8222;gerichtlich[en] Verurteilung verschiedener KritikerInnen&#8220; und die Unterstellungen von &#8222;Angst&#8220; und &#8222;Einsch\u00fcchterung&#8220; als behauptete Mittel der Regierung gegen die Opposition sind unwahr. Zuletzt versteigt sich die Autorin sogar selbst zu einem diffamierenden Kassandraruf, indem sie selbst, nachdem sie zuvor noch eine Destabilisierungsgefahr in Ecuador als Gespinst der staatlichen Stellen negiert hatte, einen neuen Putschversuch in Ecuador voraussetzt: Frau Monta\u00f1o prophezeit schlie\u00dflich, dass &#8222;auch diesmal letztlich entscheidend&#8220; sei, &#8222;wie lange das Milit\u00e4r bereit ist, Correa politisch zu st\u00fctzen&#8220;. Dieser letzte Satz offenbart die Botschaft dieses Meinungsartikels, der von Ressentiment gegen\u00fcber der ecuadorianischen Regierung zeugt.<\/p>\n<p>Doch worauf gr\u00fcndet dieses in einer progressiven Tageszeitung ver\u00f6ffentlichte Ressentiment gegen\u00fcber einer fortschrittlichen Regierung? Ist die vermutete &#8222;\u00dcberheblichkeit&#8220; eines Pr\u00e4sidenten Grund genug f\u00fcr die Spekulation auf einen zweiten Putschversuch?<\/p>\n<p>Ich bitte Sie, die Quellen der Autorin zu \u00fcberpr\u00fcfen oder deren Mangel an Sorgfalt f\u00fcr den Leser wenigstens kenntlich zu machen und nicht lediglich in politisch meist rechts gerichteten Privatmedien verbreitete Ans\u00e4tze weiterzutragen, in deren Zusammenhang h\u00e4ufig die Wahrheit verdreht wird, um so politisches Kapital aus dieser Verbreitung von Unwahrheiten zu ziehen.<\/p>\n<p>Es gilt hervorzuheben, dass die Falschinformationen dieses Artikels gegen zwei der bedeutendsten Grunds\u00e4tze des vom Deutschen Presserat erlassenen Pressekodex versto\u00dfen:<\/p>\n<ol>\n<li>&#8222;Die Achtung vor der Wahrheit&#8220; und<\/li>\n<li>&#8222;eine gr\u00fcndliche und faire Recherche&#8220;.<\/li>\n<\/ol>\n<p>Angesichts dieser gravierenden Verletzung der journalistischen Ethik, u.a. durch Missachtung der Maxime der Vielfalt der Quellen, fordere ich die umgehende Ver\u00f6ffentlichung dieser Richtigstellung. Andernfalls behalte ich mir vor, zur Korrektur der zitierten Nachricht den Deutschen Presserat zu konsultieren.<\/p>\n<p>Hochachtungsvoll<\/p>\n<p><em>Jorge Jurado<\/em><\/p>\n<p>Botschafter der Republik Ecuador in der Bundesrepublik Deutschland<\/p>\n<p>Berlin, 16. September 2015<\/p>\n<hr \/>\n<p><a href=\"#_ednref1\" name=\"_edn1\">[1]<\/a> Ressortleiter Ausland bei der Tageszeitung Neues Deutschland, Olaf Standke<\/p>\n<p><a href=\"#_ednref2\" name=\"_edn2\">[2]<\/a> <a href=\"http:\/\/www.neues-deutschland.de\/artikel\/982876.acht-jahre-ueberheblichkeit.html?sstr=Ecuador\">http:\/\/www.neues-deutschland.de\/artikel\/982876.acht-jahre-ueberheblichkeit.html?sstr=Ecuador<\/a>. Der Beitrag war zuvor bereits auf Poonal erschienen: Ecuador vor der Wende <a href=\"http:\/\/www.npla.de\/de\/poonal\/5233-ecuador-vor-der-wende\">http:\/\/www.npla.de\/de\/poonal\/5233-ecuador-vor-der-wende<\/a><\/p>\n<p><a href=\"#_ednref3\" name=\"_edn3\">[3]<\/a> Vgl. Artikel der Zeitung El Ciudadano vom 7.10.2014 mit Daten des ecuadorianischen Finanzamts (SRI): <a href=\"http:\/\/www.elciudadano.gob.ec\/la-recaudacion-de-impuestos-para-el-desarrollo-social-del-pais-alcanzo-un-record-historico\/\">http:\/\/www.elciudadano.gob.ec\/la-recaudacion-de-impuestos-para-el-desarrollo-social-del-pais-alcanzo-un-record-historico\/<\/a><\/p>\n<p><a href=\"#_ednref4\" name=\"_edn4\">[4]<\/a> Vgl. Artikel vom 22.03.2015, erschienen auf dem ecuadorianischen Online-Portal EcuadorInmediato (Titel: &#8222;Cerca de 22 millones de d\u00f3lares invierte Gobierno en educaci\u00f3n intercultural&#8220;)<\/p>\n<p><a href=\"#_ednref5\" name=\"_edn5\">[5]<\/a> Vgl. den Link zum folgenden Artikel auf dem Online-Portal Ecuador Inmediato vom 4. August 2015: <a href=\"http:\/\/ecuadorinmediato.com\/index.php?module=Noticias&amp;func=news_user_view&amp;id=2818785952&amp;umt=carlos_baca_alerta_medios_quieren_convertirse_en_actores_politicos_del_proceso_golpe_blando_en_ecuador_audio\">http:\/\/ecuadorinmediato.com\/index.php?module=Noticias&amp;func=news_user_view&amp;id=2818785952&amp;umt=carlos_baca_alerta_medios_quieren_convertirse_en_actores_politicos_del_proceso_golpe_blando_en_ecuador_audio<\/a><\/p>\n<p><a href=\"#_ednref6\" name=\"_edn6\">[6]<\/a> Vgl. Videobeitrag der ecuadorianischen Tageszeitung El Ciudadano vom 5. September 2015: <a href=\"https:\/\/www.youtube.com\/watch?v=B2yOt1DdKno&amp;list=TLuw0jWKy1zk0xMzA5MjAxNQ\">https:\/\/www.youtube.com\/watch?v=B2yOt1DdKno&amp;list=TLuw0jWKy1zk0xMzA5MjAxNQ<\/a><\/p>\n<p><a href=\"#_ednref7\" name=\"_edn7\">[7]<\/a> Vgl. Artikel erschienen am 21. April 2015 in El Pa\u00eds: <a href=\"http:\/\/internacional.elpais.com\/internacional\/2015\/04\/21\/actualidad\/1429647915_992209.html\">http:\/\/internacional.elpais.com\/internacional\/2015\/04\/21\/actualidad\/1429647915_992209.html<\/a><\/p>\n<p><a href=\"#_ednref8\" name=\"_edn8\">[8]<\/a> Vgl. Bericht des internationalen Aufsichtsgremiums, bestehend aus anerkannten Juristen: <a href=\"http:\/\/www.funcionjudicial.gob.ec\/www\/pdf\/comunicacion\/documentos\/informeveeduria.pdf\">http:\/\/www.funcionjudicial.gob.ec\/www\/pdf\/comunicacion\/documentos\/informeveeduria.pdf<\/a><\/p>\n","protected":false},"excerpt":{"rendered":"<p>&#8222;Worauf gr\u00fcndet dieses in einer progressiven Tageszeitung ver\u00f6ffentlichte Ressentiment gegen\u00fcber einer fortschrittlichen Regierung? Ist die vermutete &#8222;\u00dcberheblichkeit&#8220; eines Pr\u00e4sidenten Grund genug f\u00fcr die Spekulation auf einen zweiten Putschversuch?&#8220; Diese Frage stellt der Botschafter Ecuadors, Jorge Jurado verwundert am Ende seines&hellip;<\/p>\n","protected":false},"author":1089,"featured_media":226286,"comment_status":"closed","ping_status":"open","sticky":false,"template":"","format":"standard","meta":{"footnotes":""},"categories":[7835,11387,9168],"tags":[11836,11448,20246,19036],"class_list":["post-226260","post","type-post","status-publish","format-standard","has-post-thumbnail","hentry","category-international-de","category-originalinhalt","category-politik","tag-botschaft-ecuador","tag-jorge-jurado","tag-neues-deutschland","tag-regierung-rafael-correa"],"yoast_head":"<!-- This site is optimized with the Yoast SEO plugin v27.1.1 - https:\/\/yoast.com\/product\/yoast-seo-wordpress\/ -->\n<title>Gegendarstellung des Botschafters von Ecuador in Berlin zu einem Artikel in der Tageszeitung &quot;Neues Deutschland&quot;<\/title>\n<meta name=\"description\" content=\"&quot;Worauf gr\u00fcndet dieses in einer progressiven Tageszeitung ver\u00f6ffentlichte Ressentiment gegen\u00fcber einer fortschrittlichen Regierung? Ist die vermutete\" \/>\n<meta name=\"robots\" content=\"index, follow, max-snippet:-1, max-image-preview:large, max-video-preview:-1\" \/>\n<link rel=\"canonical\" href=\"https:\/\/www.pressenza.com\/de\/2015\/09\/gegendarstellung-des-botschafters-von-ecuador-in-berlin-zu-einem-artikel-in-der-tageszeitung-neues-deutschland\/\" \/>\n<meta property=\"og:locale\" content=\"de_DE\" \/>\n<meta property=\"og:type\" content=\"article\" \/>\n<meta property=\"og:title\" content=\"Gegendarstellung des Botschafters von Ecuador in Berlin zu einem Artikel in der Tageszeitung &quot;Neues Deutschland&quot;\" \/>\n<meta property=\"og:description\" content=\"&quot;Worauf gr\u00fcndet dieses in einer progressiven Tageszeitung ver\u00f6ffentlichte Ressentiment gegen\u00fcber einer fortschrittlichen Regierung? Ist die vermutete\" \/>\n<meta property=\"og:url\" content=\"https:\/\/www.pressenza.com\/de\/2015\/09\/gegendarstellung-des-botschafters-von-ecuador-in-berlin-zu-einem-artikel-in-der-tageszeitung-neues-deutschland\/\" \/>\n<meta property=\"og:site_name\" content=\"Pressenza\" \/>\n<meta property=\"article:publisher\" content=\"https:\/\/www.facebook.com\/PressenzaItalia\" \/>\n<meta property=\"article:author\" content=\"https:\/\/www.facebook.com\/rthumiger\" \/>\n<meta property=\"article:published_time\" content=\"2015-09-25T14:29:53+00:00\" \/>\n<meta property=\"article:modified_time\" content=\"2015-09-28T09:10:54+00:00\" \/>\n<meta property=\"og:image\" content=\"https:\/\/www.pressenza.com\/wp-content\/uploads\/2015\/09\/Neues-Deutschland1.png\" \/>\n\t<meta property=\"og:image:width\" content=\"1187\" \/>\n\t<meta property=\"og:image:height\" content=\"633\" \/>\n\t<meta property=\"og:image:type\" content=\"image\/png\" \/>\n<meta name=\"author\" content=\"Reto Thumiger\" \/>\n<meta name=\"twitter:card\" content=\"summary_large_image\" \/>\n<meta name=\"twitter:creator\" content=\"@pressenza_ger\" \/>\n<meta name=\"twitter:site\" content=\"@PressenzaIPA\" \/>\n<meta name=\"twitter:label1\" content=\"Verfasst von\" \/>\n\t<meta name=\"twitter:data1\" content=\"Reto Thumiger\" \/>\n\t<meta name=\"twitter:label2\" content=\"Gesch\u00e4tzte Lesezeit\" \/>\n\t<meta name=\"twitter:data2\" content=\"8\u00a0Minuten\" \/>\n<script type=\"application\/ld+json\" class=\"yoast-schema-graph\">{\"@context\":\"https:\/\/schema.org\",\"@graph\":[{\"@type\":\"Article\",\"@id\":\"https:\/\/www.pressenza.com\/de\/2015\/09\/gegendarstellung-des-botschafters-von-ecuador-in-berlin-zu-einem-artikel-in-der-tageszeitung-neues-deutschland\/#article\",\"isPartOf\":{\"@id\":\"https:\/\/www.pressenza.com\/de\/2015\/09\/gegendarstellung-des-botschafters-von-ecuador-in-berlin-zu-einem-artikel-in-der-tageszeitung-neues-deutschland\/\"},\"author\":{\"name\":\"Reto Thumiger\",\"@id\":\"https:\/\/www.pressenza.com\/de\/#\/schema\/person\/e233667f8b5764bd84b766de5286a5fa\"},\"headline\":\"Gegendarstellung des Botschafters von Ecuador in Berlin zu einem Artikel in der Tageszeitung &#8222;Neues Deutschland&#8220;\",\"datePublished\":\"2015-09-25T14:29:53+00:00\",\"dateModified\":\"2015-09-28T09:10:54+00:00\",\"mainEntityOfPage\":{\"@id\":\"https:\/\/www.pressenza.com\/de\/2015\/09\/gegendarstellung-des-botschafters-von-ecuador-in-berlin-zu-einem-artikel-in-der-tageszeitung-neues-deutschland\/\"},\"wordCount\":1552,\"publisher\":{\"@id\":\"https:\/\/www.pressenza.com\/de\/#organization\"},\"image\":{\"@id\":\"https:\/\/www.pressenza.com\/de\/2015\/09\/gegendarstellung-des-botschafters-von-ecuador-in-berlin-zu-einem-artikel-in-der-tageszeitung-neues-deutschland\/#primaryimage\"},\"thumbnailUrl\":\"https:\/\/www.pressenza.com\/wp-content\/uploads\/2015\/09\/Neues-Deutschland1.png\",\"keywords\":[\"Botschaft Ecuador\",\"Jorge Jurado\",\"Neues Deutschland\",\"Regierung Rafael Correa\"],\"articleSection\":[\"International\",\"Originalinhalt\",\"Politik\"],\"inLanguage\":\"de\"},{\"@type\":\"WebPage\",\"@id\":\"https:\/\/www.pressenza.com\/de\/2015\/09\/gegendarstellung-des-botschafters-von-ecuador-in-berlin-zu-einem-artikel-in-der-tageszeitung-neues-deutschland\/\",\"url\":\"https:\/\/www.pressenza.com\/de\/2015\/09\/gegendarstellung-des-botschafters-von-ecuador-in-berlin-zu-einem-artikel-in-der-tageszeitung-neues-deutschland\/\",\"name\":\"Gegendarstellung des Botschafters von Ecuador in Berlin zu einem Artikel in der Tageszeitung \\\"Neues Deutschland\\\"\",\"isPartOf\":{\"@id\":\"https:\/\/www.pressenza.com\/de\/#website\"},\"primaryImageOfPage\":{\"@id\":\"https:\/\/www.pressenza.com\/de\/2015\/09\/gegendarstellung-des-botschafters-von-ecuador-in-berlin-zu-einem-artikel-in-der-tageszeitung-neues-deutschland\/#primaryimage\"},\"image\":{\"@id\":\"https:\/\/www.pressenza.com\/de\/2015\/09\/gegendarstellung-des-botschafters-von-ecuador-in-berlin-zu-einem-artikel-in-der-tageszeitung-neues-deutschland\/#primaryimage\"},\"thumbnailUrl\":\"https:\/\/www.pressenza.com\/wp-content\/uploads\/2015\/09\/Neues-Deutschland1.png\",\"datePublished\":\"2015-09-25T14:29:53+00:00\",\"dateModified\":\"2015-09-28T09:10:54+00:00\",\"description\":\"\\\"Worauf gr\u00fcndet dieses in einer progressiven Tageszeitung ver\u00f6ffentlichte Ressentiment gegen\u00fcber einer fortschrittlichen Regierung? Ist die vermutete\",\"breadcrumb\":{\"@id\":\"https:\/\/www.pressenza.com\/de\/2015\/09\/gegendarstellung-des-botschafters-von-ecuador-in-berlin-zu-einem-artikel-in-der-tageszeitung-neues-deutschland\/#breadcrumb\"},\"inLanguage\":\"de\",\"potentialAction\":[{\"@type\":\"ReadAction\",\"target\":[\"https:\/\/www.pressenza.com\/de\/2015\/09\/gegendarstellung-des-botschafters-von-ecuador-in-berlin-zu-einem-artikel-in-der-tageszeitung-neues-deutschland\/\"]}]},{\"@type\":\"ImageObject\",\"inLanguage\":\"de\",\"@id\":\"https:\/\/www.pressenza.com\/de\/2015\/09\/gegendarstellung-des-botschafters-von-ecuador-in-berlin-zu-einem-artikel-in-der-tageszeitung-neues-deutschland\/#primaryimage\",\"url\":\"https:\/\/www.pressenza.com\/wp-content\/uploads\/2015\/09\/Neues-Deutschland1.png\",\"contentUrl\":\"https:\/\/www.pressenza.com\/wp-content\/uploads\/2015\/09\/Neues-Deutschland1.png\",\"width\":1187,\"height\":633},{\"@type\":\"BreadcrumbList\",\"@id\":\"https:\/\/www.pressenza.com\/de\/2015\/09\/gegendarstellung-des-botschafters-von-ecuador-in-berlin-zu-einem-artikel-in-der-tageszeitung-neues-deutschland\/#breadcrumb\",\"itemListElement\":[{\"@type\":\"ListItem\",\"position\":1,\"name\":\"Accueil\",\"item\":\"https:\/\/www.pressenza.com\/de\/\"},{\"@type\":\"ListItem\",\"position\":2,\"name\":\"Gegendarstellung des Botschafters von Ecuador in Berlin zu einem Artikel in der Tageszeitung &#8222;Neues Deutschland&#8220;\"}]},{\"@type\":\"WebSite\",\"@id\":\"https:\/\/www.pressenza.com\/de\/#website\",\"url\":\"https:\/\/www.pressenza.com\/de\/\",\"name\":\"Pressenza\",\"description\":\"International Press Agency\",\"publisher\":{\"@id\":\"https:\/\/www.pressenza.com\/de\/#organization\"},\"potentialAction\":[{\"@type\":\"SearchAction\",\"target\":{\"@type\":\"EntryPoint\",\"urlTemplate\":\"https:\/\/www.pressenza.com\/de\/?s={search_term_string}\"},\"query-input\":{\"@type\":\"PropertyValueSpecification\",\"valueRequired\":true,\"valueName\":\"search_term_string\"}}],\"inLanguage\":\"de\"},{\"@type\":\"Organization\",\"@id\":\"https:\/\/www.pressenza.com\/de\/#organization\",\"name\":\"Pressenza\",\"url\":\"https:\/\/www.pressenza.com\/de\/\",\"logo\":{\"@type\":\"ImageObject\",\"inLanguage\":\"de\",\"@id\":\"https:\/\/www.pressenza.com\/de\/#\/schema\/logo\/image\/\",\"url\":\"https:\/\/www.pressenza.com\/wp-content\/uploads\/2022\/10\/pressenza_logo_200x200.jpg\",\"contentUrl\":\"https:\/\/www.pressenza.com\/wp-content\/uploads\/2022\/10\/pressenza_logo_200x200.jpg\",\"width\":200,\"height\":200,\"caption\":\"Pressenza\"},\"image\":{\"@id\":\"https:\/\/www.pressenza.com\/de\/#\/schema\/logo\/image\/\"},\"sameAs\":[\"https:\/\/www.facebook.com\/PressenzaItalia\",\"https:\/\/x.com\/PressenzaIPA\"]},{\"@type\":\"Person\",\"@id\":\"https:\/\/www.pressenza.com\/de\/#\/schema\/person\/e233667f8b5764bd84b766de5286a5fa\",\"name\":\"Reto Thumiger\",\"description\":\"The Swiss-born business administrator has been an activist for the New Humanism for over 25 years. He is committed to the promotion of cultural diversity, equal rights and the creation of equal opportunities for all people. He is committed to an internal and external revolution based on active non-violence. Through his voluntary work at Pressenza, he endeavours to contribute to overcoming violence through journalism that focuses on peace and non-violence.\",\"sameAs\":[\"http:\/\/www.pressenza.com\/de\",\"https:\/\/www.facebook.com\/rthumiger\",\"https:\/\/x.com\/pressenza_ger\"],\"url\":\"https:\/\/www.pressenza.com\/de\/author\/reto-thumiger\/\"}]}<\/script>\n<!-- \/ Yoast SEO plugin. -->","yoast_head_json":{"title":"Gegendarstellung des Botschafters von Ecuador in Berlin zu einem Artikel in der Tageszeitung \"Neues Deutschland\"","description":"\"Worauf gr\u00fcndet dieses in einer progressiven Tageszeitung ver\u00f6ffentlichte Ressentiment gegen\u00fcber einer fortschrittlichen Regierung? Ist die vermutete","robots":{"index":"index","follow":"follow","max-snippet":"max-snippet:-1","max-image-preview":"max-image-preview:large","max-video-preview":"max-video-preview:-1"},"canonical":"https:\/\/www.pressenza.com\/de\/2015\/09\/gegendarstellung-des-botschafters-von-ecuador-in-berlin-zu-einem-artikel-in-der-tageszeitung-neues-deutschland\/","og_locale":"de_DE","og_type":"article","og_title":"Gegendarstellung des Botschafters von Ecuador in Berlin zu einem Artikel in der Tageszeitung \"Neues Deutschland\"","og_description":"\"Worauf gr\u00fcndet dieses in einer progressiven Tageszeitung ver\u00f6ffentlichte Ressentiment gegen\u00fcber einer fortschrittlichen Regierung? Ist die vermutete","og_url":"https:\/\/www.pressenza.com\/de\/2015\/09\/gegendarstellung-des-botschafters-von-ecuador-in-berlin-zu-einem-artikel-in-der-tageszeitung-neues-deutschland\/","og_site_name":"Pressenza","article_publisher":"https:\/\/www.facebook.com\/PressenzaItalia","article_author":"https:\/\/www.facebook.com\/rthumiger","article_published_time":"2015-09-25T14:29:53+00:00","article_modified_time":"2015-09-28T09:10:54+00:00","og_image":[{"width":1187,"height":633,"url":"https:\/\/www.pressenza.com\/wp-content\/uploads\/2015\/09\/Neues-Deutschland1.png","type":"image\/png"}],"author":"Reto Thumiger","twitter_card":"summary_large_image","twitter_creator":"@pressenza_ger","twitter_site":"@PressenzaIPA","twitter_misc":{"Verfasst von":"Reto Thumiger","Gesch\u00e4tzte Lesezeit":"8\u00a0Minuten"},"schema":{"@context":"https:\/\/schema.org","@graph":[{"@type":"Article","@id":"https:\/\/www.pressenza.com\/de\/2015\/09\/gegendarstellung-des-botschafters-von-ecuador-in-berlin-zu-einem-artikel-in-der-tageszeitung-neues-deutschland\/#article","isPartOf":{"@id":"https:\/\/www.pressenza.com\/de\/2015\/09\/gegendarstellung-des-botschafters-von-ecuador-in-berlin-zu-einem-artikel-in-der-tageszeitung-neues-deutschland\/"},"author":{"name":"Reto Thumiger","@id":"https:\/\/www.pressenza.com\/de\/#\/schema\/person\/e233667f8b5764bd84b766de5286a5fa"},"headline":"Gegendarstellung des Botschafters von Ecuador in Berlin zu einem Artikel in der Tageszeitung &#8222;Neues Deutschland&#8220;","datePublished":"2015-09-25T14:29:53+00:00","dateModified":"2015-09-28T09:10:54+00:00","mainEntityOfPage":{"@id":"https:\/\/www.pressenza.com\/de\/2015\/09\/gegendarstellung-des-botschafters-von-ecuador-in-berlin-zu-einem-artikel-in-der-tageszeitung-neues-deutschland\/"},"wordCount":1552,"publisher":{"@id":"https:\/\/www.pressenza.com\/de\/#organization"},"image":{"@id":"https:\/\/www.pressenza.com\/de\/2015\/09\/gegendarstellung-des-botschafters-von-ecuador-in-berlin-zu-einem-artikel-in-der-tageszeitung-neues-deutschland\/#primaryimage"},"thumbnailUrl":"https:\/\/www.pressenza.com\/wp-content\/uploads\/2015\/09\/Neues-Deutschland1.png","keywords":["Botschaft Ecuador","Jorge Jurado","Neues Deutschland","Regierung Rafael Correa"],"articleSection":["International","Originalinhalt","Politik"],"inLanguage":"de"},{"@type":"WebPage","@id":"https:\/\/www.pressenza.com\/de\/2015\/09\/gegendarstellung-des-botschafters-von-ecuador-in-berlin-zu-einem-artikel-in-der-tageszeitung-neues-deutschland\/","url":"https:\/\/www.pressenza.com\/de\/2015\/09\/gegendarstellung-des-botschafters-von-ecuador-in-berlin-zu-einem-artikel-in-der-tageszeitung-neues-deutschland\/","name":"Gegendarstellung des Botschafters von Ecuador in Berlin zu einem Artikel in der Tageszeitung \"Neues Deutschland\"","isPartOf":{"@id":"https:\/\/www.pressenza.com\/de\/#website"},"primaryImageOfPage":{"@id":"https:\/\/www.pressenza.com\/de\/2015\/09\/gegendarstellung-des-botschafters-von-ecuador-in-berlin-zu-einem-artikel-in-der-tageszeitung-neues-deutschland\/#primaryimage"},"image":{"@id":"https:\/\/www.pressenza.com\/de\/2015\/09\/gegendarstellung-des-botschafters-von-ecuador-in-berlin-zu-einem-artikel-in-der-tageszeitung-neues-deutschland\/#primaryimage"},"thumbnailUrl":"https:\/\/www.pressenza.com\/wp-content\/uploads\/2015\/09\/Neues-Deutschland1.png","datePublished":"2015-09-25T14:29:53+00:00","dateModified":"2015-09-28T09:10:54+00:00","description":"\"Worauf gr\u00fcndet dieses in einer progressiven Tageszeitung ver\u00f6ffentlichte Ressentiment gegen\u00fcber einer fortschrittlichen Regierung? Ist die vermutete","breadcrumb":{"@id":"https:\/\/www.pressenza.com\/de\/2015\/09\/gegendarstellung-des-botschafters-von-ecuador-in-berlin-zu-einem-artikel-in-der-tageszeitung-neues-deutschland\/#breadcrumb"},"inLanguage":"de","potentialAction":[{"@type":"ReadAction","target":["https:\/\/www.pressenza.com\/de\/2015\/09\/gegendarstellung-des-botschafters-von-ecuador-in-berlin-zu-einem-artikel-in-der-tageszeitung-neues-deutschland\/"]}]},{"@type":"ImageObject","inLanguage":"de","@id":"https:\/\/www.pressenza.com\/de\/2015\/09\/gegendarstellung-des-botschafters-von-ecuador-in-berlin-zu-einem-artikel-in-der-tageszeitung-neues-deutschland\/#primaryimage","url":"https:\/\/www.pressenza.com\/wp-content\/uploads\/2015\/09\/Neues-Deutschland1.png","contentUrl":"https:\/\/www.pressenza.com\/wp-content\/uploads\/2015\/09\/Neues-Deutschland1.png","width":1187,"height":633},{"@type":"BreadcrumbList","@id":"https:\/\/www.pressenza.com\/de\/2015\/09\/gegendarstellung-des-botschafters-von-ecuador-in-berlin-zu-einem-artikel-in-der-tageszeitung-neues-deutschland\/#breadcrumb","itemListElement":[{"@type":"ListItem","position":1,"name":"Accueil","item":"https:\/\/www.pressenza.com\/de\/"},{"@type":"ListItem","position":2,"name":"Gegendarstellung des Botschafters von Ecuador in Berlin zu einem Artikel in der Tageszeitung &#8222;Neues Deutschland&#8220;"}]},{"@type":"WebSite","@id":"https:\/\/www.pressenza.com\/de\/#website","url":"https:\/\/www.pressenza.com\/de\/","name":"Pressenza","description":"International Press Agency","publisher":{"@id":"https:\/\/www.pressenza.com\/de\/#organization"},"potentialAction":[{"@type":"SearchAction","target":{"@type":"EntryPoint","urlTemplate":"https:\/\/www.pressenza.com\/de\/?s={search_term_string}"},"query-input":{"@type":"PropertyValueSpecification","valueRequired":true,"valueName":"search_term_string"}}],"inLanguage":"de"},{"@type":"Organization","@id":"https:\/\/www.pressenza.com\/de\/#organization","name":"Pressenza","url":"https:\/\/www.pressenza.com\/de\/","logo":{"@type":"ImageObject","inLanguage":"de","@id":"https:\/\/www.pressenza.com\/de\/#\/schema\/logo\/image\/","url":"https:\/\/www.pressenza.com\/wp-content\/uploads\/2022\/10\/pressenza_logo_200x200.jpg","contentUrl":"https:\/\/www.pressenza.com\/wp-content\/uploads\/2022\/10\/pressenza_logo_200x200.jpg","width":200,"height":200,"caption":"Pressenza"},"image":{"@id":"https:\/\/www.pressenza.com\/de\/#\/schema\/logo\/image\/"},"sameAs":["https:\/\/www.facebook.com\/PressenzaItalia","https:\/\/x.com\/PressenzaIPA"]},{"@type":"Person","@id":"https:\/\/www.pressenza.com\/de\/#\/schema\/person\/e233667f8b5764bd84b766de5286a5fa","name":"Reto Thumiger","description":"The Swiss-born business administrator has been an activist for the New Humanism for over 25 years. He is committed to the promotion of cultural diversity, equal rights and the creation of equal opportunities for all people. He is committed to an internal and external revolution based on active non-violence. Through his voluntary work at Pressenza, he endeavours to contribute to overcoming violence through journalism that focuses on peace and non-violence.","sameAs":["http:\/\/www.pressenza.com\/de","https:\/\/www.facebook.com\/rthumiger","https:\/\/x.com\/pressenza_ger"],"url":"https:\/\/www.pressenza.com\/de\/author\/reto-thumiger\/"}]}},"place":"","original_article_url":"","_links":{"self":[{"href":"https:\/\/www.pressenza.com\/de\/wp-json\/wp\/v2\/posts\/226260","targetHints":{"allow":["GET"]}}],"collection":[{"href":"https:\/\/www.pressenza.com\/de\/wp-json\/wp\/v2\/posts"}],"about":[{"href":"https:\/\/www.pressenza.com\/de\/wp-json\/wp\/v2\/types\/post"}],"author":[{"embeddable":true,"href":"https:\/\/www.pressenza.com\/de\/wp-json\/wp\/v2\/users\/1089"}],"replies":[{"embeddable":true,"href":"https:\/\/www.pressenza.com\/de\/wp-json\/wp\/v2\/comments?post=226260"}],"version-history":[{"count":0,"href":"https:\/\/www.pressenza.com\/de\/wp-json\/wp\/v2\/posts\/226260\/revisions"}],"wp:featuredmedia":[{"embeddable":true,"href":"https:\/\/www.pressenza.com\/de\/wp-json\/wp\/v2\/media\/226286"}],"wp:attachment":[{"href":"https:\/\/www.pressenza.com\/de\/wp-json\/wp\/v2\/media?parent=226260"}],"wp:term":[{"taxonomy":"category","embeddable":true,"href":"https:\/\/www.pressenza.com\/de\/wp-json\/wp\/v2\/categories?post=226260"},{"taxonomy":"post_tag","embeddable":true,"href":"https:\/\/www.pressenza.com\/de\/wp-json\/wp\/v2\/tags?post=226260"}],"curies":[{"name":"wp","href":"https:\/\/api.w.org\/{rel}","templated":true}]}}