{"id":224520,"date":"2015-09-21T19:43:39","date_gmt":"2015-09-21T18:43:39","guid":{"rendered":"http:\/\/www.pressenza.com\/de\/?p=224520"},"modified":"2015-09-23T18:08:53","modified_gmt":"2015-09-23T17:08:53","slug":"die-hauptakteure-bei-den-griechenlandwahlen","status":"publish","type":"post","link":"https:\/\/www.pressenza.com\/de\/2015\/09\/die-hauptakteure-bei-den-griechenlandwahlen\/","title":{"rendered":"Die Hauptakteure bei den Griechenlandwahlen"},"content":{"rendered":"<p><em>Die griechische Bev\u00f6lkerung wurde gestern erneut\u00a0aufgefordert zu w\u00e4hlen. Im Mittelpunkt der Diskussionen stand die Frage, welche politische Partei oder welche politische Koalition das dritte Memorandum am Besten\u00a0umsetzen kann. Wenn wir am Besten\u00a0sagen, dann meinen wir den am wenigsten schmerzlichen Weg, sollte ein solcher\u00a0\u00fcberhaupt m\u00f6glich sein.<\/em><\/p>\n<p>Heute haben die W\u00e4hler entschieden, dass SYRIZA \u00a0diese Aufgabe \u00fcbernehmen\u00a0soll. Tsipras hat mit 35,47% 145 Abgeordnetenpl\u00e4tze gewonnen. Sehr schnell nach Bekanntgabe der Resultate wurde eine Allianz mit ANEL (3,7% und 10 Abgeordnete) bekannt gegeben. Beide\u00a0haben sogar gemeinsam die, in Athen den Wahlsieg von SYRIZA feiernden Menschen, begr\u00fc\u00dft. NEA DEMOKRATIA und PASOK haben klar gelassen, dass sie sich nicht an einer Regierung beteiligen wollen. Eine schon \u00e4ltere Partei ENOSI KENTROON hat es \u00fcberraschend mit 3,4% ins Parlament geschafft, etwas was LAIKI ENOTITA und der unabh\u00e4ngige Kandidat und Ex Parlamentsvorsitzende nicht geschafft haben. GOLDENE MORGENR\u00d6TE, die Partei der Nazis hat 7% der Stimmen erhalten, PASOK 6,2% und NEA DEMOKRATIA haben\u00a0ihre Position mit 28% gehalten, ebenso die Kommunisten mit 5,5%.<\/p>\n<p>Der Hauptdarsteller dieser Wahlen ist Alexis Tsipras. Die W\u00e4hler haben all die Verhandlungen mit den Kreditgebern von Januar bis Juni positiv bewertet und im Juli Referendum mit einem beeindruckenden NEIN geantwortet. Sie haben jetzt bei diesen Wahlen ihr Vertrauen in ihn, trotz des 3. Memorandums, erneuert. Die Regierung wurde aufgefordert, ihre Arbeit fortzuf\u00fchren, in der Hoffnung, dass sie nicht Teil des Kl\u00fcngels und der Korruption geworden ist\u00a0und dass sie diese abschaffen wird. Es gibt immer noch Hoffnung, dass diese Regierung ein gerechteres Steuersystem einf\u00fchren und in der Lage sein wird, den Kreditgebern andere Ma\u00dfnahmen anzubieten, damit\u00a0die notwendigen Mittel beschafft\u00a0und somit den armen Schichten der Bev\u00f6lkerung geholfen\u00a0werden kann. Es wurden keine gro\u00dfen Worte \u00fcber die weitere Entwicklung gemacht oder dar\u00fcber, wie man die Arbeitslosigkeit reduzieren kann. Das ist eine Wette, die noch zu gewinnen ist.<\/p>\n<p>Aber es gibt noch andere Hauptdarsteller. Das sind die 43,4% der W\u00e4hler, die &#8211; besonders nach dem Referendum &#8211; entt\u00e4uscht von dem Verhalten aller Parteien in der Regierung (einschlie\u00dflich der SYRIZA-ANEL Koalition) sind. Niemand kann es diesen Leuten verdenken, dass sie gleichg\u00fcltig geworden sind. Ein Teil von ihnen will keine weitere Aufsplitterung der Linken, sie wollen auch kein weiteres Memorandum oder neue Ma\u00dfnahmen. Ein Teil von ihnen ist bereit, auf\u00a0neue unfaire Gesetze zu agieren, die vorgeben die Bankenkrise zu l\u00f6sen, indem sie die Last den schw\u00e4chsten Familien S\u00fcdeuropas aufgeb\u00fcrden.<\/p>\n<p>Ist es m\u00f6glich das Vertrauen so vieler Menschen wieder zu gewinnen? Die neue Regierung muss beweisen, dass sie dies kann und dass die repr\u00e4sentative Demokratie noch nicht tot ist. Sie sagen, sie wollen die Dynamik in Europa \u00e4ndern, sie wollen nicht weiter Reformen folgen, die ihnen von den Europ\u00e4ischen Institutionen vorgegeben werden und die unfair sind. Wie ist das im Rahmen des 3. Memorandums m\u00f6glich? Au\u00dferdem muss Syriza eine Politik der Menschenrechte verwirklichen, wie ihren W\u00e4hlern im Januar und auch jetzt versprochen wurde. Wie ist das m\u00f6glich in einer Koalition mit ANEL?<\/p>\n<p>Eines ist sicher, die neue Regierung von Tsipras braucht die n\u00e4chsten vier Jahre, um ihre Pl\u00e4ne zu entwerfen und zu verwirklichen. In diesem entscheidenden Moment f\u00fcr Griechenland und f\u00fcr Europa w\u00fcnschen die, die an ihn glauben, das alles mit erhobener Stimme und die, die nicht an seinen Erfolg glauben, w\u00fcnschen es auch, aber eher verhalten.<\/p>\n<p><em>\u00dcbersetzung aus dem Englischen von Marita Simon<\/em><\/p>\n","protected":false},"excerpt":{"rendered":"<p>Die griechische Bev\u00f6lkerung wurde gestern erneut\u00a0aufgefordert zu w\u00e4hlen. Im Mittelpunkt der Diskussionen stand die Frage, welche politische Partei oder welche politische Koalition das dritte Memorandum am Besten\u00a0umsetzen kann. Wenn wir am Besten\u00a0sagen, dann meinen wir den am wenigsten schmerzlichen Weg,&hellip;<\/p>\n","protected":false},"author":1203,"featured_media":224332,"comment_status":"closed","ping_status":"open","sticky":false,"template":"","format":"standard","meta":{"footnotes":""},"categories":[9143,11387],"tags":[],"class_list":["post-224520","post","type-post","status-publish","format-standard","has-post-thumbnail","hentry","category-meinungen","category-originalinhalt"],"yoast_head":"<!-- This site is optimized with the Yoast SEO plugin v27.1.1 - https:\/\/yoast.com\/product\/yoast-seo-wordpress\/ -->\n<title>Die Hauptakteure bei den Griechenlandwahlen<\/title>\n<meta name=\"description\" content=\"Die griechische Bev\u00f6lkerung wurde gestern erneut\u00a0aufgefordert zu w\u00e4hlen. Im Mittelpunkt der Diskussionen stand die Frage, welche politische Partei oder\" \/>\n<meta name=\"robots\" content=\"index, follow, max-snippet:-1, max-image-preview:large, max-video-preview:-1\" \/>\n<link rel=\"canonical\" href=\"https:\/\/www.pressenza.com\/de\/2015\/09\/die-hauptakteure-bei-den-griechenlandwahlen\/\" \/>\n<meta property=\"og:locale\" content=\"de_DE\" \/>\n<meta property=\"og:type\" content=\"article\" \/>\n<meta property=\"og:title\" content=\"Die Hauptakteure bei den Griechenlandwahlen\" \/>\n<meta property=\"og:description\" content=\"Die griechische Bev\u00f6lkerung wurde gestern erneut\u00a0aufgefordert zu w\u00e4hlen. Im Mittelpunkt der Diskussionen stand die Frage, welche politische Partei oder\" \/>\n<meta property=\"og:url\" content=\"https:\/\/www.pressenza.com\/de\/2015\/09\/die-hauptakteure-bei-den-griechenlandwahlen\/\" \/>\n<meta property=\"og:site_name\" content=\"Pressenza\" \/>\n<meta property=\"article:publisher\" content=\"https:\/\/www.facebook.com\/PressenzaItalia\" \/>\n<meta property=\"article:author\" content=\"https:\/\/www.facebook.com\/marianella.kloka?fref=ts\" \/>\n<meta property=\"article:published_time\" content=\"2015-09-21T18:43:39+00:00\" \/>\n<meta property=\"article:modified_time\" content=\"2015-09-23T17:08:53+00:00\" \/>\n<meta property=\"og:image\" content=\"https:\/\/www.pressenza.com\/wp-content\/uploads\/2015\/09\/Ekloges-Septembriou-2015-TPP.jpg\" \/>\n\t<meta property=\"og:image:width\" content=\"908\" \/>\n\t<meta property=\"og:image:height\" content=\"792\" \/>\n\t<meta property=\"og:image:type\" content=\"image\/jpeg\" \/>\n<meta name=\"author\" content=\"Marianella Kloka\" \/>\n<meta name=\"twitter:card\" content=\"summary_large_image\" \/>\n<meta name=\"twitter:creator\" content=\"@MarianellaKloka\" \/>\n<meta name=\"twitter:site\" content=\"@PressenzaIPA\" \/>\n<meta name=\"twitter:label1\" content=\"Verfasst von\" \/>\n\t<meta name=\"twitter:data1\" content=\"Marianella Kloka\" \/>\n\t<meta name=\"twitter:label2\" content=\"Gesch\u00e4tzte Lesezeit\" \/>\n\t<meta name=\"twitter:data2\" content=\"3\u00a0Minuten\" \/>\n<script type=\"application\/ld+json\" class=\"yoast-schema-graph\">{\"@context\":\"https:\/\/schema.org\",\"@graph\":[{\"@type\":\"Article\",\"@id\":\"https:\/\/www.pressenza.com\/de\/2015\/09\/die-hauptakteure-bei-den-griechenlandwahlen\/#article\",\"isPartOf\":{\"@id\":\"https:\/\/www.pressenza.com\/de\/2015\/09\/die-hauptakteure-bei-den-griechenlandwahlen\/\"},\"author\":{\"name\":\"Marianella Kloka\",\"@id\":\"https:\/\/www.pressenza.com\/de\/#\/schema\/person\/2f6926fff5b90a0637b85437f24cbfe9\"},\"headline\":\"Die Hauptakteure bei den Griechenlandwahlen\",\"datePublished\":\"2015-09-21T18:43:39+00:00\",\"dateModified\":\"2015-09-23T17:08:53+00:00\",\"mainEntityOfPage\":{\"@id\":\"https:\/\/www.pressenza.com\/de\/2015\/09\/die-hauptakteure-bei-den-griechenlandwahlen\/\"},\"wordCount\":582,\"publisher\":{\"@id\":\"https:\/\/www.pressenza.com\/de\/#organization\"},\"image\":{\"@id\":\"https:\/\/www.pressenza.com\/de\/2015\/09\/die-hauptakteure-bei-den-griechenlandwahlen\/#primaryimage\"},\"thumbnailUrl\":\"https:\/\/www.pressenza.com\/wp-content\/uploads\/2015\/09\/Ekloges-Septembriou-2015-TPP.jpg\",\"articleSection\":[\"Meinungen\",\"Originalinhalt\"],\"inLanguage\":\"de\"},{\"@type\":\"WebPage\",\"@id\":\"https:\/\/www.pressenza.com\/de\/2015\/09\/die-hauptakteure-bei-den-griechenlandwahlen\/\",\"url\":\"https:\/\/www.pressenza.com\/de\/2015\/09\/die-hauptakteure-bei-den-griechenlandwahlen\/\",\"name\":\"Die Hauptakteure bei den Griechenlandwahlen\",\"isPartOf\":{\"@id\":\"https:\/\/www.pressenza.com\/de\/#website\"},\"primaryImageOfPage\":{\"@id\":\"https:\/\/www.pressenza.com\/de\/2015\/09\/die-hauptakteure-bei-den-griechenlandwahlen\/#primaryimage\"},\"image\":{\"@id\":\"https:\/\/www.pressenza.com\/de\/2015\/09\/die-hauptakteure-bei-den-griechenlandwahlen\/#primaryimage\"},\"thumbnailUrl\":\"https:\/\/www.pressenza.com\/wp-content\/uploads\/2015\/09\/Ekloges-Septembriou-2015-TPP.jpg\",\"datePublished\":\"2015-09-21T18:43:39+00:00\",\"dateModified\":\"2015-09-23T17:08:53+00:00\",\"description\":\"Die griechische Bev\u00f6lkerung wurde gestern erneut\u00a0aufgefordert zu w\u00e4hlen. Im Mittelpunkt der Diskussionen stand die Frage, welche politische Partei oder\",\"breadcrumb\":{\"@id\":\"https:\/\/www.pressenza.com\/de\/2015\/09\/die-hauptakteure-bei-den-griechenlandwahlen\/#breadcrumb\"},\"inLanguage\":\"de\",\"potentialAction\":[{\"@type\":\"ReadAction\",\"target\":[\"https:\/\/www.pressenza.com\/de\/2015\/09\/die-hauptakteure-bei-den-griechenlandwahlen\/\"]}]},{\"@type\":\"ImageObject\",\"inLanguage\":\"de\",\"@id\":\"https:\/\/www.pressenza.com\/de\/2015\/09\/die-hauptakteure-bei-den-griechenlandwahlen\/#primaryimage\",\"url\":\"https:\/\/www.pressenza.com\/wp-content\/uploads\/2015\/09\/Ekloges-Septembriou-2015-TPP.jpg\",\"contentUrl\":\"https:\/\/www.pressenza.com\/wp-content\/uploads\/2015\/09\/Ekloges-Septembriou-2015-TPP.jpg\",\"width\":908,\"height\":792},{\"@type\":\"BreadcrumbList\",\"@id\":\"https:\/\/www.pressenza.com\/de\/2015\/09\/die-hauptakteure-bei-den-griechenlandwahlen\/#breadcrumb\",\"itemListElement\":[{\"@type\":\"ListItem\",\"position\":1,\"name\":\"Accueil\",\"item\":\"https:\/\/www.pressenza.com\/de\/\"},{\"@type\":\"ListItem\",\"position\":2,\"name\":\"Die Hauptakteure bei den Griechenlandwahlen\"}]},{\"@type\":\"WebSite\",\"@id\":\"https:\/\/www.pressenza.com\/de\/#website\",\"url\":\"https:\/\/www.pressenza.com\/de\/\",\"name\":\"Pressenza\",\"description\":\"International Press Agency\",\"publisher\":{\"@id\":\"https:\/\/www.pressenza.com\/de\/#organization\"},\"potentialAction\":[{\"@type\":\"SearchAction\",\"target\":{\"@type\":\"EntryPoint\",\"urlTemplate\":\"https:\/\/www.pressenza.com\/de\/?s={search_term_string}\"},\"query-input\":{\"@type\":\"PropertyValueSpecification\",\"valueRequired\":true,\"valueName\":\"search_term_string\"}}],\"inLanguage\":\"de\"},{\"@type\":\"Organization\",\"@id\":\"https:\/\/www.pressenza.com\/de\/#organization\",\"name\":\"Pressenza\",\"url\":\"https:\/\/www.pressenza.com\/de\/\",\"logo\":{\"@type\":\"ImageObject\",\"inLanguage\":\"de\",\"@id\":\"https:\/\/www.pressenza.com\/de\/#\/schema\/logo\/image\/\",\"url\":\"https:\/\/www.pressenza.com\/wp-content\/uploads\/2022\/10\/pressenza_logo_200x200.jpg\",\"contentUrl\":\"https:\/\/www.pressenza.com\/wp-content\/uploads\/2022\/10\/pressenza_logo_200x200.jpg\",\"width\":200,\"height\":200,\"caption\":\"Pressenza\"},\"image\":{\"@id\":\"https:\/\/www.pressenza.com\/de\/#\/schema\/logo\/image\/\"},\"sameAs\":[\"https:\/\/www.facebook.com\/PressenzaItalia\",\"https:\/\/x.com\/PressenzaIPA\"]},{\"@type\":\"Person\",\"@id\":\"https:\/\/www.pressenza.com\/de\/#\/schema\/person\/2f6926fff5b90a0637b85437f24cbfe9\",\"name\":\"Marianella Kloka\",\"description\":\"Marianella Kloka is a 50 years old woman, living in Athens, Greece. She has been a member of the Humanist Movement since 1990 and she is a founding member of World without Wars and Violence in Greece. Currently she works as an advocacy officer for the NGO PRAKSIS. Politics, human rights, scripts, audiovisuals. Twitter: @MarianellaKloka | Facebook: marianella.kloka\",\"sameAs\":[\"https:\/\/www.facebook.com\/marianella.kloka?fref=ts\",\"https:\/\/x.com\/MarianellaKloka\"],\"url\":\"https:\/\/www.pressenza.com\/de\/author\/marianella-kloka\/\"}]}<\/script>\n<!-- \/ Yoast SEO plugin. -->","yoast_head_json":{"title":"Die Hauptakteure bei den Griechenlandwahlen","description":"Die griechische Bev\u00f6lkerung wurde gestern erneut\u00a0aufgefordert zu w\u00e4hlen. Im Mittelpunkt der Diskussionen stand die Frage, welche politische Partei oder","robots":{"index":"index","follow":"follow","max-snippet":"max-snippet:-1","max-image-preview":"max-image-preview:large","max-video-preview":"max-video-preview:-1"},"canonical":"https:\/\/www.pressenza.com\/de\/2015\/09\/die-hauptakteure-bei-den-griechenlandwahlen\/","og_locale":"de_DE","og_type":"article","og_title":"Die Hauptakteure bei den Griechenlandwahlen","og_description":"Die griechische Bev\u00f6lkerung wurde gestern erneut\u00a0aufgefordert zu w\u00e4hlen. Im Mittelpunkt der Diskussionen stand die Frage, welche politische Partei oder","og_url":"https:\/\/www.pressenza.com\/de\/2015\/09\/die-hauptakteure-bei-den-griechenlandwahlen\/","og_site_name":"Pressenza","article_publisher":"https:\/\/www.facebook.com\/PressenzaItalia","article_author":"https:\/\/www.facebook.com\/marianella.kloka?fref=ts","article_published_time":"2015-09-21T18:43:39+00:00","article_modified_time":"2015-09-23T17:08:53+00:00","og_image":[{"width":908,"height":792,"url":"https:\/\/www.pressenza.com\/wp-content\/uploads\/2015\/09\/Ekloges-Septembriou-2015-TPP.jpg","type":"image\/jpeg"}],"author":"Marianella Kloka","twitter_card":"summary_large_image","twitter_creator":"@MarianellaKloka","twitter_site":"@PressenzaIPA","twitter_misc":{"Verfasst von":"Marianella Kloka","Gesch\u00e4tzte Lesezeit":"3\u00a0Minuten"},"schema":{"@context":"https:\/\/schema.org","@graph":[{"@type":"Article","@id":"https:\/\/www.pressenza.com\/de\/2015\/09\/die-hauptakteure-bei-den-griechenlandwahlen\/#article","isPartOf":{"@id":"https:\/\/www.pressenza.com\/de\/2015\/09\/die-hauptakteure-bei-den-griechenlandwahlen\/"},"author":{"name":"Marianella Kloka","@id":"https:\/\/www.pressenza.com\/de\/#\/schema\/person\/2f6926fff5b90a0637b85437f24cbfe9"},"headline":"Die Hauptakteure bei den Griechenlandwahlen","datePublished":"2015-09-21T18:43:39+00:00","dateModified":"2015-09-23T17:08:53+00:00","mainEntityOfPage":{"@id":"https:\/\/www.pressenza.com\/de\/2015\/09\/die-hauptakteure-bei-den-griechenlandwahlen\/"},"wordCount":582,"publisher":{"@id":"https:\/\/www.pressenza.com\/de\/#organization"},"image":{"@id":"https:\/\/www.pressenza.com\/de\/2015\/09\/die-hauptakteure-bei-den-griechenlandwahlen\/#primaryimage"},"thumbnailUrl":"https:\/\/www.pressenza.com\/wp-content\/uploads\/2015\/09\/Ekloges-Septembriou-2015-TPP.jpg","articleSection":["Meinungen","Originalinhalt"],"inLanguage":"de"},{"@type":"WebPage","@id":"https:\/\/www.pressenza.com\/de\/2015\/09\/die-hauptakteure-bei-den-griechenlandwahlen\/","url":"https:\/\/www.pressenza.com\/de\/2015\/09\/die-hauptakteure-bei-den-griechenlandwahlen\/","name":"Die Hauptakteure bei den Griechenlandwahlen","isPartOf":{"@id":"https:\/\/www.pressenza.com\/de\/#website"},"primaryImageOfPage":{"@id":"https:\/\/www.pressenza.com\/de\/2015\/09\/die-hauptakteure-bei-den-griechenlandwahlen\/#primaryimage"},"image":{"@id":"https:\/\/www.pressenza.com\/de\/2015\/09\/die-hauptakteure-bei-den-griechenlandwahlen\/#primaryimage"},"thumbnailUrl":"https:\/\/www.pressenza.com\/wp-content\/uploads\/2015\/09\/Ekloges-Septembriou-2015-TPP.jpg","datePublished":"2015-09-21T18:43:39+00:00","dateModified":"2015-09-23T17:08:53+00:00","description":"Die griechische Bev\u00f6lkerung wurde gestern erneut\u00a0aufgefordert zu w\u00e4hlen. Im Mittelpunkt der Diskussionen stand die Frage, welche politische Partei oder","breadcrumb":{"@id":"https:\/\/www.pressenza.com\/de\/2015\/09\/die-hauptakteure-bei-den-griechenlandwahlen\/#breadcrumb"},"inLanguage":"de","potentialAction":[{"@type":"ReadAction","target":["https:\/\/www.pressenza.com\/de\/2015\/09\/die-hauptakteure-bei-den-griechenlandwahlen\/"]}]},{"@type":"ImageObject","inLanguage":"de","@id":"https:\/\/www.pressenza.com\/de\/2015\/09\/die-hauptakteure-bei-den-griechenlandwahlen\/#primaryimage","url":"https:\/\/www.pressenza.com\/wp-content\/uploads\/2015\/09\/Ekloges-Septembriou-2015-TPP.jpg","contentUrl":"https:\/\/www.pressenza.com\/wp-content\/uploads\/2015\/09\/Ekloges-Septembriou-2015-TPP.jpg","width":908,"height":792},{"@type":"BreadcrumbList","@id":"https:\/\/www.pressenza.com\/de\/2015\/09\/die-hauptakteure-bei-den-griechenlandwahlen\/#breadcrumb","itemListElement":[{"@type":"ListItem","position":1,"name":"Accueil","item":"https:\/\/www.pressenza.com\/de\/"},{"@type":"ListItem","position":2,"name":"Die Hauptakteure bei den Griechenlandwahlen"}]},{"@type":"WebSite","@id":"https:\/\/www.pressenza.com\/de\/#website","url":"https:\/\/www.pressenza.com\/de\/","name":"Pressenza","description":"International Press Agency","publisher":{"@id":"https:\/\/www.pressenza.com\/de\/#organization"},"potentialAction":[{"@type":"SearchAction","target":{"@type":"EntryPoint","urlTemplate":"https:\/\/www.pressenza.com\/de\/?s={search_term_string}"},"query-input":{"@type":"PropertyValueSpecification","valueRequired":true,"valueName":"search_term_string"}}],"inLanguage":"de"},{"@type":"Organization","@id":"https:\/\/www.pressenza.com\/de\/#organization","name":"Pressenza","url":"https:\/\/www.pressenza.com\/de\/","logo":{"@type":"ImageObject","inLanguage":"de","@id":"https:\/\/www.pressenza.com\/de\/#\/schema\/logo\/image\/","url":"https:\/\/www.pressenza.com\/wp-content\/uploads\/2022\/10\/pressenza_logo_200x200.jpg","contentUrl":"https:\/\/www.pressenza.com\/wp-content\/uploads\/2022\/10\/pressenza_logo_200x200.jpg","width":200,"height":200,"caption":"Pressenza"},"image":{"@id":"https:\/\/www.pressenza.com\/de\/#\/schema\/logo\/image\/"},"sameAs":["https:\/\/www.facebook.com\/PressenzaItalia","https:\/\/x.com\/PressenzaIPA"]},{"@type":"Person","@id":"https:\/\/www.pressenza.com\/de\/#\/schema\/person\/2f6926fff5b90a0637b85437f24cbfe9","name":"Marianella Kloka","description":"Marianella Kloka is a 50 years old woman, living in Athens, Greece. She has been a member of the Humanist Movement since 1990 and she is a founding member of World without Wars and Violence in Greece. Currently she works as an advocacy officer for the NGO PRAKSIS. Politics, human rights, scripts, audiovisuals. Twitter: @MarianellaKloka | Facebook: marianella.kloka","sameAs":["https:\/\/www.facebook.com\/marianella.kloka?fref=ts","https:\/\/x.com\/MarianellaKloka"],"url":"https:\/\/www.pressenza.com\/de\/author\/marianella-kloka\/"}]}},"place":"","original_article_url":"","_links":{"self":[{"href":"https:\/\/www.pressenza.com\/de\/wp-json\/wp\/v2\/posts\/224520","targetHints":{"allow":["GET"]}}],"collection":[{"href":"https:\/\/www.pressenza.com\/de\/wp-json\/wp\/v2\/posts"}],"about":[{"href":"https:\/\/www.pressenza.com\/de\/wp-json\/wp\/v2\/types\/post"}],"author":[{"embeddable":true,"href":"https:\/\/www.pressenza.com\/de\/wp-json\/wp\/v2\/users\/1203"}],"replies":[{"embeddable":true,"href":"https:\/\/www.pressenza.com\/de\/wp-json\/wp\/v2\/comments?post=224520"}],"version-history":[{"count":0,"href":"https:\/\/www.pressenza.com\/de\/wp-json\/wp\/v2\/posts\/224520\/revisions"}],"wp:featuredmedia":[{"embeddable":true,"href":"https:\/\/www.pressenza.com\/de\/wp-json\/wp\/v2\/media\/224332"}],"wp:attachment":[{"href":"https:\/\/www.pressenza.com\/de\/wp-json\/wp\/v2\/media?parent=224520"}],"wp:term":[{"taxonomy":"category","embeddable":true,"href":"https:\/\/www.pressenza.com\/de\/wp-json\/wp\/v2\/categories?post=224520"},{"taxonomy":"post_tag","embeddable":true,"href":"https:\/\/www.pressenza.com\/de\/wp-json\/wp\/v2\/tags?post=224520"}],"curies":[{"name":"wp","href":"https:\/\/api.w.org\/{rel}","templated":true}]}}