{"id":222302,"date":"2015-09-15T13:31:12","date_gmt":"2015-09-15T12:31:12","guid":{"rendered":"http:\/\/www.pressenza.com\/de\/?p=222302"},"modified":"2015-09-15T13:33:22","modified_gmt":"2015-09-15T12:33:22","slug":"frieden-als-bewusstseinsbildung-und-konsequenter-antimilitarismus","status":"publish","type":"post","link":"https:\/\/www.pressenza.com\/de\/2015\/09\/frieden-als-bewusstseinsbildung-und-konsequenter-antimilitarismus\/","title":{"rendered":"Frieden als Bewusstseinsbildung und konsequenter Antimilitarismus"},"content":{"rendered":"<p><em><strong>Im folgenden Interview befragen wir <a href=\"http:\/\/www.rudolph-bauer.de\/\">Prof. Dr. Rudolph Bauer<\/a> \u00fcber die Initiative <a href=\"http:\/\/antikriegskonferenz.de\">Antikriegskonferenz<\/a>. In einer Zeit voller Krieg und Gewalt glauben wir immer noch an einen Frieden, der durch Bewusstseinsbildung erzielt werden kann. Wir m\u00fcssen die Propaganda der Milit\u00e4rmaschinerie stoppen, und das k\u00f6nnen wir nur als Menschen. Denn wo Menschen anfangen, h\u00f6ren Soldaten auf.<\/strong> <\/em><\/p>\n<p><em><strong>Milena Rampoldi: Welches ist das Hauptziel der Initiative Antikriegs-konferenz?<\/strong><\/em><\/p>\n<p>Rudolph Bauer: Ziel der Initiative Antikriegskonferenz ist es, der Bev\u00f6lkerungsmehrheit in der Bundesrepublik, die skeptisch bis ablehnend eingestellt ist gegen\u00fcber den kriegerischen Eins\u00e4tzen der Bundeswehr, ein Gesicht und eine Stimme zu verleihen. Es ist wichtig, diesen Menschen zus\u00e4tzliche Argumente an die Hand zu geben gegen das verantwortungslose Kriegstreiben in Politik, Wirtschaft und Medien. Wir sind gegen jede Art von Militarisierung und \u00dcberwachung, Waffengewalt und Vertreibung, R\u00fcstung und Milit\u00e4reins\u00e4tze im In- und Ausland. Wir sind auch dagegen, dass unsere Mitmenschen als Soldatinnen und Soldaten in Angriffskriegen verheizt oder traumatisiert werden.<\/p>\n<p><a href=\"http:\/\/www.pressenza.com\/wp-content\/uploads\/2015\/09\/Rudolph-Bauer.gif\"><img loading=\"lazy\" decoding=\"async\" class=\"aligncenter size-full wp-image-222310\" src=\"http:\/\/www.pressenza.com\/wp-content\/uploads\/2015\/09\/Rudolph-Bauer.gif\" alt=\"Rudolph Bauer\" width=\"640\" height=\"414\" \/><\/a><\/p>\n<p><strong><em>ProMosaik e.V. glaubt an die Macht der Erziehung zum Frieden, um den Militarismus in Deutschland von unten zu bek\u00e4mpfen. Was denken Sie hierzu?<\/em><\/strong><\/p>\n<p>In den Schulen und Hochschulen gibt es immer mehr Anzeichen und Folgen der Militarisierung. An den Schulen findet die ideologische Aufr\u00fcstung statt. Die Sozialkundeb\u00fccher sind voll von Schwarz-Wei\u00df-Darstellungen: &#8222;Wir&#8220; sind die Guten, der Rest der Welt ist r\u00fcckst\u00e4ndig, gewaltt\u00e4tig, unzivilisiert. In der Forschung an den Universit\u00e4ten werden Auftr\u00e4ge des Milit\u00e4rs und der R\u00fcstungsindustrie bearbeitet. Milit\u00e4r und R\u00fcstungsindustrie kooperieren mit der Herstellern von Kriegsvideospielen, und diese entwickeln Kampfsimulatoren. L\u00e4ngst hat die Militarisierung den gesamten Erziehungsbereich erfasst. Auch in den Print- und elektronischen Massenmedien herrschen Angst und Kriegsstimmung. Um dem Militarismus in der Bundesrepublik von unten Widerstand entgegensetzen zu k\u00f6nnen, m\u00fcssen erst einmal die gegenw\u00e4rtigen Machtverh\u00e4ltnisse im Erziehungs- und Bildungswesen und in den Medien kritisch und praktisch in Frage gestellt werden.<\/p>\n<p><strong><em>Durch welche Strategien l\u00e4sst sich die Idee des Friedens in unseren Gesellschaften am besten verbreiten?<\/em><\/strong><\/p>\n<p>Ich denke sowohl an parlamentarische als auch an au\u00dferparlamentarische Strategien, die sich in einem gewissen Umfang wechselseitig erg\u00e4nzen m\u00fcssen. Doch Strategien allein reichen nicht aus, wenn sie nicht vitalen Interessen der Menschen entsprechen und kraftvoll unterst\u00fctzt werden aus der Bev\u00f6lkerung heraus, von den Gewerkschaften und Kirchen, von Vereinen und Zivilorganisationen, nicht zuletzt von der arbeitenden und studierenden Jugend.<\/p>\n<p><strong><em>Wie wurden Sie pers\u00f6nlich zum Kriegsgegner? Welche sind die Thesen, die Menschen \u00fcberzeugen, sich gegen den Krieg und den Militarismus zu engagieren?<\/em><\/strong><\/p>\n<p>Ich habe als Kind den Zweiten Weltkrieg, sein Ende und die Nachkriegszeit erlebt. Seither habe ich all die f\u00fcrchterlichen Kriege bewusst wahrgenommen: den Korea-Krieg, den Vietnam-Krieg, den Algerien-Krieg usw., den Afghanistan-Krieg, die Irak-Kriege, die Kriege in Afrika, im Nahen Osten, im ehemaligen Jugoslawien, B\u00fcrgerkriege und &#8222;asymetrische Kriege&#8220; &#8211; Gemetzel, Gemetzel, Gemetzel. Es bedarf keiner Thesen, um den Gro\u00dfteil der Menschen gegen Krieg und Militarismus einzunehmen. Zentrales Problem ist vielmehr das manifeste Gef\u00fchl der Ohnmacht angesichts der \u00fcberm\u00e4chtigen Milit\u00e4rmaschinerie und der militaristischen Gehirnw\u00e4sche durch Propaganda und L\u00fcgen.<\/p>\n<p><strong><em>Mit welchen Argumenten kann man am besten gegen die sogenannten Kriege f\u00fcr die Menschenrechte im Ausland argumentieren?<\/em><\/strong><\/p>\n<p>Jeder Krieg verletzt Menschenrechte. Es gibt daher keine Kriege f\u00fcr Menschenrechte. Allerdings wird vor allem in neuerer Zeit der Einsatz f\u00fcr die Menschenrechte propagandistisch vorget\u00e4uscht, um sie sodann kriegerisch zu verletzen und au\u00dfer Kraft zu setzen. Jeder Gesellschaft als einer politischen Einheit ist es aufgegeben, in ihrem Inneren darum zu ringen, dass die Menschenrechte anerkannt und gewahrt werden. Das ist ein permanenter Prozess, der einen Anfangs hat, aber kein Ende. In diesen Prozess von Au\u00dfen milit\u00e4risch einzugreifen oder durch Waffenlieferung, ist verbrecherisch. Nicht Kriege &#8211; auch wenn sie als humanit\u00e4re Intervention getarnt sind -, sondern V\u00f6lkerverst\u00e4ndigung und Diplomatie, Bildung und sozial gerechte Entwicklungsprozesse sind die Fundamente f\u00fcr die Anerkennung und Wahrung der Menschenrechte.<\/p>\n<p><strong><em>Wie kann man gegen die Waffenlobbys arbeiten und ein Umdenken in Deutschland erwirken, damit Deutschland aufh\u00f6rt, Waffen in Krisenregionen zu exportieren?<\/em><\/strong><\/p>\n<p>Die einfachste Antwort lautet: W\u00e4hlt nur solche Abgeordnete und Parteien in den Bundestag, die sich &#8211; ob als Opposition oder in der Regierung &#8211; verbindlich f\u00fcr ein Exportverbot einsetzen sowie ein Konversionsprogramm beschlie\u00dfen und die ferner den Lobbyismus f\u00fcr Waffen und R\u00fcstungsg\u00fcter gesetzlich verbieten wollen. Etwas schwieriger ist es, der kriegerischen Gewaltspirale von Politik und Milit\u00e4r sowie dem \u00f6konomischen Profitzwang von Industrie und Banken jene humanistische Friedens- und Gerechtigkeitslogik entgegenzusetzen, die das Wohlergehen aller Menschen ebenso wie der Natur und ihrer Kreaturen zum Ziel hat. Darauf m\u00fcssen wir hinarbeiten.<\/p>\n<p><strong><em>Wir danken Ihne f\u00fcr Ihre Zeit!<\/em><\/strong><\/p>\n","protected":false},"excerpt":{"rendered":"<p>Im folgenden Interview befragen wir Prof. Dr. Rudolph Bauer \u00fcber die Initiative Antikriegskonferenz. In einer Zeit voller Krieg und Gewalt glauben wir immer noch an einen Frieden, der durch Bewusstseinsbildung erzielt werden kann. Wir m\u00fcssen die Propaganda der Milit\u00e4rmaschinerie stoppen,&hellip;<\/p>\n","protected":false},"author":1149,"featured_media":222320,"comment_status":"closed","ping_status":"open","sticky":false,"template":"","format":"standard","meta":{"footnotes":""},"categories":[9167,7835,9142,11387],"tags":[19975,19977,19976,12986,19974],"class_list":["post-222302","post","type-post","status-publish","format-standard","has-post-thumbnail","hentry","category-frieden-und-abruestung","category-international-de","category-interviews-de","category-originalinhalt","tag-antikriegskonferenz","tag-auslandseinsaetze","tag-militarisierung","tag-promosaik-de","tag-rudolpg-bauer"],"yoast_head":"<!-- This site is optimized with the Yoast SEO plugin v27.1.1 - https:\/\/yoast.com\/product\/yoast-seo-wordpress\/ -->\n<title>Frieden als Bewusstseinsbildung und konsequenter Antimilitarismus<\/title>\n<meta name=\"description\" content=\"Im folgenden Interview befragen wir Prof. Dr. Rudolph Bauer \u00fcber die Initiative Antikriegskonferenz. In einer Zeit voller Krieg und Gewalt glauben wir\" \/>\n<meta name=\"robots\" content=\"index, follow, max-snippet:-1, max-image-preview:large, max-video-preview:-1\" \/>\n<link rel=\"canonical\" href=\"https:\/\/www.pressenza.com\/de\/2015\/09\/frieden-als-bewusstseinsbildung-und-konsequenter-antimilitarismus\/\" \/>\n<meta property=\"og:locale\" content=\"de_DE\" \/>\n<meta property=\"og:type\" content=\"article\" \/>\n<meta property=\"og:title\" content=\"Frieden als Bewusstseinsbildung und konsequenter Antimilitarismus\" \/>\n<meta property=\"og:description\" content=\"Im folgenden Interview befragen wir Prof. Dr. Rudolph Bauer \u00fcber die Initiative Antikriegskonferenz. In einer Zeit voller Krieg und Gewalt glauben wir\" \/>\n<meta property=\"og:url\" content=\"https:\/\/www.pressenza.com\/de\/2015\/09\/frieden-als-bewusstseinsbildung-und-konsequenter-antimilitarismus\/\" \/>\n<meta property=\"og:site_name\" content=\"Pressenza\" \/>\n<meta property=\"article:publisher\" content=\"https:\/\/www.facebook.com\/PressenzaItalia\" \/>\n<meta property=\"article:published_time\" content=\"2015-09-15T12:31:12+00:00\" \/>\n<meta property=\"article:modified_time\" content=\"2015-09-15T12:33:22+00:00\" \/>\n<meta property=\"og:image\" content=\"https:\/\/www.pressenza.com\/wp-content\/uploads\/2015\/09\/antikriegsonferenz1.jpg\" \/>\n\t<meta property=\"og:image:width\" content=\"900\" \/>\n\t<meta property=\"og:image:height\" content=\"750\" \/>\n\t<meta property=\"og:image:type\" content=\"image\/jpeg\" \/>\n<meta name=\"author\" content=\"Milena Rampoldi\" \/>\n<meta name=\"twitter:card\" content=\"summary_large_image\" \/>\n<meta name=\"twitter:creator\" content=\"@PressenzaIPA\" \/>\n<meta name=\"twitter:site\" content=\"@PressenzaIPA\" \/>\n<meta name=\"twitter:label1\" content=\"Verfasst von\" \/>\n\t<meta name=\"twitter:data1\" content=\"Milena Rampoldi\" \/>\n\t<meta name=\"twitter:label2\" content=\"Gesch\u00e4tzte Lesezeit\" \/>\n\t<meta name=\"twitter:data2\" content=\"4\u00a0Minuten\" \/>\n<script type=\"application\/ld+json\" class=\"yoast-schema-graph\">{\"@context\":\"https:\/\/schema.org\",\"@graph\":[{\"@type\":\"Article\",\"@id\":\"https:\/\/www.pressenza.com\/de\/2015\/09\/frieden-als-bewusstseinsbildung-und-konsequenter-antimilitarismus\/#article\",\"isPartOf\":{\"@id\":\"https:\/\/www.pressenza.com\/de\/2015\/09\/frieden-als-bewusstseinsbildung-und-konsequenter-antimilitarismus\/\"},\"author\":{\"name\":\"Milena Rampoldi\",\"@id\":\"https:\/\/www.pressenza.com\/de\/#\/schema\/person\/1f3113f1dbef2a8376909f563854e5e5\"},\"headline\":\"Frieden als Bewusstseinsbildung und konsequenter Antimilitarismus\",\"datePublished\":\"2015-09-15T12:31:12+00:00\",\"dateModified\":\"2015-09-15T12:33:22+00:00\",\"mainEntityOfPage\":{\"@id\":\"https:\/\/www.pressenza.com\/de\/2015\/09\/frieden-als-bewusstseinsbildung-und-konsequenter-antimilitarismus\/\"},\"wordCount\":793,\"publisher\":{\"@id\":\"https:\/\/www.pressenza.com\/de\/#organization\"},\"image\":{\"@id\":\"https:\/\/www.pressenza.com\/de\/2015\/09\/frieden-als-bewusstseinsbildung-und-konsequenter-antimilitarismus\/#primaryimage\"},\"thumbnailUrl\":\"https:\/\/www.pressenza.com\/wp-content\/uploads\/2015\/09\/antikriegsonferenz1.jpg\",\"keywords\":[\"Antikriegskonferenz\",\"Auslandseins\u00e4tze\",\"Militarisierung\",\"Promosaik\",\"Rudolpg Bauer\"],\"articleSection\":[\"Frieden und Abr\u00fcstung\",\"International\",\"Interviews\",\"Originalinhalt\"],\"inLanguage\":\"de\"},{\"@type\":\"WebPage\",\"@id\":\"https:\/\/www.pressenza.com\/de\/2015\/09\/frieden-als-bewusstseinsbildung-und-konsequenter-antimilitarismus\/\",\"url\":\"https:\/\/www.pressenza.com\/de\/2015\/09\/frieden-als-bewusstseinsbildung-und-konsequenter-antimilitarismus\/\",\"name\":\"Frieden als Bewusstseinsbildung und konsequenter Antimilitarismus\",\"isPartOf\":{\"@id\":\"https:\/\/www.pressenza.com\/de\/#website\"},\"primaryImageOfPage\":{\"@id\":\"https:\/\/www.pressenza.com\/de\/2015\/09\/frieden-als-bewusstseinsbildung-und-konsequenter-antimilitarismus\/#primaryimage\"},\"image\":{\"@id\":\"https:\/\/www.pressenza.com\/de\/2015\/09\/frieden-als-bewusstseinsbildung-und-konsequenter-antimilitarismus\/#primaryimage\"},\"thumbnailUrl\":\"https:\/\/www.pressenza.com\/wp-content\/uploads\/2015\/09\/antikriegsonferenz1.jpg\",\"datePublished\":\"2015-09-15T12:31:12+00:00\",\"dateModified\":\"2015-09-15T12:33:22+00:00\",\"description\":\"Im folgenden Interview befragen wir Prof. Dr. Rudolph Bauer \u00fcber die Initiative Antikriegskonferenz. In einer Zeit voller Krieg und Gewalt glauben wir\",\"breadcrumb\":{\"@id\":\"https:\/\/www.pressenza.com\/de\/2015\/09\/frieden-als-bewusstseinsbildung-und-konsequenter-antimilitarismus\/#breadcrumb\"},\"inLanguage\":\"de\",\"potentialAction\":[{\"@type\":\"ReadAction\",\"target\":[\"https:\/\/www.pressenza.com\/de\/2015\/09\/frieden-als-bewusstseinsbildung-und-konsequenter-antimilitarismus\/\"]}]},{\"@type\":\"ImageObject\",\"inLanguage\":\"de\",\"@id\":\"https:\/\/www.pressenza.com\/de\/2015\/09\/frieden-als-bewusstseinsbildung-und-konsequenter-antimilitarismus\/#primaryimage\",\"url\":\"https:\/\/www.pressenza.com\/wp-content\/uploads\/2015\/09\/antikriegsonferenz1.jpg\",\"contentUrl\":\"https:\/\/www.pressenza.com\/wp-content\/uploads\/2015\/09\/antikriegsonferenz1.jpg\",\"width\":900,\"height\":750},{\"@type\":\"BreadcrumbList\",\"@id\":\"https:\/\/www.pressenza.com\/de\/2015\/09\/frieden-als-bewusstseinsbildung-und-konsequenter-antimilitarismus\/#breadcrumb\",\"itemListElement\":[{\"@type\":\"ListItem\",\"position\":1,\"name\":\"Accueil\",\"item\":\"https:\/\/www.pressenza.com\/de\/\"},{\"@type\":\"ListItem\",\"position\":2,\"name\":\"Frieden als Bewusstseinsbildung und konsequenter Antimilitarismus\"}]},{\"@type\":\"WebSite\",\"@id\":\"https:\/\/www.pressenza.com\/de\/#website\",\"url\":\"https:\/\/www.pressenza.com\/de\/\",\"name\":\"Pressenza\",\"description\":\"International Press Agency\",\"publisher\":{\"@id\":\"https:\/\/www.pressenza.com\/de\/#organization\"},\"potentialAction\":[{\"@type\":\"SearchAction\",\"target\":{\"@type\":\"EntryPoint\",\"urlTemplate\":\"https:\/\/www.pressenza.com\/de\/?s={search_term_string}\"},\"query-input\":{\"@type\":\"PropertyValueSpecification\",\"valueRequired\":true,\"valueName\":\"search_term_string\"}}],\"inLanguage\":\"de\"},{\"@type\":\"Organization\",\"@id\":\"https:\/\/www.pressenza.com\/de\/#organization\",\"name\":\"Pressenza\",\"url\":\"https:\/\/www.pressenza.com\/de\/\",\"logo\":{\"@type\":\"ImageObject\",\"inLanguage\":\"de\",\"@id\":\"https:\/\/www.pressenza.com\/de\/#\/schema\/logo\/image\/\",\"url\":\"https:\/\/www.pressenza.com\/wp-content\/uploads\/2022\/10\/pressenza_logo_200x200.jpg\",\"contentUrl\":\"https:\/\/www.pressenza.com\/wp-content\/uploads\/2022\/10\/pressenza_logo_200x200.jpg\",\"width\":200,\"height\":200,\"caption\":\"Pressenza\"},\"image\":{\"@id\":\"https:\/\/www.pressenza.com\/de\/#\/schema\/logo\/image\/\"},\"sameAs\":[\"https:\/\/www.facebook.com\/PressenzaItalia\",\"https:\/\/x.com\/PressenzaIPA\"]},{\"@type\":\"Person\",\"@id\":\"https:\/\/www.pressenza.com\/de\/#\/schema\/person\/1f3113f1dbef2a8376909f563854e5e5\",\"name\":\"Milena Rampoldi\",\"description\":\"Milena Rampoldi \u00e8 nata a Bolzano nel 1973 e dopo i suoi studi teologici, pedagogici, filosofici e orientali in Italia ha proseguito con il dottorato di arabistica sul tema della didattica arabofona del Corano a Vienna. Insegnante di lingue e traduttrice, da anni si occupa di storia e religione islamica, di questioni politiche ed umanitarie, di femminismo e diritti umani e di storia medio-orientale ed africana. Tra le varie pubblicazioni, soprattutto in lingua tedesca, figurano i testi italiani sui Corsari del Mediterraneo e sul filosofo Ren\u00e9 Gu\u00e9non. E' promotrice dell'Associazione per il dialogo interculturale e interreligioso Promosaik www.promosaik.com\",\"url\":\"https:\/\/www.pressenza.com\/de\/author\/milena-rampoldi\/\"}]}<\/script>\n<!-- \/ Yoast SEO plugin. -->","yoast_head_json":{"title":"Frieden als Bewusstseinsbildung und konsequenter Antimilitarismus","description":"Im folgenden Interview befragen wir Prof. Dr. Rudolph Bauer \u00fcber die Initiative Antikriegskonferenz. In einer Zeit voller Krieg und Gewalt glauben wir","robots":{"index":"index","follow":"follow","max-snippet":"max-snippet:-1","max-image-preview":"max-image-preview:large","max-video-preview":"max-video-preview:-1"},"canonical":"https:\/\/www.pressenza.com\/de\/2015\/09\/frieden-als-bewusstseinsbildung-und-konsequenter-antimilitarismus\/","og_locale":"de_DE","og_type":"article","og_title":"Frieden als Bewusstseinsbildung und konsequenter Antimilitarismus","og_description":"Im folgenden Interview befragen wir Prof. Dr. Rudolph Bauer \u00fcber die Initiative Antikriegskonferenz. In einer Zeit voller Krieg und Gewalt glauben wir","og_url":"https:\/\/www.pressenza.com\/de\/2015\/09\/frieden-als-bewusstseinsbildung-und-konsequenter-antimilitarismus\/","og_site_name":"Pressenza","article_publisher":"https:\/\/www.facebook.com\/PressenzaItalia","article_published_time":"2015-09-15T12:31:12+00:00","article_modified_time":"2015-09-15T12:33:22+00:00","og_image":[{"width":900,"height":750,"url":"https:\/\/www.pressenza.com\/wp-content\/uploads\/2015\/09\/antikriegsonferenz1.jpg","type":"image\/jpeg"}],"author":"Milena Rampoldi","twitter_card":"summary_large_image","twitter_creator":"@PressenzaIPA","twitter_site":"@PressenzaIPA","twitter_misc":{"Verfasst von":"Milena Rampoldi","Gesch\u00e4tzte Lesezeit":"4\u00a0Minuten"},"schema":{"@context":"https:\/\/schema.org","@graph":[{"@type":"Article","@id":"https:\/\/www.pressenza.com\/de\/2015\/09\/frieden-als-bewusstseinsbildung-und-konsequenter-antimilitarismus\/#article","isPartOf":{"@id":"https:\/\/www.pressenza.com\/de\/2015\/09\/frieden-als-bewusstseinsbildung-und-konsequenter-antimilitarismus\/"},"author":{"name":"Milena Rampoldi","@id":"https:\/\/www.pressenza.com\/de\/#\/schema\/person\/1f3113f1dbef2a8376909f563854e5e5"},"headline":"Frieden als Bewusstseinsbildung und konsequenter Antimilitarismus","datePublished":"2015-09-15T12:31:12+00:00","dateModified":"2015-09-15T12:33:22+00:00","mainEntityOfPage":{"@id":"https:\/\/www.pressenza.com\/de\/2015\/09\/frieden-als-bewusstseinsbildung-und-konsequenter-antimilitarismus\/"},"wordCount":793,"publisher":{"@id":"https:\/\/www.pressenza.com\/de\/#organization"},"image":{"@id":"https:\/\/www.pressenza.com\/de\/2015\/09\/frieden-als-bewusstseinsbildung-und-konsequenter-antimilitarismus\/#primaryimage"},"thumbnailUrl":"https:\/\/www.pressenza.com\/wp-content\/uploads\/2015\/09\/antikriegsonferenz1.jpg","keywords":["Antikriegskonferenz","Auslandseins\u00e4tze","Militarisierung","Promosaik","Rudolpg Bauer"],"articleSection":["Frieden und Abr\u00fcstung","International","Interviews","Originalinhalt"],"inLanguage":"de"},{"@type":"WebPage","@id":"https:\/\/www.pressenza.com\/de\/2015\/09\/frieden-als-bewusstseinsbildung-und-konsequenter-antimilitarismus\/","url":"https:\/\/www.pressenza.com\/de\/2015\/09\/frieden-als-bewusstseinsbildung-und-konsequenter-antimilitarismus\/","name":"Frieden als Bewusstseinsbildung und konsequenter Antimilitarismus","isPartOf":{"@id":"https:\/\/www.pressenza.com\/de\/#website"},"primaryImageOfPage":{"@id":"https:\/\/www.pressenza.com\/de\/2015\/09\/frieden-als-bewusstseinsbildung-und-konsequenter-antimilitarismus\/#primaryimage"},"image":{"@id":"https:\/\/www.pressenza.com\/de\/2015\/09\/frieden-als-bewusstseinsbildung-und-konsequenter-antimilitarismus\/#primaryimage"},"thumbnailUrl":"https:\/\/www.pressenza.com\/wp-content\/uploads\/2015\/09\/antikriegsonferenz1.jpg","datePublished":"2015-09-15T12:31:12+00:00","dateModified":"2015-09-15T12:33:22+00:00","description":"Im folgenden Interview befragen wir Prof. Dr. Rudolph Bauer \u00fcber die Initiative Antikriegskonferenz. In einer Zeit voller Krieg und Gewalt glauben wir","breadcrumb":{"@id":"https:\/\/www.pressenza.com\/de\/2015\/09\/frieden-als-bewusstseinsbildung-und-konsequenter-antimilitarismus\/#breadcrumb"},"inLanguage":"de","potentialAction":[{"@type":"ReadAction","target":["https:\/\/www.pressenza.com\/de\/2015\/09\/frieden-als-bewusstseinsbildung-und-konsequenter-antimilitarismus\/"]}]},{"@type":"ImageObject","inLanguage":"de","@id":"https:\/\/www.pressenza.com\/de\/2015\/09\/frieden-als-bewusstseinsbildung-und-konsequenter-antimilitarismus\/#primaryimage","url":"https:\/\/www.pressenza.com\/wp-content\/uploads\/2015\/09\/antikriegsonferenz1.jpg","contentUrl":"https:\/\/www.pressenza.com\/wp-content\/uploads\/2015\/09\/antikriegsonferenz1.jpg","width":900,"height":750},{"@type":"BreadcrumbList","@id":"https:\/\/www.pressenza.com\/de\/2015\/09\/frieden-als-bewusstseinsbildung-und-konsequenter-antimilitarismus\/#breadcrumb","itemListElement":[{"@type":"ListItem","position":1,"name":"Accueil","item":"https:\/\/www.pressenza.com\/de\/"},{"@type":"ListItem","position":2,"name":"Frieden als Bewusstseinsbildung und konsequenter Antimilitarismus"}]},{"@type":"WebSite","@id":"https:\/\/www.pressenza.com\/de\/#website","url":"https:\/\/www.pressenza.com\/de\/","name":"Pressenza","description":"International Press Agency","publisher":{"@id":"https:\/\/www.pressenza.com\/de\/#organization"},"potentialAction":[{"@type":"SearchAction","target":{"@type":"EntryPoint","urlTemplate":"https:\/\/www.pressenza.com\/de\/?s={search_term_string}"},"query-input":{"@type":"PropertyValueSpecification","valueRequired":true,"valueName":"search_term_string"}}],"inLanguage":"de"},{"@type":"Organization","@id":"https:\/\/www.pressenza.com\/de\/#organization","name":"Pressenza","url":"https:\/\/www.pressenza.com\/de\/","logo":{"@type":"ImageObject","inLanguage":"de","@id":"https:\/\/www.pressenza.com\/de\/#\/schema\/logo\/image\/","url":"https:\/\/www.pressenza.com\/wp-content\/uploads\/2022\/10\/pressenza_logo_200x200.jpg","contentUrl":"https:\/\/www.pressenza.com\/wp-content\/uploads\/2022\/10\/pressenza_logo_200x200.jpg","width":200,"height":200,"caption":"Pressenza"},"image":{"@id":"https:\/\/www.pressenza.com\/de\/#\/schema\/logo\/image\/"},"sameAs":["https:\/\/www.facebook.com\/PressenzaItalia","https:\/\/x.com\/PressenzaIPA"]},{"@type":"Person","@id":"https:\/\/www.pressenza.com\/de\/#\/schema\/person\/1f3113f1dbef2a8376909f563854e5e5","name":"Milena Rampoldi","description":"Milena Rampoldi \u00e8 nata a Bolzano nel 1973 e dopo i suoi studi teologici, pedagogici, filosofici e orientali in Italia ha proseguito con il dottorato di arabistica sul tema della didattica arabofona del Corano a Vienna. Insegnante di lingue e traduttrice, da anni si occupa di storia e religione islamica, di questioni politiche ed umanitarie, di femminismo e diritti umani e di storia medio-orientale ed africana. Tra le varie pubblicazioni, soprattutto in lingua tedesca, figurano i testi italiani sui Corsari del Mediterraneo e sul filosofo Ren\u00e9 Gu\u00e9non. E' promotrice dell'Associazione per il dialogo interculturale e interreligioso Promosaik www.promosaik.com","url":"https:\/\/www.pressenza.com\/de\/author\/milena-rampoldi\/"}]}},"place":"Bremen","original_article_url":"http:\/\/www.promosaik.blogspot.de\/2015\/09\/rudolph-bauer-frieden-als.html#sthash.5jw7o7Ja.dpuf","_links":{"self":[{"href":"https:\/\/www.pressenza.com\/de\/wp-json\/wp\/v2\/posts\/222302","targetHints":{"allow":["GET"]}}],"collection":[{"href":"https:\/\/www.pressenza.com\/de\/wp-json\/wp\/v2\/posts"}],"about":[{"href":"https:\/\/www.pressenza.com\/de\/wp-json\/wp\/v2\/types\/post"}],"author":[{"embeddable":true,"href":"https:\/\/www.pressenza.com\/de\/wp-json\/wp\/v2\/users\/1149"}],"replies":[{"embeddable":true,"href":"https:\/\/www.pressenza.com\/de\/wp-json\/wp\/v2\/comments?post=222302"}],"version-history":[{"count":0,"href":"https:\/\/www.pressenza.com\/de\/wp-json\/wp\/v2\/posts\/222302\/revisions"}],"wp:featuredmedia":[{"embeddable":true,"href":"https:\/\/www.pressenza.com\/de\/wp-json\/wp\/v2\/media\/222320"}],"wp:attachment":[{"href":"https:\/\/www.pressenza.com\/de\/wp-json\/wp\/v2\/media?parent=222302"}],"wp:term":[{"taxonomy":"category","embeddable":true,"href":"https:\/\/www.pressenza.com\/de\/wp-json\/wp\/v2\/categories?post=222302"},{"taxonomy":"post_tag","embeddable":true,"href":"https:\/\/www.pressenza.com\/de\/wp-json\/wp\/v2\/tags?post=222302"}],"curies":[{"name":"wp","href":"https:\/\/api.w.org\/{rel}","templated":true}]}}