{"id":214078,"date":"2015-08-25T18:38:14","date_gmt":"2015-08-25T17:38:14","guid":{"rendered":"http:\/\/www.pressenza.com\/de\/?p=214078"},"modified":"2019-04-17T11:58:51","modified_gmt":"2019-04-17T10:58:51","slug":"tieraerztliches-forum-zur-milchpreiskrise-und-plaediert-fuer-ein-umdenken-in-der-agrarpolitik","status":"publish","type":"post","link":"https:\/\/www.pressenza.com\/de\/2015\/08\/tieraerztliches-forum-zur-milchpreiskrise-und-plaediert-fuer-ein-umdenken-in-der-agrarpolitik\/","title":{"rendered":"Tier\u00e4rztliches Forum zur \u201eMilchpreiskrise\u201c und Pl\u00e4doyer f\u00fcr ein Umdenken in der Agrarpolitik"},"content":{"rendered":"<p><strong>Das Tier\u00e4rztliche Forum f\u00fcr verantwortbare Landwirtschaft reagiert auf die aktuelle &#8222;Milchpreiskrise&#8220; und erkl\u00e4rt in einer Pressemitteilung ihre Unterst\u00fctzung der Ma\u00dfnahmen des Minister f\u00fcr Ern\u00e4hrung, Landwirtschaft und Verbraucherschutz des Landes Niedersachsen Christian Meyer (B\u00fcndnis 90 \/ die Gr\u00fcnen).<\/strong><\/p>\n<p>Die Krise, in der sich die europ\u00e4ische Milchwirtschaft seit l\u00e4ngerem befindet, spitzt sich seit der Abschaffung der Milchquote zum 1. April im Zuge der EU-Agrarreform zu. Neben Protesten von Milchbauern in Frankreich, Belgien und D\u00e4nemark demonstrieren nun auch deutsche Milchbauern mit Mahnfeuern in Ostfriesland und Trecker-Fahrten in Baden-W\u00fcrttemberg und Bayern. Am 01. September soll es dazu eine gro\u00dfe Protestkundgebung in M\u00fcnchen geben.<\/p>\n<p>Die <a href=\"http:\/\/www.ava1.de\/images\/150825%20Pressemitteilung%20zur%20Milchmarktkrise.pdf\">Pressemitteilung<\/a> des Tier\u00e4rztlichen Forums geht jedoch \u00fcber das aktuelle Problem des Milchpreisverfalls und die einhergehende Existenzbedrohung f\u00fcr europ\u00e4ische Milchbauern hinaus und spricht den Kern des Problems an, das nicht nur in einer verfehlten gemeinsamen Agrarpolitik der Europ\u00e4ischen Union (GAP) zu finden ist, sondern in einer bereits komplett globalisierten Agrarindustrie, die mit einer irrsinnigen Gier nach Profiten jegliche Kriterien wie Tierschutz, Umweltschutz und Gesundheit nicht nur von Verbrauchern, sondern allen Menschen auf dieser Erde komplett ignoriert.<\/p>\n<p>Bis zu 180.000 ungeborene K\u00e4lber qualvoll im Mutterleib erstickt pro Jahr allein in Deutschland, lebensbedrohliche Antibiotika-resistente Keime aus der Massentierhaltung (siehe Bericht WHO 2014), Nitrat-Verseuchung von Grundwasser und Fischsterben in Fl\u00fcssen, erh\u00f6hte Treibhausgasemissionen, Bienensterben, R\u00fcckst\u00e4nde des mit sehr hoher Wahrscheinlichkeit krebserregenden Herbizids Glyphosat in Urin von europ\u00e4ischen Gro\u00dfst\u00e4dtern und Fehlgeburten und erh\u00f6hte Krebsraten bei Kindern in Lateinamerika, wo das Herbizid massenweise auf abgeholzten und mit genmanipuliertem Soja bebauten Fl\u00e4chen als Futtermittel f\u00fcr die europ\u00e4ische Massentierhaltung verspr\u00fcht wird, sind nur einige der vielen umwelt- und gesundheitssch\u00e4dlichen Folgen dieser verfehlten und aus dem Ruder gelaufenen Politik, die inzwischen nicht mehr von gew\u00e4hlten Volksvertretern beschlossen, sondern mittels Lobbyismus von den Multinationalen wie Monsanto &amp; Co. gelenkt wird.<\/p>\n<p>Im speziellen richtet sich die <a href=\"http:\/\/www.ava1.de\/images\/150825%20Pressemitteilung%20zur%20Milchmarktkrise.pdf\">Pressemitteilung<\/a> auch an die Landwirtschaftsverb\u00e4nde, die weiterhin auf \u201eDeregulierung des Marktes und Abbau von angeblich bestehenden Handelshemmnissen&#8220;, ganz in Sinne des TTIP, pochen. Dies kann nicht der richtige Weg sein und der Vorschlag von Bundeslandwirtschaftsminister Schmidt, der Milchpreiskrise mit Exporten nach Iran zu begegnen, scheint angesichts des Ernstes der Situation geradezu aberwitzig.<\/p>\n<p>Laut Tier\u00e4rztliches Forum f\u00fcr verantwortbare Landwirtschaft, dem inzwischen \u00fcber 140 mutige Veterin\u00e4re &amp; Veterin\u00e4rinnen angeh\u00f6ren, kann &#8222;<strong>nur eine regionale, f\u00fcr den tats\u00e4chlichen Bedarf und nicht dar\u00fcber hinaus produzierende Landwirtschaft Umwelt schonend und nachhaltig sein<\/strong>&#8222;.<\/p>\n<p>Das Forum arbeitet auch eng mit der Initiative &#8222;<a href=\"http:\/\/www.aerzte-gegen-massentierhaltung.de\/\">\u00c4rzte gegen Massentierhaltung<\/a>&#8220; zusammen, die bereits letztes Jahr eine Protestaktion gegen den ma\u00dflosen Missbrauch von Antibiotika in der Tierhaltung und deren schwere Folgen f\u00fcr die Gesundheit aller Menschen gestartet hatte (laut WHO steht die Menschheit vor einem neuen post-antibiotischem Zeitalter). Unterst\u00fctzt wird diese Sichtweise auch vom Wissenschaftlichen Beirat f\u00fcr Agrarpolitik, der in seinem Bericht \u201eWege zu einer gesellschaftlich akzeptierten Nutztierhaltung\u201c im M\u00e4rz 2015 die Regierung in seiner Funktion als Beratungsorgan vor dem Problem warnte und <strong>die aktuelle Nutztierhaltung als<\/strong> <strong>\u201enicht zukunftsf\u00e4hig\u201c<\/strong> erkl\u00e4rte. Bislang wurde diese Empfehlung jedoch von der Politik zumindest auf Bundesebene ignoriert.<\/p>\n<p><em>ZDF Doku: <a href=\"http:\/\/www.zdf.de\/ZDFmediathek\/beitrag\/video\/2473976\/Frontal21-Doku-Tierfabrik-Deutschland?setTime=43.492\">&#8222;Tierfabrik Deutschland&#8220;<\/a><\/em><\/p>\n<p><em>Weiterf\u00fchrende Links zum Thema:<\/em><\/p>\n<ul>\n<li><a href=\"http:\/\/www.bmel.de\/DE\/Ministerium\/Organisation\/Beiraete\/_Texte\/AgrBeirGutachtenNutztierhaltung.html\">Bericht Wissenschaftlicher Beirat f\u00fcr Agrarpolitik<\/a><\/li>\n<li><a href=\"http:\/\/www.erna-graff-stiftung.de\/wp-content\/uploads\/Positionspapier-Tier%C3%A4rztliches-Forum-Final.pdf\">Positionspapier des Tier\u00e4rztlichen Forums f\u00fcr verantwortbare Landwirtschaft<\/a><\/li>\n<li><a href=\"http:\/\/www.aerzte-gegen-massentierhaltung.de\/Positionspapier\">Positionspapier \u00c4rzte gegen Massentierhaltung<\/a><\/li>\n<li><a href=\"http:\/\/www.bundestieraerztekammer.de\/index_btk_presse_details.php?X=20150715131210\">T\u00f6tung tr\u00e4chtiger Rinder<\/a><\/li>\n<li><a href=\"http:\/\/www.who.int\/mediacentre\/news\/releases\/2014\/amr-report\/en\/\">WHO Antibiotikaresistenz<\/a><\/li>\n<li><a href=\"http:\/\/www.veggiday.de\/klimawandel\/37-klimaberichte\/143-fao-livestocks-long-shadow.html\">Treibhausgasemissionen<\/a><\/li>\n<li><a href=\"http:\/\/www.ithaka-journal.net\/herbizide-im-urin\">Glyphosat: Herbizide im Urin<\/a><\/li>\n<li><a href=\"http:\/\/www.umweltinstitut.org\/aktuelle-meldungen\/meldungen\/glyphosat-behoerde-wertet-monsanto-leserbriefe-als-studien.html\">Glyphosat Beh\u00f6rde wertet Monsanto Leserbriefe als Studien<\/a><\/li>\n<li><a href=\"http:\/\/www.daserste.de\/information\/politik-weltgeschehen\/mittagsmagazin\/videos\/billigware-fleisch-folgen-fuer-die-umwelt-100.html\">Massentierhaltung, Billigfleisch und Folgen<\/a><\/li>\n<li><a href=\"https:\/\/www.youtube.com\/watch?v=ufs28GBAEFs\">Sojaanbau in Lateinamerika und Folgen<\/a><\/li>\n<\/ul>\n","protected":false},"excerpt":{"rendered":"<p>Das Tier\u00e4rztliche Forum f\u00fcr verantwortbare Landwirtschaft reagiert auf die aktuelle &#8222;Milchpreiskrise&#8220; und erkl\u00e4rt in einer Pressemitteilung ihre Unterst\u00fctzung der Ma\u00dfnahmen des Minister f\u00fcr Ern\u00e4hrung, Landwirtschaft und Verbraucherschutz des Landes Niedersachsen Christian Meyer (B\u00fcndnis 90 \/ die Gr\u00fcnen). Die Krise, in&hellip;<\/p>\n","protected":false},"author":1169,"featured_media":214088,"comment_status":"closed","ping_status":"open","sticky":false,"template":"","format":"standard","meta":{"footnotes":""},"categories":[7835,9157,11387,9168,9145],"tags":[19348,46039,19346,57736,19347,30463,11892],"class_list":["post-214078","post","type-post","status-publish","format-standard","has-post-thumbnail","hentry","category-international-de","category-oekologie-und-umwelt","category-originalinhalt","category-politik","category-pressemitteilungen","tag-massentierhaltung","tag-milch","tag-milchpreiskrise","tag-monsanto-de","tag-tieraerztliches-forum","tag-tiere","tag-ttip-de"],"yoast_head":"<!-- This site is optimized with the Yoast SEO plugin v27.1.1 - https:\/\/yoast.com\/product\/yoast-seo-wordpress\/ -->\n<title>Tier\u00e4rztliches Forum zur \u201eMilchpreiskrise\u201c und Pl\u00e4doyer f\u00fcr ein Umdenken in der Agrarpolitik<\/title>\n<meta name=\"description\" content=\"Das Tier\u00e4rztliche Forum f\u00fcr verantwortbare Landwirtschaft reagiert auf die aktuelle &quot;Milchpreiskrise&quot; und erkl\u00e4rt in einer Pressemitteilung ihre\" \/>\n<meta name=\"robots\" content=\"index, follow, max-snippet:-1, max-image-preview:large, max-video-preview:-1\" \/>\n<link rel=\"canonical\" href=\"https:\/\/www.pressenza.com\/de\/2015\/08\/tieraerztliches-forum-zur-milchpreiskrise-und-plaediert-fuer-ein-umdenken-in-der-agrarpolitik\/\" \/>\n<meta property=\"og:locale\" content=\"de_DE\" \/>\n<meta property=\"og:type\" content=\"article\" \/>\n<meta property=\"og:title\" content=\"Tier\u00e4rztliches Forum zur \u201eMilchpreiskrise\u201c und Pl\u00e4doyer f\u00fcr ein Umdenken in der Agrarpolitik\" \/>\n<meta property=\"og:description\" content=\"Das Tier\u00e4rztliche Forum f\u00fcr verantwortbare Landwirtschaft reagiert auf die aktuelle &quot;Milchpreiskrise&quot; und erkl\u00e4rt in einer Pressemitteilung ihre\" \/>\n<meta property=\"og:url\" content=\"https:\/\/www.pressenza.com\/de\/2015\/08\/tieraerztliches-forum-zur-milchpreiskrise-und-plaediert-fuer-ein-umdenken-in-der-agrarpolitik\/\" \/>\n<meta property=\"og:site_name\" content=\"Pressenza\" \/>\n<meta property=\"article:publisher\" content=\"https:\/\/www.facebook.com\/PressenzaItalia\" \/>\n<meta property=\"article:published_time\" content=\"2015-08-25T17:38:14+00:00\" \/>\n<meta property=\"article:modified_time\" content=\"2019-04-17T10:58:51+00:00\" \/>\n<meta property=\"og:image\" content=\"https:\/\/www.pressenza.com\/wp-content\/uploads\/2015\/08\/Confined-animal-feeding-operation1.jpg\" \/>\n\t<meta property=\"og:image:width\" content=\"1050\" \/>\n\t<meta property=\"og:image:height\" content=\"750\" \/>\n\t<meta property=\"og:image:type\" content=\"image\/jpeg\" \/>\n<meta name=\"author\" content=\"Evelyn Rottengatter\" \/>\n<meta name=\"twitter:card\" content=\"summary_large_image\" \/>\n<meta name=\"twitter:creator\" content=\"@PressenzaIPA\" \/>\n<meta name=\"twitter:site\" content=\"@PressenzaIPA\" \/>\n<meta name=\"twitter:label1\" content=\"Verfasst von\" \/>\n\t<meta name=\"twitter:data1\" content=\"Evelyn Rottengatter\" \/>\n\t<meta name=\"twitter:label2\" content=\"Gesch\u00e4tzte Lesezeit\" \/>\n\t<meta name=\"twitter:data2\" content=\"3\u00a0Minuten\" \/>\n<script type=\"application\/ld+json\" class=\"yoast-schema-graph\">{\"@context\":\"https:\/\/schema.org\",\"@graph\":[{\"@type\":\"Article\",\"@id\":\"https:\/\/www.pressenza.com\/de\/2015\/08\/tieraerztliches-forum-zur-milchpreiskrise-und-plaediert-fuer-ein-umdenken-in-der-agrarpolitik\/#article\",\"isPartOf\":{\"@id\":\"https:\/\/www.pressenza.com\/de\/2015\/08\/tieraerztliches-forum-zur-milchpreiskrise-und-plaediert-fuer-ein-umdenken-in-der-agrarpolitik\/\"},\"author\":{\"name\":\"Evelyn Rottengatter\",\"@id\":\"https:\/\/www.pressenza.com\/de\/#\/schema\/person\/0fc92e8348796c95b261f25f4a3e6fc2\"},\"headline\":\"Tier\u00e4rztliches Forum zur \u201eMilchpreiskrise\u201c und Pl\u00e4doyer f\u00fcr ein Umdenken in der Agrarpolitik\",\"datePublished\":\"2015-08-25T17:38:14+00:00\",\"dateModified\":\"2019-04-17T10:58:51+00:00\",\"mainEntityOfPage\":{\"@id\":\"https:\/\/www.pressenza.com\/de\/2015\/08\/tieraerztliches-forum-zur-milchpreiskrise-und-plaediert-fuer-ein-umdenken-in-der-agrarpolitik\/\"},\"wordCount\":596,\"publisher\":{\"@id\":\"https:\/\/www.pressenza.com\/de\/#organization\"},\"image\":{\"@id\":\"https:\/\/www.pressenza.com\/de\/2015\/08\/tieraerztliches-forum-zur-milchpreiskrise-und-plaediert-fuer-ein-umdenken-in-der-agrarpolitik\/#primaryimage\"},\"thumbnailUrl\":\"https:\/\/www.pressenza.com\/wp-content\/uploads\/2015\/08\/Confined-animal-feeding-operation1.jpg\",\"keywords\":[\"Massentierhaltung\",\"Milch\",\"Milchpreiskrise\",\"Monsanto\",\"Tier\u00e4rztliches Forum\",\"Tiere\",\"TTIP\"],\"articleSection\":[\"International\",\"\u00d6kologie und Umwelt\",\"Originalinhalt\",\"Politik\",\"Pressemitteilungen\"],\"inLanguage\":\"de\"},{\"@type\":\"WebPage\",\"@id\":\"https:\/\/www.pressenza.com\/de\/2015\/08\/tieraerztliches-forum-zur-milchpreiskrise-und-plaediert-fuer-ein-umdenken-in-der-agrarpolitik\/\",\"url\":\"https:\/\/www.pressenza.com\/de\/2015\/08\/tieraerztliches-forum-zur-milchpreiskrise-und-plaediert-fuer-ein-umdenken-in-der-agrarpolitik\/\",\"name\":\"Tier\u00e4rztliches Forum zur \u201eMilchpreiskrise\u201c und Pl\u00e4doyer f\u00fcr ein Umdenken in der Agrarpolitik\",\"isPartOf\":{\"@id\":\"https:\/\/www.pressenza.com\/de\/#website\"},\"primaryImageOfPage\":{\"@id\":\"https:\/\/www.pressenza.com\/de\/2015\/08\/tieraerztliches-forum-zur-milchpreiskrise-und-plaediert-fuer-ein-umdenken-in-der-agrarpolitik\/#primaryimage\"},\"image\":{\"@id\":\"https:\/\/www.pressenza.com\/de\/2015\/08\/tieraerztliches-forum-zur-milchpreiskrise-und-plaediert-fuer-ein-umdenken-in-der-agrarpolitik\/#primaryimage\"},\"thumbnailUrl\":\"https:\/\/www.pressenza.com\/wp-content\/uploads\/2015\/08\/Confined-animal-feeding-operation1.jpg\",\"datePublished\":\"2015-08-25T17:38:14+00:00\",\"dateModified\":\"2019-04-17T10:58:51+00:00\",\"description\":\"Das Tier\u00e4rztliche Forum f\u00fcr verantwortbare Landwirtschaft reagiert auf die aktuelle \\\"Milchpreiskrise\\\" und erkl\u00e4rt in einer Pressemitteilung ihre\",\"breadcrumb\":{\"@id\":\"https:\/\/www.pressenza.com\/de\/2015\/08\/tieraerztliches-forum-zur-milchpreiskrise-und-plaediert-fuer-ein-umdenken-in-der-agrarpolitik\/#breadcrumb\"},\"inLanguage\":\"de\",\"potentialAction\":[{\"@type\":\"ReadAction\",\"target\":[\"https:\/\/www.pressenza.com\/de\/2015\/08\/tieraerztliches-forum-zur-milchpreiskrise-und-plaediert-fuer-ein-umdenken-in-der-agrarpolitik\/\"]}]},{\"@type\":\"ImageObject\",\"inLanguage\":\"de\",\"@id\":\"https:\/\/www.pressenza.com\/de\/2015\/08\/tieraerztliches-forum-zur-milchpreiskrise-und-plaediert-fuer-ein-umdenken-in-der-agrarpolitik\/#primaryimage\",\"url\":\"https:\/\/www.pressenza.com\/wp-content\/uploads\/2015\/08\/Confined-animal-feeding-operation1.jpg\",\"contentUrl\":\"https:\/\/www.pressenza.com\/wp-content\/uploads\/2015\/08\/Confined-animal-feeding-operation1.jpg\",\"width\":1050,\"height\":750},{\"@type\":\"BreadcrumbList\",\"@id\":\"https:\/\/www.pressenza.com\/de\/2015\/08\/tieraerztliches-forum-zur-milchpreiskrise-und-plaediert-fuer-ein-umdenken-in-der-agrarpolitik\/#breadcrumb\",\"itemListElement\":[{\"@type\":\"ListItem\",\"position\":1,\"name\":\"Accueil\",\"item\":\"https:\/\/www.pressenza.com\/de\/\"},{\"@type\":\"ListItem\",\"position\":2,\"name\":\"Tier\u00e4rztliches Forum zur \u201eMilchpreiskrise\u201c und Pl\u00e4doyer f\u00fcr ein Umdenken in der Agrarpolitik\"}]},{\"@type\":\"WebSite\",\"@id\":\"https:\/\/www.pressenza.com\/de\/#website\",\"url\":\"https:\/\/www.pressenza.com\/de\/\",\"name\":\"Pressenza\",\"description\":\"International Press Agency\",\"publisher\":{\"@id\":\"https:\/\/www.pressenza.com\/de\/#organization\"},\"potentialAction\":[{\"@type\":\"SearchAction\",\"target\":{\"@type\":\"EntryPoint\",\"urlTemplate\":\"https:\/\/www.pressenza.com\/de\/?s={search_term_string}\"},\"query-input\":{\"@type\":\"PropertyValueSpecification\",\"valueRequired\":true,\"valueName\":\"search_term_string\"}}],\"inLanguage\":\"de\"},{\"@type\":\"Organization\",\"@id\":\"https:\/\/www.pressenza.com\/de\/#organization\",\"name\":\"Pressenza\",\"url\":\"https:\/\/www.pressenza.com\/de\/\",\"logo\":{\"@type\":\"ImageObject\",\"inLanguage\":\"de\",\"@id\":\"https:\/\/www.pressenza.com\/de\/#\/schema\/logo\/image\/\",\"url\":\"https:\/\/www.pressenza.com\/wp-content\/uploads\/2022\/10\/pressenza_logo_200x200.jpg\",\"contentUrl\":\"https:\/\/www.pressenza.com\/wp-content\/uploads\/2022\/10\/pressenza_logo_200x200.jpg\",\"width\":200,\"height\":200,\"caption\":\"Pressenza\"},\"image\":{\"@id\":\"https:\/\/www.pressenza.com\/de\/#\/schema\/logo\/image\/\"},\"sameAs\":[\"https:\/\/www.facebook.com\/PressenzaItalia\",\"https:\/\/x.com\/PressenzaIPA\"]},{\"@type\":\"Person\",\"@id\":\"https:\/\/www.pressenza.com\/de\/#\/schema\/person\/0fc92e8348796c95b261f25f4a3e6fc2\",\"name\":\"Evelyn Rottengatter\",\"description\":\"Born in 1971 and raised near Munich, Bavaria, she has a degree in languages (English, French, Italian) and went on to work in the media (cinema, television, print). Teaches languages to children and writes and translates for Pressenza.\",\"url\":\"https:\/\/www.pressenza.com\/de\/author\/evelyn-rottengatter\/\"}]}<\/script>\n<!-- \/ Yoast SEO plugin. -->","yoast_head_json":{"title":"Tier\u00e4rztliches Forum zur \u201eMilchpreiskrise\u201c und Pl\u00e4doyer f\u00fcr ein Umdenken in der Agrarpolitik","description":"Das Tier\u00e4rztliche Forum f\u00fcr verantwortbare Landwirtschaft reagiert auf die aktuelle \"Milchpreiskrise\" und erkl\u00e4rt in einer Pressemitteilung ihre","robots":{"index":"index","follow":"follow","max-snippet":"max-snippet:-1","max-image-preview":"max-image-preview:large","max-video-preview":"max-video-preview:-1"},"canonical":"https:\/\/www.pressenza.com\/de\/2015\/08\/tieraerztliches-forum-zur-milchpreiskrise-und-plaediert-fuer-ein-umdenken-in-der-agrarpolitik\/","og_locale":"de_DE","og_type":"article","og_title":"Tier\u00e4rztliches Forum zur \u201eMilchpreiskrise\u201c und Pl\u00e4doyer f\u00fcr ein Umdenken in der Agrarpolitik","og_description":"Das Tier\u00e4rztliche Forum f\u00fcr verantwortbare Landwirtschaft reagiert auf die aktuelle \"Milchpreiskrise\" und erkl\u00e4rt in einer Pressemitteilung ihre","og_url":"https:\/\/www.pressenza.com\/de\/2015\/08\/tieraerztliches-forum-zur-milchpreiskrise-und-plaediert-fuer-ein-umdenken-in-der-agrarpolitik\/","og_site_name":"Pressenza","article_publisher":"https:\/\/www.facebook.com\/PressenzaItalia","article_published_time":"2015-08-25T17:38:14+00:00","article_modified_time":"2019-04-17T10:58:51+00:00","og_image":[{"width":1050,"height":750,"url":"https:\/\/www.pressenza.com\/wp-content\/uploads\/2015\/08\/Confined-animal-feeding-operation1.jpg","type":"image\/jpeg"}],"author":"Evelyn Rottengatter","twitter_card":"summary_large_image","twitter_creator":"@PressenzaIPA","twitter_site":"@PressenzaIPA","twitter_misc":{"Verfasst von":"Evelyn Rottengatter","Gesch\u00e4tzte Lesezeit":"3\u00a0Minuten"},"schema":{"@context":"https:\/\/schema.org","@graph":[{"@type":"Article","@id":"https:\/\/www.pressenza.com\/de\/2015\/08\/tieraerztliches-forum-zur-milchpreiskrise-und-plaediert-fuer-ein-umdenken-in-der-agrarpolitik\/#article","isPartOf":{"@id":"https:\/\/www.pressenza.com\/de\/2015\/08\/tieraerztliches-forum-zur-milchpreiskrise-und-plaediert-fuer-ein-umdenken-in-der-agrarpolitik\/"},"author":{"name":"Evelyn Rottengatter","@id":"https:\/\/www.pressenza.com\/de\/#\/schema\/person\/0fc92e8348796c95b261f25f4a3e6fc2"},"headline":"Tier\u00e4rztliches Forum zur \u201eMilchpreiskrise\u201c und Pl\u00e4doyer f\u00fcr ein Umdenken in der Agrarpolitik","datePublished":"2015-08-25T17:38:14+00:00","dateModified":"2019-04-17T10:58:51+00:00","mainEntityOfPage":{"@id":"https:\/\/www.pressenza.com\/de\/2015\/08\/tieraerztliches-forum-zur-milchpreiskrise-und-plaediert-fuer-ein-umdenken-in-der-agrarpolitik\/"},"wordCount":596,"publisher":{"@id":"https:\/\/www.pressenza.com\/de\/#organization"},"image":{"@id":"https:\/\/www.pressenza.com\/de\/2015\/08\/tieraerztliches-forum-zur-milchpreiskrise-und-plaediert-fuer-ein-umdenken-in-der-agrarpolitik\/#primaryimage"},"thumbnailUrl":"https:\/\/www.pressenza.com\/wp-content\/uploads\/2015\/08\/Confined-animal-feeding-operation1.jpg","keywords":["Massentierhaltung","Milch","Milchpreiskrise","Monsanto","Tier\u00e4rztliches Forum","Tiere","TTIP"],"articleSection":["International","\u00d6kologie und Umwelt","Originalinhalt","Politik","Pressemitteilungen"],"inLanguage":"de"},{"@type":"WebPage","@id":"https:\/\/www.pressenza.com\/de\/2015\/08\/tieraerztliches-forum-zur-milchpreiskrise-und-plaediert-fuer-ein-umdenken-in-der-agrarpolitik\/","url":"https:\/\/www.pressenza.com\/de\/2015\/08\/tieraerztliches-forum-zur-milchpreiskrise-und-plaediert-fuer-ein-umdenken-in-der-agrarpolitik\/","name":"Tier\u00e4rztliches Forum zur \u201eMilchpreiskrise\u201c und Pl\u00e4doyer f\u00fcr ein Umdenken in der Agrarpolitik","isPartOf":{"@id":"https:\/\/www.pressenza.com\/de\/#website"},"primaryImageOfPage":{"@id":"https:\/\/www.pressenza.com\/de\/2015\/08\/tieraerztliches-forum-zur-milchpreiskrise-und-plaediert-fuer-ein-umdenken-in-der-agrarpolitik\/#primaryimage"},"image":{"@id":"https:\/\/www.pressenza.com\/de\/2015\/08\/tieraerztliches-forum-zur-milchpreiskrise-und-plaediert-fuer-ein-umdenken-in-der-agrarpolitik\/#primaryimage"},"thumbnailUrl":"https:\/\/www.pressenza.com\/wp-content\/uploads\/2015\/08\/Confined-animal-feeding-operation1.jpg","datePublished":"2015-08-25T17:38:14+00:00","dateModified":"2019-04-17T10:58:51+00:00","description":"Das Tier\u00e4rztliche Forum f\u00fcr verantwortbare Landwirtschaft reagiert auf die aktuelle \"Milchpreiskrise\" und erkl\u00e4rt in einer Pressemitteilung ihre","breadcrumb":{"@id":"https:\/\/www.pressenza.com\/de\/2015\/08\/tieraerztliches-forum-zur-milchpreiskrise-und-plaediert-fuer-ein-umdenken-in-der-agrarpolitik\/#breadcrumb"},"inLanguage":"de","potentialAction":[{"@type":"ReadAction","target":["https:\/\/www.pressenza.com\/de\/2015\/08\/tieraerztliches-forum-zur-milchpreiskrise-und-plaediert-fuer-ein-umdenken-in-der-agrarpolitik\/"]}]},{"@type":"ImageObject","inLanguage":"de","@id":"https:\/\/www.pressenza.com\/de\/2015\/08\/tieraerztliches-forum-zur-milchpreiskrise-und-plaediert-fuer-ein-umdenken-in-der-agrarpolitik\/#primaryimage","url":"https:\/\/www.pressenza.com\/wp-content\/uploads\/2015\/08\/Confined-animal-feeding-operation1.jpg","contentUrl":"https:\/\/www.pressenza.com\/wp-content\/uploads\/2015\/08\/Confined-animal-feeding-operation1.jpg","width":1050,"height":750},{"@type":"BreadcrumbList","@id":"https:\/\/www.pressenza.com\/de\/2015\/08\/tieraerztliches-forum-zur-milchpreiskrise-und-plaediert-fuer-ein-umdenken-in-der-agrarpolitik\/#breadcrumb","itemListElement":[{"@type":"ListItem","position":1,"name":"Accueil","item":"https:\/\/www.pressenza.com\/de\/"},{"@type":"ListItem","position":2,"name":"Tier\u00e4rztliches Forum zur \u201eMilchpreiskrise\u201c und Pl\u00e4doyer f\u00fcr ein Umdenken in der Agrarpolitik"}]},{"@type":"WebSite","@id":"https:\/\/www.pressenza.com\/de\/#website","url":"https:\/\/www.pressenza.com\/de\/","name":"Pressenza","description":"International Press Agency","publisher":{"@id":"https:\/\/www.pressenza.com\/de\/#organization"},"potentialAction":[{"@type":"SearchAction","target":{"@type":"EntryPoint","urlTemplate":"https:\/\/www.pressenza.com\/de\/?s={search_term_string}"},"query-input":{"@type":"PropertyValueSpecification","valueRequired":true,"valueName":"search_term_string"}}],"inLanguage":"de"},{"@type":"Organization","@id":"https:\/\/www.pressenza.com\/de\/#organization","name":"Pressenza","url":"https:\/\/www.pressenza.com\/de\/","logo":{"@type":"ImageObject","inLanguage":"de","@id":"https:\/\/www.pressenza.com\/de\/#\/schema\/logo\/image\/","url":"https:\/\/www.pressenza.com\/wp-content\/uploads\/2022\/10\/pressenza_logo_200x200.jpg","contentUrl":"https:\/\/www.pressenza.com\/wp-content\/uploads\/2022\/10\/pressenza_logo_200x200.jpg","width":200,"height":200,"caption":"Pressenza"},"image":{"@id":"https:\/\/www.pressenza.com\/de\/#\/schema\/logo\/image\/"},"sameAs":["https:\/\/www.facebook.com\/PressenzaItalia","https:\/\/x.com\/PressenzaIPA"]},{"@type":"Person","@id":"https:\/\/www.pressenza.com\/de\/#\/schema\/person\/0fc92e8348796c95b261f25f4a3e6fc2","name":"Evelyn Rottengatter","description":"Born in 1971 and raised near Munich, Bavaria, she has a degree in languages (English, French, Italian) and went on to work in the media (cinema, television, print). Teaches languages to children and writes and translates for Pressenza.","url":"https:\/\/www.pressenza.com\/de\/author\/evelyn-rottengatter\/"}]}},"place":"","original_article_url":"","_links":{"self":[{"href":"https:\/\/www.pressenza.com\/de\/wp-json\/wp\/v2\/posts\/214078","targetHints":{"allow":["GET"]}}],"collection":[{"href":"https:\/\/www.pressenza.com\/de\/wp-json\/wp\/v2\/posts"}],"about":[{"href":"https:\/\/www.pressenza.com\/de\/wp-json\/wp\/v2\/types\/post"}],"author":[{"embeddable":true,"href":"https:\/\/www.pressenza.com\/de\/wp-json\/wp\/v2\/users\/1169"}],"replies":[{"embeddable":true,"href":"https:\/\/www.pressenza.com\/de\/wp-json\/wp\/v2\/comments?post=214078"}],"version-history":[{"count":0,"href":"https:\/\/www.pressenza.com\/de\/wp-json\/wp\/v2\/posts\/214078\/revisions"}],"wp:featuredmedia":[{"embeddable":true,"href":"https:\/\/www.pressenza.com\/de\/wp-json\/wp\/v2\/media\/214088"}],"wp:attachment":[{"href":"https:\/\/www.pressenza.com\/de\/wp-json\/wp\/v2\/media?parent=214078"}],"wp:term":[{"taxonomy":"category","embeddable":true,"href":"https:\/\/www.pressenza.com\/de\/wp-json\/wp\/v2\/categories?post=214078"},{"taxonomy":"post_tag","embeddable":true,"href":"https:\/\/www.pressenza.com\/de\/wp-json\/wp\/v2\/tags?post=214078"}],"curies":[{"name":"wp","href":"https:\/\/api.w.org\/{rel}","templated":true}]}}