{"id":212036,"date":"2015-08-19T14:37:05","date_gmt":"2015-08-19T13:37:05","guid":{"rendered":"http:\/\/www.pressenza.com\/?p=212036"},"modified":"2015-08-19T14:38:33","modified_gmt":"2015-08-19T13:38:33","slug":"schweizer-ahnungslos-uber-entstehung-des-frankens","status":"publish","type":"post","link":"https:\/\/www.pressenza.com\/de\/2015\/08\/schweizer-ahnungslos-uber-entstehung-des-frankens\/","title":{"rendered":"Schweizer ahnungslos \u00fcber Entstehung des Frankens"},"content":{"rendered":"<p><strong>Eine Bev\u00f6lkerungsumfrage im Rahmen einer Masterarbeit an der Universit\u00e4t Z\u00fcrich zeigt Erstaunliches \u00fcber den Wissensstand des\u00a0Finanzsystems: Nur 13 Prozent wissen, dass private Gesch\u00e4ftsbanken die Mehrheit des im Umlauf befindlichen Geldes schaffen. 78 Prozent der Schweizer Bev\u00f6lkerung wollen aber, dass Geld einzig und alleine durch eine \u00f6ffentliche, dem Allgemeinwohl verpflichtete Institution wie die Nationalbank hergestellt und verteilt werden sollte. Lediglich vier Prozent m\u00f6chten, dass dies \u2013 wie im heutigen System \u00fcblich &#8211; mehrheitlich durch private, gewinnorientierte Unternehmen wie Gesch\u00e4ftsbanken geschieht.<\/strong><\/p>\n<p>Die Umfragewerte st\u00e4rken der Vollgeld-Initiative, die sich mit \u00fcber 90\u2018000 g\u00fcltigen Unterschriften im Schlussspurt der Sammlung befindet, den R\u00fccken. Die Studie zeigt klar auf, dass die Schweizerinnen und Schweizer nicht wissen, wer den &#8222;Schweizer Franken&#8220; tats\u00e4chlich herstellt:\u00a0Nur 13 Prozent der Bev\u00f6lkerung sind sich dar\u00fcber im Klaren, dass private Banken im heutigen System durch die Vergabe von Krediten\u00a0die Mehrheit des Geldes erschaffen.\u00a0Stattdessen glauben 73 Prozent irrt\u00fcmlich, Geld werde alleine vom Staat oder von der Schweizer Nationalbank erschaffen.<\/p>\n<table class=\"block\" border=\"0\" width=\"100%\" cellspacing=\"0\" cellpadding=\"0\" data-type=\"text\">\n<tbody>\n<tr>\n<td>\n<table border=\"0\" width=\"100%\" cellspacing=\"0\" cellpadding=\"0\">\n<tbody>\n<tr>\n<td class=\"inside text\" bgcolor=\"#ffffff\" data-type=\"text\"><\/td>\n<\/tr>\n<\/tbody>\n<\/table>\n<\/td>\n<\/tr>\n<\/tbody>\n<\/table>\n<table class=\"block\" border=\"0\" width=\"100%\" cellspacing=\"0\" cellpadding=\"0\" data-type=\"columns\">\n<tbody>\n<tr>\n<td>\n<table border=\"0\" width=\"100%\" cellspacing=\"0\" cellpadding=\"0\">\n<tbody>\n<tr>\n<td class=\"inside\" bgcolor=\"#ffffff\">\n<table border=\"0\" width=\"100%\" cellspacing=\"0\" cellpadding=\"0\">\n<tbody>\n<tr>\n<td class=\"column\" valign=\"top\">\n<table class=\"block\" border=\"0\" width=\"100%\" cellspacing=\"0\" cellpadding=\"0\" data-type=\"rows\">\n<tbody>\n<tr>\n<td>\n<table border=\"0\" width=\"100%\" cellspacing=\"0\" cellpadding=\"0\">\n<tbody>\n<tr>\n<td class=\"inside\">\n<table class=\"block\" border=\"0\" width=\"100%\" cellspacing=\"0\" cellpadding=\"0\" data-type=\"image\">\n<tbody>\n<tr>\n<td>\n<table border=\"0\" width=\"100%\" cellspacing=\"0\" cellpadding=\"0\">\n<tbody>\n<tr>\n<td class=\"inside image\" data-type=\"image\"><a href=\"http:\/\/p.n2g01.com\/l\/112613851\/c\/0-8at1-34nwun-qvb\" target=\"_blank\"><img decoding=\"async\" src=\"http:\/\/img.nl2go.com\/userimages\/7cae3375fe8a3daf376165d1fe81aa1c.jpg\" alt=\"Please show images\" width=\"350\" border=\"0\" \/><\/a><\/td>\n<\/tr>\n<\/tbody>\n<\/table>\n<\/td>\n<\/tr>\n<\/tbody>\n<\/table>\n<\/td>\n<\/tr>\n<\/tbody>\n<\/table>\n<\/td>\n<\/tr>\n<\/tbody>\n<\/table>\n<\/td>\n<td class=\"column\" valign=\"top\">\n<table class=\"block\" border=\"0\" width=\"100%\" cellspacing=\"0\" cellpadding=\"0\" data-type=\"rows\">\n<tbody>\n<tr>\n<td>\n<table border=\"0\" width=\"100%\" cellspacing=\"0\" cellpadding=\"0\">\n<tbody>\n<tr>\n<td class=\"inside\">\n<table class=\"block\" border=\"0\" width=\"100%\" cellspacing=\"0\" cellpadding=\"0\" data-type=\"text\">\n<tbody>\n<tr>\n<td>\n<table border=\"0\" width=\"100%\" cellspacing=\"0\" cellpadding=\"0\">\n<tbody>\n<tr>\n<td class=\"inside text\" data-type=\"text\">\n<div class=\"editable\">\n<p>Frage 9:\u00a0Wer erschafft unser Geld?<\/p>\n<ul>\n<li>Der Staat oder die Schweizerische Nationalbank<\/li>\n<li>Die Gesch\u00e4ftsbanken<\/li>\n<li>Beide -&gt; Wer erschafft die Mehrheit des Geldes?<\/li>\n<\/ul>\n<p>(F\u00fcr Vollbild auf Grafik klicken)<\/p>\n<p>&nbsp;<\/p>\n<\/div>\n<\/td>\n<\/tr>\n<\/tbody>\n<\/table>\n<\/td>\n<\/tr>\n<\/tbody>\n<\/table>\n<\/td>\n<\/tr>\n<\/tbody>\n<\/table>\n<\/td>\n<\/tr>\n<\/tbody>\n<\/table>\n<\/td>\n<\/tr>\n<\/tbody>\n<\/table>\n<\/td>\n<\/tr>\n<\/tbody>\n<\/table>\n<\/td>\n<\/tr>\n<\/tbody>\n<\/table>\n<table class=\"block\" border=\"0\" width=\"100%\" cellspacing=\"0\" cellpadding=\"0\" data-type=\"text\">\n<tbody>\n<tr>\n<td>\n<table border=\"0\" width=\"100%\" cellspacing=\"0\" cellpadding=\"0\">\n<tbody>\n<tr>\n<td class=\"inside text\" bgcolor=\"#ffffff\" data-type=\"text\">\n<div class=\"editable\"><strong>Keine Unterst\u00fctzung f\u00fcr heutiges Geldsystem, St\u00e4rkung der Nationalbank erw\u00fcnscht<br \/>\n<\/strong><br \/>\nDie Ausgestaltungsweise des derzeitigen Systems, in dem private Banken rund 90 Prozent der umlaufenden Geldmenge herstellen, wird nur von einer Minderheit von vier\u00a0Prozent als optimal erachtet.\u00a078% w\u00fcnschen sich, dass eine \u00f6ffentliche, dem Allgemeinwohl verpflichtete Institution wie die Schweizer Nationalbank all unser Geld herstellt und in Umlauf bringt.<\/div>\n<\/td>\n<\/tr>\n<\/tbody>\n<\/table>\n<\/td>\n<\/tr>\n<\/tbody>\n<\/table>\n<table class=\"block\" border=\"0\" width=\"100%\" cellspacing=\"0\" cellpadding=\"0\" data-type=\"columns\">\n<tbody>\n<tr>\n<td>\n<table border=\"0\" width=\"100%\" cellspacing=\"0\" cellpadding=\"0\">\n<tbody>\n<tr>\n<td class=\"inside\" bgcolor=\"#ffffff\">\n<table border=\"0\" width=\"100%\" cellspacing=\"0\" cellpadding=\"0\">\n<tbody>\n<tr>\n<td class=\"column\" valign=\"top\">\n<table class=\"block\" border=\"0\" width=\"100%\" cellspacing=\"0\" cellpadding=\"0\" data-type=\"rows\">\n<tbody>\n<tr>\n<td>\n<table border=\"0\" width=\"100%\" cellspacing=\"0\" cellpadding=\"0\">\n<tbody>\n<tr>\n<td class=\"inside\">\n<table class=\"block\" border=\"0\" width=\"100%\" cellspacing=\"0\" cellpadding=\"0\" data-type=\"image\">\n<tbody>\n<tr>\n<td>\n<table border=\"0\" width=\"100%\" cellspacing=\"0\" cellpadding=\"0\">\n<tbody>\n<tr>\n<td class=\"inside image\" data-type=\"image\"><a href=\"http:\/\/p.n2g01.com\/l\/112613852\/c\/0-8at1-34nwun-qvb\" target=\"_blank\"><img decoding=\"async\" src=\"http:\/\/img.nl2go.com\/userimages\/555dc4224e5e5979868e0d9a6c527bf3.jpg\" alt=\"Please show images\" width=\"300\" border=\"0\" \/><\/a><\/td>\n<\/tr>\n<\/tbody>\n<\/table>\n<\/td>\n<\/tr>\n<\/tbody>\n<\/table>\n<\/td>\n<\/tr>\n<\/tbody>\n<\/table>\n<\/td>\n<\/tr>\n<\/tbody>\n<\/table>\n<\/td>\n<td class=\"column\" valign=\"top\">\n<table class=\"block\" border=\"0\" width=\"100%\" cellspacing=\"0\" cellpadding=\"0\" data-type=\"rows\">\n<tbody>\n<tr>\n<td>\n<table border=\"0\" width=\"100%\" cellspacing=\"0\" cellpadding=\"0\">\n<tbody>\n<tr>\n<td class=\"inside\">\n<table class=\"block\" border=\"0\" width=\"100%\" cellspacing=\"0\" cellpadding=\"0\" data-type=\"text\">\n<tbody>\n<tr>\n<td>\n<table border=\"0\" width=\"100%\" cellspacing=\"0\" cellpadding=\"0\">\n<tbody>\n<tr>\n<td class=\"inside text\" data-type=\"text\">\n<div class=\"editable\">\n<p>Frage 12: Wenn Sie sich ein optimales Finanzsystem vorstellen:\u00a0Wer sollte Ihrer Meinung nach unser Geld herstellen und verteilen d\u00fcrfen?<\/p>\n<ul>\n<li>Eine \u00f6ffentliche, dem Allgemeinwohl verpflichtete Institution<\/li>\n<li>Eine Gruppe privater, gewinnorientierter Unternehmen<\/li>\n<li>Beide -&gt; Wer sollte die Mehrheit des Geldes herstellen und verteilen d\u00fcrfen?<\/li>\n<\/ul>\n<\/div>\n<\/td>\n<\/tr>\n<\/tbody>\n<\/table>\n<\/td>\n<\/tr>\n<\/tbody>\n<\/table>\n<\/td>\n<\/tr>\n<\/tbody>\n<\/table>\n<\/td>\n<\/tr>\n<\/tbody>\n<\/table>\n<\/td>\n<\/tr>\n<\/tbody>\n<\/table>\n<\/td>\n<\/tr>\n<\/tbody>\n<\/table>\n<\/td>\n<\/tr>\n<\/tbody>\n<\/table>\n<table class=\"block\" border=\"0\" width=\"100%\" cellspacing=\"0\" cellpadding=\"0\" data-type=\"text\">\n<tbody>\n<tr>\n<td>\n<table border=\"0\" width=\"100%\" cellspacing=\"0\" cellpadding=\"0\">\n<tbody>\n<tr>\n<td class=\"inside text\" bgcolor=\"#ffffff\" data-type=\"text\">\n<div class=\"editable\"><strong>Vollgeld-Initiative ist mehrheitsf\u00e4hig<br \/>\n<\/strong><br \/>\nSchliesslich zeigen die Umfrageergebnisse, dass\u00a057 Prozent der befragten Stimmberechtigten einer Volksinitiative zustimmen w\u00fcrden, welche einzig und alleine dem Staat, respektive der Schweizerischen Nationalbank\u00a0erlaubt, Geld herzustellen und den Banken dies hingegen untersagt. Die Kernforderung der Vollgeld-Initiative ist folglich mehrheitsf\u00e4hig.<\/div>\n<\/td>\n<\/tr>\n<\/tbody>\n<\/table>\n<\/td>\n<\/tr>\n<\/tbody>\n<\/table>\n<table class=\"block\" border=\"0\" width=\"100%\" cellspacing=\"0\" cellpadding=\"0\" data-type=\"columns\">\n<tbody>\n<tr>\n<td>\n<table border=\"0\" width=\"100%\" cellspacing=\"0\" cellpadding=\"0\">\n<tbody>\n<tr>\n<td class=\"inside\" bgcolor=\"#ffffff\">\n<table border=\"0\" width=\"100%\" cellspacing=\"0\" cellpadding=\"0\">\n<tbody>\n<tr>\n<td class=\"column\" valign=\"top\">\n<table class=\"block\" border=\"0\" width=\"100%\" cellspacing=\"0\" cellpadding=\"0\" data-type=\"rows\">\n<tbody>\n<tr>\n<td>\n<table border=\"0\" width=\"100%\" cellspacing=\"0\" cellpadding=\"0\">\n<tbody>\n<tr>\n<td class=\"inside\">\n<table class=\"block\" border=\"0\" width=\"100%\" cellspacing=\"0\" cellpadding=\"0\" data-type=\"image\">\n<tbody>\n<tr>\n<td>\n<table border=\"0\" width=\"100%\" cellspacing=\"0\" cellpadding=\"0\">\n<tbody>\n<tr>\n<td class=\"inside image\" data-type=\"image\"><a href=\"http:\/\/p.n2g01.com\/l\/112613853\/c\/0-8at1-34nwun-qvb\" target=\"_blank\"><img decoding=\"async\" src=\"http:\/\/img.nl2go.com\/userimages\/35918af8ed18247c6ad18511b3be6847.jpg\" alt=\"Please show images\" width=\"250\" border=\"0\" \/><\/a><\/td>\n<\/tr>\n<\/tbody>\n<\/table>\n<\/td>\n<\/tr>\n<\/tbody>\n<\/table>\n<\/td>\n<\/tr>\n<\/tbody>\n<\/table>\n<\/td>\n<\/tr>\n<\/tbody>\n<\/table>\n<\/td>\n<td class=\"column\" valign=\"top\">\n<table class=\"block\" border=\"0\" width=\"100%\" cellspacing=\"0\" cellpadding=\"0\" data-type=\"rows\">\n<tbody>\n<tr>\n<td>\n<table border=\"0\" width=\"100%\" cellspacing=\"0\" cellpadding=\"0\">\n<tbody>\n<tr>\n<td class=\"inside\">\n<table class=\"block\" border=\"0\" width=\"100%\" cellspacing=\"0\" cellpadding=\"0\" data-type=\"text\">\n<tbody>\n<tr>\n<td>\n<table border=\"0\" width=\"100%\" cellspacing=\"0\" cellpadding=\"0\">\n<tbody>\n<tr>\n<td class=\"inside text\" data-type=\"text\">\n<div class=\"editable\">\n<p>Frage 15:\u00a0W\u00fcrden Sie einer Volksabstimmung zustimmen, die fordert:<\/p>\n<ul>\n<li>Dass einzig und allein der Staat, genauer gesagt die Schweizerische Nationalbank, Geld herstellen darf.<\/li>\n<li>Den Gesch\u00e4ftsbanken (UBS, Credit Suisse, etc.) verboten wird, selber Geld herzustellen.<\/li>\n<\/ul>\n<\/div>\n<\/td>\n<\/tr>\n<\/tbody>\n<\/table>\n<\/td>\n<\/tr>\n<\/tbody>\n<\/table>\n<\/td>\n<\/tr>\n<\/tbody>\n<\/table>\n<\/td>\n<\/tr>\n<\/tbody>\n<\/table>\n<\/td>\n<\/tr>\n<\/tbody>\n<\/table>\n<\/td>\n<\/tr>\n<\/tbody>\n<\/table>\n<\/td>\n<\/tr>\n<\/tbody>\n<\/table>\n<table class=\"block\" border=\"0\" width=\"100%\" cellspacing=\"0\" cellpadding=\"0\" data-type=\"columns\">\n<tbody>\n<tr>\n<td>\n<table border=\"0\" width=\"100%\" cellspacing=\"0\" cellpadding=\"0\">\n<tbody>\n<tr>\n<td class=\"inside\" bgcolor=\"#ffffff\">\n<table border=\"0\" width=\"100%\" cellspacing=\"0\" cellpadding=\"0\">\n<tbody>\n<tr>\n<td class=\"column\" valign=\"top\">\n<table class=\"block\" border=\"0\" width=\"100%\" cellspacing=\"0\" cellpadding=\"0\" data-type=\"text\">\n<tbody>\n<tr>\n<td>\n<table border=\"0\" width=\"100%\" cellspacing=\"0\" cellpadding=\"0\">\n<tbody>\n<tr>\n<td class=\"inside text\" data-type=\"text\"><\/td>\n<\/tr>\n<\/tbody>\n<\/table>\n<\/td>\n<\/tr>\n<\/tbody>\n<\/table>\n<\/td>\n<\/tr>\n<\/tbody>\n<\/table>\n<\/td>\n<\/tr>\n<\/tbody>\n<\/table>\n<\/td>\n<\/tr>\n<\/tbody>\n<\/table>\n<p><strong>Verl\u00e4ssliche R\u00fcckschl\u00fcsse auf Gesamtbev\u00f6lkerung m\u00f6glich<\/strong><\/p>\n<p>In der Online-Befragung nahmen 1146 Schweizer Stimmberechtigte aus s\u00e4mtlichen 26 Kantonen der Schweiz teil. Die Daten wurden gewichtet, so dass die Studie hinsichtlich der Kantonszugeh\u00f6rigkeit Repr\u00e4sentativit\u00e4t erreicht. Aus dieser Datenbasis heraus k\u00f6nnen verl\u00e4ssliche R\u00fcckschl\u00fcsse auf die Gesamtbev\u00f6lkerung gezogen werden. Das Ziel der Studie war, einerseits herauszufinden wie die Menschen glauben, dass das heutige Finanzsystem funktioniert und was f\u00fcr eine Ausgestaltung betreffend Herstellung und in Umlaufbringung des Geldes sie sich w\u00fcnschen w\u00fcrden.<\/p>\n<p><em>Weitere Informationen <a href=\"http:\/\/www.vollgeld-initiative.n2g13.com\/l\/112613854\/c\/0-8at1-34nwun-qvb\">zur Masterarbeit<\/a>\u00a0von Silvan Nietlisbach an der Universit\u00e4t Z\u00fcrich, Institut f\u00fcr Banking and Finance.<\/em><\/p>\n<p><strong>Unterschriftensammlung l\u00e4uft noch<\/strong><\/p>\n<p>Das Initiativkomitee f\u00fcr die Vollgeld-Initiative bittet um Unterst\u00fctzung beim Unterschriftensammeln. Bis jetzt wurden 90&#8217;000 Unterschriften gesammelt, damit die Initiative zustande kommt sind mindestens 100&#8217;000 g\u00fcltige Unterschriften n\u00f6tig.<\/p>\n<p><strong>Sammelm\u00f6glichkeiten:<\/strong><br \/>\n<a href=\"http:\/\/www.vollgeld-initiative.n2g13.com\/l\/112613864\/c\/0-8at1-34nwun-qvb\">www.vollgeld-initiative.ch\/sammelkalender\/<\/a><br \/>\n<a href=\"http:\/\/www.vollgeld-initiative.n2g13.com\/l\/112613865\/c\/0-8at1-34nwun-qvb\">www.vollgeld-initiative.ch\/events\/<\/a><\/p>\n<div>\n<p><em>Vollgeld-Initiative im Schweizer Fernsehen (SRF), <\/em><em>ECO vom 28.01.2013<\/em><br \/>\n<iframe loading=\"lazy\" src=\"https:\/\/www.youtube.com\/embed\/oa_pOnG_Duo\" width=\"560\" height=\"315\" frameborder=\"0\" allowfullscreen=\"allowfullscreen\"><\/iframe><\/p>\n<\/div>\n","protected":false},"excerpt":{"rendered":"<p>Eine Bev\u00f6lkerungsumfrage im Rahmen einer Masterarbeit an der Universit\u00e4t Z\u00fcrich zeigt Erstaunliches \u00fcber den Wissensstand des\u00a0Finanzsystems: Nur 13 Prozent wissen, dass private Gesch\u00e4ftsbanken die Mehrheit des im Umlauf befindlichen Geldes schaffen. 78 Prozent der Schweizer Bev\u00f6lkerung wollen aber, dass Geld&hellip;<\/p>\n","protected":false},"author":1095,"featured_media":212061,"comment_status":"closed","ping_status":"open","sticky":false,"template":"","format":"standard","meta":{"footnotes":""},"categories":[9150,9168,9145,9158],"tags":[19238,11009,11010],"class_list":["post-212036","post","type-post","status-publish","format-standard","has-post-thumbnail","hentry","category-europa-de","category-politik","category-pressemitteilungen","category-wirtschaft","tag-geldschopfung","tag-vollgeld","tag-vollgeld-initiative"],"yoast_head":"<!-- This site is optimized with the Yoast SEO plugin v27.1.1 - https:\/\/yoast.com\/product\/yoast-seo-wordpress\/ -->\n<title>Schweizer ahnungslos \u00fcber Entstehung des Frankens<\/title>\n<meta name=\"description\" content=\"Eine Bev\u00f6lkerungsumfrage im Rahmen einer Masterarbeit an der Universit\u00e4t Z\u00fcrich zeigt Erstaunliches \u00fcber den Wissensstand des\u00a0Finanzsystems: Nur 13\" \/>\n<meta name=\"robots\" content=\"index, follow, max-snippet:-1, max-image-preview:large, max-video-preview:-1\" \/>\n<link rel=\"canonical\" href=\"https:\/\/www.pressenza.com\/de\/2015\/08\/schweizer-ahnungslos-uber-entstehung-des-frankens\/\" \/>\n<meta property=\"og:locale\" content=\"de_DE\" \/>\n<meta property=\"og:type\" content=\"article\" \/>\n<meta property=\"og:title\" content=\"Schweizer ahnungslos \u00fcber Entstehung des Frankens\" \/>\n<meta property=\"og:description\" content=\"Eine Bev\u00f6lkerungsumfrage im Rahmen einer Masterarbeit an der Universit\u00e4t Z\u00fcrich zeigt Erstaunliches \u00fcber den Wissensstand des\u00a0Finanzsystems: Nur 13\" \/>\n<meta property=\"og:url\" content=\"https:\/\/www.pressenza.com\/de\/2015\/08\/schweizer-ahnungslos-uber-entstehung-des-frankens\/\" \/>\n<meta property=\"og:site_name\" content=\"Pressenza\" \/>\n<meta property=\"article:publisher\" content=\"https:\/\/www.facebook.com\/PressenzaItalia\" \/>\n<meta property=\"article:author\" content=\"https:\/\/www.facebook.com\/Pressenza-Deutschland-sterreich-Schweiz-281675388658060\/timeline\/\" \/>\n<meta property=\"article:published_time\" content=\"2015-08-19T13:37:05+00:00\" \/>\n<meta property=\"article:modified_time\" content=\"2015-08-19T13:38:33+00:00\" \/>\n<meta property=\"og:image\" content=\"https:\/\/www.pressenza.com\/wp-content\/uploads\/2015\/08\/Unbenanntes-Bild.png\" \/>\n\t<meta property=\"og:image:width\" content=\"1889\" \/>\n\t<meta property=\"og:image:height\" content=\"975\" \/>\n\t<meta property=\"og:image:type\" content=\"image\/png\" \/>\n<meta name=\"author\" content=\"Pressenza Berlin\" \/>\n<meta name=\"twitter:card\" content=\"summary_large_image\" \/>\n<meta name=\"twitter:creator\" content=\"@pressenza_ger\" \/>\n<meta name=\"twitter:site\" content=\"@PressenzaIPA\" \/>\n<meta name=\"twitter:label1\" content=\"Verfasst von\" \/>\n\t<meta name=\"twitter:data1\" content=\"Pressenza Berlin\" \/>\n\t<meta name=\"twitter:label2\" content=\"Gesch\u00e4tzte Lesezeit\" \/>\n\t<meta name=\"twitter:data2\" content=\"3\u00a0Minuten\" \/>\n<script type=\"application\/ld+json\" class=\"yoast-schema-graph\">{\"@context\":\"https:\/\/schema.org\",\"@graph\":[{\"@type\":\"Article\",\"@id\":\"https:\/\/www.pressenza.com\/de\/2015\/08\/schweizer-ahnungslos-uber-entstehung-des-frankens\/#article\",\"isPartOf\":{\"@id\":\"https:\/\/www.pressenza.com\/de\/2015\/08\/schweizer-ahnungslos-uber-entstehung-des-frankens\/\"},\"author\":{\"name\":\"Pressenza Berlin\",\"@id\":\"https:\/\/www.pressenza.com\/de\/#\/schema\/person\/57bb5480943a496a7722b0248e4b658a\"},\"headline\":\"Schweizer ahnungslos \u00fcber Entstehung des Frankens\",\"datePublished\":\"2015-08-19T13:37:05+00:00\",\"dateModified\":\"2015-08-19T13:38:33+00:00\",\"mainEntityOfPage\":{\"@id\":\"https:\/\/www.pressenza.com\/de\/2015\/08\/schweizer-ahnungslos-uber-entstehung-des-frankens\/\"},\"wordCount\":549,\"publisher\":{\"@id\":\"https:\/\/www.pressenza.com\/de\/#organization\"},\"image\":{\"@id\":\"https:\/\/www.pressenza.com\/de\/2015\/08\/schweizer-ahnungslos-uber-entstehung-des-frankens\/#primaryimage\"},\"thumbnailUrl\":\"https:\/\/www.pressenza.com\/wp-content\/uploads\/2015\/08\/Unbenanntes-Bild.png\",\"keywords\":[\"Geldsch\u00f6pfung\",\"Vollgeld\",\"Vollgeld-Initiative\"],\"articleSection\":[\"Europa\",\"Politik\",\"Pressemitteilungen\",\"Wirtschaft\"],\"inLanguage\":\"de\"},{\"@type\":\"WebPage\",\"@id\":\"https:\/\/www.pressenza.com\/de\/2015\/08\/schweizer-ahnungslos-uber-entstehung-des-frankens\/\",\"url\":\"https:\/\/www.pressenza.com\/de\/2015\/08\/schweizer-ahnungslos-uber-entstehung-des-frankens\/\",\"name\":\"Schweizer ahnungslos \u00fcber Entstehung des Frankens\",\"isPartOf\":{\"@id\":\"https:\/\/www.pressenza.com\/de\/#website\"},\"primaryImageOfPage\":{\"@id\":\"https:\/\/www.pressenza.com\/de\/2015\/08\/schweizer-ahnungslos-uber-entstehung-des-frankens\/#primaryimage\"},\"image\":{\"@id\":\"https:\/\/www.pressenza.com\/de\/2015\/08\/schweizer-ahnungslos-uber-entstehung-des-frankens\/#primaryimage\"},\"thumbnailUrl\":\"https:\/\/www.pressenza.com\/wp-content\/uploads\/2015\/08\/Unbenanntes-Bild.png\",\"datePublished\":\"2015-08-19T13:37:05+00:00\",\"dateModified\":\"2015-08-19T13:38:33+00:00\",\"description\":\"Eine Bev\u00f6lkerungsumfrage im Rahmen einer Masterarbeit an der Universit\u00e4t Z\u00fcrich zeigt Erstaunliches \u00fcber den Wissensstand des\u00a0Finanzsystems: Nur 13\",\"breadcrumb\":{\"@id\":\"https:\/\/www.pressenza.com\/de\/2015\/08\/schweizer-ahnungslos-uber-entstehung-des-frankens\/#breadcrumb\"},\"inLanguage\":\"de\",\"potentialAction\":[{\"@type\":\"ReadAction\",\"target\":[\"https:\/\/www.pressenza.com\/de\/2015\/08\/schweizer-ahnungslos-uber-entstehung-des-frankens\/\"]}]},{\"@type\":\"ImageObject\",\"inLanguage\":\"de\",\"@id\":\"https:\/\/www.pressenza.com\/de\/2015\/08\/schweizer-ahnungslos-uber-entstehung-des-frankens\/#primaryimage\",\"url\":\"https:\/\/www.pressenza.com\/wp-content\/uploads\/2015\/08\/Unbenanntes-Bild.png\",\"contentUrl\":\"https:\/\/www.pressenza.com\/wp-content\/uploads\/2015\/08\/Unbenanntes-Bild.png\",\"width\":1889,\"height\":975},{\"@type\":\"BreadcrumbList\",\"@id\":\"https:\/\/www.pressenza.com\/de\/2015\/08\/schweizer-ahnungslos-uber-entstehung-des-frankens\/#breadcrumb\",\"itemListElement\":[{\"@type\":\"ListItem\",\"position\":1,\"name\":\"Accueil\",\"item\":\"https:\/\/www.pressenza.com\/de\/\"},{\"@type\":\"ListItem\",\"position\":2,\"name\":\"Schweizer ahnungslos \u00fcber Entstehung des Frankens\"}]},{\"@type\":\"WebSite\",\"@id\":\"https:\/\/www.pressenza.com\/de\/#website\",\"url\":\"https:\/\/www.pressenza.com\/de\/\",\"name\":\"Pressenza\",\"description\":\"International Press Agency\",\"publisher\":{\"@id\":\"https:\/\/www.pressenza.com\/de\/#organization\"},\"potentialAction\":[{\"@type\":\"SearchAction\",\"target\":{\"@type\":\"EntryPoint\",\"urlTemplate\":\"https:\/\/www.pressenza.com\/de\/?s={search_term_string}\"},\"query-input\":{\"@type\":\"PropertyValueSpecification\",\"valueRequired\":true,\"valueName\":\"search_term_string\"}}],\"inLanguage\":\"de\"},{\"@type\":\"Organization\",\"@id\":\"https:\/\/www.pressenza.com\/de\/#organization\",\"name\":\"Pressenza\",\"url\":\"https:\/\/www.pressenza.com\/de\/\",\"logo\":{\"@type\":\"ImageObject\",\"inLanguage\":\"de\",\"@id\":\"https:\/\/www.pressenza.com\/de\/#\/schema\/logo\/image\/\",\"url\":\"https:\/\/www.pressenza.com\/wp-content\/uploads\/2022\/10\/pressenza_logo_200x200.jpg\",\"contentUrl\":\"https:\/\/www.pressenza.com\/wp-content\/uploads\/2022\/10\/pressenza_logo_200x200.jpg\",\"width\":200,\"height\":200,\"caption\":\"Pressenza\"},\"image\":{\"@id\":\"https:\/\/www.pressenza.com\/de\/#\/schema\/logo\/image\/\"},\"sameAs\":[\"https:\/\/www.facebook.com\/PressenzaItalia\",\"https:\/\/x.com\/PressenzaIPA\"]},{\"@type\":\"Person\",\"@id\":\"https:\/\/www.pressenza.com\/de\/#\/schema\/person\/57bb5480943a496a7722b0248e4b658a\",\"name\":\"Pressenza Berlin\",\"description\":\"News from the Pressenza Bureau in Berlin, Germany\",\"sameAs\":[\"https:\/\/www.facebook.com\/Pressenza-Deutschland-sterreich-Schweiz-281675388658060\/timeline\/\",\"https:\/\/x.com\/pressenza_ger\"],\"url\":\"https:\/\/www.pressenza.com\/de\/author\/pressenza-berlin\/\"}]}<\/script>\n<!-- \/ Yoast SEO plugin. -->","yoast_head_json":{"title":"Schweizer ahnungslos \u00fcber Entstehung des Frankens","description":"Eine Bev\u00f6lkerungsumfrage im Rahmen einer Masterarbeit an der Universit\u00e4t Z\u00fcrich zeigt Erstaunliches \u00fcber den Wissensstand des\u00a0Finanzsystems: Nur 13","robots":{"index":"index","follow":"follow","max-snippet":"max-snippet:-1","max-image-preview":"max-image-preview:large","max-video-preview":"max-video-preview:-1"},"canonical":"https:\/\/www.pressenza.com\/de\/2015\/08\/schweizer-ahnungslos-uber-entstehung-des-frankens\/","og_locale":"de_DE","og_type":"article","og_title":"Schweizer ahnungslos \u00fcber Entstehung des Frankens","og_description":"Eine Bev\u00f6lkerungsumfrage im Rahmen einer Masterarbeit an der Universit\u00e4t Z\u00fcrich zeigt Erstaunliches \u00fcber den Wissensstand des\u00a0Finanzsystems: Nur 13","og_url":"https:\/\/www.pressenza.com\/de\/2015\/08\/schweizer-ahnungslos-uber-entstehung-des-frankens\/","og_site_name":"Pressenza","article_publisher":"https:\/\/www.facebook.com\/PressenzaItalia","article_author":"https:\/\/www.facebook.com\/Pressenza-Deutschland-sterreich-Schweiz-281675388658060\/timeline\/","article_published_time":"2015-08-19T13:37:05+00:00","article_modified_time":"2015-08-19T13:38:33+00:00","og_image":[{"width":1889,"height":975,"url":"https:\/\/www.pressenza.com\/wp-content\/uploads\/2015\/08\/Unbenanntes-Bild.png","type":"image\/png"}],"author":"Pressenza Berlin","twitter_card":"summary_large_image","twitter_creator":"@pressenza_ger","twitter_site":"@PressenzaIPA","twitter_misc":{"Verfasst von":"Pressenza Berlin","Gesch\u00e4tzte Lesezeit":"3\u00a0Minuten"},"schema":{"@context":"https:\/\/schema.org","@graph":[{"@type":"Article","@id":"https:\/\/www.pressenza.com\/de\/2015\/08\/schweizer-ahnungslos-uber-entstehung-des-frankens\/#article","isPartOf":{"@id":"https:\/\/www.pressenza.com\/de\/2015\/08\/schweizer-ahnungslos-uber-entstehung-des-frankens\/"},"author":{"name":"Pressenza Berlin","@id":"https:\/\/www.pressenza.com\/de\/#\/schema\/person\/57bb5480943a496a7722b0248e4b658a"},"headline":"Schweizer ahnungslos \u00fcber Entstehung des Frankens","datePublished":"2015-08-19T13:37:05+00:00","dateModified":"2015-08-19T13:38:33+00:00","mainEntityOfPage":{"@id":"https:\/\/www.pressenza.com\/de\/2015\/08\/schweizer-ahnungslos-uber-entstehung-des-frankens\/"},"wordCount":549,"publisher":{"@id":"https:\/\/www.pressenza.com\/de\/#organization"},"image":{"@id":"https:\/\/www.pressenza.com\/de\/2015\/08\/schweizer-ahnungslos-uber-entstehung-des-frankens\/#primaryimage"},"thumbnailUrl":"https:\/\/www.pressenza.com\/wp-content\/uploads\/2015\/08\/Unbenanntes-Bild.png","keywords":["Geldsch\u00f6pfung","Vollgeld","Vollgeld-Initiative"],"articleSection":["Europa","Politik","Pressemitteilungen","Wirtschaft"],"inLanguage":"de"},{"@type":"WebPage","@id":"https:\/\/www.pressenza.com\/de\/2015\/08\/schweizer-ahnungslos-uber-entstehung-des-frankens\/","url":"https:\/\/www.pressenza.com\/de\/2015\/08\/schweizer-ahnungslos-uber-entstehung-des-frankens\/","name":"Schweizer ahnungslos \u00fcber Entstehung des Frankens","isPartOf":{"@id":"https:\/\/www.pressenza.com\/de\/#website"},"primaryImageOfPage":{"@id":"https:\/\/www.pressenza.com\/de\/2015\/08\/schweizer-ahnungslos-uber-entstehung-des-frankens\/#primaryimage"},"image":{"@id":"https:\/\/www.pressenza.com\/de\/2015\/08\/schweizer-ahnungslos-uber-entstehung-des-frankens\/#primaryimage"},"thumbnailUrl":"https:\/\/www.pressenza.com\/wp-content\/uploads\/2015\/08\/Unbenanntes-Bild.png","datePublished":"2015-08-19T13:37:05+00:00","dateModified":"2015-08-19T13:38:33+00:00","description":"Eine Bev\u00f6lkerungsumfrage im Rahmen einer Masterarbeit an der Universit\u00e4t Z\u00fcrich zeigt Erstaunliches \u00fcber den Wissensstand des\u00a0Finanzsystems: Nur 13","breadcrumb":{"@id":"https:\/\/www.pressenza.com\/de\/2015\/08\/schweizer-ahnungslos-uber-entstehung-des-frankens\/#breadcrumb"},"inLanguage":"de","potentialAction":[{"@type":"ReadAction","target":["https:\/\/www.pressenza.com\/de\/2015\/08\/schweizer-ahnungslos-uber-entstehung-des-frankens\/"]}]},{"@type":"ImageObject","inLanguage":"de","@id":"https:\/\/www.pressenza.com\/de\/2015\/08\/schweizer-ahnungslos-uber-entstehung-des-frankens\/#primaryimage","url":"https:\/\/www.pressenza.com\/wp-content\/uploads\/2015\/08\/Unbenanntes-Bild.png","contentUrl":"https:\/\/www.pressenza.com\/wp-content\/uploads\/2015\/08\/Unbenanntes-Bild.png","width":1889,"height":975},{"@type":"BreadcrumbList","@id":"https:\/\/www.pressenza.com\/de\/2015\/08\/schweizer-ahnungslos-uber-entstehung-des-frankens\/#breadcrumb","itemListElement":[{"@type":"ListItem","position":1,"name":"Accueil","item":"https:\/\/www.pressenza.com\/de\/"},{"@type":"ListItem","position":2,"name":"Schweizer ahnungslos \u00fcber Entstehung des Frankens"}]},{"@type":"WebSite","@id":"https:\/\/www.pressenza.com\/de\/#website","url":"https:\/\/www.pressenza.com\/de\/","name":"Pressenza","description":"International Press Agency","publisher":{"@id":"https:\/\/www.pressenza.com\/de\/#organization"},"potentialAction":[{"@type":"SearchAction","target":{"@type":"EntryPoint","urlTemplate":"https:\/\/www.pressenza.com\/de\/?s={search_term_string}"},"query-input":{"@type":"PropertyValueSpecification","valueRequired":true,"valueName":"search_term_string"}}],"inLanguage":"de"},{"@type":"Organization","@id":"https:\/\/www.pressenza.com\/de\/#organization","name":"Pressenza","url":"https:\/\/www.pressenza.com\/de\/","logo":{"@type":"ImageObject","inLanguage":"de","@id":"https:\/\/www.pressenza.com\/de\/#\/schema\/logo\/image\/","url":"https:\/\/www.pressenza.com\/wp-content\/uploads\/2022\/10\/pressenza_logo_200x200.jpg","contentUrl":"https:\/\/www.pressenza.com\/wp-content\/uploads\/2022\/10\/pressenza_logo_200x200.jpg","width":200,"height":200,"caption":"Pressenza"},"image":{"@id":"https:\/\/www.pressenza.com\/de\/#\/schema\/logo\/image\/"},"sameAs":["https:\/\/www.facebook.com\/PressenzaItalia","https:\/\/x.com\/PressenzaIPA"]},{"@type":"Person","@id":"https:\/\/www.pressenza.com\/de\/#\/schema\/person\/57bb5480943a496a7722b0248e4b658a","name":"Pressenza Berlin","description":"News from the Pressenza Bureau in Berlin, Germany","sameAs":["https:\/\/www.facebook.com\/Pressenza-Deutschland-sterreich-Schweiz-281675388658060\/timeline\/","https:\/\/x.com\/pressenza_ger"],"url":"https:\/\/www.pressenza.com\/de\/author\/pressenza-berlin\/"}]}},"place":"","original_article_url":"","_links":{"self":[{"href":"https:\/\/www.pressenza.com\/de\/wp-json\/wp\/v2\/posts\/212036","targetHints":{"allow":["GET"]}}],"collection":[{"href":"https:\/\/www.pressenza.com\/de\/wp-json\/wp\/v2\/posts"}],"about":[{"href":"https:\/\/www.pressenza.com\/de\/wp-json\/wp\/v2\/types\/post"}],"author":[{"embeddable":true,"href":"https:\/\/www.pressenza.com\/de\/wp-json\/wp\/v2\/users\/1095"}],"replies":[{"embeddable":true,"href":"https:\/\/www.pressenza.com\/de\/wp-json\/wp\/v2\/comments?post=212036"}],"version-history":[{"count":0,"href":"https:\/\/www.pressenza.com\/de\/wp-json\/wp\/v2\/posts\/212036\/revisions"}],"wp:featuredmedia":[{"embeddable":true,"href":"https:\/\/www.pressenza.com\/de\/wp-json\/wp\/v2\/media\/212061"}],"wp:attachment":[{"href":"https:\/\/www.pressenza.com\/de\/wp-json\/wp\/v2\/media?parent=212036"}],"wp:term":[{"taxonomy":"category","embeddable":true,"href":"https:\/\/www.pressenza.com\/de\/wp-json\/wp\/v2\/categories?post=212036"},{"taxonomy":"post_tag","embeddable":true,"href":"https:\/\/www.pressenza.com\/de\/wp-json\/wp\/v2\/tags?post=212036"}],"curies":[{"name":"wp","href":"https:\/\/api.w.org\/{rel}","templated":true}]}}