{"id":203245,"date":"2015-07-17T11:16:02","date_gmt":"2015-07-17T10:16:02","guid":{"rendered":"http:\/\/www.pressenza.com\/?p=203245"},"modified":"2015-07-17T11:25:47","modified_gmt":"2015-07-17T10:25:47","slug":"das-ende-der-europaischen-union","status":"publish","type":"post","link":"https:\/\/www.pressenza.com\/de\/2015\/07\/das-ende-der-europaischen-union\/","title":{"rendered":"Das Ende der europ\u00e4ischen Union"},"content":{"rendered":"<p><strong>Diese europ\u00e4ische Union ist inzwischen an ihrer Endstation angelangt. Die letzten Ereignisse zeigen schlichtweg, dass das Europa, wie wir es kannten, nicht mehr existiert, hingegen existieren der Euro und Deutschland. Und es ist letzteres, das die Bedingungen diktiert, sei es der EZB, sei es der Eurogruppe.<\/strong><\/p>\n<p>Wenn bisher die Idee, dass das europ\u00e4ische Parlament etwas z\u00e4hlt, glaubhaft war, so ist es heute offensichtlich, dass dem nicht so ist. Eine &#8222;Eurokratie&#8220;, die von niemandem gew\u00e4hlt wurde, entscheidet alles. Es geht nur noch um finanzielle Kriege, bei denen die Schwachen immer verlieren.<\/p>\n<p>So wurde zum Beispiel einerseits entschieden, dass man \u00d6sterreichs Schulden erl\u00e4sst, um ein Referendum gegen den Euro zu verhindern, das von der Basis aus in diesem Land entstanden ist. Andererseits verlangt man von Griechenland, die Hausschl\u00fcssel an Fremde zu \u00fcbergeben.<\/p>\n<p>Denn darauf l\u00e4uft die deutsche Forderung hinaus. 50 Milliarden an \u00f6ffentlichen G\u00fctern (Schl\u00fcssel in der Hand), nur um Verhandlungen aufnehmen zu k\u00f6nnen. Im Detail handelt es sich dabei um eine kriegsgleiche Forderung: dem &#8222;geschlagenen&#8220; Feind, der den Krieg verloren hat, werden Bedingungen auferlegt. Es werden die Herausgabe und der Ausverkauf von Verm\u00f6gensg\u00fctern des Landes gefordert und zugleich fischt man in den Konten der B\u00fcrger herum (bail in). Und weil man sich nicht gleich ergeben hat, sind die Bedingungen besonders hart.<\/p>\n<p>Das ist nicht nur dumm und grausam, sondern zudem unmoralisch.<\/p>\n<p>Und wo ist Italien in diesen auch f\u00fcr italienische B\u00fcrger so wichtigen Verhandlungen geblieben?\u00a0 Nichts, keinen Mucks. Ein Premierminister, der wenig oder gar nichts zu sagen hat. Eine gro\u00dfe W\u00fcste, in der die Positionen anderer italienischer Politiker im besten Fall l\u00e4cherlich oder zweideutig erscheinen.<\/p>\n<p>Vergessen wir nicht, dass Italien Gr\u00fcndungsmitglied der EU ist. Es hat immer noch gro\u00dfes Gewicht. Noch sind wir eine Industriemacht. Die Realit\u00e4t ist, dass wir den Euro brechen k\u00f6nnten. Die Realit\u00e4t ist auch, dass dies der einzige gangbare Weg ist. Der einseitige Ausstieg w\u00fcrde es uns erlauben, die Entscheidungsinstrumente wiederzuerlangen, die uns entzogen worden sind. Es w\u00fcrde uns ein \u00f6konomisches Modell der Entwicklung und des Wachstums erm\u00f6glichen, das innerhalb des Euros zu realisieren unm\u00f6glich ist.<\/p>\n<p>Es gibt die, die sagen, dass ein anderes Europa m\u00f6glich ist. Nat\u00fcrlich ist theoretisch alles m\u00f6glich, aber es w\u00e4re grotesk zu glauben, dass die Finanzoligarchen, die diese Verhandlungen zur Regelung von \u00f6konomischen und finanzwirtschaftlichen Fragen zu Gunsten des Systems in Gang gesetzt haben, nun pl\u00f6tzlich den R\u00fcckw\u00e4rtsgang einlegen und den Reichtum an die europ\u00e4ischen B\u00fcrger verteilen. Der Euro und die Austerit\u00e4t sind ein und dasselbe. Und sie sind unver\u00e4nderbar, weil Deutschland immer das letzte Wort hat.<\/p>\n<p>Wenn Syriza den europ\u00e4ischen B\u00fcrgern einen Dienst erwiesen hat, dann ist das der der Erkenntnis, dass man den Euro nicht ver\u00e4ndern, sondern nur verlassen kann. Wenn aber Italien einstimmig ausscheiden w\u00fcrde, w\u00e4re ein anderes Europa tats\u00e4chlich m\u00f6glich. Alles andere sind M\u00e4rchen.<\/p>\n<p><em>\u00a0\u00dcbersetzung aus dem Italienischen von Evelyn Rottengatter<\/em><\/p>\n","protected":false},"excerpt":{"rendered":"<p>Diese europ\u00e4ische Union ist inzwischen an ihrer Endstation angelangt. Die letzten Ereignisse zeigen schlichtweg, dass das Europa, wie wir es kannten, nicht mehr existiert, hingegen existieren der Euro und Deutschland. Und es ist letzteres, das die Bedingungen diktiert, sei es&hellip;<\/p>\n","protected":false},"author":481,"featured_media":203249,"comment_status":"closed","ping_status":"open","sticky":false,"template":"","format":"standard","meta":{"footnotes":""},"categories":[9150,11387,9168,9145],"tags":[15976,14815,15975,17599,18598,10197,16050],"class_list":["post-203245","post","type-post","status-publish","format-standard","has-post-thumbnail","hentry","category-europa-de","category-originalinhalt","category-politik","category-pressemitteilungen","tag-euro-de","tag-europaische-union","tag-grexit","tag-humanistische-partei","tag-iexit","tag-italien","tag-schuldenkriese"],"yoast_head":"<!-- This site is optimized with the Yoast SEO plugin v27.1.1 - https:\/\/yoast.com\/product\/yoast-seo-wordpress\/ -->\n<title>Das Ende der europ\u00e4ischen Union<\/title>\n<meta name=\"description\" content=\"Diese europ\u00e4ische Union ist inzwischen an ihrer Endstation angelangt. Die letzten Ereignisse zeigen schlichtweg, dass das Europa, wie wir es kannten,\" \/>\n<meta name=\"robots\" content=\"index, follow, max-snippet:-1, max-image-preview:large, max-video-preview:-1\" \/>\n<link rel=\"canonical\" href=\"https:\/\/www.pressenza.com\/de\/2015\/07\/das-ende-der-europaischen-union\/\" \/>\n<meta property=\"og:locale\" content=\"de_DE\" \/>\n<meta property=\"og:type\" content=\"article\" \/>\n<meta property=\"og:title\" content=\"Das Ende der europ\u00e4ischen Union\" \/>\n<meta property=\"og:description\" content=\"Diese europ\u00e4ische Union ist inzwischen an ihrer Endstation angelangt. Die letzten Ereignisse zeigen schlichtweg, dass das Europa, wie wir es kannten,\" \/>\n<meta property=\"og:url\" content=\"https:\/\/www.pressenza.com\/de\/2015\/07\/das-ende-der-europaischen-union\/\" \/>\n<meta property=\"og:site_name\" content=\"Pressenza\" \/>\n<meta property=\"article:publisher\" content=\"https:\/\/www.facebook.com\/PressenzaItalia\" \/>\n<meta property=\"article:author\" content=\"https:\/\/www.facebook.com\/pages\/Partito-Umanista\/\" \/>\n<meta property=\"article:published_time\" content=\"2015-07-17T10:16:02+00:00\" \/>\n<meta property=\"article:modified_time\" content=\"2015-07-17T10:25:47+00:00\" \/>\n<meta property=\"og:image\" content=\"https:\/\/www.pressenza.com\/wp-content\/uploads\/2015\/07\/Acropoli-con-bandiera-tedesca1.jpg\" \/>\n\t<meta property=\"og:image:width\" content=\"900\" \/>\n\t<meta property=\"og:image:height\" content=\"512\" \/>\n\t<meta property=\"og:image:type\" content=\"image\/jpeg\" \/>\n<meta name=\"author\" content=\"Partito Umanista\" \/>\n<meta name=\"twitter:card\" content=\"summary_large_image\" \/>\n<meta name=\"twitter:creator\" content=\"@partitoumanista\" \/>\n<meta name=\"twitter:site\" content=\"@PressenzaIPA\" \/>\n<meta name=\"twitter:label1\" content=\"Verfasst von\" \/>\n\t<meta name=\"twitter:data1\" content=\"Partito Umanista\" \/>\n\t<meta name=\"twitter:label2\" content=\"Gesch\u00e4tzte Lesezeit\" \/>\n\t<meta name=\"twitter:data2\" content=\"3\u00a0Minuten\" \/>\n<script type=\"application\/ld+json\" class=\"yoast-schema-graph\">{\"@context\":\"https:\/\/schema.org\",\"@graph\":[{\"@type\":\"Article\",\"@id\":\"https:\/\/www.pressenza.com\/de\/2015\/07\/das-ende-der-europaischen-union\/#article\",\"isPartOf\":{\"@id\":\"https:\/\/www.pressenza.com\/de\/2015\/07\/das-ende-der-europaischen-union\/\"},\"author\":{\"name\":\"Partito Umanista\",\"@id\":\"https:\/\/www.pressenza.com\/de\/#\/schema\/person\/444a68b8b263dbd36ac1531293ea9cae\"},\"headline\":\"Das Ende der europ\u00e4ischen Union\",\"datePublished\":\"2015-07-17T10:16:02+00:00\",\"dateModified\":\"2015-07-17T10:25:47+00:00\",\"mainEntityOfPage\":{\"@id\":\"https:\/\/www.pressenza.com\/de\/2015\/07\/das-ende-der-europaischen-union\/\"},\"wordCount\":514,\"publisher\":{\"@id\":\"https:\/\/www.pressenza.com\/de\/#organization\"},\"image\":{\"@id\":\"https:\/\/www.pressenza.com\/de\/2015\/07\/das-ende-der-europaischen-union\/#primaryimage\"},\"thumbnailUrl\":\"https:\/\/www.pressenza.com\/wp-content\/uploads\/2015\/07\/Acropoli-con-bandiera-tedesca1.jpg\",\"keywords\":[\"euro\",\"Europ\u00e4ische Union\",\"Grexit\",\"Humanistische Partei\",\"Iexit\",\"italien\",\"Schuldenkriese\"],\"articleSection\":[\"Europa\",\"Originalinhalt\",\"Politik\",\"Pressemitteilungen\"],\"inLanguage\":\"de\"},{\"@type\":\"WebPage\",\"@id\":\"https:\/\/www.pressenza.com\/de\/2015\/07\/das-ende-der-europaischen-union\/\",\"url\":\"https:\/\/www.pressenza.com\/de\/2015\/07\/das-ende-der-europaischen-union\/\",\"name\":\"Das Ende der europ\u00e4ischen Union\",\"isPartOf\":{\"@id\":\"https:\/\/www.pressenza.com\/de\/#website\"},\"primaryImageOfPage\":{\"@id\":\"https:\/\/www.pressenza.com\/de\/2015\/07\/das-ende-der-europaischen-union\/#primaryimage\"},\"image\":{\"@id\":\"https:\/\/www.pressenza.com\/de\/2015\/07\/das-ende-der-europaischen-union\/#primaryimage\"},\"thumbnailUrl\":\"https:\/\/www.pressenza.com\/wp-content\/uploads\/2015\/07\/Acropoli-con-bandiera-tedesca1.jpg\",\"datePublished\":\"2015-07-17T10:16:02+00:00\",\"dateModified\":\"2015-07-17T10:25:47+00:00\",\"description\":\"Diese europ\u00e4ische Union ist inzwischen an ihrer Endstation angelangt. Die letzten Ereignisse zeigen schlichtweg, dass das Europa, wie wir es kannten,\",\"breadcrumb\":{\"@id\":\"https:\/\/www.pressenza.com\/de\/2015\/07\/das-ende-der-europaischen-union\/#breadcrumb\"},\"inLanguage\":\"de\",\"potentialAction\":[{\"@type\":\"ReadAction\",\"target\":[\"https:\/\/www.pressenza.com\/de\/2015\/07\/das-ende-der-europaischen-union\/\"]}]},{\"@type\":\"ImageObject\",\"inLanguage\":\"de\",\"@id\":\"https:\/\/www.pressenza.com\/de\/2015\/07\/das-ende-der-europaischen-union\/#primaryimage\",\"url\":\"https:\/\/www.pressenza.com\/wp-content\/uploads\/2015\/07\/Acropoli-con-bandiera-tedesca1.jpg\",\"contentUrl\":\"https:\/\/www.pressenza.com\/wp-content\/uploads\/2015\/07\/Acropoli-con-bandiera-tedesca1.jpg\",\"width\":900,\"height\":512},{\"@type\":\"BreadcrumbList\",\"@id\":\"https:\/\/www.pressenza.com\/de\/2015\/07\/das-ende-der-europaischen-union\/#breadcrumb\",\"itemListElement\":[{\"@type\":\"ListItem\",\"position\":1,\"name\":\"Accueil\",\"item\":\"https:\/\/www.pressenza.com\/de\/\"},{\"@type\":\"ListItem\",\"position\":2,\"name\":\"Das Ende der europ\u00e4ischen Union\"}]},{\"@type\":\"WebSite\",\"@id\":\"https:\/\/www.pressenza.com\/de\/#website\",\"url\":\"https:\/\/www.pressenza.com\/de\/\",\"name\":\"Pressenza\",\"description\":\"International Press Agency\",\"publisher\":{\"@id\":\"https:\/\/www.pressenza.com\/de\/#organization\"},\"potentialAction\":[{\"@type\":\"SearchAction\",\"target\":{\"@type\":\"EntryPoint\",\"urlTemplate\":\"https:\/\/www.pressenza.com\/de\/?s={search_term_string}\"},\"query-input\":{\"@type\":\"PropertyValueSpecification\",\"valueRequired\":true,\"valueName\":\"search_term_string\"}}],\"inLanguage\":\"de\"},{\"@type\":\"Organization\",\"@id\":\"https:\/\/www.pressenza.com\/de\/#organization\",\"name\":\"Pressenza\",\"url\":\"https:\/\/www.pressenza.com\/de\/\",\"logo\":{\"@type\":\"ImageObject\",\"inLanguage\":\"de\",\"@id\":\"https:\/\/www.pressenza.com\/de\/#\/schema\/logo\/image\/\",\"url\":\"https:\/\/www.pressenza.com\/wp-content\/uploads\/2022\/10\/pressenza_logo_200x200.jpg\",\"contentUrl\":\"https:\/\/www.pressenza.com\/wp-content\/uploads\/2022\/10\/pressenza_logo_200x200.jpg\",\"width\":200,\"height\":200,\"caption\":\"Pressenza\"},\"image\":{\"@id\":\"https:\/\/www.pressenza.com\/de\/#\/schema\/logo\/image\/\"},\"sameAs\":[\"https:\/\/www.facebook.com\/PressenzaItalia\",\"https:\/\/x.com\/PressenzaIPA\"]},{\"@type\":\"Person\",\"@id\":\"https:\/\/www.pressenza.com\/de\/#\/schema\/person\/444a68b8b263dbd36ac1531293ea9cae\",\"name\":\"Partito Umanista\",\"description\":\"www.partitoumanista.it\",\"sameAs\":[\"http:\/\/www.partitoumanista.it\",\"https:\/\/www.facebook.com\/pages\/Partito-Umanista\/\",\"https:\/\/x.com\/partitoumanista\"],\"url\":\"https:\/\/www.pressenza.com\/de\/author\/partito-umanista\/\"}]}<\/script>\n<!-- \/ Yoast SEO plugin. -->","yoast_head_json":{"title":"Das Ende der europ\u00e4ischen Union","description":"Diese europ\u00e4ische Union ist inzwischen an ihrer Endstation angelangt. Die letzten Ereignisse zeigen schlichtweg, dass das Europa, wie wir es kannten,","robots":{"index":"index","follow":"follow","max-snippet":"max-snippet:-1","max-image-preview":"max-image-preview:large","max-video-preview":"max-video-preview:-1"},"canonical":"https:\/\/www.pressenza.com\/de\/2015\/07\/das-ende-der-europaischen-union\/","og_locale":"de_DE","og_type":"article","og_title":"Das Ende der europ\u00e4ischen Union","og_description":"Diese europ\u00e4ische Union ist inzwischen an ihrer Endstation angelangt. Die letzten Ereignisse zeigen schlichtweg, dass das Europa, wie wir es kannten,","og_url":"https:\/\/www.pressenza.com\/de\/2015\/07\/das-ende-der-europaischen-union\/","og_site_name":"Pressenza","article_publisher":"https:\/\/www.facebook.com\/PressenzaItalia","article_author":"https:\/\/www.facebook.com\/pages\/Partito-Umanista\/","article_published_time":"2015-07-17T10:16:02+00:00","article_modified_time":"2015-07-17T10:25:47+00:00","og_image":[{"width":900,"height":512,"url":"https:\/\/www.pressenza.com\/wp-content\/uploads\/2015\/07\/Acropoli-con-bandiera-tedesca1.jpg","type":"image\/jpeg"}],"author":"Partito Umanista","twitter_card":"summary_large_image","twitter_creator":"@partitoumanista","twitter_site":"@PressenzaIPA","twitter_misc":{"Verfasst von":"Partito Umanista","Gesch\u00e4tzte Lesezeit":"3\u00a0Minuten"},"schema":{"@context":"https:\/\/schema.org","@graph":[{"@type":"Article","@id":"https:\/\/www.pressenza.com\/de\/2015\/07\/das-ende-der-europaischen-union\/#article","isPartOf":{"@id":"https:\/\/www.pressenza.com\/de\/2015\/07\/das-ende-der-europaischen-union\/"},"author":{"name":"Partito Umanista","@id":"https:\/\/www.pressenza.com\/de\/#\/schema\/person\/444a68b8b263dbd36ac1531293ea9cae"},"headline":"Das Ende der europ\u00e4ischen Union","datePublished":"2015-07-17T10:16:02+00:00","dateModified":"2015-07-17T10:25:47+00:00","mainEntityOfPage":{"@id":"https:\/\/www.pressenza.com\/de\/2015\/07\/das-ende-der-europaischen-union\/"},"wordCount":514,"publisher":{"@id":"https:\/\/www.pressenza.com\/de\/#organization"},"image":{"@id":"https:\/\/www.pressenza.com\/de\/2015\/07\/das-ende-der-europaischen-union\/#primaryimage"},"thumbnailUrl":"https:\/\/www.pressenza.com\/wp-content\/uploads\/2015\/07\/Acropoli-con-bandiera-tedesca1.jpg","keywords":["euro","Europ\u00e4ische Union","Grexit","Humanistische Partei","Iexit","italien","Schuldenkriese"],"articleSection":["Europa","Originalinhalt","Politik","Pressemitteilungen"],"inLanguage":"de"},{"@type":"WebPage","@id":"https:\/\/www.pressenza.com\/de\/2015\/07\/das-ende-der-europaischen-union\/","url":"https:\/\/www.pressenza.com\/de\/2015\/07\/das-ende-der-europaischen-union\/","name":"Das Ende der europ\u00e4ischen Union","isPartOf":{"@id":"https:\/\/www.pressenza.com\/de\/#website"},"primaryImageOfPage":{"@id":"https:\/\/www.pressenza.com\/de\/2015\/07\/das-ende-der-europaischen-union\/#primaryimage"},"image":{"@id":"https:\/\/www.pressenza.com\/de\/2015\/07\/das-ende-der-europaischen-union\/#primaryimage"},"thumbnailUrl":"https:\/\/www.pressenza.com\/wp-content\/uploads\/2015\/07\/Acropoli-con-bandiera-tedesca1.jpg","datePublished":"2015-07-17T10:16:02+00:00","dateModified":"2015-07-17T10:25:47+00:00","description":"Diese europ\u00e4ische Union ist inzwischen an ihrer Endstation angelangt. Die letzten Ereignisse zeigen schlichtweg, dass das Europa, wie wir es kannten,","breadcrumb":{"@id":"https:\/\/www.pressenza.com\/de\/2015\/07\/das-ende-der-europaischen-union\/#breadcrumb"},"inLanguage":"de","potentialAction":[{"@type":"ReadAction","target":["https:\/\/www.pressenza.com\/de\/2015\/07\/das-ende-der-europaischen-union\/"]}]},{"@type":"ImageObject","inLanguage":"de","@id":"https:\/\/www.pressenza.com\/de\/2015\/07\/das-ende-der-europaischen-union\/#primaryimage","url":"https:\/\/www.pressenza.com\/wp-content\/uploads\/2015\/07\/Acropoli-con-bandiera-tedesca1.jpg","contentUrl":"https:\/\/www.pressenza.com\/wp-content\/uploads\/2015\/07\/Acropoli-con-bandiera-tedesca1.jpg","width":900,"height":512},{"@type":"BreadcrumbList","@id":"https:\/\/www.pressenza.com\/de\/2015\/07\/das-ende-der-europaischen-union\/#breadcrumb","itemListElement":[{"@type":"ListItem","position":1,"name":"Accueil","item":"https:\/\/www.pressenza.com\/de\/"},{"@type":"ListItem","position":2,"name":"Das Ende der europ\u00e4ischen Union"}]},{"@type":"WebSite","@id":"https:\/\/www.pressenza.com\/de\/#website","url":"https:\/\/www.pressenza.com\/de\/","name":"Pressenza","description":"International Press Agency","publisher":{"@id":"https:\/\/www.pressenza.com\/de\/#organization"},"potentialAction":[{"@type":"SearchAction","target":{"@type":"EntryPoint","urlTemplate":"https:\/\/www.pressenza.com\/de\/?s={search_term_string}"},"query-input":{"@type":"PropertyValueSpecification","valueRequired":true,"valueName":"search_term_string"}}],"inLanguage":"de"},{"@type":"Organization","@id":"https:\/\/www.pressenza.com\/de\/#organization","name":"Pressenza","url":"https:\/\/www.pressenza.com\/de\/","logo":{"@type":"ImageObject","inLanguage":"de","@id":"https:\/\/www.pressenza.com\/de\/#\/schema\/logo\/image\/","url":"https:\/\/www.pressenza.com\/wp-content\/uploads\/2022\/10\/pressenza_logo_200x200.jpg","contentUrl":"https:\/\/www.pressenza.com\/wp-content\/uploads\/2022\/10\/pressenza_logo_200x200.jpg","width":200,"height":200,"caption":"Pressenza"},"image":{"@id":"https:\/\/www.pressenza.com\/de\/#\/schema\/logo\/image\/"},"sameAs":["https:\/\/www.facebook.com\/PressenzaItalia","https:\/\/x.com\/PressenzaIPA"]},{"@type":"Person","@id":"https:\/\/www.pressenza.com\/de\/#\/schema\/person\/444a68b8b263dbd36ac1531293ea9cae","name":"Partito Umanista","description":"www.partitoumanista.it","sameAs":["http:\/\/www.partitoumanista.it","https:\/\/www.facebook.com\/pages\/Partito-Umanista\/","https:\/\/x.com\/partitoumanista"],"url":"https:\/\/www.pressenza.com\/de\/author\/partito-umanista\/"}]}},"place":"","original_article_url":"","_links":{"self":[{"href":"https:\/\/www.pressenza.com\/de\/wp-json\/wp\/v2\/posts\/203245","targetHints":{"allow":["GET"]}}],"collection":[{"href":"https:\/\/www.pressenza.com\/de\/wp-json\/wp\/v2\/posts"}],"about":[{"href":"https:\/\/www.pressenza.com\/de\/wp-json\/wp\/v2\/types\/post"}],"author":[{"embeddable":true,"href":"https:\/\/www.pressenza.com\/de\/wp-json\/wp\/v2\/users\/481"}],"replies":[{"embeddable":true,"href":"https:\/\/www.pressenza.com\/de\/wp-json\/wp\/v2\/comments?post=203245"}],"version-history":[{"count":0,"href":"https:\/\/www.pressenza.com\/de\/wp-json\/wp\/v2\/posts\/203245\/revisions"}],"wp:featuredmedia":[{"embeddable":true,"href":"https:\/\/www.pressenza.com\/de\/wp-json\/wp\/v2\/media\/203249"}],"wp:attachment":[{"href":"https:\/\/www.pressenza.com\/de\/wp-json\/wp\/v2\/media?parent=203245"}],"wp:term":[{"taxonomy":"category","embeddable":true,"href":"https:\/\/www.pressenza.com\/de\/wp-json\/wp\/v2\/categories?post=203245"},{"taxonomy":"post_tag","embeddable":true,"href":"https:\/\/www.pressenza.com\/de\/wp-json\/wp\/v2\/tags?post=203245"}],"curies":[{"name":"wp","href":"https:\/\/api.w.org\/{rel}","templated":true}]}}