{"id":199664,"date":"2015-07-04T19:41:05","date_gmt":"2015-07-04T18:41:05","guid":{"rendered":"http:\/\/www.pressenza.com\/?p=199664"},"modified":"2015-07-04T19:46:44","modified_gmt":"2015-07-04T18:46:44","slug":"grundlegende-forderungen-der-wiedergutmachungsinitiative-anerkannt","status":"publish","type":"post","link":"https:\/\/www.pressenza.com\/de\/2015\/07\/grundlegende-forderungen-der-wiedergutmachungsinitiative-anerkannt\/","title":{"rendered":"Grundlegende Forderungen der Wiedergutmachungsinitiative anerkannt"},"content":{"rendered":"<p><strong>Der schweizerische Bundesrat hat am 24. Juni die Vernehmlassung zum Bundesgesetz \u00fcber die Aufarbeitung der f\u00fcrsorgerischen Zwangsmassnahmen und Fremdplatzierungen vor 1981 er\u00f6ffnet. Dabei anerkennt der Bundesrat, dass den Opfern schweres Unrecht zugef\u00fcgt worden ist. <\/strong><\/p>\n<p>Er will darum unter anderem einen Fonds im Umfang von 300 Millionen Franken einrichten. Dieser Solidarit\u00e4tsfonds nimmt eine zentrale Forderung der <a href=\"http:\/\/www.wiedergutmachung.ch\">Wiedergutmachungsinitiative<\/a> auf. Die Vernehmlassung und die parlamentarischen Beratungen m\u00fcssen diese anvisierte L\u00f6sung nun best\u00e4tigen und zeigen, dass der Wille zu einer umfassenden Aufarbeitung tats\u00e4chlich gegeben ist. Bis die definitive Fassung des Gegenvorschlags vorliegt, bleibt die Wiedergutmachungsinitiative massgebend.<\/p>\n<p>Der Bundesrat h\u00e4lt Wort und macht vorw\u00e4rts mit dem Bundesgesetz \u00fcber die Aufarbeitung der f\u00fcrsorgerischen Zwangsmassnahmen und Fremdplatzierungen vor 1981. Als Gegenvorschlag zur Wiedergutmachungsinitiative, die einen Fonds von 500 Millionen Franken vorsieht, will der Bundesrat einen Solidarit\u00e4tsfonds im Umfang von 300 Millionen Franken einrichten \u2013 er geht von geringeren Opferzahlen als die Initianten aus. In der Berechnung des Bundesrates w\u00fcrde jedes Opfer einen Betrag in der Gr\u00f6ssenordnung zwischen 20\u2018000 und 25\u2018000 Franken als Anerkennung f\u00fcr das erlittene Unrecht erhalten. Im Vergleich zu Leistungen in anderen L\u00e4ndern, die ihre eigenen Missbrauchsf\u00e4lle aufarbeiten, ist dieser Betrag f\u00fcr die Opfer in der Schweiz durchschnittlich und keinesfalls zu hoch angelegt.<\/p>\n<p>Der Solidarit\u00e4tsfonds soll prim\u00e4r durch den Bund finanziert werden. Andere Zuwendungen sind m\u00f6glich, jedoch freiwillig. Dadurch, dass in erster Linie der Bund die Finanzierung tragen w\u00fcrde, k\u00f6nnte es \u2013 wenn die parlamentarische Beratung der Vorlage rasch erfolgt \u2013 bereits 2017 zu ersten Auszahlungen kommen. \u201eDieses Vorgehen beschleunigt den Prozess und garantiert, dass noch m\u00f6glichst viele Opfer eine umfassende Wiedergutmachung erleben w\u00fcrden\u201c, so Guido Fluri, Begr\u00fcnder der Wiedergutmachungsinitiative. \u201eViele der schwer Betroffenen sind heute betagt und gebrechlich und brauchen darum rasch unsere Hilfe. Die Initianten hoffen, dass nebst dem Bund auch andere Stellen die Beitr\u00e4ge freiwillig mitfinanzieren\u201c.<\/p>\n<p>Positiv fallen zus\u00e4tzliche Massnahmen auf, die im Bundesgesetz vorgesehen sind. So etwa in den Bereichen wissenschaftliche Aufarbeitung und \u00d6ffentlichkeitsarbeit, Archivierung und Akteneinsicht oder Beratung und Unterst\u00fctzung durch die kantonalen Anlaufstellen. Auch die Zeichen der Erinnerung, die in den Kantonen beispielsweise durch Errichtung von Denkm\u00e4lern gesetzt werden sollen, werden vom Komitee der Wiedergutmachungsinitiative begr\u00fcsst.<\/p>\n<p>F\u00fcr die Initianten der Wiedergutmachungsinitiative ist jedoch klar: Abschliessend kann der Gegenvorschlag und das weitere Vorgehen noch nicht beurteilt werden. Erst muss das Parlament zeigen, dass es dem Bundesrat folgt, die Aufarbeitung vorantreibt und den Schwerstbetroffenen die notwendigen finanziellen Leistungen zukommen l\u00e4sst. Die Wiedergutmachungsinitiative, die eine grosse Unterst\u00fctzung in der Bev\u00f6lkerung erlebt, bleibt f\u00fcr eine umfassende Aufarbeitung zentral.<\/p>\n<p><strong>Das erlittene Unrecht ist gross<\/strong>.<\/p>\n<p>In der Schweiz leben Zehntausende Opfer von f\u00fcrsorgerischen Zwangsmassnahmen und Fremdplatzierungen. Aufgrund dieses dunklen Kapitels der Schweizer Geschichte haben Verdingkinder und Heimkinder schwerstes Unrecht, Misshandlungen und Missbrauch erlitten. Bis 1981 wurden Tausende von Personen ohne Gerichtsbeschluss administrativ versorgt. Frauen wurden unter Zwang sterilisiert oder zur Abtreibung gezwungen. Kinder wurden gegen den Willen ihrer M\u00fctter zur Adoption freigegeben oder in Waisenh\u00e4usern und Kinderheimen platziert.<\/p>\n<p>Die Forschung geht davon aus, dass rund 20\u2018000 schwer betroffene Opfer von f\u00fcrsorgerischen Zwangsmassnahmen in der Schweiz noch leben. Aufgrund des massiven Missbrauchs, der Dem\u00fctigung und des teils jahrzehntelangen Stigmas befinden sich viele dieser Personen in psychisch schwierigen und finanziell prek\u00e4ren Verh\u00e4ltnissen und brauchen darum Hilfe.<\/p>\n<p><a href=\"http:\/\/www.pressenza.com\/wp-content\/uploads\/2015\/07\/shutterstock_44003725_k.jpg\"><img loading=\"lazy\" decoding=\"async\" class=\"alignleft size-large wp-image-199673\" src=\"http:\/\/www.pressenza.com\/wp-content\/uploads\/2015\/07\/shutterstock_44003725_k-720x479.jpg\" alt=\"shutterstock_44003725_k\" width=\"720\" height=\"479\" srcset=\"https:\/\/www.pressenza.com\/wp-content\/uploads\/2015\/07\/shutterstock_44003725_k-720x479.jpg 720w, https:\/\/www.pressenza.com\/wp-content\/uploads\/2015\/07\/shutterstock_44003725_k-300x199.jpg 300w\" sizes=\"auto, (max-width: 720px) 100vw, 720px\" \/><\/a><\/p>\n","protected":false},"excerpt":{"rendered":"<p>Der schweizerische Bundesrat hat am 24. Juni die Vernehmlassung zum Bundesgesetz \u00fcber die Aufarbeitung der f\u00fcrsorgerischen Zwangsmassnahmen und Fremdplatzierungen vor 1981 er\u00f6ffnet. Dabei anerkennt der Bundesrat, dass den Opfern schweres Unrecht zugef\u00fcgt worden ist. Er will darum unter anderem einen&hellip;<\/p>\n","protected":false},"author":1089,"featured_media":199667,"comment_status":"closed","ping_status":"open","sticky":false,"template":"","format":"standard","meta":{"footnotes":""},"categories":[9150,9161,11387,9145,9165],"tags":[18365,9935,10176,18364],"class_list":["post-199664","post","type-post","status-publish","format-standard","has-post-thumbnail","hentry","category-europa-de","category-menschenrechte","category-originalinhalt","category-pressemitteilungen","category-vielfalt","tag-fursorgerische-zwangsmassnahmen","tag-good-news","tag-verdingkinder","tag-wiedergutmachungsinitiative"],"yoast_head":"<!-- This site is optimized with the Yoast SEO plugin v27.1.1 - https:\/\/yoast.com\/product\/yoast-seo-wordpress\/ -->\n<title>Grundlegende Forderungen der Wiedergutmachungsinitiative anerkannt<\/title>\n<meta name=\"description\" content=\"Der schweizerische Bundesrat hat am 24. Juni die Vernehmlassung zum Bundesgesetz \u00fcber die Aufarbeitung der f\u00fcrsorgerischen Zwangsmassnahmen und\" \/>\n<meta name=\"robots\" content=\"index, follow, max-snippet:-1, max-image-preview:large, max-video-preview:-1\" \/>\n<link rel=\"canonical\" href=\"https:\/\/www.pressenza.com\/de\/2015\/07\/grundlegende-forderungen-der-wiedergutmachungsinitiative-anerkannt\/\" \/>\n<meta property=\"og:locale\" content=\"de_DE\" \/>\n<meta property=\"og:type\" content=\"article\" \/>\n<meta property=\"og:title\" content=\"Grundlegende Forderungen der Wiedergutmachungsinitiative anerkannt\" \/>\n<meta property=\"og:description\" content=\"Der schweizerische Bundesrat hat am 24. Juni die Vernehmlassung zum Bundesgesetz \u00fcber die Aufarbeitung der f\u00fcrsorgerischen Zwangsmassnahmen und\" \/>\n<meta property=\"og:url\" content=\"https:\/\/www.pressenza.com\/de\/2015\/07\/grundlegende-forderungen-der-wiedergutmachungsinitiative-anerkannt\/\" \/>\n<meta property=\"og:site_name\" content=\"Pressenza\" \/>\n<meta property=\"article:publisher\" content=\"https:\/\/www.facebook.com\/PressenzaItalia\" \/>\n<meta property=\"article:author\" content=\"https:\/\/www.facebook.com\/rthumiger\" \/>\n<meta property=\"article:published_time\" content=\"2015-07-04T18:41:05+00:00\" \/>\n<meta property=\"article:modified_time\" content=\"2015-07-04T18:46:44+00:00\" \/>\n<meta property=\"og:image\" content=\"https:\/\/www.pressenza.com\/wp-content\/uploads\/2015\/07\/widergutmachung.jpg\" \/>\n\t<meta property=\"og:image:width\" content=\"2160\" \/>\n\t<meta property=\"og:image:height\" content=\"525\" \/>\n\t<meta property=\"og:image:type\" content=\"image\/jpeg\" \/>\n<meta name=\"author\" content=\"Reto Thumiger\" \/>\n<meta name=\"twitter:card\" content=\"summary_large_image\" \/>\n<meta name=\"twitter:creator\" content=\"@pressenza_ger\" \/>\n<meta name=\"twitter:site\" content=\"@PressenzaIPA\" \/>\n<meta name=\"twitter:label1\" content=\"Verfasst von\" \/>\n\t<meta name=\"twitter:data1\" content=\"Reto Thumiger\" \/>\n\t<meta name=\"twitter:label2\" content=\"Gesch\u00e4tzte Lesezeit\" \/>\n\t<meta name=\"twitter:data2\" content=\"3\u00a0Minuten\" \/>\n<script type=\"application\/ld+json\" class=\"yoast-schema-graph\">{\"@context\":\"https:\/\/schema.org\",\"@graph\":[{\"@type\":\"Article\",\"@id\":\"https:\/\/www.pressenza.com\/de\/2015\/07\/grundlegende-forderungen-der-wiedergutmachungsinitiative-anerkannt\/#article\",\"isPartOf\":{\"@id\":\"https:\/\/www.pressenza.com\/de\/2015\/07\/grundlegende-forderungen-der-wiedergutmachungsinitiative-anerkannt\/\"},\"author\":{\"name\":\"Reto Thumiger\",\"@id\":\"https:\/\/www.pressenza.com\/de\/#\/schema\/person\/e233667f8b5764bd84b766de5286a5fa\"},\"headline\":\"Grundlegende Forderungen der Wiedergutmachungsinitiative anerkannt\",\"datePublished\":\"2015-07-04T18:41:05+00:00\",\"dateModified\":\"2015-07-04T18:46:44+00:00\",\"mainEntityOfPage\":{\"@id\":\"https:\/\/www.pressenza.com\/de\/2015\/07\/grundlegende-forderungen-der-wiedergutmachungsinitiative-anerkannt\/\"},\"wordCount\":553,\"publisher\":{\"@id\":\"https:\/\/www.pressenza.com\/de\/#organization\"},\"image\":{\"@id\":\"https:\/\/www.pressenza.com\/de\/2015\/07\/grundlegende-forderungen-der-wiedergutmachungsinitiative-anerkannt\/#primaryimage\"},\"thumbnailUrl\":\"https:\/\/www.pressenza.com\/wp-content\/uploads\/2015\/07\/widergutmachung.jpg\",\"keywords\":[\"F\u00fcrsorgerische Zwangsmassnahmen\",\"Good News\",\"verdingkinder\",\"Wiedergutmachungsinitiative\"],\"articleSection\":[\"Europa\",\"Menschenrechte\",\"Originalinhalt\",\"Pressemitteilungen\",\"Vielfalt\"],\"inLanguage\":\"de\"},{\"@type\":\"WebPage\",\"@id\":\"https:\/\/www.pressenza.com\/de\/2015\/07\/grundlegende-forderungen-der-wiedergutmachungsinitiative-anerkannt\/\",\"url\":\"https:\/\/www.pressenza.com\/de\/2015\/07\/grundlegende-forderungen-der-wiedergutmachungsinitiative-anerkannt\/\",\"name\":\"Grundlegende Forderungen der Wiedergutmachungsinitiative anerkannt\",\"isPartOf\":{\"@id\":\"https:\/\/www.pressenza.com\/de\/#website\"},\"primaryImageOfPage\":{\"@id\":\"https:\/\/www.pressenza.com\/de\/2015\/07\/grundlegende-forderungen-der-wiedergutmachungsinitiative-anerkannt\/#primaryimage\"},\"image\":{\"@id\":\"https:\/\/www.pressenza.com\/de\/2015\/07\/grundlegende-forderungen-der-wiedergutmachungsinitiative-anerkannt\/#primaryimage\"},\"thumbnailUrl\":\"https:\/\/www.pressenza.com\/wp-content\/uploads\/2015\/07\/widergutmachung.jpg\",\"datePublished\":\"2015-07-04T18:41:05+00:00\",\"dateModified\":\"2015-07-04T18:46:44+00:00\",\"description\":\"Der schweizerische Bundesrat hat am 24. Juni die Vernehmlassung zum Bundesgesetz \u00fcber die Aufarbeitung der f\u00fcrsorgerischen Zwangsmassnahmen und\",\"breadcrumb\":{\"@id\":\"https:\/\/www.pressenza.com\/de\/2015\/07\/grundlegende-forderungen-der-wiedergutmachungsinitiative-anerkannt\/#breadcrumb\"},\"inLanguage\":\"de\",\"potentialAction\":[{\"@type\":\"ReadAction\",\"target\":[\"https:\/\/www.pressenza.com\/de\/2015\/07\/grundlegende-forderungen-der-wiedergutmachungsinitiative-anerkannt\/\"]}]},{\"@type\":\"ImageObject\",\"inLanguage\":\"de\",\"@id\":\"https:\/\/www.pressenza.com\/de\/2015\/07\/grundlegende-forderungen-der-wiedergutmachungsinitiative-anerkannt\/#primaryimage\",\"url\":\"https:\/\/www.pressenza.com\/wp-content\/uploads\/2015\/07\/widergutmachung.jpg\",\"contentUrl\":\"https:\/\/www.pressenza.com\/wp-content\/uploads\/2015\/07\/widergutmachung.jpg\",\"width\":2160,\"height\":525},{\"@type\":\"BreadcrumbList\",\"@id\":\"https:\/\/www.pressenza.com\/de\/2015\/07\/grundlegende-forderungen-der-wiedergutmachungsinitiative-anerkannt\/#breadcrumb\",\"itemListElement\":[{\"@type\":\"ListItem\",\"position\":1,\"name\":\"Accueil\",\"item\":\"https:\/\/www.pressenza.com\/de\/\"},{\"@type\":\"ListItem\",\"position\":2,\"name\":\"Grundlegende Forderungen der Wiedergutmachungsinitiative anerkannt\"}]},{\"@type\":\"WebSite\",\"@id\":\"https:\/\/www.pressenza.com\/de\/#website\",\"url\":\"https:\/\/www.pressenza.com\/de\/\",\"name\":\"Pressenza\",\"description\":\"International Press Agency\",\"publisher\":{\"@id\":\"https:\/\/www.pressenza.com\/de\/#organization\"},\"potentialAction\":[{\"@type\":\"SearchAction\",\"target\":{\"@type\":\"EntryPoint\",\"urlTemplate\":\"https:\/\/www.pressenza.com\/de\/?s={search_term_string}\"},\"query-input\":{\"@type\":\"PropertyValueSpecification\",\"valueRequired\":true,\"valueName\":\"search_term_string\"}}],\"inLanguage\":\"de\"},{\"@type\":\"Organization\",\"@id\":\"https:\/\/www.pressenza.com\/de\/#organization\",\"name\":\"Pressenza\",\"url\":\"https:\/\/www.pressenza.com\/de\/\",\"logo\":{\"@type\":\"ImageObject\",\"inLanguage\":\"de\",\"@id\":\"https:\/\/www.pressenza.com\/de\/#\/schema\/logo\/image\/\",\"url\":\"https:\/\/www.pressenza.com\/wp-content\/uploads\/2022\/10\/pressenza_logo_200x200.jpg\",\"contentUrl\":\"https:\/\/www.pressenza.com\/wp-content\/uploads\/2022\/10\/pressenza_logo_200x200.jpg\",\"width\":200,\"height\":200,\"caption\":\"Pressenza\"},\"image\":{\"@id\":\"https:\/\/www.pressenza.com\/de\/#\/schema\/logo\/image\/\"},\"sameAs\":[\"https:\/\/www.facebook.com\/PressenzaItalia\",\"https:\/\/x.com\/PressenzaIPA\"]},{\"@type\":\"Person\",\"@id\":\"https:\/\/www.pressenza.com\/de\/#\/schema\/person\/e233667f8b5764bd84b766de5286a5fa\",\"name\":\"Reto Thumiger\",\"description\":\"The Swiss-born business administrator has been an activist for the New Humanism for over 25 years. He is committed to the promotion of cultural diversity, equal rights and the creation of equal opportunities for all people. He is committed to an internal and external revolution based on active non-violence. Through his voluntary work at Pressenza, he endeavours to contribute to overcoming violence through journalism that focuses on peace and non-violence.\",\"sameAs\":[\"http:\/\/www.pressenza.com\/de\",\"https:\/\/www.facebook.com\/rthumiger\",\"https:\/\/x.com\/pressenza_ger\"],\"url\":\"https:\/\/www.pressenza.com\/de\/author\/reto-thumiger\/\"}]}<\/script>\n<!-- \/ Yoast SEO plugin. -->","yoast_head_json":{"title":"Grundlegende Forderungen der Wiedergutmachungsinitiative anerkannt","description":"Der schweizerische Bundesrat hat am 24. Juni die Vernehmlassung zum Bundesgesetz \u00fcber die Aufarbeitung der f\u00fcrsorgerischen Zwangsmassnahmen und","robots":{"index":"index","follow":"follow","max-snippet":"max-snippet:-1","max-image-preview":"max-image-preview:large","max-video-preview":"max-video-preview:-1"},"canonical":"https:\/\/www.pressenza.com\/de\/2015\/07\/grundlegende-forderungen-der-wiedergutmachungsinitiative-anerkannt\/","og_locale":"de_DE","og_type":"article","og_title":"Grundlegende Forderungen der Wiedergutmachungsinitiative anerkannt","og_description":"Der schweizerische Bundesrat hat am 24. Juni die Vernehmlassung zum Bundesgesetz \u00fcber die Aufarbeitung der f\u00fcrsorgerischen Zwangsmassnahmen und","og_url":"https:\/\/www.pressenza.com\/de\/2015\/07\/grundlegende-forderungen-der-wiedergutmachungsinitiative-anerkannt\/","og_site_name":"Pressenza","article_publisher":"https:\/\/www.facebook.com\/PressenzaItalia","article_author":"https:\/\/www.facebook.com\/rthumiger","article_published_time":"2015-07-04T18:41:05+00:00","article_modified_time":"2015-07-04T18:46:44+00:00","og_image":[{"width":2160,"height":525,"url":"https:\/\/www.pressenza.com\/wp-content\/uploads\/2015\/07\/widergutmachung.jpg","type":"image\/jpeg"}],"author":"Reto Thumiger","twitter_card":"summary_large_image","twitter_creator":"@pressenza_ger","twitter_site":"@PressenzaIPA","twitter_misc":{"Verfasst von":"Reto Thumiger","Gesch\u00e4tzte Lesezeit":"3\u00a0Minuten"},"schema":{"@context":"https:\/\/schema.org","@graph":[{"@type":"Article","@id":"https:\/\/www.pressenza.com\/de\/2015\/07\/grundlegende-forderungen-der-wiedergutmachungsinitiative-anerkannt\/#article","isPartOf":{"@id":"https:\/\/www.pressenza.com\/de\/2015\/07\/grundlegende-forderungen-der-wiedergutmachungsinitiative-anerkannt\/"},"author":{"name":"Reto Thumiger","@id":"https:\/\/www.pressenza.com\/de\/#\/schema\/person\/e233667f8b5764bd84b766de5286a5fa"},"headline":"Grundlegende Forderungen der Wiedergutmachungsinitiative anerkannt","datePublished":"2015-07-04T18:41:05+00:00","dateModified":"2015-07-04T18:46:44+00:00","mainEntityOfPage":{"@id":"https:\/\/www.pressenza.com\/de\/2015\/07\/grundlegende-forderungen-der-wiedergutmachungsinitiative-anerkannt\/"},"wordCount":553,"publisher":{"@id":"https:\/\/www.pressenza.com\/de\/#organization"},"image":{"@id":"https:\/\/www.pressenza.com\/de\/2015\/07\/grundlegende-forderungen-der-wiedergutmachungsinitiative-anerkannt\/#primaryimage"},"thumbnailUrl":"https:\/\/www.pressenza.com\/wp-content\/uploads\/2015\/07\/widergutmachung.jpg","keywords":["F\u00fcrsorgerische Zwangsmassnahmen","Good News","verdingkinder","Wiedergutmachungsinitiative"],"articleSection":["Europa","Menschenrechte","Originalinhalt","Pressemitteilungen","Vielfalt"],"inLanguage":"de"},{"@type":"WebPage","@id":"https:\/\/www.pressenza.com\/de\/2015\/07\/grundlegende-forderungen-der-wiedergutmachungsinitiative-anerkannt\/","url":"https:\/\/www.pressenza.com\/de\/2015\/07\/grundlegende-forderungen-der-wiedergutmachungsinitiative-anerkannt\/","name":"Grundlegende Forderungen der Wiedergutmachungsinitiative anerkannt","isPartOf":{"@id":"https:\/\/www.pressenza.com\/de\/#website"},"primaryImageOfPage":{"@id":"https:\/\/www.pressenza.com\/de\/2015\/07\/grundlegende-forderungen-der-wiedergutmachungsinitiative-anerkannt\/#primaryimage"},"image":{"@id":"https:\/\/www.pressenza.com\/de\/2015\/07\/grundlegende-forderungen-der-wiedergutmachungsinitiative-anerkannt\/#primaryimage"},"thumbnailUrl":"https:\/\/www.pressenza.com\/wp-content\/uploads\/2015\/07\/widergutmachung.jpg","datePublished":"2015-07-04T18:41:05+00:00","dateModified":"2015-07-04T18:46:44+00:00","description":"Der schweizerische Bundesrat hat am 24. Juni die Vernehmlassung zum Bundesgesetz \u00fcber die Aufarbeitung der f\u00fcrsorgerischen Zwangsmassnahmen und","breadcrumb":{"@id":"https:\/\/www.pressenza.com\/de\/2015\/07\/grundlegende-forderungen-der-wiedergutmachungsinitiative-anerkannt\/#breadcrumb"},"inLanguage":"de","potentialAction":[{"@type":"ReadAction","target":["https:\/\/www.pressenza.com\/de\/2015\/07\/grundlegende-forderungen-der-wiedergutmachungsinitiative-anerkannt\/"]}]},{"@type":"ImageObject","inLanguage":"de","@id":"https:\/\/www.pressenza.com\/de\/2015\/07\/grundlegende-forderungen-der-wiedergutmachungsinitiative-anerkannt\/#primaryimage","url":"https:\/\/www.pressenza.com\/wp-content\/uploads\/2015\/07\/widergutmachung.jpg","contentUrl":"https:\/\/www.pressenza.com\/wp-content\/uploads\/2015\/07\/widergutmachung.jpg","width":2160,"height":525},{"@type":"BreadcrumbList","@id":"https:\/\/www.pressenza.com\/de\/2015\/07\/grundlegende-forderungen-der-wiedergutmachungsinitiative-anerkannt\/#breadcrumb","itemListElement":[{"@type":"ListItem","position":1,"name":"Accueil","item":"https:\/\/www.pressenza.com\/de\/"},{"@type":"ListItem","position":2,"name":"Grundlegende Forderungen der Wiedergutmachungsinitiative anerkannt"}]},{"@type":"WebSite","@id":"https:\/\/www.pressenza.com\/de\/#website","url":"https:\/\/www.pressenza.com\/de\/","name":"Pressenza","description":"International Press Agency","publisher":{"@id":"https:\/\/www.pressenza.com\/de\/#organization"},"potentialAction":[{"@type":"SearchAction","target":{"@type":"EntryPoint","urlTemplate":"https:\/\/www.pressenza.com\/de\/?s={search_term_string}"},"query-input":{"@type":"PropertyValueSpecification","valueRequired":true,"valueName":"search_term_string"}}],"inLanguage":"de"},{"@type":"Organization","@id":"https:\/\/www.pressenza.com\/de\/#organization","name":"Pressenza","url":"https:\/\/www.pressenza.com\/de\/","logo":{"@type":"ImageObject","inLanguage":"de","@id":"https:\/\/www.pressenza.com\/de\/#\/schema\/logo\/image\/","url":"https:\/\/www.pressenza.com\/wp-content\/uploads\/2022\/10\/pressenza_logo_200x200.jpg","contentUrl":"https:\/\/www.pressenza.com\/wp-content\/uploads\/2022\/10\/pressenza_logo_200x200.jpg","width":200,"height":200,"caption":"Pressenza"},"image":{"@id":"https:\/\/www.pressenza.com\/de\/#\/schema\/logo\/image\/"},"sameAs":["https:\/\/www.facebook.com\/PressenzaItalia","https:\/\/x.com\/PressenzaIPA"]},{"@type":"Person","@id":"https:\/\/www.pressenza.com\/de\/#\/schema\/person\/e233667f8b5764bd84b766de5286a5fa","name":"Reto Thumiger","description":"The Swiss-born business administrator has been an activist for the New Humanism for over 25 years. He is committed to the promotion of cultural diversity, equal rights and the creation of equal opportunities for all people. He is committed to an internal and external revolution based on active non-violence. Through his voluntary work at Pressenza, he endeavours to contribute to overcoming violence through journalism that focuses on peace and non-violence.","sameAs":["http:\/\/www.pressenza.com\/de","https:\/\/www.facebook.com\/rthumiger","https:\/\/x.com\/pressenza_ger"],"url":"https:\/\/www.pressenza.com\/de\/author\/reto-thumiger\/"}]}},"place":"","original_article_url":"","_links":{"self":[{"href":"https:\/\/www.pressenza.com\/de\/wp-json\/wp\/v2\/posts\/199664","targetHints":{"allow":["GET"]}}],"collection":[{"href":"https:\/\/www.pressenza.com\/de\/wp-json\/wp\/v2\/posts"}],"about":[{"href":"https:\/\/www.pressenza.com\/de\/wp-json\/wp\/v2\/types\/post"}],"author":[{"embeddable":true,"href":"https:\/\/www.pressenza.com\/de\/wp-json\/wp\/v2\/users\/1089"}],"replies":[{"embeddable":true,"href":"https:\/\/www.pressenza.com\/de\/wp-json\/wp\/v2\/comments?post=199664"}],"version-history":[{"count":0,"href":"https:\/\/www.pressenza.com\/de\/wp-json\/wp\/v2\/posts\/199664\/revisions"}],"wp:featuredmedia":[{"embeddable":true,"href":"https:\/\/www.pressenza.com\/de\/wp-json\/wp\/v2\/media\/199667"}],"wp:attachment":[{"href":"https:\/\/www.pressenza.com\/de\/wp-json\/wp\/v2\/media?parent=199664"}],"wp:term":[{"taxonomy":"category","embeddable":true,"href":"https:\/\/www.pressenza.com\/de\/wp-json\/wp\/v2\/categories?post=199664"},{"taxonomy":"post_tag","embeddable":true,"href":"https:\/\/www.pressenza.com\/de\/wp-json\/wp\/v2\/tags?post=199664"}],"curies":[{"name":"wp","href":"https:\/\/api.w.org\/{rel}","templated":true}]}}