{"id":194192,"date":"2015-06-16T15:37:35","date_gmt":"2015-06-16T14:37:35","guid":{"rendered":"http:\/\/www.pressenza.com\/?p=194192"},"modified":"2015-06-17T22:35:03","modified_gmt":"2015-06-17T21:35:03","slug":"zum-ursprung-des-konflikts","status":"publish","type":"post","link":"https:\/\/www.pressenza.com\/de\/2015\/06\/zum-ursprung-des-konflikts\/","title":{"rendered":"Zum Ursprung des Konflikts"},"content":{"rendered":"<p>Alan Hart, Zionismus, der wahre Feinde der Juden, Der falsche Messiah. Melzer Verlag 2012.<\/p>\n<p>Das Werk von Hart kann man als ein monumentales Werk der Gegeninformation \u00fcber den israelisch-pal\u00e4stinensischen Konflikt bezeichnen. Es handelt sich hierbei um eine Trilogie mit dem Titel Zionismus, der wahre Feind der Juden. Der Verfasser ist der englische Autor und unabh\u00e4ngige Journalist Alan Hart.<\/p>\n<p>Hart ist nicht irgendein Journalist oder Autor: er ist ein alter Freund von Golda Meir, der Autor einer Biografie von Arafat und \u00fcber Jahre Nahost-Korrespondent. Hart hat den Gro\u00dfteil der Akteure des Konflikts pers\u00f6nlich kennengelernt und hat auch die historischen, politischen, sozialen und kulturellen Aspekte desselben aufmerksam analysiert.<\/p>\n<p>Der erste Teil der Trilogie behandelt die Themen der israelischen Besiedlung Pal\u00e4stinas, indem er von zahlreichen Vorgeschichten ausgeht, die manchmal bis zum ersten Weltkrieg zur\u00fcckgehen und die englischen Entscheidungen vor und nach denen der Organisation der Vereinten Nationen, die in jenen Jahren den V\u00f6lkerbund ersetzte, der vom Krieg weggefegt worden war, durchleuchten. Die Vereinten Nationen hatten gerade zu Beginn ihrer T\u00e4tigkeit Aufgaben zu bew\u00e4ltigen, die ihre Kompetenzen \u00fcberstiegen.<\/p>\n<p>Auch wenn man aus dem Titel vielleicht ableiten k\u00f6nnte, dass der Autor \u201ePartei ergreift\u201c, besteht die lobenswerte Bem\u00fchung von Hart gerade darin, dass er historische Fakten pr\u00e4sentiert und die Schachz\u00fcge rekonstruiert, die einer m\u00e4chtigen Lobby wie der zionistischen die Gelegenheit geboten haben, ihren Plan umzusetzen; er zeigt auf, wie sich diese Lobby auf terroristische Aktionen gest\u00fctzt hat, die mit dem Blutvergie\u00dfen begonnen und dann eine Situation geschaffen haben, in der alle Gruppen auf die Gewalt zur\u00fcckgreifen.<\/p>\n<p>Aber in den \u00dcberlegungen von Hart finden sich auch die Versuche ehrlicher Zionisten, die nach einem Zusammenleben mit den Arabern trachten. Er beschreibt auch die auf allen Fronten unter Spannung stehenden politischen Bem\u00fchungen, die bis heute auf verschiedene Art versuchen, den Konflikt zu l\u00f6sen.<\/p>\n<p>Die Grundthese, die sich in zahlreichen Werken dieser Art wiederfindet und die von verschiedenen Standpunkten ausgeht, um das Thema zu durchleuchten, besteht darin, dass der Zionismus eine Ideologie ist, die den j\u00fcdischen Werten vollkommen widerspricht. Der Zionismus ist auch einer der Hauptgr\u00fcnde, wof\u00fcr der Konflikt in Pal\u00e4stina immer wieder neu gesch\u00fcrt wird. Es handelt sich um eine Ideologie, die auf der Diskriminierung aufbaut. Sie hat einen vollkommen laizistischen Ursprung, nutzt aber die Religion, um ihre Gewalt zu rechtfertigen.<\/p>\n<p>Hart bietet uns ein komplexes und artikuliertes Bild, das er genauestens recherchiert und mit umfangreichem Material belegt. Fakten werden in Zusammenhang gebracht. Die historischen Fakten, die zu einem der brutalsten und un\u00fcberwindbaren Konflikte der zeitgen\u00f6ssischen Menschheitsgeschichte gef\u00fchrt haben, werden genau beschrieben.<\/p>\n","protected":false},"excerpt":{"rendered":"<p>Alan Hart, Zionismus, der wahre Feinde der Juden, Der falsche Messiah. Melzer Verlag 2012. Das Werk von Hart kann man als ein monumentales Werk der Gegeninformation \u00fcber den israelisch-pal\u00e4stinensischen Konflikt bezeichnen. Es handelt sich hierbei um eine Trilogie mit dem&hellip;<\/p>\n","protected":false},"author":10,"featured_media":194520,"comment_status":"closed","ping_status":"open","sticky":false,"template":"","format":"standard","meta":{"footnotes":""},"categories":[9156,9151],"tags":[18011,9799,11641,11458,17725],"class_list":["post-194192","post","type-post","status-publish","format-standard","has-post-thumbnail","hentry","category-kultur-und-medien","category-mittlerer-osten","tag-alan-hart","tag-israel-de","tag-nahostkonflikt","tag-palastina","tag-zionismus"],"yoast_head":"<!-- This site is optimized with the Yoast SEO plugin v27.1.1 - https:\/\/yoast.com\/product\/yoast-seo-wordpress\/ -->\n<title>Zum Ursprung des Konflikts<\/title>\n<meta name=\"description\" content=\"Alan Hart, Zionismus, der wahre Feinde der Juden, Der falsche Messiah. Melzer Verlag 2012. Das Werk von Hart kann man als ein monumentales Werk der\" \/>\n<meta name=\"robots\" content=\"index, follow, max-snippet:-1, max-image-preview:large, max-video-preview:-1\" \/>\n<link rel=\"canonical\" href=\"https:\/\/www.pressenza.com\/de\/2015\/06\/zum-ursprung-des-konflikts\/\" \/>\n<meta property=\"og:locale\" content=\"de_DE\" \/>\n<meta property=\"og:type\" content=\"article\" \/>\n<meta property=\"og:title\" content=\"Zum Ursprung des Konflikts\" \/>\n<meta property=\"og:description\" content=\"Alan Hart, Zionismus, der wahre Feinde der Juden, Der falsche Messiah. Melzer Verlag 2012. Das Werk von Hart kann man als ein monumentales Werk der\" \/>\n<meta property=\"og:url\" content=\"https:\/\/www.pressenza.com\/de\/2015\/06\/zum-ursprung-des-konflikts\/\" \/>\n<meta property=\"og:site_name\" content=\"Pressenza\" \/>\n<meta property=\"article:publisher\" content=\"https:\/\/www.facebook.com\/PressenzaItalia\" \/>\n<meta property=\"article:published_time\" content=\"2015-06-16T14:37:35+00:00\" \/>\n<meta property=\"article:modified_time\" content=\"2015-06-17T21:35:03+00:00\" \/>\n<meta property=\"og:image\" content=\"https:\/\/www.pressenza.com\/wp-content\/uploads\/2015\/06\/Alan-Hart1.jpg\" \/>\n\t<meta property=\"og:image:width\" content=\"1200\" \/>\n\t<meta property=\"og:image:height\" content=\"675\" \/>\n\t<meta property=\"og:image:type\" content=\"image\/jpeg\" \/>\n<meta name=\"author\" content=\"Olivier Turquet\" \/>\n<meta name=\"twitter:card\" content=\"summary_large_image\" \/>\n<meta name=\"twitter:creator\" content=\"@PressenzaIPA\" \/>\n<meta name=\"twitter:site\" content=\"@PressenzaIPA\" \/>\n<meta name=\"twitter:label1\" content=\"Verfasst von\" \/>\n\t<meta name=\"twitter:data1\" content=\"Olivier Turquet\" \/>\n\t<meta name=\"twitter:label2\" content=\"Gesch\u00e4tzte Lesezeit\" \/>\n\t<meta name=\"twitter:data2\" content=\"2\u00a0Minuten\" \/>\n<script type=\"application\/ld+json\" class=\"yoast-schema-graph\">{\"@context\":\"https:\/\/schema.org\",\"@graph\":[{\"@type\":\"Article\",\"@id\":\"https:\/\/www.pressenza.com\/de\/2015\/06\/zum-ursprung-des-konflikts\/#article\",\"isPartOf\":{\"@id\":\"https:\/\/www.pressenza.com\/de\/2015\/06\/zum-ursprung-des-konflikts\/\"},\"author\":{\"name\":\"Olivier Turquet\",\"@id\":\"https:\/\/www.pressenza.com\/de\/#\/schema\/person\/636f8feb51f63f34e7378d5fcdd1de53\"},\"headline\":\"Zum Ursprung des Konflikts\",\"datePublished\":\"2015-06-16T14:37:35+00:00\",\"dateModified\":\"2015-06-17T21:35:03+00:00\",\"mainEntityOfPage\":{\"@id\":\"https:\/\/www.pressenza.com\/de\/2015\/06\/zum-ursprung-des-konflikts\/\"},\"wordCount\":443,\"publisher\":{\"@id\":\"https:\/\/www.pressenza.com\/de\/#organization\"},\"image\":{\"@id\":\"https:\/\/www.pressenza.com\/de\/2015\/06\/zum-ursprung-des-konflikts\/#primaryimage\"},\"thumbnailUrl\":\"https:\/\/www.pressenza.com\/wp-content\/uploads\/2015\/06\/Alan-Hart1.jpg\",\"keywords\":[\"Alan Hart\",\"Israel\",\"Nahostkonflikt\",\"Pal\u00e4stina\",\"Zionismus\"],\"articleSection\":[\"Kultur und Medien\",\"Mittlerer Osten\"],\"inLanguage\":\"de\"},{\"@type\":\"WebPage\",\"@id\":\"https:\/\/www.pressenza.com\/de\/2015\/06\/zum-ursprung-des-konflikts\/\",\"url\":\"https:\/\/www.pressenza.com\/de\/2015\/06\/zum-ursprung-des-konflikts\/\",\"name\":\"Zum Ursprung des Konflikts\",\"isPartOf\":{\"@id\":\"https:\/\/www.pressenza.com\/de\/#website\"},\"primaryImageOfPage\":{\"@id\":\"https:\/\/www.pressenza.com\/de\/2015\/06\/zum-ursprung-des-konflikts\/#primaryimage\"},\"image\":{\"@id\":\"https:\/\/www.pressenza.com\/de\/2015\/06\/zum-ursprung-des-konflikts\/#primaryimage\"},\"thumbnailUrl\":\"https:\/\/www.pressenza.com\/wp-content\/uploads\/2015\/06\/Alan-Hart1.jpg\",\"datePublished\":\"2015-06-16T14:37:35+00:00\",\"dateModified\":\"2015-06-17T21:35:03+00:00\",\"description\":\"Alan Hart, Zionismus, der wahre Feinde der Juden, Der falsche Messiah. Melzer Verlag 2012. Das Werk von Hart kann man als ein monumentales Werk der\",\"breadcrumb\":{\"@id\":\"https:\/\/www.pressenza.com\/de\/2015\/06\/zum-ursprung-des-konflikts\/#breadcrumb\"},\"inLanguage\":\"de\",\"potentialAction\":[{\"@type\":\"ReadAction\",\"target\":[\"https:\/\/www.pressenza.com\/de\/2015\/06\/zum-ursprung-des-konflikts\/\"]}]},{\"@type\":\"ImageObject\",\"inLanguage\":\"de\",\"@id\":\"https:\/\/www.pressenza.com\/de\/2015\/06\/zum-ursprung-des-konflikts\/#primaryimage\",\"url\":\"https:\/\/www.pressenza.com\/wp-content\/uploads\/2015\/06\/Alan-Hart1.jpg\",\"contentUrl\":\"https:\/\/www.pressenza.com\/wp-content\/uploads\/2015\/06\/Alan-Hart1.jpg\",\"width\":1200,\"height\":675},{\"@type\":\"BreadcrumbList\",\"@id\":\"https:\/\/www.pressenza.com\/de\/2015\/06\/zum-ursprung-des-konflikts\/#breadcrumb\",\"itemListElement\":[{\"@type\":\"ListItem\",\"position\":1,\"name\":\"Accueil\",\"item\":\"https:\/\/www.pressenza.com\/de\/\"},{\"@type\":\"ListItem\",\"position\":2,\"name\":\"Zum Ursprung des Konflikts\"}]},{\"@type\":\"WebSite\",\"@id\":\"https:\/\/www.pressenza.com\/de\/#website\",\"url\":\"https:\/\/www.pressenza.com\/de\/\",\"name\":\"Pressenza\",\"description\":\"International Press Agency\",\"publisher\":{\"@id\":\"https:\/\/www.pressenza.com\/de\/#organization\"},\"potentialAction\":[{\"@type\":\"SearchAction\",\"target\":{\"@type\":\"EntryPoint\",\"urlTemplate\":\"https:\/\/www.pressenza.com\/de\/?s={search_term_string}\"},\"query-input\":{\"@type\":\"PropertyValueSpecification\",\"valueRequired\":true,\"valueName\":\"search_term_string\"}}],\"inLanguage\":\"de\"},{\"@type\":\"Organization\",\"@id\":\"https:\/\/www.pressenza.com\/de\/#organization\",\"name\":\"Pressenza\",\"url\":\"https:\/\/www.pressenza.com\/de\/\",\"logo\":{\"@type\":\"ImageObject\",\"inLanguage\":\"de\",\"@id\":\"https:\/\/www.pressenza.com\/de\/#\/schema\/logo\/image\/\",\"url\":\"https:\/\/www.pressenza.com\/wp-content\/uploads\/2022\/10\/pressenza_logo_200x200.jpg\",\"contentUrl\":\"https:\/\/www.pressenza.com\/wp-content\/uploads\/2022\/10\/pressenza_logo_200x200.jpg\",\"width\":200,\"height\":200,\"caption\":\"Pressenza\"},\"image\":{\"@id\":\"https:\/\/www.pressenza.com\/de\/#\/schema\/logo\/image\/\"},\"sameAs\":[\"https:\/\/www.facebook.com\/PressenzaItalia\",\"https:\/\/x.com\/PressenzaIPA\"]},{\"@type\":\"Person\",\"@id\":\"https:\/\/www.pressenza.com\/de\/#\/schema\/person\/636f8feb51f63f34e7378d5fcdd1de53\",\"name\":\"Olivier Turquet\",\"description\":\"Takes care of writing to tell the reality for about 40 years. He has worked with paper publications, radio and electronic He founded the electronic news agency humanist Good News. He was press secretary to various events such as: the International Humanist, Florence Play, the World March for Peace and Nonviolence. Currently coordinates the Italian team of Pressenza. olivierturquet.wordpress.com\",\"sameAs\":[\"http:\/\/olivierturquet.wordpress.com\"],\"url\":\"https:\/\/www.pressenza.com\/de\/author\/olivier-turquet\/\"}]}<\/script>\n<!-- \/ Yoast SEO plugin. -->","yoast_head_json":{"title":"Zum Ursprung des Konflikts","description":"Alan Hart, Zionismus, der wahre Feinde der Juden, Der falsche Messiah. Melzer Verlag 2012. Das Werk von Hart kann man als ein monumentales Werk der","robots":{"index":"index","follow":"follow","max-snippet":"max-snippet:-1","max-image-preview":"max-image-preview:large","max-video-preview":"max-video-preview:-1"},"canonical":"https:\/\/www.pressenza.com\/de\/2015\/06\/zum-ursprung-des-konflikts\/","og_locale":"de_DE","og_type":"article","og_title":"Zum Ursprung des Konflikts","og_description":"Alan Hart, Zionismus, der wahre Feinde der Juden, Der falsche Messiah. Melzer Verlag 2012. Das Werk von Hart kann man als ein monumentales Werk der","og_url":"https:\/\/www.pressenza.com\/de\/2015\/06\/zum-ursprung-des-konflikts\/","og_site_name":"Pressenza","article_publisher":"https:\/\/www.facebook.com\/PressenzaItalia","article_published_time":"2015-06-16T14:37:35+00:00","article_modified_time":"2015-06-17T21:35:03+00:00","og_image":[{"width":1200,"height":675,"url":"https:\/\/www.pressenza.com\/wp-content\/uploads\/2015\/06\/Alan-Hart1.jpg","type":"image\/jpeg"}],"author":"Olivier Turquet","twitter_card":"summary_large_image","twitter_creator":"@PressenzaIPA","twitter_site":"@PressenzaIPA","twitter_misc":{"Verfasst von":"Olivier Turquet","Gesch\u00e4tzte Lesezeit":"2\u00a0Minuten"},"schema":{"@context":"https:\/\/schema.org","@graph":[{"@type":"Article","@id":"https:\/\/www.pressenza.com\/de\/2015\/06\/zum-ursprung-des-konflikts\/#article","isPartOf":{"@id":"https:\/\/www.pressenza.com\/de\/2015\/06\/zum-ursprung-des-konflikts\/"},"author":{"name":"Olivier Turquet","@id":"https:\/\/www.pressenza.com\/de\/#\/schema\/person\/636f8feb51f63f34e7378d5fcdd1de53"},"headline":"Zum Ursprung des Konflikts","datePublished":"2015-06-16T14:37:35+00:00","dateModified":"2015-06-17T21:35:03+00:00","mainEntityOfPage":{"@id":"https:\/\/www.pressenza.com\/de\/2015\/06\/zum-ursprung-des-konflikts\/"},"wordCount":443,"publisher":{"@id":"https:\/\/www.pressenza.com\/de\/#organization"},"image":{"@id":"https:\/\/www.pressenza.com\/de\/2015\/06\/zum-ursprung-des-konflikts\/#primaryimage"},"thumbnailUrl":"https:\/\/www.pressenza.com\/wp-content\/uploads\/2015\/06\/Alan-Hart1.jpg","keywords":["Alan Hart","Israel","Nahostkonflikt","Pal\u00e4stina","Zionismus"],"articleSection":["Kultur und Medien","Mittlerer Osten"],"inLanguage":"de"},{"@type":"WebPage","@id":"https:\/\/www.pressenza.com\/de\/2015\/06\/zum-ursprung-des-konflikts\/","url":"https:\/\/www.pressenza.com\/de\/2015\/06\/zum-ursprung-des-konflikts\/","name":"Zum Ursprung des Konflikts","isPartOf":{"@id":"https:\/\/www.pressenza.com\/de\/#website"},"primaryImageOfPage":{"@id":"https:\/\/www.pressenza.com\/de\/2015\/06\/zum-ursprung-des-konflikts\/#primaryimage"},"image":{"@id":"https:\/\/www.pressenza.com\/de\/2015\/06\/zum-ursprung-des-konflikts\/#primaryimage"},"thumbnailUrl":"https:\/\/www.pressenza.com\/wp-content\/uploads\/2015\/06\/Alan-Hart1.jpg","datePublished":"2015-06-16T14:37:35+00:00","dateModified":"2015-06-17T21:35:03+00:00","description":"Alan Hart, Zionismus, der wahre Feinde der Juden, Der falsche Messiah. Melzer Verlag 2012. Das Werk von Hart kann man als ein monumentales Werk der","breadcrumb":{"@id":"https:\/\/www.pressenza.com\/de\/2015\/06\/zum-ursprung-des-konflikts\/#breadcrumb"},"inLanguage":"de","potentialAction":[{"@type":"ReadAction","target":["https:\/\/www.pressenza.com\/de\/2015\/06\/zum-ursprung-des-konflikts\/"]}]},{"@type":"ImageObject","inLanguage":"de","@id":"https:\/\/www.pressenza.com\/de\/2015\/06\/zum-ursprung-des-konflikts\/#primaryimage","url":"https:\/\/www.pressenza.com\/wp-content\/uploads\/2015\/06\/Alan-Hart1.jpg","contentUrl":"https:\/\/www.pressenza.com\/wp-content\/uploads\/2015\/06\/Alan-Hart1.jpg","width":1200,"height":675},{"@type":"BreadcrumbList","@id":"https:\/\/www.pressenza.com\/de\/2015\/06\/zum-ursprung-des-konflikts\/#breadcrumb","itemListElement":[{"@type":"ListItem","position":1,"name":"Accueil","item":"https:\/\/www.pressenza.com\/de\/"},{"@type":"ListItem","position":2,"name":"Zum Ursprung des Konflikts"}]},{"@type":"WebSite","@id":"https:\/\/www.pressenza.com\/de\/#website","url":"https:\/\/www.pressenza.com\/de\/","name":"Pressenza","description":"International Press Agency","publisher":{"@id":"https:\/\/www.pressenza.com\/de\/#organization"},"potentialAction":[{"@type":"SearchAction","target":{"@type":"EntryPoint","urlTemplate":"https:\/\/www.pressenza.com\/de\/?s={search_term_string}"},"query-input":{"@type":"PropertyValueSpecification","valueRequired":true,"valueName":"search_term_string"}}],"inLanguage":"de"},{"@type":"Organization","@id":"https:\/\/www.pressenza.com\/de\/#organization","name":"Pressenza","url":"https:\/\/www.pressenza.com\/de\/","logo":{"@type":"ImageObject","inLanguage":"de","@id":"https:\/\/www.pressenza.com\/de\/#\/schema\/logo\/image\/","url":"https:\/\/www.pressenza.com\/wp-content\/uploads\/2022\/10\/pressenza_logo_200x200.jpg","contentUrl":"https:\/\/www.pressenza.com\/wp-content\/uploads\/2022\/10\/pressenza_logo_200x200.jpg","width":200,"height":200,"caption":"Pressenza"},"image":{"@id":"https:\/\/www.pressenza.com\/de\/#\/schema\/logo\/image\/"},"sameAs":["https:\/\/www.facebook.com\/PressenzaItalia","https:\/\/x.com\/PressenzaIPA"]},{"@type":"Person","@id":"https:\/\/www.pressenza.com\/de\/#\/schema\/person\/636f8feb51f63f34e7378d5fcdd1de53","name":"Olivier Turquet","description":"Takes care of writing to tell the reality for about 40 years. He has worked with paper publications, radio and electronic He founded the electronic news agency humanist Good News. He was press secretary to various events such as: the International Humanist, Florence Play, the World March for Peace and Nonviolence. Currently coordinates the Italian team of Pressenza. olivierturquet.wordpress.com","sameAs":["http:\/\/olivierturquet.wordpress.com"],"url":"https:\/\/www.pressenza.com\/de\/author\/olivier-turquet\/"}]}},"place":"","original_article_url":"","_links":{"self":[{"href":"https:\/\/www.pressenza.com\/de\/wp-json\/wp\/v2\/posts\/194192","targetHints":{"allow":["GET"]}}],"collection":[{"href":"https:\/\/www.pressenza.com\/de\/wp-json\/wp\/v2\/posts"}],"about":[{"href":"https:\/\/www.pressenza.com\/de\/wp-json\/wp\/v2\/types\/post"}],"author":[{"embeddable":true,"href":"https:\/\/www.pressenza.com\/de\/wp-json\/wp\/v2\/users\/10"}],"replies":[{"embeddable":true,"href":"https:\/\/www.pressenza.com\/de\/wp-json\/wp\/v2\/comments?post=194192"}],"version-history":[{"count":0,"href":"https:\/\/www.pressenza.com\/de\/wp-json\/wp\/v2\/posts\/194192\/revisions"}],"wp:featuredmedia":[{"embeddable":true,"href":"https:\/\/www.pressenza.com\/de\/wp-json\/wp\/v2\/media\/194520"}],"wp:attachment":[{"href":"https:\/\/www.pressenza.com\/de\/wp-json\/wp\/v2\/media?parent=194192"}],"wp:term":[{"taxonomy":"category","embeddable":true,"href":"https:\/\/www.pressenza.com\/de\/wp-json\/wp\/v2\/categories?post=194192"},{"taxonomy":"post_tag","embeddable":true,"href":"https:\/\/www.pressenza.com\/de\/wp-json\/wp\/v2\/tags?post=194192"}],"curies":[{"name":"wp","href":"https:\/\/api.w.org\/{rel}","templated":true}]}}