{"id":194134,"date":"2015-06-16T10:19:40","date_gmt":"2015-06-16T09:19:40","guid":{"rendered":"http:\/\/www.pressenza.com\/?p=194134"},"modified":"2015-06-16T10:21:07","modified_gmt":"2015-06-16T09:21:07","slug":"putschgeruchte-tausende-empfangen-rafael-correa-in-ecuador","status":"publish","type":"post","link":"https:\/\/www.pressenza.com\/de\/2015\/06\/putschgeruchte-tausende-empfangen-rafael-correa-in-ecuador\/","title":{"rendered":"Putschger\u00fcchte: Tausende empfangen Rafael Correa in Ecuador"},"content":{"rendered":"<p><em>Von <a title=\"Weitere Artikel von Harald Neuber\" href=\"https:\/\/amerika21.de\/autor\/harald-neuber\" rel=\"author\">Harald Neuber <\/a><a href=\"https:\/\/amerika21.de\">amerika21<\/a><\/em><\/p>\n<p><strong>Tausende Regierungsanh\u00e4nger haben den ecuadorianischen Pr\u00e4sidenten Rafael Correa am Montag in der Hauptstadt Quito empfangen, um ihre Unterst\u00fctzung f\u00fcr den Reformprozess der &#8222;B\u00fcrgerrevolution&#8220; zu demonstrieren. Sie reagierten damit auf zunehmende Angriffe der rechtsgerichteten Opposition. Die regierende Partei Alianza Pa\u00eds hatte die B\u00fcrgerinnen und B\u00fcrger zuvor aufgerufen, sich vor dem Pr\u00e4sidentenpalast zu versammeln.<\/strong><\/p>\n<p>Correa war am Sonntag nach einer Europareise nach Ecuador zur\u00fcckgekehrt. Dort hatte er am Gipfeltreffen der Europ\u00e4ischen Union und der Gemeinschaft lateinamerikanischer und karibischer Staaten (Celac) in Br\u00fcssel teilgenommen, um im Anschluss nach Mailand zu reisen. Dort hatte er den ecuadorianischen Expo-Pavillon besucht.<\/p>\n<p>In seiner Abwesenheit mobilisierten sich Gruppen und Parteien der rechtsgerichteten Opposition, um Correas Absetzung zu fordern. Die zum Teil gewaltt\u00e4tigen Proteste begr\u00fcndeten sie mit Gesetzesinitiativen der Regierung, die Steuerreformen bei Erbschaft und Unternehmensgewinnen vorsehen. Von Regierungsseite werden die Mobilisierungen als Versuche zur Destabilisierung des Landes und Vorbereitungen f\u00fcr einen Putsch gewertet.<\/p>\n<p>Bei seiner Rede vor tausenden Anh\u00e4ngern griff Correa seine politischen Gegner am Montag hart an. Die Opposition lege es auf eine Schw\u00e4chung der Regierung an, &#8222;um dann einen Staatsstreich durchzuf\u00fchren&#8220;, sagte er. Er forderte die Opposition auf, Beweise vorzulegen, dass die Reformen die Armen und den Mittelstand treffen. Dies hatten Regierungsgegner zuvor behauptet.<\/p>\n<p><strong><a href=\"https:\/\/amerika21.de\/2015\/06\/123612\/ecuador-correa-putsch\"><em>Weiter lesen<\/em><\/a><\/strong><\/p>\n","protected":false},"excerpt":{"rendered":"<p>Von Harald Neuber amerika21 Tausende Regierungsanh\u00e4nger haben den ecuadorianischen Pr\u00e4sidenten Rafael Correa am Montag in der Hauptstadt Quito empfangen, um ihre Unterst\u00fctzung f\u00fcr den Reformprozess der &#8222;B\u00fcrgerrevolution&#8220; zu demonstrieren. Sie reagierten damit auf zunehmende Angriffe der rechtsgerichteten Opposition. Die regierende&hellip;<\/p>\n","protected":false},"author":1095,"featured_media":194136,"comment_status":"closed","ping_status":"open","sticky":false,"template":"","format":"standard","meta":{"footnotes":""},"categories":[9168,9154],"tags":[10053,18026,11999],"class_list":["post-194134","post","type-post","status-publish","format-standard","has-post-thumbnail","hentry","category-politik","category-suedamerika","tag-ecuador-de","tag-putschgeruchte","tag-rafael-correa-de"],"yoast_head":"<!-- This site is optimized with the Yoast SEO plugin v27.1.1 - https:\/\/yoast.com\/product\/yoast-seo-wordpress\/ -->\n<title>Putschger\u00fcchte: Tausende empfangen Rafael Correa in Ecuador<\/title>\n<meta name=\"description\" content=\"Von Harald Neuber amerika21 Tausende Regierungsanh\u00e4nger haben den ecuadorianischen Pr\u00e4sidenten Rafael Correa am Montag in der Hauptstadt Quito empfangen,\" \/>\n<meta name=\"robots\" content=\"index, follow, max-snippet:-1, max-image-preview:large, max-video-preview:-1\" \/>\n<link rel=\"canonical\" href=\"https:\/\/www.pressenza.com\/de\/2015\/06\/putschgeruchte-tausende-empfangen-rafael-correa-in-ecuador\/\" \/>\n<meta property=\"og:locale\" content=\"de_DE\" \/>\n<meta property=\"og:type\" content=\"article\" \/>\n<meta property=\"og:title\" content=\"Putschger\u00fcchte: Tausende empfangen Rafael Correa in Ecuador\" \/>\n<meta property=\"og:description\" content=\"Von Harald Neuber amerika21 Tausende Regierungsanh\u00e4nger haben den ecuadorianischen Pr\u00e4sidenten Rafael Correa am Montag in der Hauptstadt Quito empfangen,\" \/>\n<meta property=\"og:url\" content=\"https:\/\/www.pressenza.com\/de\/2015\/06\/putschgeruchte-tausende-empfangen-rafael-correa-in-ecuador\/\" \/>\n<meta property=\"og:site_name\" content=\"Pressenza\" \/>\n<meta property=\"article:publisher\" content=\"https:\/\/www.facebook.com\/PressenzaItalia\" \/>\n<meta property=\"article:author\" content=\"https:\/\/www.facebook.com\/Pressenza-Deutschland-sterreich-Schweiz-281675388658060\/timeline\/\" \/>\n<meta property=\"article:published_time\" content=\"2015-06-16T09:19:40+00:00\" \/>\n<meta property=\"article:modified_time\" content=\"2015-06-16T09:21:07+00:00\" \/>\n<meta property=\"og:image\" content=\"https:\/\/www.pressenza.com\/wp-content\/uploads\/2015\/06\/18653435419_26f732fd76_z.jpg\" \/>\n\t<meta property=\"og:image:width\" content=\"640\" \/>\n\t<meta property=\"og:image:height\" content=\"427\" \/>\n\t<meta property=\"og:image:type\" content=\"image\/jpeg\" \/>\n<meta name=\"author\" content=\"Pressenza Berlin\" \/>\n<meta name=\"twitter:card\" content=\"summary_large_image\" \/>\n<meta name=\"twitter:creator\" content=\"@pressenza_ger\" \/>\n<meta name=\"twitter:site\" content=\"@PressenzaIPA\" \/>\n<meta name=\"twitter:label1\" content=\"Verfasst von\" \/>\n\t<meta name=\"twitter:data1\" content=\"Pressenza Berlin\" \/>\n\t<meta name=\"twitter:label2\" content=\"Gesch\u00e4tzte Lesezeit\" \/>\n\t<meta name=\"twitter:data2\" content=\"1\u00a0Minute\" \/>\n<script type=\"application\/ld+json\" class=\"yoast-schema-graph\">{\"@context\":\"https:\/\/schema.org\",\"@graph\":[{\"@type\":\"Article\",\"@id\":\"https:\/\/www.pressenza.com\/de\/2015\/06\/putschgeruchte-tausende-empfangen-rafael-correa-in-ecuador\/#article\",\"isPartOf\":{\"@id\":\"https:\/\/www.pressenza.com\/de\/2015\/06\/putschgeruchte-tausende-empfangen-rafael-correa-in-ecuador\/\"},\"author\":{\"name\":\"Pressenza Berlin\",\"@id\":\"https:\/\/www.pressenza.com\/de\/#\/schema\/person\/57bb5480943a496a7722b0248e4b658a\"},\"headline\":\"Putschger\u00fcchte: Tausende empfangen Rafael Correa in Ecuador\",\"datePublished\":\"2015-06-16T09:19:40+00:00\",\"dateModified\":\"2015-06-16T09:21:07+00:00\",\"mainEntityOfPage\":{\"@id\":\"https:\/\/www.pressenza.com\/de\/2015\/06\/putschgeruchte-tausende-empfangen-rafael-correa-in-ecuador\/\"},\"wordCount\":231,\"publisher\":{\"@id\":\"https:\/\/www.pressenza.com\/de\/#organization\"},\"image\":{\"@id\":\"https:\/\/www.pressenza.com\/de\/2015\/06\/putschgeruchte-tausende-empfangen-rafael-correa-in-ecuador\/#primaryimage\"},\"thumbnailUrl\":\"https:\/\/www.pressenza.com\/wp-content\/uploads\/2015\/06\/18653435419_26f732fd76_z.jpg\",\"keywords\":[\"Ecuador\",\"Putschger\u00fcchte\",\"Rafael Correa\"],\"articleSection\":[\"Politik\",\"S\u00fcdamerika\"],\"inLanguage\":\"de\"},{\"@type\":\"WebPage\",\"@id\":\"https:\/\/www.pressenza.com\/de\/2015\/06\/putschgeruchte-tausende-empfangen-rafael-correa-in-ecuador\/\",\"url\":\"https:\/\/www.pressenza.com\/de\/2015\/06\/putschgeruchte-tausende-empfangen-rafael-correa-in-ecuador\/\",\"name\":\"Putschger\u00fcchte: Tausende empfangen Rafael Correa in Ecuador\",\"isPartOf\":{\"@id\":\"https:\/\/www.pressenza.com\/de\/#website\"},\"primaryImageOfPage\":{\"@id\":\"https:\/\/www.pressenza.com\/de\/2015\/06\/putschgeruchte-tausende-empfangen-rafael-correa-in-ecuador\/#primaryimage\"},\"image\":{\"@id\":\"https:\/\/www.pressenza.com\/de\/2015\/06\/putschgeruchte-tausende-empfangen-rafael-correa-in-ecuador\/#primaryimage\"},\"thumbnailUrl\":\"https:\/\/www.pressenza.com\/wp-content\/uploads\/2015\/06\/18653435419_26f732fd76_z.jpg\",\"datePublished\":\"2015-06-16T09:19:40+00:00\",\"dateModified\":\"2015-06-16T09:21:07+00:00\",\"description\":\"Von Harald Neuber amerika21 Tausende Regierungsanh\u00e4nger haben den ecuadorianischen Pr\u00e4sidenten Rafael Correa am Montag in der Hauptstadt Quito empfangen,\",\"breadcrumb\":{\"@id\":\"https:\/\/www.pressenza.com\/de\/2015\/06\/putschgeruchte-tausende-empfangen-rafael-correa-in-ecuador\/#breadcrumb\"},\"inLanguage\":\"de\",\"potentialAction\":[{\"@type\":\"ReadAction\",\"target\":[\"https:\/\/www.pressenza.com\/de\/2015\/06\/putschgeruchte-tausende-empfangen-rafael-correa-in-ecuador\/\"]}]},{\"@type\":\"ImageObject\",\"inLanguage\":\"de\",\"@id\":\"https:\/\/www.pressenza.com\/de\/2015\/06\/putschgeruchte-tausende-empfangen-rafael-correa-in-ecuador\/#primaryimage\",\"url\":\"https:\/\/www.pressenza.com\/wp-content\/uploads\/2015\/06\/18653435419_26f732fd76_z.jpg\",\"contentUrl\":\"https:\/\/www.pressenza.com\/wp-content\/uploads\/2015\/06\/18653435419_26f732fd76_z.jpg\",\"width\":640,\"height\":427},{\"@type\":\"BreadcrumbList\",\"@id\":\"https:\/\/www.pressenza.com\/de\/2015\/06\/putschgeruchte-tausende-empfangen-rafael-correa-in-ecuador\/#breadcrumb\",\"itemListElement\":[{\"@type\":\"ListItem\",\"position\":1,\"name\":\"Accueil\",\"item\":\"https:\/\/www.pressenza.com\/de\/\"},{\"@type\":\"ListItem\",\"position\":2,\"name\":\"Putschger\u00fcchte: Tausende empfangen Rafael Correa in Ecuador\"}]},{\"@type\":\"WebSite\",\"@id\":\"https:\/\/www.pressenza.com\/de\/#website\",\"url\":\"https:\/\/www.pressenza.com\/de\/\",\"name\":\"Pressenza\",\"description\":\"International Press Agency\",\"publisher\":{\"@id\":\"https:\/\/www.pressenza.com\/de\/#organization\"},\"potentialAction\":[{\"@type\":\"SearchAction\",\"target\":{\"@type\":\"EntryPoint\",\"urlTemplate\":\"https:\/\/www.pressenza.com\/de\/?s={search_term_string}\"},\"query-input\":{\"@type\":\"PropertyValueSpecification\",\"valueRequired\":true,\"valueName\":\"search_term_string\"}}],\"inLanguage\":\"de\"},{\"@type\":\"Organization\",\"@id\":\"https:\/\/www.pressenza.com\/de\/#organization\",\"name\":\"Pressenza\",\"url\":\"https:\/\/www.pressenza.com\/de\/\",\"logo\":{\"@type\":\"ImageObject\",\"inLanguage\":\"de\",\"@id\":\"https:\/\/www.pressenza.com\/de\/#\/schema\/logo\/image\/\",\"url\":\"https:\/\/www.pressenza.com\/wp-content\/uploads\/2022\/10\/pressenza_logo_200x200.jpg\",\"contentUrl\":\"https:\/\/www.pressenza.com\/wp-content\/uploads\/2022\/10\/pressenza_logo_200x200.jpg\",\"width\":200,\"height\":200,\"caption\":\"Pressenza\"},\"image\":{\"@id\":\"https:\/\/www.pressenza.com\/de\/#\/schema\/logo\/image\/\"},\"sameAs\":[\"https:\/\/www.facebook.com\/PressenzaItalia\",\"https:\/\/x.com\/PressenzaIPA\"]},{\"@type\":\"Person\",\"@id\":\"https:\/\/www.pressenza.com\/de\/#\/schema\/person\/57bb5480943a496a7722b0248e4b658a\",\"name\":\"Pressenza Berlin\",\"description\":\"News from the Pressenza Bureau in Berlin, Germany\",\"sameAs\":[\"https:\/\/www.facebook.com\/Pressenza-Deutschland-sterreich-Schweiz-281675388658060\/timeline\/\",\"https:\/\/x.com\/pressenza_ger\"],\"url\":\"https:\/\/www.pressenza.com\/de\/author\/pressenza-berlin\/\"}]}<\/script>\n<!-- \/ Yoast SEO plugin. -->","yoast_head_json":{"title":"Putschger\u00fcchte: Tausende empfangen Rafael Correa in Ecuador","description":"Von Harald Neuber amerika21 Tausende Regierungsanh\u00e4nger haben den ecuadorianischen Pr\u00e4sidenten Rafael Correa am Montag in der Hauptstadt Quito empfangen,","robots":{"index":"index","follow":"follow","max-snippet":"max-snippet:-1","max-image-preview":"max-image-preview:large","max-video-preview":"max-video-preview:-1"},"canonical":"https:\/\/www.pressenza.com\/de\/2015\/06\/putschgeruchte-tausende-empfangen-rafael-correa-in-ecuador\/","og_locale":"de_DE","og_type":"article","og_title":"Putschger\u00fcchte: Tausende empfangen Rafael Correa in Ecuador","og_description":"Von Harald Neuber amerika21 Tausende Regierungsanh\u00e4nger haben den ecuadorianischen Pr\u00e4sidenten Rafael Correa am Montag in der Hauptstadt Quito empfangen,","og_url":"https:\/\/www.pressenza.com\/de\/2015\/06\/putschgeruchte-tausende-empfangen-rafael-correa-in-ecuador\/","og_site_name":"Pressenza","article_publisher":"https:\/\/www.facebook.com\/PressenzaItalia","article_author":"https:\/\/www.facebook.com\/Pressenza-Deutschland-sterreich-Schweiz-281675388658060\/timeline\/","article_published_time":"2015-06-16T09:19:40+00:00","article_modified_time":"2015-06-16T09:21:07+00:00","og_image":[{"width":640,"height":427,"url":"https:\/\/www.pressenza.com\/wp-content\/uploads\/2015\/06\/18653435419_26f732fd76_z.jpg","type":"image\/jpeg"}],"author":"Pressenza Berlin","twitter_card":"summary_large_image","twitter_creator":"@pressenza_ger","twitter_site":"@PressenzaIPA","twitter_misc":{"Verfasst von":"Pressenza Berlin","Gesch\u00e4tzte Lesezeit":"1\u00a0Minute"},"schema":{"@context":"https:\/\/schema.org","@graph":[{"@type":"Article","@id":"https:\/\/www.pressenza.com\/de\/2015\/06\/putschgeruchte-tausende-empfangen-rafael-correa-in-ecuador\/#article","isPartOf":{"@id":"https:\/\/www.pressenza.com\/de\/2015\/06\/putschgeruchte-tausende-empfangen-rafael-correa-in-ecuador\/"},"author":{"name":"Pressenza Berlin","@id":"https:\/\/www.pressenza.com\/de\/#\/schema\/person\/57bb5480943a496a7722b0248e4b658a"},"headline":"Putschger\u00fcchte: Tausende empfangen Rafael Correa in Ecuador","datePublished":"2015-06-16T09:19:40+00:00","dateModified":"2015-06-16T09:21:07+00:00","mainEntityOfPage":{"@id":"https:\/\/www.pressenza.com\/de\/2015\/06\/putschgeruchte-tausende-empfangen-rafael-correa-in-ecuador\/"},"wordCount":231,"publisher":{"@id":"https:\/\/www.pressenza.com\/de\/#organization"},"image":{"@id":"https:\/\/www.pressenza.com\/de\/2015\/06\/putschgeruchte-tausende-empfangen-rafael-correa-in-ecuador\/#primaryimage"},"thumbnailUrl":"https:\/\/www.pressenza.com\/wp-content\/uploads\/2015\/06\/18653435419_26f732fd76_z.jpg","keywords":["Ecuador","Putschger\u00fcchte","Rafael Correa"],"articleSection":["Politik","S\u00fcdamerika"],"inLanguage":"de"},{"@type":"WebPage","@id":"https:\/\/www.pressenza.com\/de\/2015\/06\/putschgeruchte-tausende-empfangen-rafael-correa-in-ecuador\/","url":"https:\/\/www.pressenza.com\/de\/2015\/06\/putschgeruchte-tausende-empfangen-rafael-correa-in-ecuador\/","name":"Putschger\u00fcchte: Tausende empfangen Rafael Correa in Ecuador","isPartOf":{"@id":"https:\/\/www.pressenza.com\/de\/#website"},"primaryImageOfPage":{"@id":"https:\/\/www.pressenza.com\/de\/2015\/06\/putschgeruchte-tausende-empfangen-rafael-correa-in-ecuador\/#primaryimage"},"image":{"@id":"https:\/\/www.pressenza.com\/de\/2015\/06\/putschgeruchte-tausende-empfangen-rafael-correa-in-ecuador\/#primaryimage"},"thumbnailUrl":"https:\/\/www.pressenza.com\/wp-content\/uploads\/2015\/06\/18653435419_26f732fd76_z.jpg","datePublished":"2015-06-16T09:19:40+00:00","dateModified":"2015-06-16T09:21:07+00:00","description":"Von Harald Neuber amerika21 Tausende Regierungsanh\u00e4nger haben den ecuadorianischen Pr\u00e4sidenten Rafael Correa am Montag in der Hauptstadt Quito empfangen,","breadcrumb":{"@id":"https:\/\/www.pressenza.com\/de\/2015\/06\/putschgeruchte-tausende-empfangen-rafael-correa-in-ecuador\/#breadcrumb"},"inLanguage":"de","potentialAction":[{"@type":"ReadAction","target":["https:\/\/www.pressenza.com\/de\/2015\/06\/putschgeruchte-tausende-empfangen-rafael-correa-in-ecuador\/"]}]},{"@type":"ImageObject","inLanguage":"de","@id":"https:\/\/www.pressenza.com\/de\/2015\/06\/putschgeruchte-tausende-empfangen-rafael-correa-in-ecuador\/#primaryimage","url":"https:\/\/www.pressenza.com\/wp-content\/uploads\/2015\/06\/18653435419_26f732fd76_z.jpg","contentUrl":"https:\/\/www.pressenza.com\/wp-content\/uploads\/2015\/06\/18653435419_26f732fd76_z.jpg","width":640,"height":427},{"@type":"BreadcrumbList","@id":"https:\/\/www.pressenza.com\/de\/2015\/06\/putschgeruchte-tausende-empfangen-rafael-correa-in-ecuador\/#breadcrumb","itemListElement":[{"@type":"ListItem","position":1,"name":"Accueil","item":"https:\/\/www.pressenza.com\/de\/"},{"@type":"ListItem","position":2,"name":"Putschger\u00fcchte: Tausende empfangen Rafael Correa in Ecuador"}]},{"@type":"WebSite","@id":"https:\/\/www.pressenza.com\/de\/#website","url":"https:\/\/www.pressenza.com\/de\/","name":"Pressenza","description":"International Press Agency","publisher":{"@id":"https:\/\/www.pressenza.com\/de\/#organization"},"potentialAction":[{"@type":"SearchAction","target":{"@type":"EntryPoint","urlTemplate":"https:\/\/www.pressenza.com\/de\/?s={search_term_string}"},"query-input":{"@type":"PropertyValueSpecification","valueRequired":true,"valueName":"search_term_string"}}],"inLanguage":"de"},{"@type":"Organization","@id":"https:\/\/www.pressenza.com\/de\/#organization","name":"Pressenza","url":"https:\/\/www.pressenza.com\/de\/","logo":{"@type":"ImageObject","inLanguage":"de","@id":"https:\/\/www.pressenza.com\/de\/#\/schema\/logo\/image\/","url":"https:\/\/www.pressenza.com\/wp-content\/uploads\/2022\/10\/pressenza_logo_200x200.jpg","contentUrl":"https:\/\/www.pressenza.com\/wp-content\/uploads\/2022\/10\/pressenza_logo_200x200.jpg","width":200,"height":200,"caption":"Pressenza"},"image":{"@id":"https:\/\/www.pressenza.com\/de\/#\/schema\/logo\/image\/"},"sameAs":["https:\/\/www.facebook.com\/PressenzaItalia","https:\/\/x.com\/PressenzaIPA"]},{"@type":"Person","@id":"https:\/\/www.pressenza.com\/de\/#\/schema\/person\/57bb5480943a496a7722b0248e4b658a","name":"Pressenza Berlin","description":"News from the Pressenza Bureau in Berlin, Germany","sameAs":["https:\/\/www.facebook.com\/Pressenza-Deutschland-sterreich-Schweiz-281675388658060\/timeline\/","https:\/\/x.com\/pressenza_ger"],"url":"https:\/\/www.pressenza.com\/de\/author\/pressenza-berlin\/"}]}},"place":"","original_article_url":"","_links":{"self":[{"href":"https:\/\/www.pressenza.com\/de\/wp-json\/wp\/v2\/posts\/194134","targetHints":{"allow":["GET"]}}],"collection":[{"href":"https:\/\/www.pressenza.com\/de\/wp-json\/wp\/v2\/posts"}],"about":[{"href":"https:\/\/www.pressenza.com\/de\/wp-json\/wp\/v2\/types\/post"}],"author":[{"embeddable":true,"href":"https:\/\/www.pressenza.com\/de\/wp-json\/wp\/v2\/users\/1095"}],"replies":[{"embeddable":true,"href":"https:\/\/www.pressenza.com\/de\/wp-json\/wp\/v2\/comments?post=194134"}],"version-history":[{"count":0,"href":"https:\/\/www.pressenza.com\/de\/wp-json\/wp\/v2\/posts\/194134\/revisions"}],"wp:featuredmedia":[{"embeddable":true,"href":"https:\/\/www.pressenza.com\/de\/wp-json\/wp\/v2\/media\/194136"}],"wp:attachment":[{"href":"https:\/\/www.pressenza.com\/de\/wp-json\/wp\/v2\/media?parent=194134"}],"wp:term":[{"taxonomy":"category","embeddable":true,"href":"https:\/\/www.pressenza.com\/de\/wp-json\/wp\/v2\/categories?post=194134"},{"taxonomy":"post_tag","embeddable":true,"href":"https:\/\/www.pressenza.com\/de\/wp-json\/wp\/v2\/tags?post=194134"}],"curies":[{"name":"wp","href":"https:\/\/api.w.org\/{rel}","templated":true}]}}