{"id":193821,"date":"2015-06-15T11:00:33","date_gmt":"2015-06-15T10:00:33","guid":{"rendered":"http:\/\/www.pressenza.com\/?p=193821"},"modified":"2015-06-15T11:04:42","modified_gmt":"2015-06-15T10:04:42","slug":"die-toten-kommen-nach-berlin","status":"publish","type":"post","link":"https:\/\/www.pressenza.com\/de\/2015\/06\/die-toten-kommen-nach-berlin\/","title":{"rendered":"Die Toten kommen nach Berlin"},"content":{"rendered":"<p><strong>Gem\u00e4\u00df Mitteilung des K\u00fcnstlerkollektivs &#8222;Zentrum f\u00fcr Politische Sch\u00f6nheit&#8220; ist es der wahrgewordene Alptraum der deutschen Bundesregierung: In den kommenden Tagen werden Menschen, die auf dem Weg in ein neues Leben an den Au\u00dfengrenzen der Europ\u00e4ischen Union ertrunken oder verdurstet sind, nach Berlin kommen.<\/strong><\/p>\n<p>Es geht um die Sprengung der Abschottung des europ\u00e4ischen Mitgef\u00fchls. Gemeinsam mit den Angeh\u00f6rigen wurden die menschenunw\u00fcrdigen Grabst\u00e4tten ge\u00f6ffnet und die Toten exhumiert. Sie sind jetzt auf dem Weg nach Deutschland. Die Angeh\u00f6rigen haben entschieden, was dort geschehen soll.<\/p>\n<p>Diese Aktion soll Europa in einen Einwanderungskontinent zur\u00fcckverwandeln. Jeweiliger Zeitpunkt und Ort der Bestattung wird aus naheliegenden Gr\u00fcnden nur kurzfristig bekanntgeben.<\/p>\n<p>Die ersten beiden Toten sollen am Dienstag, 16. Juni 2015, 10 Uhr im Friedhof Berlin-Gatow bestattet werden. Es handelt sich dabei um eine muslimische Beerdigung einer Mutter mit ihrem zweij\u00e4hrigen Kind, die aufgrund der Abriegelung Europas im Mittelmeer ertrunken sind. Die Liste der geladenen G\u00e4ste wurde im Internet <a href=\"http:\/\/politicalbeauty.de\/dtk\/eingeladene.pdf\">publiziert<\/a>.<\/p>\n<blockquote>\n<h3>\u201eNach dem Willen des deutschen Innenministers sollten die Toten unsichtbar bleiben. Wir bringen sie ins Zentrum der Macht, dorthin, wo die Schie\u00dfbefehle f\u00fcr den Europ\u00e4ischen Todesstreifen herkommen: in das Berliner Regierungsviertel.&#8220;<\/h3>\n<p><em>Stefan Pelzer, Eskalationsbeauftragter<\/em><\/p><\/blockquote>\n<p>Das Zentrum f\u00fcr politische Sch\u00f6nheit wurde 2008 von dem Aktionsk\u00fcnstler Philipp Ruch gegr\u00fcndete und versteht sich als <a href=\"http:\/\/www.politicalbeauty.de\/Zentrum_fur_Politische_Schonheit.html\">&#8222;Sturmtrupp des aggressiven Humanismus&#8220;<\/a>. Das Kollektiv hat bereits mit zwei aufsehenerregenden Aktionen Furore gemacht. Auf einer gef\u00e4lschten Webseite suchte das Familienministerium im Mai letzten Jahres\u00a0 <a href=\"https:\/\/www.pressenza.com\/de\/2014\/06\/chronik-einer-rettungsaktion-syrische-fluechtlinge-nach-deutschland\/\">55.000 Pflegefamilien f\u00fcr syrische Kinder<\/a> und p\u00fcnktlich zum Jubil\u00e4um des Mauerfalls <a href=\"https:\/\/www.pressenza.com\/de\/2014\/11\/erster-europaeischer-mauerfall\/\">entf\u00fchrte es die Gedenkkreuze der Mauertote<\/a> und brachte sie an die EU-Au\u00dfengrenze.<\/p>\n<p>Auf der <a href=\"http:\/\/www.politicalbeauty.de\/\">Webseite<\/a> hei\u00dft es weiter: &#8222;Europas Grenzen sind milit\u00e4risch abgeriegelt. Sie sind jetzt die t\u00f6dlichsten Grenzen der Welt. Jahr f\u00fcr Jahr sterben Tausende Menschen beim Versuch, sie zu \u00fcberwinden. Europa hat den Einwanderern den Krieg erkl\u00e4rt \u2013 ein Krieg, dem ausschlie\u00dflich Zivilisten zum Opfer fallen: am Evros, auf dem Mittelmeer und sogar in Nordafrika. Die Opfer dieses Krieges werden massenhaft im Hinterland s\u00fcdeurop\u00e4ischer Staaten verscharrt. Sie tragen keine Namen. Ihre Angeh\u00f6rigen werden nicht ermittelt. Niemand schenkt ihnen Blumen.<\/p>\n<p>Das Zentrum f\u00fcr Politische Sch\u00f6nheit \u00e4ndert das jetzt.\u00a0Die Toten Einwanderer Europas kommen in den n\u00e4chsten Tagen von den EU-Au\u00dfengrenzen in die Schaltzentrale des europ\u00e4ischen Abwehrregimes: in die deutsche Hauptstadt \u2013 direkt vors Bundeskanzleramt. In einer gro\u00dfangelegten Aktion werden Menschen, die auf dem Weg in ein neues Leben vor wenigen Wochen get\u00f6tet wurden, direkt zu ihren b\u00fcrokratischen M\u00f6rdern gebracht. Wir\u00a0organisieren die Beerdigungen der Opfer der milit\u00e4rischen Abschottung \u2013 im Herzen Europas.&#8220;<\/p>\n<p>Am Sonntag, 21. Juni soll ein Marsch der Entschlossen Tote bis zum Kanzleramt bringen. Angef\u00fchrt von einem Bagger soll einer der bedeutendsten Pl\u00e4tze der Bundesrepublik in ein Friedhofsfeld verwandelt werden, auf dem die Opfer der milit\u00e4rischen Abriegelung Europas direkt vor den Augen der politischen Entscheidungstr\u00e4ger bestattet werden. Ihre letzte Ruhest\u00e4tte soll somit zu unser politischen Unruhest\u00e4tte werden.<\/p>\n<p><iframe loading=\"lazy\" title=\"Die Toten kommen\" width=\"500\" height=\"281\" src=\"https:\/\/www.youtube.com\/embed\/9hXoIm6M_IM?feature=oembed\" frameborder=\"0\" allow=\"accelerometer; autoplay; clipboard-write; encrypted-media; gyroscope; picture-in-picture; web-share\" referrerpolicy=\"strict-origin-when-cross-origin\" allowfullscreen><\/iframe><\/p>\n","protected":false},"excerpt":{"rendered":"<p>Gem\u00e4\u00df Mitteilung des K\u00fcnstlerkollektivs &#8222;Zentrum f\u00fcr Politische Sch\u00f6nheit&#8220; ist es der wahrgewordene Alptraum der deutschen Bundesregierung: In den kommenden Tagen werden Menschen, die auf dem Weg in ein neues Leben an den Au\u00dfengrenzen der Europ\u00e4ischen Union ertrunken oder verdurstet sind,&hellip;<\/p>\n","protected":false},"author":1089,"featured_media":193824,"comment_status":"closed","ping_status":"open","sticky":false,"template":"","format":"standard","meta":{"footnotes":""},"categories":[9150,9161,11387],"tags":[13412,9220,10654,13167],"class_list":["post-193821","post","type-post","status-publish","format-standard","has-post-thumbnail","hentry","category-europa-de","category-menschenrechte","category-originalinhalt","tag-eu-fluechtlingspolitik","tag-festung-europa","tag-frontex-de","tag-mare-nostrum-de"],"yoast_head":"<!-- This site is optimized with the Yoast SEO plugin v27.1.1 - https:\/\/yoast.com\/product\/yoast-seo-wordpress\/ -->\n<title>Die Toten kommen nach Berlin<\/title>\n<meta name=\"description\" content=\"Gem\u00e4\u00df Mitteilung des K\u00fcnstlerkollektivs &quot;Zentrum f\u00fcr Politische Sch\u00f6nheit&quot; ist es der wahrgewordene Alptraum der deutschen Bundesregierung: In den\" \/>\n<meta name=\"robots\" content=\"index, follow, max-snippet:-1, max-image-preview:large, max-video-preview:-1\" \/>\n<link rel=\"canonical\" href=\"https:\/\/www.pressenza.com\/de\/2015\/06\/die-toten-kommen-nach-berlin\/\" \/>\n<meta property=\"og:locale\" content=\"de_DE\" \/>\n<meta property=\"og:type\" content=\"article\" \/>\n<meta property=\"og:title\" content=\"Die Toten kommen nach Berlin\" \/>\n<meta property=\"og:description\" content=\"Gem\u00e4\u00df Mitteilung des K\u00fcnstlerkollektivs &quot;Zentrum f\u00fcr Politische Sch\u00f6nheit&quot; ist es der wahrgewordene Alptraum der deutschen Bundesregierung: In den\" \/>\n<meta property=\"og:url\" content=\"https:\/\/www.pressenza.com\/de\/2015\/06\/die-toten-kommen-nach-berlin\/\" \/>\n<meta property=\"og:site_name\" content=\"Pressenza\" \/>\n<meta property=\"article:publisher\" content=\"https:\/\/www.facebook.com\/PressenzaItalia\" \/>\n<meta property=\"article:author\" content=\"https:\/\/www.facebook.com\/rthumiger\" \/>\n<meta property=\"article:published_time\" content=\"2015-06-15T10:00:33+00:00\" \/>\n<meta property=\"article:modified_time\" content=\"2015-06-15T10:04:42+00:00\" \/>\n<meta property=\"og:image\" content=\"https:\/\/www.pressenza.com\/wp-content\/uploads\/2015\/06\/C82A0808.jpg\" \/>\n\t<meta property=\"og:image:width\" content=\"688\" \/>\n\t<meta property=\"og:image:height\" content=\"459\" \/>\n\t<meta property=\"og:image:type\" content=\"image\/jpeg\" \/>\n<meta name=\"author\" content=\"Reto Thumiger\" \/>\n<meta name=\"twitter:card\" content=\"summary_large_image\" \/>\n<meta name=\"twitter:creator\" content=\"@pressenza_ger\" \/>\n<meta name=\"twitter:site\" content=\"@PressenzaIPA\" \/>\n<meta name=\"twitter:label1\" content=\"Verfasst von\" \/>\n\t<meta name=\"twitter:data1\" content=\"Reto Thumiger\" \/>\n\t<meta name=\"twitter:label2\" content=\"Gesch\u00e4tzte Lesezeit\" \/>\n\t<meta name=\"twitter:data2\" content=\"3\u00a0Minuten\" \/>\n<script type=\"application\/ld+json\" class=\"yoast-schema-graph\">{\"@context\":\"https:\/\/schema.org\",\"@graph\":[{\"@type\":\"Article\",\"@id\":\"https:\/\/www.pressenza.com\/de\/2015\/06\/die-toten-kommen-nach-berlin\/#article\",\"isPartOf\":{\"@id\":\"https:\/\/www.pressenza.com\/de\/2015\/06\/die-toten-kommen-nach-berlin\/\"},\"author\":{\"name\":\"Reto Thumiger\",\"@id\":\"https:\/\/www.pressenza.com\/de\/#\/schema\/person\/e233667f8b5764bd84b766de5286a5fa\"},\"headline\":\"Die Toten kommen nach Berlin\",\"datePublished\":\"2015-06-15T10:00:33+00:00\",\"dateModified\":\"2015-06-15T10:04:42+00:00\",\"mainEntityOfPage\":{\"@id\":\"https:\/\/www.pressenza.com\/de\/2015\/06\/die-toten-kommen-nach-berlin\/\"},\"wordCount\":518,\"publisher\":{\"@id\":\"https:\/\/www.pressenza.com\/de\/#organization\"},\"image\":{\"@id\":\"https:\/\/www.pressenza.com\/de\/2015\/06\/die-toten-kommen-nach-berlin\/#primaryimage\"},\"thumbnailUrl\":\"https:\/\/www.pressenza.com\/wp-content\/uploads\/2015\/06\/C82A0808.jpg\",\"keywords\":[\"EU Fl\u00fcchtlingspolitik\",\"Festung Europa\",\"Frontex\",\"Mare Nostrum\"],\"articleSection\":[\"Europa\",\"Menschenrechte\",\"Originalinhalt\"],\"inLanguage\":\"de\"},{\"@type\":\"WebPage\",\"@id\":\"https:\/\/www.pressenza.com\/de\/2015\/06\/die-toten-kommen-nach-berlin\/\",\"url\":\"https:\/\/www.pressenza.com\/de\/2015\/06\/die-toten-kommen-nach-berlin\/\",\"name\":\"Die Toten kommen nach Berlin\",\"isPartOf\":{\"@id\":\"https:\/\/www.pressenza.com\/de\/#website\"},\"primaryImageOfPage\":{\"@id\":\"https:\/\/www.pressenza.com\/de\/2015\/06\/die-toten-kommen-nach-berlin\/#primaryimage\"},\"image\":{\"@id\":\"https:\/\/www.pressenza.com\/de\/2015\/06\/die-toten-kommen-nach-berlin\/#primaryimage\"},\"thumbnailUrl\":\"https:\/\/www.pressenza.com\/wp-content\/uploads\/2015\/06\/C82A0808.jpg\",\"datePublished\":\"2015-06-15T10:00:33+00:00\",\"dateModified\":\"2015-06-15T10:04:42+00:00\",\"description\":\"Gem\u00e4\u00df Mitteilung des K\u00fcnstlerkollektivs \\\"Zentrum f\u00fcr Politische Sch\u00f6nheit\\\" ist es der wahrgewordene Alptraum der deutschen Bundesregierung: In den\",\"breadcrumb\":{\"@id\":\"https:\/\/www.pressenza.com\/de\/2015\/06\/die-toten-kommen-nach-berlin\/#breadcrumb\"},\"inLanguage\":\"de\",\"potentialAction\":[{\"@type\":\"ReadAction\",\"target\":[\"https:\/\/www.pressenza.com\/de\/2015\/06\/die-toten-kommen-nach-berlin\/\"]}]},{\"@type\":\"ImageObject\",\"inLanguage\":\"de\",\"@id\":\"https:\/\/www.pressenza.com\/de\/2015\/06\/die-toten-kommen-nach-berlin\/#primaryimage\",\"url\":\"https:\/\/www.pressenza.com\/wp-content\/uploads\/2015\/06\/C82A0808.jpg\",\"contentUrl\":\"https:\/\/www.pressenza.com\/wp-content\/uploads\/2015\/06\/C82A0808.jpg\",\"width\":688,\"height\":459},{\"@type\":\"BreadcrumbList\",\"@id\":\"https:\/\/www.pressenza.com\/de\/2015\/06\/die-toten-kommen-nach-berlin\/#breadcrumb\",\"itemListElement\":[{\"@type\":\"ListItem\",\"position\":1,\"name\":\"Accueil\",\"item\":\"https:\/\/www.pressenza.com\/de\/\"},{\"@type\":\"ListItem\",\"position\":2,\"name\":\"Die Toten kommen nach Berlin\"}]},{\"@type\":\"WebSite\",\"@id\":\"https:\/\/www.pressenza.com\/de\/#website\",\"url\":\"https:\/\/www.pressenza.com\/de\/\",\"name\":\"Pressenza\",\"description\":\"International Press Agency\",\"publisher\":{\"@id\":\"https:\/\/www.pressenza.com\/de\/#organization\"},\"potentialAction\":[{\"@type\":\"SearchAction\",\"target\":{\"@type\":\"EntryPoint\",\"urlTemplate\":\"https:\/\/www.pressenza.com\/de\/?s={search_term_string}\"},\"query-input\":{\"@type\":\"PropertyValueSpecification\",\"valueRequired\":true,\"valueName\":\"search_term_string\"}}],\"inLanguage\":\"de\"},{\"@type\":\"Organization\",\"@id\":\"https:\/\/www.pressenza.com\/de\/#organization\",\"name\":\"Pressenza\",\"url\":\"https:\/\/www.pressenza.com\/de\/\",\"logo\":{\"@type\":\"ImageObject\",\"inLanguage\":\"de\",\"@id\":\"https:\/\/www.pressenza.com\/de\/#\/schema\/logo\/image\/\",\"url\":\"https:\/\/www.pressenza.com\/wp-content\/uploads\/2022\/10\/pressenza_logo_200x200.jpg\",\"contentUrl\":\"https:\/\/www.pressenza.com\/wp-content\/uploads\/2022\/10\/pressenza_logo_200x200.jpg\",\"width\":200,\"height\":200,\"caption\":\"Pressenza\"},\"image\":{\"@id\":\"https:\/\/www.pressenza.com\/de\/#\/schema\/logo\/image\/\"},\"sameAs\":[\"https:\/\/www.facebook.com\/PressenzaItalia\",\"https:\/\/x.com\/PressenzaIPA\"]},{\"@type\":\"Person\",\"@id\":\"https:\/\/www.pressenza.com\/de\/#\/schema\/person\/e233667f8b5764bd84b766de5286a5fa\",\"name\":\"Reto Thumiger\",\"description\":\"The Swiss-born business administrator has been an activist for the New Humanism for over 25 years. He is committed to the promotion of cultural diversity, equal rights and the creation of equal opportunities for all people. He is committed to an internal and external revolution based on active non-violence. Through his voluntary work at Pressenza, he endeavours to contribute to overcoming violence through journalism that focuses on peace and non-violence.\",\"sameAs\":[\"http:\/\/www.pressenza.com\/de\",\"https:\/\/www.facebook.com\/rthumiger\",\"https:\/\/x.com\/pressenza_ger\"],\"url\":\"https:\/\/www.pressenza.com\/de\/author\/reto-thumiger\/\"}]}<\/script>\n<!-- \/ Yoast SEO plugin. -->","yoast_head_json":{"title":"Die Toten kommen nach Berlin","description":"Gem\u00e4\u00df Mitteilung des K\u00fcnstlerkollektivs \"Zentrum f\u00fcr Politische Sch\u00f6nheit\" ist es der wahrgewordene Alptraum der deutschen Bundesregierung: In den","robots":{"index":"index","follow":"follow","max-snippet":"max-snippet:-1","max-image-preview":"max-image-preview:large","max-video-preview":"max-video-preview:-1"},"canonical":"https:\/\/www.pressenza.com\/de\/2015\/06\/die-toten-kommen-nach-berlin\/","og_locale":"de_DE","og_type":"article","og_title":"Die Toten kommen nach Berlin","og_description":"Gem\u00e4\u00df Mitteilung des K\u00fcnstlerkollektivs \"Zentrum f\u00fcr Politische Sch\u00f6nheit\" ist es der wahrgewordene Alptraum der deutschen Bundesregierung: In den","og_url":"https:\/\/www.pressenza.com\/de\/2015\/06\/die-toten-kommen-nach-berlin\/","og_site_name":"Pressenza","article_publisher":"https:\/\/www.facebook.com\/PressenzaItalia","article_author":"https:\/\/www.facebook.com\/rthumiger","article_published_time":"2015-06-15T10:00:33+00:00","article_modified_time":"2015-06-15T10:04:42+00:00","og_image":[{"width":688,"height":459,"url":"https:\/\/www.pressenza.com\/wp-content\/uploads\/2015\/06\/C82A0808.jpg","type":"image\/jpeg"}],"author":"Reto Thumiger","twitter_card":"summary_large_image","twitter_creator":"@pressenza_ger","twitter_site":"@PressenzaIPA","twitter_misc":{"Verfasst von":"Reto Thumiger","Gesch\u00e4tzte Lesezeit":"3\u00a0Minuten"},"schema":{"@context":"https:\/\/schema.org","@graph":[{"@type":"Article","@id":"https:\/\/www.pressenza.com\/de\/2015\/06\/die-toten-kommen-nach-berlin\/#article","isPartOf":{"@id":"https:\/\/www.pressenza.com\/de\/2015\/06\/die-toten-kommen-nach-berlin\/"},"author":{"name":"Reto Thumiger","@id":"https:\/\/www.pressenza.com\/de\/#\/schema\/person\/e233667f8b5764bd84b766de5286a5fa"},"headline":"Die Toten kommen nach Berlin","datePublished":"2015-06-15T10:00:33+00:00","dateModified":"2015-06-15T10:04:42+00:00","mainEntityOfPage":{"@id":"https:\/\/www.pressenza.com\/de\/2015\/06\/die-toten-kommen-nach-berlin\/"},"wordCount":518,"publisher":{"@id":"https:\/\/www.pressenza.com\/de\/#organization"},"image":{"@id":"https:\/\/www.pressenza.com\/de\/2015\/06\/die-toten-kommen-nach-berlin\/#primaryimage"},"thumbnailUrl":"https:\/\/www.pressenza.com\/wp-content\/uploads\/2015\/06\/C82A0808.jpg","keywords":["EU Fl\u00fcchtlingspolitik","Festung Europa","Frontex","Mare Nostrum"],"articleSection":["Europa","Menschenrechte","Originalinhalt"],"inLanguage":"de"},{"@type":"WebPage","@id":"https:\/\/www.pressenza.com\/de\/2015\/06\/die-toten-kommen-nach-berlin\/","url":"https:\/\/www.pressenza.com\/de\/2015\/06\/die-toten-kommen-nach-berlin\/","name":"Die Toten kommen nach Berlin","isPartOf":{"@id":"https:\/\/www.pressenza.com\/de\/#website"},"primaryImageOfPage":{"@id":"https:\/\/www.pressenza.com\/de\/2015\/06\/die-toten-kommen-nach-berlin\/#primaryimage"},"image":{"@id":"https:\/\/www.pressenza.com\/de\/2015\/06\/die-toten-kommen-nach-berlin\/#primaryimage"},"thumbnailUrl":"https:\/\/www.pressenza.com\/wp-content\/uploads\/2015\/06\/C82A0808.jpg","datePublished":"2015-06-15T10:00:33+00:00","dateModified":"2015-06-15T10:04:42+00:00","description":"Gem\u00e4\u00df Mitteilung des K\u00fcnstlerkollektivs \"Zentrum f\u00fcr Politische Sch\u00f6nheit\" ist es der wahrgewordene Alptraum der deutschen Bundesregierung: In den","breadcrumb":{"@id":"https:\/\/www.pressenza.com\/de\/2015\/06\/die-toten-kommen-nach-berlin\/#breadcrumb"},"inLanguage":"de","potentialAction":[{"@type":"ReadAction","target":["https:\/\/www.pressenza.com\/de\/2015\/06\/die-toten-kommen-nach-berlin\/"]}]},{"@type":"ImageObject","inLanguage":"de","@id":"https:\/\/www.pressenza.com\/de\/2015\/06\/die-toten-kommen-nach-berlin\/#primaryimage","url":"https:\/\/www.pressenza.com\/wp-content\/uploads\/2015\/06\/C82A0808.jpg","contentUrl":"https:\/\/www.pressenza.com\/wp-content\/uploads\/2015\/06\/C82A0808.jpg","width":688,"height":459},{"@type":"BreadcrumbList","@id":"https:\/\/www.pressenza.com\/de\/2015\/06\/die-toten-kommen-nach-berlin\/#breadcrumb","itemListElement":[{"@type":"ListItem","position":1,"name":"Accueil","item":"https:\/\/www.pressenza.com\/de\/"},{"@type":"ListItem","position":2,"name":"Die Toten kommen nach Berlin"}]},{"@type":"WebSite","@id":"https:\/\/www.pressenza.com\/de\/#website","url":"https:\/\/www.pressenza.com\/de\/","name":"Pressenza","description":"International Press Agency","publisher":{"@id":"https:\/\/www.pressenza.com\/de\/#organization"},"potentialAction":[{"@type":"SearchAction","target":{"@type":"EntryPoint","urlTemplate":"https:\/\/www.pressenza.com\/de\/?s={search_term_string}"},"query-input":{"@type":"PropertyValueSpecification","valueRequired":true,"valueName":"search_term_string"}}],"inLanguage":"de"},{"@type":"Organization","@id":"https:\/\/www.pressenza.com\/de\/#organization","name":"Pressenza","url":"https:\/\/www.pressenza.com\/de\/","logo":{"@type":"ImageObject","inLanguage":"de","@id":"https:\/\/www.pressenza.com\/de\/#\/schema\/logo\/image\/","url":"https:\/\/www.pressenza.com\/wp-content\/uploads\/2022\/10\/pressenza_logo_200x200.jpg","contentUrl":"https:\/\/www.pressenza.com\/wp-content\/uploads\/2022\/10\/pressenza_logo_200x200.jpg","width":200,"height":200,"caption":"Pressenza"},"image":{"@id":"https:\/\/www.pressenza.com\/de\/#\/schema\/logo\/image\/"},"sameAs":["https:\/\/www.facebook.com\/PressenzaItalia","https:\/\/x.com\/PressenzaIPA"]},{"@type":"Person","@id":"https:\/\/www.pressenza.com\/de\/#\/schema\/person\/e233667f8b5764bd84b766de5286a5fa","name":"Reto Thumiger","description":"The Swiss-born business administrator has been an activist for the New Humanism for over 25 years. He is committed to the promotion of cultural diversity, equal rights and the creation of equal opportunities for all people. He is committed to an internal and external revolution based on active non-violence. Through his voluntary work at Pressenza, he endeavours to contribute to overcoming violence through journalism that focuses on peace and non-violence.","sameAs":["http:\/\/www.pressenza.com\/de","https:\/\/www.facebook.com\/rthumiger","https:\/\/x.com\/pressenza_ger"],"url":"https:\/\/www.pressenza.com\/de\/author\/reto-thumiger\/"}]}},"place":"","original_article_url":"","_links":{"self":[{"href":"https:\/\/www.pressenza.com\/de\/wp-json\/wp\/v2\/posts\/193821","targetHints":{"allow":["GET"]}}],"collection":[{"href":"https:\/\/www.pressenza.com\/de\/wp-json\/wp\/v2\/posts"}],"about":[{"href":"https:\/\/www.pressenza.com\/de\/wp-json\/wp\/v2\/types\/post"}],"author":[{"embeddable":true,"href":"https:\/\/www.pressenza.com\/de\/wp-json\/wp\/v2\/users\/1089"}],"replies":[{"embeddable":true,"href":"https:\/\/www.pressenza.com\/de\/wp-json\/wp\/v2\/comments?post=193821"}],"version-history":[{"count":0,"href":"https:\/\/www.pressenza.com\/de\/wp-json\/wp\/v2\/posts\/193821\/revisions"}],"wp:featuredmedia":[{"embeddable":true,"href":"https:\/\/www.pressenza.com\/de\/wp-json\/wp\/v2\/media\/193824"}],"wp:attachment":[{"href":"https:\/\/www.pressenza.com\/de\/wp-json\/wp\/v2\/media?parent=193821"}],"wp:term":[{"taxonomy":"category","embeddable":true,"href":"https:\/\/www.pressenza.com\/de\/wp-json\/wp\/v2\/categories?post=193821"},{"taxonomy":"post_tag","embeddable":true,"href":"https:\/\/www.pressenza.com\/de\/wp-json\/wp\/v2\/tags?post=193821"}],"curies":[{"name":"wp","href":"https:\/\/api.w.org\/{rel}","templated":true}]}}