{"id":185608,"date":"2015-05-17T14:09:37","date_gmt":"2015-05-17T13:09:37","guid":{"rendered":"http:\/\/www.pressenza.com\/?p=185608"},"modified":"2015-05-17T14:11:44","modified_gmt":"2015-05-17T13:11:44","slug":"internationaler-tag-gegen-homophobie-wir-kampfen-jeden-tag-fur-gleichberechtigung","status":"publish","type":"post","link":"https:\/\/www.pressenza.com\/de\/2015\/05\/internationaler-tag-gegen-homophobie-wir-kampfen-jeden-tag-fur-gleichberechtigung\/","title":{"rendered":"Internationaler Tag gegen Homophobie: Wir k\u00e4mpfen jeden Tag f\u00fcr Gleichberechtigung"},"content":{"rendered":"<p><strong>Mit dem Internationalen Tag gegen Homophobie am Sonntag (17.5.) soll darauf aufmerksam gemacht werden, wie wichtig es ist, dass Lesben, Schwule, Bisexuelle und Transsexuelle (LGBT) nicht diskriminiert werden. Au\u00dferdem ist es der Tag, an dem vor 25 Jahren die Weltgesundheitsorganisation entschieden hat, Homosexualit\u00e4t von der Liste der Geisteskrankheiten zu entfernen. EU-Abgeordnete und Experten haben am Dienstag (12.5.) diskutiert, wie wichtig es ist Diskriminierung von LGBT zu bek\u00e4mpfen. <\/strong><\/p>\n<p>&#8222;Diskriminierung aufgrund von sexueller Orientierung ist illegal und in der EU verboten. Das Europ\u00e4ische Parlament hatte darauf mit der Zivilgesellschaft einen starken Einfluss&#8220;, sagte die Vizepr\u00e4sidentin des EU-Parlaments und Pr\u00e4sidentin der interfraktionellen Arbeitsgruppe f\u00fcr die Rechte von Lesben, Schwulen, Bisexuellen, Transsexuellen und Intersexuellen <a href=\"http:\/\/www.europarl.europa.eu\/meps\/de\/97017\/ULRIKE_LUNACEK_home.html\" target=\"_blank\">Ulrike Lunacek <\/a>(Gr\u00fcne \/ EFA) aus \u00d6sterreich.<\/p>\n<p>Der Kampf f\u00fcr Gleichberechtigung gehe t\u00e4glich weiter, sagte der Vizepr\u00e4sident des EU-Parlaments\u00a0<a href=\"http:\/\/www.europarl.europa.eu\/meps\/de\/28586\/DIMITRIOS_PAPADIMOULIS_home.html\" target=\"_blank\">Dimitrious Papadimoulis<\/a> und Vorsitzender der hochrangigen Gruppe f\u00fcr die Gleichberechtigung der Geschlechter und Vielfalt. &#8222;Die ganze Gesellschaft muss eine aktive Rolle dabei einnehmen, Vorurteile zu reduzieren&#8220;, f\u00fcgte er hinzu, denn das Thema tangiere jeden.<\/p>\n<p>Obwohl die Diskriminierung aufgrund sexueller Orientierung in der EU verboten ist, passiere es immer noch. Einer Umfrage aus dem Jahr 2013 zufolge hat knapp die H\u00e4lfte der Lesben, Schwulen, Bisexuellen und Transsexuellen bereits einmal Diskriminierung oder Beschimpfungen wegen ihrer sexuellen Orientierung erlebt.<\/p>\n<p><a href=\"http:\/\/www.pressenza.com\/wp-content\/uploads\/2015\/05\/LGBT-discrimination-EP_original_deu.jpg\"><img loading=\"lazy\" decoding=\"async\" class=\"alignnone size-full wp-image-185609\" src=\"http:\/\/www.pressenza.com\/wp-content\/uploads\/2015\/05\/LGBT-discrimination-EP_original_deu.jpg\" alt=\"LGBT discrimination EP_original_deu\" width=\"650\" height=\"2184\" srcset=\"https:\/\/www.pressenza.com\/wp-content\/uploads\/2015\/05\/LGBT-discrimination-EP_original_deu.jpg 650w, https:\/\/www.pressenza.com\/wp-content\/uploads\/2015\/05\/LGBT-discrimination-EP_original_deu-89x300.jpg 89w, https:\/\/www.pressenza.com\/wp-content\/uploads\/2015\/05\/LGBT-discrimination-EP_original_deu-305x1024.jpg 305w\" sizes=\"auto, (max-width: 650px) 100vw, 650px\" \/><\/a><\/p>\n","protected":false},"excerpt":{"rendered":"<p>Mit dem Internationalen Tag gegen Homophobie am Sonntag (17.5.) soll darauf aufmerksam gemacht werden, wie wichtig es ist, dass Lesben, Schwule, Bisexuelle und Transsexuelle (LGBT) nicht diskriminiert werden. Au\u00dferdem ist es der Tag, an dem vor 25 Jahren die Weltgesundheitsorganisation&hellip;<\/p>\n","protected":false},"author":1014,"featured_media":185586,"comment_status":"closed","ping_status":"open","sticky":false,"template":"","format":"standard","meta":{"footnotes":""},"categories":[9150,9165],"tags":[17561,17560,285],"class_list":["post-185608","post","type-post","status-publish","format-standard","has-post-thumbnail","hentry","category-europa-de","category-vielfalt","tag-europaisches-parlament","tag-internationaler-tag-gegen-homophobie","tag-lgbt"],"yoast_head":"<!-- This site is optimized with the Yoast SEO plugin v27.1.1 - https:\/\/yoast.com\/product\/yoast-seo-wordpress\/ -->\n<title>Internationaler Tag gegen Homophobie: Wir k\u00e4mpfen jeden Tag f\u00fcr Gleichberechtigung<\/title>\n<meta name=\"description\" content=\"Mit dem Internationalen Tag gegen Homophobie am Sonntag (17.5.) soll darauf aufmerksam gemacht werden, wie wichtig es ist, dass Lesben, Schwule,\" \/>\n<meta name=\"robots\" content=\"index, follow, max-snippet:-1, max-image-preview:large, max-video-preview:-1\" \/>\n<link rel=\"canonical\" href=\"https:\/\/www.pressenza.com\/de\/2015\/05\/internationaler-tag-gegen-homophobie-wir-kampfen-jeden-tag-fur-gleichberechtigung\/\" \/>\n<meta property=\"og:locale\" content=\"de_DE\" \/>\n<meta property=\"og:type\" content=\"article\" \/>\n<meta property=\"og:title\" content=\"Internationaler Tag gegen Homophobie: Wir k\u00e4mpfen jeden Tag f\u00fcr Gleichberechtigung\" \/>\n<meta property=\"og:description\" content=\"Mit dem Internationalen Tag gegen Homophobie am Sonntag (17.5.) soll darauf aufmerksam gemacht werden, wie wichtig es ist, dass Lesben, Schwule,\" \/>\n<meta property=\"og:url\" content=\"https:\/\/www.pressenza.com\/de\/2015\/05\/internationaler-tag-gegen-homophobie-wir-kampfen-jeden-tag-fur-gleichberechtigung\/\" \/>\n<meta property=\"og:site_name\" content=\"Pressenza\" \/>\n<meta property=\"article:publisher\" content=\"https:\/\/www.facebook.com\/PressenzaItalia\" \/>\n<meta property=\"article:author\" content=\"https:\/\/www.facebook.com\/PressenzaEnglish\/\" \/>\n<meta property=\"article:published_time\" content=\"2015-05-17T13:09:37+00:00\" \/>\n<meta property=\"article:modified_time\" content=\"2015-05-17T13:11:44+00:00\" \/>\n<meta property=\"og:image\" content=\"https:\/\/www.pressenza.com\/wp-content\/uploads\/2015\/05\/Rainbow_flag_breeze.jpg\" \/>\n\t<meta property=\"og:image:width\" content=\"1280\" \/>\n\t<meta property=\"og:image:height\" content=\"853\" \/>\n\t<meta property=\"og:image:type\" content=\"image\/jpeg\" \/>\n<meta name=\"author\" content=\"Pressenza Budapest\" \/>\n<meta name=\"twitter:card\" content=\"summary_large_image\" \/>\n<meta name=\"twitter:creator\" content=\"@PressenzaIPA\" \/>\n<meta name=\"twitter:site\" content=\"@PressenzaIPA\" \/>\n<meta name=\"twitter:label1\" content=\"Verfasst von\" \/>\n\t<meta name=\"twitter:data1\" content=\"Pressenza Budapest\" \/>\n\t<meta name=\"twitter:label2\" content=\"Gesch\u00e4tzte Lesezeit\" \/>\n\t<meta name=\"twitter:data2\" content=\"1\u00a0Minute\" \/>\n<script type=\"application\/ld+json\" class=\"yoast-schema-graph\">{\"@context\":\"https:\/\/schema.org\",\"@graph\":[{\"@type\":\"Article\",\"@id\":\"https:\/\/www.pressenza.com\/de\/2015\/05\/internationaler-tag-gegen-homophobie-wir-kampfen-jeden-tag-fur-gleichberechtigung\/#article\",\"isPartOf\":{\"@id\":\"https:\/\/www.pressenza.com\/de\/2015\/05\/internationaler-tag-gegen-homophobie-wir-kampfen-jeden-tag-fur-gleichberechtigung\/\"},\"author\":{\"name\":\"Pressenza Budapest\",\"@id\":\"https:\/\/www.pressenza.com\/de\/#\/schema\/person\/bce749c92532068a7a2de4f8a4a182e0\"},\"headline\":\"Internationaler Tag gegen Homophobie: Wir k\u00e4mpfen jeden Tag f\u00fcr Gleichberechtigung\",\"datePublished\":\"2015-05-17T13:09:37+00:00\",\"dateModified\":\"2015-05-17T13:11:44+00:00\",\"mainEntityOfPage\":{\"@id\":\"https:\/\/www.pressenza.com\/de\/2015\/05\/internationaler-tag-gegen-homophobie-wir-kampfen-jeden-tag-fur-gleichberechtigung\/\"},\"wordCount\":226,\"publisher\":{\"@id\":\"https:\/\/www.pressenza.com\/de\/#organization\"},\"image\":{\"@id\":\"https:\/\/www.pressenza.com\/de\/2015\/05\/internationaler-tag-gegen-homophobie-wir-kampfen-jeden-tag-fur-gleichberechtigung\/#primaryimage\"},\"thumbnailUrl\":\"https:\/\/www.pressenza.com\/wp-content\/uploads\/2015\/05\/Rainbow_flag_breeze.jpg\",\"keywords\":[\"Europ\u00e4isches Parlament\",\"Internationaler Tag gegen Homophobie\",\"LGBT\"],\"articleSection\":[\"Europa\",\"Vielfalt\"],\"inLanguage\":\"de\"},{\"@type\":\"WebPage\",\"@id\":\"https:\/\/www.pressenza.com\/de\/2015\/05\/internationaler-tag-gegen-homophobie-wir-kampfen-jeden-tag-fur-gleichberechtigung\/\",\"url\":\"https:\/\/www.pressenza.com\/de\/2015\/05\/internationaler-tag-gegen-homophobie-wir-kampfen-jeden-tag-fur-gleichberechtigung\/\",\"name\":\"Internationaler Tag gegen Homophobie: Wir k\u00e4mpfen jeden Tag f\u00fcr Gleichberechtigung\",\"isPartOf\":{\"@id\":\"https:\/\/www.pressenza.com\/de\/#website\"},\"primaryImageOfPage\":{\"@id\":\"https:\/\/www.pressenza.com\/de\/2015\/05\/internationaler-tag-gegen-homophobie-wir-kampfen-jeden-tag-fur-gleichberechtigung\/#primaryimage\"},\"image\":{\"@id\":\"https:\/\/www.pressenza.com\/de\/2015\/05\/internationaler-tag-gegen-homophobie-wir-kampfen-jeden-tag-fur-gleichberechtigung\/#primaryimage\"},\"thumbnailUrl\":\"https:\/\/www.pressenza.com\/wp-content\/uploads\/2015\/05\/Rainbow_flag_breeze.jpg\",\"datePublished\":\"2015-05-17T13:09:37+00:00\",\"dateModified\":\"2015-05-17T13:11:44+00:00\",\"description\":\"Mit dem Internationalen Tag gegen Homophobie am Sonntag (17.5.) soll darauf aufmerksam gemacht werden, wie wichtig es ist, dass Lesben, Schwule,\",\"breadcrumb\":{\"@id\":\"https:\/\/www.pressenza.com\/de\/2015\/05\/internationaler-tag-gegen-homophobie-wir-kampfen-jeden-tag-fur-gleichberechtigung\/#breadcrumb\"},\"inLanguage\":\"de\",\"potentialAction\":[{\"@type\":\"ReadAction\",\"target\":[\"https:\/\/www.pressenza.com\/de\/2015\/05\/internationaler-tag-gegen-homophobie-wir-kampfen-jeden-tag-fur-gleichberechtigung\/\"]}]},{\"@type\":\"ImageObject\",\"inLanguage\":\"de\",\"@id\":\"https:\/\/www.pressenza.com\/de\/2015\/05\/internationaler-tag-gegen-homophobie-wir-kampfen-jeden-tag-fur-gleichberechtigung\/#primaryimage\",\"url\":\"https:\/\/www.pressenza.com\/wp-content\/uploads\/2015\/05\/Rainbow_flag_breeze.jpg\",\"contentUrl\":\"https:\/\/www.pressenza.com\/wp-content\/uploads\/2015\/05\/Rainbow_flag_breeze.jpg\",\"width\":1280,\"height\":853},{\"@type\":\"BreadcrumbList\",\"@id\":\"https:\/\/www.pressenza.com\/de\/2015\/05\/internationaler-tag-gegen-homophobie-wir-kampfen-jeden-tag-fur-gleichberechtigung\/#breadcrumb\",\"itemListElement\":[{\"@type\":\"ListItem\",\"position\":1,\"name\":\"Accueil\",\"item\":\"https:\/\/www.pressenza.com\/de\/\"},{\"@type\":\"ListItem\",\"position\":2,\"name\":\"Internationaler Tag gegen Homophobie: Wir k\u00e4mpfen jeden Tag f\u00fcr Gleichberechtigung\"}]},{\"@type\":\"WebSite\",\"@id\":\"https:\/\/www.pressenza.com\/de\/#website\",\"url\":\"https:\/\/www.pressenza.com\/de\/\",\"name\":\"Pressenza\",\"description\":\"International Press Agency\",\"publisher\":{\"@id\":\"https:\/\/www.pressenza.com\/de\/#organization\"},\"potentialAction\":[{\"@type\":\"SearchAction\",\"target\":{\"@type\":\"EntryPoint\",\"urlTemplate\":\"https:\/\/www.pressenza.com\/de\/?s={search_term_string}\"},\"query-input\":{\"@type\":\"PropertyValueSpecification\",\"valueRequired\":true,\"valueName\":\"search_term_string\"}}],\"inLanguage\":\"de\"},{\"@type\":\"Organization\",\"@id\":\"https:\/\/www.pressenza.com\/de\/#organization\",\"name\":\"Pressenza\",\"url\":\"https:\/\/www.pressenza.com\/de\/\",\"logo\":{\"@type\":\"ImageObject\",\"inLanguage\":\"de\",\"@id\":\"https:\/\/www.pressenza.com\/de\/#\/schema\/logo\/image\/\",\"url\":\"https:\/\/www.pressenza.com\/wp-content\/uploads\/2022\/10\/pressenza_logo_200x200.jpg\",\"contentUrl\":\"https:\/\/www.pressenza.com\/wp-content\/uploads\/2022\/10\/pressenza_logo_200x200.jpg\",\"width\":200,\"height\":200,\"caption\":\"Pressenza\"},\"image\":{\"@id\":\"https:\/\/www.pressenza.com\/de\/#\/schema\/logo\/image\/\"},\"sameAs\":[\"https:\/\/www.facebook.com\/PressenzaItalia\",\"https:\/\/x.com\/PressenzaIPA\"]},{\"@type\":\"Person\",\"@id\":\"https:\/\/www.pressenza.com\/de\/#\/schema\/person\/bce749c92532068a7a2de4f8a4a182e0\",\"name\":\"Pressenza Budapest\",\"description\":\"News published by the Pressenza Bureau in Budapest, Hungary\",\"sameAs\":[\"https:\/\/www.facebook.com\/PressenzaEnglish\/\",\"https:\/\/x.com\/PressenzaIPA\"],\"url\":\"https:\/\/www.pressenza.com\/de\/author\/pressenza-budapest\/\"}]}<\/script>\n<!-- \/ Yoast SEO plugin. -->","yoast_head_json":{"title":"Internationaler Tag gegen Homophobie: Wir k\u00e4mpfen jeden Tag f\u00fcr Gleichberechtigung","description":"Mit dem Internationalen Tag gegen Homophobie am Sonntag (17.5.) soll darauf aufmerksam gemacht werden, wie wichtig es ist, dass Lesben, Schwule,","robots":{"index":"index","follow":"follow","max-snippet":"max-snippet:-1","max-image-preview":"max-image-preview:large","max-video-preview":"max-video-preview:-1"},"canonical":"https:\/\/www.pressenza.com\/de\/2015\/05\/internationaler-tag-gegen-homophobie-wir-kampfen-jeden-tag-fur-gleichberechtigung\/","og_locale":"de_DE","og_type":"article","og_title":"Internationaler Tag gegen Homophobie: Wir k\u00e4mpfen jeden Tag f\u00fcr Gleichberechtigung","og_description":"Mit dem Internationalen Tag gegen Homophobie am Sonntag (17.5.) soll darauf aufmerksam gemacht werden, wie wichtig es ist, dass Lesben, Schwule,","og_url":"https:\/\/www.pressenza.com\/de\/2015\/05\/internationaler-tag-gegen-homophobie-wir-kampfen-jeden-tag-fur-gleichberechtigung\/","og_site_name":"Pressenza","article_publisher":"https:\/\/www.facebook.com\/PressenzaItalia","article_author":"https:\/\/www.facebook.com\/PressenzaEnglish\/","article_published_time":"2015-05-17T13:09:37+00:00","article_modified_time":"2015-05-17T13:11:44+00:00","og_image":[{"width":1280,"height":853,"url":"https:\/\/www.pressenza.com\/wp-content\/uploads\/2015\/05\/Rainbow_flag_breeze.jpg","type":"image\/jpeg"}],"author":"Pressenza Budapest","twitter_card":"summary_large_image","twitter_creator":"@PressenzaIPA","twitter_site":"@PressenzaIPA","twitter_misc":{"Verfasst von":"Pressenza Budapest","Gesch\u00e4tzte Lesezeit":"1\u00a0Minute"},"schema":{"@context":"https:\/\/schema.org","@graph":[{"@type":"Article","@id":"https:\/\/www.pressenza.com\/de\/2015\/05\/internationaler-tag-gegen-homophobie-wir-kampfen-jeden-tag-fur-gleichberechtigung\/#article","isPartOf":{"@id":"https:\/\/www.pressenza.com\/de\/2015\/05\/internationaler-tag-gegen-homophobie-wir-kampfen-jeden-tag-fur-gleichberechtigung\/"},"author":{"name":"Pressenza Budapest","@id":"https:\/\/www.pressenza.com\/de\/#\/schema\/person\/bce749c92532068a7a2de4f8a4a182e0"},"headline":"Internationaler Tag gegen Homophobie: Wir k\u00e4mpfen jeden Tag f\u00fcr Gleichberechtigung","datePublished":"2015-05-17T13:09:37+00:00","dateModified":"2015-05-17T13:11:44+00:00","mainEntityOfPage":{"@id":"https:\/\/www.pressenza.com\/de\/2015\/05\/internationaler-tag-gegen-homophobie-wir-kampfen-jeden-tag-fur-gleichberechtigung\/"},"wordCount":226,"publisher":{"@id":"https:\/\/www.pressenza.com\/de\/#organization"},"image":{"@id":"https:\/\/www.pressenza.com\/de\/2015\/05\/internationaler-tag-gegen-homophobie-wir-kampfen-jeden-tag-fur-gleichberechtigung\/#primaryimage"},"thumbnailUrl":"https:\/\/www.pressenza.com\/wp-content\/uploads\/2015\/05\/Rainbow_flag_breeze.jpg","keywords":["Europ\u00e4isches Parlament","Internationaler Tag gegen Homophobie","LGBT"],"articleSection":["Europa","Vielfalt"],"inLanguage":"de"},{"@type":"WebPage","@id":"https:\/\/www.pressenza.com\/de\/2015\/05\/internationaler-tag-gegen-homophobie-wir-kampfen-jeden-tag-fur-gleichberechtigung\/","url":"https:\/\/www.pressenza.com\/de\/2015\/05\/internationaler-tag-gegen-homophobie-wir-kampfen-jeden-tag-fur-gleichberechtigung\/","name":"Internationaler Tag gegen Homophobie: Wir k\u00e4mpfen jeden Tag f\u00fcr Gleichberechtigung","isPartOf":{"@id":"https:\/\/www.pressenza.com\/de\/#website"},"primaryImageOfPage":{"@id":"https:\/\/www.pressenza.com\/de\/2015\/05\/internationaler-tag-gegen-homophobie-wir-kampfen-jeden-tag-fur-gleichberechtigung\/#primaryimage"},"image":{"@id":"https:\/\/www.pressenza.com\/de\/2015\/05\/internationaler-tag-gegen-homophobie-wir-kampfen-jeden-tag-fur-gleichberechtigung\/#primaryimage"},"thumbnailUrl":"https:\/\/www.pressenza.com\/wp-content\/uploads\/2015\/05\/Rainbow_flag_breeze.jpg","datePublished":"2015-05-17T13:09:37+00:00","dateModified":"2015-05-17T13:11:44+00:00","description":"Mit dem Internationalen Tag gegen Homophobie am Sonntag (17.5.) soll darauf aufmerksam gemacht werden, wie wichtig es ist, dass Lesben, Schwule,","breadcrumb":{"@id":"https:\/\/www.pressenza.com\/de\/2015\/05\/internationaler-tag-gegen-homophobie-wir-kampfen-jeden-tag-fur-gleichberechtigung\/#breadcrumb"},"inLanguage":"de","potentialAction":[{"@type":"ReadAction","target":["https:\/\/www.pressenza.com\/de\/2015\/05\/internationaler-tag-gegen-homophobie-wir-kampfen-jeden-tag-fur-gleichberechtigung\/"]}]},{"@type":"ImageObject","inLanguage":"de","@id":"https:\/\/www.pressenza.com\/de\/2015\/05\/internationaler-tag-gegen-homophobie-wir-kampfen-jeden-tag-fur-gleichberechtigung\/#primaryimage","url":"https:\/\/www.pressenza.com\/wp-content\/uploads\/2015\/05\/Rainbow_flag_breeze.jpg","contentUrl":"https:\/\/www.pressenza.com\/wp-content\/uploads\/2015\/05\/Rainbow_flag_breeze.jpg","width":1280,"height":853},{"@type":"BreadcrumbList","@id":"https:\/\/www.pressenza.com\/de\/2015\/05\/internationaler-tag-gegen-homophobie-wir-kampfen-jeden-tag-fur-gleichberechtigung\/#breadcrumb","itemListElement":[{"@type":"ListItem","position":1,"name":"Accueil","item":"https:\/\/www.pressenza.com\/de\/"},{"@type":"ListItem","position":2,"name":"Internationaler Tag gegen Homophobie: Wir k\u00e4mpfen jeden Tag f\u00fcr Gleichberechtigung"}]},{"@type":"WebSite","@id":"https:\/\/www.pressenza.com\/de\/#website","url":"https:\/\/www.pressenza.com\/de\/","name":"Pressenza","description":"International Press Agency","publisher":{"@id":"https:\/\/www.pressenza.com\/de\/#organization"},"potentialAction":[{"@type":"SearchAction","target":{"@type":"EntryPoint","urlTemplate":"https:\/\/www.pressenza.com\/de\/?s={search_term_string}"},"query-input":{"@type":"PropertyValueSpecification","valueRequired":true,"valueName":"search_term_string"}}],"inLanguage":"de"},{"@type":"Organization","@id":"https:\/\/www.pressenza.com\/de\/#organization","name":"Pressenza","url":"https:\/\/www.pressenza.com\/de\/","logo":{"@type":"ImageObject","inLanguage":"de","@id":"https:\/\/www.pressenza.com\/de\/#\/schema\/logo\/image\/","url":"https:\/\/www.pressenza.com\/wp-content\/uploads\/2022\/10\/pressenza_logo_200x200.jpg","contentUrl":"https:\/\/www.pressenza.com\/wp-content\/uploads\/2022\/10\/pressenza_logo_200x200.jpg","width":200,"height":200,"caption":"Pressenza"},"image":{"@id":"https:\/\/www.pressenza.com\/de\/#\/schema\/logo\/image\/"},"sameAs":["https:\/\/www.facebook.com\/PressenzaItalia","https:\/\/x.com\/PressenzaIPA"]},{"@type":"Person","@id":"https:\/\/www.pressenza.com\/de\/#\/schema\/person\/bce749c92532068a7a2de4f8a4a182e0","name":"Pressenza Budapest","description":"News published by the Pressenza Bureau in Budapest, Hungary","sameAs":["https:\/\/www.facebook.com\/PressenzaEnglish\/","https:\/\/x.com\/PressenzaIPA"],"url":"https:\/\/www.pressenza.com\/de\/author\/pressenza-budapest\/"}]}},"place":"","original_article_url":"http:\/\/www.europarl.europa.eu\/news\/de\/news-room\/content\/20150511STO54582\/html\/Tag-gegen-Homophobie-Wir-k%C3%A4mpfen-jeden-Tag-f%C3%BCr-Gleichberechtigung","_links":{"self":[{"href":"https:\/\/www.pressenza.com\/de\/wp-json\/wp\/v2\/posts\/185608","targetHints":{"allow":["GET"]}}],"collection":[{"href":"https:\/\/www.pressenza.com\/de\/wp-json\/wp\/v2\/posts"}],"about":[{"href":"https:\/\/www.pressenza.com\/de\/wp-json\/wp\/v2\/types\/post"}],"author":[{"embeddable":true,"href":"https:\/\/www.pressenza.com\/de\/wp-json\/wp\/v2\/users\/1014"}],"replies":[{"embeddable":true,"href":"https:\/\/www.pressenza.com\/de\/wp-json\/wp\/v2\/comments?post=185608"}],"version-history":[{"count":0,"href":"https:\/\/www.pressenza.com\/de\/wp-json\/wp\/v2\/posts\/185608\/revisions"}],"wp:featuredmedia":[{"embeddable":true,"href":"https:\/\/www.pressenza.com\/de\/wp-json\/wp\/v2\/media\/185586"}],"wp:attachment":[{"href":"https:\/\/www.pressenza.com\/de\/wp-json\/wp\/v2\/media?parent=185608"}],"wp:term":[{"taxonomy":"category","embeddable":true,"href":"https:\/\/www.pressenza.com\/de\/wp-json\/wp\/v2\/categories?post=185608"},{"taxonomy":"post_tag","embeddable":true,"href":"https:\/\/www.pressenza.com\/de\/wp-json\/wp\/v2\/tags?post=185608"}],"curies":[{"name":"wp","href":"https:\/\/api.w.org\/{rel}","templated":true}]}}