{"id":185041,"date":"2015-05-14T17:36:37","date_gmt":"2015-05-14T16:36:37","guid":{"rendered":"http:\/\/www.pressenza.com\/?p=185041"},"modified":"2015-05-14T20:29:22","modified_gmt":"2015-05-14T19:29:22","slug":"frieden-ist-langfristig-ohne-soziale-gerechtigkeit-nicht-denkbar","status":"publish","type":"post","link":"https:\/\/www.pressenza.com\/de\/2015\/05\/frieden-ist-langfristig-ohne-soziale-gerechtigkeit-nicht-denkbar\/","title":{"rendered":"Frieden ist langfristig ohne soziale Gerechtigkeit nicht denkbar"},"content":{"rendered":"<p><strong><a href=\"http:\/\/www.promosaik.com\/\">ProMosaik e.V.<\/a> im Gespr\u00e4ch mit Heike Staff, Koordination der gemeinsamen \u00d6ffentlichkeitsarbeit des Konsortiums <a href=\"http:\/\/www.ziviler-friedensdienst.org\/de\">Ziviler Friedensdienst<\/a>. In einer ungerechten Welt voller Kriege und Gewalt ist der Friede eine Herausforderung, der wir uns Tag f\u00fcr Tag auch in unserem eigenen Leben stellen m\u00fcssen. Frieden und Gerechtigkeit kommen n\u00e4mlich von UNTEN, von den einzelnen Menschen, vom Mosaik der Initiativen f\u00fcr den Frieden. Daher berichten wir so gerne \u00fcber die Strategien einzelner Vereinigungen, die sich konkret f\u00fcr den Weltfrieden einsetzen. Ein ganz wichtiger Punkt des Friedensdiskurses ist f\u00fcr ProMosaik e.V. wie auch f\u00fcr ZFD dieser: es gibt keinen Frieden ohne Gerechtigkeit. Und Gerechtigkeit bedeutet vor allem soziale Gerechtigkeit. Frau Staff sendet auch eine wichtige Mahnung an die Medien: anstatt dauernd Gewalt zu zeigen sollten sich die Medien endlich darum bem\u00fchen, den Frieden zu zeigen. Denn Frieden gibt es! Und Frieden w\u00e4chst!<\/strong><\/p>\n<p><strong><em>Dr. phil. Milena Rampoldi: F\u00fcr ProMosaik e.V. ist der Frieden einer der wichtigsten Werte des Menschen und der Gesellschaft. Was bedeutet f\u00fcr Sie Frieden konkret und wie m\u00f6chten Sie den Frieden erreichen?<\/em><\/strong><\/p>\n<p>Frau Heike Staff des ZFD: Als Vision orientiert sich der Zivile Friedensdienst (ZFD) am Leitbild eines positiven Friedens, der mehr ist als die Abwesenheit von Gewalt. F\u00fcr den ZFD ist Frieden langfristig ohne soziale Gerechtigkeit nicht denkbar.<\/p>\n<p>Man k\u00f6nnte sagen, dass in vielen ZFD-Projekten Frieden als ein Prozess aufgefasst wird. Im Grunde genommen beginnt auch w\u00e4hrend der gewaltf\u00f6rmigen Eskalation eines Konfliktes schon der Friedensprozess \u2013 also alle Verhandlungen und Versuche, die Gewalt einzud\u00e4mmen und zu beenden und, unter Umst\u00e4nden, etwas an den Ursachen des Konfliktes zu ver\u00e4ndern.<\/p>\n<p><strong><em>Wie setzen Sie sich f\u00fcr einen gerechten Weltfrieden ein?<\/em><\/strong><\/p>\n<p>Was Frieden in einer gegebenen Situation ist, sollte von den Menschen mitbestimmt werden, die es betrifft. Der ZFD arbeitet weltweit in Krisen- und Konfliktregionen mit lokalen Partnerorganisationen zusammen, die beispielsweise \u00fcber Konfliktlinien hinweg Kooperations- und Dialogstrukturen aufbauen und gewaltfreies Konfliktmanagement f\u00f6rdern wie etwa lokal angepasste Mediationsformen oder die Bildung von Friedenskomitees. Menschenrechte sind Dreh- und Angelpunkt vieler Projekte, in denen Menschen, die sich unter Lebensgefahr f\u00fcr die Einhaltung der Menschenrechte einsetzen, unterst\u00fctzt und manchmal auch ganz konkret gesch\u00fctzt werden. Friedensarbeit hat viele Gesichter, auch die Arbeit in Bereichen wie Kommunikation und Medien, P\u00e4dagogik oder psychosoziale Unterst\u00fctzung kann dazugeh\u00f6ren.<\/p>\n<p>H\u00e4ufig findet Friedensarbeit nach heftigen Konflikten oder Kriegen statt, denn gerade solche Regionen sind besonders anf\u00e4llig f\u00fcr erneute gewaltsame Konflikteskalation. Nach schweren Menschenrechtsvergehen ist die Auseinandersetzung mit der Vergangenheit gleicherma\u00dfen wichtig wie schwierig. Das gilt in den ZFD-Projekten auf dem westlichen Balkan ebenso wie in Ruanda oder Kambodscha. Frauen und Jugendliche sind \u00fcbrigens besonders h\u00e4ufig Zielgruppen von Projekten der ZFD-Partnerorganisationen. Zurzeit ist der ZFD in 36 L\u00e4ndern aktiv und unterst\u00fctzt dort zumeist zivilgesellschaftliche Akteure, indem er Fachleute vermittelt, die Partnerorganisationen vor Ort beraten. Im letzten Jahr waren fast 250 Fachkr\u00e4fte im Einsatz.<\/p>\n<p><strong><em>Wie wichtig ist die lokale Vernetzung in der Friedensarbeit und warum?<\/em><\/strong><\/p>\n<p>Der ZFD ist \u00fcberzeugt davon, dass zum \u201eFrieden machen\u201c alle Menschen notwendig sind, die es betrifft. Wenn die Menschen vor Ort beteiligt sind, erh\u00f6hen sich die Chancen f\u00fcr einen dauerhaften Frieden enorm.<\/p>\n<p>Das Gesicht von Kriegen hat sich ver\u00e4ndert. Es ist vor allem die Zivilbev\u00f6lkerung, die \u00fcberall und in steigendem Ma\u00dfe Opfer kriegerischer Konflikte wird. Ist es da nicht sinnvoll, sie auch in ihrer Rolle als Friedensmacher und -macherinnen zu st\u00e4rken? \u2013 Insofern f\u00f6rdert der ZFD die zivilgesellschaftliche Organisation in NGOs (non-governmental organisations) und deren Vernetzung, die wichtig ist, um politisch Einfluss nehmen zu k\u00f6nnen.<\/p>\n<p><strong><em>Wie agieren Sie in Schulen f\u00fcr die Friedensbildung?<\/em><\/strong><\/p>\n<p>Einige Projekte im Ausland haben starke friedensp\u00e4dagogische Aspekte. Schulen in Deutschland k\u00f6nnen ZFD-R\u00fcckkehrer und R\u00fcckkehrerinnen aus dem Ausland als Referenten einladen (siehe dazu etwa die \u00dcbersicht auf <a href=\"http:\/\/www.friedensbildung-schule.de\/\">www.friedensbildung-schule.de<\/a>). \u00dcber den ZFD gibt es eine Ausstellung mit p\u00e4dagogischem Begleitmaterial, das auch im schulischen Kontext genutzt wird (siehe <a href=\"http:\/\/www.ziviler-friedensdienst.org\/\">www.ziviler-friedensdienst.org<\/a>).<\/p>\n<p><em><strong>K\u00f6nnten Sie bitte den Leserinnen und Lesern von ProMosaik e.V. Ihr Konzept der zivilen, gewaltfreien Konfliktbearbeitung (ZBK) vorstellen?<\/strong><\/em><\/p>\n<p>Durch die neuen Auffassungen zur zivilen Konfliktbearbeitung, wie sie sich seit den 80er und 90er Jahren entwickelten, haben sich viele unserer Sichtweisen ver\u00e4ndert wie zum Beispiel, dass man f\u00fcr Friedensarbeit vor allem Fantasie, also Kreativit\u00e4t, braucht. Dass Konflikte auch Chancen bieten. Dass sie oft schwierig zu meisternde, aber auch notwendige Phasen f\u00fcr Entwicklung sind. Dass so viele Menschen wie m\u00f6glich und n\u00f6tig einbezogen werden m\u00fcssen. Dass es Instrumente f\u00fcr die gewaltfreie Bearbeitung von Konflikten gibt, quasi eine Werkzeugkiste, in denen alle Weltkulturen ihre Erkenntnisse f\u00fcr friedlichen Interessenausgleich eingebracht haben.<\/p>\n<p><strong><em>Was hat Ihre Organisation bereits erreicht und was w\u00fcnschen Sie sich f\u00fcr die Zukunft?<\/em><\/strong><\/p>\n<p>Das Konsortium ZFD ist ein Netzwerk von neun deutschen Friedens- und Entwicklungsorganisationen, die im Rahmen der personellen Entwicklungszusammenarbeit Fachleute f\u00fcr den Frieden zu Partnerorganisationen ins Ausland senden. Der ZFD ist eine Initiative der deutschen Zivilgesellschaft, die vom Bundesministerium f\u00fcr wirtschaftliche Zusammenarbeit (BMZ) finanziert wird. In dieser Form existiert er seit dem Jahr 1999. In den vergangenen 15 Jahren ist der ZFD zu einem anerkannten Akteur der deutschen Friedens- und Entwicklungspolitik geworden. Zivile Konfliktbearbeitung als praktische Alternative weiterzuentwickeln und damit der Gewaltpr\u00e4vention zu dienen, steht ganz oben auf der Liste unserer W\u00fcnsche.<\/p>\n<p>Ich w\u00fcrde mir au\u00dferdem w\u00fcnschen, dass die Arbeit von so vielen engagierten Friedensaktivisten und -aktivistinnen weltweit auch bei uns st\u00e4rker gew\u00fcrdigt wird. Es w\u00e4re sch\u00f6n, wenn in unseren Medien ihr Mut und ihre unendliche Geduld st\u00e4rker zur Kenntnis genommen w\u00fcrden als die wom\u00f6glich immer wieder ausbrechende Gewalt.<\/p>\n","protected":false},"excerpt":{"rendered":"<p>ProMosaik e.V. im Gespr\u00e4ch mit Heike Staff, Koordination der gemeinsamen \u00d6ffentlichkeitsarbeit des Konsortiums Ziviler Friedensdienst. In einer ungerechten Welt voller Kriege und Gewalt ist der Friede eine Herausforderung, der wir uns Tag f\u00fcr Tag auch in unserem eigenen Leben stellen&hellip;<\/p>\n","protected":false},"author":1149,"featured_media":185067,"comment_status":"closed","ping_status":"open","sticky":false,"template":"","format":"standard","meta":{"footnotes":""},"categories":[9167,9166,9142],"tags":[9262,17514,17515],"class_list":["post-185041","post","type-post","status-publish","format-standard","has-post-thumbnail","hentry","category-frieden-und-abruestung","category-gewaltfreiheit","category-interviews-de","tag-frieden","tag-soziale-gerechtigkeit","tag-ziviler-friedensdienst"],"yoast_head":"<!-- This site is optimized with the Yoast SEO plugin v27.1.1 - https:\/\/yoast.com\/product\/yoast-seo-wordpress\/ -->\n<title>Frieden ist langfristig ohne soziale Gerechtigkeit nicht denkbar<\/title>\n<meta name=\"description\" content=\"ProMosaik e.V. im Gespr\u00e4ch mit Heike Staff, Koordination der gemeinsamen \u00d6ffentlichkeitsarbeit des Konsortiums Ziviler Friedensdienst. In einer\" \/>\n<meta name=\"robots\" content=\"index, follow, max-snippet:-1, max-image-preview:large, max-video-preview:-1\" \/>\n<link rel=\"canonical\" href=\"https:\/\/www.pressenza.com\/de\/2015\/05\/frieden-ist-langfristig-ohne-soziale-gerechtigkeit-nicht-denkbar\/\" \/>\n<meta property=\"og:locale\" content=\"de_DE\" \/>\n<meta property=\"og:type\" content=\"article\" \/>\n<meta property=\"og:title\" content=\"Frieden ist langfristig ohne soziale Gerechtigkeit nicht denkbar\" \/>\n<meta property=\"og:description\" content=\"ProMosaik e.V. im Gespr\u00e4ch mit Heike Staff, Koordination der gemeinsamen \u00d6ffentlichkeitsarbeit des Konsortiums Ziviler Friedensdienst. In einer\" \/>\n<meta property=\"og:url\" content=\"https:\/\/www.pressenza.com\/de\/2015\/05\/frieden-ist-langfristig-ohne-soziale-gerechtigkeit-nicht-denkbar\/\" \/>\n<meta property=\"og:site_name\" content=\"Pressenza\" \/>\n<meta property=\"article:publisher\" content=\"https:\/\/www.facebook.com\/PressenzaItalia\" \/>\n<meta property=\"article:published_time\" content=\"2015-05-14T16:36:37+00:00\" \/>\n<meta property=\"article:modified_time\" content=\"2015-05-14T19:29:22+00:00\" \/>\n<meta property=\"og:image\" content=\"https:\/\/www.pressenza.com\/wp-content\/uploads\/2015\/05\/zfd-promosaik-6.jpg\" \/>\n\t<meta property=\"og:image:width\" content=\"751\" \/>\n\t<meta property=\"og:image:height\" content=\"320\" \/>\n\t<meta property=\"og:image:type\" content=\"image\/jpeg\" \/>\n<meta name=\"author\" content=\"Milena Rampoldi\" \/>\n<meta name=\"twitter:card\" content=\"summary_large_image\" \/>\n<meta name=\"twitter:creator\" content=\"@PressenzaIPA\" \/>\n<meta name=\"twitter:site\" content=\"@PressenzaIPA\" \/>\n<meta name=\"twitter:label1\" content=\"Verfasst von\" \/>\n\t<meta name=\"twitter:data1\" content=\"Milena Rampoldi\" \/>\n\t<meta name=\"twitter:label2\" content=\"Gesch\u00e4tzte Lesezeit\" \/>\n\t<meta name=\"twitter:data2\" content=\"5\u00a0Minuten\" \/>\n<script type=\"application\/ld+json\" class=\"yoast-schema-graph\">{\"@context\":\"https:\/\/schema.org\",\"@graph\":[{\"@type\":\"Article\",\"@id\":\"https:\/\/www.pressenza.com\/de\/2015\/05\/frieden-ist-langfristig-ohne-soziale-gerechtigkeit-nicht-denkbar\/#article\",\"isPartOf\":{\"@id\":\"https:\/\/www.pressenza.com\/de\/2015\/05\/frieden-ist-langfristig-ohne-soziale-gerechtigkeit-nicht-denkbar\/\"},\"author\":{\"name\":\"Milena Rampoldi\",\"@id\":\"https:\/\/www.pressenza.com\/de\/#\/schema\/person\/1f3113f1dbef2a8376909f563854e5e5\"},\"headline\":\"Frieden ist langfristig ohne soziale Gerechtigkeit nicht denkbar\",\"datePublished\":\"2015-05-14T16:36:37+00:00\",\"dateModified\":\"2015-05-14T19:29:22+00:00\",\"mainEntityOfPage\":{\"@id\":\"https:\/\/www.pressenza.com\/de\/2015\/05\/frieden-ist-langfristig-ohne-soziale-gerechtigkeit-nicht-denkbar\/\"},\"wordCount\":961,\"publisher\":{\"@id\":\"https:\/\/www.pressenza.com\/de\/#organization\"},\"image\":{\"@id\":\"https:\/\/www.pressenza.com\/de\/2015\/05\/frieden-ist-langfristig-ohne-soziale-gerechtigkeit-nicht-denkbar\/#primaryimage\"},\"thumbnailUrl\":\"https:\/\/www.pressenza.com\/wp-content\/uploads\/2015\/05\/zfd-promosaik-6.jpg\",\"keywords\":[\"Frieden\",\"soziale Gerechtigkeit\",\"Ziviler Friedensdienst\"],\"articleSection\":[\"Frieden und Abr\u00fcstung\",\"Gewaltfreiheit\",\"Interviews\"],\"inLanguage\":\"de\"},{\"@type\":\"WebPage\",\"@id\":\"https:\/\/www.pressenza.com\/de\/2015\/05\/frieden-ist-langfristig-ohne-soziale-gerechtigkeit-nicht-denkbar\/\",\"url\":\"https:\/\/www.pressenza.com\/de\/2015\/05\/frieden-ist-langfristig-ohne-soziale-gerechtigkeit-nicht-denkbar\/\",\"name\":\"Frieden ist langfristig ohne soziale Gerechtigkeit nicht denkbar\",\"isPartOf\":{\"@id\":\"https:\/\/www.pressenza.com\/de\/#website\"},\"primaryImageOfPage\":{\"@id\":\"https:\/\/www.pressenza.com\/de\/2015\/05\/frieden-ist-langfristig-ohne-soziale-gerechtigkeit-nicht-denkbar\/#primaryimage\"},\"image\":{\"@id\":\"https:\/\/www.pressenza.com\/de\/2015\/05\/frieden-ist-langfristig-ohne-soziale-gerechtigkeit-nicht-denkbar\/#primaryimage\"},\"thumbnailUrl\":\"https:\/\/www.pressenza.com\/wp-content\/uploads\/2015\/05\/zfd-promosaik-6.jpg\",\"datePublished\":\"2015-05-14T16:36:37+00:00\",\"dateModified\":\"2015-05-14T19:29:22+00:00\",\"description\":\"ProMosaik e.V. im Gespr\u00e4ch mit Heike Staff, Koordination der gemeinsamen \u00d6ffentlichkeitsarbeit des Konsortiums Ziviler Friedensdienst. In einer\",\"breadcrumb\":{\"@id\":\"https:\/\/www.pressenza.com\/de\/2015\/05\/frieden-ist-langfristig-ohne-soziale-gerechtigkeit-nicht-denkbar\/#breadcrumb\"},\"inLanguage\":\"de\",\"potentialAction\":[{\"@type\":\"ReadAction\",\"target\":[\"https:\/\/www.pressenza.com\/de\/2015\/05\/frieden-ist-langfristig-ohne-soziale-gerechtigkeit-nicht-denkbar\/\"]}]},{\"@type\":\"ImageObject\",\"inLanguage\":\"de\",\"@id\":\"https:\/\/www.pressenza.com\/de\/2015\/05\/frieden-ist-langfristig-ohne-soziale-gerechtigkeit-nicht-denkbar\/#primaryimage\",\"url\":\"https:\/\/www.pressenza.com\/wp-content\/uploads\/2015\/05\/zfd-promosaik-6.jpg\",\"contentUrl\":\"https:\/\/www.pressenza.com\/wp-content\/uploads\/2015\/05\/zfd-promosaik-6.jpg\",\"width\":751,\"height\":320},{\"@type\":\"BreadcrumbList\",\"@id\":\"https:\/\/www.pressenza.com\/de\/2015\/05\/frieden-ist-langfristig-ohne-soziale-gerechtigkeit-nicht-denkbar\/#breadcrumb\",\"itemListElement\":[{\"@type\":\"ListItem\",\"position\":1,\"name\":\"Accueil\",\"item\":\"https:\/\/www.pressenza.com\/de\/\"},{\"@type\":\"ListItem\",\"position\":2,\"name\":\"Frieden ist langfristig ohne soziale Gerechtigkeit nicht denkbar\"}]},{\"@type\":\"WebSite\",\"@id\":\"https:\/\/www.pressenza.com\/de\/#website\",\"url\":\"https:\/\/www.pressenza.com\/de\/\",\"name\":\"Pressenza\",\"description\":\"International Press Agency\",\"publisher\":{\"@id\":\"https:\/\/www.pressenza.com\/de\/#organization\"},\"potentialAction\":[{\"@type\":\"SearchAction\",\"target\":{\"@type\":\"EntryPoint\",\"urlTemplate\":\"https:\/\/www.pressenza.com\/de\/?s={search_term_string}\"},\"query-input\":{\"@type\":\"PropertyValueSpecification\",\"valueRequired\":true,\"valueName\":\"search_term_string\"}}],\"inLanguage\":\"de\"},{\"@type\":\"Organization\",\"@id\":\"https:\/\/www.pressenza.com\/de\/#organization\",\"name\":\"Pressenza\",\"url\":\"https:\/\/www.pressenza.com\/de\/\",\"logo\":{\"@type\":\"ImageObject\",\"inLanguage\":\"de\",\"@id\":\"https:\/\/www.pressenza.com\/de\/#\/schema\/logo\/image\/\",\"url\":\"https:\/\/www.pressenza.com\/wp-content\/uploads\/2022\/10\/pressenza_logo_200x200.jpg\",\"contentUrl\":\"https:\/\/www.pressenza.com\/wp-content\/uploads\/2022\/10\/pressenza_logo_200x200.jpg\",\"width\":200,\"height\":200,\"caption\":\"Pressenza\"},\"image\":{\"@id\":\"https:\/\/www.pressenza.com\/de\/#\/schema\/logo\/image\/\"},\"sameAs\":[\"https:\/\/www.facebook.com\/PressenzaItalia\",\"https:\/\/x.com\/PressenzaIPA\"]},{\"@type\":\"Person\",\"@id\":\"https:\/\/www.pressenza.com\/de\/#\/schema\/person\/1f3113f1dbef2a8376909f563854e5e5\",\"name\":\"Milena Rampoldi\",\"description\":\"Milena Rampoldi \u00e8 nata a Bolzano nel 1973 e dopo i suoi studi teologici, pedagogici, filosofici e orientali in Italia ha proseguito con il dottorato di arabistica sul tema della didattica arabofona del Corano a Vienna. Insegnante di lingue e traduttrice, da anni si occupa di storia e religione islamica, di questioni politiche ed umanitarie, di femminismo e diritti umani e di storia medio-orientale ed africana. Tra le varie pubblicazioni, soprattutto in lingua tedesca, figurano i testi italiani sui Corsari del Mediterraneo e sul filosofo Ren\u00e9 Gu\u00e9non. E' promotrice dell'Associazione per il dialogo interculturale e interreligioso Promosaik www.promosaik.com\",\"url\":\"https:\/\/www.pressenza.com\/de\/author\/milena-rampoldi\/\"}]}<\/script>\n<!-- \/ Yoast SEO plugin. -->","yoast_head_json":{"title":"Frieden ist langfristig ohne soziale Gerechtigkeit nicht denkbar","description":"ProMosaik e.V. im Gespr\u00e4ch mit Heike Staff, Koordination der gemeinsamen \u00d6ffentlichkeitsarbeit des Konsortiums Ziviler Friedensdienst. In einer","robots":{"index":"index","follow":"follow","max-snippet":"max-snippet:-1","max-image-preview":"max-image-preview:large","max-video-preview":"max-video-preview:-1"},"canonical":"https:\/\/www.pressenza.com\/de\/2015\/05\/frieden-ist-langfristig-ohne-soziale-gerechtigkeit-nicht-denkbar\/","og_locale":"de_DE","og_type":"article","og_title":"Frieden ist langfristig ohne soziale Gerechtigkeit nicht denkbar","og_description":"ProMosaik e.V. im Gespr\u00e4ch mit Heike Staff, Koordination der gemeinsamen \u00d6ffentlichkeitsarbeit des Konsortiums Ziviler Friedensdienst. In einer","og_url":"https:\/\/www.pressenza.com\/de\/2015\/05\/frieden-ist-langfristig-ohne-soziale-gerechtigkeit-nicht-denkbar\/","og_site_name":"Pressenza","article_publisher":"https:\/\/www.facebook.com\/PressenzaItalia","article_published_time":"2015-05-14T16:36:37+00:00","article_modified_time":"2015-05-14T19:29:22+00:00","og_image":[{"width":751,"height":320,"url":"https:\/\/www.pressenza.com\/wp-content\/uploads\/2015\/05\/zfd-promosaik-6.jpg","type":"image\/jpeg"}],"author":"Milena Rampoldi","twitter_card":"summary_large_image","twitter_creator":"@PressenzaIPA","twitter_site":"@PressenzaIPA","twitter_misc":{"Verfasst von":"Milena Rampoldi","Gesch\u00e4tzte Lesezeit":"5\u00a0Minuten"},"schema":{"@context":"https:\/\/schema.org","@graph":[{"@type":"Article","@id":"https:\/\/www.pressenza.com\/de\/2015\/05\/frieden-ist-langfristig-ohne-soziale-gerechtigkeit-nicht-denkbar\/#article","isPartOf":{"@id":"https:\/\/www.pressenza.com\/de\/2015\/05\/frieden-ist-langfristig-ohne-soziale-gerechtigkeit-nicht-denkbar\/"},"author":{"name":"Milena Rampoldi","@id":"https:\/\/www.pressenza.com\/de\/#\/schema\/person\/1f3113f1dbef2a8376909f563854e5e5"},"headline":"Frieden ist langfristig ohne soziale Gerechtigkeit nicht denkbar","datePublished":"2015-05-14T16:36:37+00:00","dateModified":"2015-05-14T19:29:22+00:00","mainEntityOfPage":{"@id":"https:\/\/www.pressenza.com\/de\/2015\/05\/frieden-ist-langfristig-ohne-soziale-gerechtigkeit-nicht-denkbar\/"},"wordCount":961,"publisher":{"@id":"https:\/\/www.pressenza.com\/de\/#organization"},"image":{"@id":"https:\/\/www.pressenza.com\/de\/2015\/05\/frieden-ist-langfristig-ohne-soziale-gerechtigkeit-nicht-denkbar\/#primaryimage"},"thumbnailUrl":"https:\/\/www.pressenza.com\/wp-content\/uploads\/2015\/05\/zfd-promosaik-6.jpg","keywords":["Frieden","soziale Gerechtigkeit","Ziviler Friedensdienst"],"articleSection":["Frieden und Abr\u00fcstung","Gewaltfreiheit","Interviews"],"inLanguage":"de"},{"@type":"WebPage","@id":"https:\/\/www.pressenza.com\/de\/2015\/05\/frieden-ist-langfristig-ohne-soziale-gerechtigkeit-nicht-denkbar\/","url":"https:\/\/www.pressenza.com\/de\/2015\/05\/frieden-ist-langfristig-ohne-soziale-gerechtigkeit-nicht-denkbar\/","name":"Frieden ist langfristig ohne soziale Gerechtigkeit nicht denkbar","isPartOf":{"@id":"https:\/\/www.pressenza.com\/de\/#website"},"primaryImageOfPage":{"@id":"https:\/\/www.pressenza.com\/de\/2015\/05\/frieden-ist-langfristig-ohne-soziale-gerechtigkeit-nicht-denkbar\/#primaryimage"},"image":{"@id":"https:\/\/www.pressenza.com\/de\/2015\/05\/frieden-ist-langfristig-ohne-soziale-gerechtigkeit-nicht-denkbar\/#primaryimage"},"thumbnailUrl":"https:\/\/www.pressenza.com\/wp-content\/uploads\/2015\/05\/zfd-promosaik-6.jpg","datePublished":"2015-05-14T16:36:37+00:00","dateModified":"2015-05-14T19:29:22+00:00","description":"ProMosaik e.V. im Gespr\u00e4ch mit Heike Staff, Koordination der gemeinsamen \u00d6ffentlichkeitsarbeit des Konsortiums Ziviler Friedensdienst. In einer","breadcrumb":{"@id":"https:\/\/www.pressenza.com\/de\/2015\/05\/frieden-ist-langfristig-ohne-soziale-gerechtigkeit-nicht-denkbar\/#breadcrumb"},"inLanguage":"de","potentialAction":[{"@type":"ReadAction","target":["https:\/\/www.pressenza.com\/de\/2015\/05\/frieden-ist-langfristig-ohne-soziale-gerechtigkeit-nicht-denkbar\/"]}]},{"@type":"ImageObject","inLanguage":"de","@id":"https:\/\/www.pressenza.com\/de\/2015\/05\/frieden-ist-langfristig-ohne-soziale-gerechtigkeit-nicht-denkbar\/#primaryimage","url":"https:\/\/www.pressenza.com\/wp-content\/uploads\/2015\/05\/zfd-promosaik-6.jpg","contentUrl":"https:\/\/www.pressenza.com\/wp-content\/uploads\/2015\/05\/zfd-promosaik-6.jpg","width":751,"height":320},{"@type":"BreadcrumbList","@id":"https:\/\/www.pressenza.com\/de\/2015\/05\/frieden-ist-langfristig-ohne-soziale-gerechtigkeit-nicht-denkbar\/#breadcrumb","itemListElement":[{"@type":"ListItem","position":1,"name":"Accueil","item":"https:\/\/www.pressenza.com\/de\/"},{"@type":"ListItem","position":2,"name":"Frieden ist langfristig ohne soziale Gerechtigkeit nicht denkbar"}]},{"@type":"WebSite","@id":"https:\/\/www.pressenza.com\/de\/#website","url":"https:\/\/www.pressenza.com\/de\/","name":"Pressenza","description":"International Press Agency","publisher":{"@id":"https:\/\/www.pressenza.com\/de\/#organization"},"potentialAction":[{"@type":"SearchAction","target":{"@type":"EntryPoint","urlTemplate":"https:\/\/www.pressenza.com\/de\/?s={search_term_string}"},"query-input":{"@type":"PropertyValueSpecification","valueRequired":true,"valueName":"search_term_string"}}],"inLanguage":"de"},{"@type":"Organization","@id":"https:\/\/www.pressenza.com\/de\/#organization","name":"Pressenza","url":"https:\/\/www.pressenza.com\/de\/","logo":{"@type":"ImageObject","inLanguage":"de","@id":"https:\/\/www.pressenza.com\/de\/#\/schema\/logo\/image\/","url":"https:\/\/www.pressenza.com\/wp-content\/uploads\/2022\/10\/pressenza_logo_200x200.jpg","contentUrl":"https:\/\/www.pressenza.com\/wp-content\/uploads\/2022\/10\/pressenza_logo_200x200.jpg","width":200,"height":200,"caption":"Pressenza"},"image":{"@id":"https:\/\/www.pressenza.com\/de\/#\/schema\/logo\/image\/"},"sameAs":["https:\/\/www.facebook.com\/PressenzaItalia","https:\/\/x.com\/PressenzaIPA"]},{"@type":"Person","@id":"https:\/\/www.pressenza.com\/de\/#\/schema\/person\/1f3113f1dbef2a8376909f563854e5e5","name":"Milena Rampoldi","description":"Milena Rampoldi \u00e8 nata a Bolzano nel 1973 e dopo i suoi studi teologici, pedagogici, filosofici e orientali in Italia ha proseguito con il dottorato di arabistica sul tema della didattica arabofona del Corano a Vienna. Insegnante di lingue e traduttrice, da anni si occupa di storia e religione islamica, di questioni politiche ed umanitarie, di femminismo e diritti umani e di storia medio-orientale ed africana. Tra le varie pubblicazioni, soprattutto in lingua tedesca, figurano i testi italiani sui Corsari del Mediterraneo e sul filosofo Ren\u00e9 Gu\u00e9non. E' promotrice dell'Associazione per il dialogo interculturale e interreligioso Promosaik www.promosaik.com","url":"https:\/\/www.pressenza.com\/de\/author\/milena-rampoldi\/"}]}},"place":"","original_article_url":"http:\/\/www.promosaik.blogspot.de\/2015\/05\/promosaik-ev-im-gesprach-mit-heife.html","_links":{"self":[{"href":"https:\/\/www.pressenza.com\/de\/wp-json\/wp\/v2\/posts\/185041","targetHints":{"allow":["GET"]}}],"collection":[{"href":"https:\/\/www.pressenza.com\/de\/wp-json\/wp\/v2\/posts"}],"about":[{"href":"https:\/\/www.pressenza.com\/de\/wp-json\/wp\/v2\/types\/post"}],"author":[{"embeddable":true,"href":"https:\/\/www.pressenza.com\/de\/wp-json\/wp\/v2\/users\/1149"}],"replies":[{"embeddable":true,"href":"https:\/\/www.pressenza.com\/de\/wp-json\/wp\/v2\/comments?post=185041"}],"version-history":[{"count":0,"href":"https:\/\/www.pressenza.com\/de\/wp-json\/wp\/v2\/posts\/185041\/revisions"}],"wp:featuredmedia":[{"embeddable":true,"href":"https:\/\/www.pressenza.com\/de\/wp-json\/wp\/v2\/media\/185067"}],"wp:attachment":[{"href":"https:\/\/www.pressenza.com\/de\/wp-json\/wp\/v2\/media?parent=185041"}],"wp:term":[{"taxonomy":"category","embeddable":true,"href":"https:\/\/www.pressenza.com\/de\/wp-json\/wp\/v2\/categories?post=185041"},{"taxonomy":"post_tag","embeddable":true,"href":"https:\/\/www.pressenza.com\/de\/wp-json\/wp\/v2\/tags?post=185041"}],"curies":[{"name":"wp","href":"https:\/\/api.w.org\/{rel}","templated":true}]}}