{"id":1836785,"date":"2024-04-05T14:39:11","date_gmt":"2024-04-05T13:39:11","guid":{"rendered":"https:\/\/www.pressenza.com\/?p=1836785"},"modified":"2024-04-05T14:41:35","modified_gmt":"2024-04-05T13:41:35","slug":"der-rueckfall-der-deutschen-politiker-in-die-sucht-kriege-zu-fuehren","status":"publish","type":"post","link":"https:\/\/www.pressenza.com\/de\/2024\/04\/der-rueckfall-der-deutschen-politiker-in-die-sucht-kriege-zu-fuehren\/","title":{"rendered":"Der R\u00fcckfall der deutschen Politiker in die Sucht, Kriege zu f\u00fchren"},"content":{"rendered":"<p><strong>In einer Zeit, in der die Stimmen der Vergangenheit leiser werden und die Mahnungen der Kriegsgeneration allm\u00e4hlich verstummen, erhebt eine besorgte B\u00fcrgerin Anfang 70 ihre Stimme gegen das Wiederaufleben kriegerischer Rhetorik in Deutschland. Sie reflektiert besorgt \u00fcber die Parallelen zwischen der heutigen politischen Sprache und jener, die Europa in zwei verheerende Weltkriege st\u00fcrzte. Mit einem klaren Blick auf die Geschichte und deren tragische Ereignisse appelliert sie an die Verantwortung der aktuellen Generation, Frieden und Diplomatie \u00fcber Hass und ideologische Verblendung zu stellen. Dieser Aufruf ist nicht nur eine pers\u00f6nliche Stellungnahme, sondern auch ein dringender Appell an die Gesellschaft, sich gegen die Spirale der Aufr\u00fcstung und den Drang zu milit\u00e4rischen Konflikten zu stellen.<\/strong><\/p>\n<blockquote><p>Ich bin Anfang 70 und zum Gl\u00fcck im Frieden aufgewachsen, aber ich f\u00fcrchte, dieses Privileg ist den j\u00fcngeren Generationen nicht mehr verg\u00f6nnt, wenn nicht endlich Vernunft einkehrt statt Hass und ideologischer Verblendung.<\/p>\n<p>Die \u00dcberlebenden des vorigen Weltkriegs sind fast 80 Jahre nach Kriegsende meist verstorben, da h\u00f6rt man wieder eine Kriegsrhetorik, die der von vor 90 Jahren stark \u00e4hnelt. Es geht um Sieg auf dem Schlachtfeld, kein \u201eDiktatfrieden\u201c darf eingegangen werden, man kann angeblich nicht verhandeln \u2013 kein Wort von Diplomatie in der deutschen Politik.<\/p>\n<p>Wieder soll der Krieg \u2013 zun\u00e4chst verbal von verantwortungslosen Politikern, die sich selbst in Sicherheit glauben \u2013 nach Russland getragen werden, die Russophobie kennt keine Grenzen, selbst K\u00fcnstler oder behinderte Sportler werden nicht verschont. Schon lange wird wieder mit deutschen Waffen auf Russen geschossen. Ich will keinen Krieg mit Russland und ich hasse keine Russen. So manchen warmherzigen und gastfreundlichen Menschen habe ich fr\u00fcher kennen gelernt, sowohl aus Russland, der Ukraine als auch aus anderen L\u00e4ndern.<\/p>\n<p>Was ist das nur f\u00fcr ein Land &#8211; dieses Deutschland? Zweimal hat es einen Weltkrieg ausgel\u00f6st, der Holocaust und die Verbrechen im 2. Weltkrieg \u00fcbertreffen jede Vorstellungskraft und doch soll Deutschland wieder \u201ekriegst\u00fcchtig\u201c werden und wieder gegen Russland in den Krieg ziehen. Die damalige Sowjetunion hatte die meisten Opfer zu beklagen und einen gro\u00dfen Anteil an der Zerschlagung des Hitler-Faschismus. \u201eNie wieder Krieg\u201c hie\u00df es dann, die Friedenspflicht wurde sogar im Grundgesetz verankert. Deutschland wollte \u201eals gleichberechtigtes Glied in einem vereinten Europa dem Frieden der Welt [\u2026] dienen (Pr\u00e4ambel GG)<\/p>\n<p>Nein, ich will kein kriegst\u00fcchtiges Land, ich will, dass Deutschland endlich wieder friedenst\u00fcchtig wird, dass nicht Milliarden f\u00fcr R\u00fcstung und Waffen ausgegeben werden, sondern f\u00fcr Bildung, Infrastruktur und Soziales. Wer den Klimaschutz ernst nimmt, kann das Milit\u00e4r mit seinen Emissionen, ob in Man\u00f6vern oder Kriegshandlungen, nicht einfach unbeachtet lassen. Was nach einem dritten Weltkrieg davon noch \u00fcbrig bleibt, ist eine andere Frage. Im schlimmsten Fall eine auf lange Zeit verstrahlte unbewohnbare Erde.<\/p>\n<p>Kinder brauchen Zuwendung, Geborgenheit und vor allem eine Zukunft, aber keine Bekanntschaft mit Krieg, egal in welcher Form.<\/p>\n<p>Ich will, dass die \u00f6ffentlich-rechtlichen Medien ihren Auftrag aus dem Medienvertrag wieder wahrnehmen und ausgewogen, unabh\u00e4ngig und objektiv berichten, statt Propaganda zu betreiben.<\/p>\n<p>Dass sich Politiker an ihren Amtseid erinnern, in dem sie geschworen haben, Schaden vom deutschen Volk zu wenden.<\/p>\n<p>Mit dem, was ich will und nicht will, bin ich nicht allein, die Mehrheit der Deutschen will eine R\u00fcckkehr zu kluger Diplomatie und friedlichem Miteinander der V\u00f6lker.<\/p>\n<p>Was ich wahrnehme, \u00e4hnelt dem Verhalten eines r\u00fcckf\u00e4lligen Drogens\u00fcchtigen: Jahre lang den Kampf gegen die Droge gewonnen und pl\u00f6tzlich kommt doch ein R\u00fcckfall, die Sucht ist noch da und wartet nur auf ihre Chance.<\/p>\n<p>Die Sucht, Krieg zu f\u00fchren, ist jedoch sehr viel t\u00f6dlicher als jede andere und trifft viele unschuldige Menschen.<\/p>\n<p><em>Beate R\u00fcger<\/em><\/p><\/blockquote>\n","protected":false},"excerpt":{"rendered":"<p>In einer Zeit, in der die Stimmen der Vergangenheit leiser werden und die Mahnungen der Kriegsgeneration allm\u00e4hlich verstummen, erhebt eine besorgte B\u00fcrgerin Anfang 70 ihre Stimme gegen das Wiederaufleben kriegerischer Rhetorik in Deutschland. Sie reflektiert besorgt \u00fcber die Parallelen zwischen&hellip;<\/p>\n","protected":false},"author":1095,"featured_media":1836789,"comment_status":"closed","ping_status":"closed","sticky":false,"template":"","format":"standard","meta":{"footnotes":""},"categories":[9150,9167,9143,11387,9168],"tags":[9182,28798,121663,29953,15357,100972,110158],"class_list":["post-1836785","post","type-post","status-publish","format-standard","has-post-thumbnail","hentry","category-europa-de","category-frieden-und-abruestung","category-meinungen","category-originalinhalt","category-politik","tag-deutschland","tag-friedenspolitik","tag-kriegsrethorik","tag-kriegstreiberei","tag-russland","tag-ukrainekrieg","tag-verhandlungsfrieden"],"yoast_head":"<!-- This site is optimized with the Yoast SEO plugin v27.1.1 - https:\/\/yoast.com\/product\/yoast-seo-wordpress\/ -->\n<title>Der R\u00fcckfall der deutschen Politiker in die Sucht, Kriege zu f\u00fchren<\/title>\n<meta name=\"description\" content=\"In einer Zeit, in der die Stimmen der Vergangenheit leiser werden und die Mahnungen der Kriegsgeneration allm\u00e4hlich verstummen, erhebt eine besorgte\" \/>\n<meta name=\"robots\" content=\"index, follow, max-snippet:-1, max-image-preview:large, max-video-preview:-1\" \/>\n<link rel=\"canonical\" href=\"https:\/\/www.pressenza.com\/de\/2024\/04\/der-rueckfall-der-deutschen-politiker-in-die-sucht-kriege-zu-fuehren\/\" \/>\n<meta property=\"og:locale\" content=\"de_DE\" \/>\n<meta property=\"og:type\" content=\"article\" \/>\n<meta property=\"og:title\" content=\"Der R\u00fcckfall der deutschen Politiker in die Sucht, Kriege zu f\u00fchren\" \/>\n<meta property=\"og:description\" content=\"In einer Zeit, in der die Stimmen der Vergangenheit leiser werden und die Mahnungen der Kriegsgeneration allm\u00e4hlich verstummen, erhebt eine besorgte\" \/>\n<meta property=\"og:url\" content=\"https:\/\/www.pressenza.com\/de\/2024\/04\/der-rueckfall-der-deutschen-politiker-in-die-sucht-kriege-zu-fuehren\/\" \/>\n<meta property=\"og:site_name\" content=\"Pressenza\" \/>\n<meta property=\"article:publisher\" content=\"https:\/\/www.facebook.com\/PressenzaItalia\" \/>\n<meta property=\"article:author\" content=\"https:\/\/www.facebook.com\/Pressenza-Deutschland-sterreich-Schweiz-281675388658060\/timeline\/\" \/>\n<meta property=\"article:published_time\" content=\"2024-04-05T13:39:11+00:00\" \/>\n<meta property=\"article:modified_time\" content=\"2024-04-05T13:41:35+00:00\" \/>\n<meta property=\"og:image\" content=\"https:\/\/www.pressenza.com\/wp-content\/uploads\/2024\/04\/Brandenburger_Tor_2_Weltkrieg.jpg\" \/>\n\t<meta property=\"og:image:width\" content=\"820\" \/>\n\t<meta property=\"og:image:height\" content=\"541\" \/>\n\t<meta property=\"og:image:type\" content=\"image\/jpeg\" \/>\n<meta name=\"author\" content=\"Pressenza Berlin\" \/>\n<meta name=\"twitter:card\" content=\"summary_large_image\" \/>\n<meta name=\"twitter:creator\" content=\"@pressenza_ger\" \/>\n<meta name=\"twitter:site\" content=\"@PressenzaIPA\" \/>\n<meta name=\"twitter:label1\" content=\"Verfasst von\" \/>\n\t<meta name=\"twitter:data1\" content=\"Pressenza Berlin\" \/>\n\t<meta name=\"twitter:label2\" content=\"Gesch\u00e4tzte Lesezeit\" \/>\n\t<meta name=\"twitter:data2\" content=\"4\u00a0Minuten\" \/>\n<script type=\"application\/ld+json\" class=\"yoast-schema-graph\">{\"@context\":\"https:\/\/schema.org\",\"@graph\":[{\"@type\":\"Article\",\"@id\":\"https:\/\/www.pressenza.com\/de\/2024\/04\/der-rueckfall-der-deutschen-politiker-in-die-sucht-kriege-zu-fuehren\/#article\",\"isPartOf\":{\"@id\":\"https:\/\/www.pressenza.com\/de\/2024\/04\/der-rueckfall-der-deutschen-politiker-in-die-sucht-kriege-zu-fuehren\/\"},\"author\":{\"name\":\"Pressenza Berlin\",\"@id\":\"https:\/\/www.pressenza.com\/de\/#\/schema\/person\/57bb5480943a496a7722b0248e4b658a\"},\"headline\":\"Der R\u00fcckfall der deutschen Politiker in die Sucht, Kriege zu f\u00fchren\",\"datePublished\":\"2024-04-05T13:39:11+00:00\",\"dateModified\":\"2024-04-05T13:41:35+00:00\",\"mainEntityOfPage\":{\"@id\":\"https:\/\/www.pressenza.com\/de\/2024\/04\/der-rueckfall-der-deutschen-politiker-in-die-sucht-kriege-zu-fuehren\/\"},\"wordCount\":617,\"publisher\":{\"@id\":\"https:\/\/www.pressenza.com\/de\/#organization\"},\"image\":{\"@id\":\"https:\/\/www.pressenza.com\/de\/2024\/04\/der-rueckfall-der-deutschen-politiker-in-die-sucht-kriege-zu-fuehren\/#primaryimage\"},\"thumbnailUrl\":\"https:\/\/www.pressenza.com\/wp-content\/uploads\/2024\/04\/Brandenburger_Tor_2_Weltkrieg.jpg\",\"keywords\":[\"Deutschland\",\"Friedenspolitik\",\"Kriegsrethorik\",\"Kriegstreiberei\",\"Russland\",\"Ukrainekrieg\",\"Verhandlungsfrieden\"],\"articleSection\":[\"Europa\",\"Frieden und Abr\u00fcstung\",\"Meinungen\",\"Originalinhalt\",\"Politik\"],\"inLanguage\":\"de\"},{\"@type\":\"WebPage\",\"@id\":\"https:\/\/www.pressenza.com\/de\/2024\/04\/der-rueckfall-der-deutschen-politiker-in-die-sucht-kriege-zu-fuehren\/\",\"url\":\"https:\/\/www.pressenza.com\/de\/2024\/04\/der-rueckfall-der-deutschen-politiker-in-die-sucht-kriege-zu-fuehren\/\",\"name\":\"Der R\u00fcckfall der deutschen Politiker in die Sucht, Kriege zu f\u00fchren\",\"isPartOf\":{\"@id\":\"https:\/\/www.pressenza.com\/de\/#website\"},\"primaryImageOfPage\":{\"@id\":\"https:\/\/www.pressenza.com\/de\/2024\/04\/der-rueckfall-der-deutschen-politiker-in-die-sucht-kriege-zu-fuehren\/#primaryimage\"},\"image\":{\"@id\":\"https:\/\/www.pressenza.com\/de\/2024\/04\/der-rueckfall-der-deutschen-politiker-in-die-sucht-kriege-zu-fuehren\/#primaryimage\"},\"thumbnailUrl\":\"https:\/\/www.pressenza.com\/wp-content\/uploads\/2024\/04\/Brandenburger_Tor_2_Weltkrieg.jpg\",\"datePublished\":\"2024-04-05T13:39:11+00:00\",\"dateModified\":\"2024-04-05T13:41:35+00:00\",\"description\":\"In einer Zeit, in der die Stimmen der Vergangenheit leiser werden und die Mahnungen der Kriegsgeneration allm\u00e4hlich verstummen, erhebt eine besorgte\",\"breadcrumb\":{\"@id\":\"https:\/\/www.pressenza.com\/de\/2024\/04\/der-rueckfall-der-deutschen-politiker-in-die-sucht-kriege-zu-fuehren\/#breadcrumb\"},\"inLanguage\":\"de\",\"potentialAction\":[{\"@type\":\"ReadAction\",\"target\":[\"https:\/\/www.pressenza.com\/de\/2024\/04\/der-rueckfall-der-deutschen-politiker-in-die-sucht-kriege-zu-fuehren\/\"]}]},{\"@type\":\"ImageObject\",\"inLanguage\":\"de\",\"@id\":\"https:\/\/www.pressenza.com\/de\/2024\/04\/der-rueckfall-der-deutschen-politiker-in-die-sucht-kriege-zu-fuehren\/#primaryimage\",\"url\":\"https:\/\/www.pressenza.com\/wp-content\/uploads\/2024\/04\/Brandenburger_Tor_2_Weltkrieg.jpg\",\"contentUrl\":\"https:\/\/www.pressenza.com\/wp-content\/uploads\/2024\/04\/Brandenburger_Tor_2_Weltkrieg.jpg\",\"width\":820,\"height\":541,\"caption\":\"Der R\u00fcckfall der deutschen Politiker in die Sucht, Kriege zu f\u00fchren\"},{\"@type\":\"BreadcrumbList\",\"@id\":\"https:\/\/www.pressenza.com\/de\/2024\/04\/der-rueckfall-der-deutschen-politiker-in-die-sucht-kriege-zu-fuehren\/#breadcrumb\",\"itemListElement\":[{\"@type\":\"ListItem\",\"position\":1,\"name\":\"Accueil\",\"item\":\"https:\/\/www.pressenza.com\/de\/\"},{\"@type\":\"ListItem\",\"position\":2,\"name\":\"Der R\u00fcckfall der deutschen Politiker in die Sucht, Kriege zu f\u00fchren\"}]},{\"@type\":\"WebSite\",\"@id\":\"https:\/\/www.pressenza.com\/de\/#website\",\"url\":\"https:\/\/www.pressenza.com\/de\/\",\"name\":\"Pressenza\",\"description\":\"International Press Agency\",\"publisher\":{\"@id\":\"https:\/\/www.pressenza.com\/de\/#organization\"},\"potentialAction\":[{\"@type\":\"SearchAction\",\"target\":{\"@type\":\"EntryPoint\",\"urlTemplate\":\"https:\/\/www.pressenza.com\/de\/?s={search_term_string}\"},\"query-input\":{\"@type\":\"PropertyValueSpecification\",\"valueRequired\":true,\"valueName\":\"search_term_string\"}}],\"inLanguage\":\"de\"},{\"@type\":\"Organization\",\"@id\":\"https:\/\/www.pressenza.com\/de\/#organization\",\"name\":\"Pressenza\",\"url\":\"https:\/\/www.pressenza.com\/de\/\",\"logo\":{\"@type\":\"ImageObject\",\"inLanguage\":\"de\",\"@id\":\"https:\/\/www.pressenza.com\/de\/#\/schema\/logo\/image\/\",\"url\":\"https:\/\/www.pressenza.com\/wp-content\/uploads\/2022\/10\/pressenza_logo_200x200.jpg\",\"contentUrl\":\"https:\/\/www.pressenza.com\/wp-content\/uploads\/2022\/10\/pressenza_logo_200x200.jpg\",\"width\":200,\"height\":200,\"caption\":\"Pressenza\"},\"image\":{\"@id\":\"https:\/\/www.pressenza.com\/de\/#\/schema\/logo\/image\/\"},\"sameAs\":[\"https:\/\/www.facebook.com\/PressenzaItalia\",\"https:\/\/x.com\/PressenzaIPA\"]},{\"@type\":\"Person\",\"@id\":\"https:\/\/www.pressenza.com\/de\/#\/schema\/person\/57bb5480943a496a7722b0248e4b658a\",\"name\":\"Pressenza Berlin\",\"description\":\"News from the Pressenza Bureau in Berlin, Germany\",\"sameAs\":[\"https:\/\/www.facebook.com\/Pressenza-Deutschland-sterreich-Schweiz-281675388658060\/timeline\/\",\"https:\/\/x.com\/pressenza_ger\"],\"url\":\"https:\/\/www.pressenza.com\/de\/author\/pressenza-berlin\/\"}]}<\/script>\n<!-- \/ Yoast SEO plugin. -->","yoast_head_json":{"title":"Der R\u00fcckfall der deutschen Politiker in die Sucht, Kriege zu f\u00fchren","description":"In einer Zeit, in der die Stimmen der Vergangenheit leiser werden und die Mahnungen der Kriegsgeneration allm\u00e4hlich verstummen, erhebt eine besorgte","robots":{"index":"index","follow":"follow","max-snippet":"max-snippet:-1","max-image-preview":"max-image-preview:large","max-video-preview":"max-video-preview:-1"},"canonical":"https:\/\/www.pressenza.com\/de\/2024\/04\/der-rueckfall-der-deutschen-politiker-in-die-sucht-kriege-zu-fuehren\/","og_locale":"de_DE","og_type":"article","og_title":"Der R\u00fcckfall der deutschen Politiker in die Sucht, Kriege zu f\u00fchren","og_description":"In einer Zeit, in der die Stimmen der Vergangenheit leiser werden und die Mahnungen der Kriegsgeneration allm\u00e4hlich verstummen, erhebt eine besorgte","og_url":"https:\/\/www.pressenza.com\/de\/2024\/04\/der-rueckfall-der-deutschen-politiker-in-die-sucht-kriege-zu-fuehren\/","og_site_name":"Pressenza","article_publisher":"https:\/\/www.facebook.com\/PressenzaItalia","article_author":"https:\/\/www.facebook.com\/Pressenza-Deutschland-sterreich-Schweiz-281675388658060\/timeline\/","article_published_time":"2024-04-05T13:39:11+00:00","article_modified_time":"2024-04-05T13:41:35+00:00","og_image":[{"width":820,"height":541,"url":"https:\/\/www.pressenza.com\/wp-content\/uploads\/2024\/04\/Brandenburger_Tor_2_Weltkrieg.jpg","type":"image\/jpeg"}],"author":"Pressenza Berlin","twitter_card":"summary_large_image","twitter_creator":"@pressenza_ger","twitter_site":"@PressenzaIPA","twitter_misc":{"Verfasst von":"Pressenza Berlin","Gesch\u00e4tzte Lesezeit":"4\u00a0Minuten"},"schema":{"@context":"https:\/\/schema.org","@graph":[{"@type":"Article","@id":"https:\/\/www.pressenza.com\/de\/2024\/04\/der-rueckfall-der-deutschen-politiker-in-die-sucht-kriege-zu-fuehren\/#article","isPartOf":{"@id":"https:\/\/www.pressenza.com\/de\/2024\/04\/der-rueckfall-der-deutschen-politiker-in-die-sucht-kriege-zu-fuehren\/"},"author":{"name":"Pressenza Berlin","@id":"https:\/\/www.pressenza.com\/de\/#\/schema\/person\/57bb5480943a496a7722b0248e4b658a"},"headline":"Der R\u00fcckfall der deutschen Politiker in die Sucht, Kriege zu f\u00fchren","datePublished":"2024-04-05T13:39:11+00:00","dateModified":"2024-04-05T13:41:35+00:00","mainEntityOfPage":{"@id":"https:\/\/www.pressenza.com\/de\/2024\/04\/der-rueckfall-der-deutschen-politiker-in-die-sucht-kriege-zu-fuehren\/"},"wordCount":617,"publisher":{"@id":"https:\/\/www.pressenza.com\/de\/#organization"},"image":{"@id":"https:\/\/www.pressenza.com\/de\/2024\/04\/der-rueckfall-der-deutschen-politiker-in-die-sucht-kriege-zu-fuehren\/#primaryimage"},"thumbnailUrl":"https:\/\/www.pressenza.com\/wp-content\/uploads\/2024\/04\/Brandenburger_Tor_2_Weltkrieg.jpg","keywords":["Deutschland","Friedenspolitik","Kriegsrethorik","Kriegstreiberei","Russland","Ukrainekrieg","Verhandlungsfrieden"],"articleSection":["Europa","Frieden und Abr\u00fcstung","Meinungen","Originalinhalt","Politik"],"inLanguage":"de"},{"@type":"WebPage","@id":"https:\/\/www.pressenza.com\/de\/2024\/04\/der-rueckfall-der-deutschen-politiker-in-die-sucht-kriege-zu-fuehren\/","url":"https:\/\/www.pressenza.com\/de\/2024\/04\/der-rueckfall-der-deutschen-politiker-in-die-sucht-kriege-zu-fuehren\/","name":"Der R\u00fcckfall der deutschen Politiker in die Sucht, Kriege zu f\u00fchren","isPartOf":{"@id":"https:\/\/www.pressenza.com\/de\/#website"},"primaryImageOfPage":{"@id":"https:\/\/www.pressenza.com\/de\/2024\/04\/der-rueckfall-der-deutschen-politiker-in-die-sucht-kriege-zu-fuehren\/#primaryimage"},"image":{"@id":"https:\/\/www.pressenza.com\/de\/2024\/04\/der-rueckfall-der-deutschen-politiker-in-die-sucht-kriege-zu-fuehren\/#primaryimage"},"thumbnailUrl":"https:\/\/www.pressenza.com\/wp-content\/uploads\/2024\/04\/Brandenburger_Tor_2_Weltkrieg.jpg","datePublished":"2024-04-05T13:39:11+00:00","dateModified":"2024-04-05T13:41:35+00:00","description":"In einer Zeit, in der die Stimmen der Vergangenheit leiser werden und die Mahnungen der Kriegsgeneration allm\u00e4hlich verstummen, erhebt eine besorgte","breadcrumb":{"@id":"https:\/\/www.pressenza.com\/de\/2024\/04\/der-rueckfall-der-deutschen-politiker-in-die-sucht-kriege-zu-fuehren\/#breadcrumb"},"inLanguage":"de","potentialAction":[{"@type":"ReadAction","target":["https:\/\/www.pressenza.com\/de\/2024\/04\/der-rueckfall-der-deutschen-politiker-in-die-sucht-kriege-zu-fuehren\/"]}]},{"@type":"ImageObject","inLanguage":"de","@id":"https:\/\/www.pressenza.com\/de\/2024\/04\/der-rueckfall-der-deutschen-politiker-in-die-sucht-kriege-zu-fuehren\/#primaryimage","url":"https:\/\/www.pressenza.com\/wp-content\/uploads\/2024\/04\/Brandenburger_Tor_2_Weltkrieg.jpg","contentUrl":"https:\/\/www.pressenza.com\/wp-content\/uploads\/2024\/04\/Brandenburger_Tor_2_Weltkrieg.jpg","width":820,"height":541,"caption":"Der R\u00fcckfall der deutschen Politiker in die Sucht, Kriege zu f\u00fchren"},{"@type":"BreadcrumbList","@id":"https:\/\/www.pressenza.com\/de\/2024\/04\/der-rueckfall-der-deutschen-politiker-in-die-sucht-kriege-zu-fuehren\/#breadcrumb","itemListElement":[{"@type":"ListItem","position":1,"name":"Accueil","item":"https:\/\/www.pressenza.com\/de\/"},{"@type":"ListItem","position":2,"name":"Der R\u00fcckfall der deutschen Politiker in die Sucht, Kriege zu f\u00fchren"}]},{"@type":"WebSite","@id":"https:\/\/www.pressenza.com\/de\/#website","url":"https:\/\/www.pressenza.com\/de\/","name":"Pressenza","description":"International Press Agency","publisher":{"@id":"https:\/\/www.pressenza.com\/de\/#organization"},"potentialAction":[{"@type":"SearchAction","target":{"@type":"EntryPoint","urlTemplate":"https:\/\/www.pressenza.com\/de\/?s={search_term_string}"},"query-input":{"@type":"PropertyValueSpecification","valueRequired":true,"valueName":"search_term_string"}}],"inLanguage":"de"},{"@type":"Organization","@id":"https:\/\/www.pressenza.com\/de\/#organization","name":"Pressenza","url":"https:\/\/www.pressenza.com\/de\/","logo":{"@type":"ImageObject","inLanguage":"de","@id":"https:\/\/www.pressenza.com\/de\/#\/schema\/logo\/image\/","url":"https:\/\/www.pressenza.com\/wp-content\/uploads\/2022\/10\/pressenza_logo_200x200.jpg","contentUrl":"https:\/\/www.pressenza.com\/wp-content\/uploads\/2022\/10\/pressenza_logo_200x200.jpg","width":200,"height":200,"caption":"Pressenza"},"image":{"@id":"https:\/\/www.pressenza.com\/de\/#\/schema\/logo\/image\/"},"sameAs":["https:\/\/www.facebook.com\/PressenzaItalia","https:\/\/x.com\/PressenzaIPA"]},{"@type":"Person","@id":"https:\/\/www.pressenza.com\/de\/#\/schema\/person\/57bb5480943a496a7722b0248e4b658a","name":"Pressenza Berlin","description":"News from the Pressenza Bureau in Berlin, Germany","sameAs":["https:\/\/www.facebook.com\/Pressenza-Deutschland-sterreich-Schweiz-281675388658060\/timeline\/","https:\/\/x.com\/pressenza_ger"],"url":"https:\/\/www.pressenza.com\/de\/author\/pressenza-berlin\/"}]}},"place":"","original_article_url":"","_links":{"self":[{"href":"https:\/\/www.pressenza.com\/de\/wp-json\/wp\/v2\/posts\/1836785","targetHints":{"allow":["GET"]}}],"collection":[{"href":"https:\/\/www.pressenza.com\/de\/wp-json\/wp\/v2\/posts"}],"about":[{"href":"https:\/\/www.pressenza.com\/de\/wp-json\/wp\/v2\/types\/post"}],"author":[{"embeddable":true,"href":"https:\/\/www.pressenza.com\/de\/wp-json\/wp\/v2\/users\/1095"}],"replies":[{"embeddable":true,"href":"https:\/\/www.pressenza.com\/de\/wp-json\/wp\/v2\/comments?post=1836785"}],"version-history":[{"count":0,"href":"https:\/\/www.pressenza.com\/de\/wp-json\/wp\/v2\/posts\/1836785\/revisions"}],"wp:featuredmedia":[{"embeddable":true,"href":"https:\/\/www.pressenza.com\/de\/wp-json\/wp\/v2\/media\/1836789"}],"wp:attachment":[{"href":"https:\/\/www.pressenza.com\/de\/wp-json\/wp\/v2\/media?parent=1836785"}],"wp:term":[{"taxonomy":"category","embeddable":true,"href":"https:\/\/www.pressenza.com\/de\/wp-json\/wp\/v2\/categories?post=1836785"},{"taxonomy":"post_tag","embeddable":true,"href":"https:\/\/www.pressenza.com\/de\/wp-json\/wp\/v2\/tags?post=1836785"}],"curies":[{"name":"wp","href":"https:\/\/api.w.org\/{rel}","templated":true}]}}