{"id":1834984,"date":"2024-03-27T14:25:55","date_gmt":"2024-03-27T14:25:55","guid":{"rendered":"https:\/\/www.pressenza.com\/?p=1834984"},"modified":"2024-03-27T14:28:57","modified_gmt":"2024-03-27T14:28:57","slug":"atomwaffenverbotsvertrag-scheizer-regierung-bleibt-weiterhin-untaetig","status":"publish","type":"post","link":"https:\/\/www.pressenza.com\/de\/2024\/03\/atomwaffenverbotsvertrag-scheizer-regierung-bleibt-weiterhin-untaetig\/","title":{"rendered":"Atomwaffenverbotsvertrag: Scheizer Regierung bleibt weiterhin unt\u00e4tig"},"content":{"rendered":"<p><strong>Mit dem heutigen Entscheid, dem Atomwaffenverbotsvertrag weiterhin nicht beizutreten, weigert sich der Bundesrat &#8211; gegen den ausdr\u00fccklichen Willen des Parlaments &#8211; ein starkes Zeichen f\u00fcr die \u00c4chtung von Atomwaffen zu setzen. Die Allianz f\u00fcr ein Atomwaffenverbot wird diesen Entscheid mit einer Volksinitiative korrigieren. <\/strong><\/p>\n<p>Der Bundesrat hat heute verk\u00fcndet, dass die Schweiz dem Atomwaffenverbotsvertrag (Treaty on the Prohibition of Nuclear Weapons TPNW) weiterhin nicht beitritt. Der TPNW ist der wichtigste internationale nukleare Abr\u00fcstungsvertrag unserer Zeit. Er verbietet Entwicklung, Test, Produktion, Besitz, Stationierung und den Einsatz von Atomwaffen sowie die Drohung damit. Bereits 2018 hatte das Parlament den Bundesrat mit einer Motion aufgefordert, den TPNW zu unterzeichnen und zu ratifizieren. <strong>\u00abMit dem heutigen Entscheid, dem TPNW nicht beizutreten, missachtet der Bundesrat den klaren parlamentarischen Auftrag immer noch\u00bb<\/strong>, sagt Marc Jost, Unterst\u00fctzer der Atomwaffenverbotsinitiative.<\/p>\n<p>Atomwaffen stellen eine der gr\u00f6ssten Gefahren f\u00fcr die gesamte Weltbev\u00f6lkerung und unsere Umwelt dar und werden allzu oft f\u00fcr die Interessen von wenigen Machthabenden als Druckmittel eingesetzt. <strong>\u00abEs ist entt\u00e4uschend, dass in einer Zeit, in der die Bedrohung durch Atomwaffen wieder steigt, die Schweiz es nicht schafft, ein starkes Zeichen f\u00fcr die \u00c4chtung von Atomwaffen zu setzen\u00bb<\/strong>, sagt Rosmarie Quadranti, Unterst\u00fctzerin der Atomwaffenverbotsinitiative.<\/p>\n<p>Die Atomwaffenverbotsinitiative f\u00fcr den Beitritt der Schweiz zum TPNW wird diesen Sommer von der Allianz f\u00fcr ein Atomwaffenverbot lanciert. <strong>\u00abEs ist v\u00f6llig unverst\u00e4ndlich warum der Bundesrat den Beitritt zum TPNW weiterhin aufschiebt. Nach dem heutigen Entscheid des Bundesrates ist unser Druck, damit sich die Schweiz f\u00fcr ein Verbot von Atomwaffen einsetzt, dringender denn je zuvor\u00bb<\/strong>, sagt Florian Eblenkamp von der Allianz f\u00fcr ein Atomwaffenverbot. Die Allianz f\u00fcr ein Atomwaffenverbot, die sich aus mehreren zivilgesellschaftlichen Organisationen zusammensetzt, wurde im Herbst 2023 ins Leben gerufen und bereitet derzeit eine Volksinitiative vor.<\/p>\n<p>Die Allianz hat anl\u00e4sslich des Entscheids des Bundesrates zur <a href=\"https:\/\/gsoa.us13.list-manage.com\/track\/click?u=555315a10151ac2804974faa6&amp;id=541fc17152&amp;e=eb9f061a95\" target=\"_blank\" rel=\"noopener\">Unterst\u00fctzung der Volksinitiative<\/a> aufgerufen, um m\u00f6glichst bald mit vielen Menschen in die Unterschriftensammlung zu starten. <strong>\u00abGemeinsam wollen wir den Bundesrat aufrufen, die humanit\u00e4re Verantwortung der Schweiz wahrzunehmen und dem TPNW endlich beizutreten\u00bb<\/strong>, sagt Roxane Steiger von der Allianz f\u00fcr ein Atomwaffenverbot.<\/p>\n","protected":false},"excerpt":{"rendered":"<p>Mit dem heutigen Entscheid, dem Atomwaffenverbotsvertrag weiterhin nicht beizutreten, weigert sich der Bundesrat &#8211; gegen den ausdr\u00fccklichen Willen des Parlaments &#8211; ein starkes Zeichen f\u00fcr die \u00c4chtung von Atomwaffen zu setzen. Die Allianz f\u00fcr ein Atomwaffenverbot wird diesen Entscheid mit&hellip;<\/p>\n","protected":false},"author":1186,"featured_media":1834987,"comment_status":"closed","ping_status":"closed","sticky":false,"template":"","format":"standard","meta":{"footnotes":""},"categories":[9150,9167,9168,9145],"tags":[22375,48861,86420,11859,9183,97700,11858],"class_list":["post-1834984","post","type-post","status-publish","format-standard","has-post-thumbnail","hentry","category-europa-de","category-frieden-und-abruestung","category-politik","category-pressemitteilungen","tag-atomwaffenverbot","tag-atomwaffenverbotsvertrag","tag-avv","tag-direkte-demokratie","tag-schweiz","tag-tpnw-de","tag-volksinitiative"],"yoast_head":"<!-- This site is optimized with the Yoast SEO plugin v27.1.1 - https:\/\/yoast.com\/product\/yoast-seo-wordpress\/ -->\n<title>Atomwaffenverbotsvertrag: Scheizer Regierung bleibt weiterhin unt\u00e4tig<\/title>\n<meta name=\"description\" content=\"Mit dem heutigen Entscheid, dem Atomwaffenverbotsvertrag weiterhin nicht beizutreten, weigert sich der Bundesrat - gegen den ausdr\u00fccklichen Willen des\" \/>\n<meta name=\"robots\" content=\"index, follow, max-snippet:-1, max-image-preview:large, max-video-preview:-1\" \/>\n<link rel=\"canonical\" href=\"https:\/\/www.pressenza.com\/de\/2024\/03\/atomwaffenverbotsvertrag-scheizer-regierung-bleibt-weiterhin-untaetig\/\" \/>\n<meta property=\"og:locale\" content=\"de_DE\" \/>\n<meta property=\"og:type\" content=\"article\" \/>\n<meta property=\"og:title\" content=\"Atomwaffenverbotsvertrag: Scheizer Regierung bleibt weiterhin unt\u00e4tig\" \/>\n<meta property=\"og:description\" content=\"Mit dem heutigen Entscheid, dem Atomwaffenverbotsvertrag weiterhin nicht beizutreten, weigert sich der Bundesrat - gegen den ausdr\u00fccklichen Willen des\" \/>\n<meta property=\"og:url\" content=\"https:\/\/www.pressenza.com\/de\/2024\/03\/atomwaffenverbotsvertrag-scheizer-regierung-bleibt-weiterhin-untaetig\/\" \/>\n<meta property=\"og:site_name\" content=\"Pressenza\" \/>\n<meta property=\"article:publisher\" content=\"https:\/\/www.facebook.com\/PressenzaItalia\" \/>\n<meta property=\"article:published_time\" content=\"2024-03-27T14:25:55+00:00\" \/>\n<meta property=\"article:modified_time\" content=\"2024-03-27T14:28:57+00:00\" \/>\n<meta property=\"og:image\" content=\"https:\/\/www.pressenza.com\/wp-content\/uploads\/2024\/03\/Atomwaffenverbot_jetzt.jpg\" \/>\n\t<meta property=\"og:image:width\" content=\"820\" \/>\n\t<meta property=\"og:image:height\" content=\"615\" \/>\n\t<meta property=\"og:image:type\" content=\"image\/jpeg\" \/>\n<meta name=\"author\" content=\"Pressenza Z\u00fcrich\" \/>\n<meta name=\"twitter:card\" content=\"summary_large_image\" \/>\n<meta name=\"twitter:creator\" content=\"@PressenzaIPA\" \/>\n<meta name=\"twitter:site\" content=\"@PressenzaIPA\" \/>\n<meta name=\"twitter:label1\" content=\"Verfasst von\" \/>\n\t<meta name=\"twitter:data1\" content=\"Pressenza Z\u00fcrich\" \/>\n\t<meta name=\"twitter:label2\" content=\"Gesch\u00e4tzte Lesezeit\" \/>\n\t<meta name=\"twitter:data2\" content=\"2\u00a0Minuten\" \/>\n<script type=\"application\/ld+json\" class=\"yoast-schema-graph\">{\"@context\":\"https:\/\/schema.org\",\"@graph\":[{\"@type\":\"Article\",\"@id\":\"https:\/\/www.pressenza.com\/de\/2024\/03\/atomwaffenverbotsvertrag-scheizer-regierung-bleibt-weiterhin-untaetig\/#article\",\"isPartOf\":{\"@id\":\"https:\/\/www.pressenza.com\/de\/2024\/03\/atomwaffenverbotsvertrag-scheizer-regierung-bleibt-weiterhin-untaetig\/\"},\"author\":{\"name\":\"Pressenza Z\u00fcrich\",\"@id\":\"https:\/\/www.pressenza.com\/de\/#\/schema\/person\/5e260a378c3da9898c80758f86d4e027\"},\"headline\":\"Atomwaffenverbotsvertrag: Scheizer Regierung bleibt weiterhin unt\u00e4tig\",\"datePublished\":\"2024-03-27T14:25:55+00:00\",\"dateModified\":\"2024-03-27T14:28:57+00:00\",\"mainEntityOfPage\":{\"@id\":\"https:\/\/www.pressenza.com\/de\/2024\/03\/atomwaffenverbotsvertrag-scheizer-regierung-bleibt-weiterhin-untaetig\/\"},\"wordCount\":363,\"publisher\":{\"@id\":\"https:\/\/www.pressenza.com\/de\/#organization\"},\"image\":{\"@id\":\"https:\/\/www.pressenza.com\/de\/2024\/03\/atomwaffenverbotsvertrag-scheizer-regierung-bleibt-weiterhin-untaetig\/#primaryimage\"},\"thumbnailUrl\":\"https:\/\/www.pressenza.com\/wp-content\/uploads\/2024\/03\/Atomwaffenverbot_jetzt.jpg\",\"keywords\":[\"Atomwaffenverbot\",\"Atomwaffenverbotsvertrag\",\"AVV\",\"direkte Demokratie\",\"Schweiz\",\"TPNW\",\"Volksinitiative\"],\"articleSection\":[\"Europa\",\"Frieden und Abr\u00fcstung\",\"Politik\",\"Pressemitteilungen\"],\"inLanguage\":\"de\"},{\"@type\":\"WebPage\",\"@id\":\"https:\/\/www.pressenza.com\/de\/2024\/03\/atomwaffenverbotsvertrag-scheizer-regierung-bleibt-weiterhin-untaetig\/\",\"url\":\"https:\/\/www.pressenza.com\/de\/2024\/03\/atomwaffenverbotsvertrag-scheizer-regierung-bleibt-weiterhin-untaetig\/\",\"name\":\"Atomwaffenverbotsvertrag: Scheizer Regierung bleibt weiterhin unt\u00e4tig\",\"isPartOf\":{\"@id\":\"https:\/\/www.pressenza.com\/de\/#website\"},\"primaryImageOfPage\":{\"@id\":\"https:\/\/www.pressenza.com\/de\/2024\/03\/atomwaffenverbotsvertrag-scheizer-regierung-bleibt-weiterhin-untaetig\/#primaryimage\"},\"image\":{\"@id\":\"https:\/\/www.pressenza.com\/de\/2024\/03\/atomwaffenverbotsvertrag-scheizer-regierung-bleibt-weiterhin-untaetig\/#primaryimage\"},\"thumbnailUrl\":\"https:\/\/www.pressenza.com\/wp-content\/uploads\/2024\/03\/Atomwaffenverbot_jetzt.jpg\",\"datePublished\":\"2024-03-27T14:25:55+00:00\",\"dateModified\":\"2024-03-27T14:28:57+00:00\",\"description\":\"Mit dem heutigen Entscheid, dem Atomwaffenverbotsvertrag weiterhin nicht beizutreten, weigert sich der Bundesrat - gegen den ausdr\u00fccklichen Willen des\",\"breadcrumb\":{\"@id\":\"https:\/\/www.pressenza.com\/de\/2024\/03\/atomwaffenverbotsvertrag-scheizer-regierung-bleibt-weiterhin-untaetig\/#breadcrumb\"},\"inLanguage\":\"de\",\"potentialAction\":[{\"@type\":\"ReadAction\",\"target\":[\"https:\/\/www.pressenza.com\/de\/2024\/03\/atomwaffenverbotsvertrag-scheizer-regierung-bleibt-weiterhin-untaetig\/\"]}]},{\"@type\":\"ImageObject\",\"inLanguage\":\"de\",\"@id\":\"https:\/\/www.pressenza.com\/de\/2024\/03\/atomwaffenverbotsvertrag-scheizer-regierung-bleibt-weiterhin-untaetig\/#primaryimage\",\"url\":\"https:\/\/www.pressenza.com\/wp-content\/uploads\/2024\/03\/Atomwaffenverbot_jetzt.jpg\",\"contentUrl\":\"https:\/\/www.pressenza.com\/wp-content\/uploads\/2024\/03\/Atomwaffenverbot_jetzt.jpg\",\"width\":820,\"height\":615,\"caption\":\"Atomwaffenverbotsvertrag: Scheizer Regierung bleibt weiterhin unt\u00e4tig\"},{\"@type\":\"BreadcrumbList\",\"@id\":\"https:\/\/www.pressenza.com\/de\/2024\/03\/atomwaffenverbotsvertrag-scheizer-regierung-bleibt-weiterhin-untaetig\/#breadcrumb\",\"itemListElement\":[{\"@type\":\"ListItem\",\"position\":1,\"name\":\"Accueil\",\"item\":\"https:\/\/www.pressenza.com\/de\/\"},{\"@type\":\"ListItem\",\"position\":2,\"name\":\"Atomwaffenverbotsvertrag: Scheizer Regierung bleibt weiterhin unt\u00e4tig\"}]},{\"@type\":\"WebSite\",\"@id\":\"https:\/\/www.pressenza.com\/de\/#website\",\"url\":\"https:\/\/www.pressenza.com\/de\/\",\"name\":\"Pressenza\",\"description\":\"International Press Agency\",\"publisher\":{\"@id\":\"https:\/\/www.pressenza.com\/de\/#organization\"},\"potentialAction\":[{\"@type\":\"SearchAction\",\"target\":{\"@type\":\"EntryPoint\",\"urlTemplate\":\"https:\/\/www.pressenza.com\/de\/?s={search_term_string}\"},\"query-input\":{\"@type\":\"PropertyValueSpecification\",\"valueRequired\":true,\"valueName\":\"search_term_string\"}}],\"inLanguage\":\"de\"},{\"@type\":\"Organization\",\"@id\":\"https:\/\/www.pressenza.com\/de\/#organization\",\"name\":\"Pressenza\",\"url\":\"https:\/\/www.pressenza.com\/de\/\",\"logo\":{\"@type\":\"ImageObject\",\"inLanguage\":\"de\",\"@id\":\"https:\/\/www.pressenza.com\/de\/#\/schema\/logo\/image\/\",\"url\":\"https:\/\/www.pressenza.com\/wp-content\/uploads\/2022\/10\/pressenza_logo_200x200.jpg\",\"contentUrl\":\"https:\/\/www.pressenza.com\/wp-content\/uploads\/2022\/10\/pressenza_logo_200x200.jpg\",\"width\":200,\"height\":200,\"caption\":\"Pressenza\"},\"image\":{\"@id\":\"https:\/\/www.pressenza.com\/de\/#\/schema\/logo\/image\/\"},\"sameAs\":[\"https:\/\/www.facebook.com\/PressenzaItalia\",\"https:\/\/x.com\/PressenzaIPA\"]},{\"@type\":\"Person\",\"@id\":\"https:\/\/www.pressenza.com\/de\/#\/schema\/person\/5e260a378c3da9898c80758f86d4e027\",\"name\":\"Pressenza Z\u00fcrich\",\"description\":\"News from the Pressenza Bureau in Zurich, Switzerland\",\"url\":\"https:\/\/www.pressenza.com\/de\/author\/pressenza-zurich\/\"}]}<\/script>\n<!-- \/ Yoast SEO plugin. -->","yoast_head_json":{"title":"Atomwaffenverbotsvertrag: Scheizer Regierung bleibt weiterhin unt\u00e4tig","description":"Mit dem heutigen Entscheid, dem Atomwaffenverbotsvertrag weiterhin nicht beizutreten, weigert sich der Bundesrat - gegen den ausdr\u00fccklichen Willen des","robots":{"index":"index","follow":"follow","max-snippet":"max-snippet:-1","max-image-preview":"max-image-preview:large","max-video-preview":"max-video-preview:-1"},"canonical":"https:\/\/www.pressenza.com\/de\/2024\/03\/atomwaffenverbotsvertrag-scheizer-regierung-bleibt-weiterhin-untaetig\/","og_locale":"de_DE","og_type":"article","og_title":"Atomwaffenverbotsvertrag: Scheizer Regierung bleibt weiterhin unt\u00e4tig","og_description":"Mit dem heutigen Entscheid, dem Atomwaffenverbotsvertrag weiterhin nicht beizutreten, weigert sich der Bundesrat - gegen den ausdr\u00fccklichen Willen des","og_url":"https:\/\/www.pressenza.com\/de\/2024\/03\/atomwaffenverbotsvertrag-scheizer-regierung-bleibt-weiterhin-untaetig\/","og_site_name":"Pressenza","article_publisher":"https:\/\/www.facebook.com\/PressenzaItalia","article_published_time":"2024-03-27T14:25:55+00:00","article_modified_time":"2024-03-27T14:28:57+00:00","og_image":[{"width":820,"height":615,"url":"https:\/\/www.pressenza.com\/wp-content\/uploads\/2024\/03\/Atomwaffenverbot_jetzt.jpg","type":"image\/jpeg"}],"author":"Pressenza Z\u00fcrich","twitter_card":"summary_large_image","twitter_creator":"@PressenzaIPA","twitter_site":"@PressenzaIPA","twitter_misc":{"Verfasst von":"Pressenza Z\u00fcrich","Gesch\u00e4tzte Lesezeit":"2\u00a0Minuten"},"schema":{"@context":"https:\/\/schema.org","@graph":[{"@type":"Article","@id":"https:\/\/www.pressenza.com\/de\/2024\/03\/atomwaffenverbotsvertrag-scheizer-regierung-bleibt-weiterhin-untaetig\/#article","isPartOf":{"@id":"https:\/\/www.pressenza.com\/de\/2024\/03\/atomwaffenverbotsvertrag-scheizer-regierung-bleibt-weiterhin-untaetig\/"},"author":{"name":"Pressenza Z\u00fcrich","@id":"https:\/\/www.pressenza.com\/de\/#\/schema\/person\/5e260a378c3da9898c80758f86d4e027"},"headline":"Atomwaffenverbotsvertrag: Scheizer Regierung bleibt weiterhin unt\u00e4tig","datePublished":"2024-03-27T14:25:55+00:00","dateModified":"2024-03-27T14:28:57+00:00","mainEntityOfPage":{"@id":"https:\/\/www.pressenza.com\/de\/2024\/03\/atomwaffenverbotsvertrag-scheizer-regierung-bleibt-weiterhin-untaetig\/"},"wordCount":363,"publisher":{"@id":"https:\/\/www.pressenza.com\/de\/#organization"},"image":{"@id":"https:\/\/www.pressenza.com\/de\/2024\/03\/atomwaffenverbotsvertrag-scheizer-regierung-bleibt-weiterhin-untaetig\/#primaryimage"},"thumbnailUrl":"https:\/\/www.pressenza.com\/wp-content\/uploads\/2024\/03\/Atomwaffenverbot_jetzt.jpg","keywords":["Atomwaffenverbot","Atomwaffenverbotsvertrag","AVV","direkte Demokratie","Schweiz","TPNW","Volksinitiative"],"articleSection":["Europa","Frieden und Abr\u00fcstung","Politik","Pressemitteilungen"],"inLanguage":"de"},{"@type":"WebPage","@id":"https:\/\/www.pressenza.com\/de\/2024\/03\/atomwaffenverbotsvertrag-scheizer-regierung-bleibt-weiterhin-untaetig\/","url":"https:\/\/www.pressenza.com\/de\/2024\/03\/atomwaffenverbotsvertrag-scheizer-regierung-bleibt-weiterhin-untaetig\/","name":"Atomwaffenverbotsvertrag: Scheizer Regierung bleibt weiterhin unt\u00e4tig","isPartOf":{"@id":"https:\/\/www.pressenza.com\/de\/#website"},"primaryImageOfPage":{"@id":"https:\/\/www.pressenza.com\/de\/2024\/03\/atomwaffenverbotsvertrag-scheizer-regierung-bleibt-weiterhin-untaetig\/#primaryimage"},"image":{"@id":"https:\/\/www.pressenza.com\/de\/2024\/03\/atomwaffenverbotsvertrag-scheizer-regierung-bleibt-weiterhin-untaetig\/#primaryimage"},"thumbnailUrl":"https:\/\/www.pressenza.com\/wp-content\/uploads\/2024\/03\/Atomwaffenverbot_jetzt.jpg","datePublished":"2024-03-27T14:25:55+00:00","dateModified":"2024-03-27T14:28:57+00:00","description":"Mit dem heutigen Entscheid, dem Atomwaffenverbotsvertrag weiterhin nicht beizutreten, weigert sich der Bundesrat - gegen den ausdr\u00fccklichen Willen des","breadcrumb":{"@id":"https:\/\/www.pressenza.com\/de\/2024\/03\/atomwaffenverbotsvertrag-scheizer-regierung-bleibt-weiterhin-untaetig\/#breadcrumb"},"inLanguage":"de","potentialAction":[{"@type":"ReadAction","target":["https:\/\/www.pressenza.com\/de\/2024\/03\/atomwaffenverbotsvertrag-scheizer-regierung-bleibt-weiterhin-untaetig\/"]}]},{"@type":"ImageObject","inLanguage":"de","@id":"https:\/\/www.pressenza.com\/de\/2024\/03\/atomwaffenverbotsvertrag-scheizer-regierung-bleibt-weiterhin-untaetig\/#primaryimage","url":"https:\/\/www.pressenza.com\/wp-content\/uploads\/2024\/03\/Atomwaffenverbot_jetzt.jpg","contentUrl":"https:\/\/www.pressenza.com\/wp-content\/uploads\/2024\/03\/Atomwaffenverbot_jetzt.jpg","width":820,"height":615,"caption":"Atomwaffenverbotsvertrag: Scheizer Regierung bleibt weiterhin unt\u00e4tig"},{"@type":"BreadcrumbList","@id":"https:\/\/www.pressenza.com\/de\/2024\/03\/atomwaffenverbotsvertrag-scheizer-regierung-bleibt-weiterhin-untaetig\/#breadcrumb","itemListElement":[{"@type":"ListItem","position":1,"name":"Accueil","item":"https:\/\/www.pressenza.com\/de\/"},{"@type":"ListItem","position":2,"name":"Atomwaffenverbotsvertrag: Scheizer Regierung bleibt weiterhin unt\u00e4tig"}]},{"@type":"WebSite","@id":"https:\/\/www.pressenza.com\/de\/#website","url":"https:\/\/www.pressenza.com\/de\/","name":"Pressenza","description":"International Press Agency","publisher":{"@id":"https:\/\/www.pressenza.com\/de\/#organization"},"potentialAction":[{"@type":"SearchAction","target":{"@type":"EntryPoint","urlTemplate":"https:\/\/www.pressenza.com\/de\/?s={search_term_string}"},"query-input":{"@type":"PropertyValueSpecification","valueRequired":true,"valueName":"search_term_string"}}],"inLanguage":"de"},{"@type":"Organization","@id":"https:\/\/www.pressenza.com\/de\/#organization","name":"Pressenza","url":"https:\/\/www.pressenza.com\/de\/","logo":{"@type":"ImageObject","inLanguage":"de","@id":"https:\/\/www.pressenza.com\/de\/#\/schema\/logo\/image\/","url":"https:\/\/www.pressenza.com\/wp-content\/uploads\/2022\/10\/pressenza_logo_200x200.jpg","contentUrl":"https:\/\/www.pressenza.com\/wp-content\/uploads\/2022\/10\/pressenza_logo_200x200.jpg","width":200,"height":200,"caption":"Pressenza"},"image":{"@id":"https:\/\/www.pressenza.com\/de\/#\/schema\/logo\/image\/"},"sameAs":["https:\/\/www.facebook.com\/PressenzaItalia","https:\/\/x.com\/PressenzaIPA"]},{"@type":"Person","@id":"https:\/\/www.pressenza.com\/de\/#\/schema\/person\/5e260a378c3da9898c80758f86d4e027","name":"Pressenza Z\u00fcrich","description":"News from the Pressenza Bureau in Zurich, Switzerland","url":"https:\/\/www.pressenza.com\/de\/author\/pressenza-zurich\/"}]}},"place":"","original_article_url":"","_links":{"self":[{"href":"https:\/\/www.pressenza.com\/de\/wp-json\/wp\/v2\/posts\/1834984","targetHints":{"allow":["GET"]}}],"collection":[{"href":"https:\/\/www.pressenza.com\/de\/wp-json\/wp\/v2\/posts"}],"about":[{"href":"https:\/\/www.pressenza.com\/de\/wp-json\/wp\/v2\/types\/post"}],"author":[{"embeddable":true,"href":"https:\/\/www.pressenza.com\/de\/wp-json\/wp\/v2\/users\/1186"}],"replies":[{"embeddable":true,"href":"https:\/\/www.pressenza.com\/de\/wp-json\/wp\/v2\/comments?post=1834984"}],"version-history":[{"count":0,"href":"https:\/\/www.pressenza.com\/de\/wp-json\/wp\/v2\/posts\/1834984\/revisions"}],"wp:featuredmedia":[{"embeddable":true,"href":"https:\/\/www.pressenza.com\/de\/wp-json\/wp\/v2\/media\/1834987"}],"wp:attachment":[{"href":"https:\/\/www.pressenza.com\/de\/wp-json\/wp\/v2\/media?parent=1834984"}],"wp:term":[{"taxonomy":"category","embeddable":true,"href":"https:\/\/www.pressenza.com\/de\/wp-json\/wp\/v2\/categories?post=1834984"},{"taxonomy":"post_tag","embeddable":true,"href":"https:\/\/www.pressenza.com\/de\/wp-json\/wp\/v2\/tags?post=1834984"}],"curies":[{"name":"wp","href":"https:\/\/api.w.org\/{rel}","templated":true}]}}