{"id":1831760,"date":"2024-03-12T15:08:01","date_gmt":"2024-03-12T15:08:01","guid":{"rendered":"https:\/\/www.pressenza.com\/?p=1831760"},"modified":"2024-03-12T15:46:04","modified_gmt":"2024-03-12T15:46:04","slug":"13-jahrestag-der-katastrophe-von-fukushima-atomenergie-ist-gefaehrlich-teuer-und-unkalkulierbar","status":"publish","type":"post","link":"https:\/\/www.pressenza.com\/de\/2024\/03\/13-jahrestag-der-katastrophe-von-fukushima-atomenergie-ist-gefaehrlich-teuer-und-unkalkulierbar\/","title":{"rendered":"13. Jahrestag der Katastrophe von Fukushima: Atomenergie ist gef\u00e4hrlich, teuer und unkalkulierbar!"},"content":{"rendered":"<p><strong>ethecon Stiftung Ethik &amp; \u00d6konomie erkl\u00e4rt sich mit allen solidarisch, die am 13. Jahrestag der Katastrophe von Fukushima, den Protest gegen den verantwortungslosen Umgang der Verantwortlichen bei TEPCO und der Regierung mit der Fukushima-Katastrophe sowie den Widerstand gegen Atomenergie auf die Stra\u00dfe bringen.\u00a0<\/strong><\/p>\n<h3 data-testid=\"cQ2O7mUW_\"><strong>Atomenergie ist gef\u00e4hrlich, teuer und unkalkulierbar!<\/strong><\/h3>\n<p data-testid=\"cQ2O7mUW_\">Die Atomkatastrophe von Fukushima hat \u2013 wie zuvor bereits der Atom-GAU in Tschernobyl \u2013gezeigt, was passieren kann, wenn wir uns nicht von Atomenergie l\u00f6sen: evakuierte und unbewohnbare Regionen, erkrankte Menschen, weltweite radioaktive Verseuchung und Kosten in Milliardenh\u00f6he. Noch immer k\u00f6nnen mehr als 27.000 Menschen in der Pr\u00e4fektur Fukushima nicht nach Hause zur\u00fcckkehren. Noch ist unklar wohin mit Millionen und Millionen gelagerten Tonnen atomar verseuchter Erde und Wasser.<\/p>\n<p data-testid=\"cQ2O7mUW_\">Der Atomausstieg wird uns nicht geschenkt! Wir m\u00fcssen ihn erk\u00e4mpfen, denn mit Atomenergie lassen sich au\u00dferordentlich gute Profite machen.<\/p>\n<h3 data-testid=\"cQ2O7mUW_\"><strong>Atomenergie ist kein Klimaretter!<\/strong><\/h3>\n<p data-testid=\"cQ2O7mUW_\">Bereits im Vorfeld der COP28 Klimakonferenz in Dubai hat die Atom-Lobby versucht, Atomkraft als unverzichtbare Klimaretterin zu etablieren. Dabei wurden nicht nur Gefahren und Risiken bagatellisiert, es wurde auch verschwiegen, dass Atomenergie im Vergleich zu Solar-, Wasser- und Windkraft entlang der gesamten Wertsch\u00f6pfungskette vom Uranabbau bis zur Brennelementproduktion ein Mehrfaches an klimasch\u00e4dlichem CO2 produziert. Die Emissionen durch eine \u00fcber Jahrtausende hinweg notwendige Endlagerung kommen noch dazu.<\/p>\n<h3 data-testid=\"cQ2O7mUW_\"><strong>Atomenergie ist Voraussetzung der Atombombe!<\/strong><\/h3>\n<p data-testid=\"cQ2O7mUW_\">Aktuell wird in Europa sogar \u00fcber die EU-Atombombe diskutiert. Die deutsche Vizepr\u00e4sidentin des EU-Parlaments Katarina Barley schlug diesen skandal\u00f6sen Schritt vor, um unabh\u00e4ngig von US amerikanischen Atomwaffen zu sein.<\/p>\n<p data-testid=\"cQ2O7mUW_\">Doch eins ist klar: Atomwaffen k\u00f6nnen niemals Menschen sch\u00fctzen, sie stellen eine enorme Gefahr f\u00fcr unsere Lebensgrundlage und Generationen von Menschen dar.<\/p>\n<h3 data-testid=\"cQ2O7mUW_\"><strong>TEPCO ist verantwortlich f\u00fcr die Katastrophe in Fukushima!<\/strong><\/h3>\n<p data-testid=\"cQ2O7mUW_\">Der GAU in Fukushima im Jahr 2011 mit allen Opfern und Folgen war und ist schrecklicher H\u00f6hepunkt des Einsatzes von Atomenergie. Und ein H\u00f6hepunkt der Verbrechen des f\u00fcr Fukushima verantwortlichen TEPCO-Konzerns im B\u00fcndnis mit Staat und Politik (in Japan \u201eAtomdorf\u201c genannt). Sowohl das Ausma\u00df der Katastrophe als auch der Charakter des menschenverachtenden Handelns der Verantwortlichen bei TEPCO und in der Regierung wurde 2023 erneut deutlich, als sie die Verklappung der radioaktiv verseuchten TEPCO-Abw\u00e4sser in den Pazifik trotz aller weltweiten Proteste starteten und bis heute durchf\u00fchren.<\/p>\n<p data-testid=\"cQ2O7mUW_\">Bereits im Jahr 2011 hat ethecon Stiftung Ethik &amp; \u00d6konomie die Verantwortlichen und Gro\u00dfaktion\u00e4r*innen von TEPCO mit dem Internationalen ethecon Dead Planet Award an den internationalen Pranger gestellt. In der hei\u00dft es: \u201e&#8230; Verantwortlich f\u00fcr Entscheidungen und Handeln des TEPCO-Konzerns sind die Gro\u00dfaktion\u00e4r*innen und das leitende Management. Auf deren Konto gehen der Ruin der menschlichen Gesundheit und die Zerst\u00f6rung der Umwelt im gro\u00dfen Stil, ja selbst der Tod vieler Menschen. Sie stellen nicht nur eine Gefahr f\u00fcr den Frieden und die Menschenrechte dar, sondern auch f\u00fcr die Demokratie, die \u00d6kologie und die Menschheit insgesamt. Sie handeln zum Vorteil pers\u00f6nlicher Macht und privater Bereicherung. Im Namen der Profite treten Sie Moral und Ethik mit F\u00fc\u00dfen und nehmen den Untergang der Erde als &#8218;Schwarzer Planet&#8216; in Kauf.&#8220;<\/p>\n<p data-testid=\"cQ2O7mUW_\">Anl\u00e4sslich der Proteste zum 13. Jahrestag von Fukushima bekr\u00e4ftigt ethecon die mit dem Internationalen Dead Planet Award 2011 verbunden Forderungen:<\/p>\n<ul>\n<li data-testid=\"cQ2O7mUW_\">Sofortiger Ausstieg aus der Atomenergie!<\/li>\n<li data-testid=\"cQ2O7mUW_\">Vergesellschaftung des TEPCO-Konzerns unter wahrhaft demokratischer Kontrolle!<\/li>\n<li data-testid=\"cQ2O7mUW_\">Umfassende Haftung von Vorstand, Aufsichtsrat und Gro\u00dfaktion\u00e4r*innen von TEPCO unter Einbeziehung des Privatverm\u00f6gens f\u00fcr alle von TEPCO verursachten Sch\u00e4den an Mensch und Umwelt in aller Welt!<\/li>\n<li data-testid=\"cQ2O7mUW_\">Juristische Bestrafung von Vorstand, Aufsichtsrat und Gro\u00dfaktion\u00e4r*innen von TEPCO f\u00fcr die vom Konzern begangenen Verbrechen gegen Mensch und Umwelt!<\/li>\n<\/ul>\n<p data-testid=\"cQ2O7mUW_\">In ehrendem Andenken und trauervollem Respekt verneigen wir uns vor allen Opfern der TEPCO-Verbrechen.\u00a0Euch allen, die ihr gegen die Verbrechen des TEPCO-Konzerns k\u00e4mpft, unsere solidarischen Gr\u00fc\u00dfe!<\/p>\n<p data-testid=\"cQ2O7mUW_\">Ihr m\u00fcsst wissen, in aller Welt sind die Gegner von Kapital-Willk\u00fcr und Profit-Verbrechen stolz auf Euch und stehen an Eurer Seite gegen die Macht des Kapitals und der Konzerne.\u00a0Wir k\u00e4mpfen gemeinsam gegen diese Verbrechen in Japan, Deutschland, sonst in aller Welt und neuerdings auch im Weltall!\u00a0Unsere St\u00e4rke ist unsere Solidarit\u00e4t.<\/p>\n<p data-testid=\"cQ2O7mUW_\">Unsere gemeinsame Losung lautet:<br \/>\nSie werden nicht durchkommen!<br \/>\nNo pasaran!<br \/>\n\u30ce\u30fc\u30fb\u30d1\u30b9\u30e9\u30f3<\/p>\n","protected":false},"excerpt":{"rendered":"<p>ethecon Stiftung Ethik &amp; \u00d6konomie erkl\u00e4rt sich mit allen solidarisch, die am 13. Jahrestag der Katastrophe von Fukushima, den Protest gegen den verantwortungslosen Umgang der Verantwortlichen bei TEPCO und der Regierung mit der Fukushima-Katastrophe sowie den Widerstand gegen Atomenergie auf&hellip;<\/p>\n","protected":false},"author":1095,"featured_media":1831762,"comment_status":"closed","ping_status":"closed","sticky":false,"template":"","format":"standard","meta":{"footnotes":""},"categories":[9148,7835,9157],"tags":[18942,12506,26452,120867,10605,83704],"class_list":["post-1831760","post","type-post","status-publish","format-standard","has-post-thumbnail","hentry","category-asien","category-international-de","category-oekologie-und-umwelt","tag-atomenergie","tag-atomwaffen","tag-fukushima-de","tag-fukushima-katastrophe","tag-japan-de","tag-tepco-de"],"yoast_head":"<!-- This site is optimized with the Yoast SEO plugin v27.1.1 - https:\/\/yoast.com\/product\/yoast-seo-wordpress\/ -->\n<title>13. Jahrestag der Katastrophe von Fukushima: Atomenergie ist gef\u00e4hrlich, teuer und unkalkulierbar!<\/title>\n<meta name=\"description\" content=\"ethecon Stiftung Ethik &amp; \u00d6konomie erkl\u00e4rt sich mit allen solidarisch, die am 13. Jahrestag der Katastrophe von Fukushima, den Protest gegen den\" \/>\n<meta name=\"robots\" content=\"index, follow, max-snippet:-1, max-image-preview:large, max-video-preview:-1\" \/>\n<link rel=\"canonical\" href=\"https:\/\/www.pressenza.com\/de\/2024\/03\/13-jahrestag-der-katastrophe-von-fukushima-atomenergie-ist-gefaehrlich-teuer-und-unkalkulierbar\/\" \/>\n<meta property=\"og:locale\" content=\"de_DE\" \/>\n<meta property=\"og:type\" content=\"article\" \/>\n<meta property=\"og:title\" content=\"13. Jahrestag der Katastrophe von Fukushima: Atomenergie ist gef\u00e4hrlich, teuer und unkalkulierbar!\" \/>\n<meta property=\"og:description\" content=\"ethecon Stiftung Ethik &amp; \u00d6konomie erkl\u00e4rt sich mit allen solidarisch, die am 13. Jahrestag der Katastrophe von Fukushima, den Protest gegen den\" \/>\n<meta property=\"og:url\" content=\"https:\/\/www.pressenza.com\/de\/2024\/03\/13-jahrestag-der-katastrophe-von-fukushima-atomenergie-ist-gefaehrlich-teuer-und-unkalkulierbar\/\" \/>\n<meta property=\"og:site_name\" content=\"Pressenza\" \/>\n<meta property=\"article:publisher\" content=\"https:\/\/www.facebook.com\/PressenzaItalia\" \/>\n<meta property=\"article:author\" content=\"https:\/\/www.facebook.com\/Pressenza-Deutschland-sterreich-Schweiz-281675388658060\/timeline\/\" \/>\n<meta property=\"article:published_time\" content=\"2024-03-12T15:08:01+00:00\" \/>\n<meta property=\"article:modified_time\" content=\"2024-03-12T15:46:04+00:00\" \/>\n<meta property=\"og:image\" content=\"https:\/\/www.pressenza.com\/wp-content\/uploads\/2024\/03\/Tepco-sw.jpg\" \/>\n\t<meta property=\"og:image:width\" content=\"1000\" \/>\n\t<meta property=\"og:image:height\" content=\"667\" \/>\n\t<meta property=\"og:image:type\" content=\"image\/jpeg\" \/>\n<meta name=\"author\" content=\"Pressenza Berlin\" \/>\n<meta name=\"twitter:card\" content=\"summary_large_image\" \/>\n<meta name=\"twitter:creator\" content=\"@pressenza_ger\" \/>\n<meta name=\"twitter:site\" content=\"@PressenzaIPA\" \/>\n<meta name=\"twitter:label1\" content=\"Verfasst von\" \/>\n\t<meta name=\"twitter:data1\" content=\"Pressenza Berlin\" \/>\n\t<meta name=\"twitter:label2\" content=\"Gesch\u00e4tzte Lesezeit\" \/>\n\t<meta name=\"twitter:data2\" content=\"4\u00a0Minuten\" \/>\n<script type=\"application\/ld+json\" class=\"yoast-schema-graph\">{\"@context\":\"https:\/\/schema.org\",\"@graph\":[{\"@type\":\"Article\",\"@id\":\"https:\/\/www.pressenza.com\/de\/2024\/03\/13-jahrestag-der-katastrophe-von-fukushima-atomenergie-ist-gefaehrlich-teuer-und-unkalkulierbar\/#article\",\"isPartOf\":{\"@id\":\"https:\/\/www.pressenza.com\/de\/2024\/03\/13-jahrestag-der-katastrophe-von-fukushima-atomenergie-ist-gefaehrlich-teuer-und-unkalkulierbar\/\"},\"author\":{\"name\":\"Pressenza Berlin\",\"@id\":\"https:\/\/www.pressenza.com\/de\/#\/schema\/person\/57bb5480943a496a7722b0248e4b658a\"},\"headline\":\"13. Jahrestag der Katastrophe von Fukushima: Atomenergie ist gef\u00e4hrlich, teuer und unkalkulierbar!\",\"datePublished\":\"2024-03-12T15:08:01+00:00\",\"dateModified\":\"2024-03-12T15:46:04+00:00\",\"mainEntityOfPage\":{\"@id\":\"https:\/\/www.pressenza.com\/de\/2024\/03\/13-jahrestag-der-katastrophe-von-fukushima-atomenergie-ist-gefaehrlich-teuer-und-unkalkulierbar\/\"},\"wordCount\":707,\"publisher\":{\"@id\":\"https:\/\/www.pressenza.com\/de\/#organization\"},\"image\":{\"@id\":\"https:\/\/www.pressenza.com\/de\/2024\/03\/13-jahrestag-der-katastrophe-von-fukushima-atomenergie-ist-gefaehrlich-teuer-und-unkalkulierbar\/#primaryimage\"},\"thumbnailUrl\":\"https:\/\/www.pressenza.com\/wp-content\/uploads\/2024\/03\/Tepco-sw.jpg\",\"keywords\":[\"Atomenergie\",\"Atomwaffen\",\"Fukushima\",\"Fukushima-Katastrophe\",\"Japan\",\"Tepco\"],\"articleSection\":[\"Asien\",\"International\",\"\u00d6kologie und Umwelt\"],\"inLanguage\":\"de\"},{\"@type\":\"WebPage\",\"@id\":\"https:\/\/www.pressenza.com\/de\/2024\/03\/13-jahrestag-der-katastrophe-von-fukushima-atomenergie-ist-gefaehrlich-teuer-und-unkalkulierbar\/\",\"url\":\"https:\/\/www.pressenza.com\/de\/2024\/03\/13-jahrestag-der-katastrophe-von-fukushima-atomenergie-ist-gefaehrlich-teuer-und-unkalkulierbar\/\",\"name\":\"13. Jahrestag der Katastrophe von Fukushima: Atomenergie ist gef\u00e4hrlich, teuer und unkalkulierbar!\",\"isPartOf\":{\"@id\":\"https:\/\/www.pressenza.com\/de\/#website\"},\"primaryImageOfPage\":{\"@id\":\"https:\/\/www.pressenza.com\/de\/2024\/03\/13-jahrestag-der-katastrophe-von-fukushima-atomenergie-ist-gefaehrlich-teuer-und-unkalkulierbar\/#primaryimage\"},\"image\":{\"@id\":\"https:\/\/www.pressenza.com\/de\/2024\/03\/13-jahrestag-der-katastrophe-von-fukushima-atomenergie-ist-gefaehrlich-teuer-und-unkalkulierbar\/#primaryimage\"},\"thumbnailUrl\":\"https:\/\/www.pressenza.com\/wp-content\/uploads\/2024\/03\/Tepco-sw.jpg\",\"datePublished\":\"2024-03-12T15:08:01+00:00\",\"dateModified\":\"2024-03-12T15:46:04+00:00\",\"description\":\"ethecon Stiftung Ethik &amp; \u00d6konomie erkl\u00e4rt sich mit allen solidarisch, die am 13. Jahrestag der Katastrophe von Fukushima, den Protest gegen den\",\"breadcrumb\":{\"@id\":\"https:\/\/www.pressenza.com\/de\/2024\/03\/13-jahrestag-der-katastrophe-von-fukushima-atomenergie-ist-gefaehrlich-teuer-und-unkalkulierbar\/#breadcrumb\"},\"inLanguage\":\"de\",\"potentialAction\":[{\"@type\":\"ReadAction\",\"target\":[\"https:\/\/www.pressenza.com\/de\/2024\/03\/13-jahrestag-der-katastrophe-von-fukushima-atomenergie-ist-gefaehrlich-teuer-und-unkalkulierbar\/\"]}]},{\"@type\":\"ImageObject\",\"inLanguage\":\"de\",\"@id\":\"https:\/\/www.pressenza.com\/de\/2024\/03\/13-jahrestag-der-katastrophe-von-fukushima-atomenergie-ist-gefaehrlich-teuer-und-unkalkulierbar\/#primaryimage\",\"url\":\"https:\/\/www.pressenza.com\/wp-content\/uploads\/2024\/03\/Tepco-sw.jpg\",\"contentUrl\":\"https:\/\/www.pressenza.com\/wp-content\/uploads\/2024\/03\/Tepco-sw.jpg\",\"width\":1000,\"height\":667,\"caption\":\"13. Jahrestag der Katastrophe von Fukushima: Atomenergie ist gef\u00e4hrlich, teuer und unkalkulierbar!\"},{\"@type\":\"BreadcrumbList\",\"@id\":\"https:\/\/www.pressenza.com\/de\/2024\/03\/13-jahrestag-der-katastrophe-von-fukushima-atomenergie-ist-gefaehrlich-teuer-und-unkalkulierbar\/#breadcrumb\",\"itemListElement\":[{\"@type\":\"ListItem\",\"position\":1,\"name\":\"Accueil\",\"item\":\"https:\/\/www.pressenza.com\/de\/\"},{\"@type\":\"ListItem\",\"position\":2,\"name\":\"13. Jahrestag der Katastrophe von Fukushima: Atomenergie ist gef\u00e4hrlich, teuer und unkalkulierbar!\"}]},{\"@type\":\"WebSite\",\"@id\":\"https:\/\/www.pressenza.com\/de\/#website\",\"url\":\"https:\/\/www.pressenza.com\/de\/\",\"name\":\"Pressenza\",\"description\":\"International Press Agency\",\"publisher\":{\"@id\":\"https:\/\/www.pressenza.com\/de\/#organization\"},\"potentialAction\":[{\"@type\":\"SearchAction\",\"target\":{\"@type\":\"EntryPoint\",\"urlTemplate\":\"https:\/\/www.pressenza.com\/de\/?s={search_term_string}\"},\"query-input\":{\"@type\":\"PropertyValueSpecification\",\"valueRequired\":true,\"valueName\":\"search_term_string\"}}],\"inLanguage\":\"de\"},{\"@type\":\"Organization\",\"@id\":\"https:\/\/www.pressenza.com\/de\/#organization\",\"name\":\"Pressenza\",\"url\":\"https:\/\/www.pressenza.com\/de\/\",\"logo\":{\"@type\":\"ImageObject\",\"inLanguage\":\"de\",\"@id\":\"https:\/\/www.pressenza.com\/de\/#\/schema\/logo\/image\/\",\"url\":\"https:\/\/www.pressenza.com\/wp-content\/uploads\/2022\/10\/pressenza_logo_200x200.jpg\",\"contentUrl\":\"https:\/\/www.pressenza.com\/wp-content\/uploads\/2022\/10\/pressenza_logo_200x200.jpg\",\"width\":200,\"height\":200,\"caption\":\"Pressenza\"},\"image\":{\"@id\":\"https:\/\/www.pressenza.com\/de\/#\/schema\/logo\/image\/\"},\"sameAs\":[\"https:\/\/www.facebook.com\/PressenzaItalia\",\"https:\/\/x.com\/PressenzaIPA\"]},{\"@type\":\"Person\",\"@id\":\"https:\/\/www.pressenza.com\/de\/#\/schema\/person\/57bb5480943a496a7722b0248e4b658a\",\"name\":\"Pressenza Berlin\",\"description\":\"News from the Pressenza Bureau in Berlin, Germany\",\"sameAs\":[\"https:\/\/www.facebook.com\/Pressenza-Deutschland-sterreich-Schweiz-281675388658060\/timeline\/\",\"https:\/\/x.com\/pressenza_ger\"],\"url\":\"https:\/\/www.pressenza.com\/de\/author\/pressenza-berlin\/\"}]}<\/script>\n<!-- \/ Yoast SEO plugin. -->","yoast_head_json":{"title":"13. Jahrestag der Katastrophe von Fukushima: Atomenergie ist gef\u00e4hrlich, teuer und unkalkulierbar!","description":"ethecon Stiftung Ethik &amp; \u00d6konomie erkl\u00e4rt sich mit allen solidarisch, die am 13. Jahrestag der Katastrophe von Fukushima, den Protest gegen den","robots":{"index":"index","follow":"follow","max-snippet":"max-snippet:-1","max-image-preview":"max-image-preview:large","max-video-preview":"max-video-preview:-1"},"canonical":"https:\/\/www.pressenza.com\/de\/2024\/03\/13-jahrestag-der-katastrophe-von-fukushima-atomenergie-ist-gefaehrlich-teuer-und-unkalkulierbar\/","og_locale":"de_DE","og_type":"article","og_title":"13. Jahrestag der Katastrophe von Fukushima: Atomenergie ist gef\u00e4hrlich, teuer und unkalkulierbar!","og_description":"ethecon Stiftung Ethik &amp; \u00d6konomie erkl\u00e4rt sich mit allen solidarisch, die am 13. Jahrestag der Katastrophe von Fukushima, den Protest gegen den","og_url":"https:\/\/www.pressenza.com\/de\/2024\/03\/13-jahrestag-der-katastrophe-von-fukushima-atomenergie-ist-gefaehrlich-teuer-und-unkalkulierbar\/","og_site_name":"Pressenza","article_publisher":"https:\/\/www.facebook.com\/PressenzaItalia","article_author":"https:\/\/www.facebook.com\/Pressenza-Deutschland-sterreich-Schweiz-281675388658060\/timeline\/","article_published_time":"2024-03-12T15:08:01+00:00","article_modified_time":"2024-03-12T15:46:04+00:00","og_image":[{"width":1000,"height":667,"url":"https:\/\/www.pressenza.com\/wp-content\/uploads\/2024\/03\/Tepco-sw.jpg","type":"image\/jpeg"}],"author":"Pressenza Berlin","twitter_card":"summary_large_image","twitter_creator":"@pressenza_ger","twitter_site":"@PressenzaIPA","twitter_misc":{"Verfasst von":"Pressenza Berlin","Gesch\u00e4tzte Lesezeit":"4\u00a0Minuten"},"schema":{"@context":"https:\/\/schema.org","@graph":[{"@type":"Article","@id":"https:\/\/www.pressenza.com\/de\/2024\/03\/13-jahrestag-der-katastrophe-von-fukushima-atomenergie-ist-gefaehrlich-teuer-und-unkalkulierbar\/#article","isPartOf":{"@id":"https:\/\/www.pressenza.com\/de\/2024\/03\/13-jahrestag-der-katastrophe-von-fukushima-atomenergie-ist-gefaehrlich-teuer-und-unkalkulierbar\/"},"author":{"name":"Pressenza Berlin","@id":"https:\/\/www.pressenza.com\/de\/#\/schema\/person\/57bb5480943a496a7722b0248e4b658a"},"headline":"13. Jahrestag der Katastrophe von Fukushima: Atomenergie ist gef\u00e4hrlich, teuer und unkalkulierbar!","datePublished":"2024-03-12T15:08:01+00:00","dateModified":"2024-03-12T15:46:04+00:00","mainEntityOfPage":{"@id":"https:\/\/www.pressenza.com\/de\/2024\/03\/13-jahrestag-der-katastrophe-von-fukushima-atomenergie-ist-gefaehrlich-teuer-und-unkalkulierbar\/"},"wordCount":707,"publisher":{"@id":"https:\/\/www.pressenza.com\/de\/#organization"},"image":{"@id":"https:\/\/www.pressenza.com\/de\/2024\/03\/13-jahrestag-der-katastrophe-von-fukushima-atomenergie-ist-gefaehrlich-teuer-und-unkalkulierbar\/#primaryimage"},"thumbnailUrl":"https:\/\/www.pressenza.com\/wp-content\/uploads\/2024\/03\/Tepco-sw.jpg","keywords":["Atomenergie","Atomwaffen","Fukushima","Fukushima-Katastrophe","Japan","Tepco"],"articleSection":["Asien","International","\u00d6kologie und Umwelt"],"inLanguage":"de"},{"@type":"WebPage","@id":"https:\/\/www.pressenza.com\/de\/2024\/03\/13-jahrestag-der-katastrophe-von-fukushima-atomenergie-ist-gefaehrlich-teuer-und-unkalkulierbar\/","url":"https:\/\/www.pressenza.com\/de\/2024\/03\/13-jahrestag-der-katastrophe-von-fukushima-atomenergie-ist-gefaehrlich-teuer-und-unkalkulierbar\/","name":"13. Jahrestag der Katastrophe von Fukushima: Atomenergie ist gef\u00e4hrlich, teuer und unkalkulierbar!","isPartOf":{"@id":"https:\/\/www.pressenza.com\/de\/#website"},"primaryImageOfPage":{"@id":"https:\/\/www.pressenza.com\/de\/2024\/03\/13-jahrestag-der-katastrophe-von-fukushima-atomenergie-ist-gefaehrlich-teuer-und-unkalkulierbar\/#primaryimage"},"image":{"@id":"https:\/\/www.pressenza.com\/de\/2024\/03\/13-jahrestag-der-katastrophe-von-fukushima-atomenergie-ist-gefaehrlich-teuer-und-unkalkulierbar\/#primaryimage"},"thumbnailUrl":"https:\/\/www.pressenza.com\/wp-content\/uploads\/2024\/03\/Tepco-sw.jpg","datePublished":"2024-03-12T15:08:01+00:00","dateModified":"2024-03-12T15:46:04+00:00","description":"ethecon Stiftung Ethik &amp; \u00d6konomie erkl\u00e4rt sich mit allen solidarisch, die am 13. Jahrestag der Katastrophe von Fukushima, den Protest gegen den","breadcrumb":{"@id":"https:\/\/www.pressenza.com\/de\/2024\/03\/13-jahrestag-der-katastrophe-von-fukushima-atomenergie-ist-gefaehrlich-teuer-und-unkalkulierbar\/#breadcrumb"},"inLanguage":"de","potentialAction":[{"@type":"ReadAction","target":["https:\/\/www.pressenza.com\/de\/2024\/03\/13-jahrestag-der-katastrophe-von-fukushima-atomenergie-ist-gefaehrlich-teuer-und-unkalkulierbar\/"]}]},{"@type":"ImageObject","inLanguage":"de","@id":"https:\/\/www.pressenza.com\/de\/2024\/03\/13-jahrestag-der-katastrophe-von-fukushima-atomenergie-ist-gefaehrlich-teuer-und-unkalkulierbar\/#primaryimage","url":"https:\/\/www.pressenza.com\/wp-content\/uploads\/2024\/03\/Tepco-sw.jpg","contentUrl":"https:\/\/www.pressenza.com\/wp-content\/uploads\/2024\/03\/Tepco-sw.jpg","width":1000,"height":667,"caption":"13. Jahrestag der Katastrophe von Fukushima: Atomenergie ist gef\u00e4hrlich, teuer und unkalkulierbar!"},{"@type":"BreadcrumbList","@id":"https:\/\/www.pressenza.com\/de\/2024\/03\/13-jahrestag-der-katastrophe-von-fukushima-atomenergie-ist-gefaehrlich-teuer-und-unkalkulierbar\/#breadcrumb","itemListElement":[{"@type":"ListItem","position":1,"name":"Accueil","item":"https:\/\/www.pressenza.com\/de\/"},{"@type":"ListItem","position":2,"name":"13. Jahrestag der Katastrophe von Fukushima: Atomenergie ist gef\u00e4hrlich, teuer und unkalkulierbar!"}]},{"@type":"WebSite","@id":"https:\/\/www.pressenza.com\/de\/#website","url":"https:\/\/www.pressenza.com\/de\/","name":"Pressenza","description":"International Press Agency","publisher":{"@id":"https:\/\/www.pressenza.com\/de\/#organization"},"potentialAction":[{"@type":"SearchAction","target":{"@type":"EntryPoint","urlTemplate":"https:\/\/www.pressenza.com\/de\/?s={search_term_string}"},"query-input":{"@type":"PropertyValueSpecification","valueRequired":true,"valueName":"search_term_string"}}],"inLanguage":"de"},{"@type":"Organization","@id":"https:\/\/www.pressenza.com\/de\/#organization","name":"Pressenza","url":"https:\/\/www.pressenza.com\/de\/","logo":{"@type":"ImageObject","inLanguage":"de","@id":"https:\/\/www.pressenza.com\/de\/#\/schema\/logo\/image\/","url":"https:\/\/www.pressenza.com\/wp-content\/uploads\/2022\/10\/pressenza_logo_200x200.jpg","contentUrl":"https:\/\/www.pressenza.com\/wp-content\/uploads\/2022\/10\/pressenza_logo_200x200.jpg","width":200,"height":200,"caption":"Pressenza"},"image":{"@id":"https:\/\/www.pressenza.com\/de\/#\/schema\/logo\/image\/"},"sameAs":["https:\/\/www.facebook.com\/PressenzaItalia","https:\/\/x.com\/PressenzaIPA"]},{"@type":"Person","@id":"https:\/\/www.pressenza.com\/de\/#\/schema\/person\/57bb5480943a496a7722b0248e4b658a","name":"Pressenza Berlin","description":"News from the Pressenza Bureau in Berlin, Germany","sameAs":["https:\/\/www.facebook.com\/Pressenza-Deutschland-sterreich-Schweiz-281675388658060\/timeline\/","https:\/\/x.com\/pressenza_ger"],"url":"https:\/\/www.pressenza.com\/de\/author\/pressenza-berlin\/"}]}},"place":"","original_article_url":"","_links":{"self":[{"href":"https:\/\/www.pressenza.com\/de\/wp-json\/wp\/v2\/posts\/1831760","targetHints":{"allow":["GET"]}}],"collection":[{"href":"https:\/\/www.pressenza.com\/de\/wp-json\/wp\/v2\/posts"}],"about":[{"href":"https:\/\/www.pressenza.com\/de\/wp-json\/wp\/v2\/types\/post"}],"author":[{"embeddable":true,"href":"https:\/\/www.pressenza.com\/de\/wp-json\/wp\/v2\/users\/1095"}],"replies":[{"embeddable":true,"href":"https:\/\/www.pressenza.com\/de\/wp-json\/wp\/v2\/comments?post=1831760"}],"version-history":[{"count":0,"href":"https:\/\/www.pressenza.com\/de\/wp-json\/wp\/v2\/posts\/1831760\/revisions"}],"wp:featuredmedia":[{"embeddable":true,"href":"https:\/\/www.pressenza.com\/de\/wp-json\/wp\/v2\/media\/1831762"}],"wp:attachment":[{"href":"https:\/\/www.pressenza.com\/de\/wp-json\/wp\/v2\/media?parent=1831760"}],"wp:term":[{"taxonomy":"category","embeddable":true,"href":"https:\/\/www.pressenza.com\/de\/wp-json\/wp\/v2\/categories?post=1831760"},{"taxonomy":"post_tag","embeddable":true,"href":"https:\/\/www.pressenza.com\/de\/wp-json\/wp\/v2\/tags?post=1831760"}],"curies":[{"name":"wp","href":"https:\/\/api.w.org\/{rel}","templated":true}]}}