{"id":1829296,"date":"2024-03-04T07:27:01","date_gmt":"2024-03-04T07:27:01","guid":{"rendered":"https:\/\/www.pressenza.com\/?p=1829296"},"modified":"2024-03-04T07:27:01","modified_gmt":"2024-03-04T07:27:01","slug":"freundschaft-in-zeiten-der-polarisierung","status":"publish","type":"post","link":"https:\/\/www.pressenza.com\/de\/2024\/03\/freundschaft-in-zeiten-der-polarisierung\/","title":{"rendered":"Freundschaft in Zeiten der Polarisierung"},"content":{"rendered":"<div class=\"entry-content\">\n<p class=\"author-meta\"><strong>Besteht politisches Engagement darin, die Fronten der Kriege in aller Welt hierzulande nachzustellen oder zu verweigern?<\/strong><\/p>\n<\/div>\n<div class=\"entry-content clearfix\">\n<p><em><a href=\"mailto:anni.niklaus.lanz@bluewin.ch\">Anni Lanz<\/a><\/em>\u00a0 <em>f\u00fcr die Online-Zeitung <a href=\"https:\/\/www.infosperber.ch\/gesellschaft\/kontertext-freundschaft-in-zeiten-der-polarisierung\/\">INFOsperber<\/a><\/em><\/p>\n<p>Politsche Analysten stellen in der Schweiz, in den USA, im Nahen Osten und fast \u00a0\u00fcberall eine zunehmende \u00abPolarisierung\u00bb fest, eine Aufspaltung in zwei oder mehrere sich unvers\u00f6hnlich gegen\u00fcberstehende Streitparteien. Mit Hass\u00a0 wird Politik gemacht.\u00a0 Zum Machterhalt oder -gewinn wird Hass auf die Gegenspieler gesch\u00fcrt. Hassreden gegen Andersdenkende bauen in den eigenen Reihen \u00dcberlegenheitsgef\u00fchle und damit verbundene Dominanzanspr\u00fcche auf. Diesen emotionalen \u00a0Zerw\u00fcrfnissen fallen demokratische und menschenrechtliche Werte zum Opfer.<\/p>\n<p class=\"wp-block-heading\"><strong>Empathie<\/strong><\/p>\n<p>Aber wie steht es mit dem Begriff \u00abLiebe\u00bb im politischen Diskurs? Sie ist verp\u00f6nt, wie das Schm\u00e4hwort \u00abGutmensch\u00bb deutlich macht \u2013 verbannt ins Private. Zwar wird Liebe in der Kunst und der Unterhaltungskultur tausendfach besungen und herbeigesehnt. Auch in der Psychologie,\u00a0der Mystik und der Religion spielt sie ebenso eine zentrale Rolle wie in der christlichen Mission aller Zeiten, die den marginalisierten Anerkennungs- und Liebesbed\u00fcrftigen die Liebe Gottes verspricht. Aber in der Politik?<\/p>\n<p>Unser westliches Staatsverst\u00e4ndnis beruht auf der Vision, dass alle Menschen einander mit Respekt und Achtung begegnen \u2013 ein Grundzug auch der Menschenrechte. Aber welche Gef\u00fchle die Einzelnen dabei hegen, liegt in ihrem Freiheitsbereich. Sie werden nicht vorgeschrieben. Weder Liebe noch Hass sollen einen Platz in der politischen \u00d6ffentlichkeit haben.<\/p>\n<p>Vor ein paar Wochen hat sich ein guter Freund von mir von einem anderen meiner besten Freunde losgesagt. Der Grund: der Israel-Pal\u00e4stina-Krieg. Mein pro-israelischer Freund will nichts mehr zu tun haben mit meinem muslimischen Freund. Die Art, wie eine gute Beziehung aufgrund einer politischen Positionierung gekappt worden ist, hat mir schlaflose N\u00e4chte bereitet. Wie gehe ich damit um? Nur eines ist mir klar: Spontanen Gef\u00fchlen darf ich nicht folgen, unangenehme Konflikte nicht einfach umgehen.<\/p>\n<p class=\"wp-block-heading\"><strong>Wer sind die Schw\u00e4chsten?<\/strong><\/p>\n<p>Ich habe in meinem Leben an unz\u00e4hligen Solidarit\u00e4tsbewegungen teilgenommen und Solidarit\u00e4t mit den Schw\u00e4chsten zu \u00fcben versucht. Doch in der gegenw\u00e4rtigen Weltlage der brutalen Kriege muss ich mir neue Fragen stellen: Wer genau sind die Schw\u00e4chsten? Ist es eine Kriegspartei? Ist es die Zivilbev\u00f6lkerung? Oder die Dissidenten auf beiden Seiten? Ich weiss zwar, dass die Pal\u00e4stinenser aller Gesellschaftsschichten Opfer des Kolonialismus und einer missgl\u00fcckten Unabh\u00e4ngigkeit waren. Ich weiss um das immense Leid der Juden im 2. Weltkrieg, das mich motiviert, f\u00fcr die Rechte von Fl\u00fcchtlingen einzustehen. Ich sehe mir immer wieder Holocaust-Filme an und lese die Geschichten von \u00dcberlebenden. Ich wundere mich \u00fcber eindeutige Stellungnahmen von PolitikerInnen und Regierungen f\u00fcr oder gegen die eine oder andere Kriegspartei, aber auch \u00fcber einseitige Parolen und Solidarit\u00e4tskundgebungen bei uns.<\/p>\n<p>Trost spenden mir kluge, reflektierende Texte von Israelis und Pal\u00e4stinensern, wie das Kriegstagebuch des israelischen Schriftstellers Dror Mishani im \u00abMagazin\u00bb vom 13. Januar 2024 \u00a0und die \u00c4usserungen von Ibrahim Dalalsha, dem Direktor des pal\u00e4stinensischen Think-Tanks \u00abHorizon Center\u00bb in Ramallah. Dabei ist mir bewusst, dass es billig ist, wenn ich mir fernab von den Kriegsschaupl\u00e4tzen ein Urteil bilde und mit keinem Menschen dort in pers\u00f6nlicher Freundschaften verbunden bin. Es \u00e4rgert mich, wenn sich Politiker im Westen aus purem Opportunismus der einen Seite zuschlagen, oder wenn Teile der hiesigen Bev\u00f6lkerung Hass gegen die eine oder andere Seite sch\u00fcren. Denn wenn die spontanen Gef\u00fchle auf Hass aufbauen, dann sind sie irreleitend.<\/p>\n<p>Es ist die Empathie, die spontane Hassgef\u00fchle besiegen kann. Empathie mit dem Schmerz der Zivilbev\u00f6lkerung, unabh\u00e4ngig vom jeweiligen politischen Standpunkt des Einzelnen. Oder haben die mutigen Fl\u00fcchtlingsretter im 2. Weltkrieg, meine grossen Vorbilder, die zu Rettenden jeweils nach ihrer politischen und moralischen Ansicht befragt, bevor sie ihnen Hand boten?<\/p>\n<p>Empathie wird den M\u00e4dchen als\u00a0Bestandteil der k\u00fcnftigen Mutterrolle beigebracht. Sie ist eine wertvolle Kompetenz. Sie ist wie das Vertrauen ein Element der Liebe. Meine intensivste Empathie-Schule ist das Ausschaffungsgef\u00e4ngnis, das ich w\u00f6chentlich besuche. Mein Gegen\u00fcber hat oft die krudesten Ideen, aber der \u00abpermanente Stress\u00bb der Zukunftslosigkeit und Gefangenschaft ist bei allen Insassen derselbe und evoziert meine Empathie, jenseits von Gut und B\u00f6se der Migrationsgr\u00fcnde. Meine Empathie wird durch die Anteilnahme an der Verzweiflung von Menschen in ausweglosen Situationen gesch\u00e4rft und soll mich leiten.<\/p>\n<p>Auch gegen\u00fcber meinen entzweiten Freunden, denn echte Freundschaft bzw. Liebe beruht auf einem Fundament bedingungsloser Akzeptanz trotz Dissonanzen. \u00abLiebe Deinen n\u00e4chsten wie Dich selbst\u00bb ist wohl keine politische Aussage. Aber Politik ohne Empathie tr\u00e4gt gemeinschaftsfeindliche Z\u00fcge.<\/p>\n<\/div>\n","protected":false},"excerpt":{"rendered":"<p>Besteht politisches Engagement darin, die Fronten der Kriege in aller Welt hierzulande nachzustellen oder zu verweigern? Anni Lanz\u00a0 f\u00fcr die Online-Zeitung INFOsperber Politsche Analysten stellen in der Schweiz, in den USA, im Nahen Osten und fast \u00a0\u00fcberall eine zunehmende \u00abPolarisierung\u00bb&hellip;<\/p>\n","protected":false},"author":1855,"featured_media":1829298,"comment_status":"closed","ping_status":"closed","sticky":false,"template":"","format":"standard","meta":{"footnotes":""},"categories":[9161,9168],"tags":[9821,57730,37699,22228,35202],"class_list":["post-1829296","post","type-post","status-publish","format-standard","has-post-thumbnail","hentry","category-menschenrechte","category-politik","tag-demokratie","tag-empathie-de","tag-kriege","tag-menschenrechte","tag-polarisierung"],"yoast_head":"<!-- This site is optimized with the Yoast SEO plugin v27.1.1 - https:\/\/yoast.com\/product\/yoast-seo-wordpress\/ -->\n<title>Freundschaft in Zeiten der Polarisierung<\/title>\n<meta name=\"description\" content=\"Besteht politisches Engagement darin, die Fronten der Kriege in aller Welt hierzulande nachzustellen oder zu verweigern? Anni Lanz\u00a0 f\u00fcr die Online-Zeitung\" \/>\n<meta name=\"robots\" content=\"index, follow, max-snippet:-1, max-image-preview:large, max-video-preview:-1\" \/>\n<link rel=\"canonical\" href=\"https:\/\/www.pressenza.com\/de\/2024\/03\/freundschaft-in-zeiten-der-polarisierung\/\" \/>\n<meta property=\"og:locale\" content=\"de_DE\" \/>\n<meta property=\"og:type\" content=\"article\" \/>\n<meta property=\"og:title\" content=\"Freundschaft in Zeiten der Polarisierung\" \/>\n<meta property=\"og:description\" content=\"Besteht politisches Engagement darin, die Fronten der Kriege in aller Welt hierzulande nachzustellen oder zu verweigern? Anni Lanz\u00a0 f\u00fcr die Online-Zeitung\" \/>\n<meta property=\"og:url\" content=\"https:\/\/www.pressenza.com\/de\/2024\/03\/freundschaft-in-zeiten-der-polarisierung\/\" \/>\n<meta property=\"og:site_name\" content=\"Pressenza\" \/>\n<meta property=\"article:publisher\" content=\"https:\/\/www.facebook.com\/PressenzaItalia\" \/>\n<meta property=\"article:published_time\" content=\"2024-03-04T07:27:01+00:00\" \/>\n<meta property=\"og:image\" content=\"https:\/\/www.pressenza.com\/wp-content\/uploads\/2024\/03\/IMG_2941.jpeg\" \/>\n\t<meta property=\"og:image:width\" content=\"1920\" \/>\n\t<meta property=\"og:image:height\" content=\"1280\" \/>\n\t<meta property=\"og:image:type\" content=\"image\/jpeg\" \/>\n<meta name=\"author\" content=\"INFOsperber\" \/>\n<meta name=\"twitter:card\" content=\"summary_large_image\" \/>\n<meta name=\"twitter:creator\" content=\"@PressenzaIPA\" \/>\n<meta name=\"twitter:site\" content=\"@PressenzaIPA\" \/>\n<meta name=\"twitter:label1\" content=\"Verfasst von\" \/>\n\t<meta name=\"twitter:data1\" content=\"INFOsperber\" \/>\n\t<meta name=\"twitter:label2\" content=\"Gesch\u00e4tzte Lesezeit\" \/>\n\t<meta name=\"twitter:data2\" content=\"4\u00a0Minuten\" \/>\n<script type=\"application\/ld+json\" class=\"yoast-schema-graph\">{\"@context\":\"https:\/\/schema.org\",\"@graph\":[{\"@type\":\"Article\",\"@id\":\"https:\/\/www.pressenza.com\/de\/2024\/03\/freundschaft-in-zeiten-der-polarisierung\/#article\",\"isPartOf\":{\"@id\":\"https:\/\/www.pressenza.com\/de\/2024\/03\/freundschaft-in-zeiten-der-polarisierung\/\"},\"author\":{\"name\":\"INFOsperber\",\"@id\":\"https:\/\/www.pressenza.com\/de\/#\/schema\/person\/77735f6583e3041b31ebc7b93a284357\"},\"headline\":\"Freundschaft in Zeiten der Polarisierung\",\"datePublished\":\"2024-03-04T07:27:01+00:00\",\"mainEntityOfPage\":{\"@id\":\"https:\/\/www.pressenza.com\/de\/2024\/03\/freundschaft-in-zeiten-der-polarisierung\/\"},\"wordCount\":746,\"publisher\":{\"@id\":\"https:\/\/www.pressenza.com\/de\/#organization\"},\"image\":{\"@id\":\"https:\/\/www.pressenza.com\/de\/2024\/03\/freundschaft-in-zeiten-der-polarisierung\/#primaryimage\"},\"thumbnailUrl\":\"https:\/\/www.pressenza.com\/wp-content\/uploads\/2024\/03\/IMG_2941.jpeg\",\"keywords\":[\"Demokratie\",\"empathie\",\"Kriege\",\"Menschenrechte\",\"Polarisierung\"],\"articleSection\":[\"Menschenrechte\",\"Politik\"],\"inLanguage\":\"de\"},{\"@type\":\"WebPage\",\"@id\":\"https:\/\/www.pressenza.com\/de\/2024\/03\/freundschaft-in-zeiten-der-polarisierung\/\",\"url\":\"https:\/\/www.pressenza.com\/de\/2024\/03\/freundschaft-in-zeiten-der-polarisierung\/\",\"name\":\"Freundschaft in Zeiten der Polarisierung\",\"isPartOf\":{\"@id\":\"https:\/\/www.pressenza.com\/de\/#website\"},\"primaryImageOfPage\":{\"@id\":\"https:\/\/www.pressenza.com\/de\/2024\/03\/freundschaft-in-zeiten-der-polarisierung\/#primaryimage\"},\"image\":{\"@id\":\"https:\/\/www.pressenza.com\/de\/2024\/03\/freundschaft-in-zeiten-der-polarisierung\/#primaryimage\"},\"thumbnailUrl\":\"https:\/\/www.pressenza.com\/wp-content\/uploads\/2024\/03\/IMG_2941.jpeg\",\"datePublished\":\"2024-03-04T07:27:01+00:00\",\"description\":\"Besteht politisches Engagement darin, die Fronten der Kriege in aller Welt hierzulande nachzustellen oder zu verweigern? Anni Lanz\u00a0 f\u00fcr die Online-Zeitung\",\"breadcrumb\":{\"@id\":\"https:\/\/www.pressenza.com\/de\/2024\/03\/freundschaft-in-zeiten-der-polarisierung\/#breadcrumb\"},\"inLanguage\":\"de\",\"potentialAction\":[{\"@type\":\"ReadAction\",\"target\":[\"https:\/\/www.pressenza.com\/de\/2024\/03\/freundschaft-in-zeiten-der-polarisierung\/\"]}]},{\"@type\":\"ImageObject\",\"inLanguage\":\"de\",\"@id\":\"https:\/\/www.pressenza.com\/de\/2024\/03\/freundschaft-in-zeiten-der-polarisierung\/#primaryimage\",\"url\":\"https:\/\/www.pressenza.com\/wp-content\/uploads\/2024\/03\/IMG_2941.jpeg\",\"contentUrl\":\"https:\/\/www.pressenza.com\/wp-content\/uploads\/2024\/03\/IMG_2941.jpeg\",\"width\":1920,\"height\":1280},{\"@type\":\"BreadcrumbList\",\"@id\":\"https:\/\/www.pressenza.com\/de\/2024\/03\/freundschaft-in-zeiten-der-polarisierung\/#breadcrumb\",\"itemListElement\":[{\"@type\":\"ListItem\",\"position\":1,\"name\":\"Accueil\",\"item\":\"https:\/\/www.pressenza.com\/de\/\"},{\"@type\":\"ListItem\",\"position\":2,\"name\":\"Freundschaft in Zeiten der Polarisierung\"}]},{\"@type\":\"WebSite\",\"@id\":\"https:\/\/www.pressenza.com\/de\/#website\",\"url\":\"https:\/\/www.pressenza.com\/de\/\",\"name\":\"Pressenza\",\"description\":\"International Press Agency\",\"publisher\":{\"@id\":\"https:\/\/www.pressenza.com\/de\/#organization\"},\"potentialAction\":[{\"@type\":\"SearchAction\",\"target\":{\"@type\":\"EntryPoint\",\"urlTemplate\":\"https:\/\/www.pressenza.com\/de\/?s={search_term_string}\"},\"query-input\":{\"@type\":\"PropertyValueSpecification\",\"valueRequired\":true,\"valueName\":\"search_term_string\"}}],\"inLanguage\":\"de\"},{\"@type\":\"Organization\",\"@id\":\"https:\/\/www.pressenza.com\/de\/#organization\",\"name\":\"Pressenza\",\"url\":\"https:\/\/www.pressenza.com\/de\/\",\"logo\":{\"@type\":\"ImageObject\",\"inLanguage\":\"de\",\"@id\":\"https:\/\/www.pressenza.com\/de\/#\/schema\/logo\/image\/\",\"url\":\"https:\/\/www.pressenza.com\/wp-content\/uploads\/2022\/10\/pressenza_logo_200x200.jpg\",\"contentUrl\":\"https:\/\/www.pressenza.com\/wp-content\/uploads\/2022\/10\/pressenza_logo_200x200.jpg\",\"width\":200,\"height\":200,\"caption\":\"Pressenza\"},\"image\":{\"@id\":\"https:\/\/www.pressenza.com\/de\/#\/schema\/logo\/image\/\"},\"sameAs\":[\"https:\/\/www.facebook.com\/PressenzaItalia\",\"https:\/\/x.com\/PressenzaIPA\"]},{\"@type\":\"Person\",\"@id\":\"https:\/\/www.pressenza.com\/de\/#\/schema\/person\/77735f6583e3041b31ebc7b93a284357\",\"name\":\"INFOsperber\",\"description\":\"Infosperber.ch - sieht, was andere \u00fcbersehen Die Schweizer Internet-Zeitung richtet sich an Entscheidungstr\u00e4ger in Gesellschaft, Wirtschaft und Politik sowie alle, die erg\u00e4nzende Informationen zu den grossen Medien suchen. Infosperber will die grossen Informations-Medien nicht konkurrenzieren, sondern diese erg\u00e4nzen. \u00a9 Das Weiterverbreiten s\u00e4mtlicher auf dem gemeinn\u00fctzigen Portal www.infosperber.ch enthaltenen Texte ist ohne Kostenfolge erlaubt, sofern die Texte integral ohne K\u00fcrzung und mit Quellenangaben (Autor und \u00abInfosperber\u00bb) verbreitet werden. Bei einer Online-Nutzung ist die Quellenangabe m\u00f6glichst schon am Anfang des Artikels mit einem Link auf infosperber.ch zu versehen. F\u00fcr das Verbreiten von gek\u00fcrzten oder abge\u00e4nderten Texten ist das schriftliche Einverst\u00e4ndnis der AutorInnen erforderlich.\",\"sameAs\":[\"https:\/\/www.infosperber.ch\/\"],\"url\":\"https:\/\/www.pressenza.com\/de\/author\/infosperber\/\"}]}<\/script>\n<!-- \/ Yoast SEO plugin. -->","yoast_head_json":{"title":"Freundschaft in Zeiten der Polarisierung","description":"Besteht politisches Engagement darin, die Fronten der Kriege in aller Welt hierzulande nachzustellen oder zu verweigern? Anni Lanz\u00a0 f\u00fcr die Online-Zeitung","robots":{"index":"index","follow":"follow","max-snippet":"max-snippet:-1","max-image-preview":"max-image-preview:large","max-video-preview":"max-video-preview:-1"},"canonical":"https:\/\/www.pressenza.com\/de\/2024\/03\/freundschaft-in-zeiten-der-polarisierung\/","og_locale":"de_DE","og_type":"article","og_title":"Freundschaft in Zeiten der Polarisierung","og_description":"Besteht politisches Engagement darin, die Fronten der Kriege in aller Welt hierzulande nachzustellen oder zu verweigern? Anni Lanz\u00a0 f\u00fcr die Online-Zeitung","og_url":"https:\/\/www.pressenza.com\/de\/2024\/03\/freundschaft-in-zeiten-der-polarisierung\/","og_site_name":"Pressenza","article_publisher":"https:\/\/www.facebook.com\/PressenzaItalia","article_published_time":"2024-03-04T07:27:01+00:00","og_image":[{"width":1920,"height":1280,"url":"https:\/\/www.pressenza.com\/wp-content\/uploads\/2024\/03\/IMG_2941.jpeg","type":"image\/jpeg"}],"author":"INFOsperber","twitter_card":"summary_large_image","twitter_creator":"@PressenzaIPA","twitter_site":"@PressenzaIPA","twitter_misc":{"Verfasst von":"INFOsperber","Gesch\u00e4tzte Lesezeit":"4\u00a0Minuten"},"schema":{"@context":"https:\/\/schema.org","@graph":[{"@type":"Article","@id":"https:\/\/www.pressenza.com\/de\/2024\/03\/freundschaft-in-zeiten-der-polarisierung\/#article","isPartOf":{"@id":"https:\/\/www.pressenza.com\/de\/2024\/03\/freundschaft-in-zeiten-der-polarisierung\/"},"author":{"name":"INFOsperber","@id":"https:\/\/www.pressenza.com\/de\/#\/schema\/person\/77735f6583e3041b31ebc7b93a284357"},"headline":"Freundschaft in Zeiten der Polarisierung","datePublished":"2024-03-04T07:27:01+00:00","mainEntityOfPage":{"@id":"https:\/\/www.pressenza.com\/de\/2024\/03\/freundschaft-in-zeiten-der-polarisierung\/"},"wordCount":746,"publisher":{"@id":"https:\/\/www.pressenza.com\/de\/#organization"},"image":{"@id":"https:\/\/www.pressenza.com\/de\/2024\/03\/freundschaft-in-zeiten-der-polarisierung\/#primaryimage"},"thumbnailUrl":"https:\/\/www.pressenza.com\/wp-content\/uploads\/2024\/03\/IMG_2941.jpeg","keywords":["Demokratie","empathie","Kriege","Menschenrechte","Polarisierung"],"articleSection":["Menschenrechte","Politik"],"inLanguage":"de"},{"@type":"WebPage","@id":"https:\/\/www.pressenza.com\/de\/2024\/03\/freundschaft-in-zeiten-der-polarisierung\/","url":"https:\/\/www.pressenza.com\/de\/2024\/03\/freundschaft-in-zeiten-der-polarisierung\/","name":"Freundschaft in Zeiten der Polarisierung","isPartOf":{"@id":"https:\/\/www.pressenza.com\/de\/#website"},"primaryImageOfPage":{"@id":"https:\/\/www.pressenza.com\/de\/2024\/03\/freundschaft-in-zeiten-der-polarisierung\/#primaryimage"},"image":{"@id":"https:\/\/www.pressenza.com\/de\/2024\/03\/freundschaft-in-zeiten-der-polarisierung\/#primaryimage"},"thumbnailUrl":"https:\/\/www.pressenza.com\/wp-content\/uploads\/2024\/03\/IMG_2941.jpeg","datePublished":"2024-03-04T07:27:01+00:00","description":"Besteht politisches Engagement darin, die Fronten der Kriege in aller Welt hierzulande nachzustellen oder zu verweigern? Anni Lanz\u00a0 f\u00fcr die Online-Zeitung","breadcrumb":{"@id":"https:\/\/www.pressenza.com\/de\/2024\/03\/freundschaft-in-zeiten-der-polarisierung\/#breadcrumb"},"inLanguage":"de","potentialAction":[{"@type":"ReadAction","target":["https:\/\/www.pressenza.com\/de\/2024\/03\/freundschaft-in-zeiten-der-polarisierung\/"]}]},{"@type":"ImageObject","inLanguage":"de","@id":"https:\/\/www.pressenza.com\/de\/2024\/03\/freundschaft-in-zeiten-der-polarisierung\/#primaryimage","url":"https:\/\/www.pressenza.com\/wp-content\/uploads\/2024\/03\/IMG_2941.jpeg","contentUrl":"https:\/\/www.pressenza.com\/wp-content\/uploads\/2024\/03\/IMG_2941.jpeg","width":1920,"height":1280},{"@type":"BreadcrumbList","@id":"https:\/\/www.pressenza.com\/de\/2024\/03\/freundschaft-in-zeiten-der-polarisierung\/#breadcrumb","itemListElement":[{"@type":"ListItem","position":1,"name":"Accueil","item":"https:\/\/www.pressenza.com\/de\/"},{"@type":"ListItem","position":2,"name":"Freundschaft in Zeiten der Polarisierung"}]},{"@type":"WebSite","@id":"https:\/\/www.pressenza.com\/de\/#website","url":"https:\/\/www.pressenza.com\/de\/","name":"Pressenza","description":"International Press Agency","publisher":{"@id":"https:\/\/www.pressenza.com\/de\/#organization"},"potentialAction":[{"@type":"SearchAction","target":{"@type":"EntryPoint","urlTemplate":"https:\/\/www.pressenza.com\/de\/?s={search_term_string}"},"query-input":{"@type":"PropertyValueSpecification","valueRequired":true,"valueName":"search_term_string"}}],"inLanguage":"de"},{"@type":"Organization","@id":"https:\/\/www.pressenza.com\/de\/#organization","name":"Pressenza","url":"https:\/\/www.pressenza.com\/de\/","logo":{"@type":"ImageObject","inLanguage":"de","@id":"https:\/\/www.pressenza.com\/de\/#\/schema\/logo\/image\/","url":"https:\/\/www.pressenza.com\/wp-content\/uploads\/2022\/10\/pressenza_logo_200x200.jpg","contentUrl":"https:\/\/www.pressenza.com\/wp-content\/uploads\/2022\/10\/pressenza_logo_200x200.jpg","width":200,"height":200,"caption":"Pressenza"},"image":{"@id":"https:\/\/www.pressenza.com\/de\/#\/schema\/logo\/image\/"},"sameAs":["https:\/\/www.facebook.com\/PressenzaItalia","https:\/\/x.com\/PressenzaIPA"]},{"@type":"Person","@id":"https:\/\/www.pressenza.com\/de\/#\/schema\/person\/77735f6583e3041b31ebc7b93a284357","name":"INFOsperber","description":"Infosperber.ch - sieht, was andere \u00fcbersehen Die Schweizer Internet-Zeitung richtet sich an Entscheidungstr\u00e4ger in Gesellschaft, Wirtschaft und Politik sowie alle, die erg\u00e4nzende Informationen zu den grossen Medien suchen. Infosperber will die grossen Informations-Medien nicht konkurrenzieren, sondern diese erg\u00e4nzen. \u00a9 Das Weiterverbreiten s\u00e4mtlicher auf dem gemeinn\u00fctzigen Portal www.infosperber.ch enthaltenen Texte ist ohne Kostenfolge erlaubt, sofern die Texte integral ohne K\u00fcrzung und mit Quellenangaben (Autor und \u00abInfosperber\u00bb) verbreitet werden. Bei einer Online-Nutzung ist die Quellenangabe m\u00f6glichst schon am Anfang des Artikels mit einem Link auf infosperber.ch zu versehen. F\u00fcr das Verbreiten von gek\u00fcrzten oder abge\u00e4nderten Texten ist das schriftliche Einverst\u00e4ndnis der AutorInnen erforderlich.","sameAs":["https:\/\/www.infosperber.ch\/"],"url":"https:\/\/www.pressenza.com\/de\/author\/infosperber\/"}]}},"place":"","original_article_url":"","_links":{"self":[{"href":"https:\/\/www.pressenza.com\/de\/wp-json\/wp\/v2\/posts\/1829296","targetHints":{"allow":["GET"]}}],"collection":[{"href":"https:\/\/www.pressenza.com\/de\/wp-json\/wp\/v2\/posts"}],"about":[{"href":"https:\/\/www.pressenza.com\/de\/wp-json\/wp\/v2\/types\/post"}],"author":[{"embeddable":true,"href":"https:\/\/www.pressenza.com\/de\/wp-json\/wp\/v2\/users\/1855"}],"replies":[{"embeddable":true,"href":"https:\/\/www.pressenza.com\/de\/wp-json\/wp\/v2\/comments?post=1829296"}],"version-history":[{"count":0,"href":"https:\/\/www.pressenza.com\/de\/wp-json\/wp\/v2\/posts\/1829296\/revisions"}],"wp:featuredmedia":[{"embeddable":true,"href":"https:\/\/www.pressenza.com\/de\/wp-json\/wp\/v2\/media\/1829298"}],"wp:attachment":[{"href":"https:\/\/www.pressenza.com\/de\/wp-json\/wp\/v2\/media?parent=1829296"}],"wp:term":[{"taxonomy":"category","embeddable":true,"href":"https:\/\/www.pressenza.com\/de\/wp-json\/wp\/v2\/categories?post=1829296"},{"taxonomy":"post_tag","embeddable":true,"href":"https:\/\/www.pressenza.com\/de\/wp-json\/wp\/v2\/tags?post=1829296"}],"curies":[{"name":"wp","href":"https:\/\/api.w.org\/{rel}","templated":true}]}}