{"id":1828389,"date":"2024-02-27T13:02:24","date_gmt":"2024-02-27T13:02:24","guid":{"rendered":"https:\/\/www.pressenza.com\/?p=1828389"},"modified":"2024-02-27T13:03:33","modified_gmt":"2024-02-27T13:03:33","slug":"ein-wichtiger-schritt-zur-gleichstellung-gleichgeschlechtlicher-paare","status":"publish","type":"post","link":"https:\/\/www.pressenza.com\/de\/2024\/02\/ein-wichtiger-schritt-zur-gleichstellung-gleichgeschlechtlicher-paare\/","title":{"rendered":"Ein wichtiger Schritt zur Gleichstellung gleichgeschlechtlicher Paare"},"content":{"rendered":"<p><strong>Zur\u00fcck ins Jahr 2008. Wie wir ein paar Stunden sp\u00e4ter erfahren sollten und was in der sp\u00e4teren Dokumentation von Panagiotis Evaggelidis ausf\u00fchrlich dargestellt wird, vollzieht der inzwischen verstorbene B\u00fcrgermeister der winzigen Insel Tilos, Tasos Aliferis, im Rathaus eine zivile Eheschlie\u00dfung zweier gleichgeschlechtlicher Paare, die auf einer Auslegung der damals g\u00fcltigen Verfassung durch Verfassungsrechtsprofessoren beruht, die nicht eindeutig besagt, dass die Ehe zwischen einem Mann und einer Frau besteht. Es folgte ein langer Gerichtsstreit \u00fcber die Annullierung der Ehen. Doch der Countdown f\u00fcr die offizielle Anerkennung der Zivilehe zwischen gleichgeschlechtlichen Paaren hatte bereits begonnen.<\/strong><\/p>\n<p>Gestern stimmte das griechische Parlament mit gro\u00dfer Zustimmung der demokratischen Parteien und 176 Ja-Stimmen f\u00fcr die Gleichstellung der Ehe zwischen gleichgeschlechtlichen Paaren und das Recht auf Anerkennung ihrer Kinder. Der Gesetzentwurf wurde von der rechtsgerichteten Regierung, der Neuen Demokratie, eingebracht, um:<\/p>\n<ul>\n<li>einen Teil der konservativen Mitte zu gewinnen, die seit mehreren Jahren nicht mehr in der Regierung vertreten ist,<\/li>\n<li>auf eine der St\u00e4rken des neuen Vorsitzenden von SYRIZA, Stefanos Kasselakis (offen schwul und seit kurzem mit seinem Partner im Ausland verheiratet), zu reagieren,<\/li>\n<li>ein positives Zeichen f\u00fcr den sozialen Zusammenhalt nach rund f\u00fcnf Jahren der Repression und der Unterdr\u00fcckung von Rechten (Zugang zu Wohnraum, Besch\u00e4ftigung, Gesundheit, Bildung usw.) zu setzen. Es ist kein Zufall, dass die Studentenbewegung am selben Tag erneut in Athen gegen die Gesetzesinitiativen der Regierung zur Privatisierung der Hochschulbildung und zum Abbau der \u00f6ffentlichen Bildung auf die Stra\u00dfe ging.<\/li>\n<\/ul>\n<p>Die Vertreter\/innen der LGBTQ+-Gemeinschaft hatten den Gesetzentwurf in ihren \u00f6ffentlichen Beitr\u00e4gen und in der Debatte, die vor einigen Tagen in den zust\u00e4ndigen Aussch\u00fcssen des griechischen Parlaments stattfand, positiv aufgenommen gleichwohl seine Schw\u00e4chen deutlich herausgestellt.<\/p>\n<p>Die Gleichstellung der gleichgeschlechtlichen Ehe folgt auf die von der SYRIZA-Regierung eingef\u00fchrten Gesetze zur Lebenspartnerschaft (2015) und zur rechtlichen Anerkennung der Geschlechtsidentit\u00e4t (2017). Griechenland ist nun das 35. Land der Welt, das das Recht auf Ehe f\u00fcr gleichgeschlechtliche Paare und die Anerkennung ihrer Kinder legalisiert hat.<\/p>\n<p>Tausende von Community-Mitgliedern haben im Laufe der Zeit in Griechenland auf verschiedene Weise f\u00fcr Sichtbarkeit und Rechte gek\u00e4mpft. Aber ich denke, dass das neue Gesetz dem Gedenken an Tasos Aliferis gewidmet sein sollte, dem Gedenken an die beiden Frauen, die in Tilos eine Zivilehe geschlossen haben, Evangelia und Olga-Marie, die nicht mehr unter uns weilen, und dem Mut eines Ehepaars aus Tilos, Dimitris und Themis.<\/p>\n<p><strong><em>\u00dcbersetzung aus dem Englischen von Heike Pich <\/em><em>vom ehrenamtlichen Pressenza-\u00dcbersetzungsteam. <a href=\"https:\/\/www.pressenza.com\/de\/mitarbeiten\/\" target=\"_blank\" rel=\"noopener\">Wir suchen Freiwillige!<\/a><\/em><\/strong><\/p>\n<blockquote class=\"twitter-tweet\">\n<p dir=\"ltr\" lang=\"en\">Good news from Greece \ud83c\udf89<\/p>\n<p>The Greek authorities must now take steps to ensure the swift and effective implementation of the new legislation and also introduce further legislative changes to guarantee full equality for LGBTQI+ people and families. <a href=\"https:\/\/t.co\/t9dvoG9gEb\">pic.twitter.com\/t9dvoG9gEb<\/a><\/p>\n<p>\u2014 Amnesty International (@amnesty) <a href=\"https:\/\/twitter.com\/amnesty\/status\/1758426089326547429?ref_src=twsrc%5Etfw\">February 16, 2024<\/a><\/p><\/blockquote>\n<p><script async src=\"https:\/\/platform.twitter.com\/widgets.js\" charset=\"utf-8\"><\/script><\/p>\n","protected":false},"excerpt":{"rendered":"<p>Zur\u00fcck ins Jahr 2008. Wie wir ein paar Stunden sp\u00e4ter erfahren sollten und was in der sp\u00e4teren Dokumentation von Panagiotis Evaggelidis ausf\u00fchrlich dargestellt wird, vollzieht der inzwischen verstorbene B\u00fcrgermeister der winzigen Insel Tilos, Tasos Aliferis, im Rathaus eine zivile Eheschlie\u00dfung&hellip;<\/p>\n","protected":false},"author":1203,"featured_media":1828390,"comment_status":"closed","ping_status":"closed","sticky":false,"template":"","format":"standard","meta":{"footnotes":""},"categories":[9150,9143,9161,11387,9165],"tags":[82795,77216,15221,93034,77614,120437],"class_list":["post-1828389","post","type-post","status-publish","format-standard","has-post-thumbnail","hentry","category-europa-de","category-meinungen","category-menschenrechte","category-originalinhalt","category-vielfalt","tag-gleichgeschlechtliche-ehe","tag-gleichgeschlechtliche-paare","tag-griechenland","tag-griechisches-parlament","tag-lgbtq-de","tag-tasos-aliferis"],"yoast_head":"<!-- This site is optimized with the Yoast SEO plugin v27.1.1 - https:\/\/yoast.com\/product\/yoast-seo-wordpress\/ -->\n<title>Ein wichtiger Schritt zur Gleichstellung gleichgeschlechtlicher Paare<\/title>\n<meta name=\"description\" content=\"Zur\u00fcck ins Jahr 2008. Wie wir ein paar Stunden sp\u00e4ter erfahren sollten und was in der sp\u00e4teren Dokumentation von Panagiotis Evaggelidis ausf\u00fchrlich\" \/>\n<meta name=\"robots\" content=\"index, follow, max-snippet:-1, max-image-preview:large, max-video-preview:-1\" \/>\n<link rel=\"canonical\" href=\"https:\/\/www.pressenza.com\/de\/2024\/02\/ein-wichtiger-schritt-zur-gleichstellung-gleichgeschlechtlicher-paare\/\" \/>\n<meta property=\"og:locale\" content=\"de_DE\" \/>\n<meta property=\"og:type\" content=\"article\" \/>\n<meta property=\"og:title\" content=\"Ein wichtiger Schritt zur Gleichstellung gleichgeschlechtlicher Paare\" \/>\n<meta property=\"og:description\" content=\"Zur\u00fcck ins Jahr 2008. Wie wir ein paar Stunden sp\u00e4ter erfahren sollten und was in der sp\u00e4teren Dokumentation von Panagiotis Evaggelidis ausf\u00fchrlich\" \/>\n<meta property=\"og:url\" content=\"https:\/\/www.pressenza.com\/de\/2024\/02\/ein-wichtiger-schritt-zur-gleichstellung-gleichgeschlechtlicher-paare\/\" \/>\n<meta property=\"og:site_name\" content=\"Pressenza\" \/>\n<meta property=\"article:publisher\" content=\"https:\/\/www.facebook.com\/PressenzaItalia\" \/>\n<meta property=\"article:author\" content=\"https:\/\/www.facebook.com\/marianella.kloka?fref=ts\" \/>\n<meta property=\"article:published_time\" content=\"2024-02-27T13:02:24+00:00\" \/>\n<meta property=\"article:modified_time\" content=\"2024-02-27T13:03:33+00:00\" \/>\n<meta property=\"og:image\" content=\"https:\/\/www.pressenza.com\/wp-content\/uploads\/2024\/02\/hellenic-parliament-photo-marianella-kloka.jpg\" \/>\n\t<meta property=\"og:image:width\" content=\"2000\" \/>\n\t<meta property=\"og:image:height\" content=\"1125\" \/>\n\t<meta property=\"og:image:type\" content=\"image\/jpeg\" \/>\n<meta name=\"author\" content=\"Marianella Kloka\" \/>\n<meta name=\"twitter:card\" content=\"summary_large_image\" \/>\n<meta name=\"twitter:creator\" content=\"@MarianellaKloka\" \/>\n<meta name=\"twitter:site\" content=\"@PressenzaIPA\" \/>\n<meta name=\"twitter:label1\" content=\"Verfasst von\" \/>\n\t<meta name=\"twitter:data1\" content=\"Marianella Kloka\" \/>\n\t<meta name=\"twitter:label2\" content=\"Gesch\u00e4tzte Lesezeit\" \/>\n\t<meta name=\"twitter:data2\" content=\"3\u00a0Minuten\" \/>\n<script type=\"application\/ld+json\" class=\"yoast-schema-graph\">{\"@context\":\"https:\/\/schema.org\",\"@graph\":[{\"@type\":\"Article\",\"@id\":\"https:\/\/www.pressenza.com\/de\/2024\/02\/ein-wichtiger-schritt-zur-gleichstellung-gleichgeschlechtlicher-paare\/#article\",\"isPartOf\":{\"@id\":\"https:\/\/www.pressenza.com\/de\/2024\/02\/ein-wichtiger-schritt-zur-gleichstellung-gleichgeschlechtlicher-paare\/\"},\"author\":{\"name\":\"Marianella Kloka\",\"@id\":\"https:\/\/www.pressenza.com\/de\/#\/schema\/person\/2f6926fff5b90a0637b85437f24cbfe9\"},\"headline\":\"Ein wichtiger Schritt zur Gleichstellung gleichgeschlechtlicher Paare\",\"datePublished\":\"2024-02-27T13:02:24+00:00\",\"dateModified\":\"2024-02-27T13:03:33+00:00\",\"mainEntityOfPage\":{\"@id\":\"https:\/\/www.pressenza.com\/de\/2024\/02\/ein-wichtiger-schritt-zur-gleichstellung-gleichgeschlechtlicher-paare\/\"},\"wordCount\":470,\"publisher\":{\"@id\":\"https:\/\/www.pressenza.com\/de\/#organization\"},\"image\":{\"@id\":\"https:\/\/www.pressenza.com\/de\/2024\/02\/ein-wichtiger-schritt-zur-gleichstellung-gleichgeschlechtlicher-paare\/#primaryimage\"},\"thumbnailUrl\":\"https:\/\/www.pressenza.com\/wp-content\/uploads\/2024\/02\/hellenic-parliament-photo-marianella-kloka.jpg\",\"keywords\":[\"Gleichgeschlechtliche Ehe\",\"Gleichgeschlechtliche Paare\",\"Griechenland\",\"Griechisches Parlament\",\"LGBTQ+\",\"Tasos Aliferis\"],\"articleSection\":[\"Europa\",\"Meinungen\",\"Menschenrechte\",\"Originalinhalt\",\"Vielfalt\"],\"inLanguage\":\"de\"},{\"@type\":\"WebPage\",\"@id\":\"https:\/\/www.pressenza.com\/de\/2024\/02\/ein-wichtiger-schritt-zur-gleichstellung-gleichgeschlechtlicher-paare\/\",\"url\":\"https:\/\/www.pressenza.com\/de\/2024\/02\/ein-wichtiger-schritt-zur-gleichstellung-gleichgeschlechtlicher-paare\/\",\"name\":\"Ein wichtiger Schritt zur Gleichstellung gleichgeschlechtlicher Paare\",\"isPartOf\":{\"@id\":\"https:\/\/www.pressenza.com\/de\/#website\"},\"primaryImageOfPage\":{\"@id\":\"https:\/\/www.pressenza.com\/de\/2024\/02\/ein-wichtiger-schritt-zur-gleichstellung-gleichgeschlechtlicher-paare\/#primaryimage\"},\"image\":{\"@id\":\"https:\/\/www.pressenza.com\/de\/2024\/02\/ein-wichtiger-schritt-zur-gleichstellung-gleichgeschlechtlicher-paare\/#primaryimage\"},\"thumbnailUrl\":\"https:\/\/www.pressenza.com\/wp-content\/uploads\/2024\/02\/hellenic-parliament-photo-marianella-kloka.jpg\",\"datePublished\":\"2024-02-27T13:02:24+00:00\",\"dateModified\":\"2024-02-27T13:03:33+00:00\",\"description\":\"Zur\u00fcck ins Jahr 2008. Wie wir ein paar Stunden sp\u00e4ter erfahren sollten und was in der sp\u00e4teren Dokumentation von Panagiotis Evaggelidis ausf\u00fchrlich\",\"breadcrumb\":{\"@id\":\"https:\/\/www.pressenza.com\/de\/2024\/02\/ein-wichtiger-schritt-zur-gleichstellung-gleichgeschlechtlicher-paare\/#breadcrumb\"},\"inLanguage\":\"de\",\"potentialAction\":[{\"@type\":\"ReadAction\",\"target\":[\"https:\/\/www.pressenza.com\/de\/2024\/02\/ein-wichtiger-schritt-zur-gleichstellung-gleichgeschlechtlicher-paare\/\"]}]},{\"@type\":\"ImageObject\",\"inLanguage\":\"de\",\"@id\":\"https:\/\/www.pressenza.com\/de\/2024\/02\/ein-wichtiger-schritt-zur-gleichstellung-gleichgeschlechtlicher-paare\/#primaryimage\",\"url\":\"https:\/\/www.pressenza.com\/wp-content\/uploads\/2024\/02\/hellenic-parliament-photo-marianella-kloka.jpg\",\"contentUrl\":\"https:\/\/www.pressenza.com\/wp-content\/uploads\/2024\/02\/hellenic-parliament-photo-marianella-kloka.jpg\",\"width\":2000,\"height\":1125,\"caption\":\"Members of the LGBTQ+ community have begun to rally in front of the Greek Parliament, where the bill on civil marriage equality is being debated and voted on.\"},{\"@type\":\"BreadcrumbList\",\"@id\":\"https:\/\/www.pressenza.com\/de\/2024\/02\/ein-wichtiger-schritt-zur-gleichstellung-gleichgeschlechtlicher-paare\/#breadcrumb\",\"itemListElement\":[{\"@type\":\"ListItem\",\"position\":1,\"name\":\"Accueil\",\"item\":\"https:\/\/www.pressenza.com\/de\/\"},{\"@type\":\"ListItem\",\"position\":2,\"name\":\"Ein wichtiger Schritt zur Gleichstellung gleichgeschlechtlicher Paare\"}]},{\"@type\":\"WebSite\",\"@id\":\"https:\/\/www.pressenza.com\/de\/#website\",\"url\":\"https:\/\/www.pressenza.com\/de\/\",\"name\":\"Pressenza\",\"description\":\"International Press Agency\",\"publisher\":{\"@id\":\"https:\/\/www.pressenza.com\/de\/#organization\"},\"potentialAction\":[{\"@type\":\"SearchAction\",\"target\":{\"@type\":\"EntryPoint\",\"urlTemplate\":\"https:\/\/www.pressenza.com\/de\/?s={search_term_string}\"},\"query-input\":{\"@type\":\"PropertyValueSpecification\",\"valueRequired\":true,\"valueName\":\"search_term_string\"}}],\"inLanguage\":\"de\"},{\"@type\":\"Organization\",\"@id\":\"https:\/\/www.pressenza.com\/de\/#organization\",\"name\":\"Pressenza\",\"url\":\"https:\/\/www.pressenza.com\/de\/\",\"logo\":{\"@type\":\"ImageObject\",\"inLanguage\":\"de\",\"@id\":\"https:\/\/www.pressenza.com\/de\/#\/schema\/logo\/image\/\",\"url\":\"https:\/\/www.pressenza.com\/wp-content\/uploads\/2022\/10\/pressenza_logo_200x200.jpg\",\"contentUrl\":\"https:\/\/www.pressenza.com\/wp-content\/uploads\/2022\/10\/pressenza_logo_200x200.jpg\",\"width\":200,\"height\":200,\"caption\":\"Pressenza\"},\"image\":{\"@id\":\"https:\/\/www.pressenza.com\/de\/#\/schema\/logo\/image\/\"},\"sameAs\":[\"https:\/\/www.facebook.com\/PressenzaItalia\",\"https:\/\/x.com\/PressenzaIPA\"]},{\"@type\":\"Person\",\"@id\":\"https:\/\/www.pressenza.com\/de\/#\/schema\/person\/2f6926fff5b90a0637b85437f24cbfe9\",\"name\":\"Marianella Kloka\",\"description\":\"Marianella Kloka is a 50 years old woman, living in Athens, Greece. She has been a member of the Humanist Movement since 1990 and she is a founding member of World without Wars and Violence in Greece. Currently she works as an advocacy officer for the NGO PRAKSIS. Politics, human rights, scripts, audiovisuals. Twitter: @MarianellaKloka | Facebook: marianella.kloka\",\"sameAs\":[\"https:\/\/www.facebook.com\/marianella.kloka?fref=ts\",\"https:\/\/x.com\/MarianellaKloka\"],\"url\":\"https:\/\/www.pressenza.com\/de\/author\/marianella-kloka\/\"}]}<\/script>\n<!-- \/ Yoast SEO plugin. -->","yoast_head_json":{"title":"Ein wichtiger Schritt zur Gleichstellung gleichgeschlechtlicher Paare","description":"Zur\u00fcck ins Jahr 2008. Wie wir ein paar Stunden sp\u00e4ter erfahren sollten und was in der sp\u00e4teren Dokumentation von Panagiotis Evaggelidis ausf\u00fchrlich","robots":{"index":"index","follow":"follow","max-snippet":"max-snippet:-1","max-image-preview":"max-image-preview:large","max-video-preview":"max-video-preview:-1"},"canonical":"https:\/\/www.pressenza.com\/de\/2024\/02\/ein-wichtiger-schritt-zur-gleichstellung-gleichgeschlechtlicher-paare\/","og_locale":"de_DE","og_type":"article","og_title":"Ein wichtiger Schritt zur Gleichstellung gleichgeschlechtlicher Paare","og_description":"Zur\u00fcck ins Jahr 2008. Wie wir ein paar Stunden sp\u00e4ter erfahren sollten und was in der sp\u00e4teren Dokumentation von Panagiotis Evaggelidis ausf\u00fchrlich","og_url":"https:\/\/www.pressenza.com\/de\/2024\/02\/ein-wichtiger-schritt-zur-gleichstellung-gleichgeschlechtlicher-paare\/","og_site_name":"Pressenza","article_publisher":"https:\/\/www.facebook.com\/PressenzaItalia","article_author":"https:\/\/www.facebook.com\/marianella.kloka?fref=ts","article_published_time":"2024-02-27T13:02:24+00:00","article_modified_time":"2024-02-27T13:03:33+00:00","og_image":[{"width":2000,"height":1125,"url":"https:\/\/www.pressenza.com\/wp-content\/uploads\/2024\/02\/hellenic-parliament-photo-marianella-kloka.jpg","type":"image\/jpeg"}],"author":"Marianella Kloka","twitter_card":"summary_large_image","twitter_creator":"@MarianellaKloka","twitter_site":"@PressenzaIPA","twitter_misc":{"Verfasst von":"Marianella Kloka","Gesch\u00e4tzte Lesezeit":"3\u00a0Minuten"},"schema":{"@context":"https:\/\/schema.org","@graph":[{"@type":"Article","@id":"https:\/\/www.pressenza.com\/de\/2024\/02\/ein-wichtiger-schritt-zur-gleichstellung-gleichgeschlechtlicher-paare\/#article","isPartOf":{"@id":"https:\/\/www.pressenza.com\/de\/2024\/02\/ein-wichtiger-schritt-zur-gleichstellung-gleichgeschlechtlicher-paare\/"},"author":{"name":"Marianella Kloka","@id":"https:\/\/www.pressenza.com\/de\/#\/schema\/person\/2f6926fff5b90a0637b85437f24cbfe9"},"headline":"Ein wichtiger Schritt zur Gleichstellung gleichgeschlechtlicher Paare","datePublished":"2024-02-27T13:02:24+00:00","dateModified":"2024-02-27T13:03:33+00:00","mainEntityOfPage":{"@id":"https:\/\/www.pressenza.com\/de\/2024\/02\/ein-wichtiger-schritt-zur-gleichstellung-gleichgeschlechtlicher-paare\/"},"wordCount":470,"publisher":{"@id":"https:\/\/www.pressenza.com\/de\/#organization"},"image":{"@id":"https:\/\/www.pressenza.com\/de\/2024\/02\/ein-wichtiger-schritt-zur-gleichstellung-gleichgeschlechtlicher-paare\/#primaryimage"},"thumbnailUrl":"https:\/\/www.pressenza.com\/wp-content\/uploads\/2024\/02\/hellenic-parliament-photo-marianella-kloka.jpg","keywords":["Gleichgeschlechtliche Ehe","Gleichgeschlechtliche Paare","Griechenland","Griechisches Parlament","LGBTQ+","Tasos Aliferis"],"articleSection":["Europa","Meinungen","Menschenrechte","Originalinhalt","Vielfalt"],"inLanguage":"de"},{"@type":"WebPage","@id":"https:\/\/www.pressenza.com\/de\/2024\/02\/ein-wichtiger-schritt-zur-gleichstellung-gleichgeschlechtlicher-paare\/","url":"https:\/\/www.pressenza.com\/de\/2024\/02\/ein-wichtiger-schritt-zur-gleichstellung-gleichgeschlechtlicher-paare\/","name":"Ein wichtiger Schritt zur Gleichstellung gleichgeschlechtlicher Paare","isPartOf":{"@id":"https:\/\/www.pressenza.com\/de\/#website"},"primaryImageOfPage":{"@id":"https:\/\/www.pressenza.com\/de\/2024\/02\/ein-wichtiger-schritt-zur-gleichstellung-gleichgeschlechtlicher-paare\/#primaryimage"},"image":{"@id":"https:\/\/www.pressenza.com\/de\/2024\/02\/ein-wichtiger-schritt-zur-gleichstellung-gleichgeschlechtlicher-paare\/#primaryimage"},"thumbnailUrl":"https:\/\/www.pressenza.com\/wp-content\/uploads\/2024\/02\/hellenic-parliament-photo-marianella-kloka.jpg","datePublished":"2024-02-27T13:02:24+00:00","dateModified":"2024-02-27T13:03:33+00:00","description":"Zur\u00fcck ins Jahr 2008. Wie wir ein paar Stunden sp\u00e4ter erfahren sollten und was in der sp\u00e4teren Dokumentation von Panagiotis Evaggelidis ausf\u00fchrlich","breadcrumb":{"@id":"https:\/\/www.pressenza.com\/de\/2024\/02\/ein-wichtiger-schritt-zur-gleichstellung-gleichgeschlechtlicher-paare\/#breadcrumb"},"inLanguage":"de","potentialAction":[{"@type":"ReadAction","target":["https:\/\/www.pressenza.com\/de\/2024\/02\/ein-wichtiger-schritt-zur-gleichstellung-gleichgeschlechtlicher-paare\/"]}]},{"@type":"ImageObject","inLanguage":"de","@id":"https:\/\/www.pressenza.com\/de\/2024\/02\/ein-wichtiger-schritt-zur-gleichstellung-gleichgeschlechtlicher-paare\/#primaryimage","url":"https:\/\/www.pressenza.com\/wp-content\/uploads\/2024\/02\/hellenic-parliament-photo-marianella-kloka.jpg","contentUrl":"https:\/\/www.pressenza.com\/wp-content\/uploads\/2024\/02\/hellenic-parliament-photo-marianella-kloka.jpg","width":2000,"height":1125,"caption":"Members of the LGBTQ+ community have begun to rally in front of the Greek Parliament, where the bill on civil marriage equality is being debated and voted on."},{"@type":"BreadcrumbList","@id":"https:\/\/www.pressenza.com\/de\/2024\/02\/ein-wichtiger-schritt-zur-gleichstellung-gleichgeschlechtlicher-paare\/#breadcrumb","itemListElement":[{"@type":"ListItem","position":1,"name":"Accueil","item":"https:\/\/www.pressenza.com\/de\/"},{"@type":"ListItem","position":2,"name":"Ein wichtiger Schritt zur Gleichstellung gleichgeschlechtlicher Paare"}]},{"@type":"WebSite","@id":"https:\/\/www.pressenza.com\/de\/#website","url":"https:\/\/www.pressenza.com\/de\/","name":"Pressenza","description":"International Press Agency","publisher":{"@id":"https:\/\/www.pressenza.com\/de\/#organization"},"potentialAction":[{"@type":"SearchAction","target":{"@type":"EntryPoint","urlTemplate":"https:\/\/www.pressenza.com\/de\/?s={search_term_string}"},"query-input":{"@type":"PropertyValueSpecification","valueRequired":true,"valueName":"search_term_string"}}],"inLanguage":"de"},{"@type":"Organization","@id":"https:\/\/www.pressenza.com\/de\/#organization","name":"Pressenza","url":"https:\/\/www.pressenza.com\/de\/","logo":{"@type":"ImageObject","inLanguage":"de","@id":"https:\/\/www.pressenza.com\/de\/#\/schema\/logo\/image\/","url":"https:\/\/www.pressenza.com\/wp-content\/uploads\/2022\/10\/pressenza_logo_200x200.jpg","contentUrl":"https:\/\/www.pressenza.com\/wp-content\/uploads\/2022\/10\/pressenza_logo_200x200.jpg","width":200,"height":200,"caption":"Pressenza"},"image":{"@id":"https:\/\/www.pressenza.com\/de\/#\/schema\/logo\/image\/"},"sameAs":["https:\/\/www.facebook.com\/PressenzaItalia","https:\/\/x.com\/PressenzaIPA"]},{"@type":"Person","@id":"https:\/\/www.pressenza.com\/de\/#\/schema\/person\/2f6926fff5b90a0637b85437f24cbfe9","name":"Marianella Kloka","description":"Marianella Kloka is a 50 years old woman, living in Athens, Greece. She has been a member of the Humanist Movement since 1990 and she is a founding member of World without Wars and Violence in Greece. Currently she works as an advocacy officer for the NGO PRAKSIS. Politics, human rights, scripts, audiovisuals. Twitter: @MarianellaKloka | Facebook: marianella.kloka","sameAs":["https:\/\/www.facebook.com\/marianella.kloka?fref=ts","https:\/\/x.com\/MarianellaKloka"],"url":"https:\/\/www.pressenza.com\/de\/author\/marianella-kloka\/"}]}},"place":"","original_article_url":"","_links":{"self":[{"href":"https:\/\/www.pressenza.com\/de\/wp-json\/wp\/v2\/posts\/1828389","targetHints":{"allow":["GET"]}}],"collection":[{"href":"https:\/\/www.pressenza.com\/de\/wp-json\/wp\/v2\/posts"}],"about":[{"href":"https:\/\/www.pressenza.com\/de\/wp-json\/wp\/v2\/types\/post"}],"author":[{"embeddable":true,"href":"https:\/\/www.pressenza.com\/de\/wp-json\/wp\/v2\/users\/1203"}],"replies":[{"embeddable":true,"href":"https:\/\/www.pressenza.com\/de\/wp-json\/wp\/v2\/comments?post=1828389"}],"version-history":[{"count":0,"href":"https:\/\/www.pressenza.com\/de\/wp-json\/wp\/v2\/posts\/1828389\/revisions"}],"wp:featuredmedia":[{"embeddable":true,"href":"https:\/\/www.pressenza.com\/de\/wp-json\/wp\/v2\/media\/1828390"}],"wp:attachment":[{"href":"https:\/\/www.pressenza.com\/de\/wp-json\/wp\/v2\/media?parent=1828389"}],"wp:term":[{"taxonomy":"category","embeddable":true,"href":"https:\/\/www.pressenza.com\/de\/wp-json\/wp\/v2\/categories?post=1828389"},{"taxonomy":"post_tag","embeddable":true,"href":"https:\/\/www.pressenza.com\/de\/wp-json\/wp\/v2\/tags?post=1828389"}],"curies":[{"name":"wp","href":"https:\/\/api.w.org\/{rel}","templated":true}]}}