{"id":1794904,"date":"2024-01-24T16:18:07","date_gmt":"2024-01-24T16:18:07","guid":{"rendered":"https:\/\/www.pressenza.com\/?p=1794904"},"modified":"2024-01-24T16:18:07","modified_gmt":"2024-01-24T16:18:07","slug":"lateinamerika-wie-ecuador-vom-zweitsichersten-land-zum-kokain-exporteur-fuer-europa-wurde","status":"publish","type":"post","link":"https:\/\/www.pressenza.com\/de\/2024\/01\/lateinamerika-wie-ecuador-vom-zweitsichersten-land-zum-kokain-exporteur-fuer-europa-wurde\/","title":{"rendered":"Lateinamerika: Wie Ecuador vom zweitsichersten Land zum Kokain-Exporteur f\u00fcr Europa wurde"},"content":{"rendered":"<p><strong>Seit Mitte Januar befindet sich Ecuador nach einem Dekret des Pr\u00e4sidenten in einem bewaffneten internen Konflikt. Ausl\u00f6ser war eine Welle massiver organisierter und koordinierter Gewalt durch verschiedene kriminelle Gruppen. Unser Land erlebt seither sogar die schwerste Gewaltwelle in seiner Geschichte.<\/strong><\/p>\n<h3><strong>Hintergr\u00fcnde des bewaffneten Konflikts<\/strong><\/h3>\n<p>Diese Gewalt \u00e4u\u00dferte sich in einer Reihe von Morden, Bombenanschl\u00e4gen, Brandanschl\u00e4gen auf Fahrzeuge, der Flucht gef\u00e4hrlicher H\u00e4ftlinge, der Meuterei von H\u00e4ftlingen in Gef\u00e4ngnissen, der Entf\u00fchrung von Hunderten von Gef\u00e4ngnisdirektoren und sogar dem Angriff auf den staatlichen Fernsehsender TC in Guayaquil mit dem einhergehenden Kidnapping mehrerer Journalisten.<\/p>\n<p>Zur Eskalation kam es gleichzeitig in mehreren St\u00e4dten. Es kam zur Panik in der Bev\u00f6lkerung, der Schlie\u00dfung von Gesch\u00e4ften aller Art, der Einstellung des \u00f6ffentlichen Verkehrs und aller Aktivit\u00e4ten des Bildungswesens.<\/p>\n<h3><strong>Probleme im ecuadorianischen Haftsystem<\/strong><\/h3>\n<p>Am Anfang der verheerenden Kettenreaktion soll der Versuch gestanden haben, zwei Anf\u00fchrer der gef\u00e4hrlichsten Banden des Landes in andere Gef\u00e4ngnisse zu verlegen. Einer von ihnen verschwand buchst\u00e4blich aus dem Gef\u00e4ngnis \u2013 und das nur wenige Tage vor dem Ausbruch der Unruhen. Schon dieses Detail zeigt die absolute Schw\u00e4che des Staates bei der Kontrolle illegaler Aktivit\u00e4ten innerhalb seiner Haftanstalten.<\/p>\n<p>All das ist die Folge eines mehrj\u00e4hrigen Abbaus sowohl der institutionellen als auch der staatlichen Kapazit\u00e4ten durch die Anwendung neoliberaler Konzepte. Die Gestaltung und Umsetzung der Sozialpolitik wurde durch drastische K\u00fcrzungen der zuvor bestehenden Betriebsbudgets geschw\u00e4cht, insbesondere w\u00e4hrend der Covid-19-Pandemie und in der Zeit danach.<\/p>\n<h3><strong>Wirtschaftliche Herausforderungen in Ecuador<\/strong><\/h3>\n<p>Nachhaltige wirtschaftliche Aktivit\u00e4ten im Bereich der Kleinen und Mittleren Unternehmen wurden zerst\u00f6rte und die Arbeitslosigkeit in die H\u00f6he getrieben.<\/p>\n<p>Seit 2020 hat sich die Wirtschaft nicht von dem R\u00fcckgang des Bruttoinlandsproduktes (BIP) um 7,8 Prozent erholt, w\u00e4hrend die extreme Armut von 8,9 Prozent auf 10,7 Prozent angestiegen ist.<\/p>\n<p><strong><em><span style=\"color: #ff0000;\"><a style=\"color: #ff0000;\" href=\"https:\/\/www.telepolis.de\/features\/Lateinamerika-Wie-Ecuador-vom-zweitsichersten-Land-zum-Kokain-Exporteur-fuer-Europa-wurde-9599225.html\" target=\"_blank\" rel=\"noopener\">Weiterlesen bei Telepolis&#8230;<\/a><\/span><\/em><\/strong><\/p>\n","protected":false},"excerpt":{"rendered":"<p>Seit Mitte Januar befindet sich Ecuador nach einem Dekret des Pr\u00e4sidenten in einem bewaffneten internen Konflikt. Ausl\u00f6ser war eine Welle massiver organisierter und koordinierter Gewalt durch verschiedene kriminelle Gruppen. Unser Land erlebt seither sogar die schwerste Gewaltwelle in seiner Geschichte.&hellip;<\/p>\n","protected":false},"author":1607,"featured_media":1794911,"comment_status":"closed","ping_status":"closed","sticky":false,"template":"","format":"standard","meta":{"footnotes":""},"categories":[9168,9154],"tags":[89938,10053],"class_list":["post-1794904","post","type-post","status-publish","format-standard","has-post-thumbnail","hentry","category-politik","category-suedamerika","tag-drogenhandel","tag-ecuador-de"],"yoast_head":"<!-- This site is optimized with the Yoast SEO plugin v27.1.1 - https:\/\/yoast.com\/product\/yoast-seo-wordpress\/ -->\n<title>Lateinamerika: Wie Ecuador vom zweitsichersten Land zum Kokain-Exporteur f\u00fcr Europa wurde<\/title>\n<meta name=\"description\" content=\"Seit Mitte Januar befindet sich Ecuador nach einem Dekret des Pr\u00e4sidenten in einem bewaffneten internen Konflikt. Ausl\u00f6ser war eine Welle massiver\" \/>\n<meta name=\"robots\" content=\"index, follow, max-snippet:-1, max-image-preview:large, max-video-preview:-1\" \/>\n<link rel=\"canonical\" href=\"https:\/\/www.pressenza.com\/de\/2024\/01\/lateinamerika-wie-ecuador-vom-zweitsichersten-land-zum-kokain-exporteur-fuer-europa-wurde\/\" \/>\n<meta property=\"og:locale\" content=\"de_DE\" \/>\n<meta property=\"og:type\" content=\"article\" \/>\n<meta property=\"og:title\" content=\"Lateinamerika: Wie Ecuador vom zweitsichersten Land zum Kokain-Exporteur f\u00fcr Europa wurde\" \/>\n<meta property=\"og:description\" content=\"Seit Mitte Januar befindet sich Ecuador nach einem Dekret des Pr\u00e4sidenten in einem bewaffneten internen Konflikt. Ausl\u00f6ser war eine Welle massiver\" \/>\n<meta property=\"og:url\" content=\"https:\/\/www.pressenza.com\/de\/2024\/01\/lateinamerika-wie-ecuador-vom-zweitsichersten-land-zum-kokain-exporteur-fuer-europa-wurde\/\" \/>\n<meta property=\"og:site_name\" content=\"Pressenza\" \/>\n<meta property=\"article:publisher\" content=\"https:\/\/www.facebook.com\/PressenzaItalia\" \/>\n<meta property=\"article:published_time\" content=\"2024-01-24T16:18:07+00:00\" \/>\n<meta property=\"og:image\" content=\"https:\/\/www.pressenza.com\/wp-content\/uploads\/2024\/01\/IMG-20240109-WA0035-1-820x546-1.jpg\" \/>\n\t<meta property=\"og:image:width\" content=\"820\" \/>\n\t<meta property=\"og:image:height\" content=\"546\" \/>\n\t<meta property=\"og:image:type\" content=\"image\/jpeg\" \/>\n<meta name=\"author\" content=\"Jorge Jurado\" \/>\n<meta name=\"twitter:card\" content=\"summary_large_image\" \/>\n<meta name=\"twitter:creator\" content=\"@PressenzaIPA\" \/>\n<meta name=\"twitter:site\" content=\"@PressenzaIPA\" \/>\n<meta name=\"twitter:label1\" content=\"Verfasst von\" \/>\n\t<meta name=\"twitter:data1\" content=\"Jorge Jurado\" \/>\n\t<meta name=\"twitter:label2\" content=\"Gesch\u00e4tzte Lesezeit\" \/>\n\t<meta name=\"twitter:data2\" content=\"2\u00a0Minuten\" \/>\n<script type=\"application\/ld+json\" class=\"yoast-schema-graph\">{\"@context\":\"https:\/\/schema.org\",\"@graph\":[{\"@type\":\"Article\",\"@id\":\"https:\/\/www.pressenza.com\/de\/2024\/01\/lateinamerika-wie-ecuador-vom-zweitsichersten-land-zum-kokain-exporteur-fuer-europa-wurde\/#article\",\"isPartOf\":{\"@id\":\"https:\/\/www.pressenza.com\/de\/2024\/01\/lateinamerika-wie-ecuador-vom-zweitsichersten-land-zum-kokain-exporteur-fuer-europa-wurde\/\"},\"author\":{\"name\":\"Jorge Jurado\",\"@id\":\"https:\/\/www.pressenza.com\/de\/#\/schema\/person\/4a1877100d30581bb026c5b5daf60248\"},\"headline\":\"Lateinamerika: Wie Ecuador vom zweitsichersten Land zum Kokain-Exporteur f\u00fcr Europa wurde\",\"datePublished\":\"2024-01-24T16:18:07+00:00\",\"mainEntityOfPage\":{\"@id\":\"https:\/\/www.pressenza.com\/de\/2024\/01\/lateinamerika-wie-ecuador-vom-zweitsichersten-land-zum-kokain-exporteur-fuer-europa-wurde\/\"},\"wordCount\":325,\"publisher\":{\"@id\":\"https:\/\/www.pressenza.com\/de\/#organization\"},\"image\":{\"@id\":\"https:\/\/www.pressenza.com\/de\/2024\/01\/lateinamerika-wie-ecuador-vom-zweitsichersten-land-zum-kokain-exporteur-fuer-europa-wurde\/#primaryimage\"},\"thumbnailUrl\":\"https:\/\/www.pressenza.com\/wp-content\/uploads\/2024\/01\/IMG-20240109-WA0035-1-820x546-1.jpg\",\"keywords\":[\"Drogenhandel\",\"Ecuador\"],\"articleSection\":[\"Politik\",\"S\u00fcdamerika\"],\"inLanguage\":\"de\"},{\"@type\":\"WebPage\",\"@id\":\"https:\/\/www.pressenza.com\/de\/2024\/01\/lateinamerika-wie-ecuador-vom-zweitsichersten-land-zum-kokain-exporteur-fuer-europa-wurde\/\",\"url\":\"https:\/\/www.pressenza.com\/de\/2024\/01\/lateinamerika-wie-ecuador-vom-zweitsichersten-land-zum-kokain-exporteur-fuer-europa-wurde\/\",\"name\":\"Lateinamerika: Wie Ecuador vom zweitsichersten Land zum Kokain-Exporteur f\u00fcr Europa wurde\",\"isPartOf\":{\"@id\":\"https:\/\/www.pressenza.com\/de\/#website\"},\"primaryImageOfPage\":{\"@id\":\"https:\/\/www.pressenza.com\/de\/2024\/01\/lateinamerika-wie-ecuador-vom-zweitsichersten-land-zum-kokain-exporteur-fuer-europa-wurde\/#primaryimage\"},\"image\":{\"@id\":\"https:\/\/www.pressenza.com\/de\/2024\/01\/lateinamerika-wie-ecuador-vom-zweitsichersten-land-zum-kokain-exporteur-fuer-europa-wurde\/#primaryimage\"},\"thumbnailUrl\":\"https:\/\/www.pressenza.com\/wp-content\/uploads\/2024\/01\/IMG-20240109-WA0035-1-820x546-1.jpg\",\"datePublished\":\"2024-01-24T16:18:07+00:00\",\"description\":\"Seit Mitte Januar befindet sich Ecuador nach einem Dekret des Pr\u00e4sidenten in einem bewaffneten internen Konflikt. Ausl\u00f6ser war eine Welle massiver\",\"breadcrumb\":{\"@id\":\"https:\/\/www.pressenza.com\/de\/2024\/01\/lateinamerika-wie-ecuador-vom-zweitsichersten-land-zum-kokain-exporteur-fuer-europa-wurde\/#breadcrumb\"},\"inLanguage\":\"de\",\"potentialAction\":[{\"@type\":\"ReadAction\",\"target\":[\"https:\/\/www.pressenza.com\/de\/2024\/01\/lateinamerika-wie-ecuador-vom-zweitsichersten-land-zum-kokain-exporteur-fuer-europa-wurde\/\"]}]},{\"@type\":\"ImageObject\",\"inLanguage\":\"de\",\"@id\":\"https:\/\/www.pressenza.com\/de\/2024\/01\/lateinamerika-wie-ecuador-vom-zweitsichersten-land-zum-kokain-exporteur-fuer-europa-wurde\/#primaryimage\",\"url\":\"https:\/\/www.pressenza.com\/wp-content\/uploads\/2024\/01\/IMG-20240109-WA0035-1-820x546-1.jpg\",\"contentUrl\":\"https:\/\/www.pressenza.com\/wp-content\/uploads\/2024\/01\/IMG-20240109-WA0035-1-820x546-1.jpg\",\"width\":820,\"height\":546},{\"@type\":\"BreadcrumbList\",\"@id\":\"https:\/\/www.pressenza.com\/de\/2024\/01\/lateinamerika-wie-ecuador-vom-zweitsichersten-land-zum-kokain-exporteur-fuer-europa-wurde\/#breadcrumb\",\"itemListElement\":[{\"@type\":\"ListItem\",\"position\":1,\"name\":\"Accueil\",\"item\":\"https:\/\/www.pressenza.com\/de\/\"},{\"@type\":\"ListItem\",\"position\":2,\"name\":\"Lateinamerika: Wie Ecuador vom zweitsichersten Land zum Kokain-Exporteur f\u00fcr Europa wurde\"}]},{\"@type\":\"WebSite\",\"@id\":\"https:\/\/www.pressenza.com\/de\/#website\",\"url\":\"https:\/\/www.pressenza.com\/de\/\",\"name\":\"Pressenza\",\"description\":\"International Press Agency\",\"publisher\":{\"@id\":\"https:\/\/www.pressenza.com\/de\/#organization\"},\"potentialAction\":[{\"@type\":\"SearchAction\",\"target\":{\"@type\":\"EntryPoint\",\"urlTemplate\":\"https:\/\/www.pressenza.com\/de\/?s={search_term_string}\"},\"query-input\":{\"@type\":\"PropertyValueSpecification\",\"valueRequired\":true,\"valueName\":\"search_term_string\"}}],\"inLanguage\":\"de\"},{\"@type\":\"Organization\",\"@id\":\"https:\/\/www.pressenza.com\/de\/#organization\",\"name\":\"Pressenza\",\"url\":\"https:\/\/www.pressenza.com\/de\/\",\"logo\":{\"@type\":\"ImageObject\",\"inLanguage\":\"de\",\"@id\":\"https:\/\/www.pressenza.com\/de\/#\/schema\/logo\/image\/\",\"url\":\"https:\/\/www.pressenza.com\/wp-content\/uploads\/2022\/10\/pressenza_logo_200x200.jpg\",\"contentUrl\":\"https:\/\/www.pressenza.com\/wp-content\/uploads\/2022\/10\/pressenza_logo_200x200.jpg\",\"width\":200,\"height\":200,\"caption\":\"Pressenza\"},\"image\":{\"@id\":\"https:\/\/www.pressenza.com\/de\/#\/schema\/logo\/image\/\"},\"sameAs\":[\"https:\/\/www.facebook.com\/PressenzaItalia\",\"https:\/\/x.com\/PressenzaIPA\"]},{\"@type\":\"Person\",\"@id\":\"https:\/\/www.pressenza.com\/de\/#\/schema\/person\/4a1877100d30581bb026c5b5daf60248\",\"name\":\"Jorge Jurado\",\"description\":\"Jorge Jurado was Ambassador of the Republic of Ecuador in Berlin from 2011 to 2016. Previously, he was Minister of Water, Secretary of State for Mines and Director of Environmental Affairs of the Municipality of Quito. Until 2004, Jorge Jurado was a professor at the University of San Francisco in Quito and at the Latin American Faculty of Social Sciences on various environmental issues. He had studied energy technology and process engineering at the Technical University of Berlin.\",\"url\":\"https:\/\/www.pressenza.com\/de\/author\/jorge-jurado\/\"}]}<\/script>\n<!-- \/ Yoast SEO plugin. -->","yoast_head_json":{"title":"Lateinamerika: Wie Ecuador vom zweitsichersten Land zum Kokain-Exporteur f\u00fcr Europa wurde","description":"Seit Mitte Januar befindet sich Ecuador nach einem Dekret des Pr\u00e4sidenten in einem bewaffneten internen Konflikt. Ausl\u00f6ser war eine Welle massiver","robots":{"index":"index","follow":"follow","max-snippet":"max-snippet:-1","max-image-preview":"max-image-preview:large","max-video-preview":"max-video-preview:-1"},"canonical":"https:\/\/www.pressenza.com\/de\/2024\/01\/lateinamerika-wie-ecuador-vom-zweitsichersten-land-zum-kokain-exporteur-fuer-europa-wurde\/","og_locale":"de_DE","og_type":"article","og_title":"Lateinamerika: Wie Ecuador vom zweitsichersten Land zum Kokain-Exporteur f\u00fcr Europa wurde","og_description":"Seit Mitte Januar befindet sich Ecuador nach einem Dekret des Pr\u00e4sidenten in einem bewaffneten internen Konflikt. Ausl\u00f6ser war eine Welle massiver","og_url":"https:\/\/www.pressenza.com\/de\/2024\/01\/lateinamerika-wie-ecuador-vom-zweitsichersten-land-zum-kokain-exporteur-fuer-europa-wurde\/","og_site_name":"Pressenza","article_publisher":"https:\/\/www.facebook.com\/PressenzaItalia","article_published_time":"2024-01-24T16:18:07+00:00","og_image":[{"width":820,"height":546,"url":"https:\/\/www.pressenza.com\/wp-content\/uploads\/2024\/01\/IMG-20240109-WA0035-1-820x546-1.jpg","type":"image\/jpeg"}],"author":"Jorge Jurado","twitter_card":"summary_large_image","twitter_creator":"@PressenzaIPA","twitter_site":"@PressenzaIPA","twitter_misc":{"Verfasst von":"Jorge Jurado","Gesch\u00e4tzte Lesezeit":"2\u00a0Minuten"},"schema":{"@context":"https:\/\/schema.org","@graph":[{"@type":"Article","@id":"https:\/\/www.pressenza.com\/de\/2024\/01\/lateinamerika-wie-ecuador-vom-zweitsichersten-land-zum-kokain-exporteur-fuer-europa-wurde\/#article","isPartOf":{"@id":"https:\/\/www.pressenza.com\/de\/2024\/01\/lateinamerika-wie-ecuador-vom-zweitsichersten-land-zum-kokain-exporteur-fuer-europa-wurde\/"},"author":{"name":"Jorge Jurado","@id":"https:\/\/www.pressenza.com\/de\/#\/schema\/person\/4a1877100d30581bb026c5b5daf60248"},"headline":"Lateinamerika: Wie Ecuador vom zweitsichersten Land zum Kokain-Exporteur f\u00fcr Europa wurde","datePublished":"2024-01-24T16:18:07+00:00","mainEntityOfPage":{"@id":"https:\/\/www.pressenza.com\/de\/2024\/01\/lateinamerika-wie-ecuador-vom-zweitsichersten-land-zum-kokain-exporteur-fuer-europa-wurde\/"},"wordCount":325,"publisher":{"@id":"https:\/\/www.pressenza.com\/de\/#organization"},"image":{"@id":"https:\/\/www.pressenza.com\/de\/2024\/01\/lateinamerika-wie-ecuador-vom-zweitsichersten-land-zum-kokain-exporteur-fuer-europa-wurde\/#primaryimage"},"thumbnailUrl":"https:\/\/www.pressenza.com\/wp-content\/uploads\/2024\/01\/IMG-20240109-WA0035-1-820x546-1.jpg","keywords":["Drogenhandel","Ecuador"],"articleSection":["Politik","S\u00fcdamerika"],"inLanguage":"de"},{"@type":"WebPage","@id":"https:\/\/www.pressenza.com\/de\/2024\/01\/lateinamerika-wie-ecuador-vom-zweitsichersten-land-zum-kokain-exporteur-fuer-europa-wurde\/","url":"https:\/\/www.pressenza.com\/de\/2024\/01\/lateinamerika-wie-ecuador-vom-zweitsichersten-land-zum-kokain-exporteur-fuer-europa-wurde\/","name":"Lateinamerika: Wie Ecuador vom zweitsichersten Land zum Kokain-Exporteur f\u00fcr Europa wurde","isPartOf":{"@id":"https:\/\/www.pressenza.com\/de\/#website"},"primaryImageOfPage":{"@id":"https:\/\/www.pressenza.com\/de\/2024\/01\/lateinamerika-wie-ecuador-vom-zweitsichersten-land-zum-kokain-exporteur-fuer-europa-wurde\/#primaryimage"},"image":{"@id":"https:\/\/www.pressenza.com\/de\/2024\/01\/lateinamerika-wie-ecuador-vom-zweitsichersten-land-zum-kokain-exporteur-fuer-europa-wurde\/#primaryimage"},"thumbnailUrl":"https:\/\/www.pressenza.com\/wp-content\/uploads\/2024\/01\/IMG-20240109-WA0035-1-820x546-1.jpg","datePublished":"2024-01-24T16:18:07+00:00","description":"Seit Mitte Januar befindet sich Ecuador nach einem Dekret des Pr\u00e4sidenten in einem bewaffneten internen Konflikt. Ausl\u00f6ser war eine Welle massiver","breadcrumb":{"@id":"https:\/\/www.pressenza.com\/de\/2024\/01\/lateinamerika-wie-ecuador-vom-zweitsichersten-land-zum-kokain-exporteur-fuer-europa-wurde\/#breadcrumb"},"inLanguage":"de","potentialAction":[{"@type":"ReadAction","target":["https:\/\/www.pressenza.com\/de\/2024\/01\/lateinamerika-wie-ecuador-vom-zweitsichersten-land-zum-kokain-exporteur-fuer-europa-wurde\/"]}]},{"@type":"ImageObject","inLanguage":"de","@id":"https:\/\/www.pressenza.com\/de\/2024\/01\/lateinamerika-wie-ecuador-vom-zweitsichersten-land-zum-kokain-exporteur-fuer-europa-wurde\/#primaryimage","url":"https:\/\/www.pressenza.com\/wp-content\/uploads\/2024\/01\/IMG-20240109-WA0035-1-820x546-1.jpg","contentUrl":"https:\/\/www.pressenza.com\/wp-content\/uploads\/2024\/01\/IMG-20240109-WA0035-1-820x546-1.jpg","width":820,"height":546},{"@type":"BreadcrumbList","@id":"https:\/\/www.pressenza.com\/de\/2024\/01\/lateinamerika-wie-ecuador-vom-zweitsichersten-land-zum-kokain-exporteur-fuer-europa-wurde\/#breadcrumb","itemListElement":[{"@type":"ListItem","position":1,"name":"Accueil","item":"https:\/\/www.pressenza.com\/de\/"},{"@type":"ListItem","position":2,"name":"Lateinamerika: Wie Ecuador vom zweitsichersten Land zum Kokain-Exporteur f\u00fcr Europa wurde"}]},{"@type":"WebSite","@id":"https:\/\/www.pressenza.com\/de\/#website","url":"https:\/\/www.pressenza.com\/de\/","name":"Pressenza","description":"International Press Agency","publisher":{"@id":"https:\/\/www.pressenza.com\/de\/#organization"},"potentialAction":[{"@type":"SearchAction","target":{"@type":"EntryPoint","urlTemplate":"https:\/\/www.pressenza.com\/de\/?s={search_term_string}"},"query-input":{"@type":"PropertyValueSpecification","valueRequired":true,"valueName":"search_term_string"}}],"inLanguage":"de"},{"@type":"Organization","@id":"https:\/\/www.pressenza.com\/de\/#organization","name":"Pressenza","url":"https:\/\/www.pressenza.com\/de\/","logo":{"@type":"ImageObject","inLanguage":"de","@id":"https:\/\/www.pressenza.com\/de\/#\/schema\/logo\/image\/","url":"https:\/\/www.pressenza.com\/wp-content\/uploads\/2022\/10\/pressenza_logo_200x200.jpg","contentUrl":"https:\/\/www.pressenza.com\/wp-content\/uploads\/2022\/10\/pressenza_logo_200x200.jpg","width":200,"height":200,"caption":"Pressenza"},"image":{"@id":"https:\/\/www.pressenza.com\/de\/#\/schema\/logo\/image\/"},"sameAs":["https:\/\/www.facebook.com\/PressenzaItalia","https:\/\/x.com\/PressenzaIPA"]},{"@type":"Person","@id":"https:\/\/www.pressenza.com\/de\/#\/schema\/person\/4a1877100d30581bb026c5b5daf60248","name":"Jorge Jurado","description":"Jorge Jurado was Ambassador of the Republic of Ecuador in Berlin from 2011 to 2016. Previously, he was Minister of Water, Secretary of State for Mines and Director of Environmental Affairs of the Municipality of Quito. Until 2004, Jorge Jurado was a professor at the University of San Francisco in Quito and at the Latin American Faculty of Social Sciences on various environmental issues. He had studied energy technology and process engineering at the Technical University of Berlin.","url":"https:\/\/www.pressenza.com\/de\/author\/jorge-jurado\/"}]}},"place":"","original_article_url":"https:\/\/www.telepolis.de\/features\/Lateinamerika-Wie-Ecuador-vom-zweitsichersten-Land-zum-Kokain-Exporteur-fuer-Europa-wurde-9599225.html","_links":{"self":[{"href":"https:\/\/www.pressenza.com\/de\/wp-json\/wp\/v2\/posts\/1794904","targetHints":{"allow":["GET"]}}],"collection":[{"href":"https:\/\/www.pressenza.com\/de\/wp-json\/wp\/v2\/posts"}],"about":[{"href":"https:\/\/www.pressenza.com\/de\/wp-json\/wp\/v2\/types\/post"}],"author":[{"embeddable":true,"href":"https:\/\/www.pressenza.com\/de\/wp-json\/wp\/v2\/users\/1607"}],"replies":[{"embeddable":true,"href":"https:\/\/www.pressenza.com\/de\/wp-json\/wp\/v2\/comments?post=1794904"}],"version-history":[{"count":0,"href":"https:\/\/www.pressenza.com\/de\/wp-json\/wp\/v2\/posts\/1794904\/revisions"}],"wp:featuredmedia":[{"embeddable":true,"href":"https:\/\/www.pressenza.com\/de\/wp-json\/wp\/v2\/media\/1794911"}],"wp:attachment":[{"href":"https:\/\/www.pressenza.com\/de\/wp-json\/wp\/v2\/media?parent=1794904"}],"wp:term":[{"taxonomy":"category","embeddable":true,"href":"https:\/\/www.pressenza.com\/de\/wp-json\/wp\/v2\/categories?post=1794904"},{"taxonomy":"post_tag","embeddable":true,"href":"https:\/\/www.pressenza.com\/de\/wp-json\/wp\/v2\/tags?post=1794904"}],"curies":[{"name":"wp","href":"https:\/\/api.w.org\/{rel}","templated":true}]}}